{"id":6134,"date":"2022-03-09T13:14:41","date_gmt":"2022-03-09T19:14:41","guid":{"rendered":"https:\/\/redamlo.com\/?p=6134"},"modified":"2022-03-09T13:14:41","modified_gmt":"2022-03-09T19:14:41","slug":"en-el-pais-no-habra-alzas-en-combustibles-y-luz-amlo","status":"publish","type":"post","link":"https:\/\/redamlo.com\/index.php\/2022\/03\/09\/en-el-pais-no-habra-alzas-en-combustibles-y-luz-amlo\/","title":{"rendered":"En el pa\u00eds no habr\u00e1 alzas en combustibles y luz: AMLO"},"content":{"rendered":"<p><strong>Realidades,\u00a0<em>Ciudad de M\u00e9xico.<\/em>\u00a0Frente al desequilibrio en el valor mundial del petr\u00f3leo por el conflicto militar, el presidente Andr\u00e9s Manuel L\u00f3pez Obrador asegur\u00f3: \u201cque sepan todos los mexicanos que no vamos a tener problemas de aumentos de precios en combustibles ni en energ\u00eda el\u00e9ctrica, a pesar de la invasi\u00f3n y de la guerra en Ucrania. Nosotros no vamos a aumentar los precios de las gasolinas ni del di\u00e9sel ni de la luz, para que estemos tranquilos por eso\u201d.<\/strong><\/p>\n<p>Explic\u00f3 que los excedentes que obtiene el pa\u00eds por el incremento del precio del crudo se usan para compensar los subsidios que ha aplicado su administraci\u00f3n en semanas recientes a los combustibles. As\u00ed, adem\u00e1s, se controla la inflaci\u00f3n. Agreg\u00f3 que por ley, parte del excedente se destina a los estados.<\/p>\n<p>Reiter\u00f3 que \u201cesto no lo deseamos, porque s\u00ed afecta a las econom\u00edas del mundo, no olvidemos que no todos los pa\u00edses tienen petr\u00f3leo, tienen petr\u00f3leo 20 pa\u00edses en el mundo; entonces, nosotros tenemos la dicha, la fortuna de contar con petr\u00f3leo\u201d.<\/p>\n<figure class=\"wp-block-image size-large\"><img decoding=\"async\" class=\"wp-image-41487\" src=\"https:\/\/realidadesqroo.files.wordpress.com\/2022\/03\/image-124.png?w=1024\" sizes=\"(max-width: 1024px) 100vw, 1024px\" srcset=\"https:\/\/realidadesqroo.files.wordpress.com\/2022\/03\/image-124.png?w=1024 1024w, https:\/\/realidadesqroo.files.wordpress.com\/2022\/03\/image-124.png?w=150 150w, https:\/\/realidadesqroo.files.wordpress.com\/2022\/03\/image-124.png?w=300 300w, https:\/\/realidadesqroo.files.wordpress.com\/2022\/03\/image-124.png?w=768 768w, https:\/\/realidadesqroo.files.wordpress.com\/2022\/03\/image-124.png 1117w\" alt=\"\" data-attachment-id=\"41487\" data-permalink=\"https:\/\/realidadesquintanaroo.org\/image-124-4\/\" data-orig-file=\"https:\/\/realidadesqroo.files.wordpress.com\/2022\/03\/image-124.png\" data-orig-size=\"1117,744\" data-comments-opened=\"1\" data-image-meta=\"{&quot;aperture&quot;:&quot;0&quot;,&quot;credit&quot;:&quot;&quot;,&quot;camera&quot;:&quot;&quot;,&quot;caption&quot;:&quot;&quot;,&quot;created_timestamp&quot;:&quot;0&quot;,&quot;copyright&quot;:&quot;&quot;,&quot;focal_length&quot;:&quot;0&quot;,&quot;iso&quot;:&quot;0&quot;,&quot;shutter_speed&quot;:&quot;0&quot;,&quot;title&quot;:&quot;&quot;,&quot;orientation&quot;:&quot;0&quot;}\" data-image-title=\"image-124\" data-image-description=\"\" data-image-caption=\"\" data-medium-file=\"https:\/\/realidadesqroo.files.wordpress.com\/2022\/03\/image-124.png?w=300\" data-large-file=\"https:\/\/realidadesqroo.files.wordpress.com\/2022\/03\/image-124.png?w=720\" \/><figcaption>El presidente de M\u00e9xico, Andr\u00e9s Manuel L\u00f3pez Obrador, durante su conferencia matutina en Palacio Nacional, en la Ciudad de M\u00e9xico, el 8 de marzo de 2022.\u00a0Foto\u00a0<strong>Roberto Garc\u00eda Ortiz<\/strong><\/figcaption><\/figure>\n<p>El Presidente se\u00f1al\u00f3 que actualmente la mezcla mexicana est\u00e1 en 119 d\u00f3lares por barril, pero se estima que podr\u00eda elevarse hasta 200 d\u00f3lares de mantenerse el conflicto en Europa. Explic\u00f3 que gracias a la rehabilitaci\u00f3n de refiner\u00edas y la compra de una m\u00e1s en Estados Unidos se han reducido en 45 por ciento las importaciones de gasolina.<\/p>\n<p>No obstante, recalc\u00f3 que \u201cen Europa est\u00e1n padeciendo mucho por el aumento en los precios, del gas y de la energ\u00eda el\u00e9ctrica, mucho, mucho\u201d, por lo que insisti\u00f3 en la necesidad de apoyar la reforma el\u00e9ctrica que propuso al Congreso.<\/p>\n<p>En el caso del gas, expuso que M\u00e9xico tiene una \u201cdependencia\u201d de lo que produce Texas, pero por el momento no se han registrado aumentos de precio. De irse el costo del gas texano a las nubes, \u201cya tenemos un plan para utilizar otras materias primas y generar energ\u00eda el\u00e9ctrica sin aumentar el precio al consumidor\u201d.<\/p>\n<figure class=\"wp-block-image size-large\"><img decoding=\"async\" class=\"wp-image-41490\" src=\"https:\/\/realidadesqroo.files.wordpress.com\/2022\/03\/image-125.png?w=862\" sizes=\"(max-width: 862px) 100vw, 862px\" srcset=\"https:\/\/realidadesqroo.files.wordpress.com\/2022\/03\/image-125.png 862w, https:\/\/realidadesqroo.files.wordpress.com\/2022\/03\/image-125.png?w=150 150w, https:\/\/realidadesqroo.files.wordpress.com\/2022\/03\/image-125.png?w=300 300w, https:\/\/realidadesqroo.files.wordpress.com\/2022\/03\/image-125.png?w=768 768w\" alt=\"\" data-attachment-id=\"41490\" data-permalink=\"https:\/\/realidadesquintanaroo.org\/image-125-4\/\" data-orig-file=\"https:\/\/realidadesqroo.files.wordpress.com\/2022\/03\/image-125.png\" data-orig-size=\"862,485\" data-comments-opened=\"1\" data-image-meta=\"{&quot;aperture&quot;:&quot;0&quot;,&quot;credit&quot;:&quot;&quot;,&quot;camera&quot;:&quot;&quot;,&quot;caption&quot;:&quot;&quot;,&quot;created_timestamp&quot;:&quot;0&quot;,&quot;copyright&quot;:&quot;&quot;,&quot;focal_length&quot;:&quot;0&quot;,&quot;iso&quot;:&quot;0&quot;,&quot;shutter_speed&quot;:&quot;0&quot;,&quot;title&quot;:&quot;&quot;,&quot;orientation&quot;:&quot;0&quot;}\" data-image-title=\"image-125\" data-image-description=\"\" data-image-caption=\"\" data-medium-file=\"https:\/\/realidadesqroo.files.wordpress.com\/2022\/03\/image-125.png?w=300\" data-large-file=\"https:\/\/realidadesqroo.files.wordpress.com\/2022\/03\/image-125.png?w=720\" \/><figcaption>Guerra Rusia \u2013 Ucrania: las claves del conflicto y los motivos\u00a0<\/figcaption><\/figure>\n<h2>Subsidio a gasolina beneficia a la poblaci\u00f3n de mayor ingreso: SHCP<\/h2>\n<p>Dora Villanueva<\/p>\n<p>Los subsidios a las gasolinas benefician predominantemente a las personas de mayores ingresos; pr\u00e1cticamente dos terceras partes de la recaudaci\u00f3n que viene de gravar los combustibles provienen de 30 por ciento de la poblaci\u00f3n con mayores recursos, exhibe la Secretar\u00eda de Hacienda y Cr\u00e9dito P\u00fablico (SHCP).<\/p>\n<p>Se debe a que \u201cel gasto en estos combustibles est\u00e1 altamente concentrado en los hogares con mayores ingresos\u201d. Mientras la mitad de la poblaci\u00f3n de menores recursos aporta 23 por ciento de la recaudaci\u00f3n del impuesto especial sobre producci\u00f3n y servicios (IEPS) de gasolinas y di\u00e9sel, 30 por ciento de los hogares con mayores entradas representa 58.1 por ciento.<\/p>\n<p>Considerado como un subsidio regresivo, dado que beneficia a las familias de mayores ingresos al reducirles carga fiscal \u2013seg\u00fan consigna la misma Hacienda en su m\u00e1s reciente informe sobre la distribuci\u00f3n del ingreso y gasto\u2013, el est\u00edmulo a las gasolinas represent\u00f3 una p\u00e9rdida recaudatoria de 104 mil 76 millones de pesos el a\u00f1o pasado, 36.9 por ciento m\u00e1s de lo que el gobierno federal ten\u00eda contemplado.<\/p>\n<p>La escalada que ha tenido el precio internacional del petr\u00f3leo \u2013el cual ven\u00eda al alza desde la reapertura de la actividad econ\u00f3mica tras los cierres por la crisis de coronavirus y que se ha agudizado con el conflicto entre Rusia y Ucrania\u2013 ha llevado a que en M\u00e9xico se desplieguen nuevo subsidios a las gasolinas.<\/p>\n<p>El viernes, la SHCP public\u00f3 est\u00edmulos complementarios a los importadores y vendedores de gasolinas para que \u00e9stos lo trasladen al consumidor final. La dependencia recalc\u00f3 que la medida tiene el objetivo \u201cde proteger el poder adquisitivo\u201d de las familias. Su aplicaci\u00f3n en el di\u00e9sel se debe a que 70 por ciento de las mercanc\u00edas en el pa\u00eds se trasladan en autotransportes.<\/p>\n<p>Janneth Quiroz, subdirectora de An\u00e1lisis Econ\u00f3mico de Grupo Financiero Monex, explic\u00f3 que desde 2021 los est\u00edmulos a gasolinas ayudaron a contener la inflaci\u00f3n, la cual cerr\u00f3 como la m\u00e1s alta en 21 a\u00f1os; ya que sin ellos, el alza hubiera sido mayor.<\/p>\n<figure class=\"wp-block-image size-large\"><img decoding=\"async\" class=\"wp-image-41491\" src=\"https:\/\/realidadesqroo.files.wordpress.com\/2022\/03\/image-126.png?w=1024\" sizes=\"(max-width: 1024px) 100vw, 1024px\" srcset=\"https:\/\/realidadesqroo.files.wordpress.com\/2022\/03\/image-126.png?w=1024 1024w, https:\/\/realidadesqroo.files.wordpress.com\/2022\/03\/image-126.png?w=150 150w, https:\/\/realidadesqroo.files.wordpress.com\/2022\/03\/image-126.png?w=300 300w, https:\/\/realidadesqroo.files.wordpress.com\/2022\/03\/image-126.png?w=768 768w, https:\/\/realidadesqroo.files.wordpress.com\/2022\/03\/image-126.png 1280w\" alt=\"\" data-attachment-id=\"41491\" data-permalink=\"https:\/\/realidadesquintanaroo.org\/image-126-4\/\" data-orig-file=\"https:\/\/realidadesqroo.files.wordpress.com\/2022\/03\/image-126.png\" data-orig-size=\"1280,720\" data-comments-opened=\"1\" data-image-meta=\"{&quot;aperture&quot;:&quot;0&quot;,&quot;credit&quot;:&quot;&quot;,&quot;camera&quot;:&quot;&quot;,&quot;caption&quot;:&quot;&quot;,&quot;created_timestamp&quot;:&quot;0&quot;,&quot;copyright&quot;:&quot;&quot;,&quot;focal_length&quot;:&quot;0&quot;,&quot;iso&quot;:&quot;0&quot;,&quot;shutter_speed&quot;:&quot;0&quot;,&quot;title&quot;:&quot;&quot;,&quot;orientation&quot;:&quot;0&quot;}\" data-image-title=\"image-126\" data-image-description=\"\" data-image-caption=\"\" data-medium-file=\"https:\/\/realidadesqroo.files.wordpress.com\/2022\/03\/image-126.png?w=300\" data-large-file=\"https:\/\/realidadesqroo.files.wordpress.com\/2022\/03\/image-126.png?w=720\" \/><figcaption>Crisis energ\u00e9tica a nivel mundial \u00bfColapso econ\u00f3mico?<\/figcaption><\/figure>\n<p>\u201cHa sido una medida positiva que de alguna manera tambi\u00e9n ha ayudado a que no veamos mayores presiones de manera generalizada, aunque evidentemente los precios han subido (\u2026) son tan altos los incrementos en el precio del petr\u00f3leo que una parte s\u00ed se traslada al consumidor\u201d, agreg\u00f3.<\/p>\n<p>Tonathiu V\u00e1zquez P\u00e9rez, coordinador de transici\u00f3n energ\u00e9tica y finanzas p\u00fablicas en el Centro de Investigaci\u00f3n Econ\u00f3mica y Presupuestaria, coincidi\u00f3 en que, si bien es un impuesto regresivo, en la situaci\u00f3n actual tiene un elemento distributivo para ayudar a aliviar la inflaci\u00f3n. Eso no quita que la medida \u201ctendr\u00e1 un efecto importante en las finanzas p\u00fablicas\u201d.<\/p>\n<p>De acuerdo con datos de Hacienda, el IEPS a gasolinas represent\u00f3 9 por ciento de los ingresos tributarios durante 2019 y 2020, pero el a\u00f1o pasado su participaci\u00f3n se desplom\u00f3 a 6.4 por ciento. Sin contemplar el escenario actual, la dependencia ya esperaba una renuncia recaudatoria de 81 mil 687 millones de pesos derivado del subsidio a combustibles.<\/p>\n<p>Fuente:\u00a0<a href=\"https:\/\/www.jornada.com.mx\/notas\/2022\/03\/09\/economia\/en-el-pais-no-habra-alzas-en-combustibles-y-luz-amlo\/?fbclid=IwAR2qNfj2_ut_Ut4qthTBRWarHr-4VywdxEys6hfoWa8Xv_IcZbTHY9brzwQ\">lajoranda.com.mx<\/a><\/p>\n","protected":false},"excerpt":{"rendered":"<p>Realidades,\u00a0Ciudad de M\u00e9xico.\u00a0Frente al desequilibrio en el valor mundial del petr\u00f3leo por el conflicto militar,&#8230;<\/p>\n","protected":false},"author":2,"featured_media":6135,"comment_status":"open","ping_status":"closed","sticky":false,"template":"","format":"standard","meta":{"footnotes":""},"categories":[25,37,20],"tags":[2172,2173,2174,2175,2176,2177,2178,291,1613],"class_list":["post-6134","post","type-post","status-publish","format-standard","has-post-thumbnail","hentry","category-4t","category-economia","category-nacionales","tag-carestia-alimentos","tag-crisis-mundial","tag-electricidad","tag-gas","tag-guerra-ucrania","tag-inflacion-controlada","tag-no-alzas-de-precios","tag-petroleo","tag-reforma-electrica"],"yoast_head":"<!-- This site is optimized with the Yoast SEO plugin v27.5 - https:\/\/yoast.com\/product\/yoast-seo-wordpress\/ -->\n<title>En el pa\u00eds no habr\u00e1 alzas en combustibles y luz: AMLO - NOTICIAS DE LA 4T<\/title>\n<meta name=\"robots\" content=\"noindex, follow, max-snippet:-1, max-image-preview:large, max-video-preview:-1\" \/>\n<meta property=\"og:locale\" content=\"es_MX\" \/>\n<meta property=\"og:type\" content=\"article\" \/>\n<meta property=\"og:title\" content=\"En el pa\u00eds no habr\u00e1 alzas en combustibles y luz: AMLO - NOTICIAS DE LA 4T\" \/>\n<meta property=\"og:description\" content=\"Realidades,\u00a0Ciudad de M\u00e9xico.\u00a0Frente al desequilibrio en el valor mundial del petr\u00f3leo por el conflicto militar,...\" \/>\n<meta property=\"og:url\" content=\"https:\/\/redamlo.com\/index.php\/2022\/03\/09\/en-el-pais-no-habra-alzas-en-combustibles-y-luz-amlo\/\" \/>\n<meta property=\"og:site_name\" content=\"NOTICIAS DE LA 4T\" \/>\n<meta property=\"article:published_time\" content=\"2022-03-09T19:14:41+00:00\" \/>\n<meta property=\"og:image\" content=\"https:\/\/redamlo.com\/wp-content\/uploads\/2022\/03\/454-3.png\" \/>\n\t<meta property=\"og:image:width\" content=\"980\" \/>\n\t<meta property=\"og:image:height\" content=\"528\" \/>\n\t<meta property=\"og:image:type\" content=\"image\/png\" \/>\n<meta name=\"author\" content=\"Blanca\" \/>\n<meta name=\"twitter:card\" content=\"summary_large_image\" \/>\n<meta name=\"twitter:label1\" content=\"Escrito por\" \/>\n\t<meta name=\"twitter:data1\" content=\"Blanca\" \/>\n\t<meta name=\"twitter:label2\" content=\"Tiempo de lectura\" \/>\n\t<meta name=\"twitter:data2\" content=\"5 minutos\" \/>\n<script type=\"application\/ld+json\" class=\"yoast-schema-graph\">{\"@context\":\"https:\\\/\\\/schema.org\",\"@graph\":[{\"@type\":\"Article\",\"@id\":\"https:\\\/\\\/redamlo.com\\\/index.php\\\/2022\\\/03\\\/09\\\/en-el-pais-no-habra-alzas-en-combustibles-y-luz-amlo\\\/#article\",\"isPartOf\":{\"@id\":\"https:\\\/\\\/redamlo.com\\\/index.php\\\/2022\\\/03\\\/09\\\/en-el-pais-no-habra-alzas-en-combustibles-y-luz-amlo\\\/\"},\"author\":{\"name\":\"Blanca\",\"@id\":\"https:\\\/\\\/redamlo.com\\\/#\\\/schema\\\/person\\\/7223a4375eb8f1a782fcae010a7115cf\"},\"headline\":\"En el pa\u00eds no habr\u00e1 alzas en combustibles y luz: AMLO\",\"datePublished\":\"2022-03-09T19:14:41+00:00\",\"mainEntityOfPage\":{\"@id\":\"https:\\\/\\\/redamlo.com\\\/index.php\\\/2022\\\/03\\\/09\\\/en-el-pais-no-habra-alzas-en-combustibles-y-luz-amlo\\\/\"},\"wordCount\":952,\"commentCount\":0,\"publisher\":{\"@id\":\"https:\\\/\\\/redamlo.com\\\/#organization\"},\"image\":{\"@id\":\"https:\\\/\\\/redamlo.com\\\/index.php\\\/2022\\\/03\\\/09\\\/en-el-pais-no-habra-alzas-en-combustibles-y-luz-amlo\\\/#primaryimage\"},\"thumbnailUrl\":\"https:\\\/\\\/redamlo.com\\\/wp-content\\\/uploads\\\/2022\\\/03\\\/454-3.png\",\"keywords\":[\"Carestia alimentos\",\"Crisis Mundial\",\"Electricidad\",\"Gas\",\"Guerra Ucrania\",\"Inflaci\u00f3n controlada\",\"No alzas de Precios\",\"petr\u00f3leo\",\"Reforma El\u00e9ctrica\"],\"articleSection\":[\"4T\",\"Econom\u00eda\",\"Nacionales\"],\"inLanguage\":\"es\",\"potentialAction\":[{\"@type\":\"CommentAction\",\"name\":\"Comment\",\"target\":[\"https:\\\/\\\/redamlo.com\\\/index.php\\\/2022\\\/03\\\/09\\\/en-el-pais-no-habra-alzas-en-combustibles-y-luz-amlo\\\/#respond\"]}]},{\"@type\":\"WebPage\",\"@id\":\"https:\\\/\\\/redamlo.com\\\/index.php\\\/2022\\\/03\\\/09\\\/en-el-pais-no-habra-alzas-en-combustibles-y-luz-amlo\\\/\",\"url\":\"https:\\\/\\\/redamlo.com\\\/index.php\\\/2022\\\/03\\\/09\\\/en-el-pais-no-habra-alzas-en-combustibles-y-luz-amlo\\\/\",\"name\":\"En el pa\u00eds no habr\u00e1 alzas en combustibles y luz: AMLO - NOTICIAS DE LA 4T\",\"isPartOf\":{\"@id\":\"https:\\\/\\\/redamlo.com\\\/#website\"},\"primaryImageOfPage\":{\"@id\":\"https:\\\/\\\/redamlo.com\\\/index.php\\\/2022\\\/03\\\/09\\\/en-el-pais-no-habra-alzas-en-combustibles-y-luz-amlo\\\/#primaryimage\"},\"image\":{\"@id\":\"https:\\\/\\\/redamlo.com\\\/index.php\\\/2022\\\/03\\\/09\\\/en-el-pais-no-habra-alzas-en-combustibles-y-luz-amlo\\\/#primaryimage\"},\"thumbnailUrl\":\"https:\\\/\\\/redamlo.com\\\/wp-content\\\/uploads\\\/2022\\\/03\\\/454-3.png\",\"datePublished\":\"2022-03-09T19:14:41+00:00\",\"breadcrumb\":{\"@id\":\"https:\\\/\\\/redamlo.com\\\/index.php\\\/2022\\\/03\\\/09\\\/en-el-pais-no-habra-alzas-en-combustibles-y-luz-amlo\\\/#breadcrumb\"},\"inLanguage\":\"es\",\"potentialAction\":[{\"@type\":\"ReadAction\",\"target\":[\"https:\\\/\\\/redamlo.com\\\/index.php\\\/2022\\\/03\\\/09\\\/en-el-pais-no-habra-alzas-en-combustibles-y-luz-amlo\\\/\"]}]},{\"@type\":\"ImageObject\",\"inLanguage\":\"es\",\"@id\":\"https:\\\/\\\/redamlo.com\\\/index.php\\\/2022\\\/03\\\/09\\\/en-el-pais-no-habra-alzas-en-combustibles-y-luz-amlo\\\/#primaryimage\",\"url\":\"https:\\\/\\\/redamlo.com\\\/wp-content\\\/uploads\\\/2022\\\/03\\\/454-3.png\",\"contentUrl\":\"https:\\\/\\\/redamlo.com\\\/wp-content\\\/uploads\\\/2022\\\/03\\\/454-3.png\",\"width\":980,\"height\":528},{\"@type\":\"BreadcrumbList\",\"@id\":\"https:\\\/\\\/redamlo.com\\\/index.php\\\/2022\\\/03\\\/09\\\/en-el-pais-no-habra-alzas-en-combustibles-y-luz-amlo\\\/#breadcrumb\",\"itemListElement\":[{\"@type\":\"ListItem\",\"position\":1,\"name\":\"Inicio\",\"item\":\"https:\\\/\\\/redamlo.com\\\/\"},{\"@type\":\"ListItem\",\"position\":2,\"name\":\"En el pa\u00eds no habr\u00e1 alzas en combustibles y luz: AMLO\"}]},{\"@type\":\"WebSite\",\"@id\":\"https:\\\/\\\/redamlo.com\\\/#website\",\"url\":\"https:\\\/\\\/redamlo.com\\\/\",\"name\":\"NOTICIAS DE LA 4T\",\"description\":\"\",\"publisher\":{\"@id\":\"https:\\\/\\\/redamlo.com\\\/#organization\"},\"potentialAction\":[{\"@type\":\"SearchAction\",\"target\":{\"@type\":\"EntryPoint\",\"urlTemplate\":\"https:\\\/\\\/redamlo.com\\\/?s={search_term_string}\"},\"query-input\":{\"@type\":\"PropertyValueSpecification\",\"valueRequired\":true,\"valueName\":\"search_term_string\"}}],\"inLanguage\":\"es\"},{\"@type\":\"Organization\",\"@id\":\"https:\\\/\\\/redamlo.com\\\/#organization\",\"name\":\"NOTICIAS DE LA 4T\",\"url\":\"https:\\\/\\\/redamlo.com\\\/\",\"logo\":{\"@type\":\"ImageObject\",\"inLanguage\":\"es\",\"@id\":\"https:\\\/\\\/redamlo.com\\\/#\\\/schema\\\/logo\\\/image\\\/\",\"url\":\"https:\\\/\\\/redamlo.com\\\/wp-content\\\/uploads\\\/2024\\\/08\\\/cropped-RED-AMLO-logo-50.png\",\"contentUrl\":\"https:\\\/\\\/redamlo.com\\\/wp-content\\\/uploads\\\/2024\\\/08\\\/cropped-RED-AMLO-logo-50.png\",\"width\":256,\"height\":256,\"caption\":\"NOTICIAS DE LA 4T\"},\"image\":{\"@id\":\"https:\\\/\\\/redamlo.com\\\/#\\\/schema\\\/logo\\\/image\\\/\"}},{\"@type\":\"Person\",\"@id\":\"https:\\\/\\\/redamlo.com\\\/#\\\/schema\\\/person\\\/7223a4375eb8f1a782fcae010a7115cf\",\"name\":\"Blanca\",\"image\":{\"@type\":\"ImageObject\",\"inLanguage\":\"es\",\"@id\":\"https:\\\/\\\/secure.gravatar.com\\\/avatar\\\/3f79bc8336367a4e6093eae8757acaaf61d1124834b905616de7829b0273426d?s=96&d=mm&r=g\",\"url\":\"https:\\\/\\\/secure.gravatar.com\\\/avatar\\\/3f79bc8336367a4e6093eae8757acaaf61d1124834b905616de7829b0273426d?s=96&d=mm&r=g\",\"contentUrl\":\"https:\\\/\\\/secure.gravatar.com\\\/avatar\\\/3f79bc8336367a4e6093eae8757acaaf61d1124834b905616de7829b0273426d?s=96&d=mm&r=g\",\"caption\":\"Blanca\"},\"url\":\"https:\\\/\\\/redamlo.com\\\/index.php\\\/author\\\/blanca\\\/\"}]}<\/script>\n<!-- \/ Yoast SEO plugin. -->","yoast_head_json":{"title":"En el pa\u00eds no habr\u00e1 alzas en combustibles y luz: AMLO - NOTICIAS DE LA 4T","robots":{"index":"noindex","follow":"follow","max-snippet":"max-snippet:-1","max-image-preview":"max-image-preview:large","max-video-preview":"max-video-preview:-1"},"og_locale":"es_MX","og_type":"article","og_title":"En el pa\u00eds no habr\u00e1 alzas en combustibles y luz: AMLO - NOTICIAS DE LA 4T","og_description":"Realidades,\u00a0Ciudad de M\u00e9xico.\u00a0Frente al desequilibrio en el valor mundial del petr\u00f3leo por el conflicto militar,...","og_url":"https:\/\/redamlo.com\/index.php\/2022\/03\/09\/en-el-pais-no-habra-alzas-en-combustibles-y-luz-amlo\/","og_site_name":"NOTICIAS DE LA 4T","article_published_time":"2022-03-09T19:14:41+00:00","og_image":[{"width":980,"height":528,"url":"https:\/\/redamlo.com\/wp-content\/uploads\/2022\/03\/454-3.png","type":"image\/png"}],"author":"Blanca","twitter_card":"summary_large_image","twitter_misc":{"Escrito por":"Blanca","Tiempo de lectura":"5 minutos"},"schema":{"@context":"https:\/\/schema.org","@graph":[{"@type":"Article","@id":"https:\/\/redamlo.com\/index.php\/2022\/03\/09\/en-el-pais-no-habra-alzas-en-combustibles-y-luz-amlo\/#article","isPartOf":{"@id":"https:\/\/redamlo.com\/index.php\/2022\/03\/09\/en-el-pais-no-habra-alzas-en-combustibles-y-luz-amlo\/"},"author":{"name":"Blanca","@id":"https:\/\/redamlo.com\/#\/schema\/person\/7223a4375eb8f1a782fcae010a7115cf"},"headline":"En el pa\u00eds no habr\u00e1 alzas en combustibles y luz: AMLO","datePublished":"2022-03-09T19:14:41+00:00","mainEntityOfPage":{"@id":"https:\/\/redamlo.com\/index.php\/2022\/03\/09\/en-el-pais-no-habra-alzas-en-combustibles-y-luz-amlo\/"},"wordCount":952,"commentCount":0,"publisher":{"@id":"https:\/\/redamlo.com\/#organization"},"image":{"@id":"https:\/\/redamlo.com\/index.php\/2022\/03\/09\/en-el-pais-no-habra-alzas-en-combustibles-y-luz-amlo\/#primaryimage"},"thumbnailUrl":"https:\/\/redamlo.com\/wp-content\/uploads\/2022\/03\/454-3.png","keywords":["Carestia alimentos","Crisis Mundial","Electricidad","Gas","Guerra Ucrania","Inflaci\u00f3n controlada","No alzas de Precios","petr\u00f3leo","Reforma El\u00e9ctrica"],"articleSection":["4T","Econom\u00eda","Nacionales"],"inLanguage":"es","potentialAction":[{"@type":"CommentAction","name":"Comment","target":["https:\/\/redamlo.com\/index.php\/2022\/03\/09\/en-el-pais-no-habra-alzas-en-combustibles-y-luz-amlo\/#respond"]}]},{"@type":"WebPage","@id":"https:\/\/redamlo.com\/index.php\/2022\/03\/09\/en-el-pais-no-habra-alzas-en-combustibles-y-luz-amlo\/","url":"https:\/\/redamlo.com\/index.php\/2022\/03\/09\/en-el-pais-no-habra-alzas-en-combustibles-y-luz-amlo\/","name":"En el pa\u00eds no habr\u00e1 alzas en combustibles y luz: AMLO - NOTICIAS DE LA 4T","isPartOf":{"@id":"https:\/\/redamlo.com\/#website"},"primaryImageOfPage":{"@id":"https:\/\/redamlo.com\/index.php\/2022\/03\/09\/en-el-pais-no-habra-alzas-en-combustibles-y-luz-amlo\/#primaryimage"},"image":{"@id":"https:\/\/redamlo.com\/index.php\/2022\/03\/09\/en-el-pais-no-habra-alzas-en-combustibles-y-luz-amlo\/#primaryimage"},"thumbnailUrl":"https:\/\/redamlo.com\/wp-content\/uploads\/2022\/03\/454-3.png","datePublished":"2022-03-09T19:14:41+00:00","breadcrumb":{"@id":"https:\/\/redamlo.com\/index.php\/2022\/03\/09\/en-el-pais-no-habra-alzas-en-combustibles-y-luz-amlo\/#breadcrumb"},"inLanguage":"es","potentialAction":[{"@type":"ReadAction","target":["https:\/\/redamlo.com\/index.php\/2022\/03\/09\/en-el-pais-no-habra-alzas-en-combustibles-y-luz-amlo\/"]}]},{"@type":"ImageObject","inLanguage":"es","@id":"https:\/\/redamlo.com\/index.php\/2022\/03\/09\/en-el-pais-no-habra-alzas-en-combustibles-y-luz-amlo\/#primaryimage","url":"https:\/\/redamlo.com\/wp-content\/uploads\/2022\/03\/454-3.png","contentUrl":"https:\/\/redamlo.com\/wp-content\/uploads\/2022\/03\/454-3.png","width":980,"height":528},{"@type":"BreadcrumbList","@id":"https:\/\/redamlo.com\/index.php\/2022\/03\/09\/en-el-pais-no-habra-alzas-en-combustibles-y-luz-amlo\/#breadcrumb","itemListElement":[{"@type":"ListItem","position":1,"name":"Inicio","item":"https:\/\/redamlo.com\/"},{"@type":"ListItem","position":2,"name":"En el pa\u00eds no habr\u00e1 alzas en combustibles y luz: AMLO"}]},{"@type":"WebSite","@id":"https:\/\/redamlo.com\/#website","url":"https:\/\/redamlo.com\/","name":"NOTICIAS DE LA 4T","description":"","publisher":{"@id":"https:\/\/redamlo.com\/#organization"},"potentialAction":[{"@type":"SearchAction","target":{"@type":"EntryPoint","urlTemplate":"https:\/\/redamlo.com\/?s={search_term_string}"},"query-input":{"@type":"PropertyValueSpecification","valueRequired":true,"valueName":"search_term_string"}}],"inLanguage":"es"},{"@type":"Organization","@id":"https:\/\/redamlo.com\/#organization","name":"NOTICIAS DE LA 4T","url":"https:\/\/redamlo.com\/","logo":{"@type":"ImageObject","inLanguage":"es","@id":"https:\/\/redamlo.com\/#\/schema\/logo\/image\/","url":"https:\/\/redamlo.com\/wp-content\/uploads\/2024\/08\/cropped-RED-AMLO-logo-50.png","contentUrl":"https:\/\/redamlo.com\/wp-content\/uploads\/2024\/08\/cropped-RED-AMLO-logo-50.png","width":256,"height":256,"caption":"NOTICIAS DE LA 4T"},"image":{"@id":"https:\/\/redamlo.com\/#\/schema\/logo\/image\/"}},{"@type":"Person","@id":"https:\/\/redamlo.com\/#\/schema\/person\/7223a4375eb8f1a782fcae010a7115cf","name":"Blanca","image":{"@type":"ImageObject","inLanguage":"es","@id":"https:\/\/secure.gravatar.com\/avatar\/3f79bc8336367a4e6093eae8757acaaf61d1124834b905616de7829b0273426d?s=96&d=mm&r=g","url":"https:\/\/secure.gravatar.com\/avatar\/3f79bc8336367a4e6093eae8757acaaf61d1124834b905616de7829b0273426d?s=96&d=mm&r=g","contentUrl":"https:\/\/secure.gravatar.com\/avatar\/3f79bc8336367a4e6093eae8757acaaf61d1124834b905616de7829b0273426d?s=96&d=mm&r=g","caption":"Blanca"},"url":"https:\/\/redamlo.com\/index.php\/author\/blanca\/"}]}},"_links":{"self":[{"href":"https:\/\/redamlo.com\/index.php\/wp-json\/wp\/v2\/posts\/6134","targetHints":{"allow":["GET"]}}],"collection":[{"href":"https:\/\/redamlo.com\/index.php\/wp-json\/wp\/v2\/posts"}],"about":[{"href":"https:\/\/redamlo.com\/index.php\/wp-json\/wp\/v2\/types\/post"}],"author":[{"embeddable":true,"href":"https:\/\/redamlo.com\/index.php\/wp-json\/wp\/v2\/users\/2"}],"replies":[{"embeddable":true,"href":"https:\/\/redamlo.com\/index.php\/wp-json\/wp\/v2\/comments?post=6134"}],"version-history":[{"count":0,"href":"https:\/\/redamlo.com\/index.php\/wp-json\/wp\/v2\/posts\/6134\/revisions"}],"wp:featuredmedia":[{"embeddable":true,"href":"https:\/\/redamlo.com\/index.php\/wp-json\/wp\/v2\/media\/6135"}],"wp:attachment":[{"href":"https:\/\/redamlo.com\/index.php\/wp-json\/wp\/v2\/media?parent=6134"}],"wp:term":[{"taxonomy":"category","embeddable":true,"href":"https:\/\/redamlo.com\/index.php\/wp-json\/wp\/v2\/categories?post=6134"},{"taxonomy":"post_tag","embeddable":true,"href":"https:\/\/redamlo.com\/index.php\/wp-json\/wp\/v2\/tags?post=6134"}],"curies":[{"name":"wp","href":"https:\/\/api.w.org\/{rel}","templated":true}]}}