{"id":612,"date":"2019-10-15T06:38:10","date_gmt":"2019-10-15T11:38:10","guid":{"rendered":"http:\/\/redamlo.com\/?p=612"},"modified":"2019-10-15T06:38:10","modified_gmt":"2019-10-15T11:38:10","slug":"si-morena-se-echa-a-perder-se-va-yeidckol-polevnsky","status":"publish","type":"post","link":"https:\/\/redamlo.com\/index.php\/2019\/10\/15\/si-morena-se-echa-a-perder-se-va-yeidckol-polevnsky\/","title":{"rendered":"Si MORENA se echa a perder se va Yeidckol Polevnsky"},"content":{"rendered":"<p class=\"western\"><em>Ciudad de M\u00e9xico.<\/em>\u00a0Si se validan la ilegalidades que se registraron en las asambleas de Morena del pasado fin de semana me voy del partido, sostuvo la secretaria general en funciones de presidenta nacional, <strong>Yeidckol Polevnsky.<\/strong><\/p>\n<p class=\"western\">En Zacatecas se suspendieron todas las asambleas, as\u00ed como sesiones \u201creventadas\u201d en Mexicali, hechos de violencia en Jalisco y robo de papeler\u00eda en Durango, insisti\u00f3 que el proceso debe posponerse.<\/p>\n<p class=\"western\">Es inaceptable validar algo que es absolutamente ilegal, yo no voy a validar una ilegalidad bajo ninguna circunstancia, y no voy a validar que este partido se eche a perder, porque voy a decir lo mismo que dijo el presidente, si el partido se echa a perder se va, yo digo \u2018si se validan esas ilegalidades tambi\u00e9n me voy\u2019, porque no puede ser aceptable que se valide algo que absolutamente ilegal\u201d, indic\u00f3 en entrevista con La Jornada.<\/p>\n<p class=\"western\">Esta semana convocar\u00e1 a los integrantes del CEN para dialogar sobre una ruta que permita suspender el proceso ante los hechos del pasado fin de semana, en los que se registraron personas heridas y presencia de hombres armados. Asegur\u00f3 que ella constat\u00f3 que legisladores quedaron fuera del padr\u00f3n, adem\u00e1s de afiliaciones de \u00faltimo minuto fuera de los estatutos.<\/p>\n<p class=\"western\">La resoluci\u00f3n emitida por el Tribunal Electoral del Poder Judicial de la Federaci\u00f3n (TEPJF) no le impide participar en el proceso interno, ya que s\u00f3lo ha sido nombrada consejera en una ocasi\u00f3n, pero insisti\u00f3 que el proceso debe replantearse.<\/p>\n","protected":false},"excerpt":{"rendered":"<p>Ciudad de M\u00e9xico.\u00a0Si se validan la ilegalidades que se registraron en las asambleas de Morena&#8230;<\/p>\n","protected":false},"author":2,"featured_media":614,"comment_status":"open","ping_status":"closed","sticky":false,"template":"","format":"standard","meta":{"footnotes":""},"categories":[25],"tags":[],"class_list":["post-612","post","type-post","status-publish","format-standard","has-post-thumbnail","hentry","category-4t"],"yoast_head":"<!-- This site is optimized with the Yoast SEO plugin v27.5 - https:\/\/yoast.com\/product\/yoast-seo-wordpress\/ -->\n<title>Si MORENA se echa a perder se va Yeidckol Polevnsky - NOTICIAS DE LA 4T<\/title>\n<meta name=\"robots\" content=\"noindex, follow, max-snippet:-1, max-image-preview:large, max-video-preview:-1\" \/>\n<meta property=\"og:locale\" content=\"es_MX\" \/>\n<meta property=\"og:type\" content=\"article\" \/>\n<meta property=\"og:title\" content=\"Si MORENA se echa a perder se va Yeidckol Polevnsky - NOTICIAS DE LA 4T\" \/>\n<meta property=\"og:description\" content=\"Ciudad de M\u00e9xico.\u00a0Si se validan la ilegalidades que se registraron en las asambleas de Morena...\" \/>\n<meta property=\"og:url\" content=\"https:\/\/redamlo.com\/index.php\/2019\/10\/15\/si-morena-se-echa-a-perder-se-va-yeidckol-polevnsky\/\" \/>\n<meta property=\"og:site_name\" content=\"NOTICIAS DE LA 4T\" \/>\n<meta property=\"article:published_time\" content=\"2019-10-15T11:38:10+00:00\" \/>\n<meta property=\"og:image\" content=\"https:\/\/redamlo.com\/wp-content\/uploads\/2019\/10\/YEIDCKOL-SE-VA-DE-MORENA.jpg\" \/>\n\t<meta property=\"og:image:width\" content=\"1024\" \/>\n\t<meta property=\"og:image:height\" content=\"600\" \/>\n\t<meta property=\"og:image:type\" content=\"image\/jpeg\" \/>\n<meta name=\"author\" content=\"Blanca\" \/>\n<meta name=\"twitter:card\" content=\"summary_large_image\" \/>\n<meta name=\"twitter:label1\" content=\"Escrito por\" \/>\n\t<meta name=\"twitter:data1\" content=\"Blanca\" \/>\n\t<meta name=\"twitter:label2\" content=\"Tiempo de lectura\" \/>\n\t<meta name=\"twitter:data2\" content=\"1 minuto\" \/>\n<script type=\"application\/ld+json\" class=\"yoast-schema-graph\">{\"@context\":\"https:\\\/\\\/schema.org\",\"@graph\":[{\"@type\":\"Article\",\"@id\":\"https:\\\/\\\/redamlo.com\\\/index.php\\\/2019\\\/10\\\/15\\\/si-morena-se-echa-a-perder-se-va-yeidckol-polevnsky\\\/#article\",\"isPartOf\":{\"@id\":\"https:\\\/\\\/redamlo.com\\\/index.php\\\/2019\\\/10\\\/15\\\/si-morena-se-echa-a-perder-se-va-yeidckol-polevnsky\\\/\"},\"author\":{\"name\":\"Blanca\",\"@id\":\"https:\\\/\\\/redamlo.com\\\/#\\\/schema\\\/person\\\/7223a4375eb8f1a782fcae010a7115cf\"},\"headline\":\"Si MORENA se echa a perder se va Yeidckol Polevnsky\",\"datePublished\":\"2019-10-15T11:38:10+00:00\",\"mainEntityOfPage\":{\"@id\":\"https:\\\/\\\/redamlo.com\\\/index.php\\\/2019\\\/10\\\/15\\\/si-morena-se-echa-a-perder-se-va-yeidckol-polevnsky\\\/\"},\"wordCount\":259,\"commentCount\":0,\"publisher\":{\"@id\":\"https:\\\/\\\/redamlo.com\\\/#organization\"},\"image\":{\"@id\":\"https:\\\/\\\/redamlo.com\\\/index.php\\\/2019\\\/10\\\/15\\\/si-morena-se-echa-a-perder-se-va-yeidckol-polevnsky\\\/#primaryimage\"},\"thumbnailUrl\":\"https:\\\/\\\/redamlo.com\\\/wp-content\\\/uploads\\\/2019\\\/10\\\/YEIDCKOL-SE-VA-DE-MORENA.jpg\",\"articleSection\":[\"4T\"],\"inLanguage\":\"es\",\"potentialAction\":[{\"@type\":\"CommentAction\",\"name\":\"Comment\",\"target\":[\"https:\\\/\\\/redamlo.com\\\/index.php\\\/2019\\\/10\\\/15\\\/si-morena-se-echa-a-perder-se-va-yeidckol-polevnsky\\\/#respond\"]}]},{\"@type\":\"WebPage\",\"@id\":\"https:\\\/\\\/redamlo.com\\\/index.php\\\/2019\\\/10\\\/15\\\/si-morena-se-echa-a-perder-se-va-yeidckol-polevnsky\\\/\",\"url\":\"https:\\\/\\\/redamlo.com\\\/index.php\\\/2019\\\/10\\\/15\\\/si-morena-se-echa-a-perder-se-va-yeidckol-polevnsky\\\/\",\"name\":\"Si MORENA se echa a perder se va Yeidckol Polevnsky - NOTICIAS DE LA 4T\",\"isPartOf\":{\"@id\":\"https:\\\/\\\/redamlo.com\\\/#website\"},\"primaryImageOfPage\":{\"@id\":\"https:\\\/\\\/redamlo.com\\\/index.php\\\/2019\\\/10\\\/15\\\/si-morena-se-echa-a-perder-se-va-yeidckol-polevnsky\\\/#primaryimage\"},\"image\":{\"@id\":\"https:\\\/\\\/redamlo.com\\\/index.php\\\/2019\\\/10\\\/15\\\/si-morena-se-echa-a-perder-se-va-yeidckol-polevnsky\\\/#primaryimage\"},\"thumbnailUrl\":\"https:\\\/\\\/redamlo.com\\\/wp-content\\\/uploads\\\/2019\\\/10\\\/YEIDCKOL-SE-VA-DE-MORENA.jpg\",\"datePublished\":\"2019-10-15T11:38:10+00:00\",\"breadcrumb\":{\"@id\":\"https:\\\/\\\/redamlo.com\\\/index.php\\\/2019\\\/10\\\/15\\\/si-morena-se-echa-a-perder-se-va-yeidckol-polevnsky\\\/#breadcrumb\"},\"inLanguage\":\"es\",\"potentialAction\":[{\"@type\":\"ReadAction\",\"target\":[\"https:\\\/\\\/redamlo.com\\\/index.php\\\/2019\\\/10\\\/15\\\/si-morena-se-echa-a-perder-se-va-yeidckol-polevnsky\\\/\"]}]},{\"@type\":\"ImageObject\",\"inLanguage\":\"es\",\"@id\":\"https:\\\/\\\/redamlo.com\\\/index.php\\\/2019\\\/10\\\/15\\\/si-morena-se-echa-a-perder-se-va-yeidckol-polevnsky\\\/#primaryimage\",\"url\":\"https:\\\/\\\/redamlo.com\\\/wp-content\\\/uploads\\\/2019\\\/10\\\/YEIDCKOL-SE-VA-DE-MORENA.jpg\",\"contentUrl\":\"https:\\\/\\\/redamlo.com\\\/wp-content\\\/uploads\\\/2019\\\/10\\\/YEIDCKOL-SE-VA-DE-MORENA.jpg\",\"width\":1024,\"height\":600},{\"@type\":\"BreadcrumbList\",\"@id\":\"https:\\\/\\\/redamlo.com\\\/index.php\\\/2019\\\/10\\\/15\\\/si-morena-se-echa-a-perder-se-va-yeidckol-polevnsky\\\/#breadcrumb\",\"itemListElement\":[{\"@type\":\"ListItem\",\"position\":1,\"name\":\"Inicio\",\"item\":\"https:\\\/\\\/redamlo.com\\\/\"},{\"@type\":\"ListItem\",\"position\":2,\"name\":\"Si MORENA se echa a perder se va Yeidckol Polevnsky\"}]},{\"@type\":\"WebSite\",\"@id\":\"https:\\\/\\\/redamlo.com\\\/#website\",\"url\":\"https:\\\/\\\/redamlo.com\\\/\",\"name\":\"NOTICIAS DE LA 4T\",\"description\":\"\",\"publisher\":{\"@id\":\"https:\\\/\\\/redamlo.com\\\/#organization\"},\"potentialAction\":[{\"@type\":\"SearchAction\",\"target\":{\"@type\":\"EntryPoint\",\"urlTemplate\":\"https:\\\/\\\/redamlo.com\\\/?s={search_term_string}\"},\"query-input\":{\"@type\":\"PropertyValueSpecification\",\"valueRequired\":true,\"valueName\":\"search_term_string\"}}],\"inLanguage\":\"es\"},{\"@type\":\"Organization\",\"@id\":\"https:\\\/\\\/redamlo.com\\\/#organization\",\"name\":\"NOTICIAS DE LA 4T\",\"url\":\"https:\\\/\\\/redamlo.com\\\/\",\"logo\":{\"@type\":\"ImageObject\",\"inLanguage\":\"es\",\"@id\":\"https:\\\/\\\/redamlo.com\\\/#\\\/schema\\\/logo\\\/image\\\/\",\"url\":\"https:\\\/\\\/redamlo.com\\\/wp-content\\\/uploads\\\/2024\\\/08\\\/cropped-RED-AMLO-logo-50.png\",\"contentUrl\":\"https:\\\/\\\/redamlo.com\\\/wp-content\\\/uploads\\\/2024\\\/08\\\/cropped-RED-AMLO-logo-50.png\",\"width\":256,\"height\":256,\"caption\":\"NOTICIAS DE LA 4T\"},\"image\":{\"@id\":\"https:\\\/\\\/redamlo.com\\\/#\\\/schema\\\/logo\\\/image\\\/\"}},{\"@type\":\"Person\",\"@id\":\"https:\\\/\\\/redamlo.com\\\/#\\\/schema\\\/person\\\/7223a4375eb8f1a782fcae010a7115cf\",\"name\":\"Blanca\",\"image\":{\"@type\":\"ImageObject\",\"inLanguage\":\"es\",\"@id\":\"https:\\\/\\\/secure.gravatar.com\\\/avatar\\\/3f79bc8336367a4e6093eae8757acaaf61d1124834b905616de7829b0273426d?s=96&d=mm&r=g\",\"url\":\"https:\\\/\\\/secure.gravatar.com\\\/avatar\\\/3f79bc8336367a4e6093eae8757acaaf61d1124834b905616de7829b0273426d?s=96&d=mm&r=g\",\"contentUrl\":\"https:\\\/\\\/secure.gravatar.com\\\/avatar\\\/3f79bc8336367a4e6093eae8757acaaf61d1124834b905616de7829b0273426d?s=96&d=mm&r=g\",\"caption\":\"Blanca\"},\"url\":\"https:\\\/\\\/redamlo.com\\\/index.php\\\/author\\\/blanca\\\/\"}]}<\/script>\n<!-- \/ Yoast SEO plugin. -->","yoast_head_json":{"title":"Si MORENA se echa a perder se va Yeidckol Polevnsky - NOTICIAS DE LA 4T","robots":{"index":"noindex","follow":"follow","max-snippet":"max-snippet:-1","max-image-preview":"max-image-preview:large","max-video-preview":"max-video-preview:-1"},"og_locale":"es_MX","og_type":"article","og_title":"Si MORENA se echa a perder se va Yeidckol Polevnsky - NOTICIAS DE LA 4T","og_description":"Ciudad de M\u00e9xico.\u00a0Si se validan la ilegalidades que se registraron en las asambleas de Morena...","og_url":"https:\/\/redamlo.com\/index.php\/2019\/10\/15\/si-morena-se-echa-a-perder-se-va-yeidckol-polevnsky\/","og_site_name":"NOTICIAS DE LA 4T","article_published_time":"2019-10-15T11:38:10+00:00","og_image":[{"width":1024,"height":600,"url":"https:\/\/redamlo.com\/wp-content\/uploads\/2019\/10\/YEIDCKOL-SE-VA-DE-MORENA.jpg","type":"image\/jpeg"}],"author":"Blanca","twitter_card":"summary_large_image","twitter_misc":{"Escrito por":"Blanca","Tiempo de lectura":"1 minuto"},"schema":{"@context":"https:\/\/schema.org","@graph":[{"@type":"Article","@id":"https:\/\/redamlo.com\/index.php\/2019\/10\/15\/si-morena-se-echa-a-perder-se-va-yeidckol-polevnsky\/#article","isPartOf":{"@id":"https:\/\/redamlo.com\/index.php\/2019\/10\/15\/si-morena-se-echa-a-perder-se-va-yeidckol-polevnsky\/"},"author":{"name":"Blanca","@id":"https:\/\/redamlo.com\/#\/schema\/person\/7223a4375eb8f1a782fcae010a7115cf"},"headline":"Si MORENA se echa a perder se va Yeidckol Polevnsky","datePublished":"2019-10-15T11:38:10+00:00","mainEntityOfPage":{"@id":"https:\/\/redamlo.com\/index.php\/2019\/10\/15\/si-morena-se-echa-a-perder-se-va-yeidckol-polevnsky\/"},"wordCount":259,"commentCount":0,"publisher":{"@id":"https:\/\/redamlo.com\/#organization"},"image":{"@id":"https:\/\/redamlo.com\/index.php\/2019\/10\/15\/si-morena-se-echa-a-perder-se-va-yeidckol-polevnsky\/#primaryimage"},"thumbnailUrl":"https:\/\/redamlo.com\/wp-content\/uploads\/2019\/10\/YEIDCKOL-SE-VA-DE-MORENA.jpg","articleSection":["4T"],"inLanguage":"es","potentialAction":[{"@type":"CommentAction","name":"Comment","target":["https:\/\/redamlo.com\/index.php\/2019\/10\/15\/si-morena-se-echa-a-perder-se-va-yeidckol-polevnsky\/#respond"]}]},{"@type":"WebPage","@id":"https:\/\/redamlo.com\/index.php\/2019\/10\/15\/si-morena-se-echa-a-perder-se-va-yeidckol-polevnsky\/","url":"https:\/\/redamlo.com\/index.php\/2019\/10\/15\/si-morena-se-echa-a-perder-se-va-yeidckol-polevnsky\/","name":"Si MORENA se echa a perder se va Yeidckol Polevnsky - NOTICIAS DE LA 4T","isPartOf":{"@id":"https:\/\/redamlo.com\/#website"},"primaryImageOfPage":{"@id":"https:\/\/redamlo.com\/index.php\/2019\/10\/15\/si-morena-se-echa-a-perder-se-va-yeidckol-polevnsky\/#primaryimage"},"image":{"@id":"https:\/\/redamlo.com\/index.php\/2019\/10\/15\/si-morena-se-echa-a-perder-se-va-yeidckol-polevnsky\/#primaryimage"},"thumbnailUrl":"https:\/\/redamlo.com\/wp-content\/uploads\/2019\/10\/YEIDCKOL-SE-VA-DE-MORENA.jpg","datePublished":"2019-10-15T11:38:10+00:00","breadcrumb":{"@id":"https:\/\/redamlo.com\/index.php\/2019\/10\/15\/si-morena-se-echa-a-perder-se-va-yeidckol-polevnsky\/#breadcrumb"},"inLanguage":"es","potentialAction":[{"@type":"ReadAction","target":["https:\/\/redamlo.com\/index.php\/2019\/10\/15\/si-morena-se-echa-a-perder-se-va-yeidckol-polevnsky\/"]}]},{"@type":"ImageObject","inLanguage":"es","@id":"https:\/\/redamlo.com\/index.php\/2019\/10\/15\/si-morena-se-echa-a-perder-se-va-yeidckol-polevnsky\/#primaryimage","url":"https:\/\/redamlo.com\/wp-content\/uploads\/2019\/10\/YEIDCKOL-SE-VA-DE-MORENA.jpg","contentUrl":"https:\/\/redamlo.com\/wp-content\/uploads\/2019\/10\/YEIDCKOL-SE-VA-DE-MORENA.jpg","width":1024,"height":600},{"@type":"BreadcrumbList","@id":"https:\/\/redamlo.com\/index.php\/2019\/10\/15\/si-morena-se-echa-a-perder-se-va-yeidckol-polevnsky\/#breadcrumb","itemListElement":[{"@type":"ListItem","position":1,"name":"Inicio","item":"https:\/\/redamlo.com\/"},{"@type":"ListItem","position":2,"name":"Si MORENA se echa a perder se va Yeidckol Polevnsky"}]},{"@type":"WebSite","@id":"https:\/\/redamlo.com\/#website","url":"https:\/\/redamlo.com\/","name":"NOTICIAS DE LA 4T","description":"","publisher":{"@id":"https:\/\/redamlo.com\/#organization"},"potentialAction":[{"@type":"SearchAction","target":{"@type":"EntryPoint","urlTemplate":"https:\/\/redamlo.com\/?s={search_term_string}"},"query-input":{"@type":"PropertyValueSpecification","valueRequired":true,"valueName":"search_term_string"}}],"inLanguage":"es"},{"@type":"Organization","@id":"https:\/\/redamlo.com\/#organization","name":"NOTICIAS DE LA 4T","url":"https:\/\/redamlo.com\/","logo":{"@type":"ImageObject","inLanguage":"es","@id":"https:\/\/redamlo.com\/#\/schema\/logo\/image\/","url":"https:\/\/redamlo.com\/wp-content\/uploads\/2024\/08\/cropped-RED-AMLO-logo-50.png","contentUrl":"https:\/\/redamlo.com\/wp-content\/uploads\/2024\/08\/cropped-RED-AMLO-logo-50.png","width":256,"height":256,"caption":"NOTICIAS DE LA 4T"},"image":{"@id":"https:\/\/redamlo.com\/#\/schema\/logo\/image\/"}},{"@type":"Person","@id":"https:\/\/redamlo.com\/#\/schema\/person\/7223a4375eb8f1a782fcae010a7115cf","name":"Blanca","image":{"@type":"ImageObject","inLanguage":"es","@id":"https:\/\/secure.gravatar.com\/avatar\/3f79bc8336367a4e6093eae8757acaaf61d1124834b905616de7829b0273426d?s=96&d=mm&r=g","url":"https:\/\/secure.gravatar.com\/avatar\/3f79bc8336367a4e6093eae8757acaaf61d1124834b905616de7829b0273426d?s=96&d=mm&r=g","contentUrl":"https:\/\/secure.gravatar.com\/avatar\/3f79bc8336367a4e6093eae8757acaaf61d1124834b905616de7829b0273426d?s=96&d=mm&r=g","caption":"Blanca"},"url":"https:\/\/redamlo.com\/index.php\/author\/blanca\/"}]}},"_links":{"self":[{"href":"https:\/\/redamlo.com\/index.php\/wp-json\/wp\/v2\/posts\/612","targetHints":{"allow":["GET"]}}],"collection":[{"href":"https:\/\/redamlo.com\/index.php\/wp-json\/wp\/v2\/posts"}],"about":[{"href":"https:\/\/redamlo.com\/index.php\/wp-json\/wp\/v2\/types\/post"}],"author":[{"embeddable":true,"href":"https:\/\/redamlo.com\/index.php\/wp-json\/wp\/v2\/users\/2"}],"replies":[{"embeddable":true,"href":"https:\/\/redamlo.com\/index.php\/wp-json\/wp\/v2\/comments?post=612"}],"version-history":[{"count":0,"href":"https:\/\/redamlo.com\/index.php\/wp-json\/wp\/v2\/posts\/612\/revisions"}],"wp:featuredmedia":[{"embeddable":true,"href":"https:\/\/redamlo.com\/index.php\/wp-json\/wp\/v2\/media\/614"}],"wp:attachment":[{"href":"https:\/\/redamlo.com\/index.php\/wp-json\/wp\/v2\/media?parent=612"}],"wp:term":[{"taxonomy":"category","embeddable":true,"href":"https:\/\/redamlo.com\/index.php\/wp-json\/wp\/v2\/categories?post=612"},{"taxonomy":"post_tag","embeddable":true,"href":"https:\/\/redamlo.com\/index.php\/wp-json\/wp\/v2\/tags?post=612"}],"curies":[{"name":"wp","href":"https:\/\/api.w.org\/{rel}","templated":true}]}}