{"id":6093,"date":"2022-02-28T14:17:41","date_gmt":"2022-02-28T20:17:41","guid":{"rendered":"https:\/\/redamlo.com\/?p=6093"},"modified":"2022-02-28T14:17:41","modified_gmt":"2022-02-28T20:17:41","slug":"tras-tuit-racista-amlo-sugiere-enviar-una-guajolota-a-embajadora-de-ucrania-en-mexico","status":"publish","type":"post","link":"https:\/\/redamlo.com\/index.php\/2022\/02\/28\/tras-tuit-racista-amlo-sugiere-enviar-una-guajolota-a-embajadora-de-ucrania-en-mexico\/","title":{"rendered":"Tras tuit racista, AMLO sugiere enviar una \u2018guajolota\u2019 a embajadora de Ucrania en M\u00e9xico"},"content":{"rendered":"\n\n<strong>Realidades.- La embajada de Ucrania en M\u00e9xico cuestion\u00f3 a un periodista mexicano si le pagaban en \u2018rublos o tamales\u2019.<\/strong>\n\n \n\nEl presidente Andr\u00e9s Manuel L\u00f3pez Obrador recomend\u00f3 enviar una\u00a0<em><strong>guajolota<\/strong><\/em>\u00a0(torta de tamal) a Oksana Dramaretska, embajadora de Ucrania en M\u00e9xico, despu\u00e9s de los\u00a0<strong>comentarios racistas que realiz\u00f3 la representaci\u00f3n ucraniana a un periodista mexicano<\/strong>.\n\n \n\n\u201cCreo que fue una embajadora de no s\u00e9 qu\u00e9 pa\u00eds que le contest\u00f3 (a un periodista) \u2018t\u00fa est\u00e1s subvencionado o te est\u00e1n dando rubros o tamales\u2019. Imag\u00ednense,no sabe lo que son los tamales.\u00a0<strong>Est\u00e1 como para enviarle una guajolota o un chanchamito<\/strong>\u201d, dijo ir\u00f3nicamente durante la conferencia de prensa matutina de este lunes.\n\n \n<figure class=\"wp-block-embed is-type-video is-provider-youtube wp-block-embed-youtube wp-embed-aspect-16-9 wp-has-aspect-ratio\">\n<div class=\"wp-block-embed__wrapper\">https:\/\/youtu.be\/nQ9f6TJQL8s<\/div><\/figure>\n \n\nEl mandatario hizo referencia a la pol\u00e9mica respuesta que dio la embajada de Ucrania en M\u00e9xico al periodista<strong>\u00a0Gabriel Infante<\/strong>, a quien acusaron de defender al gobierno ruso a cambio de \u201c<strong>rublos o tamales<\/strong>\u201d.\n\n \n\n\u201c&#8230; Y sigue defendiendo propaganda rusa sin nunca haber visitado Ucrania.\u00a0<strong>Entonces tenemos una pregunta para ti, se\u00f1or periodista: \u00bfte pagan en rublos o en tamales?<\/strong>\u201d, escribi\u00f3 la embajada de Ucrania en M\u00e9xico en su cuenta oficial de Twitter.\n\n \n\nEl clasista mensaje fue eliminado minutos despu\u00e9s. Sin embargo,\u00a0<a href=\"https:\/\/tweetstamp.org\/1497757741699399683\" target=\"_blank\" rel=\"noreferrer noopener\"><strong>puede encontrarse en tweetstamp<\/strong><\/a>, una plataforma que utiliza tecnolog\u00eda blockchain que conserva una copia fiel y verificable del mensaje original aunque \u00e9ste sea borrado de Twitter.\n\n \n<figure class=\"wp-block-image size-large\"><img decoding=\"async\" class=\"wp-image-40874\" src=\"https:\/\/realidadesqroo.files.wordpress.com\/2022\/02\/image-160.png?w=1024\" alt=\"\" \/><\/figure>\n \n\nEl periodista mexicano Gabriel Infante sostuvo un intercambio de tuits con la representaci\u00f3n ucraniana en M\u00e9xico durante el fin de semana.\n\n \n\nLa embajada public\u00f3 un video en el que mostraba un cami\u00f3n de guerra ruso aplastado autom\u00f3viles civiles en la ciudad de Kiev. En respuesta, Gabriel Infante se\u00f1al\u00f3 que Ucrania estaba censurando a medios de comunicaci\u00f3n y participando en la difusi\u00f3n de\u00a0<em>Fake News<\/em>.\n\n \n\nAnte esto,\u00a0<strong>la Embajada de Ucrania<\/strong>\u00a0hizo una invitaci\u00f3n al periodista para que asistiera a platicar sobre el tema en sus instalaciones, lo que termin\u00f3 en un hecho de\u00a0<strong>discriminaci\u00f3n<\/strong>.\n\n \n\nTras los mensajes racistas y clasistas, el periodista mexicano decidi\u00f3 no aceptar la \u201cinvitaci\u00f3n\u201d de la embajada ucraniana.\n\n \n\n\u201c<strong>Al ver lo poco diplom\u00e1ticos y serios que son, no veo el sentido en conversar con ustedes<\/strong>\u201d, dijo Gabriel Infante.\n\n \n\nFuente: <a href=\"https:\/\/www.elfinanciero.com.mx\/nacional\/2022\/02\/28\/tras-tuit-racista-amlo-sugiere-enviar-una-guajolota-a-embajadora-de-ucrania-en-mexico\/?fbclid=IwAR2Fp2XIHHRcQb7LBKmd0OJj7dCz2UxtvQJgib4AOEWl8oLVUGUgfLgKVJA\">elfinanciero.com.mx<\/a>\n\n","protected":false},"excerpt":{"rendered":"<p>Realidades.- La embajada de Ucrania en M\u00e9xico cuestion\u00f3 a un periodista mexicano si le pagaban&#8230;<\/p>\n","protected":false},"author":2,"featured_media":6094,"comment_status":"open","ping_status":"closed","sticky":false,"template":"","format":"standard","meta":{"footnotes":""},"categories":[25,20],"tags":[84,2142,2143,2144,284,2145,2146,2147,2148],"class_list":["post-6093","post","type-post","status-publish","format-standard","has-post-thumbnail","hentry","category-4t","category-nacionales","tag-amlo","tag-embajadora-de-ucrania","tag-guajolota","tag-oksana-dramareska","tag-periodista","tag-periodista-mexicana","tag-racista","tag-tamales-o-rublos","tag-tuit"],"yoast_head":"<!-- This site is optimized with the Yoast SEO plugin v27.5 - https:\/\/yoast.com\/product\/yoast-seo-wordpress\/ -->\n<title>Tras tuit racista, AMLO sugiere enviar una \u2018guajolota\u2019 a embajadora de Ucrania en M\u00e9xico - NOTICIAS DE LA 4T<\/title>\n<meta name=\"robots\" content=\"noindex, follow, max-snippet:-1, max-image-preview:large, max-video-preview:-1\" \/>\n<meta property=\"og:locale\" content=\"es_MX\" \/>\n<meta property=\"og:type\" content=\"article\" \/>\n<meta property=\"og:title\" content=\"Tras tuit racista, AMLO sugiere enviar una \u2018guajolota\u2019 a embajadora de Ucrania en M\u00e9xico - NOTICIAS DE LA 4T\" \/>\n<meta property=\"og:description\" content=\"Realidades.- La embajada de Ucrania en M\u00e9xico cuestion\u00f3 a un periodista mexicano si le pagaban...\" \/>\n<meta property=\"og:url\" content=\"https:\/\/redamlo.com\/index.php\/2022\/02\/28\/tras-tuit-racista-amlo-sugiere-enviar-una-guajolota-a-embajadora-de-ucrania-en-mexico\/\" \/>\n<meta property=\"og:site_name\" content=\"NOTICIAS DE LA 4T\" \/>\n<meta property=\"article:published_time\" content=\"2022-02-28T20:17:41+00:00\" \/>\n<meta property=\"og:image\" content=\"https:\/\/redamlo.com\/wp-content\/uploads\/2022\/02\/454-13.png\" \/>\n\t<meta property=\"og:image:width\" content=\"696\" \/>\n\t<meta property=\"og:image:height\" content=\"391\" \/>\n\t<meta property=\"og:image:type\" content=\"image\/png\" \/>\n<meta name=\"author\" content=\"Blanca\" \/>\n<meta name=\"twitter:card\" content=\"summary_large_image\" \/>\n<meta name=\"twitter:label1\" content=\"Escrito por\" \/>\n\t<meta name=\"twitter:data1\" content=\"Blanca\" \/>\n\t<meta name=\"twitter:label2\" content=\"Tiempo de lectura\" \/>\n\t<meta name=\"twitter:data2\" content=\"2 minutos\" \/>\n<script type=\"application\/ld+json\" class=\"yoast-schema-graph\">{\"@context\":\"https:\\\/\\\/schema.org\",\"@graph\":[{\"@type\":\"Article\",\"@id\":\"https:\\\/\\\/redamlo.com\\\/index.php\\\/2022\\\/02\\\/28\\\/tras-tuit-racista-amlo-sugiere-enviar-una-guajolota-a-embajadora-de-ucrania-en-mexico\\\/#article\",\"isPartOf\":{\"@id\":\"https:\\\/\\\/redamlo.com\\\/index.php\\\/2022\\\/02\\\/28\\\/tras-tuit-racista-amlo-sugiere-enviar-una-guajolota-a-embajadora-de-ucrania-en-mexico\\\/\"},\"author\":{\"name\":\"Blanca\",\"@id\":\"https:\\\/\\\/redamlo.com\\\/#\\\/schema\\\/person\\\/7223a4375eb8f1a782fcae010a7115cf\"},\"headline\":\"Tras tuit racista, AMLO sugiere enviar una \u2018guajolota\u2019 a embajadora de Ucrania en M\u00e9xico\",\"datePublished\":\"2022-02-28T20:17:41+00:00\",\"mainEntityOfPage\":{\"@id\":\"https:\\\/\\\/redamlo.com\\\/index.php\\\/2022\\\/02\\\/28\\\/tras-tuit-racista-amlo-sugiere-enviar-una-guajolota-a-embajadora-de-ucrania-en-mexico\\\/\"},\"wordCount\":402,\"commentCount\":0,\"publisher\":{\"@id\":\"https:\\\/\\\/redamlo.com\\\/#organization\"},\"image\":{\"@id\":\"https:\\\/\\\/redamlo.com\\\/index.php\\\/2022\\\/02\\\/28\\\/tras-tuit-racista-amlo-sugiere-enviar-una-guajolota-a-embajadora-de-ucrania-en-mexico\\\/#primaryimage\"},\"thumbnailUrl\":\"https:\\\/\\\/redamlo.com\\\/wp-content\\\/uploads\\\/2022\\\/02\\\/454-13.png\",\"keywords\":[\"AMLO\",\"Embajadora de ucrania\",\"Guajolota\",\"Oksana Dramareska\",\"periodista\",\"Periodista Mexicana\",\"Racista\",\"Tamales o rublos\",\"Tuit\"],\"articleSection\":[\"4T\",\"Nacionales\"],\"inLanguage\":\"es\",\"potentialAction\":[{\"@type\":\"CommentAction\",\"name\":\"Comment\",\"target\":[\"https:\\\/\\\/redamlo.com\\\/index.php\\\/2022\\\/02\\\/28\\\/tras-tuit-racista-amlo-sugiere-enviar-una-guajolota-a-embajadora-de-ucrania-en-mexico\\\/#respond\"]}]},{\"@type\":\"WebPage\",\"@id\":\"https:\\\/\\\/redamlo.com\\\/index.php\\\/2022\\\/02\\\/28\\\/tras-tuit-racista-amlo-sugiere-enviar-una-guajolota-a-embajadora-de-ucrania-en-mexico\\\/\",\"url\":\"https:\\\/\\\/redamlo.com\\\/index.php\\\/2022\\\/02\\\/28\\\/tras-tuit-racista-amlo-sugiere-enviar-una-guajolota-a-embajadora-de-ucrania-en-mexico\\\/\",\"name\":\"Tras tuit racista, AMLO sugiere enviar una \u2018guajolota\u2019 a embajadora de Ucrania en M\u00e9xico - NOTICIAS DE LA 4T\",\"isPartOf\":{\"@id\":\"https:\\\/\\\/redamlo.com\\\/#website\"},\"primaryImageOfPage\":{\"@id\":\"https:\\\/\\\/redamlo.com\\\/index.php\\\/2022\\\/02\\\/28\\\/tras-tuit-racista-amlo-sugiere-enviar-una-guajolota-a-embajadora-de-ucrania-en-mexico\\\/#primaryimage\"},\"image\":{\"@id\":\"https:\\\/\\\/redamlo.com\\\/index.php\\\/2022\\\/02\\\/28\\\/tras-tuit-racista-amlo-sugiere-enviar-una-guajolota-a-embajadora-de-ucrania-en-mexico\\\/#primaryimage\"},\"thumbnailUrl\":\"https:\\\/\\\/redamlo.com\\\/wp-content\\\/uploads\\\/2022\\\/02\\\/454-13.png\",\"datePublished\":\"2022-02-28T20:17:41+00:00\",\"breadcrumb\":{\"@id\":\"https:\\\/\\\/redamlo.com\\\/index.php\\\/2022\\\/02\\\/28\\\/tras-tuit-racista-amlo-sugiere-enviar-una-guajolota-a-embajadora-de-ucrania-en-mexico\\\/#breadcrumb\"},\"inLanguage\":\"es\",\"potentialAction\":[{\"@type\":\"ReadAction\",\"target\":[\"https:\\\/\\\/redamlo.com\\\/index.php\\\/2022\\\/02\\\/28\\\/tras-tuit-racista-amlo-sugiere-enviar-una-guajolota-a-embajadora-de-ucrania-en-mexico\\\/\"]}]},{\"@type\":\"ImageObject\",\"inLanguage\":\"es\",\"@id\":\"https:\\\/\\\/redamlo.com\\\/index.php\\\/2022\\\/02\\\/28\\\/tras-tuit-racista-amlo-sugiere-enviar-una-guajolota-a-embajadora-de-ucrania-en-mexico\\\/#primaryimage\",\"url\":\"https:\\\/\\\/redamlo.com\\\/wp-content\\\/uploads\\\/2022\\\/02\\\/454-13.png\",\"contentUrl\":\"https:\\\/\\\/redamlo.com\\\/wp-content\\\/uploads\\\/2022\\\/02\\\/454-13.png\",\"width\":696,\"height\":391},{\"@type\":\"BreadcrumbList\",\"@id\":\"https:\\\/\\\/redamlo.com\\\/index.php\\\/2022\\\/02\\\/28\\\/tras-tuit-racista-amlo-sugiere-enviar-una-guajolota-a-embajadora-de-ucrania-en-mexico\\\/#breadcrumb\",\"itemListElement\":[{\"@type\":\"ListItem\",\"position\":1,\"name\":\"Inicio\",\"item\":\"https:\\\/\\\/redamlo.com\\\/\"},{\"@type\":\"ListItem\",\"position\":2,\"name\":\"Tras tuit racista, AMLO sugiere enviar una \u2018guajolota\u2019 a embajadora de Ucrania en M\u00e9xico\"}]},{\"@type\":\"WebSite\",\"@id\":\"https:\\\/\\\/redamlo.com\\\/#website\",\"url\":\"https:\\\/\\\/redamlo.com\\\/\",\"name\":\"NOTICIAS DE LA 4T\",\"description\":\"\",\"publisher\":{\"@id\":\"https:\\\/\\\/redamlo.com\\\/#organization\"},\"potentialAction\":[{\"@type\":\"SearchAction\",\"target\":{\"@type\":\"EntryPoint\",\"urlTemplate\":\"https:\\\/\\\/redamlo.com\\\/?s={search_term_string}\"},\"query-input\":{\"@type\":\"PropertyValueSpecification\",\"valueRequired\":true,\"valueName\":\"search_term_string\"}}],\"inLanguage\":\"es\"},{\"@type\":\"Organization\",\"@id\":\"https:\\\/\\\/redamlo.com\\\/#organization\",\"name\":\"NOTICIAS DE LA 4T\",\"url\":\"https:\\\/\\\/redamlo.com\\\/\",\"logo\":{\"@type\":\"ImageObject\",\"inLanguage\":\"es\",\"@id\":\"https:\\\/\\\/redamlo.com\\\/#\\\/schema\\\/logo\\\/image\\\/\",\"url\":\"https:\\\/\\\/redamlo.com\\\/wp-content\\\/uploads\\\/2024\\\/08\\\/cropped-RED-AMLO-logo-50.png\",\"contentUrl\":\"https:\\\/\\\/redamlo.com\\\/wp-content\\\/uploads\\\/2024\\\/08\\\/cropped-RED-AMLO-logo-50.png\",\"width\":256,\"height\":256,\"caption\":\"NOTICIAS DE LA 4T\"},\"image\":{\"@id\":\"https:\\\/\\\/redamlo.com\\\/#\\\/schema\\\/logo\\\/image\\\/\"}},{\"@type\":\"Person\",\"@id\":\"https:\\\/\\\/redamlo.com\\\/#\\\/schema\\\/person\\\/7223a4375eb8f1a782fcae010a7115cf\",\"name\":\"Blanca\",\"image\":{\"@type\":\"ImageObject\",\"inLanguage\":\"es\",\"@id\":\"https:\\\/\\\/secure.gravatar.com\\\/avatar\\\/3f79bc8336367a4e6093eae8757acaaf61d1124834b905616de7829b0273426d?s=96&d=mm&r=g\",\"url\":\"https:\\\/\\\/secure.gravatar.com\\\/avatar\\\/3f79bc8336367a4e6093eae8757acaaf61d1124834b905616de7829b0273426d?s=96&d=mm&r=g\",\"contentUrl\":\"https:\\\/\\\/secure.gravatar.com\\\/avatar\\\/3f79bc8336367a4e6093eae8757acaaf61d1124834b905616de7829b0273426d?s=96&d=mm&r=g\",\"caption\":\"Blanca\"},\"url\":\"https:\\\/\\\/redamlo.com\\\/index.php\\\/author\\\/blanca\\\/\"}]}<\/script>\n<!-- \/ Yoast SEO plugin. -->","yoast_head_json":{"title":"Tras tuit racista, AMLO sugiere enviar una \u2018guajolota\u2019 a embajadora de Ucrania en M\u00e9xico - NOTICIAS DE LA 4T","robots":{"index":"noindex","follow":"follow","max-snippet":"max-snippet:-1","max-image-preview":"max-image-preview:large","max-video-preview":"max-video-preview:-1"},"og_locale":"es_MX","og_type":"article","og_title":"Tras tuit racista, AMLO sugiere enviar una \u2018guajolota\u2019 a embajadora de Ucrania en M\u00e9xico - NOTICIAS DE LA 4T","og_description":"Realidades.- La embajada de Ucrania en M\u00e9xico cuestion\u00f3 a un periodista mexicano si le pagaban...","og_url":"https:\/\/redamlo.com\/index.php\/2022\/02\/28\/tras-tuit-racista-amlo-sugiere-enviar-una-guajolota-a-embajadora-de-ucrania-en-mexico\/","og_site_name":"NOTICIAS DE LA 4T","article_published_time":"2022-02-28T20:17:41+00:00","og_image":[{"width":696,"height":391,"url":"https:\/\/redamlo.com\/wp-content\/uploads\/2022\/02\/454-13.png","type":"image\/png"}],"author":"Blanca","twitter_card":"summary_large_image","twitter_misc":{"Escrito por":"Blanca","Tiempo de lectura":"2 minutos"},"schema":{"@context":"https:\/\/schema.org","@graph":[{"@type":"Article","@id":"https:\/\/redamlo.com\/index.php\/2022\/02\/28\/tras-tuit-racista-amlo-sugiere-enviar-una-guajolota-a-embajadora-de-ucrania-en-mexico\/#article","isPartOf":{"@id":"https:\/\/redamlo.com\/index.php\/2022\/02\/28\/tras-tuit-racista-amlo-sugiere-enviar-una-guajolota-a-embajadora-de-ucrania-en-mexico\/"},"author":{"name":"Blanca","@id":"https:\/\/redamlo.com\/#\/schema\/person\/7223a4375eb8f1a782fcae010a7115cf"},"headline":"Tras tuit racista, AMLO sugiere enviar una \u2018guajolota\u2019 a embajadora de Ucrania en M\u00e9xico","datePublished":"2022-02-28T20:17:41+00:00","mainEntityOfPage":{"@id":"https:\/\/redamlo.com\/index.php\/2022\/02\/28\/tras-tuit-racista-amlo-sugiere-enviar-una-guajolota-a-embajadora-de-ucrania-en-mexico\/"},"wordCount":402,"commentCount":0,"publisher":{"@id":"https:\/\/redamlo.com\/#organization"},"image":{"@id":"https:\/\/redamlo.com\/index.php\/2022\/02\/28\/tras-tuit-racista-amlo-sugiere-enviar-una-guajolota-a-embajadora-de-ucrania-en-mexico\/#primaryimage"},"thumbnailUrl":"https:\/\/redamlo.com\/wp-content\/uploads\/2022\/02\/454-13.png","keywords":["AMLO","Embajadora de ucrania","Guajolota","Oksana Dramareska","periodista","Periodista Mexicana","Racista","Tamales o rublos","Tuit"],"articleSection":["4T","Nacionales"],"inLanguage":"es","potentialAction":[{"@type":"CommentAction","name":"Comment","target":["https:\/\/redamlo.com\/index.php\/2022\/02\/28\/tras-tuit-racista-amlo-sugiere-enviar-una-guajolota-a-embajadora-de-ucrania-en-mexico\/#respond"]}]},{"@type":"WebPage","@id":"https:\/\/redamlo.com\/index.php\/2022\/02\/28\/tras-tuit-racista-amlo-sugiere-enviar-una-guajolota-a-embajadora-de-ucrania-en-mexico\/","url":"https:\/\/redamlo.com\/index.php\/2022\/02\/28\/tras-tuit-racista-amlo-sugiere-enviar-una-guajolota-a-embajadora-de-ucrania-en-mexico\/","name":"Tras tuit racista, AMLO sugiere enviar una \u2018guajolota\u2019 a embajadora de Ucrania en M\u00e9xico - NOTICIAS DE LA 4T","isPartOf":{"@id":"https:\/\/redamlo.com\/#website"},"primaryImageOfPage":{"@id":"https:\/\/redamlo.com\/index.php\/2022\/02\/28\/tras-tuit-racista-amlo-sugiere-enviar-una-guajolota-a-embajadora-de-ucrania-en-mexico\/#primaryimage"},"image":{"@id":"https:\/\/redamlo.com\/index.php\/2022\/02\/28\/tras-tuit-racista-amlo-sugiere-enviar-una-guajolota-a-embajadora-de-ucrania-en-mexico\/#primaryimage"},"thumbnailUrl":"https:\/\/redamlo.com\/wp-content\/uploads\/2022\/02\/454-13.png","datePublished":"2022-02-28T20:17:41+00:00","breadcrumb":{"@id":"https:\/\/redamlo.com\/index.php\/2022\/02\/28\/tras-tuit-racista-amlo-sugiere-enviar-una-guajolota-a-embajadora-de-ucrania-en-mexico\/#breadcrumb"},"inLanguage":"es","potentialAction":[{"@type":"ReadAction","target":["https:\/\/redamlo.com\/index.php\/2022\/02\/28\/tras-tuit-racista-amlo-sugiere-enviar-una-guajolota-a-embajadora-de-ucrania-en-mexico\/"]}]},{"@type":"ImageObject","inLanguage":"es","@id":"https:\/\/redamlo.com\/index.php\/2022\/02\/28\/tras-tuit-racista-amlo-sugiere-enviar-una-guajolota-a-embajadora-de-ucrania-en-mexico\/#primaryimage","url":"https:\/\/redamlo.com\/wp-content\/uploads\/2022\/02\/454-13.png","contentUrl":"https:\/\/redamlo.com\/wp-content\/uploads\/2022\/02\/454-13.png","width":696,"height":391},{"@type":"BreadcrumbList","@id":"https:\/\/redamlo.com\/index.php\/2022\/02\/28\/tras-tuit-racista-amlo-sugiere-enviar-una-guajolota-a-embajadora-de-ucrania-en-mexico\/#breadcrumb","itemListElement":[{"@type":"ListItem","position":1,"name":"Inicio","item":"https:\/\/redamlo.com\/"},{"@type":"ListItem","position":2,"name":"Tras tuit racista, AMLO sugiere enviar una \u2018guajolota\u2019 a embajadora de Ucrania en M\u00e9xico"}]},{"@type":"WebSite","@id":"https:\/\/redamlo.com\/#website","url":"https:\/\/redamlo.com\/","name":"NOTICIAS DE LA 4T","description":"","publisher":{"@id":"https:\/\/redamlo.com\/#organization"},"potentialAction":[{"@type":"SearchAction","target":{"@type":"EntryPoint","urlTemplate":"https:\/\/redamlo.com\/?s={search_term_string}"},"query-input":{"@type":"PropertyValueSpecification","valueRequired":true,"valueName":"search_term_string"}}],"inLanguage":"es"},{"@type":"Organization","@id":"https:\/\/redamlo.com\/#organization","name":"NOTICIAS DE LA 4T","url":"https:\/\/redamlo.com\/","logo":{"@type":"ImageObject","inLanguage":"es","@id":"https:\/\/redamlo.com\/#\/schema\/logo\/image\/","url":"https:\/\/redamlo.com\/wp-content\/uploads\/2024\/08\/cropped-RED-AMLO-logo-50.png","contentUrl":"https:\/\/redamlo.com\/wp-content\/uploads\/2024\/08\/cropped-RED-AMLO-logo-50.png","width":256,"height":256,"caption":"NOTICIAS DE LA 4T"},"image":{"@id":"https:\/\/redamlo.com\/#\/schema\/logo\/image\/"}},{"@type":"Person","@id":"https:\/\/redamlo.com\/#\/schema\/person\/7223a4375eb8f1a782fcae010a7115cf","name":"Blanca","image":{"@type":"ImageObject","inLanguage":"es","@id":"https:\/\/secure.gravatar.com\/avatar\/3f79bc8336367a4e6093eae8757acaaf61d1124834b905616de7829b0273426d?s=96&d=mm&r=g","url":"https:\/\/secure.gravatar.com\/avatar\/3f79bc8336367a4e6093eae8757acaaf61d1124834b905616de7829b0273426d?s=96&d=mm&r=g","contentUrl":"https:\/\/secure.gravatar.com\/avatar\/3f79bc8336367a4e6093eae8757acaaf61d1124834b905616de7829b0273426d?s=96&d=mm&r=g","caption":"Blanca"},"url":"https:\/\/redamlo.com\/index.php\/author\/blanca\/"}]}},"_links":{"self":[{"href":"https:\/\/redamlo.com\/index.php\/wp-json\/wp\/v2\/posts\/6093","targetHints":{"allow":["GET"]}}],"collection":[{"href":"https:\/\/redamlo.com\/index.php\/wp-json\/wp\/v2\/posts"}],"about":[{"href":"https:\/\/redamlo.com\/index.php\/wp-json\/wp\/v2\/types\/post"}],"author":[{"embeddable":true,"href":"https:\/\/redamlo.com\/index.php\/wp-json\/wp\/v2\/users\/2"}],"replies":[{"embeddable":true,"href":"https:\/\/redamlo.com\/index.php\/wp-json\/wp\/v2\/comments?post=6093"}],"version-history":[{"count":0,"href":"https:\/\/redamlo.com\/index.php\/wp-json\/wp\/v2\/posts\/6093\/revisions"}],"wp:featuredmedia":[{"embeddable":true,"href":"https:\/\/redamlo.com\/index.php\/wp-json\/wp\/v2\/media\/6094"}],"wp:attachment":[{"href":"https:\/\/redamlo.com\/index.php\/wp-json\/wp\/v2\/media?parent=6093"}],"wp:term":[{"taxonomy":"category","embeddable":true,"href":"https:\/\/redamlo.com\/index.php\/wp-json\/wp\/v2\/categories?post=6093"},{"taxonomy":"post_tag","embeddable":true,"href":"https:\/\/redamlo.com\/index.php\/wp-json\/wp\/v2\/tags?post=6093"}],"curies":[{"name":"wp","href":"https:\/\/api.w.org\/{rel}","templated":true}]}}