{"id":6083,"date":"2022-02-26T09:04:04","date_gmt":"2022-02-26T15:04:04","guid":{"rendered":"https:\/\/redamlo.com\/?p=6083"},"modified":"2022-02-26T09:04:04","modified_gmt":"2022-02-26T15:04:04","slug":"quienes-son-los-candidatos-a-quintana-roo-para-las-elecciones-2022","status":"publish","type":"post","link":"https:\/\/redamlo.com\/index.php\/2022\/02\/26\/quienes-son-los-candidatos-a-quintana-roo-para-las-elecciones-2022\/","title":{"rendered":"\u00bfQUI\u00c9NES SON LOS CANDIDATOS A QUINTANA ROO PARA LAS ELECCIONES 2022?"},"content":{"rendered":"\n\n<strong>Realidades.- En Quintana Roo, cuatro de los cinco candidatos a la gubernatura se registraron ante el IEQROO para las elecciones 2022.<\/strong>\n\n \n\nEste 23 de febrero inicia el periodo para el registro de los\u00a0<strong>candidatos\u00a0<\/strong>que contender\u00e1n por la gubernatura de\u00a0<strong>Quintana Roo<\/strong>\u00a0para las\u00a0<strong>elecciones 2022<\/strong>, pero qui\u00e9nes son.\n\n \n\nDesde que inici\u00f3 el proceso electoral, de la contienda baj\u00f3 un\u00a0<a href=\"https:\/\/www.tvazteca.com\/aztecanoticias\/quintana-roo-precandidatos-elecciones-2022-eb\" target=\"_blank\" rel=\"noreferrer noopener\">candidato\u00a0<\/a>y se sumaron dos m\u00e1s que buscar\u00e1n encabezar el gobierno de\u00a0<strong>Quintana Roo<\/strong>, para el periodo 2022-2028.\n\n \n\nEn esta fase de las\u00a0<strong>elecciones 2022<\/strong>\u00a0destaca la renuncia de Roberto Palazuelos a la candidatura para la gubernatura por parte del partido Movimiento Ciudadano (MC) tras sus pol\u00e9micas declaraciones.\n\n \n<figure class=\"wp-block-image size-large\"><img decoding=\"async\" class=\"wp-image-40728\" src=\"https:\/\/realidadesqroo.files.wordpress.com\/2022\/02\/image-124.png?w=1024\" alt=\"\" \/><\/figure>\n \n<h2 class=\"wp-block-heading\" id=\"candidatos-a-la-gubernatura-en-quintana-roo-en-elecciones-2022\">Candidatos a la gubernatura en Quintana Roo en elecciones 2022<\/h2>\n \n<ul class=\"wp-block-list\">\n \t<li>Mara Lezama, candidata de \u201cJuntos Haremos Historia\u201d<\/li>\n<\/ul>\n \n\nMara Lezama, realiz\u00f3 su registro el pasado 20 de febrero ante las autoridades electorales de\u00a0<strong>Quintana Roo.<\/strong>\n\n \n\nMara Lezama, quien actualmente es la presidenta municipal de Benito Ju\u00e1rez (Canc\u00fan), contender\u00e1 el pr\u00f3ximo 5 de junio de la mano de la coalici\u00f3n \u201cJuntos Haremos Historia\u201d, conformado por Morena, el Partido del Trabajo (PT) y el Partido Verde Ecologista de M\u00e9xico (PVEM).\n\n \n<figure class=\"wp-block-image size-large\"><img decoding=\"async\" class=\"wp-image-40718\" src=\"https:\/\/realidadesqroo.files.wordpress.com\/2022\/02\/image-119.png?w=864\" alt=\"\" \/><\/figure>\n \n<ul class=\"wp-block-list\">\n \t<li>Laura Fern\u00e1ndez, candidata de Vamos por Quintana Roo<\/li>\n<\/ul>\n \n\nLa diputada del PVEM abandon\u00f3 su bancada y se pas\u00f3 al PRD para poder contender por la gubernatura de<strong>\u00a0Quintana Roo.<\/strong>\n\n \n\nEl s\u00e1bado 19 de febrero, la candidata del PAN, PRD y el partido confianza por\u00a0<strong>Quintana Roo\u00a0<\/strong>realiz\u00f3 su registro acompa\u00f1ada de los l\u00edderes nacionales de los primeros partidos.\n\n \n<figure class=\"wp-block-image size-large\"><img decoding=\"async\" class=\"wp-image-40720\" src=\"https:\/\/realidadesqroo.files.wordpress.com\/2022\/02\/image-120.png?w=935\" alt=\"\" \/><\/figure>\n \n<ul class=\"wp-block-list\">\n \t<li>Leslie Hendricks, candidata del PRI<\/li>\n<\/ul>\n \n\nEn\u00a0<strong>Quintana Roo<\/strong>, el PRI ir\u00e1 solo y contender\u00e1 de la mano de Leslie Hendricks, quien era precandidata \u00fanica del partido.\n\n \n\nEl pasado domingo, Leslie Hendricks se registr\u00f3 como una de los\u00a0<strong>candidatos\u00a0<\/strong>que contender\u00e1n durante estas\u00a0<strong><a href=\"https:\/\/www.tvazteca.com\/aztecanoticias\/fechas-elecciones-2022-estados-eb\" target=\"_blank\" rel=\"noreferrer noopener\">elecciones 2022\u00a0<\/a>.<\/strong>\n\n \n\nEntre los cargos que ocup\u00f3 Leslie Hendricks est\u00e1n la presidencia del PRI en\u00a0<strong>Quintana Roo,<\/strong>\u00a0del DIF del estado, adem\u00e1s de diputada federal y local\n\n \n<figure class=\"wp-block-image size-large\"><img decoding=\"async\" class=\"wp-image-40723\" src=\"https:\/\/realidadesqroo.files.wordpress.com\/2022\/02\/image-121.png?w=636\" alt=\"\" \/><\/figure>\n \n<ul class=\"wp-block-list\">\n \t<li>Nivardo Mena, candidato de Movimiento Aut\u00e9ntico Social (MAS)<\/li>\n<\/ul>\n \n\nEl partido local de<strong>\u00a0Quintana Roo,<\/strong>\u00a0Movimiento Aut\u00e9ntico Social, postul\u00f3 a Nirvado Mena para contender por la gubernatura en junio pr\u00f3ximo.\n\n \n\nEntre los cargos que ocup\u00f3 Mena se encuentran la presidencia municipal de L\u00e1zaro C\u00e1rdenas, adem\u00e1s se le reconoce en el estado por su labor filantr\u00f3pica a trav\u00e9s de una fundaci\u00f3n sin fines de lucro dirigida para las personas pobres del estado.\n\n \n\nAntes de militar en el MAS tambi\u00e9n milit\u00f3 en el PAN, del PT y anteriormente al PRI. Contendi\u00f3 por diputaciones y alcald\u00eda.\n\n \n<figure class=\"wp-block-image size-large\"><img decoding=\"async\" class=\"wp-image-40724\" src=\"https:\/\/realidadesqroo.files.wordpress.com\/2022\/02\/image-122.png?w=786\" alt=\"\" \/><\/figure>\n \n<ul class=\"wp-block-list\">\n \t<li>Jos\u00e9 Luis Pech, candidato de Movimiento Ciudadano<\/li>\n<\/ul>\n \n\nEs el \u00fanico de los\u00a0<strong>candidatos\u00a0<\/strong>que a\u00fan no oficializa su candidatura ante las autoridades electorales locales.\n\n \n\n<strong>Jos\u00e9 Luis Pech<\/strong>, conocido como el Dr. Pech, recibi\u00f3 la invitaci\u00f3n del partido Movimiento Ciudadano para ser candidato a la gubernatura de\u00a0<strong>Quintana Roo.<\/strong>\n\n \n\nEsto ocurri\u00f3 luego de que\u00a0<a href=\"https:\/\/www.tvazteca.com\/aztecanoticias\/roberto-palazuelos-renuncia-candidatura-movimiento-ciudadano-eb\" target=\"_blank\" rel=\"noreferrer noopener\">Roberto Palazuelos desisti\u00f3 de la precandidatura\u00a0<\/a>al alegar asuntos personales y profesionales.\n\n \n\nEl Dr. Pech consigui\u00f3 un esca\u00f1o con el partido de Morena, partido al que renunci\u00f3 por temas de \u201cego\u00edsmo\u201d y ocup\u00f3 cargos como consultor regional de la Comisi\u00f3n Federal de Electricidad (CFE), adem\u00e1s de delegado del ISSSTE en el estado de Yucat\u00e1n.\n\n \n<figure class=\"wp-block-image size-large\"><img decoding=\"async\" class=\"wp-image-40726\" src=\"https:\/\/realidadesqroo.files.wordpress.com\/2022\/02\/image-123.png?w=856\" alt=\"\" \/><\/figure>\n \n\nEl martes 22 de febrero, el Dr. Pech anunci\u00f3 que se registrar\u00e1 ante el Instituto Electoral de\u00a0<strong>Quintana Roo<\/strong>\u00a0(IEQROO).\n\n \n\nFuente: <a href=\"https:\/\/www.tvazteca.com\/aztecanoticias\/quintana-roo-candidatos-elecciones-2022-eb?fbclid=IwAR19OIyVPVMPV76j6gX0vtolGzcJ18sm6YaGkT02S6Uj3WJuEaGA-oqB2ug\">tvazteca.com<\/a>\n\n","protected":false},"excerpt":{"rendered":"<p>Realidades.- En Quintana Roo, cuatro de los cinco candidatos a la gubernatura se registraron ante&#8230;<\/p>\n","protected":false},"author":2,"featured_media":6084,"comment_status":"open","ping_status":"closed","sticky":false,"template":"","format":"standard","meta":{"footnotes":""},"categories":[1],"tags":[2138,2139,2140,749,2141,24,408,389,390,21],"class_list":["post-6083","post","type-post","status-publish","format-standard","has-post-thumbnail","hentry","category-uncategorized","tag-candidatos","tag-elecciones-2022","tag-gobernador","tag-mas","tag-mc","tag-morena","tag-pri","tag-pt","tag-pvem","tag-quintana-roo"],"yoast_head":"<!-- This site is optimized with the Yoast SEO plugin v27.5 - https:\/\/yoast.com\/product\/yoast-seo-wordpress\/ -->\n<title>\u00bfQUI\u00c9NES SON LOS CANDIDATOS A QUINTANA ROO PARA LAS ELECCIONES 2022? - NOTICIAS DE LA 4T<\/title>\n<meta name=\"robots\" content=\"noindex, follow, max-snippet:-1, max-image-preview:large, max-video-preview:-1\" \/>\n<meta property=\"og:locale\" content=\"es_MX\" \/>\n<meta property=\"og:type\" content=\"article\" \/>\n<meta property=\"og:title\" content=\"\u00bfQUI\u00c9NES SON LOS CANDIDATOS A QUINTANA ROO PARA LAS ELECCIONES 2022? - NOTICIAS DE LA 4T\" \/>\n<meta property=\"og:description\" content=\"Realidades.- En Quintana Roo, cuatro de los cinco candidatos a la gubernatura se registraron ante...\" \/>\n<meta property=\"og:url\" content=\"https:\/\/redamlo.com\/index.php\/2022\/02\/26\/quienes-son-los-candidatos-a-quintana-roo-para-las-elecciones-2022\/\" \/>\n<meta property=\"og:site_name\" content=\"NOTICIAS DE LA 4T\" \/>\n<meta property=\"article:published_time\" content=\"2022-02-26T15:04:04+00:00\" \/>\n<meta property=\"og:image\" content=\"https:\/\/redamlo.com\/wp-content\/uploads\/2022\/02\/454-12.png\" \/>\n\t<meta property=\"og:image:width\" content=\"1200\" \/>\n\t<meta property=\"og:image:height\" content=\"740\" \/>\n\t<meta property=\"og:image:type\" content=\"image\/png\" \/>\n<meta name=\"author\" content=\"Blanca\" \/>\n<meta name=\"twitter:card\" content=\"summary_large_image\" \/>\n<meta name=\"twitter:label1\" content=\"Escrito por\" \/>\n\t<meta name=\"twitter:data1\" content=\"Blanca\" \/>\n\t<meta name=\"twitter:label2\" content=\"Tiempo de lectura\" \/>\n\t<meta name=\"twitter:data2\" content=\"4 minutos\" \/>\n<script type=\"application\/ld+json\" class=\"yoast-schema-graph\">{\"@context\":\"https:\\\/\\\/schema.org\",\"@graph\":[{\"@type\":\"Article\",\"@id\":\"https:\\\/\\\/redamlo.com\\\/index.php\\\/2022\\\/02\\\/26\\\/quienes-son-los-candidatos-a-quintana-roo-para-las-elecciones-2022\\\/#article\",\"isPartOf\":{\"@id\":\"https:\\\/\\\/redamlo.com\\\/index.php\\\/2022\\\/02\\\/26\\\/quienes-son-los-candidatos-a-quintana-roo-para-las-elecciones-2022\\\/\"},\"author\":{\"name\":\"Blanca\",\"@id\":\"https:\\\/\\\/redamlo.com\\\/#\\\/schema\\\/person\\\/7223a4375eb8f1a782fcae010a7115cf\"},\"headline\":\"\u00bfQUI\u00c9NES SON LOS CANDIDATOS A QUINTANA ROO PARA LAS ELECCIONES 2022?\",\"datePublished\":\"2022-02-26T15:04:04+00:00\",\"mainEntityOfPage\":{\"@id\":\"https:\\\/\\\/redamlo.com\\\/index.php\\\/2022\\\/02\\\/26\\\/quienes-son-los-candidatos-a-quintana-roo-para-las-elecciones-2022\\\/\"},\"wordCount\":571,\"commentCount\":0,\"publisher\":{\"@id\":\"https:\\\/\\\/redamlo.com\\\/#organization\"},\"image\":{\"@id\":\"https:\\\/\\\/redamlo.com\\\/index.php\\\/2022\\\/02\\\/26\\\/quienes-son-los-candidatos-a-quintana-roo-para-las-elecciones-2022\\\/#primaryimage\"},\"thumbnailUrl\":\"https:\\\/\\\/redamlo.com\\\/wp-content\\\/uploads\\\/2022\\\/02\\\/454-12.png\",\"keywords\":[\"Candidatos\",\"Elecciones 2022\",\"Gobernador\",\"MAS\",\"MC\",\"Morena\",\"PRI\",\"PT\",\"PVEM\",\"Quintana Roo\"],\"articleSection\":[\"Uncategorized\"],\"inLanguage\":\"es\",\"potentialAction\":[{\"@type\":\"CommentAction\",\"name\":\"Comment\",\"target\":[\"https:\\\/\\\/redamlo.com\\\/index.php\\\/2022\\\/02\\\/26\\\/quienes-son-los-candidatos-a-quintana-roo-para-las-elecciones-2022\\\/#respond\"]}]},{\"@type\":\"WebPage\",\"@id\":\"https:\\\/\\\/redamlo.com\\\/index.php\\\/2022\\\/02\\\/26\\\/quienes-son-los-candidatos-a-quintana-roo-para-las-elecciones-2022\\\/\",\"url\":\"https:\\\/\\\/redamlo.com\\\/index.php\\\/2022\\\/02\\\/26\\\/quienes-son-los-candidatos-a-quintana-roo-para-las-elecciones-2022\\\/\",\"name\":\"\u00bfQUI\u00c9NES SON LOS CANDIDATOS A QUINTANA ROO PARA LAS ELECCIONES 2022? - NOTICIAS DE LA 4T\",\"isPartOf\":{\"@id\":\"https:\\\/\\\/redamlo.com\\\/#website\"},\"primaryImageOfPage\":{\"@id\":\"https:\\\/\\\/redamlo.com\\\/index.php\\\/2022\\\/02\\\/26\\\/quienes-son-los-candidatos-a-quintana-roo-para-las-elecciones-2022\\\/#primaryimage\"},\"image\":{\"@id\":\"https:\\\/\\\/redamlo.com\\\/index.php\\\/2022\\\/02\\\/26\\\/quienes-son-los-candidatos-a-quintana-roo-para-las-elecciones-2022\\\/#primaryimage\"},\"thumbnailUrl\":\"https:\\\/\\\/redamlo.com\\\/wp-content\\\/uploads\\\/2022\\\/02\\\/454-12.png\",\"datePublished\":\"2022-02-26T15:04:04+00:00\",\"breadcrumb\":{\"@id\":\"https:\\\/\\\/redamlo.com\\\/index.php\\\/2022\\\/02\\\/26\\\/quienes-son-los-candidatos-a-quintana-roo-para-las-elecciones-2022\\\/#breadcrumb\"},\"inLanguage\":\"es\",\"potentialAction\":[{\"@type\":\"ReadAction\",\"target\":[\"https:\\\/\\\/redamlo.com\\\/index.php\\\/2022\\\/02\\\/26\\\/quienes-son-los-candidatos-a-quintana-roo-para-las-elecciones-2022\\\/\"]}]},{\"@type\":\"ImageObject\",\"inLanguage\":\"es\",\"@id\":\"https:\\\/\\\/redamlo.com\\\/index.php\\\/2022\\\/02\\\/26\\\/quienes-son-los-candidatos-a-quintana-roo-para-las-elecciones-2022\\\/#primaryimage\",\"url\":\"https:\\\/\\\/redamlo.com\\\/wp-content\\\/uploads\\\/2022\\\/02\\\/454-12.png\",\"contentUrl\":\"https:\\\/\\\/redamlo.com\\\/wp-content\\\/uploads\\\/2022\\\/02\\\/454-12.png\",\"width\":1200,\"height\":740},{\"@type\":\"BreadcrumbList\",\"@id\":\"https:\\\/\\\/redamlo.com\\\/index.php\\\/2022\\\/02\\\/26\\\/quienes-son-los-candidatos-a-quintana-roo-para-las-elecciones-2022\\\/#breadcrumb\",\"itemListElement\":[{\"@type\":\"ListItem\",\"position\":1,\"name\":\"Inicio\",\"item\":\"https:\\\/\\\/redamlo.com\\\/\"},{\"@type\":\"ListItem\",\"position\":2,\"name\":\"\u00bfQUI\u00c9NES SON LOS CANDIDATOS A QUINTANA ROO PARA LAS ELECCIONES 2022?\"}]},{\"@type\":\"WebSite\",\"@id\":\"https:\\\/\\\/redamlo.com\\\/#website\",\"url\":\"https:\\\/\\\/redamlo.com\\\/\",\"name\":\"NOTICIAS DE LA 4T\",\"description\":\"\",\"publisher\":{\"@id\":\"https:\\\/\\\/redamlo.com\\\/#organization\"},\"potentialAction\":[{\"@type\":\"SearchAction\",\"target\":{\"@type\":\"EntryPoint\",\"urlTemplate\":\"https:\\\/\\\/redamlo.com\\\/?s={search_term_string}\"},\"query-input\":{\"@type\":\"PropertyValueSpecification\",\"valueRequired\":true,\"valueName\":\"search_term_string\"}}],\"inLanguage\":\"es\"},{\"@type\":\"Organization\",\"@id\":\"https:\\\/\\\/redamlo.com\\\/#organization\",\"name\":\"NOTICIAS DE LA 4T\",\"url\":\"https:\\\/\\\/redamlo.com\\\/\",\"logo\":{\"@type\":\"ImageObject\",\"inLanguage\":\"es\",\"@id\":\"https:\\\/\\\/redamlo.com\\\/#\\\/schema\\\/logo\\\/image\\\/\",\"url\":\"https:\\\/\\\/redamlo.com\\\/wp-content\\\/uploads\\\/2024\\\/08\\\/cropped-RED-AMLO-logo-50.png\",\"contentUrl\":\"https:\\\/\\\/redamlo.com\\\/wp-content\\\/uploads\\\/2024\\\/08\\\/cropped-RED-AMLO-logo-50.png\",\"width\":256,\"height\":256,\"caption\":\"NOTICIAS DE LA 4T\"},\"image\":{\"@id\":\"https:\\\/\\\/redamlo.com\\\/#\\\/schema\\\/logo\\\/image\\\/\"}},{\"@type\":\"Person\",\"@id\":\"https:\\\/\\\/redamlo.com\\\/#\\\/schema\\\/person\\\/7223a4375eb8f1a782fcae010a7115cf\",\"name\":\"Blanca\",\"image\":{\"@type\":\"ImageObject\",\"inLanguage\":\"es\",\"@id\":\"https:\\\/\\\/secure.gravatar.com\\\/avatar\\\/3f79bc8336367a4e6093eae8757acaaf61d1124834b905616de7829b0273426d?s=96&d=mm&r=g\",\"url\":\"https:\\\/\\\/secure.gravatar.com\\\/avatar\\\/3f79bc8336367a4e6093eae8757acaaf61d1124834b905616de7829b0273426d?s=96&d=mm&r=g\",\"contentUrl\":\"https:\\\/\\\/secure.gravatar.com\\\/avatar\\\/3f79bc8336367a4e6093eae8757acaaf61d1124834b905616de7829b0273426d?s=96&d=mm&r=g\",\"caption\":\"Blanca\"},\"url\":\"https:\\\/\\\/redamlo.com\\\/index.php\\\/author\\\/blanca\\\/\"}]}<\/script>\n<!-- \/ Yoast SEO plugin. -->","yoast_head_json":{"title":"\u00bfQUI\u00c9NES SON LOS CANDIDATOS A QUINTANA ROO PARA LAS ELECCIONES 2022? - NOTICIAS DE LA 4T","robots":{"index":"noindex","follow":"follow","max-snippet":"max-snippet:-1","max-image-preview":"max-image-preview:large","max-video-preview":"max-video-preview:-1"},"og_locale":"es_MX","og_type":"article","og_title":"\u00bfQUI\u00c9NES SON LOS CANDIDATOS A QUINTANA ROO PARA LAS ELECCIONES 2022? - NOTICIAS DE LA 4T","og_description":"Realidades.- En Quintana Roo, cuatro de los cinco candidatos a la gubernatura se registraron ante...","og_url":"https:\/\/redamlo.com\/index.php\/2022\/02\/26\/quienes-son-los-candidatos-a-quintana-roo-para-las-elecciones-2022\/","og_site_name":"NOTICIAS DE LA 4T","article_published_time":"2022-02-26T15:04:04+00:00","og_image":[{"width":1200,"height":740,"url":"https:\/\/redamlo.com\/wp-content\/uploads\/2022\/02\/454-12.png","type":"image\/png"}],"author":"Blanca","twitter_card":"summary_large_image","twitter_misc":{"Escrito por":"Blanca","Tiempo de lectura":"4 minutos"},"schema":{"@context":"https:\/\/schema.org","@graph":[{"@type":"Article","@id":"https:\/\/redamlo.com\/index.php\/2022\/02\/26\/quienes-son-los-candidatos-a-quintana-roo-para-las-elecciones-2022\/#article","isPartOf":{"@id":"https:\/\/redamlo.com\/index.php\/2022\/02\/26\/quienes-son-los-candidatos-a-quintana-roo-para-las-elecciones-2022\/"},"author":{"name":"Blanca","@id":"https:\/\/redamlo.com\/#\/schema\/person\/7223a4375eb8f1a782fcae010a7115cf"},"headline":"\u00bfQUI\u00c9NES SON LOS CANDIDATOS A QUINTANA ROO PARA LAS ELECCIONES 2022?","datePublished":"2022-02-26T15:04:04+00:00","mainEntityOfPage":{"@id":"https:\/\/redamlo.com\/index.php\/2022\/02\/26\/quienes-son-los-candidatos-a-quintana-roo-para-las-elecciones-2022\/"},"wordCount":571,"commentCount":0,"publisher":{"@id":"https:\/\/redamlo.com\/#organization"},"image":{"@id":"https:\/\/redamlo.com\/index.php\/2022\/02\/26\/quienes-son-los-candidatos-a-quintana-roo-para-las-elecciones-2022\/#primaryimage"},"thumbnailUrl":"https:\/\/redamlo.com\/wp-content\/uploads\/2022\/02\/454-12.png","keywords":["Candidatos","Elecciones 2022","Gobernador","MAS","MC","Morena","PRI","PT","PVEM","Quintana Roo"],"articleSection":["Uncategorized"],"inLanguage":"es","potentialAction":[{"@type":"CommentAction","name":"Comment","target":["https:\/\/redamlo.com\/index.php\/2022\/02\/26\/quienes-son-los-candidatos-a-quintana-roo-para-las-elecciones-2022\/#respond"]}]},{"@type":"WebPage","@id":"https:\/\/redamlo.com\/index.php\/2022\/02\/26\/quienes-son-los-candidatos-a-quintana-roo-para-las-elecciones-2022\/","url":"https:\/\/redamlo.com\/index.php\/2022\/02\/26\/quienes-son-los-candidatos-a-quintana-roo-para-las-elecciones-2022\/","name":"\u00bfQUI\u00c9NES SON LOS CANDIDATOS A QUINTANA ROO PARA LAS ELECCIONES 2022? - NOTICIAS DE LA 4T","isPartOf":{"@id":"https:\/\/redamlo.com\/#website"},"primaryImageOfPage":{"@id":"https:\/\/redamlo.com\/index.php\/2022\/02\/26\/quienes-son-los-candidatos-a-quintana-roo-para-las-elecciones-2022\/#primaryimage"},"image":{"@id":"https:\/\/redamlo.com\/index.php\/2022\/02\/26\/quienes-son-los-candidatos-a-quintana-roo-para-las-elecciones-2022\/#primaryimage"},"thumbnailUrl":"https:\/\/redamlo.com\/wp-content\/uploads\/2022\/02\/454-12.png","datePublished":"2022-02-26T15:04:04+00:00","breadcrumb":{"@id":"https:\/\/redamlo.com\/index.php\/2022\/02\/26\/quienes-son-los-candidatos-a-quintana-roo-para-las-elecciones-2022\/#breadcrumb"},"inLanguage":"es","potentialAction":[{"@type":"ReadAction","target":["https:\/\/redamlo.com\/index.php\/2022\/02\/26\/quienes-son-los-candidatos-a-quintana-roo-para-las-elecciones-2022\/"]}]},{"@type":"ImageObject","inLanguage":"es","@id":"https:\/\/redamlo.com\/index.php\/2022\/02\/26\/quienes-son-los-candidatos-a-quintana-roo-para-las-elecciones-2022\/#primaryimage","url":"https:\/\/redamlo.com\/wp-content\/uploads\/2022\/02\/454-12.png","contentUrl":"https:\/\/redamlo.com\/wp-content\/uploads\/2022\/02\/454-12.png","width":1200,"height":740},{"@type":"BreadcrumbList","@id":"https:\/\/redamlo.com\/index.php\/2022\/02\/26\/quienes-son-los-candidatos-a-quintana-roo-para-las-elecciones-2022\/#breadcrumb","itemListElement":[{"@type":"ListItem","position":1,"name":"Inicio","item":"https:\/\/redamlo.com\/"},{"@type":"ListItem","position":2,"name":"\u00bfQUI\u00c9NES SON LOS CANDIDATOS A QUINTANA ROO PARA LAS ELECCIONES 2022?"}]},{"@type":"WebSite","@id":"https:\/\/redamlo.com\/#website","url":"https:\/\/redamlo.com\/","name":"NOTICIAS DE LA 4T","description":"","publisher":{"@id":"https:\/\/redamlo.com\/#organization"},"potentialAction":[{"@type":"SearchAction","target":{"@type":"EntryPoint","urlTemplate":"https:\/\/redamlo.com\/?s={search_term_string}"},"query-input":{"@type":"PropertyValueSpecification","valueRequired":true,"valueName":"search_term_string"}}],"inLanguage":"es"},{"@type":"Organization","@id":"https:\/\/redamlo.com\/#organization","name":"NOTICIAS DE LA 4T","url":"https:\/\/redamlo.com\/","logo":{"@type":"ImageObject","inLanguage":"es","@id":"https:\/\/redamlo.com\/#\/schema\/logo\/image\/","url":"https:\/\/redamlo.com\/wp-content\/uploads\/2024\/08\/cropped-RED-AMLO-logo-50.png","contentUrl":"https:\/\/redamlo.com\/wp-content\/uploads\/2024\/08\/cropped-RED-AMLO-logo-50.png","width":256,"height":256,"caption":"NOTICIAS DE LA 4T"},"image":{"@id":"https:\/\/redamlo.com\/#\/schema\/logo\/image\/"}},{"@type":"Person","@id":"https:\/\/redamlo.com\/#\/schema\/person\/7223a4375eb8f1a782fcae010a7115cf","name":"Blanca","image":{"@type":"ImageObject","inLanguage":"es","@id":"https:\/\/secure.gravatar.com\/avatar\/3f79bc8336367a4e6093eae8757acaaf61d1124834b905616de7829b0273426d?s=96&d=mm&r=g","url":"https:\/\/secure.gravatar.com\/avatar\/3f79bc8336367a4e6093eae8757acaaf61d1124834b905616de7829b0273426d?s=96&d=mm&r=g","contentUrl":"https:\/\/secure.gravatar.com\/avatar\/3f79bc8336367a4e6093eae8757acaaf61d1124834b905616de7829b0273426d?s=96&d=mm&r=g","caption":"Blanca"},"url":"https:\/\/redamlo.com\/index.php\/author\/blanca\/"}]}},"_links":{"self":[{"href":"https:\/\/redamlo.com\/index.php\/wp-json\/wp\/v2\/posts\/6083","targetHints":{"allow":["GET"]}}],"collection":[{"href":"https:\/\/redamlo.com\/index.php\/wp-json\/wp\/v2\/posts"}],"about":[{"href":"https:\/\/redamlo.com\/index.php\/wp-json\/wp\/v2\/types\/post"}],"author":[{"embeddable":true,"href":"https:\/\/redamlo.com\/index.php\/wp-json\/wp\/v2\/users\/2"}],"replies":[{"embeddable":true,"href":"https:\/\/redamlo.com\/index.php\/wp-json\/wp\/v2\/comments?post=6083"}],"version-history":[{"count":0,"href":"https:\/\/redamlo.com\/index.php\/wp-json\/wp\/v2\/posts\/6083\/revisions"}],"wp:featuredmedia":[{"embeddable":true,"href":"https:\/\/redamlo.com\/index.php\/wp-json\/wp\/v2\/media\/6084"}],"wp:attachment":[{"href":"https:\/\/redamlo.com\/index.php\/wp-json\/wp\/v2\/media?parent=6083"}],"wp:term":[{"taxonomy":"category","embeddable":true,"href":"https:\/\/redamlo.com\/index.php\/wp-json\/wp\/v2\/categories?post=6083"},{"taxonomy":"post_tag","embeddable":true,"href":"https:\/\/redamlo.com\/index.php\/wp-json\/wp\/v2\/tags?post=6083"}],"curies":[{"name":"wp","href":"https:\/\/api.w.org\/{rel}","templated":true}]}}