{"id":6068,"date":"2022-02-18T12:20:27","date_gmt":"2022-02-18T18:20:27","guid":{"rendered":"https:\/\/redamlo.com\/?p=6068"},"modified":"2022-02-18T12:20:27","modified_gmt":"2022-02-18T18:20:27","slug":"critica-del-senador-republicano-ted-cruz-me-llena-de-orgullo-por-lo-que-el-representa-amlo","status":"publish","type":"post","link":"https:\/\/redamlo.com\/index.php\/2022\/02\/18\/critica-del-senador-republicano-ted-cruz-me-llena-de-orgullo-por-lo-que-el-representa-amlo\/","title":{"rendered":"Cr\u00edtica del senador republicano Ted Cruz \u201cme llena de orgullo por lo que \u00e9l representa\u201d: AMLO"},"content":{"rendered":"\n\n<strong>Realidades.-<\/strong> <strong>&#8220;Si hablara bien de m\u00ed, a lo mejor me pondr\u00eda yo a pensar de que no estamos haciendo bien las cosas, pero si \u00e9l dice que estamos mal pues la verdad, si me produce orgullo&#8221;, refiri\u00f3 el mandatario en torno a la cr\u00edtica de Ted Cruz por los asesinatos de periodistas en M\u00e9xico.<\/strong>\n\n \n\nCIUDAD DE M\u00c9XICO (apro).- El presidente Andr\u00e9s Manuel L\u00f3pez Obrador calific\u00f3 como \u201cnatural\u201d la postura del senador de Estados Unidos Ted Cruz y dijo que es un orgullo escuchar las expresiones en contra de su gobierno porque esto significa que \u201cno est\u00e1 haciendo las cosas mal\u201d.\n\n \n<figure class=\"wp-block-image size-large\"><img decoding=\"async\" class=\"wp-image-40309\" src=\"https:\/\/realidadesqroo.files.wordpress.com\/2022\/02\/image-38.png?w=800\" alt=\"\" \/><\/figure>\n \n<blockquote class=\"wp-block-quote is-layout-flow wp-block-quote-is-layout-flow\">\u201cAhora que es un momento de transformaci\u00f3n, porque la verdad es un timbre de orgullo que un senador se lance en contra del gobierno que represento, me llena de orgullo por lo que \u00e9l representa y representamos, si \u00e9l me alabara, si hablara bien de m\u00ed, a lo mejor me pondr\u00eda yo a pensar de que no estamos haciendo bien las cosas, pero si \u00e9l dice que estamos mal pues la verdad, si me produce orgullo y es normal en un proceso democr\u00e1tico que existan estas expresiones\u201d, indic\u00f3.<\/blockquote>\n \n\nEn la conferencia ma\u00f1anera, desde Ciudad Ju\u00e1rez, el mandatario se\u00f1al\u00f3 que el senador extranjero est\u00e1 en contra de la pol\u00edtica del gobierno de M\u00e9xico porque es a favor del pueblo y en defensa de los mexicanos que trabajan y viven dignamente en Estados Unidos.\n\n \n\nLuego, arremeti\u00f3 contra sus adversarios en M\u00e9xico que difundieron masivamente la postura del senador de Estados Unidos, Ted Cruz por el tema de los asesinatos contra periodistas y pol\u00edticos mexicanos.\n\n \n<figure class=\"wp-block-image size-large\"><img decoding=\"async\" class=\"wp-image-40311\" src=\"https:\/\/realidadesqroo.files.wordpress.com\/2022\/02\/image-39.png?w=1024\" alt=\"\" \/><\/figure>\n \n<blockquote class=\"wp-block-quote is-layout-flow wp-block-quote-is-layout-flow\">\u201cAyer hubo tambi\u00e9n como cuando (Carlos) Loret, una especie de Todos somos Ted Cruz, los conservadores mexicanos que hist\u00f3ricamente siempre se han destacado por ser traidores a la patria, es cosa de conocer la historia de Santa Ana y lo que hicieron los conservadores cuando fueron a buscar a Maximiliano, ellos est\u00e1n contentos y apoyando estas declaraciones, pero es normal, que esto suceda\u201d, consider\u00f3 el mandatario.<\/blockquote>\n \n\nAdem\u00e1s, dijo que las circunstancias no permiten \u201clas medias tintas\u201d y \u201csimulaci\u00f3n\u201d porque, afirm\u00f3, que antes enga\u00f1aban a la gente, se hablaba de cambio y lo que hab\u00eda era un gatopardismo, pues en apariencia cambian para seguir igual, se\u00f1al\u00f3.\n\n \n<blockquote class=\"wp-block-quote is-layout-flow wp-block-quote-is-layout-flow\">\u201cSe hablaba de sociedad civil cuando eran grupos de clase media alta o gente vinculada a organizaciones conservadoras, se hablaba de organismos independientes, candidatos independientes todo eso y ya ahora est\u00e1 quedando de manifiesto que son dos posturas, como ha sido la historia de M\u00e9xico siempre y del mundo en lo pol\u00edtico, es el movimiento liberal y conservador\u201d, sentenci\u00f3.<\/blockquote>\n \n\nFuente:<a href=\"https:\/\/www.proceso.com.mx\/nacional\/2022\/2\/18\/critica-del-senador-republicano-ted-cruz-me-llena-de-orgullo-por-lo-que-el-representa-amlo-281113.html?fbclid=IwAR3j8ZDmN68j_4dWjakeU34RDJ41pcqwZSO1bBYvxQjR-ZmpskO4B75tF2Q\"> LPO<\/a>\n\n","protected":false},"excerpt":{"rendered":"<p>Realidades.- &#8220;Si hablara bien de m\u00ed, a lo mejor me pondr\u00eda yo a pensar de&#8230;<\/p>\n","protected":false},"author":2,"featured_media":6070,"comment_status":"open","ping_status":"closed","sticky":false,"template":"","format":"standard","meta":{"footnotes":""},"categories":[25,20],"tags":[2115,84,2116,2117,2118,2119,2120,2121,9,2122,2123,2124,2125],"class_list":["post-6068","post","type-post","status-publish","format-standard","has-post-thumbnail","hentry","category-4t","category-nacionales","tag-acertando","tag-amlo","tag-asesinatos-periodistas","tag-critica","tag-defensa-de-mexicanos","tag-difucion-masiva","tag-en-contra-de-mexico","tag-medios-vendidos","tag-mexico","tag-natural-postra","tag-orgullo","tag-senador-republicano","tag-ted-cruz"],"yoast_head":"<!-- This site is optimized with the Yoast SEO plugin v27.5 - https:\/\/yoast.com\/product\/yoast-seo-wordpress\/ -->\n<title>Cr\u00edtica del senador republicano Ted Cruz \u201cme llena de orgullo por lo que \u00e9l representa\u201d: AMLO - NOTICIAS DE LA 4T<\/title>\n<meta name=\"robots\" content=\"noindex, follow, max-snippet:-1, max-image-preview:large, max-video-preview:-1\" \/>\n<meta property=\"og:locale\" content=\"es_MX\" \/>\n<meta property=\"og:type\" content=\"article\" \/>\n<meta property=\"og:title\" content=\"Cr\u00edtica del senador republicano Ted Cruz \u201cme llena de orgullo por lo que \u00e9l representa\u201d: AMLO - NOTICIAS DE LA 4T\" \/>\n<meta property=\"og:description\" content=\"Realidades.- &#8220;Si hablara bien de m\u00ed, a lo mejor me pondr\u00eda yo a pensar de...\" \/>\n<meta property=\"og:url\" content=\"https:\/\/redamlo.com\/index.php\/2022\/02\/18\/critica-del-senador-republicano-ted-cruz-me-llena-de-orgullo-por-lo-que-el-representa-amlo\/\" \/>\n<meta property=\"og:site_name\" content=\"NOTICIAS DE LA 4T\" \/>\n<meta property=\"article:published_time\" content=\"2022-02-18T18:20:27+00:00\" \/>\n<meta property=\"og:image\" content=\"https:\/\/redamlo.com\/wp-content\/uploads\/2022\/02\/454-10.png\" \/>\n\t<meta property=\"og:image:width\" content=\"1200\" \/>\n\t<meta property=\"og:image:height\" content=\"800\" \/>\n\t<meta property=\"og:image:type\" content=\"image\/png\" \/>\n<meta name=\"author\" content=\"Blanca\" \/>\n<meta name=\"twitter:card\" content=\"summary_large_image\" \/>\n<meta name=\"twitter:label1\" content=\"Escrito por\" \/>\n\t<meta name=\"twitter:data1\" content=\"Blanca\" \/>\n\t<meta name=\"twitter:label2\" content=\"Tiempo de lectura\" \/>\n\t<meta name=\"twitter:data2\" content=\"3 minutos\" \/>\n<script type=\"application\/ld+json\" class=\"yoast-schema-graph\">{\"@context\":\"https:\\\/\\\/schema.org\",\"@graph\":[{\"@type\":\"Article\",\"@id\":\"https:\\\/\\\/redamlo.com\\\/index.php\\\/2022\\\/02\\\/18\\\/critica-del-senador-republicano-ted-cruz-me-llena-de-orgullo-por-lo-que-el-representa-amlo\\\/#article\",\"isPartOf\":{\"@id\":\"https:\\\/\\\/redamlo.com\\\/index.php\\\/2022\\\/02\\\/18\\\/critica-del-senador-republicano-ted-cruz-me-llena-de-orgullo-por-lo-que-el-representa-amlo\\\/\"},\"author\":{\"name\":\"Blanca\",\"@id\":\"https:\\\/\\\/redamlo.com\\\/#\\\/schema\\\/person\\\/7223a4375eb8f1a782fcae010a7115cf\"},\"headline\":\"Cr\u00edtica del senador republicano Ted Cruz \u201cme llena de orgullo por lo que \u00e9l representa\u201d: AMLO\",\"datePublished\":\"2022-02-18T18:20:27+00:00\",\"mainEntityOfPage\":{\"@id\":\"https:\\\/\\\/redamlo.com\\\/index.php\\\/2022\\\/02\\\/18\\\/critica-del-senador-republicano-ted-cruz-me-llena-de-orgullo-por-lo-que-el-representa-amlo\\\/\"},\"wordCount\":473,\"commentCount\":0,\"publisher\":{\"@id\":\"https:\\\/\\\/redamlo.com\\\/#organization\"},\"image\":{\"@id\":\"https:\\\/\\\/redamlo.com\\\/index.php\\\/2022\\\/02\\\/18\\\/critica-del-senador-republicano-ted-cruz-me-llena-de-orgullo-por-lo-que-el-representa-amlo\\\/#primaryimage\"},\"thumbnailUrl\":\"https:\\\/\\\/redamlo.com\\\/wp-content\\\/uploads\\\/2022\\\/02\\\/454-10.png\",\"keywords\":[\"Acertando\",\"AMLO\",\"Asesinatos periodistas\",\"Critica\",\"Defensa de Mexicanos\",\"Difuci\u00f3n Masiva\",\"En contra de M\u00e9xico\",\"Medios Vendidos\",\"M\u00e9xico\",\"Natural postra\",\"Orgullo\",\"Senador Republicano\",\"Ted Cruz\"],\"articleSection\":[\"4T\",\"Nacionales\"],\"inLanguage\":\"es\",\"potentialAction\":[{\"@type\":\"CommentAction\",\"name\":\"Comment\",\"target\":[\"https:\\\/\\\/redamlo.com\\\/index.php\\\/2022\\\/02\\\/18\\\/critica-del-senador-republicano-ted-cruz-me-llena-de-orgullo-por-lo-que-el-representa-amlo\\\/#respond\"]}]},{\"@type\":\"WebPage\",\"@id\":\"https:\\\/\\\/redamlo.com\\\/index.php\\\/2022\\\/02\\\/18\\\/critica-del-senador-republicano-ted-cruz-me-llena-de-orgullo-por-lo-que-el-representa-amlo\\\/\",\"url\":\"https:\\\/\\\/redamlo.com\\\/index.php\\\/2022\\\/02\\\/18\\\/critica-del-senador-republicano-ted-cruz-me-llena-de-orgullo-por-lo-que-el-representa-amlo\\\/\",\"name\":\"Cr\u00edtica del senador republicano Ted Cruz \u201cme llena de orgullo por lo que \u00e9l representa\u201d: AMLO - NOTICIAS DE LA 4T\",\"isPartOf\":{\"@id\":\"https:\\\/\\\/redamlo.com\\\/#website\"},\"primaryImageOfPage\":{\"@id\":\"https:\\\/\\\/redamlo.com\\\/index.php\\\/2022\\\/02\\\/18\\\/critica-del-senador-republicano-ted-cruz-me-llena-de-orgullo-por-lo-que-el-representa-amlo\\\/#primaryimage\"},\"image\":{\"@id\":\"https:\\\/\\\/redamlo.com\\\/index.php\\\/2022\\\/02\\\/18\\\/critica-del-senador-republicano-ted-cruz-me-llena-de-orgullo-por-lo-que-el-representa-amlo\\\/#primaryimage\"},\"thumbnailUrl\":\"https:\\\/\\\/redamlo.com\\\/wp-content\\\/uploads\\\/2022\\\/02\\\/454-10.png\",\"datePublished\":\"2022-02-18T18:20:27+00:00\",\"breadcrumb\":{\"@id\":\"https:\\\/\\\/redamlo.com\\\/index.php\\\/2022\\\/02\\\/18\\\/critica-del-senador-republicano-ted-cruz-me-llena-de-orgullo-por-lo-que-el-representa-amlo\\\/#breadcrumb\"},\"inLanguage\":\"es\",\"potentialAction\":[{\"@type\":\"ReadAction\",\"target\":[\"https:\\\/\\\/redamlo.com\\\/index.php\\\/2022\\\/02\\\/18\\\/critica-del-senador-republicano-ted-cruz-me-llena-de-orgullo-por-lo-que-el-representa-amlo\\\/\"]}]},{\"@type\":\"ImageObject\",\"inLanguage\":\"es\",\"@id\":\"https:\\\/\\\/redamlo.com\\\/index.php\\\/2022\\\/02\\\/18\\\/critica-del-senador-republicano-ted-cruz-me-llena-de-orgullo-por-lo-que-el-representa-amlo\\\/#primaryimage\",\"url\":\"https:\\\/\\\/redamlo.com\\\/wp-content\\\/uploads\\\/2022\\\/02\\\/454-10.png\",\"contentUrl\":\"https:\\\/\\\/redamlo.com\\\/wp-content\\\/uploads\\\/2022\\\/02\\\/454-10.png\",\"width\":1200,\"height\":800},{\"@type\":\"BreadcrumbList\",\"@id\":\"https:\\\/\\\/redamlo.com\\\/index.php\\\/2022\\\/02\\\/18\\\/critica-del-senador-republicano-ted-cruz-me-llena-de-orgullo-por-lo-que-el-representa-amlo\\\/#breadcrumb\",\"itemListElement\":[{\"@type\":\"ListItem\",\"position\":1,\"name\":\"Inicio\",\"item\":\"https:\\\/\\\/redamlo.com\\\/\"},{\"@type\":\"ListItem\",\"position\":2,\"name\":\"Cr\u00edtica del senador republicano Ted Cruz \u201cme llena de orgullo por lo que \u00e9l representa\u201d: AMLO\"}]},{\"@type\":\"WebSite\",\"@id\":\"https:\\\/\\\/redamlo.com\\\/#website\",\"url\":\"https:\\\/\\\/redamlo.com\\\/\",\"name\":\"NOTICIAS DE LA 4T\",\"description\":\"\",\"publisher\":{\"@id\":\"https:\\\/\\\/redamlo.com\\\/#organization\"},\"potentialAction\":[{\"@type\":\"SearchAction\",\"target\":{\"@type\":\"EntryPoint\",\"urlTemplate\":\"https:\\\/\\\/redamlo.com\\\/?s={search_term_string}\"},\"query-input\":{\"@type\":\"PropertyValueSpecification\",\"valueRequired\":true,\"valueName\":\"search_term_string\"}}],\"inLanguage\":\"es\"},{\"@type\":\"Organization\",\"@id\":\"https:\\\/\\\/redamlo.com\\\/#organization\",\"name\":\"NOTICIAS DE LA 4T\",\"url\":\"https:\\\/\\\/redamlo.com\\\/\",\"logo\":{\"@type\":\"ImageObject\",\"inLanguage\":\"es\",\"@id\":\"https:\\\/\\\/redamlo.com\\\/#\\\/schema\\\/logo\\\/image\\\/\",\"url\":\"https:\\\/\\\/redamlo.com\\\/wp-content\\\/uploads\\\/2024\\\/08\\\/cropped-RED-AMLO-logo-50.png\",\"contentUrl\":\"https:\\\/\\\/redamlo.com\\\/wp-content\\\/uploads\\\/2024\\\/08\\\/cropped-RED-AMLO-logo-50.png\",\"width\":256,\"height\":256,\"caption\":\"NOTICIAS DE LA 4T\"},\"image\":{\"@id\":\"https:\\\/\\\/redamlo.com\\\/#\\\/schema\\\/logo\\\/image\\\/\"}},{\"@type\":\"Person\",\"@id\":\"https:\\\/\\\/redamlo.com\\\/#\\\/schema\\\/person\\\/7223a4375eb8f1a782fcae010a7115cf\",\"name\":\"Blanca\",\"image\":{\"@type\":\"ImageObject\",\"inLanguage\":\"es\",\"@id\":\"https:\\\/\\\/secure.gravatar.com\\\/avatar\\\/3f79bc8336367a4e6093eae8757acaaf61d1124834b905616de7829b0273426d?s=96&d=mm&r=g\",\"url\":\"https:\\\/\\\/secure.gravatar.com\\\/avatar\\\/3f79bc8336367a4e6093eae8757acaaf61d1124834b905616de7829b0273426d?s=96&d=mm&r=g\",\"contentUrl\":\"https:\\\/\\\/secure.gravatar.com\\\/avatar\\\/3f79bc8336367a4e6093eae8757acaaf61d1124834b905616de7829b0273426d?s=96&d=mm&r=g\",\"caption\":\"Blanca\"},\"url\":\"https:\\\/\\\/redamlo.com\\\/index.php\\\/author\\\/blanca\\\/\"}]}<\/script>\n<!-- \/ Yoast SEO plugin. -->","yoast_head_json":{"title":"Cr\u00edtica del senador republicano Ted Cruz \u201cme llena de orgullo por lo que \u00e9l representa\u201d: AMLO - NOTICIAS DE LA 4T","robots":{"index":"noindex","follow":"follow","max-snippet":"max-snippet:-1","max-image-preview":"max-image-preview:large","max-video-preview":"max-video-preview:-1"},"og_locale":"es_MX","og_type":"article","og_title":"Cr\u00edtica del senador republicano Ted Cruz \u201cme llena de orgullo por lo que \u00e9l representa\u201d: AMLO - NOTICIAS DE LA 4T","og_description":"Realidades.- &#8220;Si hablara bien de m\u00ed, a lo mejor me pondr\u00eda yo a pensar de...","og_url":"https:\/\/redamlo.com\/index.php\/2022\/02\/18\/critica-del-senador-republicano-ted-cruz-me-llena-de-orgullo-por-lo-que-el-representa-amlo\/","og_site_name":"NOTICIAS DE LA 4T","article_published_time":"2022-02-18T18:20:27+00:00","og_image":[{"width":1200,"height":800,"url":"https:\/\/redamlo.com\/wp-content\/uploads\/2022\/02\/454-10.png","type":"image\/png"}],"author":"Blanca","twitter_card":"summary_large_image","twitter_misc":{"Escrito por":"Blanca","Tiempo de lectura":"3 minutos"},"schema":{"@context":"https:\/\/schema.org","@graph":[{"@type":"Article","@id":"https:\/\/redamlo.com\/index.php\/2022\/02\/18\/critica-del-senador-republicano-ted-cruz-me-llena-de-orgullo-por-lo-que-el-representa-amlo\/#article","isPartOf":{"@id":"https:\/\/redamlo.com\/index.php\/2022\/02\/18\/critica-del-senador-republicano-ted-cruz-me-llena-de-orgullo-por-lo-que-el-representa-amlo\/"},"author":{"name":"Blanca","@id":"https:\/\/redamlo.com\/#\/schema\/person\/7223a4375eb8f1a782fcae010a7115cf"},"headline":"Cr\u00edtica del senador republicano Ted Cruz \u201cme llena de orgullo por lo que \u00e9l representa\u201d: AMLO","datePublished":"2022-02-18T18:20:27+00:00","mainEntityOfPage":{"@id":"https:\/\/redamlo.com\/index.php\/2022\/02\/18\/critica-del-senador-republicano-ted-cruz-me-llena-de-orgullo-por-lo-que-el-representa-amlo\/"},"wordCount":473,"commentCount":0,"publisher":{"@id":"https:\/\/redamlo.com\/#organization"},"image":{"@id":"https:\/\/redamlo.com\/index.php\/2022\/02\/18\/critica-del-senador-republicano-ted-cruz-me-llena-de-orgullo-por-lo-que-el-representa-amlo\/#primaryimage"},"thumbnailUrl":"https:\/\/redamlo.com\/wp-content\/uploads\/2022\/02\/454-10.png","keywords":["Acertando","AMLO","Asesinatos periodistas","Critica","Defensa de Mexicanos","Difuci\u00f3n Masiva","En contra de M\u00e9xico","Medios Vendidos","M\u00e9xico","Natural postra","Orgullo","Senador Republicano","Ted Cruz"],"articleSection":["4T","Nacionales"],"inLanguage":"es","potentialAction":[{"@type":"CommentAction","name":"Comment","target":["https:\/\/redamlo.com\/index.php\/2022\/02\/18\/critica-del-senador-republicano-ted-cruz-me-llena-de-orgullo-por-lo-que-el-representa-amlo\/#respond"]}]},{"@type":"WebPage","@id":"https:\/\/redamlo.com\/index.php\/2022\/02\/18\/critica-del-senador-republicano-ted-cruz-me-llena-de-orgullo-por-lo-que-el-representa-amlo\/","url":"https:\/\/redamlo.com\/index.php\/2022\/02\/18\/critica-del-senador-republicano-ted-cruz-me-llena-de-orgullo-por-lo-que-el-representa-amlo\/","name":"Cr\u00edtica del senador republicano Ted Cruz \u201cme llena de orgullo por lo que \u00e9l representa\u201d: AMLO - NOTICIAS DE LA 4T","isPartOf":{"@id":"https:\/\/redamlo.com\/#website"},"primaryImageOfPage":{"@id":"https:\/\/redamlo.com\/index.php\/2022\/02\/18\/critica-del-senador-republicano-ted-cruz-me-llena-de-orgullo-por-lo-que-el-representa-amlo\/#primaryimage"},"image":{"@id":"https:\/\/redamlo.com\/index.php\/2022\/02\/18\/critica-del-senador-republicano-ted-cruz-me-llena-de-orgullo-por-lo-que-el-representa-amlo\/#primaryimage"},"thumbnailUrl":"https:\/\/redamlo.com\/wp-content\/uploads\/2022\/02\/454-10.png","datePublished":"2022-02-18T18:20:27+00:00","breadcrumb":{"@id":"https:\/\/redamlo.com\/index.php\/2022\/02\/18\/critica-del-senador-republicano-ted-cruz-me-llena-de-orgullo-por-lo-que-el-representa-amlo\/#breadcrumb"},"inLanguage":"es","potentialAction":[{"@type":"ReadAction","target":["https:\/\/redamlo.com\/index.php\/2022\/02\/18\/critica-del-senador-republicano-ted-cruz-me-llena-de-orgullo-por-lo-que-el-representa-amlo\/"]}]},{"@type":"ImageObject","inLanguage":"es","@id":"https:\/\/redamlo.com\/index.php\/2022\/02\/18\/critica-del-senador-republicano-ted-cruz-me-llena-de-orgullo-por-lo-que-el-representa-amlo\/#primaryimage","url":"https:\/\/redamlo.com\/wp-content\/uploads\/2022\/02\/454-10.png","contentUrl":"https:\/\/redamlo.com\/wp-content\/uploads\/2022\/02\/454-10.png","width":1200,"height":800},{"@type":"BreadcrumbList","@id":"https:\/\/redamlo.com\/index.php\/2022\/02\/18\/critica-del-senador-republicano-ted-cruz-me-llena-de-orgullo-por-lo-que-el-representa-amlo\/#breadcrumb","itemListElement":[{"@type":"ListItem","position":1,"name":"Inicio","item":"https:\/\/redamlo.com\/"},{"@type":"ListItem","position":2,"name":"Cr\u00edtica del senador republicano Ted Cruz \u201cme llena de orgullo por lo que \u00e9l representa\u201d: AMLO"}]},{"@type":"WebSite","@id":"https:\/\/redamlo.com\/#website","url":"https:\/\/redamlo.com\/","name":"NOTICIAS DE LA 4T","description":"","publisher":{"@id":"https:\/\/redamlo.com\/#organization"},"potentialAction":[{"@type":"SearchAction","target":{"@type":"EntryPoint","urlTemplate":"https:\/\/redamlo.com\/?s={search_term_string}"},"query-input":{"@type":"PropertyValueSpecification","valueRequired":true,"valueName":"search_term_string"}}],"inLanguage":"es"},{"@type":"Organization","@id":"https:\/\/redamlo.com\/#organization","name":"NOTICIAS DE LA 4T","url":"https:\/\/redamlo.com\/","logo":{"@type":"ImageObject","inLanguage":"es","@id":"https:\/\/redamlo.com\/#\/schema\/logo\/image\/","url":"https:\/\/redamlo.com\/wp-content\/uploads\/2024\/08\/cropped-RED-AMLO-logo-50.png","contentUrl":"https:\/\/redamlo.com\/wp-content\/uploads\/2024\/08\/cropped-RED-AMLO-logo-50.png","width":256,"height":256,"caption":"NOTICIAS DE LA 4T"},"image":{"@id":"https:\/\/redamlo.com\/#\/schema\/logo\/image\/"}},{"@type":"Person","@id":"https:\/\/redamlo.com\/#\/schema\/person\/7223a4375eb8f1a782fcae010a7115cf","name":"Blanca","image":{"@type":"ImageObject","inLanguage":"es","@id":"https:\/\/secure.gravatar.com\/avatar\/3f79bc8336367a4e6093eae8757acaaf61d1124834b905616de7829b0273426d?s=96&d=mm&r=g","url":"https:\/\/secure.gravatar.com\/avatar\/3f79bc8336367a4e6093eae8757acaaf61d1124834b905616de7829b0273426d?s=96&d=mm&r=g","contentUrl":"https:\/\/secure.gravatar.com\/avatar\/3f79bc8336367a4e6093eae8757acaaf61d1124834b905616de7829b0273426d?s=96&d=mm&r=g","caption":"Blanca"},"url":"https:\/\/redamlo.com\/index.php\/author\/blanca\/"}]}},"_links":{"self":[{"href":"https:\/\/redamlo.com\/index.php\/wp-json\/wp\/v2\/posts\/6068","targetHints":{"allow":["GET"]}}],"collection":[{"href":"https:\/\/redamlo.com\/index.php\/wp-json\/wp\/v2\/posts"}],"about":[{"href":"https:\/\/redamlo.com\/index.php\/wp-json\/wp\/v2\/types\/post"}],"author":[{"embeddable":true,"href":"https:\/\/redamlo.com\/index.php\/wp-json\/wp\/v2\/users\/2"}],"replies":[{"embeddable":true,"href":"https:\/\/redamlo.com\/index.php\/wp-json\/wp\/v2\/comments?post=6068"}],"version-history":[{"count":0,"href":"https:\/\/redamlo.com\/index.php\/wp-json\/wp\/v2\/posts\/6068\/revisions"}],"wp:featuredmedia":[{"embeddable":true,"href":"https:\/\/redamlo.com\/index.php\/wp-json\/wp\/v2\/media\/6070"}],"wp:attachment":[{"href":"https:\/\/redamlo.com\/index.php\/wp-json\/wp\/v2\/media?parent=6068"}],"wp:term":[{"taxonomy":"category","embeddable":true,"href":"https:\/\/redamlo.com\/index.php\/wp-json\/wp\/v2\/categories?post=6068"},{"taxonomy":"post_tag","embeddable":true,"href":"https:\/\/redamlo.com\/index.php\/wp-json\/wp\/v2\/tags?post=6068"}],"curies":[{"name":"wp","href":"https:\/\/api.w.org\/{rel}","templated":true}]}}