{"id":6060,"date":"2022-02-16T08:46:21","date_gmt":"2022-02-16T14:46:21","guid":{"rendered":"https:\/\/redamlo.com\/?p=6060"},"modified":"2022-02-16T08:46:21","modified_gmt":"2022-02-16T14:46:21","slug":"el-presidente-le-pide-a-sus-hijos-que-resistan","status":"publish","type":"post","link":"https:\/\/redamlo.com\/index.php\/2022\/02\/16\/el-presidente-le-pide-a-sus-hijos-que-resistan\/","title":{"rendered":"El Presidente le pide a sus hijos que \u201cresistan\u201d"},"content":{"rendered":"\n\n<strong>Realidades.- El Presidente de M\u00e9xico, Andr\u00e9s Manuel L\u00f3pez Obrador, habl\u00f3 este martes de sus hijos, a quienes les pidi\u00f3 que \u201cresistan\u201d.<\/strong>\n\n \n\nDurante su conferencia de prensa desde Palacio Nacional, el mandatario se dijo orgulloso por la forma en que sus hijos han aguantado el espionaje y el acoso.\n\n \n<figure class=\"wp-block-image is-resized\"><img loading=\"lazy\" decoding=\"async\" src=\"https:\/\/informativomx.online\/wp-content\/uploads\/2022\/02\/2056046.jpg\" alt=\"El Presidente le pide a sus hijos que \u201cresistan\u201d\" width=\"719\" height=\"483\" \/><\/figure>\n \n\n\u201cAcerca de lo de mis hijos, yo tengo la ventaja, por decirlo as\u00ed, de que hemos sido espiados durante muchos a\u00f1os, desde que ellos estaban peque\u00f1itos, cuando empezamos a ser oposici\u00f3n en Tabasco. Nos cost\u00f3 trabajo conseguir escuelas para que los inscribieran. Ya se pueden imaginar por las que hemos pasado\u201d, expres\u00f3.\n\n \n<figure class=\"wp-block-image\"><img decoding=\"async\" src=\"https:\/\/www.eleconomista.com.mx\/__export\/1626791278254\/sites\/eleconomista\/img\/2021\/07\/20\/amlo_conferencia_habla_de_pegasus_y_espionaje.png_469128822.png\" alt=\"AMLO no presentar\u00e1 denuncia por espionaje con Pegasus a su familia y  c\u00edrculo cercano | El Economista\" \/><\/figure>\n \n\nL\u00f3pez Obrador cont\u00f3 cuando estuvo a punto de ser detenido por 11 supuestos delitos durante el movimiento por la defensa del petr\u00f3leo, en Tabasco.\n\n \n<figure class=\"wp-block-image\"><img decoding=\"async\" src=\"http:\/\/www.capitalmexico.com.mx\/wp-content\/uploads\/2017\/11\/Primera-familia.jpg\" alt=\"Este es el origen familiar de Andr\u00e9s Manuel L\u00f3pez Obrador | Capital M\u00e9xico\" \/><\/figure>\n \n<figure class=\"wp-block-embed is-type-video is-provider-youtube wp-block-embed-youtube wp-embed-aspect-16-9 wp-has-aspect-ratio\">\n<div class=\"wp-block-embed__wrapper\">https:\/\/youtu.be\/ymnqFEnL2-c<\/div><\/figure>\n \n\n\u201cEllos han visto como cuando el movimiento en defensa del petr\u00f3leo, all\u00e1 por 1995 o 1996. Yo tra\u00eda orden de aprehensi\u00f3n. Me metieron todo el C\u00f3digo Penal, como 11 delitos. Entonces, para obligarme a que yo me amparara o que yo me fugara, pasaban helic\u00f3pteros en ese entonces del Cisen. Estaba Tello en el Cisen y Roberto Madrazo de Gobernador\u201d, detall\u00f3.\n\n \n\nFuente: <a href=\"https:\/\/informativomx.online\/politica\/el-presidente-le-pide-a-sus-hijos-que-resistan\/?fbclid=IwAR0uYI4LLYBlt74Y4mRm07f9UnLEWbpUrlcYu0A65XGZnLh3DqO4iFHAOFM\">informativomx.online<\/a>\n\n","protected":false},"excerpt":{"rendered":"<p>Realidades.- El Presidente de M\u00e9xico, Andr\u00e9s Manuel L\u00f3pez Obrador, habl\u00f3 este martes de sus hijos,&#8230;<\/p>\n","protected":false},"author":2,"featured_media":6061,"comment_status":"open","ping_status":"closed","sticky":false,"template":"","format":"standard","meta":{"footnotes":""},"categories":[25,20],"tags":[84,2104,1222,2105,2106,2107,2108,2109,2110,2111,2112,2113,2114],"class_list":["post-6060","post","type-post","status-publish","format-standard","has-post-thumbnail","hentry","category-4t","category-nacionales","tag-amlo","tag-blockeo-en-escuelas","tag-cisen","tag-desde-tabasco","tag-espiados-desde-peqenitos","tag-espionaje-y-acoso","tag-han-aguantado","tag-ordenes-de-aprehension","tag-pide-a-sus-hijos","tag-presidente","tag-resistan","tag-roberto-madrazo","tag-tello"],"yoast_head":"<!-- This site is optimized with the Yoast SEO plugin v27.5 - https:\/\/yoast.com\/product\/yoast-seo-wordpress\/ -->\n<title>El Presidente le pide a sus hijos que \u201cresistan\u201d - NOTICIAS DE LA 4T<\/title>\n<meta name=\"robots\" content=\"noindex, follow, max-snippet:-1, max-image-preview:large, max-video-preview:-1\" \/>\n<meta property=\"og:locale\" content=\"es_MX\" \/>\n<meta property=\"og:type\" content=\"article\" \/>\n<meta property=\"og:title\" content=\"El Presidente le pide a sus hijos que \u201cresistan\u201d - NOTICIAS DE LA 4T\" \/>\n<meta property=\"og:description\" content=\"Realidades.- El Presidente de M\u00e9xico, Andr\u00e9s Manuel L\u00f3pez Obrador, habl\u00f3 este martes de sus hijos,...\" \/>\n<meta property=\"og:url\" content=\"https:\/\/redamlo.com\/index.php\/2022\/02\/16\/el-presidente-le-pide-a-sus-hijos-que-resistan\/\" \/>\n<meta property=\"og:site_name\" content=\"NOTICIAS DE LA 4T\" \/>\n<meta property=\"article:published_time\" content=\"2022-02-16T14:46:21+00:00\" \/>\n<meta property=\"og:image\" content=\"https:\/\/redamlo.com\/wp-content\/uploads\/2022\/02\/454-8.png\" \/>\n\t<meta property=\"og:image:width\" content=\"1000\" \/>\n\t<meta property=\"og:image:height\" content=\"520\" \/>\n\t<meta property=\"og:image:type\" content=\"image\/png\" \/>\n<meta name=\"author\" content=\"Blanca\" \/>\n<meta name=\"twitter:card\" content=\"summary_large_image\" \/>\n<meta name=\"twitter:label1\" content=\"Escrito por\" \/>\n\t<meta name=\"twitter:data1\" content=\"Blanca\" \/>\n\t<meta name=\"twitter:label2\" content=\"Tiempo de lectura\" \/>\n\t<meta name=\"twitter:data2\" content=\"2 minutos\" \/>\n<script type=\"application\/ld+json\" class=\"yoast-schema-graph\">{\"@context\":\"https:\\\/\\\/schema.org\",\"@graph\":[{\"@type\":\"Article\",\"@id\":\"https:\\\/\\\/redamlo.com\\\/index.php\\\/2022\\\/02\\\/16\\\/el-presidente-le-pide-a-sus-hijos-que-resistan\\\/#article\",\"isPartOf\":{\"@id\":\"https:\\\/\\\/redamlo.com\\\/index.php\\\/2022\\\/02\\\/16\\\/el-presidente-le-pide-a-sus-hijos-que-resistan\\\/\"},\"author\":{\"name\":\"Blanca\",\"@id\":\"https:\\\/\\\/redamlo.com\\\/#\\\/schema\\\/person\\\/7223a4375eb8f1a782fcae010a7115cf\"},\"headline\":\"El Presidente le pide a sus hijos que \u201cresistan\u201d\",\"datePublished\":\"2022-02-16T14:46:21+00:00\",\"mainEntityOfPage\":{\"@id\":\"https:\\\/\\\/redamlo.com\\\/index.php\\\/2022\\\/02\\\/16\\\/el-presidente-le-pide-a-sus-hijos-que-resistan\\\/\"},\"wordCount\":212,\"commentCount\":0,\"publisher\":{\"@id\":\"https:\\\/\\\/redamlo.com\\\/#organization\"},\"image\":{\"@id\":\"https:\\\/\\\/redamlo.com\\\/index.php\\\/2022\\\/02\\\/16\\\/el-presidente-le-pide-a-sus-hijos-que-resistan\\\/#primaryimage\"},\"thumbnailUrl\":\"https:\\\/\\\/redamlo.com\\\/wp-content\\\/uploads\\\/2022\\\/02\\\/454-8.png\",\"keywords\":[\"AMLO\",\"Blockeo en escuelas\",\"CISEN\",\"Desde Tabasco\",\"Espiados desde peqe\u00f1itos\",\"Espionaje y Acoso\",\"Han Aguantado\",\"Ordenes de aprehension\",\"Pide a sus Hijos\",\"Presidente\",\"Resistan\",\"Roberto madrazo\",\"Tello\"],\"articleSection\":[\"4T\",\"Nacionales\"],\"inLanguage\":\"es\",\"potentialAction\":[{\"@type\":\"CommentAction\",\"name\":\"Comment\",\"target\":[\"https:\\\/\\\/redamlo.com\\\/index.php\\\/2022\\\/02\\\/16\\\/el-presidente-le-pide-a-sus-hijos-que-resistan\\\/#respond\"]}]},{\"@type\":\"WebPage\",\"@id\":\"https:\\\/\\\/redamlo.com\\\/index.php\\\/2022\\\/02\\\/16\\\/el-presidente-le-pide-a-sus-hijos-que-resistan\\\/\",\"url\":\"https:\\\/\\\/redamlo.com\\\/index.php\\\/2022\\\/02\\\/16\\\/el-presidente-le-pide-a-sus-hijos-que-resistan\\\/\",\"name\":\"El Presidente le pide a sus hijos que \u201cresistan\u201d - NOTICIAS DE LA 4T\",\"isPartOf\":{\"@id\":\"https:\\\/\\\/redamlo.com\\\/#website\"},\"primaryImageOfPage\":{\"@id\":\"https:\\\/\\\/redamlo.com\\\/index.php\\\/2022\\\/02\\\/16\\\/el-presidente-le-pide-a-sus-hijos-que-resistan\\\/#primaryimage\"},\"image\":{\"@id\":\"https:\\\/\\\/redamlo.com\\\/index.php\\\/2022\\\/02\\\/16\\\/el-presidente-le-pide-a-sus-hijos-que-resistan\\\/#primaryimage\"},\"thumbnailUrl\":\"https:\\\/\\\/redamlo.com\\\/wp-content\\\/uploads\\\/2022\\\/02\\\/454-8.png\",\"datePublished\":\"2022-02-16T14:46:21+00:00\",\"breadcrumb\":{\"@id\":\"https:\\\/\\\/redamlo.com\\\/index.php\\\/2022\\\/02\\\/16\\\/el-presidente-le-pide-a-sus-hijos-que-resistan\\\/#breadcrumb\"},\"inLanguage\":\"es\",\"potentialAction\":[{\"@type\":\"ReadAction\",\"target\":[\"https:\\\/\\\/redamlo.com\\\/index.php\\\/2022\\\/02\\\/16\\\/el-presidente-le-pide-a-sus-hijos-que-resistan\\\/\"]}]},{\"@type\":\"ImageObject\",\"inLanguage\":\"es\",\"@id\":\"https:\\\/\\\/redamlo.com\\\/index.php\\\/2022\\\/02\\\/16\\\/el-presidente-le-pide-a-sus-hijos-que-resistan\\\/#primaryimage\",\"url\":\"https:\\\/\\\/redamlo.com\\\/wp-content\\\/uploads\\\/2022\\\/02\\\/454-8.png\",\"contentUrl\":\"https:\\\/\\\/redamlo.com\\\/wp-content\\\/uploads\\\/2022\\\/02\\\/454-8.png\",\"width\":1000,\"height\":520},{\"@type\":\"BreadcrumbList\",\"@id\":\"https:\\\/\\\/redamlo.com\\\/index.php\\\/2022\\\/02\\\/16\\\/el-presidente-le-pide-a-sus-hijos-que-resistan\\\/#breadcrumb\",\"itemListElement\":[{\"@type\":\"ListItem\",\"position\":1,\"name\":\"Inicio\",\"item\":\"https:\\\/\\\/redamlo.com\\\/\"},{\"@type\":\"ListItem\",\"position\":2,\"name\":\"El Presidente le pide a sus hijos que \u201cresistan\u201d\"}]},{\"@type\":\"WebSite\",\"@id\":\"https:\\\/\\\/redamlo.com\\\/#website\",\"url\":\"https:\\\/\\\/redamlo.com\\\/\",\"name\":\"NOTICIAS DE LA 4T\",\"description\":\"\",\"publisher\":{\"@id\":\"https:\\\/\\\/redamlo.com\\\/#organization\"},\"potentialAction\":[{\"@type\":\"SearchAction\",\"target\":{\"@type\":\"EntryPoint\",\"urlTemplate\":\"https:\\\/\\\/redamlo.com\\\/?s={search_term_string}\"},\"query-input\":{\"@type\":\"PropertyValueSpecification\",\"valueRequired\":true,\"valueName\":\"search_term_string\"}}],\"inLanguage\":\"es\"},{\"@type\":\"Organization\",\"@id\":\"https:\\\/\\\/redamlo.com\\\/#organization\",\"name\":\"NOTICIAS DE LA 4T\",\"url\":\"https:\\\/\\\/redamlo.com\\\/\",\"logo\":{\"@type\":\"ImageObject\",\"inLanguage\":\"es\",\"@id\":\"https:\\\/\\\/redamlo.com\\\/#\\\/schema\\\/logo\\\/image\\\/\",\"url\":\"https:\\\/\\\/redamlo.com\\\/wp-content\\\/uploads\\\/2024\\\/08\\\/cropped-RED-AMLO-logo-50.png\",\"contentUrl\":\"https:\\\/\\\/redamlo.com\\\/wp-content\\\/uploads\\\/2024\\\/08\\\/cropped-RED-AMLO-logo-50.png\",\"width\":256,\"height\":256,\"caption\":\"NOTICIAS DE LA 4T\"},\"image\":{\"@id\":\"https:\\\/\\\/redamlo.com\\\/#\\\/schema\\\/logo\\\/image\\\/\"}},{\"@type\":\"Person\",\"@id\":\"https:\\\/\\\/redamlo.com\\\/#\\\/schema\\\/person\\\/7223a4375eb8f1a782fcae010a7115cf\",\"name\":\"Blanca\",\"image\":{\"@type\":\"ImageObject\",\"inLanguage\":\"es\",\"@id\":\"https:\\\/\\\/secure.gravatar.com\\\/avatar\\\/3f79bc8336367a4e6093eae8757acaaf61d1124834b905616de7829b0273426d?s=96&d=mm&r=g\",\"url\":\"https:\\\/\\\/secure.gravatar.com\\\/avatar\\\/3f79bc8336367a4e6093eae8757acaaf61d1124834b905616de7829b0273426d?s=96&d=mm&r=g\",\"contentUrl\":\"https:\\\/\\\/secure.gravatar.com\\\/avatar\\\/3f79bc8336367a4e6093eae8757acaaf61d1124834b905616de7829b0273426d?s=96&d=mm&r=g\",\"caption\":\"Blanca\"},\"url\":\"https:\\\/\\\/redamlo.com\\\/index.php\\\/author\\\/blanca\\\/\"}]}<\/script>\n<!-- \/ Yoast SEO plugin. -->","yoast_head_json":{"title":"El Presidente le pide a sus hijos que \u201cresistan\u201d - NOTICIAS DE LA 4T","robots":{"index":"noindex","follow":"follow","max-snippet":"max-snippet:-1","max-image-preview":"max-image-preview:large","max-video-preview":"max-video-preview:-1"},"og_locale":"es_MX","og_type":"article","og_title":"El Presidente le pide a sus hijos que \u201cresistan\u201d - NOTICIAS DE LA 4T","og_description":"Realidades.- El Presidente de M\u00e9xico, Andr\u00e9s Manuel L\u00f3pez Obrador, habl\u00f3 este martes de sus hijos,...","og_url":"https:\/\/redamlo.com\/index.php\/2022\/02\/16\/el-presidente-le-pide-a-sus-hijos-que-resistan\/","og_site_name":"NOTICIAS DE LA 4T","article_published_time":"2022-02-16T14:46:21+00:00","og_image":[{"width":1000,"height":520,"url":"https:\/\/redamlo.com\/wp-content\/uploads\/2022\/02\/454-8.png","type":"image\/png"}],"author":"Blanca","twitter_card":"summary_large_image","twitter_misc":{"Escrito por":"Blanca","Tiempo de lectura":"2 minutos"},"schema":{"@context":"https:\/\/schema.org","@graph":[{"@type":"Article","@id":"https:\/\/redamlo.com\/index.php\/2022\/02\/16\/el-presidente-le-pide-a-sus-hijos-que-resistan\/#article","isPartOf":{"@id":"https:\/\/redamlo.com\/index.php\/2022\/02\/16\/el-presidente-le-pide-a-sus-hijos-que-resistan\/"},"author":{"name":"Blanca","@id":"https:\/\/redamlo.com\/#\/schema\/person\/7223a4375eb8f1a782fcae010a7115cf"},"headline":"El Presidente le pide a sus hijos que \u201cresistan\u201d","datePublished":"2022-02-16T14:46:21+00:00","mainEntityOfPage":{"@id":"https:\/\/redamlo.com\/index.php\/2022\/02\/16\/el-presidente-le-pide-a-sus-hijos-que-resistan\/"},"wordCount":212,"commentCount":0,"publisher":{"@id":"https:\/\/redamlo.com\/#organization"},"image":{"@id":"https:\/\/redamlo.com\/index.php\/2022\/02\/16\/el-presidente-le-pide-a-sus-hijos-que-resistan\/#primaryimage"},"thumbnailUrl":"https:\/\/redamlo.com\/wp-content\/uploads\/2022\/02\/454-8.png","keywords":["AMLO","Blockeo en escuelas","CISEN","Desde Tabasco","Espiados desde peqe\u00f1itos","Espionaje y Acoso","Han Aguantado","Ordenes de aprehension","Pide a sus Hijos","Presidente","Resistan","Roberto madrazo","Tello"],"articleSection":["4T","Nacionales"],"inLanguage":"es","potentialAction":[{"@type":"CommentAction","name":"Comment","target":["https:\/\/redamlo.com\/index.php\/2022\/02\/16\/el-presidente-le-pide-a-sus-hijos-que-resistan\/#respond"]}]},{"@type":"WebPage","@id":"https:\/\/redamlo.com\/index.php\/2022\/02\/16\/el-presidente-le-pide-a-sus-hijos-que-resistan\/","url":"https:\/\/redamlo.com\/index.php\/2022\/02\/16\/el-presidente-le-pide-a-sus-hijos-que-resistan\/","name":"El Presidente le pide a sus hijos que \u201cresistan\u201d - NOTICIAS DE LA 4T","isPartOf":{"@id":"https:\/\/redamlo.com\/#website"},"primaryImageOfPage":{"@id":"https:\/\/redamlo.com\/index.php\/2022\/02\/16\/el-presidente-le-pide-a-sus-hijos-que-resistan\/#primaryimage"},"image":{"@id":"https:\/\/redamlo.com\/index.php\/2022\/02\/16\/el-presidente-le-pide-a-sus-hijos-que-resistan\/#primaryimage"},"thumbnailUrl":"https:\/\/redamlo.com\/wp-content\/uploads\/2022\/02\/454-8.png","datePublished":"2022-02-16T14:46:21+00:00","breadcrumb":{"@id":"https:\/\/redamlo.com\/index.php\/2022\/02\/16\/el-presidente-le-pide-a-sus-hijos-que-resistan\/#breadcrumb"},"inLanguage":"es","potentialAction":[{"@type":"ReadAction","target":["https:\/\/redamlo.com\/index.php\/2022\/02\/16\/el-presidente-le-pide-a-sus-hijos-que-resistan\/"]}]},{"@type":"ImageObject","inLanguage":"es","@id":"https:\/\/redamlo.com\/index.php\/2022\/02\/16\/el-presidente-le-pide-a-sus-hijos-que-resistan\/#primaryimage","url":"https:\/\/redamlo.com\/wp-content\/uploads\/2022\/02\/454-8.png","contentUrl":"https:\/\/redamlo.com\/wp-content\/uploads\/2022\/02\/454-8.png","width":1000,"height":520},{"@type":"BreadcrumbList","@id":"https:\/\/redamlo.com\/index.php\/2022\/02\/16\/el-presidente-le-pide-a-sus-hijos-que-resistan\/#breadcrumb","itemListElement":[{"@type":"ListItem","position":1,"name":"Inicio","item":"https:\/\/redamlo.com\/"},{"@type":"ListItem","position":2,"name":"El Presidente le pide a sus hijos que \u201cresistan\u201d"}]},{"@type":"WebSite","@id":"https:\/\/redamlo.com\/#website","url":"https:\/\/redamlo.com\/","name":"NOTICIAS DE LA 4T","description":"","publisher":{"@id":"https:\/\/redamlo.com\/#organization"},"potentialAction":[{"@type":"SearchAction","target":{"@type":"EntryPoint","urlTemplate":"https:\/\/redamlo.com\/?s={search_term_string}"},"query-input":{"@type":"PropertyValueSpecification","valueRequired":true,"valueName":"search_term_string"}}],"inLanguage":"es"},{"@type":"Organization","@id":"https:\/\/redamlo.com\/#organization","name":"NOTICIAS DE LA 4T","url":"https:\/\/redamlo.com\/","logo":{"@type":"ImageObject","inLanguage":"es","@id":"https:\/\/redamlo.com\/#\/schema\/logo\/image\/","url":"https:\/\/redamlo.com\/wp-content\/uploads\/2024\/08\/cropped-RED-AMLO-logo-50.png","contentUrl":"https:\/\/redamlo.com\/wp-content\/uploads\/2024\/08\/cropped-RED-AMLO-logo-50.png","width":256,"height":256,"caption":"NOTICIAS DE LA 4T"},"image":{"@id":"https:\/\/redamlo.com\/#\/schema\/logo\/image\/"}},{"@type":"Person","@id":"https:\/\/redamlo.com\/#\/schema\/person\/7223a4375eb8f1a782fcae010a7115cf","name":"Blanca","image":{"@type":"ImageObject","inLanguage":"es","@id":"https:\/\/secure.gravatar.com\/avatar\/3f79bc8336367a4e6093eae8757acaaf61d1124834b905616de7829b0273426d?s=96&d=mm&r=g","url":"https:\/\/secure.gravatar.com\/avatar\/3f79bc8336367a4e6093eae8757acaaf61d1124834b905616de7829b0273426d?s=96&d=mm&r=g","contentUrl":"https:\/\/secure.gravatar.com\/avatar\/3f79bc8336367a4e6093eae8757acaaf61d1124834b905616de7829b0273426d?s=96&d=mm&r=g","caption":"Blanca"},"url":"https:\/\/redamlo.com\/index.php\/author\/blanca\/"}]}},"_links":{"self":[{"href":"https:\/\/redamlo.com\/index.php\/wp-json\/wp\/v2\/posts\/6060","targetHints":{"allow":["GET"]}}],"collection":[{"href":"https:\/\/redamlo.com\/index.php\/wp-json\/wp\/v2\/posts"}],"about":[{"href":"https:\/\/redamlo.com\/index.php\/wp-json\/wp\/v2\/types\/post"}],"author":[{"embeddable":true,"href":"https:\/\/redamlo.com\/index.php\/wp-json\/wp\/v2\/users\/2"}],"replies":[{"embeddable":true,"href":"https:\/\/redamlo.com\/index.php\/wp-json\/wp\/v2\/comments?post=6060"}],"version-history":[{"count":0,"href":"https:\/\/redamlo.com\/index.php\/wp-json\/wp\/v2\/posts\/6060\/revisions"}],"wp:featuredmedia":[{"embeddable":true,"href":"https:\/\/redamlo.com\/index.php\/wp-json\/wp\/v2\/media\/6061"}],"wp:attachment":[{"href":"https:\/\/redamlo.com\/index.php\/wp-json\/wp\/v2\/media?parent=6060"}],"wp:term":[{"taxonomy":"category","embeddable":true,"href":"https:\/\/redamlo.com\/index.php\/wp-json\/wp\/v2\/categories?post=6060"},{"taxonomy":"post_tag","embeddable":true,"href":"https:\/\/redamlo.com\/index.php\/wp-json\/wp\/v2\/tags?post=6060"}],"curies":[{"name":"wp","href":"https:\/\/api.w.org\/{rel}","templated":true}]}}