{"id":606,"date":"2019-10-14T15:25:27","date_gmt":"2019-10-14T20:25:27","guid":{"rendered":"http:\/\/redamlo.com\/?p=606"},"modified":"2019-10-14T15:25:27","modified_gmt":"2019-10-14T20:25:27","slug":"amlo-ignora-a-raul-salinas-en-vuelo","status":"publish","type":"post","link":"https:\/\/redamlo.com\/index.php\/2019\/10\/14\/amlo-ignora-a-raul-salinas-en-vuelo\/","title":{"rendered":"AMLO Ignora a Raul Salinas en Vuelo"},"content":{"rendered":"<h3>Ciudad de M\u00e9xico a 14 de Octubre 2019 (Cdmx Press).-<\/h3>\n<p><strong>M\u00e9xico\/Notimex.<\/strong>\u00a0El presidente Andr\u00e9s Manuel L\u00f3pez Obrador y Ra\u00fal Salinas de Gortari, hermano del expresidente Carlos Salinas, coincidieron en dos ocasiones durante el vuelo 0175 de Aerom\u00e9xico que cubr\u00eda la Ruta Tijuana-M\u00e9xico.<\/p>\n<p>El llamado \u201chermano inc\u00f3modo\u201d viajaba en primera fila, mientras que L\u00f3pez Obrador en clase turista, donde se ubican las salidas de emergencia, por protocolos de seguridad y como habitualmente lo hace durante sus giras de trabajo por toda la Rep\u00fablica, como ha sido desde su campa\u00f1a y el inicio de su gobierno.<\/p>\n<p>L\u00f3pez Obrador fue el \u00faltimo en abordar la aeronave, pas\u00f3 al lado de Ra\u00fal Salinas, pero no cruzaron miradas ni se saludaron. Algo similar ocurri\u00f3 en las bandas de equipaje, pues el mandatario pas\u00f3 por ese sitio mientras Salinas de Gortari esperaba sus maletas.<\/p>\n<p>Este fin de semana, el mandatario llev\u00f3 a cabo una gira que inici\u00f3 el viernes en Villa Uni\u00f3n, Sinaloa, y termin\u00f3 esta tarde en San Quint\u00edn, Baja California.<\/p>\n<p>Ra\u00fal Salinas de Gortari fue detenido en 1995 acusado de enriquecimiento il\u00edcito y de ser el autor intelectual del asesinato de Jos\u00e9 Francisco Ruiz Massieu, quien era secretario general del Partido Revolucionario Institucional en ese entonces.<\/p>\n<p>En 2005, el hermano del expresidente Carlos Salinas de Gortari sali\u00f3 de prisi\u00f3n, exonerado de enriquecimiento il\u00edcito y sus bienes le fueron devueltos.<\/p>\n","protected":false},"excerpt":{"rendered":"<p>Ciudad de M\u00e9xico a 14 de Octubre 2019 (Cdmx Press).- M\u00e9xico\/Notimex.\u00a0El presidente Andr\u00e9s Manuel L\u00f3pez&#8230;<\/p>\n","protected":false},"author":2,"featured_media":608,"comment_status":"open","ping_status":"closed","sticky":false,"template":"","format":"standard","meta":{"footnotes":""},"categories":[20],"tags":[],"class_list":["post-606","post","type-post","status-publish","format-standard","has-post-thumbnail","hentry","category-nacionales"],"yoast_head":"<!-- This site is optimized with the Yoast SEO plugin v27.5 - https:\/\/yoast.com\/product\/yoast-seo-wordpress\/ -->\n<title>AMLO Ignora a Raul Salinas en Vuelo - NOTICIAS DE LA 4T<\/title>\n<meta name=\"robots\" content=\"noindex, follow, max-snippet:-1, max-image-preview:large, max-video-preview:-1\" \/>\n<meta property=\"og:locale\" content=\"es_MX\" \/>\n<meta property=\"og:type\" content=\"article\" \/>\n<meta property=\"og:title\" content=\"AMLO Ignora a Raul Salinas en Vuelo - NOTICIAS DE LA 4T\" \/>\n<meta property=\"og:description\" content=\"Ciudad de M\u00e9xico a 14 de Octubre 2019 (Cdmx Press).- M\u00e9xico\/Notimex.\u00a0El presidente Andr\u00e9s Manuel L\u00f3pez...\" \/>\n<meta property=\"og:url\" content=\"https:\/\/redamlo.com\/index.php\/2019\/10\/14\/amlo-ignora-a-raul-salinas-en-vuelo\/\" \/>\n<meta property=\"og:site_name\" content=\"NOTICIAS DE LA 4T\" \/>\n<meta property=\"article:published_time\" content=\"2019-10-14T20:25:27+00:00\" \/>\n<meta property=\"og:image\" content=\"https:\/\/redamlo.com\/wp-content\/uploads\/2019\/10\/AMLO-y-Raul-Salinas-en-vuelo-cdmxpress-wwwcdmxpresscom-luisantoniogonzalezmontes.jpg\" \/>\n\t<meta property=\"og:image:width\" content=\"960\" \/>\n\t<meta property=\"og:image:height\" content=\"562\" \/>\n\t<meta property=\"og:image:type\" content=\"image\/jpeg\" \/>\n<meta name=\"author\" content=\"Blanca\" \/>\n<meta name=\"twitter:card\" content=\"summary_large_image\" \/>\n<meta name=\"twitter:label1\" content=\"Escrito por\" \/>\n\t<meta name=\"twitter:data1\" content=\"Blanca\" \/>\n\t<meta name=\"twitter:label2\" content=\"Tiempo de lectura\" \/>\n\t<meta name=\"twitter:data2\" content=\"1 minuto\" \/>\n<script type=\"application\/ld+json\" class=\"yoast-schema-graph\">{\"@context\":\"https:\\\/\\\/schema.org\",\"@graph\":[{\"@type\":\"Article\",\"@id\":\"https:\\\/\\\/redamlo.com\\\/index.php\\\/2019\\\/10\\\/14\\\/amlo-ignora-a-raul-salinas-en-vuelo\\\/#article\",\"isPartOf\":{\"@id\":\"https:\\\/\\\/redamlo.com\\\/index.php\\\/2019\\\/10\\\/14\\\/amlo-ignora-a-raul-salinas-en-vuelo\\\/\"},\"author\":{\"name\":\"Blanca\",\"@id\":\"https:\\\/\\\/redamlo.com\\\/#\\\/schema\\\/person\\\/7223a4375eb8f1a782fcae010a7115cf\"},\"headline\":\"AMLO Ignora a Raul Salinas en Vuelo\",\"datePublished\":\"2019-10-14T20:25:27+00:00\",\"mainEntityOfPage\":{\"@id\":\"https:\\\/\\\/redamlo.com\\\/index.php\\\/2019\\\/10\\\/14\\\/amlo-ignora-a-raul-salinas-en-vuelo\\\/\"},\"wordCount\":249,\"commentCount\":0,\"publisher\":{\"@id\":\"https:\\\/\\\/redamlo.com\\\/#organization\"},\"image\":{\"@id\":\"https:\\\/\\\/redamlo.com\\\/index.php\\\/2019\\\/10\\\/14\\\/amlo-ignora-a-raul-salinas-en-vuelo\\\/#primaryimage\"},\"thumbnailUrl\":\"https:\\\/\\\/redamlo.com\\\/wp-content\\\/uploads\\\/2019\\\/10\\\/AMLO-y-Raul-Salinas-en-vuelo-cdmxpress-wwwcdmxpresscom-luisantoniogonzalezmontes.jpg\",\"articleSection\":[\"Nacionales\"],\"inLanguage\":\"es\",\"potentialAction\":[{\"@type\":\"CommentAction\",\"name\":\"Comment\",\"target\":[\"https:\\\/\\\/redamlo.com\\\/index.php\\\/2019\\\/10\\\/14\\\/amlo-ignora-a-raul-salinas-en-vuelo\\\/#respond\"]}]},{\"@type\":\"WebPage\",\"@id\":\"https:\\\/\\\/redamlo.com\\\/index.php\\\/2019\\\/10\\\/14\\\/amlo-ignora-a-raul-salinas-en-vuelo\\\/\",\"url\":\"https:\\\/\\\/redamlo.com\\\/index.php\\\/2019\\\/10\\\/14\\\/amlo-ignora-a-raul-salinas-en-vuelo\\\/\",\"name\":\"AMLO Ignora a Raul Salinas en Vuelo - NOTICIAS DE LA 4T\",\"isPartOf\":{\"@id\":\"https:\\\/\\\/redamlo.com\\\/#website\"},\"primaryImageOfPage\":{\"@id\":\"https:\\\/\\\/redamlo.com\\\/index.php\\\/2019\\\/10\\\/14\\\/amlo-ignora-a-raul-salinas-en-vuelo\\\/#primaryimage\"},\"image\":{\"@id\":\"https:\\\/\\\/redamlo.com\\\/index.php\\\/2019\\\/10\\\/14\\\/amlo-ignora-a-raul-salinas-en-vuelo\\\/#primaryimage\"},\"thumbnailUrl\":\"https:\\\/\\\/redamlo.com\\\/wp-content\\\/uploads\\\/2019\\\/10\\\/AMLO-y-Raul-Salinas-en-vuelo-cdmxpress-wwwcdmxpresscom-luisantoniogonzalezmontes.jpg\",\"datePublished\":\"2019-10-14T20:25:27+00:00\",\"breadcrumb\":{\"@id\":\"https:\\\/\\\/redamlo.com\\\/index.php\\\/2019\\\/10\\\/14\\\/amlo-ignora-a-raul-salinas-en-vuelo\\\/#breadcrumb\"},\"inLanguage\":\"es\",\"potentialAction\":[{\"@type\":\"ReadAction\",\"target\":[\"https:\\\/\\\/redamlo.com\\\/index.php\\\/2019\\\/10\\\/14\\\/amlo-ignora-a-raul-salinas-en-vuelo\\\/\"]}]},{\"@type\":\"ImageObject\",\"inLanguage\":\"es\",\"@id\":\"https:\\\/\\\/redamlo.com\\\/index.php\\\/2019\\\/10\\\/14\\\/amlo-ignora-a-raul-salinas-en-vuelo\\\/#primaryimage\",\"url\":\"https:\\\/\\\/redamlo.com\\\/wp-content\\\/uploads\\\/2019\\\/10\\\/AMLO-y-Raul-Salinas-en-vuelo-cdmxpress-wwwcdmxpresscom-luisantoniogonzalezmontes.jpg\",\"contentUrl\":\"https:\\\/\\\/redamlo.com\\\/wp-content\\\/uploads\\\/2019\\\/10\\\/AMLO-y-Raul-Salinas-en-vuelo-cdmxpress-wwwcdmxpresscom-luisantoniogonzalezmontes.jpg\",\"width\":960,\"height\":562},{\"@type\":\"BreadcrumbList\",\"@id\":\"https:\\\/\\\/redamlo.com\\\/index.php\\\/2019\\\/10\\\/14\\\/amlo-ignora-a-raul-salinas-en-vuelo\\\/#breadcrumb\",\"itemListElement\":[{\"@type\":\"ListItem\",\"position\":1,\"name\":\"Inicio\",\"item\":\"https:\\\/\\\/redamlo.com\\\/\"},{\"@type\":\"ListItem\",\"position\":2,\"name\":\"AMLO Ignora a Raul Salinas en Vuelo\"}]},{\"@type\":\"WebSite\",\"@id\":\"https:\\\/\\\/redamlo.com\\\/#website\",\"url\":\"https:\\\/\\\/redamlo.com\\\/\",\"name\":\"NOTICIAS DE LA 4T\",\"description\":\"\",\"publisher\":{\"@id\":\"https:\\\/\\\/redamlo.com\\\/#organization\"},\"potentialAction\":[{\"@type\":\"SearchAction\",\"target\":{\"@type\":\"EntryPoint\",\"urlTemplate\":\"https:\\\/\\\/redamlo.com\\\/?s={search_term_string}\"},\"query-input\":{\"@type\":\"PropertyValueSpecification\",\"valueRequired\":true,\"valueName\":\"search_term_string\"}}],\"inLanguage\":\"es\"},{\"@type\":\"Organization\",\"@id\":\"https:\\\/\\\/redamlo.com\\\/#organization\",\"name\":\"NOTICIAS DE LA 4T\",\"url\":\"https:\\\/\\\/redamlo.com\\\/\",\"logo\":{\"@type\":\"ImageObject\",\"inLanguage\":\"es\",\"@id\":\"https:\\\/\\\/redamlo.com\\\/#\\\/schema\\\/logo\\\/image\\\/\",\"url\":\"https:\\\/\\\/redamlo.com\\\/wp-content\\\/uploads\\\/2024\\\/08\\\/cropped-RED-AMLO-logo-50.png\",\"contentUrl\":\"https:\\\/\\\/redamlo.com\\\/wp-content\\\/uploads\\\/2024\\\/08\\\/cropped-RED-AMLO-logo-50.png\",\"width\":256,\"height\":256,\"caption\":\"NOTICIAS DE LA 4T\"},\"image\":{\"@id\":\"https:\\\/\\\/redamlo.com\\\/#\\\/schema\\\/logo\\\/image\\\/\"}},{\"@type\":\"Person\",\"@id\":\"https:\\\/\\\/redamlo.com\\\/#\\\/schema\\\/person\\\/7223a4375eb8f1a782fcae010a7115cf\",\"name\":\"Blanca\",\"image\":{\"@type\":\"ImageObject\",\"inLanguage\":\"es\",\"@id\":\"https:\\\/\\\/secure.gravatar.com\\\/avatar\\\/3f79bc8336367a4e6093eae8757acaaf61d1124834b905616de7829b0273426d?s=96&d=mm&r=g\",\"url\":\"https:\\\/\\\/secure.gravatar.com\\\/avatar\\\/3f79bc8336367a4e6093eae8757acaaf61d1124834b905616de7829b0273426d?s=96&d=mm&r=g\",\"contentUrl\":\"https:\\\/\\\/secure.gravatar.com\\\/avatar\\\/3f79bc8336367a4e6093eae8757acaaf61d1124834b905616de7829b0273426d?s=96&d=mm&r=g\",\"caption\":\"Blanca\"},\"url\":\"https:\\\/\\\/redamlo.com\\\/index.php\\\/author\\\/blanca\\\/\"}]}<\/script>\n<!-- \/ Yoast SEO plugin. -->","yoast_head_json":{"title":"AMLO Ignora a Raul Salinas en Vuelo - NOTICIAS DE LA 4T","robots":{"index":"noindex","follow":"follow","max-snippet":"max-snippet:-1","max-image-preview":"max-image-preview:large","max-video-preview":"max-video-preview:-1"},"og_locale":"es_MX","og_type":"article","og_title":"AMLO Ignora a Raul Salinas en Vuelo - NOTICIAS DE LA 4T","og_description":"Ciudad de M\u00e9xico a 14 de Octubre 2019 (Cdmx Press).- M\u00e9xico\/Notimex.\u00a0El presidente Andr\u00e9s Manuel L\u00f3pez...","og_url":"https:\/\/redamlo.com\/index.php\/2019\/10\/14\/amlo-ignora-a-raul-salinas-en-vuelo\/","og_site_name":"NOTICIAS DE LA 4T","article_published_time":"2019-10-14T20:25:27+00:00","og_image":[{"width":960,"height":562,"url":"https:\/\/redamlo.com\/wp-content\/uploads\/2019\/10\/AMLO-y-Raul-Salinas-en-vuelo-cdmxpress-wwwcdmxpresscom-luisantoniogonzalezmontes.jpg","type":"image\/jpeg"}],"author":"Blanca","twitter_card":"summary_large_image","twitter_misc":{"Escrito por":"Blanca","Tiempo de lectura":"1 minuto"},"schema":{"@context":"https:\/\/schema.org","@graph":[{"@type":"Article","@id":"https:\/\/redamlo.com\/index.php\/2019\/10\/14\/amlo-ignora-a-raul-salinas-en-vuelo\/#article","isPartOf":{"@id":"https:\/\/redamlo.com\/index.php\/2019\/10\/14\/amlo-ignora-a-raul-salinas-en-vuelo\/"},"author":{"name":"Blanca","@id":"https:\/\/redamlo.com\/#\/schema\/person\/7223a4375eb8f1a782fcae010a7115cf"},"headline":"AMLO Ignora a Raul Salinas en Vuelo","datePublished":"2019-10-14T20:25:27+00:00","mainEntityOfPage":{"@id":"https:\/\/redamlo.com\/index.php\/2019\/10\/14\/amlo-ignora-a-raul-salinas-en-vuelo\/"},"wordCount":249,"commentCount":0,"publisher":{"@id":"https:\/\/redamlo.com\/#organization"},"image":{"@id":"https:\/\/redamlo.com\/index.php\/2019\/10\/14\/amlo-ignora-a-raul-salinas-en-vuelo\/#primaryimage"},"thumbnailUrl":"https:\/\/redamlo.com\/wp-content\/uploads\/2019\/10\/AMLO-y-Raul-Salinas-en-vuelo-cdmxpress-wwwcdmxpresscom-luisantoniogonzalezmontes.jpg","articleSection":["Nacionales"],"inLanguage":"es","potentialAction":[{"@type":"CommentAction","name":"Comment","target":["https:\/\/redamlo.com\/index.php\/2019\/10\/14\/amlo-ignora-a-raul-salinas-en-vuelo\/#respond"]}]},{"@type":"WebPage","@id":"https:\/\/redamlo.com\/index.php\/2019\/10\/14\/amlo-ignora-a-raul-salinas-en-vuelo\/","url":"https:\/\/redamlo.com\/index.php\/2019\/10\/14\/amlo-ignora-a-raul-salinas-en-vuelo\/","name":"AMLO Ignora a Raul Salinas en Vuelo - NOTICIAS DE LA 4T","isPartOf":{"@id":"https:\/\/redamlo.com\/#website"},"primaryImageOfPage":{"@id":"https:\/\/redamlo.com\/index.php\/2019\/10\/14\/amlo-ignora-a-raul-salinas-en-vuelo\/#primaryimage"},"image":{"@id":"https:\/\/redamlo.com\/index.php\/2019\/10\/14\/amlo-ignora-a-raul-salinas-en-vuelo\/#primaryimage"},"thumbnailUrl":"https:\/\/redamlo.com\/wp-content\/uploads\/2019\/10\/AMLO-y-Raul-Salinas-en-vuelo-cdmxpress-wwwcdmxpresscom-luisantoniogonzalezmontes.jpg","datePublished":"2019-10-14T20:25:27+00:00","breadcrumb":{"@id":"https:\/\/redamlo.com\/index.php\/2019\/10\/14\/amlo-ignora-a-raul-salinas-en-vuelo\/#breadcrumb"},"inLanguage":"es","potentialAction":[{"@type":"ReadAction","target":["https:\/\/redamlo.com\/index.php\/2019\/10\/14\/amlo-ignora-a-raul-salinas-en-vuelo\/"]}]},{"@type":"ImageObject","inLanguage":"es","@id":"https:\/\/redamlo.com\/index.php\/2019\/10\/14\/amlo-ignora-a-raul-salinas-en-vuelo\/#primaryimage","url":"https:\/\/redamlo.com\/wp-content\/uploads\/2019\/10\/AMLO-y-Raul-Salinas-en-vuelo-cdmxpress-wwwcdmxpresscom-luisantoniogonzalezmontes.jpg","contentUrl":"https:\/\/redamlo.com\/wp-content\/uploads\/2019\/10\/AMLO-y-Raul-Salinas-en-vuelo-cdmxpress-wwwcdmxpresscom-luisantoniogonzalezmontes.jpg","width":960,"height":562},{"@type":"BreadcrumbList","@id":"https:\/\/redamlo.com\/index.php\/2019\/10\/14\/amlo-ignora-a-raul-salinas-en-vuelo\/#breadcrumb","itemListElement":[{"@type":"ListItem","position":1,"name":"Inicio","item":"https:\/\/redamlo.com\/"},{"@type":"ListItem","position":2,"name":"AMLO Ignora a Raul Salinas en Vuelo"}]},{"@type":"WebSite","@id":"https:\/\/redamlo.com\/#website","url":"https:\/\/redamlo.com\/","name":"NOTICIAS DE LA 4T","description":"","publisher":{"@id":"https:\/\/redamlo.com\/#organization"},"potentialAction":[{"@type":"SearchAction","target":{"@type":"EntryPoint","urlTemplate":"https:\/\/redamlo.com\/?s={search_term_string}"},"query-input":{"@type":"PropertyValueSpecification","valueRequired":true,"valueName":"search_term_string"}}],"inLanguage":"es"},{"@type":"Organization","@id":"https:\/\/redamlo.com\/#organization","name":"NOTICIAS DE LA 4T","url":"https:\/\/redamlo.com\/","logo":{"@type":"ImageObject","inLanguage":"es","@id":"https:\/\/redamlo.com\/#\/schema\/logo\/image\/","url":"https:\/\/redamlo.com\/wp-content\/uploads\/2024\/08\/cropped-RED-AMLO-logo-50.png","contentUrl":"https:\/\/redamlo.com\/wp-content\/uploads\/2024\/08\/cropped-RED-AMLO-logo-50.png","width":256,"height":256,"caption":"NOTICIAS DE LA 4T"},"image":{"@id":"https:\/\/redamlo.com\/#\/schema\/logo\/image\/"}},{"@type":"Person","@id":"https:\/\/redamlo.com\/#\/schema\/person\/7223a4375eb8f1a782fcae010a7115cf","name":"Blanca","image":{"@type":"ImageObject","inLanguage":"es","@id":"https:\/\/secure.gravatar.com\/avatar\/3f79bc8336367a4e6093eae8757acaaf61d1124834b905616de7829b0273426d?s=96&d=mm&r=g","url":"https:\/\/secure.gravatar.com\/avatar\/3f79bc8336367a4e6093eae8757acaaf61d1124834b905616de7829b0273426d?s=96&d=mm&r=g","contentUrl":"https:\/\/secure.gravatar.com\/avatar\/3f79bc8336367a4e6093eae8757acaaf61d1124834b905616de7829b0273426d?s=96&d=mm&r=g","caption":"Blanca"},"url":"https:\/\/redamlo.com\/index.php\/author\/blanca\/"}]}},"_links":{"self":[{"href":"https:\/\/redamlo.com\/index.php\/wp-json\/wp\/v2\/posts\/606","targetHints":{"allow":["GET"]}}],"collection":[{"href":"https:\/\/redamlo.com\/index.php\/wp-json\/wp\/v2\/posts"}],"about":[{"href":"https:\/\/redamlo.com\/index.php\/wp-json\/wp\/v2\/types\/post"}],"author":[{"embeddable":true,"href":"https:\/\/redamlo.com\/index.php\/wp-json\/wp\/v2\/users\/2"}],"replies":[{"embeddable":true,"href":"https:\/\/redamlo.com\/index.php\/wp-json\/wp\/v2\/comments?post=606"}],"version-history":[{"count":0,"href":"https:\/\/redamlo.com\/index.php\/wp-json\/wp\/v2\/posts\/606\/revisions"}],"wp:featuredmedia":[{"embeddable":true,"href":"https:\/\/redamlo.com\/index.php\/wp-json\/wp\/v2\/media\/608"}],"wp:attachment":[{"href":"https:\/\/redamlo.com\/index.php\/wp-json\/wp\/v2\/media?parent=606"}],"wp:term":[{"taxonomy":"category","embeddable":true,"href":"https:\/\/redamlo.com\/index.php\/wp-json\/wp\/v2\/categories?post=606"},{"taxonomy":"post_tag","embeddable":true,"href":"https:\/\/redamlo.com\/index.php\/wp-json\/wp\/v2\/tags?post=606"}],"curies":[{"name":"wp","href":"https:\/\/api.w.org\/{rel}","templated":true}]}}