{"id":6006,"date":"2022-02-01T13:41:39","date_gmt":"2022-02-01T19:41:39","guid":{"rendered":"https:\/\/redamlo.com\/?p=6006"},"modified":"2022-02-01T13:41:39","modified_gmt":"2022-02-01T19:41:39","slug":"freno-a-la-destruccion-de-500-has-en-playa-del-carmen-anuncia-amlo","status":"publish","type":"post","link":"https:\/\/redamlo.com\/index.php\/2022\/02\/01\/freno-a-la-destruccion-de-500-has-en-playa-del-carmen-anuncia-amlo\/","title":{"rendered":"Freno a la destrucci\u00f3n de 500 has en Playa del Carmen, anuncia AMLO"},"content":{"rendered":"<p>R<strong>ealidades,\u00a0<em>Ciudad de M\u00e9xico.<\/em>\u00a0El gobierno de M\u00e9xico denunciar\u00e1 a nivel internacional y ante Naciones Unidas la destrucci\u00f3n de 500 hect\u00e1reas en Playa del Carmen, Quintana Roo, por parte de una empresa estadunidense que ha usado el lugar como banco para la extracci\u00f3n de material para construcci\u00f3n, advirti\u00f3 hoy el presidente Andr\u00e9s Manuel L\u00f3pez Obrador.<\/strong><\/p>\n<p>As\u00ed se har\u00e1 \u201csi no hay acuerdo. Y no es amenaza, ni advertencia, es sencillamente que se acab\u00f3 la impunidad\u201d, sostuvo.<\/p>\n<p>Se trata del litigio iniciado por Legacy Vulcan, de capital estadunidense y Calizas Industriales del Carmen (Calica) que reclaman una indemnizaci\u00f3n por mil 500 millones de d\u00f3lares m\u00e1s intereses, porque no se les permite continuar con la extracci\u00f3n de caliza en una zona ubicada a mil metros de la playa del Caribe, del Mar Turquesa, explic\u00f3 el tabasque\u00f1o.<\/p>\n<figure class=\"wp-block-image is-resized\"><img loading=\"lazy\" decoding=\"async\" src=\"https:\/\/www.poresto.net\/u\/fotografias\/m\/2021\/5\/17\/f608x342-80541_110264_31.jpg\" alt=\"Tulum, Playa del Carmen y Puerto Aventuras 'devoran' selva de Quintana Roo  | PorEsto\" width=\"715\" height=\"402\" \/><\/figure>\n<p>Es una de las zonas m\u00e1s bellas del mundo, pero en este caso ha prevalecido como en otros casos, el doble discurso, la doble moral, de quienes acusan al gobierno de que no protege el medio ambiente, pero nada dicen de casos como este.<\/p>\n<p>El permiso de extracci\u00f3n de caliza en Playa del Carmen se otorg\u00f3 el \u00faltimo d\u00eda del gobierno de Ernesto Zedillo.Ahora, esta administraci\u00f3n se hace cargo de las consecuencias, pues en mayo de 2020 la secretar\u00eda de Econom\u00eda recibi\u00f3 la demanda y desde entonces la atiende.<\/p>\n<figure class=\"wp-block-image size-large is-resized\"><img loading=\"lazy\" decoding=\"async\" class=\"wp-image-39646\" src=\"https:\/\/realidadesqroo.files.wordpress.com\/2022\/02\/image-1.jpeg?w=369\" sizes=\"auto, (max-width: 714px) 100vw, 714px\" srcset=\"https:\/\/realidadesqroo.files.wordpress.com\/2022\/02\/image-1.jpeg 369w, https:\/\/realidadesqroo.files.wordpress.com\/2022\/02\/image-1.jpeg?w=150 150w, https:\/\/realidadesqroo.files.wordpress.com\/2022\/02\/image-1.jpeg?w=300 300w\" alt=\"\" width=\"714\" height=\"263\" data-attachment-id=\"39646\" data-permalink=\"https:\/\/realidadesquintanaroo.org\/image-1-26\/\" data-orig-file=\"https:\/\/realidadesqroo.files.wordpress.com\/2022\/02\/image-1.jpeg\" data-orig-size=\"369,136\" data-comments-opened=\"1\" data-image-meta=\"{&quot;aperture&quot;:&quot;0&quot;,&quot;credit&quot;:&quot;&quot;,&quot;camera&quot;:&quot;&quot;,&quot;caption&quot;:&quot;&quot;,&quot;created_timestamp&quot;:&quot;0&quot;,&quot;copyright&quot;:&quot;&quot;,&quot;focal_length&quot;:&quot;0&quot;,&quot;iso&quot;:&quot;0&quot;,&quot;shutter_speed&quot;:&quot;0&quot;,&quot;title&quot;:&quot;&quot;,&quot;orientation&quot;:&quot;0&quot;}\" data-image-title=\"image-1\" data-image-description=\"\" data-image-caption=\"\" data-medium-file=\"https:\/\/realidadesqroo.files.wordpress.com\/2022\/02\/image-1.jpeg?w=300\" data-large-file=\"https:\/\/realidadesqroo.files.wordpress.com\/2022\/02\/image-1.jpeg?w=369\" \/><\/figure>\n<p>L\u00f3pez Obrador coment\u00f3 esta ma\u00f1ana que encarg\u00f3 a Esteban Moctezuma, embajador de M\u00e9xico en Estados Unidos, que busque a los directivos de la empresa para llegar a un acuerdo porque el permiso ya se termin\u00f3.<\/p>\n<p>El asunto no se tratar\u00e1 con los representantes que tiene la compa\u00f1\u00eda en nuestro pa\u00eds porque por experiencia, se ha visto que les mienten a los due\u00f1os, dijo. \u201cLos representantes, despachos jur\u00eddicos y fiscales de aqu\u00ed estaban acostumbrados a comprar a todo el que se dejaba y as\u00ed resolv\u00edan\u201d.<\/p>\n<p>Por eso, insisti\u00f3 el mandatario, \u201ca Esteban le dije que busque al presidente del Consejo porque esta empresa es fuerte y tienen financiamiento de fondos de inversi\u00f3n\u201d.<\/p>\n<figure class=\"wp-block-image is-resized\"><img loading=\"lazy\" decoding=\"async\" src=\"https:\/\/bienesraicesquintanaroo.mx\/wp-content\/uploads\/2018\/09\/Terreno-en-venta-en-Playa-del-Carmen-Inmobiliaria-Bienes-Rai%CC%81ces-Quintana-Roo-Real-Estate-cerca-de-la-cruz-de-servicios22-300x169.jpg\" alt=\"Terreno en venta en Playa del Carmen, Quintana Roo, cerca de la cruz de  servicios - Agencia Inmobiliaria Bienes Ra\u00edces Quintana Roo Real Estate  Terreno en venta en Playa del Carmen, Quintana\" width=\"707\" height=\"398\" \/><\/figure>\n<p>La demanda en contra del gobierno de M\u00e9xico se inici\u00f3 en el marco del acuerdo comercial de Am\u00e9rica del Norte (entonces TLCAN, hoy T-MEC) y se exige la compensaci\u00f3n referida, de mil 500 millones de d\u00f3lares m\u00e1s intereses.<\/p>\n<p>Esta ma\u00f1ana, el presidente L\u00f3pez Obrador se\u00f1al\u00f3: si no hay acuerdo \u201cs\u00ed vamos al pleito abierto, que se sepa\u2026 m\u00ednimo vamos a dar a conocer toda la historia en M\u00e9xico y el mundo y vamos a recurrir a la ONU\u201d.<\/p>\n<p>Un posible acuerdo ser\u00eda crear una zona tur\u00edstica en ese lugar, se dar\u00eda el permiso, pero no seguir\u00e1 la extracci\u00f3n de material de construcci\u00f3n, sostuvo.<\/p>\n<p>Fuente:<a href=\"https:\/\/www.jornada.com.mx\/notas\/2022\/02\/01\/politica\/habra-denuncia-internacional-por-destruccion-de-500-has-en-playa-del-carmen-amlo\/?fbclid=IwAR3TBO3ER3oo6ETMeUql7ju9qfpM6XYvokA93VnJCPUxhQqM9aCbjkaSYWU\">\u00a0lajornada.com.mx<\/a><\/p>\n","protected":false},"excerpt":{"rendered":"<p>Realidades,\u00a0Ciudad de M\u00e9xico.\u00a0El gobierno de M\u00e9xico denunciar\u00e1 a nivel internacional y ante Naciones Unidas la&#8230;<\/p>\n","protected":false},"author":2,"featured_media":6007,"comment_status":"open","ping_status":"closed","sticky":false,"template":"","format":"standard","meta":{"footnotes":""},"categories":[25],"tags":[2063,84,2064,1259,2065,2066,2067,2068,2069,2070,117,1564],"class_list":["post-6006","post","type-post","status-publish","format-standard","has-post-thumbnail","hentry","category-4t","tag-500-hectareas","tag-amlo","tag-calica","tag-demanda","tag-destruccion","tag-ernesto-zedillo","tag-freno","tag-indeminsacion","tag-permiso","tag-playa","tag-playa-del-carmen","tag-secretaria-de-economia"],"yoast_head":"<!-- This site is optimized with the Yoast SEO plugin v27.5 - https:\/\/yoast.com\/product\/yoast-seo-wordpress\/ -->\n<title>Freno a la destrucci\u00f3n de 500 has en Playa del Carmen, anuncia AMLO - NOTICIAS DE LA 4T<\/title>\n<meta name=\"robots\" content=\"noindex, follow, max-snippet:-1, max-image-preview:large, max-video-preview:-1\" \/>\n<meta property=\"og:locale\" content=\"es_MX\" \/>\n<meta property=\"og:type\" content=\"article\" \/>\n<meta property=\"og:title\" content=\"Freno a la destrucci\u00f3n de 500 has en Playa del Carmen, anuncia AMLO - NOTICIAS DE LA 4T\" \/>\n<meta property=\"og:description\" content=\"Realidades,\u00a0Ciudad de M\u00e9xico.\u00a0El gobierno de M\u00e9xico denunciar\u00e1 a nivel internacional y ante Naciones Unidas la...\" \/>\n<meta property=\"og:url\" content=\"https:\/\/redamlo.com\/index.php\/2022\/02\/01\/freno-a-la-destruccion-de-500-has-en-playa-del-carmen-anuncia-amlo\/\" \/>\n<meta property=\"og:site_name\" content=\"NOTICIAS DE LA 4T\" \/>\n<meta property=\"article:published_time\" content=\"2022-02-01T19:41:39+00:00\" \/>\n<meta property=\"og:image\" content=\"https:\/\/redamlo.com\/wp-content\/uploads\/2022\/02\/454.png\" \/>\n\t<meta property=\"og:image:width\" content=\"1366\" \/>\n\t<meta property=\"og:image:height\" content=\"768\" \/>\n\t<meta property=\"og:image:type\" content=\"image\/png\" \/>\n<meta name=\"author\" content=\"Blanca\" \/>\n<meta name=\"twitter:card\" content=\"summary_large_image\" \/>\n<meta name=\"twitter:label1\" content=\"Escrito por\" \/>\n\t<meta name=\"twitter:data1\" content=\"Blanca\" \/>\n\t<meta name=\"twitter:label2\" content=\"Tiempo de lectura\" \/>\n\t<meta name=\"twitter:data2\" content=\"3 minutos\" \/>\n<script type=\"application\/ld+json\" class=\"yoast-schema-graph\">{\"@context\":\"https:\\\/\\\/schema.org\",\"@graph\":[{\"@type\":\"Article\",\"@id\":\"https:\\\/\\\/redamlo.com\\\/index.php\\\/2022\\\/02\\\/01\\\/freno-a-la-destruccion-de-500-has-en-playa-del-carmen-anuncia-amlo\\\/#article\",\"isPartOf\":{\"@id\":\"https:\\\/\\\/redamlo.com\\\/index.php\\\/2022\\\/02\\\/01\\\/freno-a-la-destruccion-de-500-has-en-playa-del-carmen-anuncia-amlo\\\/\"},\"author\":{\"name\":\"Blanca\",\"@id\":\"https:\\\/\\\/redamlo.com\\\/#\\\/schema\\\/person\\\/7223a4375eb8f1a782fcae010a7115cf\"},\"headline\":\"Freno a la destrucci\u00f3n de 500 has en Playa del Carmen, anuncia AMLO\",\"datePublished\":\"2022-02-01T19:41:39+00:00\",\"mainEntityOfPage\":{\"@id\":\"https:\\\/\\\/redamlo.com\\\/index.php\\\/2022\\\/02\\\/01\\\/freno-a-la-destruccion-de-500-has-en-playa-del-carmen-anuncia-amlo\\\/\"},\"wordCount\":494,\"commentCount\":0,\"publisher\":{\"@id\":\"https:\\\/\\\/redamlo.com\\\/#organization\"},\"image\":{\"@id\":\"https:\\\/\\\/redamlo.com\\\/index.php\\\/2022\\\/02\\\/01\\\/freno-a-la-destruccion-de-500-has-en-playa-del-carmen-anuncia-amlo\\\/#primaryimage\"},\"thumbnailUrl\":\"https:\\\/\\\/redamlo.com\\\/wp-content\\\/uploads\\\/2022\\\/02\\\/454.png\",\"keywords\":[\"500 Hectareas\",\"AMLO\",\"Calica\",\"demanda\",\"Destrucci\u00f3n\",\"Ernesto Zedillo\",\"Freno\",\"Indeminsaci\u00f3n\",\"Permiso\",\"Playa\",\"playa del carmen\",\"Secretar\u00eda de Econom\u00eda\"],\"articleSection\":[\"4T\"],\"inLanguage\":\"es\",\"potentialAction\":[{\"@type\":\"CommentAction\",\"name\":\"Comment\",\"target\":[\"https:\\\/\\\/redamlo.com\\\/index.php\\\/2022\\\/02\\\/01\\\/freno-a-la-destruccion-de-500-has-en-playa-del-carmen-anuncia-amlo\\\/#respond\"]}]},{\"@type\":\"WebPage\",\"@id\":\"https:\\\/\\\/redamlo.com\\\/index.php\\\/2022\\\/02\\\/01\\\/freno-a-la-destruccion-de-500-has-en-playa-del-carmen-anuncia-amlo\\\/\",\"url\":\"https:\\\/\\\/redamlo.com\\\/index.php\\\/2022\\\/02\\\/01\\\/freno-a-la-destruccion-de-500-has-en-playa-del-carmen-anuncia-amlo\\\/\",\"name\":\"Freno a la destrucci\u00f3n de 500 has en Playa del Carmen, anuncia AMLO - NOTICIAS DE LA 4T\",\"isPartOf\":{\"@id\":\"https:\\\/\\\/redamlo.com\\\/#website\"},\"primaryImageOfPage\":{\"@id\":\"https:\\\/\\\/redamlo.com\\\/index.php\\\/2022\\\/02\\\/01\\\/freno-a-la-destruccion-de-500-has-en-playa-del-carmen-anuncia-amlo\\\/#primaryimage\"},\"image\":{\"@id\":\"https:\\\/\\\/redamlo.com\\\/index.php\\\/2022\\\/02\\\/01\\\/freno-a-la-destruccion-de-500-has-en-playa-del-carmen-anuncia-amlo\\\/#primaryimage\"},\"thumbnailUrl\":\"https:\\\/\\\/redamlo.com\\\/wp-content\\\/uploads\\\/2022\\\/02\\\/454.png\",\"datePublished\":\"2022-02-01T19:41:39+00:00\",\"breadcrumb\":{\"@id\":\"https:\\\/\\\/redamlo.com\\\/index.php\\\/2022\\\/02\\\/01\\\/freno-a-la-destruccion-de-500-has-en-playa-del-carmen-anuncia-amlo\\\/#breadcrumb\"},\"inLanguage\":\"es\",\"potentialAction\":[{\"@type\":\"ReadAction\",\"target\":[\"https:\\\/\\\/redamlo.com\\\/index.php\\\/2022\\\/02\\\/01\\\/freno-a-la-destruccion-de-500-has-en-playa-del-carmen-anuncia-amlo\\\/\"]}]},{\"@type\":\"ImageObject\",\"inLanguage\":\"es\",\"@id\":\"https:\\\/\\\/redamlo.com\\\/index.php\\\/2022\\\/02\\\/01\\\/freno-a-la-destruccion-de-500-has-en-playa-del-carmen-anuncia-amlo\\\/#primaryimage\",\"url\":\"https:\\\/\\\/redamlo.com\\\/wp-content\\\/uploads\\\/2022\\\/02\\\/454.png\",\"contentUrl\":\"https:\\\/\\\/redamlo.com\\\/wp-content\\\/uploads\\\/2022\\\/02\\\/454.png\",\"width\":1366,\"height\":768},{\"@type\":\"BreadcrumbList\",\"@id\":\"https:\\\/\\\/redamlo.com\\\/index.php\\\/2022\\\/02\\\/01\\\/freno-a-la-destruccion-de-500-has-en-playa-del-carmen-anuncia-amlo\\\/#breadcrumb\",\"itemListElement\":[{\"@type\":\"ListItem\",\"position\":1,\"name\":\"Inicio\",\"item\":\"https:\\\/\\\/redamlo.com\\\/\"},{\"@type\":\"ListItem\",\"position\":2,\"name\":\"Freno a la destrucci\u00f3n de 500 has en Playa del Carmen, anuncia AMLO\"}]},{\"@type\":\"WebSite\",\"@id\":\"https:\\\/\\\/redamlo.com\\\/#website\",\"url\":\"https:\\\/\\\/redamlo.com\\\/\",\"name\":\"NOTICIAS DE LA 4T\",\"description\":\"\",\"publisher\":{\"@id\":\"https:\\\/\\\/redamlo.com\\\/#organization\"},\"potentialAction\":[{\"@type\":\"SearchAction\",\"target\":{\"@type\":\"EntryPoint\",\"urlTemplate\":\"https:\\\/\\\/redamlo.com\\\/?s={search_term_string}\"},\"query-input\":{\"@type\":\"PropertyValueSpecification\",\"valueRequired\":true,\"valueName\":\"search_term_string\"}}],\"inLanguage\":\"es\"},{\"@type\":\"Organization\",\"@id\":\"https:\\\/\\\/redamlo.com\\\/#organization\",\"name\":\"NOTICIAS DE LA 4T\",\"url\":\"https:\\\/\\\/redamlo.com\\\/\",\"logo\":{\"@type\":\"ImageObject\",\"inLanguage\":\"es\",\"@id\":\"https:\\\/\\\/redamlo.com\\\/#\\\/schema\\\/logo\\\/image\\\/\",\"url\":\"https:\\\/\\\/redamlo.com\\\/wp-content\\\/uploads\\\/2024\\\/08\\\/cropped-RED-AMLO-logo-50.png\",\"contentUrl\":\"https:\\\/\\\/redamlo.com\\\/wp-content\\\/uploads\\\/2024\\\/08\\\/cropped-RED-AMLO-logo-50.png\",\"width\":256,\"height\":256,\"caption\":\"NOTICIAS DE LA 4T\"},\"image\":{\"@id\":\"https:\\\/\\\/redamlo.com\\\/#\\\/schema\\\/logo\\\/image\\\/\"}},{\"@type\":\"Person\",\"@id\":\"https:\\\/\\\/redamlo.com\\\/#\\\/schema\\\/person\\\/7223a4375eb8f1a782fcae010a7115cf\",\"name\":\"Blanca\",\"image\":{\"@type\":\"ImageObject\",\"inLanguage\":\"es\",\"@id\":\"https:\\\/\\\/secure.gravatar.com\\\/avatar\\\/3f79bc8336367a4e6093eae8757acaaf61d1124834b905616de7829b0273426d?s=96&d=mm&r=g\",\"url\":\"https:\\\/\\\/secure.gravatar.com\\\/avatar\\\/3f79bc8336367a4e6093eae8757acaaf61d1124834b905616de7829b0273426d?s=96&d=mm&r=g\",\"contentUrl\":\"https:\\\/\\\/secure.gravatar.com\\\/avatar\\\/3f79bc8336367a4e6093eae8757acaaf61d1124834b905616de7829b0273426d?s=96&d=mm&r=g\",\"caption\":\"Blanca\"},\"url\":\"https:\\\/\\\/redamlo.com\\\/index.php\\\/author\\\/blanca\\\/\"}]}<\/script>\n<!-- \/ Yoast SEO plugin. -->","yoast_head_json":{"title":"Freno a la destrucci\u00f3n de 500 has en Playa del Carmen, anuncia AMLO - NOTICIAS DE LA 4T","robots":{"index":"noindex","follow":"follow","max-snippet":"max-snippet:-1","max-image-preview":"max-image-preview:large","max-video-preview":"max-video-preview:-1"},"og_locale":"es_MX","og_type":"article","og_title":"Freno a la destrucci\u00f3n de 500 has en Playa del Carmen, anuncia AMLO - NOTICIAS DE LA 4T","og_description":"Realidades,\u00a0Ciudad de M\u00e9xico.\u00a0El gobierno de M\u00e9xico denunciar\u00e1 a nivel internacional y ante Naciones Unidas la...","og_url":"https:\/\/redamlo.com\/index.php\/2022\/02\/01\/freno-a-la-destruccion-de-500-has-en-playa-del-carmen-anuncia-amlo\/","og_site_name":"NOTICIAS DE LA 4T","article_published_time":"2022-02-01T19:41:39+00:00","og_image":[{"width":1366,"height":768,"url":"https:\/\/redamlo.com\/wp-content\/uploads\/2022\/02\/454.png","type":"image\/png"}],"author":"Blanca","twitter_card":"summary_large_image","twitter_misc":{"Escrito por":"Blanca","Tiempo de lectura":"3 minutos"},"schema":{"@context":"https:\/\/schema.org","@graph":[{"@type":"Article","@id":"https:\/\/redamlo.com\/index.php\/2022\/02\/01\/freno-a-la-destruccion-de-500-has-en-playa-del-carmen-anuncia-amlo\/#article","isPartOf":{"@id":"https:\/\/redamlo.com\/index.php\/2022\/02\/01\/freno-a-la-destruccion-de-500-has-en-playa-del-carmen-anuncia-amlo\/"},"author":{"name":"Blanca","@id":"https:\/\/redamlo.com\/#\/schema\/person\/7223a4375eb8f1a782fcae010a7115cf"},"headline":"Freno a la destrucci\u00f3n de 500 has en Playa del Carmen, anuncia AMLO","datePublished":"2022-02-01T19:41:39+00:00","mainEntityOfPage":{"@id":"https:\/\/redamlo.com\/index.php\/2022\/02\/01\/freno-a-la-destruccion-de-500-has-en-playa-del-carmen-anuncia-amlo\/"},"wordCount":494,"commentCount":0,"publisher":{"@id":"https:\/\/redamlo.com\/#organization"},"image":{"@id":"https:\/\/redamlo.com\/index.php\/2022\/02\/01\/freno-a-la-destruccion-de-500-has-en-playa-del-carmen-anuncia-amlo\/#primaryimage"},"thumbnailUrl":"https:\/\/redamlo.com\/wp-content\/uploads\/2022\/02\/454.png","keywords":["500 Hectareas","AMLO","Calica","demanda","Destrucci\u00f3n","Ernesto Zedillo","Freno","Indeminsaci\u00f3n","Permiso","Playa","playa del carmen","Secretar\u00eda de Econom\u00eda"],"articleSection":["4T"],"inLanguage":"es","potentialAction":[{"@type":"CommentAction","name":"Comment","target":["https:\/\/redamlo.com\/index.php\/2022\/02\/01\/freno-a-la-destruccion-de-500-has-en-playa-del-carmen-anuncia-amlo\/#respond"]}]},{"@type":"WebPage","@id":"https:\/\/redamlo.com\/index.php\/2022\/02\/01\/freno-a-la-destruccion-de-500-has-en-playa-del-carmen-anuncia-amlo\/","url":"https:\/\/redamlo.com\/index.php\/2022\/02\/01\/freno-a-la-destruccion-de-500-has-en-playa-del-carmen-anuncia-amlo\/","name":"Freno a la destrucci\u00f3n de 500 has en Playa del Carmen, anuncia AMLO - NOTICIAS DE LA 4T","isPartOf":{"@id":"https:\/\/redamlo.com\/#website"},"primaryImageOfPage":{"@id":"https:\/\/redamlo.com\/index.php\/2022\/02\/01\/freno-a-la-destruccion-de-500-has-en-playa-del-carmen-anuncia-amlo\/#primaryimage"},"image":{"@id":"https:\/\/redamlo.com\/index.php\/2022\/02\/01\/freno-a-la-destruccion-de-500-has-en-playa-del-carmen-anuncia-amlo\/#primaryimage"},"thumbnailUrl":"https:\/\/redamlo.com\/wp-content\/uploads\/2022\/02\/454.png","datePublished":"2022-02-01T19:41:39+00:00","breadcrumb":{"@id":"https:\/\/redamlo.com\/index.php\/2022\/02\/01\/freno-a-la-destruccion-de-500-has-en-playa-del-carmen-anuncia-amlo\/#breadcrumb"},"inLanguage":"es","potentialAction":[{"@type":"ReadAction","target":["https:\/\/redamlo.com\/index.php\/2022\/02\/01\/freno-a-la-destruccion-de-500-has-en-playa-del-carmen-anuncia-amlo\/"]}]},{"@type":"ImageObject","inLanguage":"es","@id":"https:\/\/redamlo.com\/index.php\/2022\/02\/01\/freno-a-la-destruccion-de-500-has-en-playa-del-carmen-anuncia-amlo\/#primaryimage","url":"https:\/\/redamlo.com\/wp-content\/uploads\/2022\/02\/454.png","contentUrl":"https:\/\/redamlo.com\/wp-content\/uploads\/2022\/02\/454.png","width":1366,"height":768},{"@type":"BreadcrumbList","@id":"https:\/\/redamlo.com\/index.php\/2022\/02\/01\/freno-a-la-destruccion-de-500-has-en-playa-del-carmen-anuncia-amlo\/#breadcrumb","itemListElement":[{"@type":"ListItem","position":1,"name":"Inicio","item":"https:\/\/redamlo.com\/"},{"@type":"ListItem","position":2,"name":"Freno a la destrucci\u00f3n de 500 has en Playa del Carmen, anuncia AMLO"}]},{"@type":"WebSite","@id":"https:\/\/redamlo.com\/#website","url":"https:\/\/redamlo.com\/","name":"NOTICIAS DE LA 4T","description":"","publisher":{"@id":"https:\/\/redamlo.com\/#organization"},"potentialAction":[{"@type":"SearchAction","target":{"@type":"EntryPoint","urlTemplate":"https:\/\/redamlo.com\/?s={search_term_string}"},"query-input":{"@type":"PropertyValueSpecification","valueRequired":true,"valueName":"search_term_string"}}],"inLanguage":"es"},{"@type":"Organization","@id":"https:\/\/redamlo.com\/#organization","name":"NOTICIAS DE LA 4T","url":"https:\/\/redamlo.com\/","logo":{"@type":"ImageObject","inLanguage":"es","@id":"https:\/\/redamlo.com\/#\/schema\/logo\/image\/","url":"https:\/\/redamlo.com\/wp-content\/uploads\/2024\/08\/cropped-RED-AMLO-logo-50.png","contentUrl":"https:\/\/redamlo.com\/wp-content\/uploads\/2024\/08\/cropped-RED-AMLO-logo-50.png","width":256,"height":256,"caption":"NOTICIAS DE LA 4T"},"image":{"@id":"https:\/\/redamlo.com\/#\/schema\/logo\/image\/"}},{"@type":"Person","@id":"https:\/\/redamlo.com\/#\/schema\/person\/7223a4375eb8f1a782fcae010a7115cf","name":"Blanca","image":{"@type":"ImageObject","inLanguage":"es","@id":"https:\/\/secure.gravatar.com\/avatar\/3f79bc8336367a4e6093eae8757acaaf61d1124834b905616de7829b0273426d?s=96&d=mm&r=g","url":"https:\/\/secure.gravatar.com\/avatar\/3f79bc8336367a4e6093eae8757acaaf61d1124834b905616de7829b0273426d?s=96&d=mm&r=g","contentUrl":"https:\/\/secure.gravatar.com\/avatar\/3f79bc8336367a4e6093eae8757acaaf61d1124834b905616de7829b0273426d?s=96&d=mm&r=g","caption":"Blanca"},"url":"https:\/\/redamlo.com\/index.php\/author\/blanca\/"}]}},"_links":{"self":[{"href":"https:\/\/redamlo.com\/index.php\/wp-json\/wp\/v2\/posts\/6006","targetHints":{"allow":["GET"]}}],"collection":[{"href":"https:\/\/redamlo.com\/index.php\/wp-json\/wp\/v2\/posts"}],"about":[{"href":"https:\/\/redamlo.com\/index.php\/wp-json\/wp\/v2\/types\/post"}],"author":[{"embeddable":true,"href":"https:\/\/redamlo.com\/index.php\/wp-json\/wp\/v2\/users\/2"}],"replies":[{"embeddable":true,"href":"https:\/\/redamlo.com\/index.php\/wp-json\/wp\/v2\/comments?post=6006"}],"version-history":[{"count":0,"href":"https:\/\/redamlo.com\/index.php\/wp-json\/wp\/v2\/posts\/6006\/revisions"}],"wp:featuredmedia":[{"embeddable":true,"href":"https:\/\/redamlo.com\/index.php\/wp-json\/wp\/v2\/media\/6007"}],"wp:attachment":[{"href":"https:\/\/redamlo.com\/index.php\/wp-json\/wp\/v2\/media?parent=6006"}],"wp:term":[{"taxonomy":"category","embeddable":true,"href":"https:\/\/redamlo.com\/index.php\/wp-json\/wp\/v2\/categories?post=6006"},{"taxonomy":"post_tag","embeddable":true,"href":"https:\/\/redamlo.com\/index.php\/wp-json\/wp\/v2\/tags?post=6006"}],"curies":[{"name":"wp","href":"https:\/\/api.w.org\/{rel}","templated":true}]}}