{"id":6002,"date":"2022-01-31T15:56:53","date_gmt":"2022-01-31T21:56:53","guid":{"rendered":"https:\/\/redamlo.com\/?p=6002"},"modified":"2022-01-31T15:56:53","modified_gmt":"2022-01-31T21:56:53","slug":"desea-presidente-amlo-pronta-recuperacion-de-covid-a-justin-trudeau","status":"publish","type":"post","link":"https:\/\/redamlo.com\/index.php\/2022\/01\/31\/desea-presidente-amlo-pronta-recuperacion-de-covid-a-justin-trudeau\/","title":{"rendered":"Desea presidente AMLO pronta recuperaci\u00f3n de covid a Justin Trudeau"},"content":{"rendered":"<p>Horas despu\u00e9s de informarse que el primer ministro de Canad\u00e1, Justine Trudeau, se asil\u00f3 tras dar positivo a Covid-19, el presidente Andr\u00e9s Manuel L\u00f3pez Obrador dese\u00f3 una pronta recuperaci\u00f3n al mandatario canadiense.<\/p>\n<p>&nbsp;<\/p>\n<p>\u201cDeseo de coraz\u00f3n que se recupere pronto de #COVID19, el buen amigo y primer ministro de Canad\u00e1, Justin Trudeau\u201d, indic\u00f3 L\u00f3pez Obrador en redes sociales en un mensaje que acompa\u00f1\u00f3 con una fotograf\u00eda de ambos, durante su encuentro en el Instituto Cultural Mexicano de Washington, en Estados Unidos en noviembre del a\u00f1o pasado.<\/p>\n<p>&nbsp;<\/p>\n<p>Trudeau explic\u00f3 que seguir\u00e1 trabajando de manera remota ya que no experimenta s\u00edntomas graves.<\/p>\n<p>Hace un par de semanas, el primer ministro tambi\u00e9n dese\u00f3 una pronta recuperaci\u00f3n al presidente mexicano cuando enferm\u00f3 por el coronavirus.<\/p>\n<blockquote class=\"twitter-tweet\" data-width=\"550\" data-dnt=\"true\">\n<p lang=\"es\" dir=\"ltr\">Deseo de coraz\u00f3n que se recupere pronto de <a href=\"https:\/\/twitter.com\/hashtag\/COVID19?src=hash&amp;ref_src=twsrc%5Etfw\">#COVID19<\/a>, el buen amigo y primer ministro de Canad\u00e1, Justin Trudeau. <a href=\"https:\/\/t.co\/QKDsuYHNWn\">pic.twitter.com\/QKDsuYHNWn<\/a><\/p>\n<p>&mdash; Andr\u00e9s Manuel (@lopezobrador_) <a href=\"https:\/\/twitter.com\/lopezobrador_\/status\/1488216547202060301?ref_src=twsrc%5Etfw\">January 31, 2022<\/a><\/p><\/blockquote>\n<p><script async src=\"https:\/\/platform.twitter.com\/widgets.js\" charset=\"utf-8\"><\/script><\/p>\n<p>Fuente: LA JORNADA.<\/p>\n","protected":false},"excerpt":{"rendered":"<p>Horas despu\u00e9s de informarse que el primer ministro de Canad\u00e1, Justine Trudeau, se asil\u00f3 tras&#8230;<\/p>\n","protected":false},"author":2,"featured_media":6005,"comment_status":"open","ping_status":"closed","sticky":false,"template":"","format":"standard","meta":{"footnotes":""},"categories":[13,5],"tags":[84,721,2061,2062,1969],"class_list":["post-6002","post","type-post","status-publish","format-standard","has-post-thumbnail","hentry","category-internacionales","category-politica","tag-amlo","tag-canada","tag-covid","tag-justin-trudeau","tag-trudeau"],"yoast_head":"<!-- This site is optimized with the Yoast SEO plugin v27.5 - https:\/\/yoast.com\/product\/yoast-seo-wordpress\/ -->\n<title>Desea presidente AMLO pronta recuperaci\u00f3n de covid a Justin Trudeau - NOTICIAS DE LA 4T<\/title>\n<meta name=\"robots\" content=\"noindex, follow, max-snippet:-1, max-image-preview:large, max-video-preview:-1\" \/>\n<meta property=\"og:locale\" content=\"es_MX\" \/>\n<meta property=\"og:type\" content=\"article\" \/>\n<meta property=\"og:title\" content=\"Desea presidente AMLO pronta recuperaci\u00f3n de covid a Justin Trudeau - NOTICIAS DE LA 4T\" \/>\n<meta property=\"og:description\" content=\"Horas despu\u00e9s de informarse que el primer ministro de Canad\u00e1, Justine Trudeau, se asil\u00f3 tras...\" \/>\n<meta property=\"og:url\" content=\"https:\/\/redamlo.com\/index.php\/2022\/01\/31\/desea-presidente-amlo-pronta-recuperacion-de-covid-a-justin-trudeau\/\" \/>\n<meta property=\"og:site_name\" content=\"NOTICIAS DE LA 4T\" \/>\n<meta property=\"article:published_time\" content=\"2022-01-31T21:56:53+00:00\" \/>\n<meta property=\"og:image\" content=\"https:\/\/redamlo.com\/wp-content\/uploads\/2022\/01\/amlo-canada-scaled-1.jpg\" \/>\n\t<meta property=\"og:image:width\" content=\"1707\" \/>\n\t<meta property=\"og:image:height\" content=\"2560\" \/>\n\t<meta property=\"og:image:type\" content=\"image\/jpeg\" \/>\n<meta name=\"author\" content=\"Blanca\" \/>\n<meta name=\"twitter:card\" content=\"summary_large_image\" \/>\n<meta name=\"twitter:label1\" content=\"Escrito por\" \/>\n\t<meta name=\"twitter:data1\" content=\"Blanca\" \/>\n\t<meta name=\"twitter:label2\" content=\"Tiempo de lectura\" \/>\n\t<meta name=\"twitter:data2\" content=\"1 minuto\" \/>\n<script type=\"application\/ld+json\" class=\"yoast-schema-graph\">{\"@context\":\"https:\\\/\\\/schema.org\",\"@graph\":[{\"@type\":\"Article\",\"@id\":\"https:\\\/\\\/redamlo.com\\\/index.php\\\/2022\\\/01\\\/31\\\/desea-presidente-amlo-pronta-recuperacion-de-covid-a-justin-trudeau\\\/#article\",\"isPartOf\":{\"@id\":\"https:\\\/\\\/redamlo.com\\\/index.php\\\/2022\\\/01\\\/31\\\/desea-presidente-amlo-pronta-recuperacion-de-covid-a-justin-trudeau\\\/\"},\"author\":{\"name\":\"Blanca\",\"@id\":\"https:\\\/\\\/redamlo.com\\\/#\\\/schema\\\/person\\\/7223a4375eb8f1a782fcae010a7115cf\"},\"headline\":\"Desea presidente AMLO pronta recuperaci\u00f3n de covid a Justin Trudeau\",\"datePublished\":\"2022-01-31T21:56:53+00:00\",\"mainEntityOfPage\":{\"@id\":\"https:\\\/\\\/redamlo.com\\\/index.php\\\/2022\\\/01\\\/31\\\/desea-presidente-amlo-pronta-recuperacion-de-covid-a-justin-trudeau\\\/\"},\"wordCount\":181,\"commentCount\":0,\"publisher\":{\"@id\":\"https:\\\/\\\/redamlo.com\\\/#organization\"},\"image\":{\"@id\":\"https:\\\/\\\/redamlo.com\\\/index.php\\\/2022\\\/01\\\/31\\\/desea-presidente-amlo-pronta-recuperacion-de-covid-a-justin-trudeau\\\/#primaryimage\"},\"thumbnailUrl\":\"https:\\\/\\\/redamlo.com\\\/wp-content\\\/uploads\\\/2022\\\/01\\\/amlo-canada-scaled-1.jpg\",\"keywords\":[\"AMLO\",\"Canad\u00e1\",\"covid\",\"justin trudeau\",\"Trudeau\"],\"articleSection\":[\"Internacionales\",\"Pol\u00edtica\"],\"inLanguage\":\"es\",\"potentialAction\":[{\"@type\":\"CommentAction\",\"name\":\"Comment\",\"target\":[\"https:\\\/\\\/redamlo.com\\\/index.php\\\/2022\\\/01\\\/31\\\/desea-presidente-amlo-pronta-recuperacion-de-covid-a-justin-trudeau\\\/#respond\"]}]},{\"@type\":\"WebPage\",\"@id\":\"https:\\\/\\\/redamlo.com\\\/index.php\\\/2022\\\/01\\\/31\\\/desea-presidente-amlo-pronta-recuperacion-de-covid-a-justin-trudeau\\\/\",\"url\":\"https:\\\/\\\/redamlo.com\\\/index.php\\\/2022\\\/01\\\/31\\\/desea-presidente-amlo-pronta-recuperacion-de-covid-a-justin-trudeau\\\/\",\"name\":\"Desea presidente AMLO pronta recuperaci\u00f3n de covid a Justin Trudeau - NOTICIAS DE LA 4T\",\"isPartOf\":{\"@id\":\"https:\\\/\\\/redamlo.com\\\/#website\"},\"primaryImageOfPage\":{\"@id\":\"https:\\\/\\\/redamlo.com\\\/index.php\\\/2022\\\/01\\\/31\\\/desea-presidente-amlo-pronta-recuperacion-de-covid-a-justin-trudeau\\\/#primaryimage\"},\"image\":{\"@id\":\"https:\\\/\\\/redamlo.com\\\/index.php\\\/2022\\\/01\\\/31\\\/desea-presidente-amlo-pronta-recuperacion-de-covid-a-justin-trudeau\\\/#primaryimage\"},\"thumbnailUrl\":\"https:\\\/\\\/redamlo.com\\\/wp-content\\\/uploads\\\/2022\\\/01\\\/amlo-canada-scaled-1.jpg\",\"datePublished\":\"2022-01-31T21:56:53+00:00\",\"breadcrumb\":{\"@id\":\"https:\\\/\\\/redamlo.com\\\/index.php\\\/2022\\\/01\\\/31\\\/desea-presidente-amlo-pronta-recuperacion-de-covid-a-justin-trudeau\\\/#breadcrumb\"},\"inLanguage\":\"es\",\"potentialAction\":[{\"@type\":\"ReadAction\",\"target\":[\"https:\\\/\\\/redamlo.com\\\/index.php\\\/2022\\\/01\\\/31\\\/desea-presidente-amlo-pronta-recuperacion-de-covid-a-justin-trudeau\\\/\"]}]},{\"@type\":\"ImageObject\",\"inLanguage\":\"es\",\"@id\":\"https:\\\/\\\/redamlo.com\\\/index.php\\\/2022\\\/01\\\/31\\\/desea-presidente-amlo-pronta-recuperacion-de-covid-a-justin-trudeau\\\/#primaryimage\",\"url\":\"https:\\\/\\\/redamlo.com\\\/wp-content\\\/uploads\\\/2022\\\/01\\\/amlo-canada-scaled-1.jpg\",\"contentUrl\":\"https:\\\/\\\/redamlo.com\\\/wp-content\\\/uploads\\\/2022\\\/01\\\/amlo-canada-scaled-1.jpg\",\"width\":1707,\"height\":2560},{\"@type\":\"BreadcrumbList\",\"@id\":\"https:\\\/\\\/redamlo.com\\\/index.php\\\/2022\\\/01\\\/31\\\/desea-presidente-amlo-pronta-recuperacion-de-covid-a-justin-trudeau\\\/#breadcrumb\",\"itemListElement\":[{\"@type\":\"ListItem\",\"position\":1,\"name\":\"Inicio\",\"item\":\"https:\\\/\\\/redamlo.com\\\/\"},{\"@type\":\"ListItem\",\"position\":2,\"name\":\"Desea presidente AMLO pronta recuperaci\u00f3n de covid a Justin Trudeau\"}]},{\"@type\":\"WebSite\",\"@id\":\"https:\\\/\\\/redamlo.com\\\/#website\",\"url\":\"https:\\\/\\\/redamlo.com\\\/\",\"name\":\"NOTICIAS DE LA 4T\",\"description\":\"\",\"publisher\":{\"@id\":\"https:\\\/\\\/redamlo.com\\\/#organization\"},\"potentialAction\":[{\"@type\":\"SearchAction\",\"target\":{\"@type\":\"EntryPoint\",\"urlTemplate\":\"https:\\\/\\\/redamlo.com\\\/?s={search_term_string}\"},\"query-input\":{\"@type\":\"PropertyValueSpecification\",\"valueRequired\":true,\"valueName\":\"search_term_string\"}}],\"inLanguage\":\"es\"},{\"@type\":\"Organization\",\"@id\":\"https:\\\/\\\/redamlo.com\\\/#organization\",\"name\":\"NOTICIAS DE LA 4T\",\"url\":\"https:\\\/\\\/redamlo.com\\\/\",\"logo\":{\"@type\":\"ImageObject\",\"inLanguage\":\"es\",\"@id\":\"https:\\\/\\\/redamlo.com\\\/#\\\/schema\\\/logo\\\/image\\\/\",\"url\":\"https:\\\/\\\/redamlo.com\\\/wp-content\\\/uploads\\\/2024\\\/08\\\/cropped-RED-AMLO-logo-50.png\",\"contentUrl\":\"https:\\\/\\\/redamlo.com\\\/wp-content\\\/uploads\\\/2024\\\/08\\\/cropped-RED-AMLO-logo-50.png\",\"width\":256,\"height\":256,\"caption\":\"NOTICIAS DE LA 4T\"},\"image\":{\"@id\":\"https:\\\/\\\/redamlo.com\\\/#\\\/schema\\\/logo\\\/image\\\/\"}},{\"@type\":\"Person\",\"@id\":\"https:\\\/\\\/redamlo.com\\\/#\\\/schema\\\/person\\\/7223a4375eb8f1a782fcae010a7115cf\",\"name\":\"Blanca\",\"image\":{\"@type\":\"ImageObject\",\"inLanguage\":\"es\",\"@id\":\"https:\\\/\\\/secure.gravatar.com\\\/avatar\\\/3f79bc8336367a4e6093eae8757acaaf61d1124834b905616de7829b0273426d?s=96&d=mm&r=g\",\"url\":\"https:\\\/\\\/secure.gravatar.com\\\/avatar\\\/3f79bc8336367a4e6093eae8757acaaf61d1124834b905616de7829b0273426d?s=96&d=mm&r=g\",\"contentUrl\":\"https:\\\/\\\/secure.gravatar.com\\\/avatar\\\/3f79bc8336367a4e6093eae8757acaaf61d1124834b905616de7829b0273426d?s=96&d=mm&r=g\",\"caption\":\"Blanca\"},\"url\":\"https:\\\/\\\/redamlo.com\\\/index.php\\\/author\\\/blanca\\\/\"}]}<\/script>\n<!-- \/ Yoast SEO plugin. -->","yoast_head_json":{"title":"Desea presidente AMLO pronta recuperaci\u00f3n de covid a Justin Trudeau - NOTICIAS DE LA 4T","robots":{"index":"noindex","follow":"follow","max-snippet":"max-snippet:-1","max-image-preview":"max-image-preview:large","max-video-preview":"max-video-preview:-1"},"og_locale":"es_MX","og_type":"article","og_title":"Desea presidente AMLO pronta recuperaci\u00f3n de covid a Justin Trudeau - NOTICIAS DE LA 4T","og_description":"Horas despu\u00e9s de informarse que el primer ministro de Canad\u00e1, Justine Trudeau, se asil\u00f3 tras...","og_url":"https:\/\/redamlo.com\/index.php\/2022\/01\/31\/desea-presidente-amlo-pronta-recuperacion-de-covid-a-justin-trudeau\/","og_site_name":"NOTICIAS DE LA 4T","article_published_time":"2022-01-31T21:56:53+00:00","og_image":[{"width":1707,"height":2560,"url":"https:\/\/redamlo.com\/wp-content\/uploads\/2022\/01\/amlo-canada-scaled-1.jpg","type":"image\/jpeg"}],"author":"Blanca","twitter_card":"summary_large_image","twitter_misc":{"Escrito por":"Blanca","Tiempo de lectura":"1 minuto"},"schema":{"@context":"https:\/\/schema.org","@graph":[{"@type":"Article","@id":"https:\/\/redamlo.com\/index.php\/2022\/01\/31\/desea-presidente-amlo-pronta-recuperacion-de-covid-a-justin-trudeau\/#article","isPartOf":{"@id":"https:\/\/redamlo.com\/index.php\/2022\/01\/31\/desea-presidente-amlo-pronta-recuperacion-de-covid-a-justin-trudeau\/"},"author":{"name":"Blanca","@id":"https:\/\/redamlo.com\/#\/schema\/person\/7223a4375eb8f1a782fcae010a7115cf"},"headline":"Desea presidente AMLO pronta recuperaci\u00f3n de covid a Justin Trudeau","datePublished":"2022-01-31T21:56:53+00:00","mainEntityOfPage":{"@id":"https:\/\/redamlo.com\/index.php\/2022\/01\/31\/desea-presidente-amlo-pronta-recuperacion-de-covid-a-justin-trudeau\/"},"wordCount":181,"commentCount":0,"publisher":{"@id":"https:\/\/redamlo.com\/#organization"},"image":{"@id":"https:\/\/redamlo.com\/index.php\/2022\/01\/31\/desea-presidente-amlo-pronta-recuperacion-de-covid-a-justin-trudeau\/#primaryimage"},"thumbnailUrl":"https:\/\/redamlo.com\/wp-content\/uploads\/2022\/01\/amlo-canada-scaled-1.jpg","keywords":["AMLO","Canad\u00e1","covid","justin trudeau","Trudeau"],"articleSection":["Internacionales","Pol\u00edtica"],"inLanguage":"es","potentialAction":[{"@type":"CommentAction","name":"Comment","target":["https:\/\/redamlo.com\/index.php\/2022\/01\/31\/desea-presidente-amlo-pronta-recuperacion-de-covid-a-justin-trudeau\/#respond"]}]},{"@type":"WebPage","@id":"https:\/\/redamlo.com\/index.php\/2022\/01\/31\/desea-presidente-amlo-pronta-recuperacion-de-covid-a-justin-trudeau\/","url":"https:\/\/redamlo.com\/index.php\/2022\/01\/31\/desea-presidente-amlo-pronta-recuperacion-de-covid-a-justin-trudeau\/","name":"Desea presidente AMLO pronta recuperaci\u00f3n de covid a Justin Trudeau - NOTICIAS DE LA 4T","isPartOf":{"@id":"https:\/\/redamlo.com\/#website"},"primaryImageOfPage":{"@id":"https:\/\/redamlo.com\/index.php\/2022\/01\/31\/desea-presidente-amlo-pronta-recuperacion-de-covid-a-justin-trudeau\/#primaryimage"},"image":{"@id":"https:\/\/redamlo.com\/index.php\/2022\/01\/31\/desea-presidente-amlo-pronta-recuperacion-de-covid-a-justin-trudeau\/#primaryimage"},"thumbnailUrl":"https:\/\/redamlo.com\/wp-content\/uploads\/2022\/01\/amlo-canada-scaled-1.jpg","datePublished":"2022-01-31T21:56:53+00:00","breadcrumb":{"@id":"https:\/\/redamlo.com\/index.php\/2022\/01\/31\/desea-presidente-amlo-pronta-recuperacion-de-covid-a-justin-trudeau\/#breadcrumb"},"inLanguage":"es","potentialAction":[{"@type":"ReadAction","target":["https:\/\/redamlo.com\/index.php\/2022\/01\/31\/desea-presidente-amlo-pronta-recuperacion-de-covid-a-justin-trudeau\/"]}]},{"@type":"ImageObject","inLanguage":"es","@id":"https:\/\/redamlo.com\/index.php\/2022\/01\/31\/desea-presidente-amlo-pronta-recuperacion-de-covid-a-justin-trudeau\/#primaryimage","url":"https:\/\/redamlo.com\/wp-content\/uploads\/2022\/01\/amlo-canada-scaled-1.jpg","contentUrl":"https:\/\/redamlo.com\/wp-content\/uploads\/2022\/01\/amlo-canada-scaled-1.jpg","width":1707,"height":2560},{"@type":"BreadcrumbList","@id":"https:\/\/redamlo.com\/index.php\/2022\/01\/31\/desea-presidente-amlo-pronta-recuperacion-de-covid-a-justin-trudeau\/#breadcrumb","itemListElement":[{"@type":"ListItem","position":1,"name":"Inicio","item":"https:\/\/redamlo.com\/"},{"@type":"ListItem","position":2,"name":"Desea presidente AMLO pronta recuperaci\u00f3n de covid a Justin Trudeau"}]},{"@type":"WebSite","@id":"https:\/\/redamlo.com\/#website","url":"https:\/\/redamlo.com\/","name":"NOTICIAS DE LA 4T","description":"","publisher":{"@id":"https:\/\/redamlo.com\/#organization"},"potentialAction":[{"@type":"SearchAction","target":{"@type":"EntryPoint","urlTemplate":"https:\/\/redamlo.com\/?s={search_term_string}"},"query-input":{"@type":"PropertyValueSpecification","valueRequired":true,"valueName":"search_term_string"}}],"inLanguage":"es"},{"@type":"Organization","@id":"https:\/\/redamlo.com\/#organization","name":"NOTICIAS DE LA 4T","url":"https:\/\/redamlo.com\/","logo":{"@type":"ImageObject","inLanguage":"es","@id":"https:\/\/redamlo.com\/#\/schema\/logo\/image\/","url":"https:\/\/redamlo.com\/wp-content\/uploads\/2024\/08\/cropped-RED-AMLO-logo-50.png","contentUrl":"https:\/\/redamlo.com\/wp-content\/uploads\/2024\/08\/cropped-RED-AMLO-logo-50.png","width":256,"height":256,"caption":"NOTICIAS DE LA 4T"},"image":{"@id":"https:\/\/redamlo.com\/#\/schema\/logo\/image\/"}},{"@type":"Person","@id":"https:\/\/redamlo.com\/#\/schema\/person\/7223a4375eb8f1a782fcae010a7115cf","name":"Blanca","image":{"@type":"ImageObject","inLanguage":"es","@id":"https:\/\/secure.gravatar.com\/avatar\/3f79bc8336367a4e6093eae8757acaaf61d1124834b905616de7829b0273426d?s=96&d=mm&r=g","url":"https:\/\/secure.gravatar.com\/avatar\/3f79bc8336367a4e6093eae8757acaaf61d1124834b905616de7829b0273426d?s=96&d=mm&r=g","contentUrl":"https:\/\/secure.gravatar.com\/avatar\/3f79bc8336367a4e6093eae8757acaaf61d1124834b905616de7829b0273426d?s=96&d=mm&r=g","caption":"Blanca"},"url":"https:\/\/redamlo.com\/index.php\/author\/blanca\/"}]}},"_links":{"self":[{"href":"https:\/\/redamlo.com\/index.php\/wp-json\/wp\/v2\/posts\/6002","targetHints":{"allow":["GET"]}}],"collection":[{"href":"https:\/\/redamlo.com\/index.php\/wp-json\/wp\/v2\/posts"}],"about":[{"href":"https:\/\/redamlo.com\/index.php\/wp-json\/wp\/v2\/types\/post"}],"author":[{"embeddable":true,"href":"https:\/\/redamlo.com\/index.php\/wp-json\/wp\/v2\/users\/2"}],"replies":[{"embeddable":true,"href":"https:\/\/redamlo.com\/index.php\/wp-json\/wp\/v2\/comments?post=6002"}],"version-history":[{"count":0,"href":"https:\/\/redamlo.com\/index.php\/wp-json\/wp\/v2\/posts\/6002\/revisions"}],"wp:featuredmedia":[{"embeddable":true,"href":"https:\/\/redamlo.com\/index.php\/wp-json\/wp\/v2\/media\/6005"}],"wp:attachment":[{"href":"https:\/\/redamlo.com\/index.php\/wp-json\/wp\/v2\/media?parent=6002"}],"wp:term":[{"taxonomy":"category","embeddable":true,"href":"https:\/\/redamlo.com\/index.php\/wp-json\/wp\/v2\/categories?post=6002"},{"taxonomy":"post_tag","embeddable":true,"href":"https:\/\/redamlo.com\/index.php\/wp-json\/wp\/v2\/tags?post=6002"}],"curies":[{"name":"wp","href":"https:\/\/api.w.org\/{rel}","templated":true}]}}