{"id":5999,"date":"2022-01-31T15:30:10","date_gmt":"2022-01-31T21:30:10","guid":{"rendered":"https:\/\/redamlo.com\/?p=5999"},"modified":"2022-01-31T15:30:10","modified_gmt":"2022-01-31T21:30:10","slug":"gobierno-cumple-pacto-con-el-pueblo-al-entregar-apoyos-de-programas-sociales-presidente-beneficiarios-recibiran-adelanto-por-veda-electoral","status":"publish","type":"post","link":"https:\/\/redamlo.com\/index.php\/2022\/01\/31\/gobierno-cumple-pacto-con-el-pueblo-al-entregar-apoyos-de-programas-sociales-presidente-beneficiarios-recibiran-adelanto-por-veda-electoral\/","title":{"rendered":"GOBIERNO CUMPLE PACTO CON EL PUEBLO AL ENTREGAR APOYOS DE PROGRAMAS SOCIALES: PRESIDENTE; BENEFICIARIOS RECIBIR\u00c1N ADELANTO POR VEDA ELECTORAL"},"content":{"rendered":"<p>El presidente Andr\u00e9s Manuel L\u00f3pez Obrador afirm\u00f3 que la entrega de apoyos de los\u00a0<strong>Programas para el Bienestar<\/strong>\u00a0representa el cumplimiento del pacto que estableci\u00f3 el Gobierno de la Cuarta Transformaci\u00f3n con el pueblo de M\u00e9xico.<\/p>\n<p>En conferencia de prensa matutina, las y los servidores p\u00fablicos encargados de coordinar la dispersi\u00f3n de los recursos informaron sobre el adelanto que se dar\u00e1 a la\u00a0<strong>poblaci\u00f3n beneficiaria<\/strong>\u00a0con el prop\u00f3sito de respetar la veda electoral establecida en la ley.<\/p>\n<p>\u201cCelebro que est\u00e9n aqu\u00ed los que coordinan los\u00a0<strong>Programas para el Bienestar<\/strong>\u00a0porque esto es parte del acuerdo, del pacto con el pueblo, el que el gobierno sea para el pueblo. Son las becas, son las pensiones, es el impulso a la educaci\u00f3n, es todo el desarrollo social y por eso la gente nos respalda y nos apoya por m\u00e1s ataques que haya tenemos ese respaldo y nosotros no vamos nunca a traicionar al pueblo, nunca\u201d, enfatiz\u00f3 el mandatario.<\/p>\n<p>\u201cYa viene la consulta de\u00a0<strong>revocaci\u00f3n de mandato<\/strong>\u00a0y luego hay elecciones en seis estados y queremos que est\u00e9n informados los beneficiarios, que sepan exactamente cu\u00e1ndo van a recibir sus pagos\u201d, agreg\u00f3.<\/p>\n<p>La secretaria de Bienestar, Ariadna Montiel Reyes, explic\u00f3 que en marzo se pagar\u00e1n los bimestres correspondientes a marzo-abril y mayo-junio de las\u00a0<strong>pensiones para personas adultas mayores<\/strong>\u00a0\u20147 mil 700 pesos\u2014 y con discapacidad \u20145 mil 600 pesos\u2014, as\u00ed como a madres trabajadoras para el cuidado de hijas e hijos, quienes acceder\u00e1n a 3 mil 200 pesos. En julio, dijo, se regularizar\u00e1n los pagos de dichos programas.<\/p>\n<p>En el caso de\u00a0<strong>Sembrando Vida<\/strong>, las y los sembradores recibir\u00e1n a trav\u00e9s de la tarjeta del Banco del Bienestar los 5 mil pesos mensuales que habitualmente perciben.<\/p>\n<p>La secretaria present\u00f3 el calendario anual de incorporaci\u00f3n y tr\u00e1mites de pensiones para personas adultas mayores, el cual\u00a0<strong>respetar\u00e1 la ley y los tiempos electorales<\/strong>. En este se contempla que, del 15 al 30 de abril, podr\u00e1n registrarse las personas con fecha de nacimiento en enero, febrero, marzo y abril en los estados donde no haya comicios. Recibir\u00e1n sus tarjetas del 15 al 30 de junio.<\/p>\n<p>Para las personas nacidas en mayo y junio, el registro ser\u00e1 del 15 al 30 de junio, despu\u00e9s del proceso electoral, y la entrega de tarjetas del 15 al 30 de agosto.<\/p>\n<p>Los nacidos en julio y agosto, septiembre y octubre, noviembre y diciembre se inscribir\u00e1n en los primeros d\u00edas del bimestre, es decir, del 1 al 15 de julio, del 1 al 15 de septiembre y del 1 al 15 de noviembre, respectivamente. Recibir\u00e1n su tarjeta del 1 al 15 de septiembre, del 1 al 15 de noviembre y del 1 al 15 de enero seg\u00fan corresponda. De esta manera se prev\u00e9 regularizar la atenci\u00f3n tras los comicios.<\/p>\n<p>Report\u00f3 que al 31 de enero de 2022 hay 10 millones 259 mil 861 derechohabientes del programa\u00a0<strong>Pensi\u00f3n para el Bienestar de las Personas Adultas Mayores.<\/strong>\u00a0El pago del bimestre enero-febrero presenta un avance de 91 por ciento con una inversi\u00f3n social de 39 mil 500 millones de pesos.<\/p>\n<p>En el caso de la\u00a0<strong>Pensi\u00f3n para el Bienestar de las Personas con Discapacidad<\/strong>, ya suman un mill\u00f3n 18 mil 628 beneficiarias y beneficiarios. Hasta este d\u00eda, el avance de la distribuci\u00f3n de este apoyo es de 89.1 por ciento con una inversi\u00f3n social de 2 mil 852 millones de pesos.<\/p>\n<p>El programa de\u00a0<strong>Apoyo para el Bienestar de Ni\u00f1as y Ni\u00f1os, Hijos de Madres Trabajadoras<\/strong>, se tienen inscritos 278 mil 121 beneficiarias; para el bimestre en curso se invirtieron 449 millones de pesos. El avance del pago de este recurso se encuentra al 81.4 por ciento.<\/p>\n<p>\u201cEsta semana debemos llegar al cien por ciento en los tres programas\u201d, asegur\u00f3 la secretaria.<\/p>\n<p>Dio a conocer que\u00a0<strong>Sembrando Vida<\/strong>\u00a0cuenta con 450 mil 100 sembradores y sembradoras, quienes recibir\u00e1n en febrero su pago. La inversi\u00f3n social a realizar ser\u00e1 de 2 mil 250 millones de pesos.<\/p>\n<p>Anunci\u00f3 que en abril habr\u00e1 incorporaci\u00f3n de nuevos beneficiarios a\u00a0<strong>Tandas para el Bienestar<\/strong>\u00a0en los estados donde no se llevar\u00e1 a cabo elecci\u00f3n constitucional.<\/p>\n<p>El coordinador nacional del programa de\u00a0<strong>Becas para el Bienestar Benito Ju\u00e1rez<\/strong>, Abraham V\u00e1zquez Piceno, adelant\u00f3 que en la segunda semana de febrero se depositar\u00e1n los bimestres enero-febrero y marzo-abril. Recibir\u00e1n 3 mil 360 los alumnos de educaci\u00f3n b\u00e1sica y media superior y 9 mil 800 de superior.<\/p>\n<p>En junio-julio se pagar\u00e1 mayo-junio y en noviembre, los bimestres septiembre-octubre y noviembre-diciembre.<\/p>\n<p>Expuso que en el primer cuatrimestre del a\u00f1o la meta es llegar a 3 millones 837 mil 324 familias con hijas e hijos estudiantes de educaci\u00f3n b\u00e1sica con una inversi\u00f3n de 12 mil 254 millones de pesos; a 4 millones 135 mil 130 estudiantes de bachillerato con 13 mil 220 millones de pesos de inversi\u00f3n y a 409 mil 853 del nivel superior con 3 mil 934 millones de pesos.<\/p>\n<p>El subsecretario de Empleo y Productividad Laboral, Marath Bola\u00f1os L\u00f3pez, dio a conocer que el programa\u00a0<strong>J\u00f3venes Construyendo<\/strong>\u00a0el Futuro tiene a la fecha 2 millones 124 mil 434 aprendices con una inversi\u00f3n social de 69 mil 798 millones de pesos. En 2022 se incorporar\u00e1 a 318 mil mujeres y hombres de 18 a 29 a\u00f1os, lo que significar\u00e1 una inversi\u00f3n de 21 mil 696 millones de pesos.<\/p>\n<p>La directora general del programa\u00a0<strong>La Escuela es Nuestra<\/strong>, Pamela L\u00f3pez Ruiz, expuso que actualmente hay 68 mil 670 escuelas beneficiadas; la inversi\u00f3n para el mejoramiento de la infraestructura de los planteles escolares es de 13 mil 590 millones de pesos.<\/p>\n<p>Este a\u00f1o se incorporar\u00e1n 70 mil escuelas dando prioridad a las de Chiapas, Guerrero y Oaxaca. Se invertir\u00e1n 13 mil 964 millones de pesos.<\/p>\n","protected":false},"excerpt":{"rendered":"<p>El presidente Andr\u00e9s Manuel L\u00f3pez Obrador afirm\u00f3 que la entrega de apoyos de los\u00a0Programas para&#8230;<\/p>\n","protected":false},"author":2,"featured_media":6001,"comment_status":"open","ping_status":"closed","sticky":false,"template":"","format":"standard","meta":{"footnotes":""},"categories":[27],"tags":[84,2059,2060],"class_list":["post-5999","post","type-post","status-publish","format-standard","has-post-thumbnail","hentry","category-presidencia","tag-amlo","tag-apoyos-para-el-bienestar","tag-secretaria-del-bienestar"],"yoast_head":"<!-- This site is optimized with the Yoast SEO plugin v27.5 - https:\/\/yoast.com\/product\/yoast-seo-wordpress\/ -->\n<title>GOBIERNO CUMPLE PACTO CON EL PUEBLO AL ENTREGAR APOYOS DE PROGRAMAS SOCIALES: PRESIDENTE; BENEFICIARIOS RECIBIR\u00c1N ADELANTO POR VEDA ELECTORAL - NOTICIAS DE LA 4T<\/title>\n<meta name=\"robots\" content=\"noindex, follow, max-snippet:-1, max-image-preview:large, max-video-preview:-1\" \/>\n<meta property=\"og:locale\" content=\"es_MX\" \/>\n<meta property=\"og:type\" content=\"article\" \/>\n<meta property=\"og:title\" content=\"GOBIERNO CUMPLE PACTO CON EL PUEBLO AL ENTREGAR APOYOS DE PROGRAMAS SOCIALES: PRESIDENTE; BENEFICIARIOS RECIBIR\u00c1N ADELANTO POR VEDA ELECTORAL - NOTICIAS DE LA 4T\" \/>\n<meta property=\"og:description\" content=\"El presidente Andr\u00e9s Manuel L\u00f3pez Obrador afirm\u00f3 que la entrega de apoyos de los\u00a0Programas para...\" \/>\n<meta property=\"og:url\" content=\"https:\/\/redamlo.com\/index.php\/2022\/01\/31\/gobierno-cumple-pacto-con-el-pueblo-al-entregar-apoyos-de-programas-sociales-presidente-beneficiarios-recibiran-adelanto-por-veda-electoral\/\" \/>\n<meta property=\"og:site_name\" content=\"NOTICIAS DE LA 4T\" \/>\n<meta property=\"article:published_time\" content=\"2022-01-31T21:30:10+00:00\" \/>\n<meta property=\"og:image\" content=\"https:\/\/redamlo.com\/wp-content\/uploads\/2022\/01\/amlo-31-ene.jpg\" \/>\n\t<meta property=\"og:image:width\" content=\"1415\" \/>\n\t<meta property=\"og:image:height\" content=\"1000\" \/>\n\t<meta property=\"og:image:type\" content=\"image\/jpeg\" \/>\n<meta name=\"author\" content=\"Blanca\" \/>\n<meta name=\"twitter:card\" content=\"summary_large_image\" \/>\n<meta name=\"twitter:label1\" content=\"Escrito por\" \/>\n\t<meta name=\"twitter:data1\" content=\"Blanca\" \/>\n\t<meta name=\"twitter:label2\" content=\"Tiempo de lectura\" \/>\n\t<meta name=\"twitter:data2\" content=\"5 minutos\" \/>\n<script type=\"application\/ld+json\" class=\"yoast-schema-graph\">{\"@context\":\"https:\\\/\\\/schema.org\",\"@graph\":[{\"@type\":\"Article\",\"@id\":\"https:\\\/\\\/redamlo.com\\\/index.php\\\/2022\\\/01\\\/31\\\/gobierno-cumple-pacto-con-el-pueblo-al-entregar-apoyos-de-programas-sociales-presidente-beneficiarios-recibiran-adelanto-por-veda-electoral\\\/#article\",\"isPartOf\":{\"@id\":\"https:\\\/\\\/redamlo.com\\\/index.php\\\/2022\\\/01\\\/31\\\/gobierno-cumple-pacto-con-el-pueblo-al-entregar-apoyos-de-programas-sociales-presidente-beneficiarios-recibiran-adelanto-por-veda-electoral\\\/\"},\"author\":{\"name\":\"Blanca\",\"@id\":\"https:\\\/\\\/redamlo.com\\\/#\\\/schema\\\/person\\\/7223a4375eb8f1a782fcae010a7115cf\"},\"headline\":\"GOBIERNO CUMPLE PACTO CON EL PUEBLO AL ENTREGAR APOYOS DE PROGRAMAS SOCIALES: PRESIDENTE; BENEFICIARIOS RECIBIR\u00c1N ADELANTO POR VEDA ELECTORAL\",\"datePublished\":\"2022-01-31T21:30:10+00:00\",\"mainEntityOfPage\":{\"@id\":\"https:\\\/\\\/redamlo.com\\\/index.php\\\/2022\\\/01\\\/31\\\/gobierno-cumple-pacto-con-el-pueblo-al-entregar-apoyos-de-programas-sociales-presidente-beneficiarios-recibiran-adelanto-por-veda-electoral\\\/\"},\"wordCount\":941,\"commentCount\":0,\"publisher\":{\"@id\":\"https:\\\/\\\/redamlo.com\\\/#organization\"},\"image\":{\"@id\":\"https:\\\/\\\/redamlo.com\\\/index.php\\\/2022\\\/01\\\/31\\\/gobierno-cumple-pacto-con-el-pueblo-al-entregar-apoyos-de-programas-sociales-presidente-beneficiarios-recibiran-adelanto-por-veda-electoral\\\/#primaryimage\"},\"thumbnailUrl\":\"https:\\\/\\\/redamlo.com\\\/wp-content\\\/uploads\\\/2022\\\/01\\\/amlo-31-ene.jpg\",\"keywords\":[\"AMLO\",\"apoyos para el bienestar\",\"secretaria del bienestar\"],\"articleSection\":[\"Presidencia\"],\"inLanguage\":\"es\",\"potentialAction\":[{\"@type\":\"CommentAction\",\"name\":\"Comment\",\"target\":[\"https:\\\/\\\/redamlo.com\\\/index.php\\\/2022\\\/01\\\/31\\\/gobierno-cumple-pacto-con-el-pueblo-al-entregar-apoyos-de-programas-sociales-presidente-beneficiarios-recibiran-adelanto-por-veda-electoral\\\/#respond\"]}]},{\"@type\":\"WebPage\",\"@id\":\"https:\\\/\\\/redamlo.com\\\/index.php\\\/2022\\\/01\\\/31\\\/gobierno-cumple-pacto-con-el-pueblo-al-entregar-apoyos-de-programas-sociales-presidente-beneficiarios-recibiran-adelanto-por-veda-electoral\\\/\",\"url\":\"https:\\\/\\\/redamlo.com\\\/index.php\\\/2022\\\/01\\\/31\\\/gobierno-cumple-pacto-con-el-pueblo-al-entregar-apoyos-de-programas-sociales-presidente-beneficiarios-recibiran-adelanto-por-veda-electoral\\\/\",\"name\":\"GOBIERNO CUMPLE PACTO CON EL PUEBLO AL ENTREGAR APOYOS DE PROGRAMAS SOCIALES: PRESIDENTE; BENEFICIARIOS RECIBIR\u00c1N ADELANTO POR VEDA ELECTORAL - NOTICIAS DE LA 4T\",\"isPartOf\":{\"@id\":\"https:\\\/\\\/redamlo.com\\\/#website\"},\"primaryImageOfPage\":{\"@id\":\"https:\\\/\\\/redamlo.com\\\/index.php\\\/2022\\\/01\\\/31\\\/gobierno-cumple-pacto-con-el-pueblo-al-entregar-apoyos-de-programas-sociales-presidente-beneficiarios-recibiran-adelanto-por-veda-electoral\\\/#primaryimage\"},\"image\":{\"@id\":\"https:\\\/\\\/redamlo.com\\\/index.php\\\/2022\\\/01\\\/31\\\/gobierno-cumple-pacto-con-el-pueblo-al-entregar-apoyos-de-programas-sociales-presidente-beneficiarios-recibiran-adelanto-por-veda-electoral\\\/#primaryimage\"},\"thumbnailUrl\":\"https:\\\/\\\/redamlo.com\\\/wp-content\\\/uploads\\\/2022\\\/01\\\/amlo-31-ene.jpg\",\"datePublished\":\"2022-01-31T21:30:10+00:00\",\"breadcrumb\":{\"@id\":\"https:\\\/\\\/redamlo.com\\\/index.php\\\/2022\\\/01\\\/31\\\/gobierno-cumple-pacto-con-el-pueblo-al-entregar-apoyos-de-programas-sociales-presidente-beneficiarios-recibiran-adelanto-por-veda-electoral\\\/#breadcrumb\"},\"inLanguage\":\"es\",\"potentialAction\":[{\"@type\":\"ReadAction\",\"target\":[\"https:\\\/\\\/redamlo.com\\\/index.php\\\/2022\\\/01\\\/31\\\/gobierno-cumple-pacto-con-el-pueblo-al-entregar-apoyos-de-programas-sociales-presidente-beneficiarios-recibiran-adelanto-por-veda-electoral\\\/\"]}]},{\"@type\":\"ImageObject\",\"inLanguage\":\"es\",\"@id\":\"https:\\\/\\\/redamlo.com\\\/index.php\\\/2022\\\/01\\\/31\\\/gobierno-cumple-pacto-con-el-pueblo-al-entregar-apoyos-de-programas-sociales-presidente-beneficiarios-recibiran-adelanto-por-veda-electoral\\\/#primaryimage\",\"url\":\"https:\\\/\\\/redamlo.com\\\/wp-content\\\/uploads\\\/2022\\\/01\\\/amlo-31-ene.jpg\",\"contentUrl\":\"https:\\\/\\\/redamlo.com\\\/wp-content\\\/uploads\\\/2022\\\/01\\\/amlo-31-ene.jpg\",\"width\":1415,\"height\":1000},{\"@type\":\"BreadcrumbList\",\"@id\":\"https:\\\/\\\/redamlo.com\\\/index.php\\\/2022\\\/01\\\/31\\\/gobierno-cumple-pacto-con-el-pueblo-al-entregar-apoyos-de-programas-sociales-presidente-beneficiarios-recibiran-adelanto-por-veda-electoral\\\/#breadcrumb\",\"itemListElement\":[{\"@type\":\"ListItem\",\"position\":1,\"name\":\"Inicio\",\"item\":\"https:\\\/\\\/redamlo.com\\\/\"},{\"@type\":\"ListItem\",\"position\":2,\"name\":\"GOBIERNO CUMPLE PACTO CON EL PUEBLO AL ENTREGAR APOYOS DE PROGRAMAS SOCIALES: PRESIDENTE; BENEFICIARIOS RECIBIR\u00c1N ADELANTO POR VEDA ELECTORAL\"}]},{\"@type\":\"WebSite\",\"@id\":\"https:\\\/\\\/redamlo.com\\\/#website\",\"url\":\"https:\\\/\\\/redamlo.com\\\/\",\"name\":\"NOTICIAS DE LA 4T\",\"description\":\"\",\"publisher\":{\"@id\":\"https:\\\/\\\/redamlo.com\\\/#organization\"},\"potentialAction\":[{\"@type\":\"SearchAction\",\"target\":{\"@type\":\"EntryPoint\",\"urlTemplate\":\"https:\\\/\\\/redamlo.com\\\/?s={search_term_string}\"},\"query-input\":{\"@type\":\"PropertyValueSpecification\",\"valueRequired\":true,\"valueName\":\"search_term_string\"}}],\"inLanguage\":\"es\"},{\"@type\":\"Organization\",\"@id\":\"https:\\\/\\\/redamlo.com\\\/#organization\",\"name\":\"NOTICIAS DE LA 4T\",\"url\":\"https:\\\/\\\/redamlo.com\\\/\",\"logo\":{\"@type\":\"ImageObject\",\"inLanguage\":\"es\",\"@id\":\"https:\\\/\\\/redamlo.com\\\/#\\\/schema\\\/logo\\\/image\\\/\",\"url\":\"https:\\\/\\\/redamlo.com\\\/wp-content\\\/uploads\\\/2024\\\/08\\\/cropped-RED-AMLO-logo-50.png\",\"contentUrl\":\"https:\\\/\\\/redamlo.com\\\/wp-content\\\/uploads\\\/2024\\\/08\\\/cropped-RED-AMLO-logo-50.png\",\"width\":256,\"height\":256,\"caption\":\"NOTICIAS DE LA 4T\"},\"image\":{\"@id\":\"https:\\\/\\\/redamlo.com\\\/#\\\/schema\\\/logo\\\/image\\\/\"}},{\"@type\":\"Person\",\"@id\":\"https:\\\/\\\/redamlo.com\\\/#\\\/schema\\\/person\\\/7223a4375eb8f1a782fcae010a7115cf\",\"name\":\"Blanca\",\"image\":{\"@type\":\"ImageObject\",\"inLanguage\":\"es\",\"@id\":\"https:\\\/\\\/secure.gravatar.com\\\/avatar\\\/3f79bc8336367a4e6093eae8757acaaf61d1124834b905616de7829b0273426d?s=96&d=mm&r=g\",\"url\":\"https:\\\/\\\/secure.gravatar.com\\\/avatar\\\/3f79bc8336367a4e6093eae8757acaaf61d1124834b905616de7829b0273426d?s=96&d=mm&r=g\",\"contentUrl\":\"https:\\\/\\\/secure.gravatar.com\\\/avatar\\\/3f79bc8336367a4e6093eae8757acaaf61d1124834b905616de7829b0273426d?s=96&d=mm&r=g\",\"caption\":\"Blanca\"},\"url\":\"https:\\\/\\\/redamlo.com\\\/index.php\\\/author\\\/blanca\\\/\"}]}<\/script>\n<!-- \/ Yoast SEO plugin. -->","yoast_head_json":{"title":"GOBIERNO CUMPLE PACTO CON EL PUEBLO AL ENTREGAR APOYOS DE PROGRAMAS SOCIALES: PRESIDENTE; BENEFICIARIOS RECIBIR\u00c1N ADELANTO POR VEDA ELECTORAL - NOTICIAS DE LA 4T","robots":{"index":"noindex","follow":"follow","max-snippet":"max-snippet:-1","max-image-preview":"max-image-preview:large","max-video-preview":"max-video-preview:-1"},"og_locale":"es_MX","og_type":"article","og_title":"GOBIERNO CUMPLE PACTO CON EL PUEBLO AL ENTREGAR APOYOS DE PROGRAMAS SOCIALES: PRESIDENTE; BENEFICIARIOS RECIBIR\u00c1N ADELANTO POR VEDA ELECTORAL - NOTICIAS DE LA 4T","og_description":"El presidente Andr\u00e9s Manuel L\u00f3pez Obrador afirm\u00f3 que la entrega de apoyos de los\u00a0Programas para...","og_url":"https:\/\/redamlo.com\/index.php\/2022\/01\/31\/gobierno-cumple-pacto-con-el-pueblo-al-entregar-apoyos-de-programas-sociales-presidente-beneficiarios-recibiran-adelanto-por-veda-electoral\/","og_site_name":"NOTICIAS DE LA 4T","article_published_time":"2022-01-31T21:30:10+00:00","og_image":[{"width":1415,"height":1000,"url":"https:\/\/redamlo.com\/wp-content\/uploads\/2022\/01\/amlo-31-ene.jpg","type":"image\/jpeg"}],"author":"Blanca","twitter_card":"summary_large_image","twitter_misc":{"Escrito por":"Blanca","Tiempo de lectura":"5 minutos"},"schema":{"@context":"https:\/\/schema.org","@graph":[{"@type":"Article","@id":"https:\/\/redamlo.com\/index.php\/2022\/01\/31\/gobierno-cumple-pacto-con-el-pueblo-al-entregar-apoyos-de-programas-sociales-presidente-beneficiarios-recibiran-adelanto-por-veda-electoral\/#article","isPartOf":{"@id":"https:\/\/redamlo.com\/index.php\/2022\/01\/31\/gobierno-cumple-pacto-con-el-pueblo-al-entregar-apoyos-de-programas-sociales-presidente-beneficiarios-recibiran-adelanto-por-veda-electoral\/"},"author":{"name":"Blanca","@id":"https:\/\/redamlo.com\/#\/schema\/person\/7223a4375eb8f1a782fcae010a7115cf"},"headline":"GOBIERNO CUMPLE PACTO CON EL PUEBLO AL ENTREGAR APOYOS DE PROGRAMAS SOCIALES: PRESIDENTE; BENEFICIARIOS RECIBIR\u00c1N ADELANTO POR VEDA ELECTORAL","datePublished":"2022-01-31T21:30:10+00:00","mainEntityOfPage":{"@id":"https:\/\/redamlo.com\/index.php\/2022\/01\/31\/gobierno-cumple-pacto-con-el-pueblo-al-entregar-apoyos-de-programas-sociales-presidente-beneficiarios-recibiran-adelanto-por-veda-electoral\/"},"wordCount":941,"commentCount":0,"publisher":{"@id":"https:\/\/redamlo.com\/#organization"},"image":{"@id":"https:\/\/redamlo.com\/index.php\/2022\/01\/31\/gobierno-cumple-pacto-con-el-pueblo-al-entregar-apoyos-de-programas-sociales-presidente-beneficiarios-recibiran-adelanto-por-veda-electoral\/#primaryimage"},"thumbnailUrl":"https:\/\/redamlo.com\/wp-content\/uploads\/2022\/01\/amlo-31-ene.jpg","keywords":["AMLO","apoyos para el bienestar","secretaria del bienestar"],"articleSection":["Presidencia"],"inLanguage":"es","potentialAction":[{"@type":"CommentAction","name":"Comment","target":["https:\/\/redamlo.com\/index.php\/2022\/01\/31\/gobierno-cumple-pacto-con-el-pueblo-al-entregar-apoyos-de-programas-sociales-presidente-beneficiarios-recibiran-adelanto-por-veda-electoral\/#respond"]}]},{"@type":"WebPage","@id":"https:\/\/redamlo.com\/index.php\/2022\/01\/31\/gobierno-cumple-pacto-con-el-pueblo-al-entregar-apoyos-de-programas-sociales-presidente-beneficiarios-recibiran-adelanto-por-veda-electoral\/","url":"https:\/\/redamlo.com\/index.php\/2022\/01\/31\/gobierno-cumple-pacto-con-el-pueblo-al-entregar-apoyos-de-programas-sociales-presidente-beneficiarios-recibiran-adelanto-por-veda-electoral\/","name":"GOBIERNO CUMPLE PACTO CON EL PUEBLO AL ENTREGAR APOYOS DE PROGRAMAS SOCIALES: PRESIDENTE; BENEFICIARIOS RECIBIR\u00c1N ADELANTO POR VEDA ELECTORAL - NOTICIAS DE LA 4T","isPartOf":{"@id":"https:\/\/redamlo.com\/#website"},"primaryImageOfPage":{"@id":"https:\/\/redamlo.com\/index.php\/2022\/01\/31\/gobierno-cumple-pacto-con-el-pueblo-al-entregar-apoyos-de-programas-sociales-presidente-beneficiarios-recibiran-adelanto-por-veda-electoral\/#primaryimage"},"image":{"@id":"https:\/\/redamlo.com\/index.php\/2022\/01\/31\/gobierno-cumple-pacto-con-el-pueblo-al-entregar-apoyos-de-programas-sociales-presidente-beneficiarios-recibiran-adelanto-por-veda-electoral\/#primaryimage"},"thumbnailUrl":"https:\/\/redamlo.com\/wp-content\/uploads\/2022\/01\/amlo-31-ene.jpg","datePublished":"2022-01-31T21:30:10+00:00","breadcrumb":{"@id":"https:\/\/redamlo.com\/index.php\/2022\/01\/31\/gobierno-cumple-pacto-con-el-pueblo-al-entregar-apoyos-de-programas-sociales-presidente-beneficiarios-recibiran-adelanto-por-veda-electoral\/#breadcrumb"},"inLanguage":"es","potentialAction":[{"@type":"ReadAction","target":["https:\/\/redamlo.com\/index.php\/2022\/01\/31\/gobierno-cumple-pacto-con-el-pueblo-al-entregar-apoyos-de-programas-sociales-presidente-beneficiarios-recibiran-adelanto-por-veda-electoral\/"]}]},{"@type":"ImageObject","inLanguage":"es","@id":"https:\/\/redamlo.com\/index.php\/2022\/01\/31\/gobierno-cumple-pacto-con-el-pueblo-al-entregar-apoyos-de-programas-sociales-presidente-beneficiarios-recibiran-adelanto-por-veda-electoral\/#primaryimage","url":"https:\/\/redamlo.com\/wp-content\/uploads\/2022\/01\/amlo-31-ene.jpg","contentUrl":"https:\/\/redamlo.com\/wp-content\/uploads\/2022\/01\/amlo-31-ene.jpg","width":1415,"height":1000},{"@type":"BreadcrumbList","@id":"https:\/\/redamlo.com\/index.php\/2022\/01\/31\/gobierno-cumple-pacto-con-el-pueblo-al-entregar-apoyos-de-programas-sociales-presidente-beneficiarios-recibiran-adelanto-por-veda-electoral\/#breadcrumb","itemListElement":[{"@type":"ListItem","position":1,"name":"Inicio","item":"https:\/\/redamlo.com\/"},{"@type":"ListItem","position":2,"name":"GOBIERNO CUMPLE PACTO CON EL PUEBLO AL ENTREGAR APOYOS DE PROGRAMAS SOCIALES: PRESIDENTE; BENEFICIARIOS RECIBIR\u00c1N ADELANTO POR VEDA ELECTORAL"}]},{"@type":"WebSite","@id":"https:\/\/redamlo.com\/#website","url":"https:\/\/redamlo.com\/","name":"NOTICIAS DE LA 4T","description":"","publisher":{"@id":"https:\/\/redamlo.com\/#organization"},"potentialAction":[{"@type":"SearchAction","target":{"@type":"EntryPoint","urlTemplate":"https:\/\/redamlo.com\/?s={search_term_string}"},"query-input":{"@type":"PropertyValueSpecification","valueRequired":true,"valueName":"search_term_string"}}],"inLanguage":"es"},{"@type":"Organization","@id":"https:\/\/redamlo.com\/#organization","name":"NOTICIAS DE LA 4T","url":"https:\/\/redamlo.com\/","logo":{"@type":"ImageObject","inLanguage":"es","@id":"https:\/\/redamlo.com\/#\/schema\/logo\/image\/","url":"https:\/\/redamlo.com\/wp-content\/uploads\/2024\/08\/cropped-RED-AMLO-logo-50.png","contentUrl":"https:\/\/redamlo.com\/wp-content\/uploads\/2024\/08\/cropped-RED-AMLO-logo-50.png","width":256,"height":256,"caption":"NOTICIAS DE LA 4T"},"image":{"@id":"https:\/\/redamlo.com\/#\/schema\/logo\/image\/"}},{"@type":"Person","@id":"https:\/\/redamlo.com\/#\/schema\/person\/7223a4375eb8f1a782fcae010a7115cf","name":"Blanca","image":{"@type":"ImageObject","inLanguage":"es","@id":"https:\/\/secure.gravatar.com\/avatar\/3f79bc8336367a4e6093eae8757acaaf61d1124834b905616de7829b0273426d?s=96&d=mm&r=g","url":"https:\/\/secure.gravatar.com\/avatar\/3f79bc8336367a4e6093eae8757acaaf61d1124834b905616de7829b0273426d?s=96&d=mm&r=g","contentUrl":"https:\/\/secure.gravatar.com\/avatar\/3f79bc8336367a4e6093eae8757acaaf61d1124834b905616de7829b0273426d?s=96&d=mm&r=g","caption":"Blanca"},"url":"https:\/\/redamlo.com\/index.php\/author\/blanca\/"}]}},"_links":{"self":[{"href":"https:\/\/redamlo.com\/index.php\/wp-json\/wp\/v2\/posts\/5999","targetHints":{"allow":["GET"]}}],"collection":[{"href":"https:\/\/redamlo.com\/index.php\/wp-json\/wp\/v2\/posts"}],"about":[{"href":"https:\/\/redamlo.com\/index.php\/wp-json\/wp\/v2\/types\/post"}],"author":[{"embeddable":true,"href":"https:\/\/redamlo.com\/index.php\/wp-json\/wp\/v2\/users\/2"}],"replies":[{"embeddable":true,"href":"https:\/\/redamlo.com\/index.php\/wp-json\/wp\/v2\/comments?post=5999"}],"version-history":[{"count":0,"href":"https:\/\/redamlo.com\/index.php\/wp-json\/wp\/v2\/posts\/5999\/revisions"}],"wp:featuredmedia":[{"embeddable":true,"href":"https:\/\/redamlo.com\/index.php\/wp-json\/wp\/v2\/media\/6001"}],"wp:attachment":[{"href":"https:\/\/redamlo.com\/index.php\/wp-json\/wp\/v2\/media?parent=5999"}],"wp:term":[{"taxonomy":"category","embeddable":true,"href":"https:\/\/redamlo.com\/index.php\/wp-json\/wp\/v2\/categories?post=5999"},{"taxonomy":"post_tag","embeddable":true,"href":"https:\/\/redamlo.com\/index.php\/wp-json\/wp\/v2\/tags?post=5999"}],"curies":[{"name":"wp","href":"https:\/\/api.w.org\/{rel}","templated":true}]}}