{"id":5987,"date":"2022-01-28T11:07:50","date_gmt":"2022-01-28T17:07:50","guid":{"rendered":"https:\/\/redamlo.com\/?p=5987"},"modified":"2022-01-28T11:07:50","modified_gmt":"2022-01-28T17:07:50","slug":"amlo-viajara-por-el-pais-para-informar-sobre-la-reforma-electrica","status":"publish","type":"post","link":"https:\/\/redamlo.com\/index.php\/2022\/01\/28\/amlo-viajara-por-el-pais-para-informar-sobre-la-reforma-electrica\/","title":{"rendered":"AMLO viajar\u00e1 por el pa\u00eds para informar sobre la Reforma El\u00e9ctrica"},"content":{"rendered":"\n\n<strong>Realidades.- Una vez que concluya el Parlamento Abierto del congreso sobre la Reforma El\u00e9ctrica, el presidente Andr\u00e9s Manuel L\u00f3pez Obrador llevar\u00e1 a cabo este esfuerzo, junto con los integrantes de su gabinete, para informar a la poblaci\u00f3n sobre la propuesta que ha planteado y los objetivos que busa lograr en materia energ\u00e9tica<\/strong>.\n\n \n<figure class=\"wp-block-image\"><img decoding=\"async\" src=\"https:\/\/novedadesaca.mx\/wp-content\/uploads\/2022\/01\/amlo-reforma-3465.jpg\" alt=\"Anuncia AMLO gira por el pa\u00eds en defensa de la reforma el\u00e9ctrica -  Peri\u00f3dico Novedades\" \/><\/figure>\n \n<figure class=\"wp-block-embed is-type-video is-provider-youtube wp-block-embed-youtube wp-embed-aspect-16-9 wp-has-aspect-ratio\">\n<div class=\"wp-block-embed__wrapper\">https:\/\/youtu.be\/mcCO9diUwwQ<\/div><\/figure>\n \n\nFuente: <a href=\"https:\/\/aristeguinoticias.com\/2701\/mexico\/amlo-viajara-por-el-pais-para-informar-sobre-la-reforma-electrica-enterate\/\">aristeguinoticias.com.<\/a>\n\n","protected":false},"excerpt":{"rendered":"<p>Realidades.- Una vez que concluya el Parlamento Abierto del congreso sobre la Reforma El\u00e9ctrica, el&#8230;<\/p>\n","protected":false},"author":2,"featured_media":5988,"comment_status":"open","ping_status":"closed","sticky":false,"template":"","format":"standard","meta":{"footnotes":""},"categories":[25,20],"tags":[84,2051,2052,1613,2053],"class_list":["post-5987","post","type-post","status-publish","format-standard","has-post-thumbnail","hentry","category-4t","category-nacionales","tag-amlo","tag-informar","tag-informar-al-pueblo","tag-reforma-electrica","tag-viajara"],"yoast_head":"<!-- This site is optimized with the Yoast SEO plugin v27.5 - https:\/\/yoast.com\/product\/yoast-seo-wordpress\/ -->\n<title>AMLO viajar\u00e1 por el pa\u00eds para informar sobre la Reforma El\u00e9ctrica - NOTICIAS DE LA 4T<\/title>\n<meta name=\"robots\" content=\"noindex, follow, max-snippet:-1, max-image-preview:large, max-video-preview:-1\" \/>\n<meta property=\"og:locale\" content=\"es_MX\" \/>\n<meta property=\"og:type\" content=\"article\" \/>\n<meta property=\"og:title\" content=\"AMLO viajar\u00e1 por el pa\u00eds para informar sobre la Reforma El\u00e9ctrica - NOTICIAS DE LA 4T\" \/>\n<meta property=\"og:description\" content=\"Realidades.- Una vez que concluya el Parlamento Abierto del congreso sobre la Reforma El\u00e9ctrica, el...\" \/>\n<meta property=\"og:url\" content=\"https:\/\/redamlo.com\/index.php\/2022\/01\/28\/amlo-viajara-por-el-pais-para-informar-sobre-la-reforma-electrica\/\" \/>\n<meta property=\"og:site_name\" content=\"NOTICIAS DE LA 4T\" \/>\n<meta property=\"article:published_time\" content=\"2022-01-28T17:07:50+00:00\" \/>\n<meta property=\"og:image\" content=\"https:\/\/redamlo.com\/wp-content\/uploads\/2022\/01\/454-6.png\" \/>\n\t<meta property=\"og:image:width\" content=\"1200\" \/>\n\t<meta property=\"og:image:height\" content=\"628\" \/>\n\t<meta property=\"og:image:type\" content=\"image\/png\" \/>\n<meta name=\"author\" content=\"Blanca\" \/>\n<meta name=\"twitter:card\" content=\"summary_large_image\" \/>\n<meta name=\"twitter:label1\" content=\"Escrito por\" \/>\n\t<meta name=\"twitter:data1\" content=\"Blanca\" \/>\n\t<meta name=\"twitter:label2\" content=\"Tiempo de lectura\" \/>\n\t<meta name=\"twitter:data2\" content=\"1 minuto\" \/>\n<script type=\"application\/ld+json\" class=\"yoast-schema-graph\">{\"@context\":\"https:\\\/\\\/schema.org\",\"@graph\":[{\"@type\":\"Article\",\"@id\":\"https:\\\/\\\/redamlo.com\\\/index.php\\\/2022\\\/01\\\/28\\\/amlo-viajara-por-el-pais-para-informar-sobre-la-reforma-electrica\\\/#article\",\"isPartOf\":{\"@id\":\"https:\\\/\\\/redamlo.com\\\/index.php\\\/2022\\\/01\\\/28\\\/amlo-viajara-por-el-pais-para-informar-sobre-la-reforma-electrica\\\/\"},\"author\":{\"name\":\"Blanca\",\"@id\":\"https:\\\/\\\/redamlo.com\\\/#\\\/schema\\\/person\\\/7223a4375eb8f1a782fcae010a7115cf\"},\"headline\":\"AMLO viajar\u00e1 por el pa\u00eds para informar sobre la Reforma El\u00e9ctrica\",\"datePublished\":\"2022-01-28T17:07:50+00:00\",\"mainEntityOfPage\":{\"@id\":\"https:\\\/\\\/redamlo.com\\\/index.php\\\/2022\\\/01\\\/28\\\/amlo-viajara-por-el-pais-para-informar-sobre-la-reforma-electrica\\\/\"},\"wordCount\":79,\"commentCount\":0,\"publisher\":{\"@id\":\"https:\\\/\\\/redamlo.com\\\/#organization\"},\"image\":{\"@id\":\"https:\\\/\\\/redamlo.com\\\/index.php\\\/2022\\\/01\\\/28\\\/amlo-viajara-por-el-pais-para-informar-sobre-la-reforma-electrica\\\/#primaryimage\"},\"thumbnailUrl\":\"https:\\\/\\\/redamlo.com\\\/wp-content\\\/uploads\\\/2022\\\/01\\\/454-6.png\",\"keywords\":[\"AMLO\",\"Informar\",\"Informar al Pueblo\",\"Reforma El\u00e9ctrica\",\"Viajar\u00e1\"],\"articleSection\":[\"4T\",\"Nacionales\"],\"inLanguage\":\"es\",\"potentialAction\":[{\"@type\":\"CommentAction\",\"name\":\"Comment\",\"target\":[\"https:\\\/\\\/redamlo.com\\\/index.php\\\/2022\\\/01\\\/28\\\/amlo-viajara-por-el-pais-para-informar-sobre-la-reforma-electrica\\\/#respond\"]}]},{\"@type\":\"WebPage\",\"@id\":\"https:\\\/\\\/redamlo.com\\\/index.php\\\/2022\\\/01\\\/28\\\/amlo-viajara-por-el-pais-para-informar-sobre-la-reforma-electrica\\\/\",\"url\":\"https:\\\/\\\/redamlo.com\\\/index.php\\\/2022\\\/01\\\/28\\\/amlo-viajara-por-el-pais-para-informar-sobre-la-reforma-electrica\\\/\",\"name\":\"AMLO viajar\u00e1 por el pa\u00eds para informar sobre la Reforma El\u00e9ctrica - NOTICIAS DE LA 4T\",\"isPartOf\":{\"@id\":\"https:\\\/\\\/redamlo.com\\\/#website\"},\"primaryImageOfPage\":{\"@id\":\"https:\\\/\\\/redamlo.com\\\/index.php\\\/2022\\\/01\\\/28\\\/amlo-viajara-por-el-pais-para-informar-sobre-la-reforma-electrica\\\/#primaryimage\"},\"image\":{\"@id\":\"https:\\\/\\\/redamlo.com\\\/index.php\\\/2022\\\/01\\\/28\\\/amlo-viajara-por-el-pais-para-informar-sobre-la-reforma-electrica\\\/#primaryimage\"},\"thumbnailUrl\":\"https:\\\/\\\/redamlo.com\\\/wp-content\\\/uploads\\\/2022\\\/01\\\/454-6.png\",\"datePublished\":\"2022-01-28T17:07:50+00:00\",\"breadcrumb\":{\"@id\":\"https:\\\/\\\/redamlo.com\\\/index.php\\\/2022\\\/01\\\/28\\\/amlo-viajara-por-el-pais-para-informar-sobre-la-reforma-electrica\\\/#breadcrumb\"},\"inLanguage\":\"es\",\"potentialAction\":[{\"@type\":\"ReadAction\",\"target\":[\"https:\\\/\\\/redamlo.com\\\/index.php\\\/2022\\\/01\\\/28\\\/amlo-viajara-por-el-pais-para-informar-sobre-la-reforma-electrica\\\/\"]}]},{\"@type\":\"ImageObject\",\"inLanguage\":\"es\",\"@id\":\"https:\\\/\\\/redamlo.com\\\/index.php\\\/2022\\\/01\\\/28\\\/amlo-viajara-por-el-pais-para-informar-sobre-la-reforma-electrica\\\/#primaryimage\",\"url\":\"https:\\\/\\\/redamlo.com\\\/wp-content\\\/uploads\\\/2022\\\/01\\\/454-6.png\",\"contentUrl\":\"https:\\\/\\\/redamlo.com\\\/wp-content\\\/uploads\\\/2022\\\/01\\\/454-6.png\",\"width\":1200,\"height\":628},{\"@type\":\"BreadcrumbList\",\"@id\":\"https:\\\/\\\/redamlo.com\\\/index.php\\\/2022\\\/01\\\/28\\\/amlo-viajara-por-el-pais-para-informar-sobre-la-reforma-electrica\\\/#breadcrumb\",\"itemListElement\":[{\"@type\":\"ListItem\",\"position\":1,\"name\":\"Inicio\",\"item\":\"https:\\\/\\\/redamlo.com\\\/\"},{\"@type\":\"ListItem\",\"position\":2,\"name\":\"AMLO viajar\u00e1 por el pa\u00eds para informar sobre la Reforma El\u00e9ctrica\"}]},{\"@type\":\"WebSite\",\"@id\":\"https:\\\/\\\/redamlo.com\\\/#website\",\"url\":\"https:\\\/\\\/redamlo.com\\\/\",\"name\":\"NOTICIAS DE LA 4T\",\"description\":\"\",\"publisher\":{\"@id\":\"https:\\\/\\\/redamlo.com\\\/#organization\"},\"potentialAction\":[{\"@type\":\"SearchAction\",\"target\":{\"@type\":\"EntryPoint\",\"urlTemplate\":\"https:\\\/\\\/redamlo.com\\\/?s={search_term_string}\"},\"query-input\":{\"@type\":\"PropertyValueSpecification\",\"valueRequired\":true,\"valueName\":\"search_term_string\"}}],\"inLanguage\":\"es\"},{\"@type\":\"Organization\",\"@id\":\"https:\\\/\\\/redamlo.com\\\/#organization\",\"name\":\"NOTICIAS DE LA 4T\",\"url\":\"https:\\\/\\\/redamlo.com\\\/\",\"logo\":{\"@type\":\"ImageObject\",\"inLanguage\":\"es\",\"@id\":\"https:\\\/\\\/redamlo.com\\\/#\\\/schema\\\/logo\\\/image\\\/\",\"url\":\"https:\\\/\\\/redamlo.com\\\/wp-content\\\/uploads\\\/2024\\\/08\\\/cropped-RED-AMLO-logo-50.png\",\"contentUrl\":\"https:\\\/\\\/redamlo.com\\\/wp-content\\\/uploads\\\/2024\\\/08\\\/cropped-RED-AMLO-logo-50.png\",\"width\":256,\"height\":256,\"caption\":\"NOTICIAS DE LA 4T\"},\"image\":{\"@id\":\"https:\\\/\\\/redamlo.com\\\/#\\\/schema\\\/logo\\\/image\\\/\"}},{\"@type\":\"Person\",\"@id\":\"https:\\\/\\\/redamlo.com\\\/#\\\/schema\\\/person\\\/7223a4375eb8f1a782fcae010a7115cf\",\"name\":\"Blanca\",\"image\":{\"@type\":\"ImageObject\",\"inLanguage\":\"es\",\"@id\":\"https:\\\/\\\/secure.gravatar.com\\\/avatar\\\/3f79bc8336367a4e6093eae8757acaaf61d1124834b905616de7829b0273426d?s=96&d=mm&r=g\",\"url\":\"https:\\\/\\\/secure.gravatar.com\\\/avatar\\\/3f79bc8336367a4e6093eae8757acaaf61d1124834b905616de7829b0273426d?s=96&d=mm&r=g\",\"contentUrl\":\"https:\\\/\\\/secure.gravatar.com\\\/avatar\\\/3f79bc8336367a4e6093eae8757acaaf61d1124834b905616de7829b0273426d?s=96&d=mm&r=g\",\"caption\":\"Blanca\"},\"url\":\"https:\\\/\\\/redamlo.com\\\/index.php\\\/author\\\/blanca\\\/\"}]}<\/script>\n<!-- \/ Yoast SEO plugin. -->","yoast_head_json":{"title":"AMLO viajar\u00e1 por el pa\u00eds para informar sobre la Reforma El\u00e9ctrica - NOTICIAS DE LA 4T","robots":{"index":"noindex","follow":"follow","max-snippet":"max-snippet:-1","max-image-preview":"max-image-preview:large","max-video-preview":"max-video-preview:-1"},"og_locale":"es_MX","og_type":"article","og_title":"AMLO viajar\u00e1 por el pa\u00eds para informar sobre la Reforma El\u00e9ctrica - NOTICIAS DE LA 4T","og_description":"Realidades.- Una vez que concluya el Parlamento Abierto del congreso sobre la Reforma El\u00e9ctrica, el...","og_url":"https:\/\/redamlo.com\/index.php\/2022\/01\/28\/amlo-viajara-por-el-pais-para-informar-sobre-la-reforma-electrica\/","og_site_name":"NOTICIAS DE LA 4T","article_published_time":"2022-01-28T17:07:50+00:00","og_image":[{"width":1200,"height":628,"url":"https:\/\/redamlo.com\/wp-content\/uploads\/2022\/01\/454-6.png","type":"image\/png"}],"author":"Blanca","twitter_card":"summary_large_image","twitter_misc":{"Escrito por":"Blanca","Tiempo de lectura":"1 minuto"},"schema":{"@context":"https:\/\/schema.org","@graph":[{"@type":"Article","@id":"https:\/\/redamlo.com\/index.php\/2022\/01\/28\/amlo-viajara-por-el-pais-para-informar-sobre-la-reforma-electrica\/#article","isPartOf":{"@id":"https:\/\/redamlo.com\/index.php\/2022\/01\/28\/amlo-viajara-por-el-pais-para-informar-sobre-la-reforma-electrica\/"},"author":{"name":"Blanca","@id":"https:\/\/redamlo.com\/#\/schema\/person\/7223a4375eb8f1a782fcae010a7115cf"},"headline":"AMLO viajar\u00e1 por el pa\u00eds para informar sobre la Reforma El\u00e9ctrica","datePublished":"2022-01-28T17:07:50+00:00","mainEntityOfPage":{"@id":"https:\/\/redamlo.com\/index.php\/2022\/01\/28\/amlo-viajara-por-el-pais-para-informar-sobre-la-reforma-electrica\/"},"wordCount":79,"commentCount":0,"publisher":{"@id":"https:\/\/redamlo.com\/#organization"},"image":{"@id":"https:\/\/redamlo.com\/index.php\/2022\/01\/28\/amlo-viajara-por-el-pais-para-informar-sobre-la-reforma-electrica\/#primaryimage"},"thumbnailUrl":"https:\/\/redamlo.com\/wp-content\/uploads\/2022\/01\/454-6.png","keywords":["AMLO","Informar","Informar al Pueblo","Reforma El\u00e9ctrica","Viajar\u00e1"],"articleSection":["4T","Nacionales"],"inLanguage":"es","potentialAction":[{"@type":"CommentAction","name":"Comment","target":["https:\/\/redamlo.com\/index.php\/2022\/01\/28\/amlo-viajara-por-el-pais-para-informar-sobre-la-reforma-electrica\/#respond"]}]},{"@type":"WebPage","@id":"https:\/\/redamlo.com\/index.php\/2022\/01\/28\/amlo-viajara-por-el-pais-para-informar-sobre-la-reforma-electrica\/","url":"https:\/\/redamlo.com\/index.php\/2022\/01\/28\/amlo-viajara-por-el-pais-para-informar-sobre-la-reforma-electrica\/","name":"AMLO viajar\u00e1 por el pa\u00eds para informar sobre la Reforma El\u00e9ctrica - NOTICIAS DE LA 4T","isPartOf":{"@id":"https:\/\/redamlo.com\/#website"},"primaryImageOfPage":{"@id":"https:\/\/redamlo.com\/index.php\/2022\/01\/28\/amlo-viajara-por-el-pais-para-informar-sobre-la-reforma-electrica\/#primaryimage"},"image":{"@id":"https:\/\/redamlo.com\/index.php\/2022\/01\/28\/amlo-viajara-por-el-pais-para-informar-sobre-la-reforma-electrica\/#primaryimage"},"thumbnailUrl":"https:\/\/redamlo.com\/wp-content\/uploads\/2022\/01\/454-6.png","datePublished":"2022-01-28T17:07:50+00:00","breadcrumb":{"@id":"https:\/\/redamlo.com\/index.php\/2022\/01\/28\/amlo-viajara-por-el-pais-para-informar-sobre-la-reforma-electrica\/#breadcrumb"},"inLanguage":"es","potentialAction":[{"@type":"ReadAction","target":["https:\/\/redamlo.com\/index.php\/2022\/01\/28\/amlo-viajara-por-el-pais-para-informar-sobre-la-reforma-electrica\/"]}]},{"@type":"ImageObject","inLanguage":"es","@id":"https:\/\/redamlo.com\/index.php\/2022\/01\/28\/amlo-viajara-por-el-pais-para-informar-sobre-la-reforma-electrica\/#primaryimage","url":"https:\/\/redamlo.com\/wp-content\/uploads\/2022\/01\/454-6.png","contentUrl":"https:\/\/redamlo.com\/wp-content\/uploads\/2022\/01\/454-6.png","width":1200,"height":628},{"@type":"BreadcrumbList","@id":"https:\/\/redamlo.com\/index.php\/2022\/01\/28\/amlo-viajara-por-el-pais-para-informar-sobre-la-reforma-electrica\/#breadcrumb","itemListElement":[{"@type":"ListItem","position":1,"name":"Inicio","item":"https:\/\/redamlo.com\/"},{"@type":"ListItem","position":2,"name":"AMLO viajar\u00e1 por el pa\u00eds para informar sobre la Reforma El\u00e9ctrica"}]},{"@type":"WebSite","@id":"https:\/\/redamlo.com\/#website","url":"https:\/\/redamlo.com\/","name":"NOTICIAS DE LA 4T","description":"","publisher":{"@id":"https:\/\/redamlo.com\/#organization"},"potentialAction":[{"@type":"SearchAction","target":{"@type":"EntryPoint","urlTemplate":"https:\/\/redamlo.com\/?s={search_term_string}"},"query-input":{"@type":"PropertyValueSpecification","valueRequired":true,"valueName":"search_term_string"}}],"inLanguage":"es"},{"@type":"Organization","@id":"https:\/\/redamlo.com\/#organization","name":"NOTICIAS DE LA 4T","url":"https:\/\/redamlo.com\/","logo":{"@type":"ImageObject","inLanguage":"es","@id":"https:\/\/redamlo.com\/#\/schema\/logo\/image\/","url":"https:\/\/redamlo.com\/wp-content\/uploads\/2024\/08\/cropped-RED-AMLO-logo-50.png","contentUrl":"https:\/\/redamlo.com\/wp-content\/uploads\/2024\/08\/cropped-RED-AMLO-logo-50.png","width":256,"height":256,"caption":"NOTICIAS DE LA 4T"},"image":{"@id":"https:\/\/redamlo.com\/#\/schema\/logo\/image\/"}},{"@type":"Person","@id":"https:\/\/redamlo.com\/#\/schema\/person\/7223a4375eb8f1a782fcae010a7115cf","name":"Blanca","image":{"@type":"ImageObject","inLanguage":"es","@id":"https:\/\/secure.gravatar.com\/avatar\/3f79bc8336367a4e6093eae8757acaaf61d1124834b905616de7829b0273426d?s=96&d=mm&r=g","url":"https:\/\/secure.gravatar.com\/avatar\/3f79bc8336367a4e6093eae8757acaaf61d1124834b905616de7829b0273426d?s=96&d=mm&r=g","contentUrl":"https:\/\/secure.gravatar.com\/avatar\/3f79bc8336367a4e6093eae8757acaaf61d1124834b905616de7829b0273426d?s=96&d=mm&r=g","caption":"Blanca"},"url":"https:\/\/redamlo.com\/index.php\/author\/blanca\/"}]}},"_links":{"self":[{"href":"https:\/\/redamlo.com\/index.php\/wp-json\/wp\/v2\/posts\/5987","targetHints":{"allow":["GET"]}}],"collection":[{"href":"https:\/\/redamlo.com\/index.php\/wp-json\/wp\/v2\/posts"}],"about":[{"href":"https:\/\/redamlo.com\/index.php\/wp-json\/wp\/v2\/types\/post"}],"author":[{"embeddable":true,"href":"https:\/\/redamlo.com\/index.php\/wp-json\/wp\/v2\/users\/2"}],"replies":[{"embeddable":true,"href":"https:\/\/redamlo.com\/index.php\/wp-json\/wp\/v2\/comments?post=5987"}],"version-history":[{"count":0,"href":"https:\/\/redamlo.com\/index.php\/wp-json\/wp\/v2\/posts\/5987\/revisions"}],"wp:featuredmedia":[{"embeddable":true,"href":"https:\/\/redamlo.com\/index.php\/wp-json\/wp\/v2\/media\/5988"}],"wp:attachment":[{"href":"https:\/\/redamlo.com\/index.php\/wp-json\/wp\/v2\/media?parent=5987"}],"wp:term":[{"taxonomy":"category","embeddable":true,"href":"https:\/\/redamlo.com\/index.php\/wp-json\/wp\/v2\/categories?post=5987"},{"taxonomy":"post_tag","embeddable":true,"href":"https:\/\/redamlo.com\/index.php\/wp-json\/wp\/v2\/tags?post=5987"}],"curies":[{"name":"wp","href":"https:\/\/api.w.org\/{rel}","templated":true}]}}