{"id":5980,"date":"2022-01-27T20:19:44","date_gmt":"2022-01-28T02:19:44","guid":{"rendered":"https:\/\/redamlo.com\/?p=5980"},"modified":"2022-01-27T20:19:44","modified_gmt":"2022-01-28T02:19:44","slug":"presidente-designa-a-nuria-fernandez-como-nueva-titular-del-dif","status":"publish","type":"post","link":"https:\/\/redamlo.com\/index.php\/2022\/01\/27\/presidente-designa-a-nuria-fernandez-como-nueva-titular-del-dif\/","title":{"rendered":"PRESIDENTE DESIGNA A NURIA FERN\u00c1NDEZ COMO NUEVA TITULAR DEL DIF"},"content":{"rendered":"<p>El presidente Andr\u00e9s Manuel L\u00f3pez Obrador anunci\u00f3 la designaci\u00f3n de Nuria Fern\u00e1ndez como la nueva titular del Sistema Nacional para el Desarrollo Integral de la Familia (SNDIF).<\/p>\n<p>\u201cVa a ser una compa\u00f1era que le tenemos mucha confianza porque tiene sensibilidad social y ha venido aqu\u00ed tambi\u00e9n como periodista. Ella va a ser la pr\u00f3xima directora del DIF: Nuria Fern\u00e1ndez. La estamos promoviendo porque es puro coraz\u00f3n, es una mujer buena, de buenos sentimientos, de convicci\u00f3n, honesta\u201d, remarc\u00f3.<\/p>\n<p>Indic\u00f3 que su primera encomienda p\u00fablica ser\u00e1 presentar en la conferencia matutina un informe del estado en el que se encuentran el Sistema Nacional DIF y los centros de la instituci\u00f3n dedicados a atender a ni\u00f1as y ni\u00f1os en situaci\u00f3n de orfandad o de calle, as\u00ed como los procesos de adopciones.<\/p>\n<p>Adem\u00e1s precisar\u00e1 lo relacionado con el Sistema Nacional de Protecci\u00f3n Integral de Ni\u00f1as, Ni\u00f1os y Adolescentes (SIPINNA) a fin de optimizar la operaci\u00f3n de las oficinas y evitar duplicidades.<\/p>\n<p>\u201cEstamos buscando, y se ha llevado a la pr\u00e1ctica, que sin quitar el apoyo y sin despedir a los trabajadores, se puedan concentrar acciones y hacerlas m\u00e1s eficientes\u201d, apunt\u00f3.<\/p>\n<p>El jefe del Ejecutivo expuso que el gobierno federal lleva a cabo la revisi\u00f3n del Mecanismo de Protecci\u00f3n para Personas Defensoras de Derechos Humanos y Periodistas.<\/p>\n<p>De manera paralela se dialoga con los gobiernos estatales para profundizar en el tema.<\/p>\n<p>\u201cAyer por el mecanismo de protecci\u00f3n se evit\u00f3 el asesinato de un periodista en Oaxaca y estamos trabajando en eso. Estoy seguro que vamos a mejorar\u201d, resalt\u00f3.<\/p>\n","protected":false},"excerpt":{"rendered":"<p>El presidente Andr\u00e9s Manuel L\u00f3pez Obrador anunci\u00f3 la designaci\u00f3n de Nuria Fern\u00e1ndez como la nueva&#8230;<\/p>\n","protected":false},"author":2,"featured_media":5982,"comment_status":"open","ping_status":"closed","sticky":false,"template":"","format":"standard","meta":{"footnotes":""},"categories":[27],"tags":[682,2049,2050],"class_list":["post-5980","post","type-post","status-publish","format-standard","has-post-thumbnail","hentry","category-presidencia","tag-dif","tag-nueva-titular-del-dif","tag-nuria-fernandez"],"yoast_head":"<!-- This site is optimized with the Yoast SEO plugin v27.5 - https:\/\/yoast.com\/product\/yoast-seo-wordpress\/ -->\n<title>PRESIDENTE DESIGNA A NURIA FERN\u00c1NDEZ COMO NUEVA TITULAR DEL DIF - NOTICIAS DE LA 4T<\/title>\n<meta name=\"robots\" content=\"noindex, follow, max-snippet:-1, max-image-preview:large, max-video-preview:-1\" \/>\n<meta property=\"og:locale\" content=\"es_MX\" \/>\n<meta property=\"og:type\" content=\"article\" \/>\n<meta property=\"og:title\" content=\"PRESIDENTE DESIGNA A NURIA FERN\u00c1NDEZ COMO NUEVA TITULAR DEL DIF - NOTICIAS DE LA 4T\" \/>\n<meta property=\"og:description\" content=\"El presidente Andr\u00e9s Manuel L\u00f3pez Obrador anunci\u00f3 la designaci\u00f3n de Nuria Fern\u00e1ndez como la nueva...\" \/>\n<meta property=\"og:url\" content=\"https:\/\/redamlo.com\/index.php\/2022\/01\/27\/presidente-designa-a-nuria-fernandez-como-nueva-titular-del-dif\/\" \/>\n<meta property=\"og:site_name\" content=\"NOTICIAS DE LA 4T\" \/>\n<meta property=\"article:published_time\" content=\"2022-01-28T02:19:44+00:00\" \/>\n<meta property=\"og:image\" content=\"https:\/\/redamlo.com\/wp-content\/uploads\/2022\/01\/amlo-27-ene.jpg\" \/>\n\t<meta property=\"og:image:width\" content=\"1000\" \/>\n\t<meta property=\"og:image:height\" content=\"1500\" \/>\n\t<meta property=\"og:image:type\" content=\"image\/jpeg\" \/>\n<meta name=\"author\" content=\"Blanca\" \/>\n<meta name=\"twitter:card\" content=\"summary_large_image\" \/>\n<meta name=\"twitter:label1\" content=\"Escrito por\" \/>\n\t<meta name=\"twitter:data1\" content=\"Blanca\" \/>\n\t<meta name=\"twitter:label2\" content=\"Tiempo de lectura\" \/>\n\t<meta name=\"twitter:data2\" content=\"1 minuto\" \/>\n<script type=\"application\/ld+json\" class=\"yoast-schema-graph\">{\"@context\":\"https:\\\/\\\/schema.org\",\"@graph\":[{\"@type\":\"Article\",\"@id\":\"https:\\\/\\\/redamlo.com\\\/index.php\\\/2022\\\/01\\\/27\\\/presidente-designa-a-nuria-fernandez-como-nueva-titular-del-dif\\\/#article\",\"isPartOf\":{\"@id\":\"https:\\\/\\\/redamlo.com\\\/index.php\\\/2022\\\/01\\\/27\\\/presidente-designa-a-nuria-fernandez-como-nueva-titular-del-dif\\\/\"},\"author\":{\"name\":\"Blanca\",\"@id\":\"https:\\\/\\\/redamlo.com\\\/#\\\/schema\\\/person\\\/7223a4375eb8f1a782fcae010a7115cf\"},\"headline\":\"PRESIDENTE DESIGNA A NURIA FERN\u00c1NDEZ COMO NUEVA TITULAR DEL DIF\",\"datePublished\":\"2022-01-28T02:19:44+00:00\",\"mainEntityOfPage\":{\"@id\":\"https:\\\/\\\/redamlo.com\\\/index.php\\\/2022\\\/01\\\/27\\\/presidente-designa-a-nuria-fernandez-como-nueva-titular-del-dif\\\/\"},\"wordCount\":289,\"commentCount\":0,\"publisher\":{\"@id\":\"https:\\\/\\\/redamlo.com\\\/#organization\"},\"image\":{\"@id\":\"https:\\\/\\\/redamlo.com\\\/index.php\\\/2022\\\/01\\\/27\\\/presidente-designa-a-nuria-fernandez-como-nueva-titular-del-dif\\\/#primaryimage\"},\"thumbnailUrl\":\"https:\\\/\\\/redamlo.com\\\/wp-content\\\/uploads\\\/2022\\\/01\\\/amlo-27-ene.jpg\",\"keywords\":[\"DIF\",\"nueva titular del DIF\",\"Nuria fernandez\"],\"articleSection\":[\"Presidencia\"],\"inLanguage\":\"es\",\"potentialAction\":[{\"@type\":\"CommentAction\",\"name\":\"Comment\",\"target\":[\"https:\\\/\\\/redamlo.com\\\/index.php\\\/2022\\\/01\\\/27\\\/presidente-designa-a-nuria-fernandez-como-nueva-titular-del-dif\\\/#respond\"]}]},{\"@type\":\"WebPage\",\"@id\":\"https:\\\/\\\/redamlo.com\\\/index.php\\\/2022\\\/01\\\/27\\\/presidente-designa-a-nuria-fernandez-como-nueva-titular-del-dif\\\/\",\"url\":\"https:\\\/\\\/redamlo.com\\\/index.php\\\/2022\\\/01\\\/27\\\/presidente-designa-a-nuria-fernandez-como-nueva-titular-del-dif\\\/\",\"name\":\"PRESIDENTE DESIGNA A NURIA FERN\u00c1NDEZ COMO NUEVA TITULAR DEL DIF - NOTICIAS DE LA 4T\",\"isPartOf\":{\"@id\":\"https:\\\/\\\/redamlo.com\\\/#website\"},\"primaryImageOfPage\":{\"@id\":\"https:\\\/\\\/redamlo.com\\\/index.php\\\/2022\\\/01\\\/27\\\/presidente-designa-a-nuria-fernandez-como-nueva-titular-del-dif\\\/#primaryimage\"},\"image\":{\"@id\":\"https:\\\/\\\/redamlo.com\\\/index.php\\\/2022\\\/01\\\/27\\\/presidente-designa-a-nuria-fernandez-como-nueva-titular-del-dif\\\/#primaryimage\"},\"thumbnailUrl\":\"https:\\\/\\\/redamlo.com\\\/wp-content\\\/uploads\\\/2022\\\/01\\\/amlo-27-ene.jpg\",\"datePublished\":\"2022-01-28T02:19:44+00:00\",\"breadcrumb\":{\"@id\":\"https:\\\/\\\/redamlo.com\\\/index.php\\\/2022\\\/01\\\/27\\\/presidente-designa-a-nuria-fernandez-como-nueva-titular-del-dif\\\/#breadcrumb\"},\"inLanguage\":\"es\",\"potentialAction\":[{\"@type\":\"ReadAction\",\"target\":[\"https:\\\/\\\/redamlo.com\\\/index.php\\\/2022\\\/01\\\/27\\\/presidente-designa-a-nuria-fernandez-como-nueva-titular-del-dif\\\/\"]}]},{\"@type\":\"ImageObject\",\"inLanguage\":\"es\",\"@id\":\"https:\\\/\\\/redamlo.com\\\/index.php\\\/2022\\\/01\\\/27\\\/presidente-designa-a-nuria-fernandez-como-nueva-titular-del-dif\\\/#primaryimage\",\"url\":\"https:\\\/\\\/redamlo.com\\\/wp-content\\\/uploads\\\/2022\\\/01\\\/amlo-27-ene.jpg\",\"contentUrl\":\"https:\\\/\\\/redamlo.com\\\/wp-content\\\/uploads\\\/2022\\\/01\\\/amlo-27-ene.jpg\",\"width\":1000,\"height\":1500},{\"@type\":\"BreadcrumbList\",\"@id\":\"https:\\\/\\\/redamlo.com\\\/index.php\\\/2022\\\/01\\\/27\\\/presidente-designa-a-nuria-fernandez-como-nueva-titular-del-dif\\\/#breadcrumb\",\"itemListElement\":[{\"@type\":\"ListItem\",\"position\":1,\"name\":\"Inicio\",\"item\":\"https:\\\/\\\/redamlo.com\\\/\"},{\"@type\":\"ListItem\",\"position\":2,\"name\":\"PRESIDENTE DESIGNA A NURIA FERN\u00c1NDEZ COMO NUEVA TITULAR DEL DIF\"}]},{\"@type\":\"WebSite\",\"@id\":\"https:\\\/\\\/redamlo.com\\\/#website\",\"url\":\"https:\\\/\\\/redamlo.com\\\/\",\"name\":\"NOTICIAS DE LA 4T\",\"description\":\"\",\"publisher\":{\"@id\":\"https:\\\/\\\/redamlo.com\\\/#organization\"},\"potentialAction\":[{\"@type\":\"SearchAction\",\"target\":{\"@type\":\"EntryPoint\",\"urlTemplate\":\"https:\\\/\\\/redamlo.com\\\/?s={search_term_string}\"},\"query-input\":{\"@type\":\"PropertyValueSpecification\",\"valueRequired\":true,\"valueName\":\"search_term_string\"}}],\"inLanguage\":\"es\"},{\"@type\":\"Organization\",\"@id\":\"https:\\\/\\\/redamlo.com\\\/#organization\",\"name\":\"NOTICIAS DE LA 4T\",\"url\":\"https:\\\/\\\/redamlo.com\\\/\",\"logo\":{\"@type\":\"ImageObject\",\"inLanguage\":\"es\",\"@id\":\"https:\\\/\\\/redamlo.com\\\/#\\\/schema\\\/logo\\\/image\\\/\",\"url\":\"https:\\\/\\\/redamlo.com\\\/wp-content\\\/uploads\\\/2024\\\/08\\\/cropped-RED-AMLO-logo-50.png\",\"contentUrl\":\"https:\\\/\\\/redamlo.com\\\/wp-content\\\/uploads\\\/2024\\\/08\\\/cropped-RED-AMLO-logo-50.png\",\"width\":256,\"height\":256,\"caption\":\"NOTICIAS DE LA 4T\"},\"image\":{\"@id\":\"https:\\\/\\\/redamlo.com\\\/#\\\/schema\\\/logo\\\/image\\\/\"}},{\"@type\":\"Person\",\"@id\":\"https:\\\/\\\/redamlo.com\\\/#\\\/schema\\\/person\\\/7223a4375eb8f1a782fcae010a7115cf\",\"name\":\"Blanca\",\"image\":{\"@type\":\"ImageObject\",\"inLanguage\":\"es\",\"@id\":\"https:\\\/\\\/secure.gravatar.com\\\/avatar\\\/3f79bc8336367a4e6093eae8757acaaf61d1124834b905616de7829b0273426d?s=96&d=mm&r=g\",\"url\":\"https:\\\/\\\/secure.gravatar.com\\\/avatar\\\/3f79bc8336367a4e6093eae8757acaaf61d1124834b905616de7829b0273426d?s=96&d=mm&r=g\",\"contentUrl\":\"https:\\\/\\\/secure.gravatar.com\\\/avatar\\\/3f79bc8336367a4e6093eae8757acaaf61d1124834b905616de7829b0273426d?s=96&d=mm&r=g\",\"caption\":\"Blanca\"},\"url\":\"https:\\\/\\\/redamlo.com\\\/index.php\\\/author\\\/blanca\\\/\"}]}<\/script>\n<!-- \/ Yoast SEO plugin. -->","yoast_head_json":{"title":"PRESIDENTE DESIGNA A NURIA FERN\u00c1NDEZ COMO NUEVA TITULAR DEL DIF - NOTICIAS DE LA 4T","robots":{"index":"noindex","follow":"follow","max-snippet":"max-snippet:-1","max-image-preview":"max-image-preview:large","max-video-preview":"max-video-preview:-1"},"og_locale":"es_MX","og_type":"article","og_title":"PRESIDENTE DESIGNA A NURIA FERN\u00c1NDEZ COMO NUEVA TITULAR DEL DIF - NOTICIAS DE LA 4T","og_description":"El presidente Andr\u00e9s Manuel L\u00f3pez Obrador anunci\u00f3 la designaci\u00f3n de Nuria Fern\u00e1ndez como la nueva...","og_url":"https:\/\/redamlo.com\/index.php\/2022\/01\/27\/presidente-designa-a-nuria-fernandez-como-nueva-titular-del-dif\/","og_site_name":"NOTICIAS DE LA 4T","article_published_time":"2022-01-28T02:19:44+00:00","og_image":[{"width":1000,"height":1500,"url":"https:\/\/redamlo.com\/wp-content\/uploads\/2022\/01\/amlo-27-ene.jpg","type":"image\/jpeg"}],"author":"Blanca","twitter_card":"summary_large_image","twitter_misc":{"Escrito por":"Blanca","Tiempo de lectura":"1 minuto"},"schema":{"@context":"https:\/\/schema.org","@graph":[{"@type":"Article","@id":"https:\/\/redamlo.com\/index.php\/2022\/01\/27\/presidente-designa-a-nuria-fernandez-como-nueva-titular-del-dif\/#article","isPartOf":{"@id":"https:\/\/redamlo.com\/index.php\/2022\/01\/27\/presidente-designa-a-nuria-fernandez-como-nueva-titular-del-dif\/"},"author":{"name":"Blanca","@id":"https:\/\/redamlo.com\/#\/schema\/person\/7223a4375eb8f1a782fcae010a7115cf"},"headline":"PRESIDENTE DESIGNA A NURIA FERN\u00c1NDEZ COMO NUEVA TITULAR DEL DIF","datePublished":"2022-01-28T02:19:44+00:00","mainEntityOfPage":{"@id":"https:\/\/redamlo.com\/index.php\/2022\/01\/27\/presidente-designa-a-nuria-fernandez-como-nueva-titular-del-dif\/"},"wordCount":289,"commentCount":0,"publisher":{"@id":"https:\/\/redamlo.com\/#organization"},"image":{"@id":"https:\/\/redamlo.com\/index.php\/2022\/01\/27\/presidente-designa-a-nuria-fernandez-como-nueva-titular-del-dif\/#primaryimage"},"thumbnailUrl":"https:\/\/redamlo.com\/wp-content\/uploads\/2022\/01\/amlo-27-ene.jpg","keywords":["DIF","nueva titular del DIF","Nuria fernandez"],"articleSection":["Presidencia"],"inLanguage":"es","potentialAction":[{"@type":"CommentAction","name":"Comment","target":["https:\/\/redamlo.com\/index.php\/2022\/01\/27\/presidente-designa-a-nuria-fernandez-como-nueva-titular-del-dif\/#respond"]}]},{"@type":"WebPage","@id":"https:\/\/redamlo.com\/index.php\/2022\/01\/27\/presidente-designa-a-nuria-fernandez-como-nueva-titular-del-dif\/","url":"https:\/\/redamlo.com\/index.php\/2022\/01\/27\/presidente-designa-a-nuria-fernandez-como-nueva-titular-del-dif\/","name":"PRESIDENTE DESIGNA A NURIA FERN\u00c1NDEZ COMO NUEVA TITULAR DEL DIF - NOTICIAS DE LA 4T","isPartOf":{"@id":"https:\/\/redamlo.com\/#website"},"primaryImageOfPage":{"@id":"https:\/\/redamlo.com\/index.php\/2022\/01\/27\/presidente-designa-a-nuria-fernandez-como-nueva-titular-del-dif\/#primaryimage"},"image":{"@id":"https:\/\/redamlo.com\/index.php\/2022\/01\/27\/presidente-designa-a-nuria-fernandez-como-nueva-titular-del-dif\/#primaryimage"},"thumbnailUrl":"https:\/\/redamlo.com\/wp-content\/uploads\/2022\/01\/amlo-27-ene.jpg","datePublished":"2022-01-28T02:19:44+00:00","breadcrumb":{"@id":"https:\/\/redamlo.com\/index.php\/2022\/01\/27\/presidente-designa-a-nuria-fernandez-como-nueva-titular-del-dif\/#breadcrumb"},"inLanguage":"es","potentialAction":[{"@type":"ReadAction","target":["https:\/\/redamlo.com\/index.php\/2022\/01\/27\/presidente-designa-a-nuria-fernandez-como-nueva-titular-del-dif\/"]}]},{"@type":"ImageObject","inLanguage":"es","@id":"https:\/\/redamlo.com\/index.php\/2022\/01\/27\/presidente-designa-a-nuria-fernandez-como-nueva-titular-del-dif\/#primaryimage","url":"https:\/\/redamlo.com\/wp-content\/uploads\/2022\/01\/amlo-27-ene.jpg","contentUrl":"https:\/\/redamlo.com\/wp-content\/uploads\/2022\/01\/amlo-27-ene.jpg","width":1000,"height":1500},{"@type":"BreadcrumbList","@id":"https:\/\/redamlo.com\/index.php\/2022\/01\/27\/presidente-designa-a-nuria-fernandez-como-nueva-titular-del-dif\/#breadcrumb","itemListElement":[{"@type":"ListItem","position":1,"name":"Inicio","item":"https:\/\/redamlo.com\/"},{"@type":"ListItem","position":2,"name":"PRESIDENTE DESIGNA A NURIA FERN\u00c1NDEZ COMO NUEVA TITULAR DEL DIF"}]},{"@type":"WebSite","@id":"https:\/\/redamlo.com\/#website","url":"https:\/\/redamlo.com\/","name":"NOTICIAS DE LA 4T","description":"","publisher":{"@id":"https:\/\/redamlo.com\/#organization"},"potentialAction":[{"@type":"SearchAction","target":{"@type":"EntryPoint","urlTemplate":"https:\/\/redamlo.com\/?s={search_term_string}"},"query-input":{"@type":"PropertyValueSpecification","valueRequired":true,"valueName":"search_term_string"}}],"inLanguage":"es"},{"@type":"Organization","@id":"https:\/\/redamlo.com\/#organization","name":"NOTICIAS DE LA 4T","url":"https:\/\/redamlo.com\/","logo":{"@type":"ImageObject","inLanguage":"es","@id":"https:\/\/redamlo.com\/#\/schema\/logo\/image\/","url":"https:\/\/redamlo.com\/wp-content\/uploads\/2024\/08\/cropped-RED-AMLO-logo-50.png","contentUrl":"https:\/\/redamlo.com\/wp-content\/uploads\/2024\/08\/cropped-RED-AMLO-logo-50.png","width":256,"height":256,"caption":"NOTICIAS DE LA 4T"},"image":{"@id":"https:\/\/redamlo.com\/#\/schema\/logo\/image\/"}},{"@type":"Person","@id":"https:\/\/redamlo.com\/#\/schema\/person\/7223a4375eb8f1a782fcae010a7115cf","name":"Blanca","image":{"@type":"ImageObject","inLanguage":"es","@id":"https:\/\/secure.gravatar.com\/avatar\/3f79bc8336367a4e6093eae8757acaaf61d1124834b905616de7829b0273426d?s=96&d=mm&r=g","url":"https:\/\/secure.gravatar.com\/avatar\/3f79bc8336367a4e6093eae8757acaaf61d1124834b905616de7829b0273426d?s=96&d=mm&r=g","contentUrl":"https:\/\/secure.gravatar.com\/avatar\/3f79bc8336367a4e6093eae8757acaaf61d1124834b905616de7829b0273426d?s=96&d=mm&r=g","caption":"Blanca"},"url":"https:\/\/redamlo.com\/index.php\/author\/blanca\/"}]}},"_links":{"self":[{"href":"https:\/\/redamlo.com\/index.php\/wp-json\/wp\/v2\/posts\/5980","targetHints":{"allow":["GET"]}}],"collection":[{"href":"https:\/\/redamlo.com\/index.php\/wp-json\/wp\/v2\/posts"}],"about":[{"href":"https:\/\/redamlo.com\/index.php\/wp-json\/wp\/v2\/types\/post"}],"author":[{"embeddable":true,"href":"https:\/\/redamlo.com\/index.php\/wp-json\/wp\/v2\/users\/2"}],"replies":[{"embeddable":true,"href":"https:\/\/redamlo.com\/index.php\/wp-json\/wp\/v2\/comments?post=5980"}],"version-history":[{"count":0,"href":"https:\/\/redamlo.com\/index.php\/wp-json\/wp\/v2\/posts\/5980\/revisions"}],"wp:featuredmedia":[{"embeddable":true,"href":"https:\/\/redamlo.com\/index.php\/wp-json\/wp\/v2\/media\/5982"}],"wp:attachment":[{"href":"https:\/\/redamlo.com\/index.php\/wp-json\/wp\/v2\/media?parent=5980"}],"wp:term":[{"taxonomy":"category","embeddable":true,"href":"https:\/\/redamlo.com\/index.php\/wp-json\/wp\/v2\/categories?post=5980"},{"taxonomy":"post_tag","embeddable":true,"href":"https:\/\/redamlo.com\/index.php\/wp-json\/wp\/v2\/tags?post=5980"}],"curies":[{"name":"wp","href":"https:\/\/api.w.org\/{rel}","templated":true}]}}