{"id":5957,"date":"2022-01-20T11:23:13","date_gmt":"2022-01-20T17:23:13","guid":{"rendered":"https:\/\/redamlo.com\/?p=5957"},"modified":"2022-01-20T11:23:13","modified_gmt":"2022-01-20T17:23:13","slug":"amlo-y-las-pugnas-internas-en-la-4t","status":"publish","type":"post","link":"https:\/\/redamlo.com\/index.php\/2022\/01\/20\/amlo-y-las-pugnas-internas-en-la-4t\/","title":{"rendered":"AMLO y las pugnas internas en la 4T"},"content":{"rendered":"<strong>Realidades.- Primera parte. Ocupado en acabar con la corrupci\u00f3n gubernamental; disminuir la desigualdad, la pobreza y la injusticia; combatir la impunidad y la violencia, y vigilar el buen ejercicio del presupuesto p\u00fablico y su distribuci\u00f3n en programas sociales, el presidente Andr\u00e9s Manuel L\u00f3pez Obrador tambi\u00e9n libra otras batallas, como los ataques constantes de grupos de ultraderecha que lo mismo convocan a pol\u00edticos opositores, que pagan a intelectuales, medios de comunicaci\u00f3n y periodistas para desinformar y denostar al actual gobierno.<\/strong>\n\n<!-- \/wp:post-content --> <!-- wp:paragraph -->\n\nEsto ocurre desde que inici\u00f3 la actual administraci\u00f3n, es decir en los \u00faltimos tres a\u00f1os, pero el presidente sortea otros problemas, como las disputas internas en su administraci\u00f3n y en el partido que lo llev\u00f3 a la Presidencia de la Rep\u00fablica, Morena, en donde se pelea por posiciones pol\u00edticas con miras tempranas a la sucesi\u00f3n presidencial de 2024 y, lo m\u00e1s grave, que algunos integrantes de su primer equipo de gobierno tratan de imponer su visi\u00f3n de pa\u00eds, muchas veces coincidente con las pol\u00edticas corruptas del pasado y, m\u00e1s a\u00fan, algunos cercanos a L\u00f3pez Obrador tratan de enga\u00f1arlo, le mienten y le han hecho firmar documentos que comprometen la Cuarta Transformaci\u00f3n del pa\u00eds.\n\n<!-- \/wp:paragraph --> <!-- wp:image -->\n<figure class=\"wp-block-image\"><img decoding=\"async\" src=\"https:\/\/cnnespanol.cnn.com\/wp-content\/uploads\/2018\/12\/181201151131-amlo-lopez-obrador-presidente-full-1691.jpg?quality=100&amp;strip=info\" alt=\"Me canso, ganso&quot;, el momento viral del discurso de L\u00f3pez Obrador en su toma  de posesi\u00f3n | Video | CNN\" \/><\/figure>\n<!-- \/wp:image --> <!-- wp:paragraph -->\n\nEn ese terreno se explican los constantes cambios en secretar\u00edas de Estado, subsecretar\u00edas, direcciones generales y hasta en \u00f3rganos descentralizados, pues cuando son descubiertos no hay m\u00e1s remedio que cesarlos, removerlos o, inclusive, abrirles procesos penales.\n\n<!-- \/wp:paragraph --> <!-- wp:paragraph -->\n\nEntre los muchos cambios que el presidente ha ordenado en el gabinete y que en su momento han generado desconcierto por tratarse de funcionarios con importantes responsabilidades y de haber tenido una cercana relaci\u00f3n con el presidente L\u00f3pez Obrador, destaca la remoci\u00f3n de Arturo Herrera Guti\u00e9rrez de la Secretar\u00eda de Hacienda y Cr\u00e9dito P\u00fablico, quien tras el despido de Carlos Manuel Urz\u00faa \u2013el primer secretario de Hacienda que apenas dur\u00f3 7 meses en el cargo\u2013, asumi\u00f3 la Secretar\u00eda el 18 de julio de 2019 y fue removido el 9 de julio de 2021, bajo la promesa de que ser\u00eda el pr\u00f3ximo gobernador del Banco de M\u00e9xico.\n\n<!-- \/wp:paragraph --> <!-- wp:paragraph -->\n\nSin embargo, a finales del a\u00f1o pasado se conoci\u00f3 que Arturo Herrera hab\u00eda sido borrado de la lista en Palacio Nacional para suceder en el Banco de M\u00e9xico a Alejandro D\u00edaz de Le\u00f3n, y en su lugar se design\u00f3 como gobernadora a la primera mujer en esa responsabilidad, Victoria Rodr\u00edguez Ceja, quien ahora es la encargada de procurar la estabilidad del poder adquisitivo de nuestra moneda y del control de cambios para tener una econom\u00eda m\u00e1s establece en el pa\u00eds.\n\n<!-- \/wp:paragraph --> <!-- wp:paragraph -->\n\nMeses despu\u00e9s de esos movimientos en el gabinete, sabemos que entre las muchas causas que motivaron la cancelaci\u00f3n de la propuesta de Arturo Herrera como pr\u00f3ximo gobernador del banco central fue que desde la Secretar\u00eda de Hacienda \u00e9l daba el visto bueno (autorizaba) a gobiernos estatales para la contrataci\u00f3n de m\u00e1s deuda p\u00fablica, sobre todo a los gobernadores que estaban pr\u00f3ximos a terminar su mandato, lo que provoc\u00f3 una grave crisis de liquidez en varias administraciones estatales en cuanto asumieron los nuevos mandatarios \u2013la mayor\u00eda del partido Morena\u2013, porque no hab\u00eda recursos ni siquiera para pagar la n\u00f3mina de los trabajadores al servicio de esos estados de la Rep\u00fablica.\n\n<!-- \/wp:paragraph --> <!-- wp:image -->\n<figure class=\"wp-block-image\"><img decoding=\"async\" src=\"https:\/\/i0.wp.com\/contralinea.com.mx\/wp-content\/uploads\/2022\/01\/cuartoscuro_Andrea-Murcia.jpeg?fit=1568%2C1048&amp;ssl=1\" alt=\"\" \/><figcaption>FOTO: ANDREA MURCIA \/CUARTOSCURO.COM<\/figcaption><\/figure>\n<!-- \/wp:image --> <!-- wp:paragraph -->\n\nEsto prendi\u00f3 los\u00a0<em>focos rojos<\/em>\u00a0en Palacio Nacional, en donde el presidente fue enterado de este problema y orden\u00f3 al nuevo titular de Hacienda, Rogelio Ram\u00edrez de la O, revisar lo que hab\u00eda hecho su antecesor Arturo Herrera, sobre todo al final de su gesti\u00f3n. All\u00ed descubrieron que todav\u00eda el \u00faltimo d\u00eda que despach\u00f3 en Hacienda, hab\u00eda firmado una serie de papeles que no consult\u00f3 al primer mandatario y para autorizar el endeudamiento a los estados les dec\u00eda a los gobernadores en d\u00f3nde pedir dinero prestado, es decir recomendaba a los bancos en donde se pod\u00edan endeudarse.\n\n<!-- \/wp:paragraph --> <!-- wp:paragraph -->\n\nLa instituci\u00f3n m\u00e1s recomendada por el entonces secretario Herrera era el Banco Accendo, propiedad de los hermanos Hugo y Eduardo Villanueva, a quienes el gusto por el dinero les dur\u00f3 poco, porque desde finales del a\u00f1o pasado las autoridades financieras intervinieron su banco, cuando la Comisi\u00f3n Nacional Bancaria y de Valores y la Secretar\u00eda de Hacienda les cancelaron su licencia para operar como instituci\u00f3n de banca m\u00faltiple.\n\n<!-- \/wp:paragraph --> <!-- wp:paragraph -->\n\nDe acuerdo con la Secretar\u00eda de Hacienda, ya a cargo de Ram\u00edrez de la O, Accendo incumpl\u00eda con los \u00edndices de capitalizaci\u00f3n que establece la ley en la materia, porque su ca\u00edda era muy acelerada.\n\n<!-- \/wp:paragraph --> <!-- wp:image -->\n<figure class=\"wp-block-image\"><img decoding=\"async\" src=\"https:\/\/cdn-3.expansion.mx\/dims4\/default\/3c71c1b\/2147483647\/strip\/true\/crop\/1920x1280+0+0\/resize\/1800x1200!\/format\/webp\/quality\/90\/?url=https%3A%2F%2Fcdn-3.expansion.mx%2F24%2F2d%2Fc96bdb2c493f817c496016dac257%2Fcuartoscuro-720743-digital.jpeg\" alt=\"ZonaLibre | \u00bfPor qu\u00e9 sacrificaron a Arturo Herrera?\" \/><figcaption><a href=\"https:\/\/www.google.com\/url?sa=i&amp;url=https%3A%2F%2Fpolitica.expansion.mx%2Fvoces%2F2021%2F11%2F24%2Fsacrificaron-a-arturo-herrera-en-banxico-nuevo-pacto&amp;psig=AOvVaw3kokyB2CsvFMk9cJjSFodP&amp;ust=1642784221208000&amp;source=images&amp;cd=vfe&amp;ved=0CAwQjhxqFwoTCODrwKbmwPUCFQAAAAAdAAAAABAN\" target=\"_blank\" rel=\"noreferrer noopener\">\u00bfPor qu\u00e9 sacrificaron a Arturo Herrera?<\/a><\/figcaption><\/figure>\n<!-- \/wp:image --> <!-- wp:paragraph -->\n\nLa pregunta es si los secretarios de la Funci\u00f3n P\u00fablica y de Hacienda deben ir al fondo de esas recomendaciones que recib\u00edan los accionistas de Accendo por parte de Arturo Herrera y si esas canonj\u00edas correspond\u00edan a alg\u00fan acto de corrupci\u00f3n por parte de quien en ese momento era el encargado de las finanzas p\u00fablicas del pa\u00eds.\n\n<!-- \/wp:paragraph --> <!-- wp:paragraph -->\n\nPor ejemplo, a finales de 2020, el secretario Arturo Herrera autoriz\u00f3 que le asignaran a la firma Toka Internacional, due\u00f1a de Banco Accendo, el contrato de los monederos electr\u00f3nicos en donde Hacienda depositar\u00eda los bonos de fin de a\u00f1o de todos los empleados del gobierno federal, lo que significa un flujo de muchos millones de pesos en beneficio de los due\u00f1os de esa instituci\u00f3n crediticia.\n\n<!-- \/wp:paragraph --> <!-- wp:paragraph -->\n\nAntes de que el presidente se enterara de lo que hab\u00eda hecho el exsecretario Arturo Herrera \u2013y para salvar el problema de endeudamiento de los estados de la Rep\u00fablica que no ten\u00edan ni para pagar la n\u00f3mina\u2013, le orden\u00f3 a su secretario Ram\u00edrez de la O adelantarles las participaciones federales a los que enfrentaban mayores problemas presupuestales. \u00c9se era el caso de Nayarit, entre otros, que hab\u00eda quedado con las arcas vac\u00edas y con un enorme endeudamiento p\u00fablico. Pero al hacer la revisi\u00f3n presupuestal correspondiente, Ram\u00edrez de la O descubri\u00f3 que justo antes de las elecciones pasadas, su antecesor Arturo Herrera ya les hab\u00eda adelantado dichas participaciones a los gobernadores salientes, lo que meti\u00f3 en otro grave problema al gobierno federal para poder apoyar a los estados m\u00e1s endeudados, pues se necesitar\u00eda echar nuevamente mano del presupuesto para salvar a las administraciones emproblemadas.\n\n<!-- \/wp:paragraph --> <!-- wp:image -->\n<figure class=\"wp-block-image\"><img decoding=\"async\" src=\"https:\/\/headtopics.com\/images\/2019\/7\/10\/reforma\/quien-es-arturo-herrera-designado-como-titular-de-la-secretar-a-de-hacienda-mexico-1148751251284332550.webp\" alt=\"Qui\u00e9n es Arturo Herrera? Revisa su perfil | Qui\u00e9n - Arturo\" \/><\/figure>\n<!-- \/wp:image --> <!-- wp:paragraph -->\n\nLa pregunta que nos hacemos es: \u00bfa cambio de qu\u00e9, Arturo Herrera adelant\u00f3, sin autorizaci\u00f3n presidencial, las partidas presupuestales a gobernadores que estaban terminando su gesti\u00f3n, la mayor\u00eda de ellos pri\u00edstas y panistas?\n\n<!-- \/wp:paragraph --> <!-- wp:paragraph -->\n\nAl ser informado por el titular de Hacienda de lo que hab\u00eda hecho su antecesor Arturo Herrera, muy enojado el presidente le orden\u00f3 a Ram\u00edrez de la O hacer una revisi\u00f3n exhaustiva a toda la gesti\u00f3n de los dos exsecretarios de Hacienda: Carlos Urz\u00faa (2018-2019) y Arturo Herrera (2019-2021), y all\u00ed se tom\u00f3 la decisi\u00f3n de que este \u00faltimo ya no ser\u00eda gobernador del Banco de M\u00e9xico.\n\n<!-- \/wp:paragraph --> <!-- wp:paragraph -->\n\nOtro hecho que llama la atenci\u00f3n es que Herrera, junto con el actual subsecretario de Hacienda, Gabriel Yorio Gonz\u00e1lez, operaban y presionaban para que la banca otorgara cr\u00e9ditos a ciertas empresas e inclusive mov\u00edan hasta reglamentos para conseguir la aprobaci\u00f3n de esos cr\u00e9ditos.\n\n<!-- \/wp:paragraph --> <!-- wp:paragraph -->\n\nTambi\u00e9n descubrieron que en una empresa vinculada a Genaro Garc\u00eda Luna \u2013exsecretario de Seguridad P\u00fablica en el gobierno del panista Felipe Calder\u00f3n y actualmente preso en Estados Unidos por v\u00ednculos con bandas del narcotr\u00e1fico\u2013 participaba Jaime Domingo L\u00f3pez Buitr\u00f3n, exdirector general del Centro de Investigaci\u00f3n y Seguridad Nacional (Cisen) en dos ocasiones con gobiernos panistas (2005-2006, Vicente Fox, y 2011-2011, Felipe Calder\u00f3n), y el hijo de \u00e9ste, Juan Mart\u00edn L\u00f3pez Buitr\u00f3n, actual director general adjunto de Planeaci\u00f3n Estrat\u00e9gica en la Comisi\u00f3n Nacional Bancaria y de Valores, ten\u00eda el apoyo de Arturo Herrera a pesar de que demand\u00f3 a la CNBV cuando le cortaron el seguro de gastos m\u00e9dicos mayores a todos los servidores p\u00fablicos. Y contra esto tambi\u00e9n tiene que lidiar el presidente L\u00f3pez Obrador, todos los d\u00edas, al interior de su propio equipo para sacar adelante su tan anhelada Cuarta Transformaci\u00f3n.\n\n<!-- \/wp:paragraph --> <!-- wp:paragraph -->\n\nFuente: <a href=\"https:\/\/contralinea.com.mx\/amlo-y-las-pugnas-internas-en-la-4t\/\">contralinea.com.mx<\/a>","protected":false},"excerpt":{"rendered":"<p>Realidades.- Primera parte. Ocupado en acabar con la corrupci\u00f3n gubernamental; disminuir la desigualdad, la pobreza&#8230;<\/p>\n","protected":false},"author":2,"featured_media":5958,"comment_status":"open","ping_status":"closed","sticky":false,"template":"","format":"standard","meta":{"footnotes":""},"categories":[25,20],"tags":[190,84,939,2030,2031,2032,2033,2034,24,2035,2036,2037,2038,2039],"class_list":["post-5957","post","type-post","status-publish","format-standard","has-post-thumbnail","hentry","category-4t","category-nacionales","tag-4t","tag-amlo","tag-arturo-herrera","tag-ataques-de-ultraderecha","tag-carlos-manuel-urzua","tag-cercanos-tratan-de-enganarlo","tag-desinformacion","tag-mienten","tag-morena","tag-opositores-politicos","tag-organos-descentralizados","tag-politicas-corruptas-del-pasado","tag-pugnas-internas","tag-secretarias-de-estado"],"yoast_head":"<!-- This site is optimized with the Yoast SEO plugin v27.5 - https:\/\/yoast.com\/product\/yoast-seo-wordpress\/ -->\n<title>AMLO y las pugnas internas en la 4T - NOTICIAS DE LA 4T<\/title>\n<meta name=\"robots\" content=\"noindex, follow, max-snippet:-1, max-image-preview:large, max-video-preview:-1\" \/>\n<meta property=\"og:locale\" content=\"es_MX\" \/>\n<meta property=\"og:type\" content=\"article\" \/>\n<meta property=\"og:title\" content=\"AMLO y las pugnas internas en la 4T - NOTICIAS DE LA 4T\" \/>\n<meta property=\"og:description\" content=\"Realidades.- Primera parte. Ocupado en acabar con la corrupci\u00f3n gubernamental; disminuir la desigualdad, la pobreza...\" \/>\n<meta property=\"og:url\" content=\"https:\/\/redamlo.com\/index.php\/2022\/01\/20\/amlo-y-las-pugnas-internas-en-la-4t\/\" \/>\n<meta property=\"og:site_name\" content=\"NOTICIAS DE LA 4T\" \/>\n<meta property=\"article:published_time\" content=\"2022-01-20T17:23:13+00:00\" \/>\n<meta property=\"og:image\" content=\"https:\/\/redamlo.com\/wp-content\/uploads\/2022\/01\/454-4.png\" \/>\n\t<meta property=\"og:image:width\" content=\"630\" \/>\n\t<meta property=\"og:image:height\" content=\"315\" \/>\n\t<meta property=\"og:image:type\" content=\"image\/png\" \/>\n<meta name=\"author\" content=\"Blanca\" \/>\n<meta name=\"twitter:card\" content=\"summary_large_image\" \/>\n<meta name=\"twitter:label1\" content=\"Escrito por\" \/>\n\t<meta name=\"twitter:data1\" content=\"Blanca\" \/>\n\t<meta name=\"twitter:label2\" content=\"Tiempo de lectura\" \/>\n\t<meta name=\"twitter:data2\" content=\"7 minutos\" \/>\n<script type=\"application\/ld+json\" class=\"yoast-schema-graph\">{\"@context\":\"https:\\\/\\\/schema.org\",\"@graph\":[{\"@type\":\"Article\",\"@id\":\"https:\\\/\\\/redamlo.com\\\/index.php\\\/2022\\\/01\\\/20\\\/amlo-y-las-pugnas-internas-en-la-4t\\\/#article\",\"isPartOf\":{\"@id\":\"https:\\\/\\\/redamlo.com\\\/index.php\\\/2022\\\/01\\\/20\\\/amlo-y-las-pugnas-internas-en-la-4t\\\/\"},\"author\":{\"name\":\"Blanca\",\"@id\":\"https:\\\/\\\/redamlo.com\\\/#\\\/schema\\\/person\\\/7223a4375eb8f1a782fcae010a7115cf\"},\"headline\":\"AMLO y las pugnas internas en la 4T\",\"datePublished\":\"2022-01-20T17:23:13+00:00\",\"mainEntityOfPage\":{\"@id\":\"https:\\\/\\\/redamlo.com\\\/index.php\\\/2022\\\/01\\\/20\\\/amlo-y-las-pugnas-internas-en-la-4t\\\/\"},\"wordCount\":1439,\"commentCount\":0,\"publisher\":{\"@id\":\"https:\\\/\\\/redamlo.com\\\/#organization\"},\"image\":{\"@id\":\"https:\\\/\\\/redamlo.com\\\/index.php\\\/2022\\\/01\\\/20\\\/amlo-y-las-pugnas-internas-en-la-4t\\\/#primaryimage\"},\"thumbnailUrl\":\"https:\\\/\\\/redamlo.com\\\/wp-content\\\/uploads\\\/2022\\\/01\\\/454-4.png\",\"keywords\":[\"4T\",\"AMLO\",\"Arturo Herrera\",\"Ataques de Ultraderecha\",\"Carlos manuel Urz\u00faa\",\"Cercanos tratan de enga\u00f1arlo\",\"Desinformaci\u00f3n\",\"Mienten\",\"Morena\",\"Opositores pol\u00edticos\",\"\u00f3rganos descentralizados\",\"Pol\u00edticas corruptas del Pasado\",\"Pugnas Internas\",\"Secretar\u00edas de Estado\"],\"articleSection\":[\"4T\",\"Nacionales\"],\"inLanguage\":\"es\",\"potentialAction\":[{\"@type\":\"CommentAction\",\"name\":\"Comment\",\"target\":[\"https:\\\/\\\/redamlo.com\\\/index.php\\\/2022\\\/01\\\/20\\\/amlo-y-las-pugnas-internas-en-la-4t\\\/#respond\"]}]},{\"@type\":\"WebPage\",\"@id\":\"https:\\\/\\\/redamlo.com\\\/index.php\\\/2022\\\/01\\\/20\\\/amlo-y-las-pugnas-internas-en-la-4t\\\/\",\"url\":\"https:\\\/\\\/redamlo.com\\\/index.php\\\/2022\\\/01\\\/20\\\/amlo-y-las-pugnas-internas-en-la-4t\\\/\",\"name\":\"AMLO y las pugnas internas en la 4T - NOTICIAS DE LA 4T\",\"isPartOf\":{\"@id\":\"https:\\\/\\\/redamlo.com\\\/#website\"},\"primaryImageOfPage\":{\"@id\":\"https:\\\/\\\/redamlo.com\\\/index.php\\\/2022\\\/01\\\/20\\\/amlo-y-las-pugnas-internas-en-la-4t\\\/#primaryimage\"},\"image\":{\"@id\":\"https:\\\/\\\/redamlo.com\\\/index.php\\\/2022\\\/01\\\/20\\\/amlo-y-las-pugnas-internas-en-la-4t\\\/#primaryimage\"},\"thumbnailUrl\":\"https:\\\/\\\/redamlo.com\\\/wp-content\\\/uploads\\\/2022\\\/01\\\/454-4.png\",\"datePublished\":\"2022-01-20T17:23:13+00:00\",\"breadcrumb\":{\"@id\":\"https:\\\/\\\/redamlo.com\\\/index.php\\\/2022\\\/01\\\/20\\\/amlo-y-las-pugnas-internas-en-la-4t\\\/#breadcrumb\"},\"inLanguage\":\"es\",\"potentialAction\":[{\"@type\":\"ReadAction\",\"target\":[\"https:\\\/\\\/redamlo.com\\\/index.php\\\/2022\\\/01\\\/20\\\/amlo-y-las-pugnas-internas-en-la-4t\\\/\"]}]},{\"@type\":\"ImageObject\",\"inLanguage\":\"es\",\"@id\":\"https:\\\/\\\/redamlo.com\\\/index.php\\\/2022\\\/01\\\/20\\\/amlo-y-las-pugnas-internas-en-la-4t\\\/#primaryimage\",\"url\":\"https:\\\/\\\/redamlo.com\\\/wp-content\\\/uploads\\\/2022\\\/01\\\/454-4.png\",\"contentUrl\":\"https:\\\/\\\/redamlo.com\\\/wp-content\\\/uploads\\\/2022\\\/01\\\/454-4.png\",\"width\":630,\"height\":315},{\"@type\":\"BreadcrumbList\",\"@id\":\"https:\\\/\\\/redamlo.com\\\/index.php\\\/2022\\\/01\\\/20\\\/amlo-y-las-pugnas-internas-en-la-4t\\\/#breadcrumb\",\"itemListElement\":[{\"@type\":\"ListItem\",\"position\":1,\"name\":\"Inicio\",\"item\":\"https:\\\/\\\/redamlo.com\\\/\"},{\"@type\":\"ListItem\",\"position\":2,\"name\":\"AMLO y las pugnas internas en la 4T\"}]},{\"@type\":\"WebSite\",\"@id\":\"https:\\\/\\\/redamlo.com\\\/#website\",\"url\":\"https:\\\/\\\/redamlo.com\\\/\",\"name\":\"NOTICIAS DE LA 4T\",\"description\":\"\",\"publisher\":{\"@id\":\"https:\\\/\\\/redamlo.com\\\/#organization\"},\"potentialAction\":[{\"@type\":\"SearchAction\",\"target\":{\"@type\":\"EntryPoint\",\"urlTemplate\":\"https:\\\/\\\/redamlo.com\\\/?s={search_term_string}\"},\"query-input\":{\"@type\":\"PropertyValueSpecification\",\"valueRequired\":true,\"valueName\":\"search_term_string\"}}],\"inLanguage\":\"es\"},{\"@type\":\"Organization\",\"@id\":\"https:\\\/\\\/redamlo.com\\\/#organization\",\"name\":\"NOTICIAS DE LA 4T\",\"url\":\"https:\\\/\\\/redamlo.com\\\/\",\"logo\":{\"@type\":\"ImageObject\",\"inLanguage\":\"es\",\"@id\":\"https:\\\/\\\/redamlo.com\\\/#\\\/schema\\\/logo\\\/image\\\/\",\"url\":\"https:\\\/\\\/redamlo.com\\\/wp-content\\\/uploads\\\/2024\\\/08\\\/cropped-RED-AMLO-logo-50.png\",\"contentUrl\":\"https:\\\/\\\/redamlo.com\\\/wp-content\\\/uploads\\\/2024\\\/08\\\/cropped-RED-AMLO-logo-50.png\",\"width\":256,\"height\":256,\"caption\":\"NOTICIAS DE LA 4T\"},\"image\":{\"@id\":\"https:\\\/\\\/redamlo.com\\\/#\\\/schema\\\/logo\\\/image\\\/\"}},{\"@type\":\"Person\",\"@id\":\"https:\\\/\\\/redamlo.com\\\/#\\\/schema\\\/person\\\/7223a4375eb8f1a782fcae010a7115cf\",\"name\":\"Blanca\",\"image\":{\"@type\":\"ImageObject\",\"inLanguage\":\"es\",\"@id\":\"https:\\\/\\\/secure.gravatar.com\\\/avatar\\\/3f79bc8336367a4e6093eae8757acaaf61d1124834b905616de7829b0273426d?s=96&d=mm&r=g\",\"url\":\"https:\\\/\\\/secure.gravatar.com\\\/avatar\\\/3f79bc8336367a4e6093eae8757acaaf61d1124834b905616de7829b0273426d?s=96&d=mm&r=g\",\"contentUrl\":\"https:\\\/\\\/secure.gravatar.com\\\/avatar\\\/3f79bc8336367a4e6093eae8757acaaf61d1124834b905616de7829b0273426d?s=96&d=mm&r=g\",\"caption\":\"Blanca\"},\"url\":\"https:\\\/\\\/redamlo.com\\\/index.php\\\/author\\\/blanca\\\/\"}]}<\/script>\n<!-- \/ Yoast SEO plugin. -->","yoast_head_json":{"title":"AMLO y las pugnas internas en la 4T - NOTICIAS DE LA 4T","robots":{"index":"noindex","follow":"follow","max-snippet":"max-snippet:-1","max-image-preview":"max-image-preview:large","max-video-preview":"max-video-preview:-1"},"og_locale":"es_MX","og_type":"article","og_title":"AMLO y las pugnas internas en la 4T - NOTICIAS DE LA 4T","og_description":"Realidades.- Primera parte. Ocupado en acabar con la corrupci\u00f3n gubernamental; disminuir la desigualdad, la pobreza...","og_url":"https:\/\/redamlo.com\/index.php\/2022\/01\/20\/amlo-y-las-pugnas-internas-en-la-4t\/","og_site_name":"NOTICIAS DE LA 4T","article_published_time":"2022-01-20T17:23:13+00:00","og_image":[{"width":630,"height":315,"url":"https:\/\/redamlo.com\/wp-content\/uploads\/2022\/01\/454-4.png","type":"image\/png"}],"author":"Blanca","twitter_card":"summary_large_image","twitter_misc":{"Escrito por":"Blanca","Tiempo de lectura":"7 minutos"},"schema":{"@context":"https:\/\/schema.org","@graph":[{"@type":"Article","@id":"https:\/\/redamlo.com\/index.php\/2022\/01\/20\/amlo-y-las-pugnas-internas-en-la-4t\/#article","isPartOf":{"@id":"https:\/\/redamlo.com\/index.php\/2022\/01\/20\/amlo-y-las-pugnas-internas-en-la-4t\/"},"author":{"name":"Blanca","@id":"https:\/\/redamlo.com\/#\/schema\/person\/7223a4375eb8f1a782fcae010a7115cf"},"headline":"AMLO y las pugnas internas en la 4T","datePublished":"2022-01-20T17:23:13+00:00","mainEntityOfPage":{"@id":"https:\/\/redamlo.com\/index.php\/2022\/01\/20\/amlo-y-las-pugnas-internas-en-la-4t\/"},"wordCount":1439,"commentCount":0,"publisher":{"@id":"https:\/\/redamlo.com\/#organization"},"image":{"@id":"https:\/\/redamlo.com\/index.php\/2022\/01\/20\/amlo-y-las-pugnas-internas-en-la-4t\/#primaryimage"},"thumbnailUrl":"https:\/\/redamlo.com\/wp-content\/uploads\/2022\/01\/454-4.png","keywords":["4T","AMLO","Arturo Herrera","Ataques de Ultraderecha","Carlos manuel Urz\u00faa","Cercanos tratan de enga\u00f1arlo","Desinformaci\u00f3n","Mienten","Morena","Opositores pol\u00edticos","\u00f3rganos descentralizados","Pol\u00edticas corruptas del Pasado","Pugnas Internas","Secretar\u00edas de Estado"],"articleSection":["4T","Nacionales"],"inLanguage":"es","potentialAction":[{"@type":"CommentAction","name":"Comment","target":["https:\/\/redamlo.com\/index.php\/2022\/01\/20\/amlo-y-las-pugnas-internas-en-la-4t\/#respond"]}]},{"@type":"WebPage","@id":"https:\/\/redamlo.com\/index.php\/2022\/01\/20\/amlo-y-las-pugnas-internas-en-la-4t\/","url":"https:\/\/redamlo.com\/index.php\/2022\/01\/20\/amlo-y-las-pugnas-internas-en-la-4t\/","name":"AMLO y las pugnas internas en la 4T - NOTICIAS DE LA 4T","isPartOf":{"@id":"https:\/\/redamlo.com\/#website"},"primaryImageOfPage":{"@id":"https:\/\/redamlo.com\/index.php\/2022\/01\/20\/amlo-y-las-pugnas-internas-en-la-4t\/#primaryimage"},"image":{"@id":"https:\/\/redamlo.com\/index.php\/2022\/01\/20\/amlo-y-las-pugnas-internas-en-la-4t\/#primaryimage"},"thumbnailUrl":"https:\/\/redamlo.com\/wp-content\/uploads\/2022\/01\/454-4.png","datePublished":"2022-01-20T17:23:13+00:00","breadcrumb":{"@id":"https:\/\/redamlo.com\/index.php\/2022\/01\/20\/amlo-y-las-pugnas-internas-en-la-4t\/#breadcrumb"},"inLanguage":"es","potentialAction":[{"@type":"ReadAction","target":["https:\/\/redamlo.com\/index.php\/2022\/01\/20\/amlo-y-las-pugnas-internas-en-la-4t\/"]}]},{"@type":"ImageObject","inLanguage":"es","@id":"https:\/\/redamlo.com\/index.php\/2022\/01\/20\/amlo-y-las-pugnas-internas-en-la-4t\/#primaryimage","url":"https:\/\/redamlo.com\/wp-content\/uploads\/2022\/01\/454-4.png","contentUrl":"https:\/\/redamlo.com\/wp-content\/uploads\/2022\/01\/454-4.png","width":630,"height":315},{"@type":"BreadcrumbList","@id":"https:\/\/redamlo.com\/index.php\/2022\/01\/20\/amlo-y-las-pugnas-internas-en-la-4t\/#breadcrumb","itemListElement":[{"@type":"ListItem","position":1,"name":"Inicio","item":"https:\/\/redamlo.com\/"},{"@type":"ListItem","position":2,"name":"AMLO y las pugnas internas en la 4T"}]},{"@type":"WebSite","@id":"https:\/\/redamlo.com\/#website","url":"https:\/\/redamlo.com\/","name":"NOTICIAS DE LA 4T","description":"","publisher":{"@id":"https:\/\/redamlo.com\/#organization"},"potentialAction":[{"@type":"SearchAction","target":{"@type":"EntryPoint","urlTemplate":"https:\/\/redamlo.com\/?s={search_term_string}"},"query-input":{"@type":"PropertyValueSpecification","valueRequired":true,"valueName":"search_term_string"}}],"inLanguage":"es"},{"@type":"Organization","@id":"https:\/\/redamlo.com\/#organization","name":"NOTICIAS DE LA 4T","url":"https:\/\/redamlo.com\/","logo":{"@type":"ImageObject","inLanguage":"es","@id":"https:\/\/redamlo.com\/#\/schema\/logo\/image\/","url":"https:\/\/redamlo.com\/wp-content\/uploads\/2024\/08\/cropped-RED-AMLO-logo-50.png","contentUrl":"https:\/\/redamlo.com\/wp-content\/uploads\/2024\/08\/cropped-RED-AMLO-logo-50.png","width":256,"height":256,"caption":"NOTICIAS DE LA 4T"},"image":{"@id":"https:\/\/redamlo.com\/#\/schema\/logo\/image\/"}},{"@type":"Person","@id":"https:\/\/redamlo.com\/#\/schema\/person\/7223a4375eb8f1a782fcae010a7115cf","name":"Blanca","image":{"@type":"ImageObject","inLanguage":"es","@id":"https:\/\/secure.gravatar.com\/avatar\/3f79bc8336367a4e6093eae8757acaaf61d1124834b905616de7829b0273426d?s=96&d=mm&r=g","url":"https:\/\/secure.gravatar.com\/avatar\/3f79bc8336367a4e6093eae8757acaaf61d1124834b905616de7829b0273426d?s=96&d=mm&r=g","contentUrl":"https:\/\/secure.gravatar.com\/avatar\/3f79bc8336367a4e6093eae8757acaaf61d1124834b905616de7829b0273426d?s=96&d=mm&r=g","caption":"Blanca"},"url":"https:\/\/redamlo.com\/index.php\/author\/blanca\/"}]}},"_links":{"self":[{"href":"https:\/\/redamlo.com\/index.php\/wp-json\/wp\/v2\/posts\/5957","targetHints":{"allow":["GET"]}}],"collection":[{"href":"https:\/\/redamlo.com\/index.php\/wp-json\/wp\/v2\/posts"}],"about":[{"href":"https:\/\/redamlo.com\/index.php\/wp-json\/wp\/v2\/types\/post"}],"author":[{"embeddable":true,"href":"https:\/\/redamlo.com\/index.php\/wp-json\/wp\/v2\/users\/2"}],"replies":[{"embeddable":true,"href":"https:\/\/redamlo.com\/index.php\/wp-json\/wp\/v2\/comments?post=5957"}],"version-history":[{"count":0,"href":"https:\/\/redamlo.com\/index.php\/wp-json\/wp\/v2\/posts\/5957\/revisions"}],"wp:featuredmedia":[{"embeddable":true,"href":"https:\/\/redamlo.com\/index.php\/wp-json\/wp\/v2\/media\/5958"}],"wp:attachment":[{"href":"https:\/\/redamlo.com\/index.php\/wp-json\/wp\/v2\/media?parent=5957"}],"wp:term":[{"taxonomy":"category","embeddable":true,"href":"https:\/\/redamlo.com\/index.php\/wp-json\/wp\/v2\/categories?post=5957"},{"taxonomy":"post_tag","embeddable":true,"href":"https:\/\/redamlo.com\/index.php\/wp-json\/wp\/v2\/tags?post=5957"}],"curies":[{"name":"wp","href":"https:\/\/api.w.org\/{rel}","templated":true}]}}