{"id":5940,"date":"2022-01-19T12:55:34","date_gmt":"2022-01-19T18:55:34","guid":{"rendered":"https:\/\/redamlo.com\/?p=5940"},"modified":"2022-01-19T12:55:34","modified_gmt":"2022-01-19T18:55:34","slug":"coalicion-juntos-haremos-historia-buscan-armonizar-candidaturas-en-quintana-roo","status":"publish","type":"post","link":"https:\/\/redamlo.com\/index.php\/2022\/01\/19\/coalicion-juntos-haremos-historia-buscan-armonizar-candidaturas-en-quintana-roo\/","title":{"rendered":"Coalici\u00f3n \u201cJuntos haremos historia\u201d buscan \u201carmonizar\u201d candidaturas en Quintana Roo"},"content":{"rendered":"\n\n<strong>Realidades.-<\/strong> <strong>Una vez que se autoriz\u00f3 la coalici\u00f3n \u201cJuntos Hacemos Historia en Quintana Roo\u201d con un candidato de unidad para la Gubernatura y parcialidad en la distribuci\u00f3n de los distritos, con miras a los pr\u00f3ximos comicios de junio, las negociaciones entre los partidos ser\u00e1n para \u201carmonizar\u201d desde abajo las candidaturas, expres\u00f3 el l\u00edder estatal del Movimiento de Regeneraci\u00f3n Nacional (Morena), Humberto Aldana Navarro.<\/strong>\n\n \n\nApenas anoche, integrantes del Consejo General del Instituto Electoral de Quintana Roo (IEQROO), declararon procedente la solicitud de registro del convenio de coalici\u00f3n \u201cJuntos Hacemos Historia en Quintana Roo, presentado por los partidos del Trabajo (PT), Verde Ecologista de M\u00e9xico (PVEM), de Regeneraci\u00f3n Nacional (MORENA) y Fuerza por M\u00e9xico Quintana Roo, para contender en la elecci\u00f3n a la Gubernatura del Estado de Quintana Roo, en el Proceso Electoral Local 2021-2022.\n\n \n<figure class=\"wp-block-image\"><img decoding=\"async\" src=\"https:\/\/www.palcoquintanarroense.com.mx\/wp-content\/uploads\/2022\/01\/Coalicion-Juntos-haremos-historia-buscan-armonizar-candidaturas-en-Quintana-Roo-750x422.jpg\" alt=\"Coalici\u00f3n \u201cJuntos haremos historia\u201d buscan \u201carmonizar\u201d candidaturas en Quintana Roo\" \/><\/figure>\n \n\nLa coalici\u00f3n contempla un candidato de unidad para la Gubernatura y parcialidad en la distribuci\u00f3n de los distritos, con miras a los pr\u00f3ximos comicios de junio.\n\n \n\nAl respecto, el l\u00edder estatal de Morena, Humberto Aldana Navarro, se refiri\u00f3 a los trabajos que realizan para armonizar el entramado electoral \u201cpara contender\u201d.\n\n \n<blockquote class=\"wp-block-quote is-layout-flow wp-block-quote-is-layout-flow\">\u201cEstamos haciendo el armado desde abajo de las estructuras partidarias, convocamos a toda la militancia y a aquellos que transitaron con alg\u00fan actor pol\u00edtica dentro del partido intentando obtener la coordinaci\u00f3n de los comit\u00e9s para la defensa de la 4T y las encuestas no les favorecieron\u201d, precis\u00f3.\n\n\u201cDebemos sumar todo lo que tenemos para llegar con contundencia al Gobierno de Quintana Roo y llegar con carro completo al Congreso del Estado\u201d, a\u00f1adi\u00f3.<\/blockquote>\n \n\nAsimismo, al referirse a la decisi\u00f3n del MAS de abandonar la coalici\u00f3n \u201cJuntos Hacemos Historia en Quintana Roo\u201d, explic\u00f3 que una vez que no se pudo llevar a cabo una conciliaci\u00f3n en cuanto a la manera como se ten\u00eda que transitar y, toda vez que se tuvo que atender la observaci\u00f3n del Ieqroo en el sentido de que hab\u00eda un distrito de m\u00e1s, finalmente desisti\u00f3 de participar en la coalici\u00f3n.\n\n \n<figure class=\"wp-block-image\"><img decoding=\"async\" src=\"https:\/\/digitalnewsqr.com\/wp-content\/uploads\/2021\/12\/morena-candidatos.jpg\" alt=\"Morena Ha Elegido: Mara Lezama Ser\u00e1 Su Candidata A La Gubernatura De  Quintana Roo\" \/><\/figure>\n \n\nSin embargo, Aldana Navarro reconoci\u00f3 el esfuerzo de ese partido, dese\u00e1ndole \u00e9xito en su avance para consolidarse como una opci\u00f3n pol\u00edtica en el territorio estatal.\n\n \n\n<strong>De acuerdo con lo que establece el convenio, en el Distrito 1 con cabecera distrital en Kantunilk\u00edn la candidatura ser\u00e1 para Fuerza por M\u00e9xico Quintana Roo; el Distrito 3 con cabecera distrital en Canc\u00fan ser\u00e1 para el PT; Distrito 4 con cabecera distrital en Canc\u00fan ser\u00e1 para el PVEM; los Distritos 5, 6 y 7 con cabecera distrital en Canc\u00fan ser\u00e1n para MORENA; Distrito 8 con cabecera distrital en Canc\u00fan ser\u00e1 para el PT; Distrito 9 con cabecera distrital en Tulum ser\u00e1 para MORENA; Distritos 10 y 11 con cabecera distrital en Playa del Carmen y Cozumel, respectivamente, ser\u00e1n para el PVEM; Distrito 12 con cabecera distrital en Felipe Carrillo Puerto ser\u00e1 para MORENA; Distrito 13 con cabecera distrital en Bacalar ser\u00e1 para el PT y los Distritos 14 y 15 con cabecera distrital en Chetumal ser\u00e1n para MORENA.<\/strong>\n\n \n\nFuente:<a href=\"https:\/\/www.palcoquintanarroense.com.mx\/noticias-de-quintana-roo\/coalicion-juntos-haremos-historia-buscan-armonizar-candidaturas-en-quintana-roo\/\"> palcoquintanarroense.com.mx<\/a>\n\n","protected":false},"excerpt":{"rendered":"<p>Realidades.- Una vez que se autoriz\u00f3 la coalici\u00f3n \u201cJuntos Hacemos Historia en Quintana Roo\u201d con&#8230;<\/p>\n","protected":false},"author":2,"featured_media":5942,"comment_status":"open","ping_status":"closed","sticky":false,"template":"","format":"standard","meta":{"footnotes":""},"categories":[25],"tags":[1789,2024,2025,2026,2027,804,833,795,2028,2029,1492,389,390,21],"class_list":["post-5940","post","type-post","status-publish","format-standard","has-post-thumbnail","hentry","category-4t","tag-1789","tag-armonizar","tag-candidaturas","tag-coalicion","tag-electoral","tag-humberto-aldana","tag-ieqroo","tag-juntos-haremos-historia","tag-lider-estatal","tag-morenta","tag-proceso","tag-pt","tag-pvem","tag-quintana-roo"],"yoast_head":"<!-- This site is optimized with the Yoast SEO plugin v27.5 - https:\/\/yoast.com\/product\/yoast-seo-wordpress\/ -->\n<title>Coalici\u00f3n \u201cJuntos haremos historia\u201d buscan \u201carmonizar\u201d candidaturas en Quintana Roo - NOTICIAS DE LA 4T<\/title>\n<meta name=\"robots\" content=\"noindex, follow, max-snippet:-1, max-image-preview:large, max-video-preview:-1\" \/>\n<meta property=\"og:locale\" content=\"es_MX\" \/>\n<meta property=\"og:type\" content=\"article\" \/>\n<meta property=\"og:title\" content=\"Coalici\u00f3n \u201cJuntos haremos historia\u201d buscan \u201carmonizar\u201d candidaturas en Quintana Roo - NOTICIAS DE LA 4T\" \/>\n<meta property=\"og:description\" content=\"Realidades.- Una vez que se autoriz\u00f3 la coalici\u00f3n \u201cJuntos Hacemos Historia en Quintana Roo\u201d con...\" \/>\n<meta property=\"og:url\" content=\"https:\/\/redamlo.com\/index.php\/2022\/01\/19\/coalicion-juntos-haremos-historia-buscan-armonizar-candidaturas-en-quintana-roo\/\" \/>\n<meta property=\"og:site_name\" content=\"NOTICIAS DE LA 4T\" \/>\n<meta property=\"article:published_time\" content=\"2022-01-19T18:55:34+00:00\" \/>\n<meta property=\"og:image\" content=\"https:\/\/redamlo.com\/wp-content\/uploads\/2022\/01\/454-3.png\" \/>\n\t<meta property=\"og:image:width\" content=\"750\" \/>\n\t<meta property=\"og:image:height\" content=\"500\" \/>\n\t<meta property=\"og:image:type\" content=\"image\/png\" \/>\n<meta name=\"author\" content=\"Blanca\" \/>\n<meta name=\"twitter:card\" content=\"summary_large_image\" \/>\n<meta name=\"twitter:label1\" content=\"Escrito por\" \/>\n\t<meta name=\"twitter:data1\" content=\"Blanca\" \/>\n\t<meta name=\"twitter:label2\" content=\"Tiempo de lectura\" \/>\n\t<meta name=\"twitter:data2\" content=\"3 minutos\" \/>\n<script type=\"application\/ld+json\" class=\"yoast-schema-graph\">{\"@context\":\"https:\\\/\\\/schema.org\",\"@graph\":[{\"@type\":\"Article\",\"@id\":\"https:\\\/\\\/redamlo.com\\\/index.php\\\/2022\\\/01\\\/19\\\/coalicion-juntos-haremos-historia-buscan-armonizar-candidaturas-en-quintana-roo\\\/#article\",\"isPartOf\":{\"@id\":\"https:\\\/\\\/redamlo.com\\\/index.php\\\/2022\\\/01\\\/19\\\/coalicion-juntos-haremos-historia-buscan-armonizar-candidaturas-en-quintana-roo\\\/\"},\"author\":{\"name\":\"Blanca\",\"@id\":\"https:\\\/\\\/redamlo.com\\\/#\\\/schema\\\/person\\\/7223a4375eb8f1a782fcae010a7115cf\"},\"headline\":\"Coalici\u00f3n \u201cJuntos haremos historia\u201d buscan \u201carmonizar\u201d candidaturas en Quintana Roo\",\"datePublished\":\"2022-01-19T18:55:34+00:00\",\"mainEntityOfPage\":{\"@id\":\"https:\\\/\\\/redamlo.com\\\/index.php\\\/2022\\\/01\\\/19\\\/coalicion-juntos-haremos-historia-buscan-armonizar-candidaturas-en-quintana-roo\\\/\"},\"wordCount\":531,\"commentCount\":0,\"publisher\":{\"@id\":\"https:\\\/\\\/redamlo.com\\\/#organization\"},\"image\":{\"@id\":\"https:\\\/\\\/redamlo.com\\\/index.php\\\/2022\\\/01\\\/19\\\/coalicion-juntos-haremos-historia-buscan-armonizar-candidaturas-en-quintana-roo\\\/#primaryimage\"},\"thumbnailUrl\":\"https:\\\/\\\/redamlo.com\\\/wp-content\\\/uploads\\\/2022\\\/01\\\/454-3.png\",\"keywords\":[\"2022\",\"Armonizar\",\"candidaturas\",\"Coalici\u00f3n\",\"Electoral\",\"Humberto Aldana\",\"IEQROO\",\"Juntos Haremos Historia\",\"Lider Estatal\",\"Morenta\",\"Proceso\",\"PT\",\"PVEM\",\"Quintana Roo\"],\"articleSection\":[\"4T\"],\"inLanguage\":\"es\",\"potentialAction\":[{\"@type\":\"CommentAction\",\"name\":\"Comment\",\"target\":[\"https:\\\/\\\/redamlo.com\\\/index.php\\\/2022\\\/01\\\/19\\\/coalicion-juntos-haremos-historia-buscan-armonizar-candidaturas-en-quintana-roo\\\/#respond\"]}]},{\"@type\":\"WebPage\",\"@id\":\"https:\\\/\\\/redamlo.com\\\/index.php\\\/2022\\\/01\\\/19\\\/coalicion-juntos-haremos-historia-buscan-armonizar-candidaturas-en-quintana-roo\\\/\",\"url\":\"https:\\\/\\\/redamlo.com\\\/index.php\\\/2022\\\/01\\\/19\\\/coalicion-juntos-haremos-historia-buscan-armonizar-candidaturas-en-quintana-roo\\\/\",\"name\":\"Coalici\u00f3n \u201cJuntos haremos historia\u201d buscan \u201carmonizar\u201d candidaturas en Quintana Roo - NOTICIAS DE LA 4T\",\"isPartOf\":{\"@id\":\"https:\\\/\\\/redamlo.com\\\/#website\"},\"primaryImageOfPage\":{\"@id\":\"https:\\\/\\\/redamlo.com\\\/index.php\\\/2022\\\/01\\\/19\\\/coalicion-juntos-haremos-historia-buscan-armonizar-candidaturas-en-quintana-roo\\\/#primaryimage\"},\"image\":{\"@id\":\"https:\\\/\\\/redamlo.com\\\/index.php\\\/2022\\\/01\\\/19\\\/coalicion-juntos-haremos-historia-buscan-armonizar-candidaturas-en-quintana-roo\\\/#primaryimage\"},\"thumbnailUrl\":\"https:\\\/\\\/redamlo.com\\\/wp-content\\\/uploads\\\/2022\\\/01\\\/454-3.png\",\"datePublished\":\"2022-01-19T18:55:34+00:00\",\"breadcrumb\":{\"@id\":\"https:\\\/\\\/redamlo.com\\\/index.php\\\/2022\\\/01\\\/19\\\/coalicion-juntos-haremos-historia-buscan-armonizar-candidaturas-en-quintana-roo\\\/#breadcrumb\"},\"inLanguage\":\"es\",\"potentialAction\":[{\"@type\":\"ReadAction\",\"target\":[\"https:\\\/\\\/redamlo.com\\\/index.php\\\/2022\\\/01\\\/19\\\/coalicion-juntos-haremos-historia-buscan-armonizar-candidaturas-en-quintana-roo\\\/\"]}]},{\"@type\":\"ImageObject\",\"inLanguage\":\"es\",\"@id\":\"https:\\\/\\\/redamlo.com\\\/index.php\\\/2022\\\/01\\\/19\\\/coalicion-juntos-haremos-historia-buscan-armonizar-candidaturas-en-quintana-roo\\\/#primaryimage\",\"url\":\"https:\\\/\\\/redamlo.com\\\/wp-content\\\/uploads\\\/2022\\\/01\\\/454-3.png\",\"contentUrl\":\"https:\\\/\\\/redamlo.com\\\/wp-content\\\/uploads\\\/2022\\\/01\\\/454-3.png\",\"width\":750,\"height\":500},{\"@type\":\"BreadcrumbList\",\"@id\":\"https:\\\/\\\/redamlo.com\\\/index.php\\\/2022\\\/01\\\/19\\\/coalicion-juntos-haremos-historia-buscan-armonizar-candidaturas-en-quintana-roo\\\/#breadcrumb\",\"itemListElement\":[{\"@type\":\"ListItem\",\"position\":1,\"name\":\"Inicio\",\"item\":\"https:\\\/\\\/redamlo.com\\\/\"},{\"@type\":\"ListItem\",\"position\":2,\"name\":\"Coalici\u00f3n \u201cJuntos haremos historia\u201d buscan \u201carmonizar\u201d candidaturas en Quintana Roo\"}]},{\"@type\":\"WebSite\",\"@id\":\"https:\\\/\\\/redamlo.com\\\/#website\",\"url\":\"https:\\\/\\\/redamlo.com\\\/\",\"name\":\"NOTICIAS DE LA 4T\",\"description\":\"\",\"publisher\":{\"@id\":\"https:\\\/\\\/redamlo.com\\\/#organization\"},\"potentialAction\":[{\"@type\":\"SearchAction\",\"target\":{\"@type\":\"EntryPoint\",\"urlTemplate\":\"https:\\\/\\\/redamlo.com\\\/?s={search_term_string}\"},\"query-input\":{\"@type\":\"PropertyValueSpecification\",\"valueRequired\":true,\"valueName\":\"search_term_string\"}}],\"inLanguage\":\"es\"},{\"@type\":\"Organization\",\"@id\":\"https:\\\/\\\/redamlo.com\\\/#organization\",\"name\":\"NOTICIAS DE LA 4T\",\"url\":\"https:\\\/\\\/redamlo.com\\\/\",\"logo\":{\"@type\":\"ImageObject\",\"inLanguage\":\"es\",\"@id\":\"https:\\\/\\\/redamlo.com\\\/#\\\/schema\\\/logo\\\/image\\\/\",\"url\":\"https:\\\/\\\/redamlo.com\\\/wp-content\\\/uploads\\\/2024\\\/08\\\/cropped-RED-AMLO-logo-50.png\",\"contentUrl\":\"https:\\\/\\\/redamlo.com\\\/wp-content\\\/uploads\\\/2024\\\/08\\\/cropped-RED-AMLO-logo-50.png\",\"width\":256,\"height\":256,\"caption\":\"NOTICIAS DE LA 4T\"},\"image\":{\"@id\":\"https:\\\/\\\/redamlo.com\\\/#\\\/schema\\\/logo\\\/image\\\/\"}},{\"@type\":\"Person\",\"@id\":\"https:\\\/\\\/redamlo.com\\\/#\\\/schema\\\/person\\\/7223a4375eb8f1a782fcae010a7115cf\",\"name\":\"Blanca\",\"image\":{\"@type\":\"ImageObject\",\"inLanguage\":\"es\",\"@id\":\"https:\\\/\\\/secure.gravatar.com\\\/avatar\\\/3f79bc8336367a4e6093eae8757acaaf61d1124834b905616de7829b0273426d?s=96&d=mm&r=g\",\"url\":\"https:\\\/\\\/secure.gravatar.com\\\/avatar\\\/3f79bc8336367a4e6093eae8757acaaf61d1124834b905616de7829b0273426d?s=96&d=mm&r=g\",\"contentUrl\":\"https:\\\/\\\/secure.gravatar.com\\\/avatar\\\/3f79bc8336367a4e6093eae8757acaaf61d1124834b905616de7829b0273426d?s=96&d=mm&r=g\",\"caption\":\"Blanca\"},\"url\":\"https:\\\/\\\/redamlo.com\\\/index.php\\\/author\\\/blanca\\\/\"}]}<\/script>\n<!-- \/ Yoast SEO plugin. -->","yoast_head_json":{"title":"Coalici\u00f3n \u201cJuntos haremos historia\u201d buscan \u201carmonizar\u201d candidaturas en Quintana Roo - NOTICIAS DE LA 4T","robots":{"index":"noindex","follow":"follow","max-snippet":"max-snippet:-1","max-image-preview":"max-image-preview:large","max-video-preview":"max-video-preview:-1"},"og_locale":"es_MX","og_type":"article","og_title":"Coalici\u00f3n \u201cJuntos haremos historia\u201d buscan \u201carmonizar\u201d candidaturas en Quintana Roo - NOTICIAS DE LA 4T","og_description":"Realidades.- Una vez que se autoriz\u00f3 la coalici\u00f3n \u201cJuntos Hacemos Historia en Quintana Roo\u201d con...","og_url":"https:\/\/redamlo.com\/index.php\/2022\/01\/19\/coalicion-juntos-haremos-historia-buscan-armonizar-candidaturas-en-quintana-roo\/","og_site_name":"NOTICIAS DE LA 4T","article_published_time":"2022-01-19T18:55:34+00:00","og_image":[{"width":750,"height":500,"url":"https:\/\/redamlo.com\/wp-content\/uploads\/2022\/01\/454-3.png","type":"image\/png"}],"author":"Blanca","twitter_card":"summary_large_image","twitter_misc":{"Escrito por":"Blanca","Tiempo de lectura":"3 minutos"},"schema":{"@context":"https:\/\/schema.org","@graph":[{"@type":"Article","@id":"https:\/\/redamlo.com\/index.php\/2022\/01\/19\/coalicion-juntos-haremos-historia-buscan-armonizar-candidaturas-en-quintana-roo\/#article","isPartOf":{"@id":"https:\/\/redamlo.com\/index.php\/2022\/01\/19\/coalicion-juntos-haremos-historia-buscan-armonizar-candidaturas-en-quintana-roo\/"},"author":{"name":"Blanca","@id":"https:\/\/redamlo.com\/#\/schema\/person\/7223a4375eb8f1a782fcae010a7115cf"},"headline":"Coalici\u00f3n \u201cJuntos haremos historia\u201d buscan \u201carmonizar\u201d candidaturas en Quintana Roo","datePublished":"2022-01-19T18:55:34+00:00","mainEntityOfPage":{"@id":"https:\/\/redamlo.com\/index.php\/2022\/01\/19\/coalicion-juntos-haremos-historia-buscan-armonizar-candidaturas-en-quintana-roo\/"},"wordCount":531,"commentCount":0,"publisher":{"@id":"https:\/\/redamlo.com\/#organization"},"image":{"@id":"https:\/\/redamlo.com\/index.php\/2022\/01\/19\/coalicion-juntos-haremos-historia-buscan-armonizar-candidaturas-en-quintana-roo\/#primaryimage"},"thumbnailUrl":"https:\/\/redamlo.com\/wp-content\/uploads\/2022\/01\/454-3.png","keywords":["2022","Armonizar","candidaturas","Coalici\u00f3n","Electoral","Humberto Aldana","IEQROO","Juntos Haremos Historia","Lider Estatal","Morenta","Proceso","PT","PVEM","Quintana Roo"],"articleSection":["4T"],"inLanguage":"es","potentialAction":[{"@type":"CommentAction","name":"Comment","target":["https:\/\/redamlo.com\/index.php\/2022\/01\/19\/coalicion-juntos-haremos-historia-buscan-armonizar-candidaturas-en-quintana-roo\/#respond"]}]},{"@type":"WebPage","@id":"https:\/\/redamlo.com\/index.php\/2022\/01\/19\/coalicion-juntos-haremos-historia-buscan-armonizar-candidaturas-en-quintana-roo\/","url":"https:\/\/redamlo.com\/index.php\/2022\/01\/19\/coalicion-juntos-haremos-historia-buscan-armonizar-candidaturas-en-quintana-roo\/","name":"Coalici\u00f3n \u201cJuntos haremos historia\u201d buscan \u201carmonizar\u201d candidaturas en Quintana Roo - NOTICIAS DE LA 4T","isPartOf":{"@id":"https:\/\/redamlo.com\/#website"},"primaryImageOfPage":{"@id":"https:\/\/redamlo.com\/index.php\/2022\/01\/19\/coalicion-juntos-haremos-historia-buscan-armonizar-candidaturas-en-quintana-roo\/#primaryimage"},"image":{"@id":"https:\/\/redamlo.com\/index.php\/2022\/01\/19\/coalicion-juntos-haremos-historia-buscan-armonizar-candidaturas-en-quintana-roo\/#primaryimage"},"thumbnailUrl":"https:\/\/redamlo.com\/wp-content\/uploads\/2022\/01\/454-3.png","datePublished":"2022-01-19T18:55:34+00:00","breadcrumb":{"@id":"https:\/\/redamlo.com\/index.php\/2022\/01\/19\/coalicion-juntos-haremos-historia-buscan-armonizar-candidaturas-en-quintana-roo\/#breadcrumb"},"inLanguage":"es","potentialAction":[{"@type":"ReadAction","target":["https:\/\/redamlo.com\/index.php\/2022\/01\/19\/coalicion-juntos-haremos-historia-buscan-armonizar-candidaturas-en-quintana-roo\/"]}]},{"@type":"ImageObject","inLanguage":"es","@id":"https:\/\/redamlo.com\/index.php\/2022\/01\/19\/coalicion-juntos-haremos-historia-buscan-armonizar-candidaturas-en-quintana-roo\/#primaryimage","url":"https:\/\/redamlo.com\/wp-content\/uploads\/2022\/01\/454-3.png","contentUrl":"https:\/\/redamlo.com\/wp-content\/uploads\/2022\/01\/454-3.png","width":750,"height":500},{"@type":"BreadcrumbList","@id":"https:\/\/redamlo.com\/index.php\/2022\/01\/19\/coalicion-juntos-haremos-historia-buscan-armonizar-candidaturas-en-quintana-roo\/#breadcrumb","itemListElement":[{"@type":"ListItem","position":1,"name":"Inicio","item":"https:\/\/redamlo.com\/"},{"@type":"ListItem","position":2,"name":"Coalici\u00f3n \u201cJuntos haremos historia\u201d buscan \u201carmonizar\u201d candidaturas en Quintana Roo"}]},{"@type":"WebSite","@id":"https:\/\/redamlo.com\/#website","url":"https:\/\/redamlo.com\/","name":"NOTICIAS DE LA 4T","description":"","publisher":{"@id":"https:\/\/redamlo.com\/#organization"},"potentialAction":[{"@type":"SearchAction","target":{"@type":"EntryPoint","urlTemplate":"https:\/\/redamlo.com\/?s={search_term_string}"},"query-input":{"@type":"PropertyValueSpecification","valueRequired":true,"valueName":"search_term_string"}}],"inLanguage":"es"},{"@type":"Organization","@id":"https:\/\/redamlo.com\/#organization","name":"NOTICIAS DE LA 4T","url":"https:\/\/redamlo.com\/","logo":{"@type":"ImageObject","inLanguage":"es","@id":"https:\/\/redamlo.com\/#\/schema\/logo\/image\/","url":"https:\/\/redamlo.com\/wp-content\/uploads\/2024\/08\/cropped-RED-AMLO-logo-50.png","contentUrl":"https:\/\/redamlo.com\/wp-content\/uploads\/2024\/08\/cropped-RED-AMLO-logo-50.png","width":256,"height":256,"caption":"NOTICIAS DE LA 4T"},"image":{"@id":"https:\/\/redamlo.com\/#\/schema\/logo\/image\/"}},{"@type":"Person","@id":"https:\/\/redamlo.com\/#\/schema\/person\/7223a4375eb8f1a782fcae010a7115cf","name":"Blanca","image":{"@type":"ImageObject","inLanguage":"es","@id":"https:\/\/secure.gravatar.com\/avatar\/3f79bc8336367a4e6093eae8757acaaf61d1124834b905616de7829b0273426d?s=96&d=mm&r=g","url":"https:\/\/secure.gravatar.com\/avatar\/3f79bc8336367a4e6093eae8757acaaf61d1124834b905616de7829b0273426d?s=96&d=mm&r=g","contentUrl":"https:\/\/secure.gravatar.com\/avatar\/3f79bc8336367a4e6093eae8757acaaf61d1124834b905616de7829b0273426d?s=96&d=mm&r=g","caption":"Blanca"},"url":"https:\/\/redamlo.com\/index.php\/author\/blanca\/"}]}},"_links":{"self":[{"href":"https:\/\/redamlo.com\/index.php\/wp-json\/wp\/v2\/posts\/5940","targetHints":{"allow":["GET"]}}],"collection":[{"href":"https:\/\/redamlo.com\/index.php\/wp-json\/wp\/v2\/posts"}],"about":[{"href":"https:\/\/redamlo.com\/index.php\/wp-json\/wp\/v2\/types\/post"}],"author":[{"embeddable":true,"href":"https:\/\/redamlo.com\/index.php\/wp-json\/wp\/v2\/users\/2"}],"replies":[{"embeddable":true,"href":"https:\/\/redamlo.com\/index.php\/wp-json\/wp\/v2\/comments?post=5940"}],"version-history":[{"count":0,"href":"https:\/\/redamlo.com\/index.php\/wp-json\/wp\/v2\/posts\/5940\/revisions"}],"wp:featuredmedia":[{"embeddable":true,"href":"https:\/\/redamlo.com\/index.php\/wp-json\/wp\/v2\/media\/5942"}],"wp:attachment":[{"href":"https:\/\/redamlo.com\/index.php\/wp-json\/wp\/v2\/media?parent=5940"}],"wp:term":[{"taxonomy":"category","embeddable":true,"href":"https:\/\/redamlo.com\/index.php\/wp-json\/wp\/v2\/categories?post=5940"},{"taxonomy":"post_tag","embeddable":true,"href":"https:\/\/redamlo.com\/index.php\/wp-json\/wp\/v2\/tags?post=5940"}],"curies":[{"name":"wp","href":"https:\/\/api.w.org\/{rel}","templated":true}]}}