{"id":590,"date":"2019-10-13T17:04:20","date_gmt":"2019-10-13T17:04:20","guid":{"rendered":"http:\/\/redamlo.com\/?p=590"},"modified":"2019-10-13T17:04:20","modified_gmt":"2019-10-13T17:04:20","slug":"guerra-interna-en-morena-por-la-dirigencia-nacional","status":"publish","type":"post","link":"https:\/\/redamlo.com\/index.php\/2019\/10\/13\/guerra-interna-en-morena-por-la-dirigencia-nacional\/","title":{"rendered":"Guerra interna en Morena por la dirigencia nacional"},"content":{"rendered":"<p>4T PRESS.A punto de que comiencen las asambleas distritales que marcan el inicio del proceso de renovaci\u00f3n de la dirigencia nacional de Morena, el coordinador de la bancada de este partido en San L\u00e1zaro, <strong>Mario Delgado<\/strong>, reuni\u00f3 a m\u00e1s de 200 diputados federales, senadores, legisladores locales y alcaldes para solicitar a las instancias de direcci\u00f3n de ese instituto pol\u00edtico una elecci\u00f3n transparente, sin simulaci\u00f3n, corrupci\u00f3n o politiquer\u00edas.<\/p>\n<p><strong>Mario Delgado,<\/strong> quien aspira a la presidencia del <strong>Comit\u00e9 Ejecutivo Nacional (CEN) de Morena,<\/strong> sostuvo que aplazar el proceso, como propuso la presidenta en funciones,<strong> Yeidckol Polevnsky<\/strong>, corresponde a los \u00f3rganos del partido.<\/p>\n<p>Solicito en que se realicen tres encuestas para definir al pr\u00f3ximo presidente del CEN y as\u00ed seguir la recomendaci\u00f3n que hizo el presidente Andr\u00e9s Manuel L\u00f3pez Obrador. No escuchar al mandatario ser\u00eda una traici\u00f3n hist\u00f3rica para el movimiento, advirti\u00f3.<\/p>\n<p>Al emitir un mensaje en el sal\u00f3n de un hotel de la Ciudad de M\u00e9xico, el legislador lleg\u00f3 entre gritos de respaldo. Asistieron 111 de los diputados federales que encabeza en San L\u00e1zaro, cinco senadores, 48 diputados locales y 50 alcaldes de distintas entidades.<\/p>\n<p><strong>Mario Delgado<\/strong> se ubic\u00f3 en el sitio principal del sal\u00f3n junto a la diputada <strong>Tatiana Clouthier<\/strong> y el l\u00edder mexiquense <strong>Higinio Mart\u00ednez.<\/strong><\/p>\n<p>Hab\u00edan reservado asientos junto a Delgado para el coordinador de Morena en el Senado, <strong>Ricardo Monreal,<\/strong> y la diputada Dolores Padierna, pero no acudieron.<\/p>\n<p>Durante su mensaje, el diputado federal pidi\u00f3 un proceso transparente y democr\u00e1tico; que tengamos un padr\u00f3n sin simulaci\u00f3n; que no se excluya a nadie; que haya debates entre quienes quieran dirigir el movimiento. Debates p\u00fablicos, que presenten sus ideas, sus proyectos; que se atienda la recomendaci\u00f3n y el rumbo marcado por el Presidente y la dirigencia se elija por medio de encuestas.<\/p>\n<p>Llam\u00f3 a todos los morenistas a que se conduzcan con mucha responsabilidad y madurez pol\u00edtica, as\u00ed como a cuidar al partido.<\/p>\n<p>Consider\u00f3 parad\u00f3jico que el gobierno busque hacer p\u00fablico el censo del bienestar para evitar la manipulaci\u00f3n pol\u00edtica de los programas sociales, mientras que el padr\u00f3n de Morena sigue sin ser p\u00fablico porque algunos dicen tener miedo a la manipulaci\u00f3n pol\u00edtica.<\/p>\n<p>Por la ma\u00f1ana, Delgado abund\u00f3 en la posici\u00f3n de la actual dirigencia nacional de Morena acerca de postergar la elecci\u00f3n. Dijo que el aplazamiento genera desconfianza e incertidumbre entre la militancia y cuestion\u00f3 la confiabilidad del padr\u00f3n de militantes que se usa en el proceso.<\/p>\n<p>&nbsp;<\/p>\n","protected":false},"excerpt":{"rendered":"<p>4T PRESS.A punto de que comiencen las asambleas distritales que marcan el inicio del proceso&#8230;<\/p>\n","protected":false},"author":2,"featured_media":591,"comment_status":"open","ping_status":"closed","sticky":false,"template":"","format":"standard","meta":{"footnotes":""},"categories":[25],"tags":[307,308,24,259],"class_list":["post-590","post","type-post","status-publish","format-standard","has-post-thumbnail","hentry","category-4t","tag-comite-ejecutivo-nacional-cen-de-morena","tag-mario-delgado","tag-morena","tag-yeidckol-polevnsky"],"yoast_head":"<!-- This site is optimized with the Yoast SEO plugin v27.5 - https:\/\/yoast.com\/product\/yoast-seo-wordpress\/ -->\n<title>Guerra interna en Morena por la dirigencia nacional - NOTICIAS DE LA 4T<\/title>\n<meta name=\"robots\" content=\"noindex, follow, max-snippet:-1, max-image-preview:large, max-video-preview:-1\" \/>\n<meta property=\"og:locale\" content=\"es_MX\" \/>\n<meta property=\"og:type\" content=\"article\" \/>\n<meta property=\"og:title\" content=\"Guerra interna en Morena por la dirigencia nacional - NOTICIAS DE LA 4T\" \/>\n<meta property=\"og:description\" content=\"4T PRESS.A punto de que comiencen las asambleas distritales que marcan el inicio del proceso...\" \/>\n<meta property=\"og:url\" content=\"https:\/\/redamlo.com\/index.php\/2019\/10\/13\/guerra-interna-en-morena-por-la-dirigencia-nacional\/\" \/>\n<meta property=\"og:site_name\" content=\"NOTICIAS DE LA 4T\" \/>\n<meta property=\"article:published_time\" content=\"2019-10-13T17:04:20+00:00\" \/>\n<meta property=\"og:image\" content=\"https:\/\/redamlo.com\/wp-content\/uploads\/2019\/10\/morena-4t.jpg\" \/>\n\t<meta property=\"og:image:width\" content=\"800\" \/>\n\t<meta property=\"og:image:height\" content=\"400\" \/>\n\t<meta property=\"og:image:type\" content=\"image\/jpeg\" \/>\n<meta name=\"author\" content=\"Blanca\" \/>\n<meta name=\"twitter:card\" content=\"summary_large_image\" \/>\n<meta name=\"twitter:label1\" content=\"Escrito por\" \/>\n\t<meta name=\"twitter:data1\" content=\"Blanca\" \/>\n\t<meta name=\"twitter:label2\" content=\"Tiempo de lectura\" \/>\n\t<meta name=\"twitter:data2\" content=\"2 minutos\" \/>\n<script type=\"application\/ld+json\" class=\"yoast-schema-graph\">{\"@context\":\"https:\\\/\\\/schema.org\",\"@graph\":[{\"@type\":\"Article\",\"@id\":\"https:\\\/\\\/redamlo.com\\\/index.php\\\/2019\\\/10\\\/13\\\/guerra-interna-en-morena-por-la-dirigencia-nacional\\\/#article\",\"isPartOf\":{\"@id\":\"https:\\\/\\\/redamlo.com\\\/index.php\\\/2019\\\/10\\\/13\\\/guerra-interna-en-morena-por-la-dirigencia-nacional\\\/\"},\"author\":{\"name\":\"Blanca\",\"@id\":\"https:\\\/\\\/redamlo.com\\\/#\\\/schema\\\/person\\\/7223a4375eb8f1a782fcae010a7115cf\"},\"headline\":\"Guerra interna en Morena por la dirigencia nacional\",\"datePublished\":\"2019-10-13T17:04:20+00:00\",\"mainEntityOfPage\":{\"@id\":\"https:\\\/\\\/redamlo.com\\\/index.php\\\/2019\\\/10\\\/13\\\/guerra-interna-en-morena-por-la-dirigencia-nacional\\\/\"},\"wordCount\":444,\"commentCount\":0,\"publisher\":{\"@id\":\"https:\\\/\\\/redamlo.com\\\/#organization\"},\"image\":{\"@id\":\"https:\\\/\\\/redamlo.com\\\/index.php\\\/2019\\\/10\\\/13\\\/guerra-interna-en-morena-por-la-dirigencia-nacional\\\/#primaryimage\"},\"thumbnailUrl\":\"https:\\\/\\\/redamlo.com\\\/wp-content\\\/uploads\\\/2019\\\/10\\\/morena-4t.jpg\",\"keywords\":[\"Comit\u00e9 Ejecutivo Nacional (CEN) de Morena\",\"Mario Delgado\",\"Morena\",\"Yeidckol Polevnsky\"],\"articleSection\":[\"4T\"],\"inLanguage\":\"es\",\"potentialAction\":[{\"@type\":\"CommentAction\",\"name\":\"Comment\",\"target\":[\"https:\\\/\\\/redamlo.com\\\/index.php\\\/2019\\\/10\\\/13\\\/guerra-interna-en-morena-por-la-dirigencia-nacional\\\/#respond\"]}]},{\"@type\":\"WebPage\",\"@id\":\"https:\\\/\\\/redamlo.com\\\/index.php\\\/2019\\\/10\\\/13\\\/guerra-interna-en-morena-por-la-dirigencia-nacional\\\/\",\"url\":\"https:\\\/\\\/redamlo.com\\\/index.php\\\/2019\\\/10\\\/13\\\/guerra-interna-en-morena-por-la-dirigencia-nacional\\\/\",\"name\":\"Guerra interna en Morena por la dirigencia nacional - NOTICIAS DE LA 4T\",\"isPartOf\":{\"@id\":\"https:\\\/\\\/redamlo.com\\\/#website\"},\"primaryImageOfPage\":{\"@id\":\"https:\\\/\\\/redamlo.com\\\/index.php\\\/2019\\\/10\\\/13\\\/guerra-interna-en-morena-por-la-dirigencia-nacional\\\/#primaryimage\"},\"image\":{\"@id\":\"https:\\\/\\\/redamlo.com\\\/index.php\\\/2019\\\/10\\\/13\\\/guerra-interna-en-morena-por-la-dirigencia-nacional\\\/#primaryimage\"},\"thumbnailUrl\":\"https:\\\/\\\/redamlo.com\\\/wp-content\\\/uploads\\\/2019\\\/10\\\/morena-4t.jpg\",\"datePublished\":\"2019-10-13T17:04:20+00:00\",\"breadcrumb\":{\"@id\":\"https:\\\/\\\/redamlo.com\\\/index.php\\\/2019\\\/10\\\/13\\\/guerra-interna-en-morena-por-la-dirigencia-nacional\\\/#breadcrumb\"},\"inLanguage\":\"es\",\"potentialAction\":[{\"@type\":\"ReadAction\",\"target\":[\"https:\\\/\\\/redamlo.com\\\/index.php\\\/2019\\\/10\\\/13\\\/guerra-interna-en-morena-por-la-dirigencia-nacional\\\/\"]}]},{\"@type\":\"ImageObject\",\"inLanguage\":\"es\",\"@id\":\"https:\\\/\\\/redamlo.com\\\/index.php\\\/2019\\\/10\\\/13\\\/guerra-interna-en-morena-por-la-dirigencia-nacional\\\/#primaryimage\",\"url\":\"https:\\\/\\\/redamlo.com\\\/wp-content\\\/uploads\\\/2019\\\/10\\\/morena-4t.jpg\",\"contentUrl\":\"https:\\\/\\\/redamlo.com\\\/wp-content\\\/uploads\\\/2019\\\/10\\\/morena-4t.jpg\",\"width\":800,\"height\":400},{\"@type\":\"BreadcrumbList\",\"@id\":\"https:\\\/\\\/redamlo.com\\\/index.php\\\/2019\\\/10\\\/13\\\/guerra-interna-en-morena-por-la-dirigencia-nacional\\\/#breadcrumb\",\"itemListElement\":[{\"@type\":\"ListItem\",\"position\":1,\"name\":\"Inicio\",\"item\":\"https:\\\/\\\/redamlo.com\\\/\"},{\"@type\":\"ListItem\",\"position\":2,\"name\":\"Guerra interna en Morena por la dirigencia nacional\"}]},{\"@type\":\"WebSite\",\"@id\":\"https:\\\/\\\/redamlo.com\\\/#website\",\"url\":\"https:\\\/\\\/redamlo.com\\\/\",\"name\":\"NOTICIAS DE LA 4T\",\"description\":\"\",\"publisher\":{\"@id\":\"https:\\\/\\\/redamlo.com\\\/#organization\"},\"potentialAction\":[{\"@type\":\"SearchAction\",\"target\":{\"@type\":\"EntryPoint\",\"urlTemplate\":\"https:\\\/\\\/redamlo.com\\\/?s={search_term_string}\"},\"query-input\":{\"@type\":\"PropertyValueSpecification\",\"valueRequired\":true,\"valueName\":\"search_term_string\"}}],\"inLanguage\":\"es\"},{\"@type\":\"Organization\",\"@id\":\"https:\\\/\\\/redamlo.com\\\/#organization\",\"name\":\"NOTICIAS DE LA 4T\",\"url\":\"https:\\\/\\\/redamlo.com\\\/\",\"logo\":{\"@type\":\"ImageObject\",\"inLanguage\":\"es\",\"@id\":\"https:\\\/\\\/redamlo.com\\\/#\\\/schema\\\/logo\\\/image\\\/\",\"url\":\"https:\\\/\\\/redamlo.com\\\/wp-content\\\/uploads\\\/2024\\\/08\\\/cropped-RED-AMLO-logo-50.png\",\"contentUrl\":\"https:\\\/\\\/redamlo.com\\\/wp-content\\\/uploads\\\/2024\\\/08\\\/cropped-RED-AMLO-logo-50.png\",\"width\":256,\"height\":256,\"caption\":\"NOTICIAS DE LA 4T\"},\"image\":{\"@id\":\"https:\\\/\\\/redamlo.com\\\/#\\\/schema\\\/logo\\\/image\\\/\"}},{\"@type\":\"Person\",\"@id\":\"https:\\\/\\\/redamlo.com\\\/#\\\/schema\\\/person\\\/7223a4375eb8f1a782fcae010a7115cf\",\"name\":\"Blanca\",\"image\":{\"@type\":\"ImageObject\",\"inLanguage\":\"es\",\"@id\":\"https:\\\/\\\/secure.gravatar.com\\\/avatar\\\/3f79bc8336367a4e6093eae8757acaaf61d1124834b905616de7829b0273426d?s=96&d=mm&r=g\",\"url\":\"https:\\\/\\\/secure.gravatar.com\\\/avatar\\\/3f79bc8336367a4e6093eae8757acaaf61d1124834b905616de7829b0273426d?s=96&d=mm&r=g\",\"contentUrl\":\"https:\\\/\\\/secure.gravatar.com\\\/avatar\\\/3f79bc8336367a4e6093eae8757acaaf61d1124834b905616de7829b0273426d?s=96&d=mm&r=g\",\"caption\":\"Blanca\"},\"url\":\"https:\\\/\\\/redamlo.com\\\/index.php\\\/author\\\/blanca\\\/\"}]}<\/script>\n<!-- \/ Yoast SEO plugin. -->","yoast_head_json":{"title":"Guerra interna en Morena por la dirigencia nacional - NOTICIAS DE LA 4T","robots":{"index":"noindex","follow":"follow","max-snippet":"max-snippet:-1","max-image-preview":"max-image-preview:large","max-video-preview":"max-video-preview:-1"},"og_locale":"es_MX","og_type":"article","og_title":"Guerra interna en Morena por la dirigencia nacional - NOTICIAS DE LA 4T","og_description":"4T PRESS.A punto de que comiencen las asambleas distritales que marcan el inicio del proceso...","og_url":"https:\/\/redamlo.com\/index.php\/2019\/10\/13\/guerra-interna-en-morena-por-la-dirigencia-nacional\/","og_site_name":"NOTICIAS DE LA 4T","article_published_time":"2019-10-13T17:04:20+00:00","og_image":[{"width":800,"height":400,"url":"https:\/\/redamlo.com\/wp-content\/uploads\/2019\/10\/morena-4t.jpg","type":"image\/jpeg"}],"author":"Blanca","twitter_card":"summary_large_image","twitter_misc":{"Escrito por":"Blanca","Tiempo de lectura":"2 minutos"},"schema":{"@context":"https:\/\/schema.org","@graph":[{"@type":"Article","@id":"https:\/\/redamlo.com\/index.php\/2019\/10\/13\/guerra-interna-en-morena-por-la-dirigencia-nacional\/#article","isPartOf":{"@id":"https:\/\/redamlo.com\/index.php\/2019\/10\/13\/guerra-interna-en-morena-por-la-dirigencia-nacional\/"},"author":{"name":"Blanca","@id":"https:\/\/redamlo.com\/#\/schema\/person\/7223a4375eb8f1a782fcae010a7115cf"},"headline":"Guerra interna en Morena por la dirigencia nacional","datePublished":"2019-10-13T17:04:20+00:00","mainEntityOfPage":{"@id":"https:\/\/redamlo.com\/index.php\/2019\/10\/13\/guerra-interna-en-morena-por-la-dirigencia-nacional\/"},"wordCount":444,"commentCount":0,"publisher":{"@id":"https:\/\/redamlo.com\/#organization"},"image":{"@id":"https:\/\/redamlo.com\/index.php\/2019\/10\/13\/guerra-interna-en-morena-por-la-dirigencia-nacional\/#primaryimage"},"thumbnailUrl":"https:\/\/redamlo.com\/wp-content\/uploads\/2019\/10\/morena-4t.jpg","keywords":["Comit\u00e9 Ejecutivo Nacional (CEN) de Morena","Mario Delgado","Morena","Yeidckol Polevnsky"],"articleSection":["4T"],"inLanguage":"es","potentialAction":[{"@type":"CommentAction","name":"Comment","target":["https:\/\/redamlo.com\/index.php\/2019\/10\/13\/guerra-interna-en-morena-por-la-dirigencia-nacional\/#respond"]}]},{"@type":"WebPage","@id":"https:\/\/redamlo.com\/index.php\/2019\/10\/13\/guerra-interna-en-morena-por-la-dirigencia-nacional\/","url":"https:\/\/redamlo.com\/index.php\/2019\/10\/13\/guerra-interna-en-morena-por-la-dirigencia-nacional\/","name":"Guerra interna en Morena por la dirigencia nacional - NOTICIAS DE LA 4T","isPartOf":{"@id":"https:\/\/redamlo.com\/#website"},"primaryImageOfPage":{"@id":"https:\/\/redamlo.com\/index.php\/2019\/10\/13\/guerra-interna-en-morena-por-la-dirigencia-nacional\/#primaryimage"},"image":{"@id":"https:\/\/redamlo.com\/index.php\/2019\/10\/13\/guerra-interna-en-morena-por-la-dirigencia-nacional\/#primaryimage"},"thumbnailUrl":"https:\/\/redamlo.com\/wp-content\/uploads\/2019\/10\/morena-4t.jpg","datePublished":"2019-10-13T17:04:20+00:00","breadcrumb":{"@id":"https:\/\/redamlo.com\/index.php\/2019\/10\/13\/guerra-interna-en-morena-por-la-dirigencia-nacional\/#breadcrumb"},"inLanguage":"es","potentialAction":[{"@type":"ReadAction","target":["https:\/\/redamlo.com\/index.php\/2019\/10\/13\/guerra-interna-en-morena-por-la-dirigencia-nacional\/"]}]},{"@type":"ImageObject","inLanguage":"es","@id":"https:\/\/redamlo.com\/index.php\/2019\/10\/13\/guerra-interna-en-morena-por-la-dirigencia-nacional\/#primaryimage","url":"https:\/\/redamlo.com\/wp-content\/uploads\/2019\/10\/morena-4t.jpg","contentUrl":"https:\/\/redamlo.com\/wp-content\/uploads\/2019\/10\/morena-4t.jpg","width":800,"height":400},{"@type":"BreadcrumbList","@id":"https:\/\/redamlo.com\/index.php\/2019\/10\/13\/guerra-interna-en-morena-por-la-dirigencia-nacional\/#breadcrumb","itemListElement":[{"@type":"ListItem","position":1,"name":"Inicio","item":"https:\/\/redamlo.com\/"},{"@type":"ListItem","position":2,"name":"Guerra interna en Morena por la dirigencia nacional"}]},{"@type":"WebSite","@id":"https:\/\/redamlo.com\/#website","url":"https:\/\/redamlo.com\/","name":"NOTICIAS DE LA 4T","description":"","publisher":{"@id":"https:\/\/redamlo.com\/#organization"},"potentialAction":[{"@type":"SearchAction","target":{"@type":"EntryPoint","urlTemplate":"https:\/\/redamlo.com\/?s={search_term_string}"},"query-input":{"@type":"PropertyValueSpecification","valueRequired":true,"valueName":"search_term_string"}}],"inLanguage":"es"},{"@type":"Organization","@id":"https:\/\/redamlo.com\/#organization","name":"NOTICIAS DE LA 4T","url":"https:\/\/redamlo.com\/","logo":{"@type":"ImageObject","inLanguage":"es","@id":"https:\/\/redamlo.com\/#\/schema\/logo\/image\/","url":"https:\/\/redamlo.com\/wp-content\/uploads\/2024\/08\/cropped-RED-AMLO-logo-50.png","contentUrl":"https:\/\/redamlo.com\/wp-content\/uploads\/2024\/08\/cropped-RED-AMLO-logo-50.png","width":256,"height":256,"caption":"NOTICIAS DE LA 4T"},"image":{"@id":"https:\/\/redamlo.com\/#\/schema\/logo\/image\/"}},{"@type":"Person","@id":"https:\/\/redamlo.com\/#\/schema\/person\/7223a4375eb8f1a782fcae010a7115cf","name":"Blanca","image":{"@type":"ImageObject","inLanguage":"es","@id":"https:\/\/secure.gravatar.com\/avatar\/3f79bc8336367a4e6093eae8757acaaf61d1124834b905616de7829b0273426d?s=96&d=mm&r=g","url":"https:\/\/secure.gravatar.com\/avatar\/3f79bc8336367a4e6093eae8757acaaf61d1124834b905616de7829b0273426d?s=96&d=mm&r=g","contentUrl":"https:\/\/secure.gravatar.com\/avatar\/3f79bc8336367a4e6093eae8757acaaf61d1124834b905616de7829b0273426d?s=96&d=mm&r=g","caption":"Blanca"},"url":"https:\/\/redamlo.com\/index.php\/author\/blanca\/"}]}},"_links":{"self":[{"href":"https:\/\/redamlo.com\/index.php\/wp-json\/wp\/v2\/posts\/590","targetHints":{"allow":["GET"]}}],"collection":[{"href":"https:\/\/redamlo.com\/index.php\/wp-json\/wp\/v2\/posts"}],"about":[{"href":"https:\/\/redamlo.com\/index.php\/wp-json\/wp\/v2\/types\/post"}],"author":[{"embeddable":true,"href":"https:\/\/redamlo.com\/index.php\/wp-json\/wp\/v2\/users\/2"}],"replies":[{"embeddable":true,"href":"https:\/\/redamlo.com\/index.php\/wp-json\/wp\/v2\/comments?post=590"}],"version-history":[{"count":0,"href":"https:\/\/redamlo.com\/index.php\/wp-json\/wp\/v2\/posts\/590\/revisions"}],"wp:featuredmedia":[{"embeddable":true,"href":"https:\/\/redamlo.com\/index.php\/wp-json\/wp\/v2\/media\/591"}],"wp:attachment":[{"href":"https:\/\/redamlo.com\/index.php\/wp-json\/wp\/v2\/media?parent=590"}],"wp:term":[{"taxonomy":"category","embeddable":true,"href":"https:\/\/redamlo.com\/index.php\/wp-json\/wp\/v2\/categories?post=590"},{"taxonomy":"post_tag","embeddable":true,"href":"https:\/\/redamlo.com\/index.php\/wp-json\/wp\/v2\/tags?post=590"}],"curies":[{"name":"wp","href":"https:\/\/api.w.org\/{rel}","templated":true}]}}