{"id":5873,"date":"2021-12-30T09:58:46","date_gmt":"2021-12-30T15:58:46","guid":{"rendered":"https:\/\/redamlo.com\/?p=5873"},"modified":"2021-12-30T09:58:46","modified_gmt":"2021-12-30T15:58:46","slug":"develan-estatua-de-amlo-en-atlacomulco","status":"publish","type":"post","link":"https:\/\/redamlo.com\/index.php\/2021\/12\/30\/develan-estatua-de-amlo-en-atlacomulco\/","title":{"rendered":"Develan estatua de AMLO \u00a1en Atlacomulco!"},"content":{"rendered":"\n\n<strong>Realidades.- El presidente en repetidas ocasiones se ha pronunciado en contra del culto a la personalidad y ha manifestado su deseo de que no se use su nombre en estatuas, obras o calles.<\/strong>\n\n \n\nA unos d\u00edas de que concluya la gesti\u00f3n de Roberto T\u00e9llez Monroy como alcalde de Atlacomulco, en el Estado de M\u00e9xico, el morenista tom\u00f3 parte en la develaci\u00f3n de una estatua de\u00a0<strong>Andr\u00e9s Manuel L\u00f3pez Obrador en la plaza principal de ese municipio<\/strong>.\n\n \n\nLa base del monumento lleva una placa con el nombre del tabasque\u00f1o, con la frase \u201cPresidente de M\u00e9xico 2018-2024\u201d. Usuarios de redes sociales destacaron la falta de acento en<strong>\u00a0\u201cAndres\u201d.<\/strong>\n\n \n\nEsta es la primera estatua de L\u00f3pez Obrador en un espacio p\u00fablico; el presidente en repetidas ocasiones se ha pronunciado en contra del\u00a0<strong>culto a la personalidad<\/strong>\u00a0y ha manifestado su deseo de que<strong>\u00a0no se use su nombre en estatuas, obras o calles.<\/strong>\n\n \n<figure class=\"wp-block-image\"><img decoding=\"async\" src=\"https:\/\/aristeguinoticias.com\/_next\/image\/?url=https%3A%2F%2Feditorial.aristeguinoticias.com%2Fwp-content%2Fuploads%2F2021%2F12%2Festatua-de-amlo.jpg&amp;w=3840&amp;q=75\" alt=\"Develan estatua de AMLO \u00a1en Atlacomulco!\" \/><\/figure>\n \n\nEl municipio mexiquense es reconocido como cuna del priista\u00a0<strong>Grupo Atlacomulco<\/strong>, relacionado con figuras como Enrique Pe\u00f1a Nieto, Alfredo del Mazo, Arturo Montiel o Carlos Hank Gonz\u00e1lez.\n\n \n\nDurante la ceremonia, T\u00e9llez Monroy destac\u00f3\u00a0<strong>los logros del presidente L\u00f3pez Obrador al frente de la 4T<\/strong>. Pero, seg\u00fan medios locales, no se inform\u00f3 si el monumento corri\u00f3 a cuenta del erario municipal.\n\n \n\nT\u00e9llez Monroy concluye su administraci\u00f3n como presidente municipal este viernes y el s\u00e1bado asumir\u00e1 el cargo\u00a0<strong>Marisol Arias,<\/strong>\u00a0que gan\u00f3 como abanderada de la alianza Va por M\u00e9xico, integrada por PRI-PAN-PRD. Mientras que T\u00e9llez Monroy contendi\u00f3 con Juntos Haremos Historia, integrada por Morena-PT-Movimiento Ciudadano, pero perdi\u00f3 la reelecci\u00f3n.\n\n \n\nFuente: <a href=\"https:\/\/aristeguinoticias.com\/3012\/mexico\/develan-estatua-de-amlo-endevelan-estatua-de-amlo-en-atlacomulco-atlacomulco\/\">aristeguinoticias.com<\/a>\n\n","protected":false},"excerpt":{"rendered":"<p>Realidades.- El presidente en repetidas ocasiones se ha pronunciado en contra del culto a la&#8230;<\/p>\n","protected":false},"author":2,"featured_media":5874,"comment_status":"open","ping_status":"closed","sticky":false,"template":"","format":"standard","meta":{"footnotes":""},"categories":[25,20],"tags":[1999,84,2000,2001,60,2002,2003,2004,2005,2006],"class_list":["post-5873","post","type-post","status-publish","format-standard","has-post-thumbnail","hentry","category-4t","category-nacionales","tag-alcalde-de-atlacomulco","tag-amlo","tag-atlacomulco","tag-develan","tag-estado-de-mexico","tag-estatua","tag-morenista","tag-placa","tag-plaza-principal","tag-roberto-tellez"],"yoast_head":"<!-- This site is optimized with the Yoast SEO plugin v27.5 - https:\/\/yoast.com\/product\/yoast-seo-wordpress\/ -->\n<title>Develan estatua de AMLO \u00a1en Atlacomulco! - NOTICIAS DE LA 4T<\/title>\n<meta name=\"robots\" content=\"noindex, follow, max-snippet:-1, max-image-preview:large, max-video-preview:-1\" \/>\n<meta property=\"og:locale\" content=\"es_MX\" \/>\n<meta property=\"og:type\" content=\"article\" \/>\n<meta property=\"og:title\" content=\"Develan estatua de AMLO \u00a1en Atlacomulco! - NOTICIAS DE LA 4T\" \/>\n<meta property=\"og:description\" content=\"Realidades.- El presidente en repetidas ocasiones se ha pronunciado en contra del culto a la...\" \/>\n<meta property=\"og:url\" content=\"https:\/\/redamlo.com\/index.php\/2021\/12\/30\/develan-estatua-de-amlo-en-atlacomulco\/\" \/>\n<meta property=\"og:site_name\" content=\"NOTICIAS DE LA 4T\" \/>\n<meta property=\"article:published_time\" content=\"2021-12-30T15:58:46+00:00\" \/>\n<meta property=\"og:image\" content=\"https:\/\/redamlo.com\/wp-content\/uploads\/2021\/12\/454-2.png\" \/>\n\t<meta property=\"og:image:width\" content=\"719\" \/>\n\t<meta property=\"og:image:height\" content=\"470\" \/>\n\t<meta property=\"og:image:type\" content=\"image\/png\" \/>\n<meta name=\"author\" content=\"Blanca\" \/>\n<meta name=\"twitter:card\" content=\"summary_large_image\" \/>\n<meta name=\"twitter:label1\" content=\"Escrito por\" \/>\n\t<meta name=\"twitter:data1\" content=\"Blanca\" \/>\n\t<meta name=\"twitter:label2\" content=\"Tiempo de lectura\" \/>\n\t<meta name=\"twitter:data2\" content=\"2 minutos\" \/>\n<script type=\"application\/ld+json\" class=\"yoast-schema-graph\">{\"@context\":\"https:\\\/\\\/schema.org\",\"@graph\":[{\"@type\":\"Article\",\"@id\":\"https:\\\/\\\/redamlo.com\\\/index.php\\\/2021\\\/12\\\/30\\\/develan-estatua-de-amlo-en-atlacomulco\\\/#article\",\"isPartOf\":{\"@id\":\"https:\\\/\\\/redamlo.com\\\/index.php\\\/2021\\\/12\\\/30\\\/develan-estatua-de-amlo-en-atlacomulco\\\/\"},\"author\":{\"name\":\"Blanca\",\"@id\":\"https:\\\/\\\/redamlo.com\\\/#\\\/schema\\\/person\\\/7223a4375eb8f1a782fcae010a7115cf\"},\"headline\":\"Develan estatua de AMLO \u00a1en Atlacomulco!\",\"datePublished\":\"2021-12-30T15:58:46+00:00\",\"mainEntityOfPage\":{\"@id\":\"https:\\\/\\\/redamlo.com\\\/index.php\\\/2021\\\/12\\\/30\\\/develan-estatua-de-amlo-en-atlacomulco\\\/\"},\"wordCount\":290,\"commentCount\":0,\"publisher\":{\"@id\":\"https:\\\/\\\/redamlo.com\\\/#organization\"},\"image\":{\"@id\":\"https:\\\/\\\/redamlo.com\\\/index.php\\\/2021\\\/12\\\/30\\\/develan-estatua-de-amlo-en-atlacomulco\\\/#primaryimage\"},\"thumbnailUrl\":\"https:\\\/\\\/redamlo.com\\\/wp-content\\\/uploads\\\/2021\\\/12\\\/454-2.png\",\"keywords\":[\"Alcalde de Atlacomulco\",\"AMLO\",\"Atlacomulco\",\"Develan\",\"estado de mexico\",\"Estatua\",\"Morenista\",\"Placa\",\"Plaza Principal\",\"Roberto T\u00e9llez\"],\"articleSection\":[\"4T\",\"Nacionales\"],\"inLanguage\":\"es\",\"potentialAction\":[{\"@type\":\"CommentAction\",\"name\":\"Comment\",\"target\":[\"https:\\\/\\\/redamlo.com\\\/index.php\\\/2021\\\/12\\\/30\\\/develan-estatua-de-amlo-en-atlacomulco\\\/#respond\"]}]},{\"@type\":\"WebPage\",\"@id\":\"https:\\\/\\\/redamlo.com\\\/index.php\\\/2021\\\/12\\\/30\\\/develan-estatua-de-amlo-en-atlacomulco\\\/\",\"url\":\"https:\\\/\\\/redamlo.com\\\/index.php\\\/2021\\\/12\\\/30\\\/develan-estatua-de-amlo-en-atlacomulco\\\/\",\"name\":\"Develan estatua de AMLO \u00a1en Atlacomulco! - NOTICIAS DE LA 4T\",\"isPartOf\":{\"@id\":\"https:\\\/\\\/redamlo.com\\\/#website\"},\"primaryImageOfPage\":{\"@id\":\"https:\\\/\\\/redamlo.com\\\/index.php\\\/2021\\\/12\\\/30\\\/develan-estatua-de-amlo-en-atlacomulco\\\/#primaryimage\"},\"image\":{\"@id\":\"https:\\\/\\\/redamlo.com\\\/index.php\\\/2021\\\/12\\\/30\\\/develan-estatua-de-amlo-en-atlacomulco\\\/#primaryimage\"},\"thumbnailUrl\":\"https:\\\/\\\/redamlo.com\\\/wp-content\\\/uploads\\\/2021\\\/12\\\/454-2.png\",\"datePublished\":\"2021-12-30T15:58:46+00:00\",\"breadcrumb\":{\"@id\":\"https:\\\/\\\/redamlo.com\\\/index.php\\\/2021\\\/12\\\/30\\\/develan-estatua-de-amlo-en-atlacomulco\\\/#breadcrumb\"},\"inLanguage\":\"es\",\"potentialAction\":[{\"@type\":\"ReadAction\",\"target\":[\"https:\\\/\\\/redamlo.com\\\/index.php\\\/2021\\\/12\\\/30\\\/develan-estatua-de-amlo-en-atlacomulco\\\/\"]}]},{\"@type\":\"ImageObject\",\"inLanguage\":\"es\",\"@id\":\"https:\\\/\\\/redamlo.com\\\/index.php\\\/2021\\\/12\\\/30\\\/develan-estatua-de-amlo-en-atlacomulco\\\/#primaryimage\",\"url\":\"https:\\\/\\\/redamlo.com\\\/wp-content\\\/uploads\\\/2021\\\/12\\\/454-2.png\",\"contentUrl\":\"https:\\\/\\\/redamlo.com\\\/wp-content\\\/uploads\\\/2021\\\/12\\\/454-2.png\",\"width\":719,\"height\":470},{\"@type\":\"BreadcrumbList\",\"@id\":\"https:\\\/\\\/redamlo.com\\\/index.php\\\/2021\\\/12\\\/30\\\/develan-estatua-de-amlo-en-atlacomulco\\\/#breadcrumb\",\"itemListElement\":[{\"@type\":\"ListItem\",\"position\":1,\"name\":\"Inicio\",\"item\":\"https:\\\/\\\/redamlo.com\\\/\"},{\"@type\":\"ListItem\",\"position\":2,\"name\":\"Develan estatua de AMLO \u00a1en Atlacomulco!\"}]},{\"@type\":\"WebSite\",\"@id\":\"https:\\\/\\\/redamlo.com\\\/#website\",\"url\":\"https:\\\/\\\/redamlo.com\\\/\",\"name\":\"NOTICIAS DE LA 4T\",\"description\":\"\",\"publisher\":{\"@id\":\"https:\\\/\\\/redamlo.com\\\/#organization\"},\"potentialAction\":[{\"@type\":\"SearchAction\",\"target\":{\"@type\":\"EntryPoint\",\"urlTemplate\":\"https:\\\/\\\/redamlo.com\\\/?s={search_term_string}\"},\"query-input\":{\"@type\":\"PropertyValueSpecification\",\"valueRequired\":true,\"valueName\":\"search_term_string\"}}],\"inLanguage\":\"es\"},{\"@type\":\"Organization\",\"@id\":\"https:\\\/\\\/redamlo.com\\\/#organization\",\"name\":\"NOTICIAS DE LA 4T\",\"url\":\"https:\\\/\\\/redamlo.com\\\/\",\"logo\":{\"@type\":\"ImageObject\",\"inLanguage\":\"es\",\"@id\":\"https:\\\/\\\/redamlo.com\\\/#\\\/schema\\\/logo\\\/image\\\/\",\"url\":\"https:\\\/\\\/redamlo.com\\\/wp-content\\\/uploads\\\/2024\\\/08\\\/cropped-RED-AMLO-logo-50.png\",\"contentUrl\":\"https:\\\/\\\/redamlo.com\\\/wp-content\\\/uploads\\\/2024\\\/08\\\/cropped-RED-AMLO-logo-50.png\",\"width\":256,\"height\":256,\"caption\":\"NOTICIAS DE LA 4T\"},\"image\":{\"@id\":\"https:\\\/\\\/redamlo.com\\\/#\\\/schema\\\/logo\\\/image\\\/\"}},{\"@type\":\"Person\",\"@id\":\"https:\\\/\\\/redamlo.com\\\/#\\\/schema\\\/person\\\/7223a4375eb8f1a782fcae010a7115cf\",\"name\":\"Blanca\",\"image\":{\"@type\":\"ImageObject\",\"inLanguage\":\"es\",\"@id\":\"https:\\\/\\\/secure.gravatar.com\\\/avatar\\\/3f79bc8336367a4e6093eae8757acaaf61d1124834b905616de7829b0273426d?s=96&d=mm&r=g\",\"url\":\"https:\\\/\\\/secure.gravatar.com\\\/avatar\\\/3f79bc8336367a4e6093eae8757acaaf61d1124834b905616de7829b0273426d?s=96&d=mm&r=g\",\"contentUrl\":\"https:\\\/\\\/secure.gravatar.com\\\/avatar\\\/3f79bc8336367a4e6093eae8757acaaf61d1124834b905616de7829b0273426d?s=96&d=mm&r=g\",\"caption\":\"Blanca\"},\"url\":\"https:\\\/\\\/redamlo.com\\\/index.php\\\/author\\\/blanca\\\/\"}]}<\/script>\n<!-- \/ Yoast SEO plugin. -->","yoast_head_json":{"title":"Develan estatua de AMLO \u00a1en Atlacomulco! - NOTICIAS DE LA 4T","robots":{"index":"noindex","follow":"follow","max-snippet":"max-snippet:-1","max-image-preview":"max-image-preview:large","max-video-preview":"max-video-preview:-1"},"og_locale":"es_MX","og_type":"article","og_title":"Develan estatua de AMLO \u00a1en Atlacomulco! - NOTICIAS DE LA 4T","og_description":"Realidades.- El presidente en repetidas ocasiones se ha pronunciado en contra del culto a la...","og_url":"https:\/\/redamlo.com\/index.php\/2021\/12\/30\/develan-estatua-de-amlo-en-atlacomulco\/","og_site_name":"NOTICIAS DE LA 4T","article_published_time":"2021-12-30T15:58:46+00:00","og_image":[{"width":719,"height":470,"url":"https:\/\/redamlo.com\/wp-content\/uploads\/2021\/12\/454-2.png","type":"image\/png"}],"author":"Blanca","twitter_card":"summary_large_image","twitter_misc":{"Escrito por":"Blanca","Tiempo de lectura":"2 minutos"},"schema":{"@context":"https:\/\/schema.org","@graph":[{"@type":"Article","@id":"https:\/\/redamlo.com\/index.php\/2021\/12\/30\/develan-estatua-de-amlo-en-atlacomulco\/#article","isPartOf":{"@id":"https:\/\/redamlo.com\/index.php\/2021\/12\/30\/develan-estatua-de-amlo-en-atlacomulco\/"},"author":{"name":"Blanca","@id":"https:\/\/redamlo.com\/#\/schema\/person\/7223a4375eb8f1a782fcae010a7115cf"},"headline":"Develan estatua de AMLO \u00a1en Atlacomulco!","datePublished":"2021-12-30T15:58:46+00:00","mainEntityOfPage":{"@id":"https:\/\/redamlo.com\/index.php\/2021\/12\/30\/develan-estatua-de-amlo-en-atlacomulco\/"},"wordCount":290,"commentCount":0,"publisher":{"@id":"https:\/\/redamlo.com\/#organization"},"image":{"@id":"https:\/\/redamlo.com\/index.php\/2021\/12\/30\/develan-estatua-de-amlo-en-atlacomulco\/#primaryimage"},"thumbnailUrl":"https:\/\/redamlo.com\/wp-content\/uploads\/2021\/12\/454-2.png","keywords":["Alcalde de Atlacomulco","AMLO","Atlacomulco","Develan","estado de mexico","Estatua","Morenista","Placa","Plaza Principal","Roberto T\u00e9llez"],"articleSection":["4T","Nacionales"],"inLanguage":"es","potentialAction":[{"@type":"CommentAction","name":"Comment","target":["https:\/\/redamlo.com\/index.php\/2021\/12\/30\/develan-estatua-de-amlo-en-atlacomulco\/#respond"]}]},{"@type":"WebPage","@id":"https:\/\/redamlo.com\/index.php\/2021\/12\/30\/develan-estatua-de-amlo-en-atlacomulco\/","url":"https:\/\/redamlo.com\/index.php\/2021\/12\/30\/develan-estatua-de-amlo-en-atlacomulco\/","name":"Develan estatua de AMLO \u00a1en Atlacomulco! - NOTICIAS DE LA 4T","isPartOf":{"@id":"https:\/\/redamlo.com\/#website"},"primaryImageOfPage":{"@id":"https:\/\/redamlo.com\/index.php\/2021\/12\/30\/develan-estatua-de-amlo-en-atlacomulco\/#primaryimage"},"image":{"@id":"https:\/\/redamlo.com\/index.php\/2021\/12\/30\/develan-estatua-de-amlo-en-atlacomulco\/#primaryimage"},"thumbnailUrl":"https:\/\/redamlo.com\/wp-content\/uploads\/2021\/12\/454-2.png","datePublished":"2021-12-30T15:58:46+00:00","breadcrumb":{"@id":"https:\/\/redamlo.com\/index.php\/2021\/12\/30\/develan-estatua-de-amlo-en-atlacomulco\/#breadcrumb"},"inLanguage":"es","potentialAction":[{"@type":"ReadAction","target":["https:\/\/redamlo.com\/index.php\/2021\/12\/30\/develan-estatua-de-amlo-en-atlacomulco\/"]}]},{"@type":"ImageObject","inLanguage":"es","@id":"https:\/\/redamlo.com\/index.php\/2021\/12\/30\/develan-estatua-de-amlo-en-atlacomulco\/#primaryimage","url":"https:\/\/redamlo.com\/wp-content\/uploads\/2021\/12\/454-2.png","contentUrl":"https:\/\/redamlo.com\/wp-content\/uploads\/2021\/12\/454-2.png","width":719,"height":470},{"@type":"BreadcrumbList","@id":"https:\/\/redamlo.com\/index.php\/2021\/12\/30\/develan-estatua-de-amlo-en-atlacomulco\/#breadcrumb","itemListElement":[{"@type":"ListItem","position":1,"name":"Inicio","item":"https:\/\/redamlo.com\/"},{"@type":"ListItem","position":2,"name":"Develan estatua de AMLO \u00a1en Atlacomulco!"}]},{"@type":"WebSite","@id":"https:\/\/redamlo.com\/#website","url":"https:\/\/redamlo.com\/","name":"NOTICIAS DE LA 4T","description":"","publisher":{"@id":"https:\/\/redamlo.com\/#organization"},"potentialAction":[{"@type":"SearchAction","target":{"@type":"EntryPoint","urlTemplate":"https:\/\/redamlo.com\/?s={search_term_string}"},"query-input":{"@type":"PropertyValueSpecification","valueRequired":true,"valueName":"search_term_string"}}],"inLanguage":"es"},{"@type":"Organization","@id":"https:\/\/redamlo.com\/#organization","name":"NOTICIAS DE LA 4T","url":"https:\/\/redamlo.com\/","logo":{"@type":"ImageObject","inLanguage":"es","@id":"https:\/\/redamlo.com\/#\/schema\/logo\/image\/","url":"https:\/\/redamlo.com\/wp-content\/uploads\/2024\/08\/cropped-RED-AMLO-logo-50.png","contentUrl":"https:\/\/redamlo.com\/wp-content\/uploads\/2024\/08\/cropped-RED-AMLO-logo-50.png","width":256,"height":256,"caption":"NOTICIAS DE LA 4T"},"image":{"@id":"https:\/\/redamlo.com\/#\/schema\/logo\/image\/"}},{"@type":"Person","@id":"https:\/\/redamlo.com\/#\/schema\/person\/7223a4375eb8f1a782fcae010a7115cf","name":"Blanca","image":{"@type":"ImageObject","inLanguage":"es","@id":"https:\/\/secure.gravatar.com\/avatar\/3f79bc8336367a4e6093eae8757acaaf61d1124834b905616de7829b0273426d?s=96&d=mm&r=g","url":"https:\/\/secure.gravatar.com\/avatar\/3f79bc8336367a4e6093eae8757acaaf61d1124834b905616de7829b0273426d?s=96&d=mm&r=g","contentUrl":"https:\/\/secure.gravatar.com\/avatar\/3f79bc8336367a4e6093eae8757acaaf61d1124834b905616de7829b0273426d?s=96&d=mm&r=g","caption":"Blanca"},"url":"https:\/\/redamlo.com\/index.php\/author\/blanca\/"}]}},"_links":{"self":[{"href":"https:\/\/redamlo.com\/index.php\/wp-json\/wp\/v2\/posts\/5873","targetHints":{"allow":["GET"]}}],"collection":[{"href":"https:\/\/redamlo.com\/index.php\/wp-json\/wp\/v2\/posts"}],"about":[{"href":"https:\/\/redamlo.com\/index.php\/wp-json\/wp\/v2\/types\/post"}],"author":[{"embeddable":true,"href":"https:\/\/redamlo.com\/index.php\/wp-json\/wp\/v2\/users\/2"}],"replies":[{"embeddable":true,"href":"https:\/\/redamlo.com\/index.php\/wp-json\/wp\/v2\/comments?post=5873"}],"version-history":[{"count":0,"href":"https:\/\/redamlo.com\/index.php\/wp-json\/wp\/v2\/posts\/5873\/revisions"}],"wp:featuredmedia":[{"embeddable":true,"href":"https:\/\/redamlo.com\/index.php\/wp-json\/wp\/v2\/media\/5874"}],"wp:attachment":[{"href":"https:\/\/redamlo.com\/index.php\/wp-json\/wp\/v2\/media?parent=5873"}],"wp:term":[{"taxonomy":"category","embeddable":true,"href":"https:\/\/redamlo.com\/index.php\/wp-json\/wp\/v2\/categories?post=5873"},{"taxonomy":"post_tag","embeddable":true,"href":"https:\/\/redamlo.com\/index.php\/wp-json\/wp\/v2\/tags?post=5873"}],"curies":[{"name":"wp","href":"https:\/\/api.w.org\/{rel}","templated":true}]}}