{"id":5853,"date":"2021-12-01T21:50:18","date_gmt":"2021-12-02T03:50:18","guid":{"rendered":"https:\/\/redamlo.com\/?p=5853"},"modified":"2021-12-01T21:50:18","modified_gmt":"2021-12-02T03:50:18","slug":"informe-de-gobierno-2021-amlofest-andres-manuel-lopez-obrador","status":"publish","type":"post","link":"https:\/\/redamlo.com\/index.php\/2021\/12\/01\/informe-de-gobierno-2021-amlofest-andres-manuel-lopez-obrador\/","title":{"rendered":"AMLO : &#8220;A pesar de la pandemia y de la crisis, estamos de pie, hemos resistido a las adversidades&#8221;"},"content":{"rendered":"<p>Durante el informe por los tres a\u00f1os de Gobierno del presidente Andr\u00e9s Manuel L\u00f3pez Obrador (<strong>AMLO<\/strong>), que dio en el<strong>\u00a0Z\u00f3calo de la Ciudad de M\u00e9xico<\/strong>, asegur\u00f3 que \u201ca pesar de la pandemia y de la crisis, estamos de pie, hemos resistido a las adversidades\u201d.<\/p>\n<p>\u201cHoy cumplimos tres a\u00f1os de Gobierno y estamos de pie a pesar de la pandemia que tanto dolor nos ha causado, aunque se precipit\u00f3 la crisis econ\u00f3mica originada por el neoliberalismo o neoporfirismo, estamos de pie, hemos resistido a las adversidades y seguimos avanzando en la transformaci\u00f3n de la vida p\u00fablica de M\u00e9xico\u201d, expres\u00f3 el presidente Andr\u00e9s Manuel L\u00f3pez Obrador.<\/p>\n<p><img loading=\"lazy\" decoding=\"async\" class=\"wp-image-4244 size-large aligncenter\" src=\"https:\/\/redamlo.com\/wp-content\/uploads\/2021\/12\/gracias-de-todo-corazon-1024x683-1.jpg\" alt=\"\" width=\"640\" height=\"427\" \/><\/p>\n<p class=\"p1\">Ante un Z\u00f3calo repleto, el presidente L\u00f3pez Obrador destac\u00f3 que la \u201cfortaleza cultural del pueblo de M\u00e9xico\u201d siempre ha salvado ante calamidades.<\/p>\n<blockquote>\n<p class=\"p1\">\u201cSalimos adelante por la fortaleza cultural de nuestro pueblo que siempre nos ha salvado ante calamidades pero tambi\u00e9n por la f\u00f3rmula que hemos venido aplicando y poner toda nuestra atenci\u00f3n en el bienestar de la gente es una dicha enorme poder decir que casi todas las comunidades de M\u00e9xico cuentan con una ayuda para mitigar la pobreza y mantener viva la esperanza en el porvenir\u201d, precis\u00f3.<\/p>\n<\/blockquote>\n<blockquote>\n<p class=\"p1\">\u201cNo tengo duda de que pronto, muy pronto, terminaremos de salir de la crisis econ\u00f3mica. \u00bfEn qu\u00e9 baso mi optimismo? Primero, en que no nos endeudamos, como sucedi\u00f3 en otros pa\u00edses. Segundo, en que no se nos cay\u00f3 la recaudaci\u00f3n de ingresos\u201d, asegur\u00f3.<\/p>\n<\/blockquote>\n<h2 class=\"p1\">\u201cCasi todas las comunidades de M\u00e9xico cuentan con una ayuda\u201d<\/h2>\n<p class=\"p1\">El mandatario destac\u00f3 que \u201ccasi todas las comunidades de M\u00e9xico cuentan con una ayuda\u201d del Gobierno y cit\u00f3 la pensi\u00f3n para 9 millones de adultos mayores de 65 a\u00f1os y 11 millones de becas para j\u00f3venes.<\/p>\n<p class=\"p1\">Tambi\u00e9n report\u00f3 el regreso de 23.5 millones de estudiantes de nivel b\u00e1sico a las clases presenciales \u201ccon el apoyo\u201d de 1.8 millones de maestros.<\/p>\n<p class=\"p1\">Asimismo, destac\u00f3 como fortalezas econ\u00f3micas el nuevo Tratado entre M\u00e9xico, Estados Unidos y Canad\u00e1 (T-MEC), y sus obras de infraestructura, como el Tren Maya, la refiner\u00eda Dos Bocas y el Aeropuerto Internacional Felipe \u00c1ngeles (AIFA) que servir\u00e1 a la capital mexicana.<\/p>\n<p class=\"p1\">En particular, resalt\u00f3 su pol\u00edtica energ\u00e9tica de modernizar seis refiner\u00edas, comprar una en Texas y construir una nueva en el sureste para procesar 1.8 millones de barriles en un futuro.<\/p>\n<p class=\"p1\">De igual forma, record\u00f3 el \u201crescate de la industria el\u00e9ctrica\u201d que pretende con su reforma constitucional para fortalecer a la Comisi\u00f3n Federal de Electricidad (CFE).<span class=\"Apple-converted-space\">\u00a0<\/span><\/p>\n<p class=\"p1\">Fuente: Gobierno de M\u00e9xico<\/p>\n","protected":false},"excerpt":{"rendered":"<p>Durante el informe por los tres a\u00f1os de Gobierno del presidente Andr\u00e9s Manuel L\u00f3pez Obrador&#8230;<\/p>\n","protected":false},"author":2,"featured_media":5855,"comment_status":"open","ping_status":"closed","sticky":false,"template":"","format":"standard","meta":{"footnotes":""},"categories":[27],"tags":[],"class_list":["post-5853","post","type-post","status-publish","format-standard","has-post-thumbnail","hentry","category-presidencia"],"yoast_head":"<!-- This site is optimized with the Yoast SEO plugin v27.5 - https:\/\/yoast.com\/product\/yoast-seo-wordpress\/ -->\n<title>AMLO : &quot;A pesar de la pandemia y de la crisis, estamos de pie, hemos resistido a las adversidades&quot; - NOTICIAS DE LA 4T<\/title>\n<meta name=\"robots\" content=\"noindex, follow, max-snippet:-1, max-image-preview:large, max-video-preview:-1\" \/>\n<meta property=\"og:locale\" content=\"es_MX\" \/>\n<meta property=\"og:type\" content=\"article\" \/>\n<meta property=\"og:title\" content=\"AMLO : &quot;A pesar de la pandemia y de la crisis, estamos de pie, hemos resistido a las adversidades&quot; - NOTICIAS DE LA 4T\" \/>\n<meta property=\"og:description\" content=\"Durante el informe por los tres a\u00f1os de Gobierno del presidente Andr\u00e9s Manuel L\u00f3pez Obrador...\" \/>\n<meta property=\"og:url\" content=\"https:\/\/redamlo.com\/index.php\/2021\/12\/01\/informe-de-gobierno-2021-amlofest-andres-manuel-lopez-obrador\/\" \/>\n<meta property=\"og:site_name\" content=\"NOTICIAS DE LA 4T\" \/>\n<meta property=\"article:published_time\" content=\"2021-12-02T03:50:18+00:00\" \/>\n<meta property=\"og:image\" content=\"https:\/\/redamlo.com\/wp-content\/uploads\/2021\/12\/info-2021.jpg\" \/>\n\t<meta property=\"og:image:width\" content=\"680\" \/>\n\t<meta property=\"og:image:height\" content=\"451\" \/>\n\t<meta property=\"og:image:type\" content=\"image\/jpeg\" \/>\n<meta name=\"author\" content=\"Blanca\" \/>\n<meta name=\"twitter:card\" content=\"summary_large_image\" \/>\n<meta name=\"twitter:label1\" content=\"Escrito por\" \/>\n\t<meta name=\"twitter:data1\" content=\"Blanca\" \/>\n\t<meta name=\"twitter:label2\" content=\"Tiempo de lectura\" \/>\n\t<meta name=\"twitter:data2\" content=\"2 minutos\" \/>\n<script type=\"application\/ld+json\" class=\"yoast-schema-graph\">{\"@context\":\"https:\\\/\\\/schema.org\",\"@graph\":[{\"@type\":\"Article\",\"@id\":\"https:\\\/\\\/redamlo.com\\\/index.php\\\/2021\\\/12\\\/01\\\/informe-de-gobierno-2021-amlofest-andres-manuel-lopez-obrador\\\/#article\",\"isPartOf\":{\"@id\":\"https:\\\/\\\/redamlo.com\\\/index.php\\\/2021\\\/12\\\/01\\\/informe-de-gobierno-2021-amlofest-andres-manuel-lopez-obrador\\\/\"},\"author\":{\"name\":\"Blanca\",\"@id\":\"https:\\\/\\\/redamlo.com\\\/#\\\/schema\\\/person\\\/7223a4375eb8f1a782fcae010a7115cf\"},\"headline\":\"AMLO : &#8220;A pesar de la pandemia y de la crisis, estamos de pie, hemos resistido a las adversidades&#8221;\",\"datePublished\":\"2021-12-02T03:50:18+00:00\",\"mainEntityOfPage\":{\"@id\":\"https:\\\/\\\/redamlo.com\\\/index.php\\\/2021\\\/12\\\/01\\\/informe-de-gobierno-2021-amlofest-andres-manuel-lopez-obrador\\\/\"},\"wordCount\":456,\"commentCount\":0,\"publisher\":{\"@id\":\"https:\\\/\\\/redamlo.com\\\/#organization\"},\"image\":{\"@id\":\"https:\\\/\\\/redamlo.com\\\/index.php\\\/2021\\\/12\\\/01\\\/informe-de-gobierno-2021-amlofest-andres-manuel-lopez-obrador\\\/#primaryimage\"},\"thumbnailUrl\":\"https:\\\/\\\/redamlo.com\\\/wp-content\\\/uploads\\\/2021\\\/12\\\/info-2021.jpg\",\"articleSection\":[\"Presidencia\"],\"inLanguage\":\"es\",\"potentialAction\":[{\"@type\":\"CommentAction\",\"name\":\"Comment\",\"target\":[\"https:\\\/\\\/redamlo.com\\\/index.php\\\/2021\\\/12\\\/01\\\/informe-de-gobierno-2021-amlofest-andres-manuel-lopez-obrador\\\/#respond\"]}]},{\"@type\":\"WebPage\",\"@id\":\"https:\\\/\\\/redamlo.com\\\/index.php\\\/2021\\\/12\\\/01\\\/informe-de-gobierno-2021-amlofest-andres-manuel-lopez-obrador\\\/\",\"url\":\"https:\\\/\\\/redamlo.com\\\/index.php\\\/2021\\\/12\\\/01\\\/informe-de-gobierno-2021-amlofest-andres-manuel-lopez-obrador\\\/\",\"name\":\"AMLO : \\\"A pesar de la pandemia y de la crisis, estamos de pie, hemos resistido a las adversidades\\\" - NOTICIAS DE LA 4T\",\"isPartOf\":{\"@id\":\"https:\\\/\\\/redamlo.com\\\/#website\"},\"primaryImageOfPage\":{\"@id\":\"https:\\\/\\\/redamlo.com\\\/index.php\\\/2021\\\/12\\\/01\\\/informe-de-gobierno-2021-amlofest-andres-manuel-lopez-obrador\\\/#primaryimage\"},\"image\":{\"@id\":\"https:\\\/\\\/redamlo.com\\\/index.php\\\/2021\\\/12\\\/01\\\/informe-de-gobierno-2021-amlofest-andres-manuel-lopez-obrador\\\/#primaryimage\"},\"thumbnailUrl\":\"https:\\\/\\\/redamlo.com\\\/wp-content\\\/uploads\\\/2021\\\/12\\\/info-2021.jpg\",\"datePublished\":\"2021-12-02T03:50:18+00:00\",\"breadcrumb\":{\"@id\":\"https:\\\/\\\/redamlo.com\\\/index.php\\\/2021\\\/12\\\/01\\\/informe-de-gobierno-2021-amlofest-andres-manuel-lopez-obrador\\\/#breadcrumb\"},\"inLanguage\":\"es\",\"potentialAction\":[{\"@type\":\"ReadAction\",\"target\":[\"https:\\\/\\\/redamlo.com\\\/index.php\\\/2021\\\/12\\\/01\\\/informe-de-gobierno-2021-amlofest-andres-manuel-lopez-obrador\\\/\"]}]},{\"@type\":\"ImageObject\",\"inLanguage\":\"es\",\"@id\":\"https:\\\/\\\/redamlo.com\\\/index.php\\\/2021\\\/12\\\/01\\\/informe-de-gobierno-2021-amlofest-andres-manuel-lopez-obrador\\\/#primaryimage\",\"url\":\"https:\\\/\\\/redamlo.com\\\/wp-content\\\/uploads\\\/2021\\\/12\\\/info-2021.jpg\",\"contentUrl\":\"https:\\\/\\\/redamlo.com\\\/wp-content\\\/uploads\\\/2021\\\/12\\\/info-2021.jpg\",\"width\":680,\"height\":451},{\"@type\":\"BreadcrumbList\",\"@id\":\"https:\\\/\\\/redamlo.com\\\/index.php\\\/2021\\\/12\\\/01\\\/informe-de-gobierno-2021-amlofest-andres-manuel-lopez-obrador\\\/#breadcrumb\",\"itemListElement\":[{\"@type\":\"ListItem\",\"position\":1,\"name\":\"Inicio\",\"item\":\"https:\\\/\\\/redamlo.com\\\/\"},{\"@type\":\"ListItem\",\"position\":2,\"name\":\"AMLO : &#8220;A pesar de la pandemia y de la crisis, estamos de pie, hemos resistido a las adversidades&#8221;\"}]},{\"@type\":\"WebSite\",\"@id\":\"https:\\\/\\\/redamlo.com\\\/#website\",\"url\":\"https:\\\/\\\/redamlo.com\\\/\",\"name\":\"NOTICIAS DE LA 4T\",\"description\":\"\",\"publisher\":{\"@id\":\"https:\\\/\\\/redamlo.com\\\/#organization\"},\"potentialAction\":[{\"@type\":\"SearchAction\",\"target\":{\"@type\":\"EntryPoint\",\"urlTemplate\":\"https:\\\/\\\/redamlo.com\\\/?s={search_term_string}\"},\"query-input\":{\"@type\":\"PropertyValueSpecification\",\"valueRequired\":true,\"valueName\":\"search_term_string\"}}],\"inLanguage\":\"es\"},{\"@type\":\"Organization\",\"@id\":\"https:\\\/\\\/redamlo.com\\\/#organization\",\"name\":\"NOTICIAS DE LA 4T\",\"url\":\"https:\\\/\\\/redamlo.com\\\/\",\"logo\":{\"@type\":\"ImageObject\",\"inLanguage\":\"es\",\"@id\":\"https:\\\/\\\/redamlo.com\\\/#\\\/schema\\\/logo\\\/image\\\/\",\"url\":\"https:\\\/\\\/redamlo.com\\\/wp-content\\\/uploads\\\/2024\\\/08\\\/cropped-RED-AMLO-logo-50.png\",\"contentUrl\":\"https:\\\/\\\/redamlo.com\\\/wp-content\\\/uploads\\\/2024\\\/08\\\/cropped-RED-AMLO-logo-50.png\",\"width\":256,\"height\":256,\"caption\":\"NOTICIAS DE LA 4T\"},\"image\":{\"@id\":\"https:\\\/\\\/redamlo.com\\\/#\\\/schema\\\/logo\\\/image\\\/\"}},{\"@type\":\"Person\",\"@id\":\"https:\\\/\\\/redamlo.com\\\/#\\\/schema\\\/person\\\/7223a4375eb8f1a782fcae010a7115cf\",\"name\":\"Blanca\",\"image\":{\"@type\":\"ImageObject\",\"inLanguage\":\"es\",\"@id\":\"https:\\\/\\\/secure.gravatar.com\\\/avatar\\\/3f79bc8336367a4e6093eae8757acaaf61d1124834b905616de7829b0273426d?s=96&d=mm&r=g\",\"url\":\"https:\\\/\\\/secure.gravatar.com\\\/avatar\\\/3f79bc8336367a4e6093eae8757acaaf61d1124834b905616de7829b0273426d?s=96&d=mm&r=g\",\"contentUrl\":\"https:\\\/\\\/secure.gravatar.com\\\/avatar\\\/3f79bc8336367a4e6093eae8757acaaf61d1124834b905616de7829b0273426d?s=96&d=mm&r=g\",\"caption\":\"Blanca\"},\"url\":\"https:\\\/\\\/redamlo.com\\\/index.php\\\/author\\\/blanca\\\/\"}]}<\/script>\n<!-- \/ Yoast SEO plugin. -->","yoast_head_json":{"title":"AMLO : \"A pesar de la pandemia y de la crisis, estamos de pie, hemos resistido a las adversidades\" - NOTICIAS DE LA 4T","robots":{"index":"noindex","follow":"follow","max-snippet":"max-snippet:-1","max-image-preview":"max-image-preview:large","max-video-preview":"max-video-preview:-1"},"og_locale":"es_MX","og_type":"article","og_title":"AMLO : \"A pesar de la pandemia y de la crisis, estamos de pie, hemos resistido a las adversidades\" - NOTICIAS DE LA 4T","og_description":"Durante el informe por los tres a\u00f1os de Gobierno del presidente Andr\u00e9s Manuel L\u00f3pez Obrador...","og_url":"https:\/\/redamlo.com\/index.php\/2021\/12\/01\/informe-de-gobierno-2021-amlofest-andres-manuel-lopez-obrador\/","og_site_name":"NOTICIAS DE LA 4T","article_published_time":"2021-12-02T03:50:18+00:00","og_image":[{"width":680,"height":451,"url":"https:\/\/redamlo.com\/wp-content\/uploads\/2021\/12\/info-2021.jpg","type":"image\/jpeg"}],"author":"Blanca","twitter_card":"summary_large_image","twitter_misc":{"Escrito por":"Blanca","Tiempo de lectura":"2 minutos"},"schema":{"@context":"https:\/\/schema.org","@graph":[{"@type":"Article","@id":"https:\/\/redamlo.com\/index.php\/2021\/12\/01\/informe-de-gobierno-2021-amlofest-andres-manuel-lopez-obrador\/#article","isPartOf":{"@id":"https:\/\/redamlo.com\/index.php\/2021\/12\/01\/informe-de-gobierno-2021-amlofest-andres-manuel-lopez-obrador\/"},"author":{"name":"Blanca","@id":"https:\/\/redamlo.com\/#\/schema\/person\/7223a4375eb8f1a782fcae010a7115cf"},"headline":"AMLO : &#8220;A pesar de la pandemia y de la crisis, estamos de pie, hemos resistido a las adversidades&#8221;","datePublished":"2021-12-02T03:50:18+00:00","mainEntityOfPage":{"@id":"https:\/\/redamlo.com\/index.php\/2021\/12\/01\/informe-de-gobierno-2021-amlofest-andres-manuel-lopez-obrador\/"},"wordCount":456,"commentCount":0,"publisher":{"@id":"https:\/\/redamlo.com\/#organization"},"image":{"@id":"https:\/\/redamlo.com\/index.php\/2021\/12\/01\/informe-de-gobierno-2021-amlofest-andres-manuel-lopez-obrador\/#primaryimage"},"thumbnailUrl":"https:\/\/redamlo.com\/wp-content\/uploads\/2021\/12\/info-2021.jpg","articleSection":["Presidencia"],"inLanguage":"es","potentialAction":[{"@type":"CommentAction","name":"Comment","target":["https:\/\/redamlo.com\/index.php\/2021\/12\/01\/informe-de-gobierno-2021-amlofest-andres-manuel-lopez-obrador\/#respond"]}]},{"@type":"WebPage","@id":"https:\/\/redamlo.com\/index.php\/2021\/12\/01\/informe-de-gobierno-2021-amlofest-andres-manuel-lopez-obrador\/","url":"https:\/\/redamlo.com\/index.php\/2021\/12\/01\/informe-de-gobierno-2021-amlofest-andres-manuel-lopez-obrador\/","name":"AMLO : \"A pesar de la pandemia y de la crisis, estamos de pie, hemos resistido a las adversidades\" - NOTICIAS DE LA 4T","isPartOf":{"@id":"https:\/\/redamlo.com\/#website"},"primaryImageOfPage":{"@id":"https:\/\/redamlo.com\/index.php\/2021\/12\/01\/informe-de-gobierno-2021-amlofest-andres-manuel-lopez-obrador\/#primaryimage"},"image":{"@id":"https:\/\/redamlo.com\/index.php\/2021\/12\/01\/informe-de-gobierno-2021-amlofest-andres-manuel-lopez-obrador\/#primaryimage"},"thumbnailUrl":"https:\/\/redamlo.com\/wp-content\/uploads\/2021\/12\/info-2021.jpg","datePublished":"2021-12-02T03:50:18+00:00","breadcrumb":{"@id":"https:\/\/redamlo.com\/index.php\/2021\/12\/01\/informe-de-gobierno-2021-amlofest-andres-manuel-lopez-obrador\/#breadcrumb"},"inLanguage":"es","potentialAction":[{"@type":"ReadAction","target":["https:\/\/redamlo.com\/index.php\/2021\/12\/01\/informe-de-gobierno-2021-amlofest-andres-manuel-lopez-obrador\/"]}]},{"@type":"ImageObject","inLanguage":"es","@id":"https:\/\/redamlo.com\/index.php\/2021\/12\/01\/informe-de-gobierno-2021-amlofest-andres-manuel-lopez-obrador\/#primaryimage","url":"https:\/\/redamlo.com\/wp-content\/uploads\/2021\/12\/info-2021.jpg","contentUrl":"https:\/\/redamlo.com\/wp-content\/uploads\/2021\/12\/info-2021.jpg","width":680,"height":451},{"@type":"BreadcrumbList","@id":"https:\/\/redamlo.com\/index.php\/2021\/12\/01\/informe-de-gobierno-2021-amlofest-andres-manuel-lopez-obrador\/#breadcrumb","itemListElement":[{"@type":"ListItem","position":1,"name":"Inicio","item":"https:\/\/redamlo.com\/"},{"@type":"ListItem","position":2,"name":"AMLO : &#8220;A pesar de la pandemia y de la crisis, estamos de pie, hemos resistido a las adversidades&#8221;"}]},{"@type":"WebSite","@id":"https:\/\/redamlo.com\/#website","url":"https:\/\/redamlo.com\/","name":"NOTICIAS DE LA 4T","description":"","publisher":{"@id":"https:\/\/redamlo.com\/#organization"},"potentialAction":[{"@type":"SearchAction","target":{"@type":"EntryPoint","urlTemplate":"https:\/\/redamlo.com\/?s={search_term_string}"},"query-input":{"@type":"PropertyValueSpecification","valueRequired":true,"valueName":"search_term_string"}}],"inLanguage":"es"},{"@type":"Organization","@id":"https:\/\/redamlo.com\/#organization","name":"NOTICIAS DE LA 4T","url":"https:\/\/redamlo.com\/","logo":{"@type":"ImageObject","inLanguage":"es","@id":"https:\/\/redamlo.com\/#\/schema\/logo\/image\/","url":"https:\/\/redamlo.com\/wp-content\/uploads\/2024\/08\/cropped-RED-AMLO-logo-50.png","contentUrl":"https:\/\/redamlo.com\/wp-content\/uploads\/2024\/08\/cropped-RED-AMLO-logo-50.png","width":256,"height":256,"caption":"NOTICIAS DE LA 4T"},"image":{"@id":"https:\/\/redamlo.com\/#\/schema\/logo\/image\/"}},{"@type":"Person","@id":"https:\/\/redamlo.com\/#\/schema\/person\/7223a4375eb8f1a782fcae010a7115cf","name":"Blanca","image":{"@type":"ImageObject","inLanguage":"es","@id":"https:\/\/secure.gravatar.com\/avatar\/3f79bc8336367a4e6093eae8757acaaf61d1124834b905616de7829b0273426d?s=96&d=mm&r=g","url":"https:\/\/secure.gravatar.com\/avatar\/3f79bc8336367a4e6093eae8757acaaf61d1124834b905616de7829b0273426d?s=96&d=mm&r=g","contentUrl":"https:\/\/secure.gravatar.com\/avatar\/3f79bc8336367a4e6093eae8757acaaf61d1124834b905616de7829b0273426d?s=96&d=mm&r=g","caption":"Blanca"},"url":"https:\/\/redamlo.com\/index.php\/author\/blanca\/"}]}},"_links":{"self":[{"href":"https:\/\/redamlo.com\/index.php\/wp-json\/wp\/v2\/posts\/5853","targetHints":{"allow":["GET"]}}],"collection":[{"href":"https:\/\/redamlo.com\/index.php\/wp-json\/wp\/v2\/posts"}],"about":[{"href":"https:\/\/redamlo.com\/index.php\/wp-json\/wp\/v2\/types\/post"}],"author":[{"embeddable":true,"href":"https:\/\/redamlo.com\/index.php\/wp-json\/wp\/v2\/users\/2"}],"replies":[{"embeddable":true,"href":"https:\/\/redamlo.com\/index.php\/wp-json\/wp\/v2\/comments?post=5853"}],"version-history":[{"count":0,"href":"https:\/\/redamlo.com\/index.php\/wp-json\/wp\/v2\/posts\/5853\/revisions"}],"wp:featuredmedia":[{"embeddable":true,"href":"https:\/\/redamlo.com\/index.php\/wp-json\/wp\/v2\/media\/5855"}],"wp:attachment":[{"href":"https:\/\/redamlo.com\/index.php\/wp-json\/wp\/v2\/media?parent=5853"}],"wp:term":[{"taxonomy":"category","embeddable":true,"href":"https:\/\/redamlo.com\/index.php\/wp-json\/wp\/v2\/categories?post=5853"},{"taxonomy":"post_tag","embeddable":true,"href":"https:\/\/redamlo.com\/index.php\/wp-json\/wp\/v2\/tags?post=5853"}],"curies":[{"name":"wp","href":"https:\/\/api.w.org\/{rel}","templated":true}]}}