{"id":5837,"date":"2021-11-18T12:56:16","date_gmt":"2021-11-18T18:56:16","guid":{"rendered":"https:\/\/redamlo.com\/?p=5837"},"modified":"2021-11-18T12:56:16","modified_gmt":"2021-11-18T18:56:16","slug":"trudeau-elogio-a-amlo-en-inicio-de-reunion-bilateral-agradezco-el-liderazgo-del-presidente-de-mexico","status":"publish","type":"post","link":"https:\/\/redamlo.com\/index.php\/2021\/11\/18\/trudeau-elogio-a-amlo-en-inicio-de-reunion-bilateral-agradezco-el-liderazgo-del-presidente-de-mexico\/","title":{"rendered":"Trudeau elogi\u00f3 a AMLO en inicio de reuni\u00f3n bilateral: &#8220;Agradezco el liderazgo del presidente de M\u00e9xico&#8221;"},"content":{"rendered":"\n\nRealidades.- El primer encuentro de la Cumbre de L\u00edderes de Am\u00e9rica del Norte se desarroll\u00f3 en Washington. Destacaron acuerdos en competividad e inclusi\u00f3n.\n\n \n<figure class=\"wp-block-image\"><img decoding=\"async\" src=\"https:\/\/www.lapoliticaonline.com.mx\/files\/image\/68\/68131\/619688ab50811_940_529!.jpg?s=e6aa455e1fe9c6dadbf4e986cd083fae&amp;d=1637255464\" alt=\"Trudeau elogi\u00f3 a AMLO en inicio de reuni\u00f3n bilateral: &quot;Agradezco el liderazgo del presidente de M\u00e9xico&quot;\" \/><\/figure>\n \n\nLa IX Cumbre de L\u00edderes de Am\u00e9rica del Norte comenz\u00f3 esta ma\u00f1ana en Washington con la primera reuni\u00f3n bilateral entre M\u00e9xico y Canad\u00e1, con el primer ministro Justin Trudeau dedic\u00e1ndole elogios al presidente Andr\u00e9s Manuel L\u00f3pez Obrador.\n\n \n\nDurante una breve comparecencia ante la prensa antes del inicio formal del encuentro, que se desarroll\u00f3 en el\u00a0 Mexican Cultural Institute de la capital estadounidense, Trudeau dijo que estaba &#8220;agradecido&#8221; por el liderazgo del presidente mexicano.\n\n \n\n&#8220;Es un placer para m\u00ed el tener la oportunidad de hablar todos los temas en com\u00fan, los pueblos ind\u00edgenas, la libertad de las mujeres y el hecho de que somos grandes aliados&#8221;, expres\u00f3 el premier canadiense, antes de comenzar la primera reuni\u00f3n presencial entre los dos mandatarios, que debido a la pandemia hab\u00edan tenido que limitar sus encuentro a la virtualidad.\n\n \n<figure class=\"wp-block-embed is-type-rich is-provider-gestor-del-servicio wp-block-embed-gestor-del-servicio wp-embed-aspect-16-9 wp-has-aspect-ratio\">\n<div class=\"wp-block-embed__wrapper\">https:\/\/www.youtube.com\/embed\/iYFXRPSMiQw<\/div><\/figure>\n \n\nPor su parte, el presidente L\u00f3pez Obrador reiter\u00f3, como ya lo hab\u00eda en los dichos previos, que ten\u00eda una muy buena relaci\u00f3n con el gobierno de Trudeau, a quien hab\u00eda tildado de persona \u00edntegra en la ma\u00f1anera del mi\u00e9rcoles.\n\n \n\n&#8220;Estamos muy contentos y como ya lo mencion\u00e9 somos pueblos, naciones hermanas. Estamos muy cerca de Am\u00e9rica del Norte y tenemos muchas cosas en com\u00fan, lo m\u00e1s importante una muy buena relaci\u00f3n de cooperaci\u00f3n y de amistad&#8221;, dijo AMLO.\n\n \n\nA diferencia de lo que ocurre durante sus actos en M\u00e9xico, AMLO luci\u00f3 un cubrebocas durante su comparecencia con Trudeau, quien tambi\u00e9n llevaba uno como es habitual.\n\n \n<figure class=\"wp-block-image size-large\"><img decoding=\"async\" class=\"wp-image-36291\" src=\"https:\/\/realidadesqroo.files.wordpress.com\/2021\/11\/image-25.png?w=577\" alt=\"\" \/><\/figure>\n \n\nComo se esperaba, no hubo una conferencia de prensa tras la reuni\u00f3n de una hora entre los miembros de la delegaciones mexicanas y canadienses, pero la Secretar\u00eda de Relaciones Exteriores inform\u00f3 que ambos presidentes acordaron avanzar en temas de la relaci\u00f3n bilateral.\n\n \n\n&#8220;En el marco del T-MEC, y buscan avanzar hacia una integraci\u00f3n econ\u00f3mica m\u00e1s incluyente, en la que j\u00f3venes, mujeres y miembros de comunidades ind\u00edgenas se beneficien de una mayor cooperaci\u00f3n comercial. Destacan los siguientes avances y acuerdos de la reuni\u00f3n bilateral: se buscar\u00e1 la reconciliaci\u00f3n con los pueblos ind\u00edgenas y poner a comunidades originarias en el centro de las pol\u00edticas p\u00fablicas; combate a la desigualdad a trav\u00e9s de medidas de redistribuci\u00f3n justa de la riqueza; y promover la competitividad de la regi\u00f3n&#8221;, dijo la SRE.\n\n \n<figure class=\"wp-block-embed is-type-rich is-provider-twitter wp-block-embed-twitter\">\n<div class=\"wp-block-embed__wrapper\">https:\/\/twitter.com\/lopezobrador_\/status\/1461371788122890254<\/div><\/figure>\n \n\nTras el encuentro, AMLO acompa\u00f1\u00f3 a su par canadiense por un recorrido por el Instituto Cultural Mexicano, donde le mostr\u00f3 el mural de Roberto Cueva del R\u00edo que se encuentra en sus paredes. Previamente, antes de la llegada de Trudeau, el presidente hab\u00eda salido al balc\u00f3n a saludar a simpatizantes que se hab\u00edan apostado desde la ma\u00f1ana frente al edificio.\n\n \n\nLa agenda del presidente mexicano sigue con una reuni\u00f3n bilateral con la vicepresidente de EU, Kamala Harris, en la Casa Blanca, y luego otra con el presidente Joe Biden, antes del encuentro trilateral, donde se discutir\u00e1n temas como la migraci\u00f3n centroamericana, la producci\u00f3n y habilitaci\u00f3n de vacunas contra el Covid,\u00a0 el cambio clim\u00e1tico y la recuperaci\u00f3n econ\u00f3mica.\n\n \n<figure class=\"wp-block-image size-large\"><img decoding=\"async\" class=\"wp-image-36295\" src=\"https:\/\/realidadesqroo.files.wordpress.com\/2021\/11\/image-26.png?w=1021\" alt=\"\" \/><\/figure>\n \n\nFuente: <a href=\"https:\/\/www.lapoliticaonline.com.mx\/nota\/138920-trudeau-elogia-a-amlo-en-incio-de-reunion-bilateral-agradezco-el-liderazgo-del-presidente-de-mexico\/?fbclid=IwAR3vaoJfnE-C9N_BujLl4yil_1V1Pk4WcHoB0hiwUOViVhgV20aaF_l0Gc4\">LPO<\/a>\n\n","protected":false},"excerpt":{"rendered":"<p>Realidades.- El primer encuentro de la Cumbre de L\u00edderes de Am\u00e9rica del Norte se desarroll\u00f3&#8230;<\/p>\n","protected":false},"author":2,"featured_media":5838,"comment_status":"open","ping_status":"closed","sticky":false,"template":"","format":"standard","meta":{"footnotes":""},"categories":[25,13,5,27],"tags":[1964,84,1965,1966,1967,610,1968,1051,1969,1970],"class_list":["post-5837","post","type-post","status-publish","format-standard","has-post-thumbnail","hentry","category-4t","category-internacionales","category-politica","category-presidencia","tag-acuerdos-de-competividad","tag-amlo","tag-bilateral","tag-elogio","tag-ix-cumbre-de-lideres-de-america-del-norte","tag-liderazgo","tag-mexico-canada","tag-reunion","tag-trudeau","tag-washington"],"yoast_head":"<!-- This site is optimized with the Yoast SEO plugin v27.5 - https:\/\/yoast.com\/product\/yoast-seo-wordpress\/ -->\n<title>Trudeau elogi\u00f3 a AMLO en inicio de reuni\u00f3n bilateral: &quot;Agradezco el liderazgo del presidente de M\u00e9xico&quot; - NOTICIAS DE LA 4T<\/title>\n<meta name=\"robots\" content=\"noindex, follow, max-snippet:-1, max-image-preview:large, max-video-preview:-1\" \/>\n<meta property=\"og:locale\" content=\"es_MX\" \/>\n<meta property=\"og:type\" content=\"article\" \/>\n<meta property=\"og:title\" content=\"Trudeau elogi\u00f3 a AMLO en inicio de reuni\u00f3n bilateral: &quot;Agradezco el liderazgo del presidente de M\u00e9xico&quot; - NOTICIAS DE LA 4T\" \/>\n<meta property=\"og:description\" content=\"Realidades.- El primer encuentro de la Cumbre de L\u00edderes de Am\u00e9rica del Norte se desarroll\u00f3...\" \/>\n<meta property=\"og:url\" content=\"https:\/\/redamlo.com\/index.php\/2021\/11\/18\/trudeau-elogio-a-amlo-en-inicio-de-reunion-bilateral-agradezco-el-liderazgo-del-presidente-de-mexico\/\" \/>\n<meta property=\"og:site_name\" content=\"NOTICIAS DE LA 4T\" \/>\n<meta property=\"article:published_time\" content=\"2021-11-18T18:56:16+00:00\" \/>\n<meta property=\"og:image\" content=\"https:\/\/redamlo.com\/wp-content\/uploads\/2021\/11\/454-15.png\" \/>\n\t<meta property=\"og:image:width\" content=\"940\" \/>\n\t<meta property=\"og:image:height\" content=\"470\" \/>\n\t<meta property=\"og:image:type\" content=\"image\/png\" \/>\n<meta name=\"author\" content=\"Blanca\" \/>\n<meta name=\"twitter:card\" content=\"summary_large_image\" \/>\n<meta name=\"twitter:label1\" content=\"Escrito por\" \/>\n\t<meta name=\"twitter:data1\" content=\"Blanca\" \/>\n\t<meta name=\"twitter:label2\" content=\"Tiempo de lectura\" \/>\n\t<meta name=\"twitter:data2\" content=\"3 minutos\" \/>\n<script type=\"application\/ld+json\" class=\"yoast-schema-graph\">{\"@context\":\"https:\\\/\\\/schema.org\",\"@graph\":[{\"@type\":\"Article\",\"@id\":\"https:\\\/\\\/redamlo.com\\\/index.php\\\/2021\\\/11\\\/18\\\/trudeau-elogio-a-amlo-en-inicio-de-reunion-bilateral-agradezco-el-liderazgo-del-presidente-de-mexico\\\/#article\",\"isPartOf\":{\"@id\":\"https:\\\/\\\/redamlo.com\\\/index.php\\\/2021\\\/11\\\/18\\\/trudeau-elogio-a-amlo-en-inicio-de-reunion-bilateral-agradezco-el-liderazgo-del-presidente-de-mexico\\\/\"},\"author\":{\"name\":\"Blanca\",\"@id\":\"https:\\\/\\\/redamlo.com\\\/#\\\/schema\\\/person\\\/7223a4375eb8f1a782fcae010a7115cf\"},\"headline\":\"Trudeau elogi\u00f3 a AMLO en inicio de reuni\u00f3n bilateral: &#8220;Agradezco el liderazgo del presidente de M\u00e9xico&#8221;\",\"datePublished\":\"2021-11-18T18:56:16+00:00\",\"mainEntityOfPage\":{\"@id\":\"https:\\\/\\\/redamlo.com\\\/index.php\\\/2021\\\/11\\\/18\\\/trudeau-elogio-a-amlo-en-inicio-de-reunion-bilateral-agradezco-el-liderazgo-del-presidente-de-mexico\\\/\"},\"wordCount\":597,\"commentCount\":0,\"publisher\":{\"@id\":\"https:\\\/\\\/redamlo.com\\\/#organization\"},\"image\":{\"@id\":\"https:\\\/\\\/redamlo.com\\\/index.php\\\/2021\\\/11\\\/18\\\/trudeau-elogio-a-amlo-en-inicio-de-reunion-bilateral-agradezco-el-liderazgo-del-presidente-de-mexico\\\/#primaryimage\"},\"thumbnailUrl\":\"https:\\\/\\\/redamlo.com\\\/wp-content\\\/uploads\\\/2021\\\/11\\\/454-15.png\",\"keywords\":[\"Acuerdos de competividad\",\"AMLO\",\"Bilateral\",\"Elogi\u00f3\",\"IX Cumbre de L\u00edderes de America del Norte\",\"liderazgo\",\"M\u00e9xico-Canad\u00e1\",\"reuni\u00f3n\",\"Trudeau\",\"Washington\"],\"articleSection\":[\"4T\",\"Internacionales\",\"Pol\u00edtica\",\"Presidencia\"],\"inLanguage\":\"es\",\"potentialAction\":[{\"@type\":\"CommentAction\",\"name\":\"Comment\",\"target\":[\"https:\\\/\\\/redamlo.com\\\/index.php\\\/2021\\\/11\\\/18\\\/trudeau-elogio-a-amlo-en-inicio-de-reunion-bilateral-agradezco-el-liderazgo-del-presidente-de-mexico\\\/#respond\"]}]},{\"@type\":\"WebPage\",\"@id\":\"https:\\\/\\\/redamlo.com\\\/index.php\\\/2021\\\/11\\\/18\\\/trudeau-elogio-a-amlo-en-inicio-de-reunion-bilateral-agradezco-el-liderazgo-del-presidente-de-mexico\\\/\",\"url\":\"https:\\\/\\\/redamlo.com\\\/index.php\\\/2021\\\/11\\\/18\\\/trudeau-elogio-a-amlo-en-inicio-de-reunion-bilateral-agradezco-el-liderazgo-del-presidente-de-mexico\\\/\",\"name\":\"Trudeau elogi\u00f3 a AMLO en inicio de reuni\u00f3n bilateral: \\\"Agradezco el liderazgo del presidente de M\u00e9xico\\\" - NOTICIAS DE LA 4T\",\"isPartOf\":{\"@id\":\"https:\\\/\\\/redamlo.com\\\/#website\"},\"primaryImageOfPage\":{\"@id\":\"https:\\\/\\\/redamlo.com\\\/index.php\\\/2021\\\/11\\\/18\\\/trudeau-elogio-a-amlo-en-inicio-de-reunion-bilateral-agradezco-el-liderazgo-del-presidente-de-mexico\\\/#primaryimage\"},\"image\":{\"@id\":\"https:\\\/\\\/redamlo.com\\\/index.php\\\/2021\\\/11\\\/18\\\/trudeau-elogio-a-amlo-en-inicio-de-reunion-bilateral-agradezco-el-liderazgo-del-presidente-de-mexico\\\/#primaryimage\"},\"thumbnailUrl\":\"https:\\\/\\\/redamlo.com\\\/wp-content\\\/uploads\\\/2021\\\/11\\\/454-15.png\",\"datePublished\":\"2021-11-18T18:56:16+00:00\",\"breadcrumb\":{\"@id\":\"https:\\\/\\\/redamlo.com\\\/index.php\\\/2021\\\/11\\\/18\\\/trudeau-elogio-a-amlo-en-inicio-de-reunion-bilateral-agradezco-el-liderazgo-del-presidente-de-mexico\\\/#breadcrumb\"},\"inLanguage\":\"es\",\"potentialAction\":[{\"@type\":\"ReadAction\",\"target\":[\"https:\\\/\\\/redamlo.com\\\/index.php\\\/2021\\\/11\\\/18\\\/trudeau-elogio-a-amlo-en-inicio-de-reunion-bilateral-agradezco-el-liderazgo-del-presidente-de-mexico\\\/\"]}]},{\"@type\":\"ImageObject\",\"inLanguage\":\"es\",\"@id\":\"https:\\\/\\\/redamlo.com\\\/index.php\\\/2021\\\/11\\\/18\\\/trudeau-elogio-a-amlo-en-inicio-de-reunion-bilateral-agradezco-el-liderazgo-del-presidente-de-mexico\\\/#primaryimage\",\"url\":\"https:\\\/\\\/redamlo.com\\\/wp-content\\\/uploads\\\/2021\\\/11\\\/454-15.png\",\"contentUrl\":\"https:\\\/\\\/redamlo.com\\\/wp-content\\\/uploads\\\/2021\\\/11\\\/454-15.png\",\"width\":940,\"height\":470},{\"@type\":\"BreadcrumbList\",\"@id\":\"https:\\\/\\\/redamlo.com\\\/index.php\\\/2021\\\/11\\\/18\\\/trudeau-elogio-a-amlo-en-inicio-de-reunion-bilateral-agradezco-el-liderazgo-del-presidente-de-mexico\\\/#breadcrumb\",\"itemListElement\":[{\"@type\":\"ListItem\",\"position\":1,\"name\":\"Inicio\",\"item\":\"https:\\\/\\\/redamlo.com\\\/\"},{\"@type\":\"ListItem\",\"position\":2,\"name\":\"Trudeau elogi\u00f3 a AMLO en inicio de reuni\u00f3n bilateral: &#8220;Agradezco el liderazgo del presidente de M\u00e9xico&#8221;\"}]},{\"@type\":\"WebSite\",\"@id\":\"https:\\\/\\\/redamlo.com\\\/#website\",\"url\":\"https:\\\/\\\/redamlo.com\\\/\",\"name\":\"NOTICIAS DE LA 4T\",\"description\":\"\",\"publisher\":{\"@id\":\"https:\\\/\\\/redamlo.com\\\/#organization\"},\"potentialAction\":[{\"@type\":\"SearchAction\",\"target\":{\"@type\":\"EntryPoint\",\"urlTemplate\":\"https:\\\/\\\/redamlo.com\\\/?s={search_term_string}\"},\"query-input\":{\"@type\":\"PropertyValueSpecification\",\"valueRequired\":true,\"valueName\":\"search_term_string\"}}],\"inLanguage\":\"es\"},{\"@type\":\"Organization\",\"@id\":\"https:\\\/\\\/redamlo.com\\\/#organization\",\"name\":\"NOTICIAS DE LA 4T\",\"url\":\"https:\\\/\\\/redamlo.com\\\/\",\"logo\":{\"@type\":\"ImageObject\",\"inLanguage\":\"es\",\"@id\":\"https:\\\/\\\/redamlo.com\\\/#\\\/schema\\\/logo\\\/image\\\/\",\"url\":\"https:\\\/\\\/redamlo.com\\\/wp-content\\\/uploads\\\/2024\\\/08\\\/cropped-RED-AMLO-logo-50.png\",\"contentUrl\":\"https:\\\/\\\/redamlo.com\\\/wp-content\\\/uploads\\\/2024\\\/08\\\/cropped-RED-AMLO-logo-50.png\",\"width\":256,\"height\":256,\"caption\":\"NOTICIAS DE LA 4T\"},\"image\":{\"@id\":\"https:\\\/\\\/redamlo.com\\\/#\\\/schema\\\/logo\\\/image\\\/\"}},{\"@type\":\"Person\",\"@id\":\"https:\\\/\\\/redamlo.com\\\/#\\\/schema\\\/person\\\/7223a4375eb8f1a782fcae010a7115cf\",\"name\":\"Blanca\",\"image\":{\"@type\":\"ImageObject\",\"inLanguage\":\"es\",\"@id\":\"https:\\\/\\\/secure.gravatar.com\\\/avatar\\\/3f79bc8336367a4e6093eae8757acaaf61d1124834b905616de7829b0273426d?s=96&d=mm&r=g\",\"url\":\"https:\\\/\\\/secure.gravatar.com\\\/avatar\\\/3f79bc8336367a4e6093eae8757acaaf61d1124834b905616de7829b0273426d?s=96&d=mm&r=g\",\"contentUrl\":\"https:\\\/\\\/secure.gravatar.com\\\/avatar\\\/3f79bc8336367a4e6093eae8757acaaf61d1124834b905616de7829b0273426d?s=96&d=mm&r=g\",\"caption\":\"Blanca\"},\"url\":\"https:\\\/\\\/redamlo.com\\\/index.php\\\/author\\\/blanca\\\/\"}]}<\/script>\n<!-- \/ Yoast SEO plugin. -->","yoast_head_json":{"title":"Trudeau elogi\u00f3 a AMLO en inicio de reuni\u00f3n bilateral: \"Agradezco el liderazgo del presidente de M\u00e9xico\" - NOTICIAS DE LA 4T","robots":{"index":"noindex","follow":"follow","max-snippet":"max-snippet:-1","max-image-preview":"max-image-preview:large","max-video-preview":"max-video-preview:-1"},"og_locale":"es_MX","og_type":"article","og_title":"Trudeau elogi\u00f3 a AMLO en inicio de reuni\u00f3n bilateral: \"Agradezco el liderazgo del presidente de M\u00e9xico\" - NOTICIAS DE LA 4T","og_description":"Realidades.- El primer encuentro de la Cumbre de L\u00edderes de Am\u00e9rica del Norte se desarroll\u00f3...","og_url":"https:\/\/redamlo.com\/index.php\/2021\/11\/18\/trudeau-elogio-a-amlo-en-inicio-de-reunion-bilateral-agradezco-el-liderazgo-del-presidente-de-mexico\/","og_site_name":"NOTICIAS DE LA 4T","article_published_time":"2021-11-18T18:56:16+00:00","og_image":[{"width":940,"height":470,"url":"https:\/\/redamlo.com\/wp-content\/uploads\/2021\/11\/454-15.png","type":"image\/png"}],"author":"Blanca","twitter_card":"summary_large_image","twitter_misc":{"Escrito por":"Blanca","Tiempo de lectura":"3 minutos"},"schema":{"@context":"https:\/\/schema.org","@graph":[{"@type":"Article","@id":"https:\/\/redamlo.com\/index.php\/2021\/11\/18\/trudeau-elogio-a-amlo-en-inicio-de-reunion-bilateral-agradezco-el-liderazgo-del-presidente-de-mexico\/#article","isPartOf":{"@id":"https:\/\/redamlo.com\/index.php\/2021\/11\/18\/trudeau-elogio-a-amlo-en-inicio-de-reunion-bilateral-agradezco-el-liderazgo-del-presidente-de-mexico\/"},"author":{"name":"Blanca","@id":"https:\/\/redamlo.com\/#\/schema\/person\/7223a4375eb8f1a782fcae010a7115cf"},"headline":"Trudeau elogi\u00f3 a AMLO en inicio de reuni\u00f3n bilateral: &#8220;Agradezco el liderazgo del presidente de M\u00e9xico&#8221;","datePublished":"2021-11-18T18:56:16+00:00","mainEntityOfPage":{"@id":"https:\/\/redamlo.com\/index.php\/2021\/11\/18\/trudeau-elogio-a-amlo-en-inicio-de-reunion-bilateral-agradezco-el-liderazgo-del-presidente-de-mexico\/"},"wordCount":597,"commentCount":0,"publisher":{"@id":"https:\/\/redamlo.com\/#organization"},"image":{"@id":"https:\/\/redamlo.com\/index.php\/2021\/11\/18\/trudeau-elogio-a-amlo-en-inicio-de-reunion-bilateral-agradezco-el-liderazgo-del-presidente-de-mexico\/#primaryimage"},"thumbnailUrl":"https:\/\/redamlo.com\/wp-content\/uploads\/2021\/11\/454-15.png","keywords":["Acuerdos de competividad","AMLO","Bilateral","Elogi\u00f3","IX Cumbre de L\u00edderes de America del Norte","liderazgo","M\u00e9xico-Canad\u00e1","reuni\u00f3n","Trudeau","Washington"],"articleSection":["4T","Internacionales","Pol\u00edtica","Presidencia"],"inLanguage":"es","potentialAction":[{"@type":"CommentAction","name":"Comment","target":["https:\/\/redamlo.com\/index.php\/2021\/11\/18\/trudeau-elogio-a-amlo-en-inicio-de-reunion-bilateral-agradezco-el-liderazgo-del-presidente-de-mexico\/#respond"]}]},{"@type":"WebPage","@id":"https:\/\/redamlo.com\/index.php\/2021\/11\/18\/trudeau-elogio-a-amlo-en-inicio-de-reunion-bilateral-agradezco-el-liderazgo-del-presidente-de-mexico\/","url":"https:\/\/redamlo.com\/index.php\/2021\/11\/18\/trudeau-elogio-a-amlo-en-inicio-de-reunion-bilateral-agradezco-el-liderazgo-del-presidente-de-mexico\/","name":"Trudeau elogi\u00f3 a AMLO en inicio de reuni\u00f3n bilateral: \"Agradezco el liderazgo del presidente de M\u00e9xico\" - NOTICIAS DE LA 4T","isPartOf":{"@id":"https:\/\/redamlo.com\/#website"},"primaryImageOfPage":{"@id":"https:\/\/redamlo.com\/index.php\/2021\/11\/18\/trudeau-elogio-a-amlo-en-inicio-de-reunion-bilateral-agradezco-el-liderazgo-del-presidente-de-mexico\/#primaryimage"},"image":{"@id":"https:\/\/redamlo.com\/index.php\/2021\/11\/18\/trudeau-elogio-a-amlo-en-inicio-de-reunion-bilateral-agradezco-el-liderazgo-del-presidente-de-mexico\/#primaryimage"},"thumbnailUrl":"https:\/\/redamlo.com\/wp-content\/uploads\/2021\/11\/454-15.png","datePublished":"2021-11-18T18:56:16+00:00","breadcrumb":{"@id":"https:\/\/redamlo.com\/index.php\/2021\/11\/18\/trudeau-elogio-a-amlo-en-inicio-de-reunion-bilateral-agradezco-el-liderazgo-del-presidente-de-mexico\/#breadcrumb"},"inLanguage":"es","potentialAction":[{"@type":"ReadAction","target":["https:\/\/redamlo.com\/index.php\/2021\/11\/18\/trudeau-elogio-a-amlo-en-inicio-de-reunion-bilateral-agradezco-el-liderazgo-del-presidente-de-mexico\/"]}]},{"@type":"ImageObject","inLanguage":"es","@id":"https:\/\/redamlo.com\/index.php\/2021\/11\/18\/trudeau-elogio-a-amlo-en-inicio-de-reunion-bilateral-agradezco-el-liderazgo-del-presidente-de-mexico\/#primaryimage","url":"https:\/\/redamlo.com\/wp-content\/uploads\/2021\/11\/454-15.png","contentUrl":"https:\/\/redamlo.com\/wp-content\/uploads\/2021\/11\/454-15.png","width":940,"height":470},{"@type":"BreadcrumbList","@id":"https:\/\/redamlo.com\/index.php\/2021\/11\/18\/trudeau-elogio-a-amlo-en-inicio-de-reunion-bilateral-agradezco-el-liderazgo-del-presidente-de-mexico\/#breadcrumb","itemListElement":[{"@type":"ListItem","position":1,"name":"Inicio","item":"https:\/\/redamlo.com\/"},{"@type":"ListItem","position":2,"name":"Trudeau elogi\u00f3 a AMLO en inicio de reuni\u00f3n bilateral: &#8220;Agradezco el liderazgo del presidente de M\u00e9xico&#8221;"}]},{"@type":"WebSite","@id":"https:\/\/redamlo.com\/#website","url":"https:\/\/redamlo.com\/","name":"NOTICIAS DE LA 4T","description":"","publisher":{"@id":"https:\/\/redamlo.com\/#organization"},"potentialAction":[{"@type":"SearchAction","target":{"@type":"EntryPoint","urlTemplate":"https:\/\/redamlo.com\/?s={search_term_string}"},"query-input":{"@type":"PropertyValueSpecification","valueRequired":true,"valueName":"search_term_string"}}],"inLanguage":"es"},{"@type":"Organization","@id":"https:\/\/redamlo.com\/#organization","name":"NOTICIAS DE LA 4T","url":"https:\/\/redamlo.com\/","logo":{"@type":"ImageObject","inLanguage":"es","@id":"https:\/\/redamlo.com\/#\/schema\/logo\/image\/","url":"https:\/\/redamlo.com\/wp-content\/uploads\/2024\/08\/cropped-RED-AMLO-logo-50.png","contentUrl":"https:\/\/redamlo.com\/wp-content\/uploads\/2024\/08\/cropped-RED-AMLO-logo-50.png","width":256,"height":256,"caption":"NOTICIAS DE LA 4T"},"image":{"@id":"https:\/\/redamlo.com\/#\/schema\/logo\/image\/"}},{"@type":"Person","@id":"https:\/\/redamlo.com\/#\/schema\/person\/7223a4375eb8f1a782fcae010a7115cf","name":"Blanca","image":{"@type":"ImageObject","inLanguage":"es","@id":"https:\/\/secure.gravatar.com\/avatar\/3f79bc8336367a4e6093eae8757acaaf61d1124834b905616de7829b0273426d?s=96&d=mm&r=g","url":"https:\/\/secure.gravatar.com\/avatar\/3f79bc8336367a4e6093eae8757acaaf61d1124834b905616de7829b0273426d?s=96&d=mm&r=g","contentUrl":"https:\/\/secure.gravatar.com\/avatar\/3f79bc8336367a4e6093eae8757acaaf61d1124834b905616de7829b0273426d?s=96&d=mm&r=g","caption":"Blanca"},"url":"https:\/\/redamlo.com\/index.php\/author\/blanca\/"}]}},"_links":{"self":[{"href":"https:\/\/redamlo.com\/index.php\/wp-json\/wp\/v2\/posts\/5837","targetHints":{"allow":["GET"]}}],"collection":[{"href":"https:\/\/redamlo.com\/index.php\/wp-json\/wp\/v2\/posts"}],"about":[{"href":"https:\/\/redamlo.com\/index.php\/wp-json\/wp\/v2\/types\/post"}],"author":[{"embeddable":true,"href":"https:\/\/redamlo.com\/index.php\/wp-json\/wp\/v2\/users\/2"}],"replies":[{"embeddable":true,"href":"https:\/\/redamlo.com\/index.php\/wp-json\/wp\/v2\/comments?post=5837"}],"version-history":[{"count":0,"href":"https:\/\/redamlo.com\/index.php\/wp-json\/wp\/v2\/posts\/5837\/revisions"}],"wp:featuredmedia":[{"embeddable":true,"href":"https:\/\/redamlo.com\/index.php\/wp-json\/wp\/v2\/media\/5838"}],"wp:attachment":[{"href":"https:\/\/redamlo.com\/index.php\/wp-json\/wp\/v2\/media?parent=5837"}],"wp:term":[{"taxonomy":"category","embeddable":true,"href":"https:\/\/redamlo.com\/index.php\/wp-json\/wp\/v2\/categories?post=5837"},{"taxonomy":"post_tag","embeddable":true,"href":"https:\/\/redamlo.com\/index.php\/wp-json\/wp\/v2\/tags?post=5837"}],"curies":[{"name":"wp","href":"https:\/\/api.w.org\/{rel}","templated":true}]}}