{"id":5807,"date":"2021-11-15T18:29:57","date_gmt":"2021-11-16T00:29:57","guid":{"rendered":"https:\/\/redamlo.com\/?p=5807"},"modified":"2021-11-15T18:29:57","modified_gmt":"2021-11-16T00:29:57","slug":"austeridad-gobierno-de-guerrero-subasta-42-camionetas-de-lujo-y-blindadas","status":"publish","type":"post","link":"https:\/\/redamlo.com\/index.php\/2021\/11\/15\/austeridad-gobierno-de-guerrero-subasta-42-camionetas-de-lujo-y-blindadas\/","title":{"rendered":"AUSTERIDAD: Gobierno de Guerrero subasta 42 camionetas de lujo y blindadas"},"content":{"rendered":"<p data-reader-unique-id=\"12\">Realidades.- La gobernadora de Guerrero, <span data-reader-unique-id=\"14\">Evelyn Salgado Pineda<\/span>, anunci\u00f3 la subasta de 42 camionetas del gobierno del estado.<\/p>\n<p data-reader-unique-id=\"21\">De acuerdo con la gobernadora, con la subasta de los veh\u00edculos se busca recuperar 22 millones de pesos en beneficio del estado.<\/p>\n<p data-reader-unique-id=\"23\">Salgado Pineda anunci\u00f3 que de las 42 camionetas que ser\u00e1n subastadas, 35 est\u00e1n blindadas; adem\u00e1s, dos motocicletas, una de ella\u00a0<a href=\"https:\/\/regeneracion.mx\/pese-aranceles-bmw-inaugura-planta-de-mil-millones-de-dolares-en-slp\/\" data-reader-unique-id=\"24\">BMW<\/a>.<\/p>\n<p data-reader-unique-id=\"25\">\n<p data-reader-unique-id=\"30\">Los veh\u00edculos fueron adquiridos entre 2015 y 2021, por un monto total de\u00a0<span data-reader-unique-id=\"31\">93 millones 043 mil pesos.<\/span>\u00a0Sin embargo, debido a la depreciaci\u00f3n se espera recuperar 22 millones 300 mil pesos.<\/p>\n<p data-reader-unique-id=\"40\">La mandataria estatal dijo que el mantenimiento de los veh\u00edculos representa un gasto para el gobierno del estado de\u00a0<span data-reader-unique-id=\"41\">700 mil pesos mensuales.<\/span><\/p>\n<h3 data-reader-unique-id=\"42\"><span data-reader-unique-id=\"43\">El dinero de la subasta ser\u00e1 para un albergue en Acapulco: Salgado Pineda<\/span><\/h3>\n<p data-reader-unique-id=\"44\">La gobernadora se\u00f1al\u00f3 que el dinero que se obtenga de la subasta de los veh\u00edculos ser\u00e1 para la construcci\u00f3n de un albergue en\u00a0<a href=\"https:\/\/regeneracion.mx\/motin-en-prision-de-acapulco-reclusos-piden-respeto-a-sus-derechos-humanos\/\" data-reader-unique-id=\"45\">Acapulco<\/a>\u00a0para familiares de menores con c\u00e1ncer.<\/p>\n<p data-reader-unique-id=\"46\">Adem\u00e1s, se destinar\u00e1 el recurso para la creaci\u00f3n de unidades de di\u00e1lisis y hemodi\u00e1lisis.<\/p>\n<p data-reader-unique-id=\"47\">Salgado Pineda adelant\u00f3 que se dar\u00e1n a conocer otras acciones para que se conozca el destino del presupuesto del estado.<\/p>\n<p data-reader-unique-id=\"48\"><span data-reader-unique-id=\"49\">\u00abMuy pronto habr\u00e1 una segunda etapa donde vamos a dar a conocer otras acciones que van encaminadas al ejercicio transparente, austero y eficiente del presupuesto p\u00fablico\u201d,<\/span>\u00a0indic\u00f3.<\/p>\n<p data-reader-unique-id=\"58\">Adem\u00e1s,\u00a0<span data-reader-unique-id=\"59\">Salgado Pineda<\/span>\u00a0destac\u00f3 que su administraci\u00f3n no permitir\u00e1 el derroche para la adquisici\u00f3n de veh\u00edculos de lujo.<\/p>\n<p data-reader-unique-id=\"60\">En el estacionamiento del Auditorio Sentimientos de la Naci\u00f3n, el secretario de Finanzas y Administraci\u00f3n,\u00a0<span data-reader-unique-id=\"61\">Raymundo Segura Estrada<\/span>, se\u00f1al\u00f3 que con la venta de las camionetas de lujo, se inicia el combate a la corrupci\u00f3n.<\/p>\n<p data-reader-unique-id=\"62\">El funcionario estatal se\u00f1al\u00f3 que el 26 de noviembre se llevar\u00e1 a cabo la recepci\u00f3n y apertura de ofertas econ\u00f3micas para la adquisici\u00f3n de los veh\u00edculos.<\/p>\n<p data-reader-unique-id=\"62\">Fuente<a href=\"https:\/\/www.guruchuirer.com\/guru6146.htm?fbclid=IwAR2mcKIH_HsbEMRiJgPel3n4NOat_hSqXXk9Tm16qWnlN3Qi5i573mnXNuU\">: guruchuirier.com<\/a><\/p>\n","protected":false},"excerpt":{"rendered":"<p>Realidades.- La gobernadora de Guerrero, Evelyn Salgado Pineda, anunci\u00f3 la subasta de 42 camionetas del&#8230;<\/p>\n","protected":false},"author":2,"featured_media":5808,"comment_status":"open","ping_status":"closed","sticky":false,"template":"","format":"standard","meta":{"footnotes":""},"categories":[25,6],"tags":[1922,1923,766,1924,1925,1926,1927,1928,1929,1930],"class_list":["post-5807","post","type-post","status-publish","format-standard","has-post-thumbnail","hentry","category-4t","category-estados","tag-42-unidades","tag-albergue-en-acapulco","tag-austeridad","tag-blindadas-y-de-lujo","tag-evelyn-salgado","tag-gobernadora-de-guerrero","tag-gobierno-de-guerrero","tag-gobierno-del-estado","tag-pineda","tag-subasta-42-camionetas"],"yoast_head":"<!-- This site is optimized with the Yoast SEO plugin v27.5 - https:\/\/yoast.com\/product\/yoast-seo-wordpress\/ -->\n<title>AUSTERIDAD: Gobierno de Guerrero subasta 42 camionetas de lujo y blindadas - NOTICIAS DE LA 4T<\/title>\n<meta name=\"robots\" content=\"noindex, follow, max-snippet:-1, max-image-preview:large, max-video-preview:-1\" \/>\n<meta property=\"og:locale\" content=\"es_MX\" \/>\n<meta property=\"og:type\" content=\"article\" \/>\n<meta property=\"og:title\" content=\"AUSTERIDAD: Gobierno de Guerrero subasta 42 camionetas de lujo y blindadas - NOTICIAS DE LA 4T\" \/>\n<meta property=\"og:description\" content=\"Realidades.- La gobernadora de Guerrero, Evelyn Salgado Pineda, anunci\u00f3 la subasta de 42 camionetas del...\" \/>\n<meta property=\"og:url\" content=\"https:\/\/redamlo.com\/index.php\/2021\/11\/15\/austeridad-gobierno-de-guerrero-subasta-42-camionetas-de-lujo-y-blindadas\/\" \/>\n<meta property=\"og:site_name\" content=\"NOTICIAS DE LA 4T\" \/>\n<meta property=\"article:published_time\" content=\"2021-11-16T00:29:57+00:00\" \/>\n<meta property=\"og:image\" content=\"https:\/\/redamlo.com\/wp-content\/uploads\/2021\/11\/454-10.png\" \/>\n\t<meta property=\"og:image:width\" content=\"960\" \/>\n\t<meta property=\"og:image:height\" content=\"960\" \/>\n\t<meta property=\"og:image:type\" content=\"image\/png\" \/>\n<meta name=\"author\" content=\"Blanca\" \/>\n<meta name=\"twitter:card\" content=\"summary_large_image\" \/>\n<meta name=\"twitter:label1\" content=\"Escrito por\" \/>\n\t<meta name=\"twitter:data1\" content=\"Blanca\" \/>\n\t<meta name=\"twitter:label2\" content=\"Tiempo de lectura\" \/>\n\t<meta name=\"twitter:data2\" content=\"2 minutos\" \/>\n<script type=\"application\/ld+json\" class=\"yoast-schema-graph\">{\"@context\":\"https:\\\/\\\/schema.org\",\"@graph\":[{\"@type\":\"Article\",\"@id\":\"https:\\\/\\\/redamlo.com\\\/index.php\\\/2021\\\/11\\\/15\\\/austeridad-gobierno-de-guerrero-subasta-42-camionetas-de-lujo-y-blindadas\\\/#article\",\"isPartOf\":{\"@id\":\"https:\\\/\\\/redamlo.com\\\/index.php\\\/2021\\\/11\\\/15\\\/austeridad-gobierno-de-guerrero-subasta-42-camionetas-de-lujo-y-blindadas\\\/\"},\"author\":{\"name\":\"Blanca\",\"@id\":\"https:\\\/\\\/redamlo.com\\\/#\\\/schema\\\/person\\\/7223a4375eb8f1a782fcae010a7115cf\"},\"headline\":\"AUSTERIDAD: Gobierno de Guerrero subasta 42 camionetas de lujo y blindadas\",\"datePublished\":\"2021-11-16T00:29:57+00:00\",\"mainEntityOfPage\":{\"@id\":\"https:\\\/\\\/redamlo.com\\\/index.php\\\/2021\\\/11\\\/15\\\/austeridad-gobierno-de-guerrero-subasta-42-camionetas-de-lujo-y-blindadas\\\/\"},\"wordCount\":331,\"commentCount\":0,\"publisher\":{\"@id\":\"https:\\\/\\\/redamlo.com\\\/#organization\"},\"image\":{\"@id\":\"https:\\\/\\\/redamlo.com\\\/index.php\\\/2021\\\/11\\\/15\\\/austeridad-gobierno-de-guerrero-subasta-42-camionetas-de-lujo-y-blindadas\\\/#primaryimage\"},\"thumbnailUrl\":\"https:\\\/\\\/redamlo.com\\\/wp-content\\\/uploads\\\/2021\\\/11\\\/454-10.png\",\"keywords\":[\"42 Unidades\",\"Albergue en Acapulco\",\"austeridad\",\"Blindadas y de Lujo\",\"Evelyn Salgado\",\"Gobernadora de Guerrero\",\"Gobierno de Guerrero\",\"Gobierno del Estado\",\"Pineda\",\"Subasta 42 Camionetas\"],\"articleSection\":[\"4T\",\"Estados\"],\"inLanguage\":\"es\",\"potentialAction\":[{\"@type\":\"CommentAction\",\"name\":\"Comment\",\"target\":[\"https:\\\/\\\/redamlo.com\\\/index.php\\\/2021\\\/11\\\/15\\\/austeridad-gobierno-de-guerrero-subasta-42-camionetas-de-lujo-y-blindadas\\\/#respond\"]}]},{\"@type\":\"WebPage\",\"@id\":\"https:\\\/\\\/redamlo.com\\\/index.php\\\/2021\\\/11\\\/15\\\/austeridad-gobierno-de-guerrero-subasta-42-camionetas-de-lujo-y-blindadas\\\/\",\"url\":\"https:\\\/\\\/redamlo.com\\\/index.php\\\/2021\\\/11\\\/15\\\/austeridad-gobierno-de-guerrero-subasta-42-camionetas-de-lujo-y-blindadas\\\/\",\"name\":\"AUSTERIDAD: Gobierno de Guerrero subasta 42 camionetas de lujo y blindadas - NOTICIAS DE LA 4T\",\"isPartOf\":{\"@id\":\"https:\\\/\\\/redamlo.com\\\/#website\"},\"primaryImageOfPage\":{\"@id\":\"https:\\\/\\\/redamlo.com\\\/index.php\\\/2021\\\/11\\\/15\\\/austeridad-gobierno-de-guerrero-subasta-42-camionetas-de-lujo-y-blindadas\\\/#primaryimage\"},\"image\":{\"@id\":\"https:\\\/\\\/redamlo.com\\\/index.php\\\/2021\\\/11\\\/15\\\/austeridad-gobierno-de-guerrero-subasta-42-camionetas-de-lujo-y-blindadas\\\/#primaryimage\"},\"thumbnailUrl\":\"https:\\\/\\\/redamlo.com\\\/wp-content\\\/uploads\\\/2021\\\/11\\\/454-10.png\",\"datePublished\":\"2021-11-16T00:29:57+00:00\",\"breadcrumb\":{\"@id\":\"https:\\\/\\\/redamlo.com\\\/index.php\\\/2021\\\/11\\\/15\\\/austeridad-gobierno-de-guerrero-subasta-42-camionetas-de-lujo-y-blindadas\\\/#breadcrumb\"},\"inLanguage\":\"es\",\"potentialAction\":[{\"@type\":\"ReadAction\",\"target\":[\"https:\\\/\\\/redamlo.com\\\/index.php\\\/2021\\\/11\\\/15\\\/austeridad-gobierno-de-guerrero-subasta-42-camionetas-de-lujo-y-blindadas\\\/\"]}]},{\"@type\":\"ImageObject\",\"inLanguage\":\"es\",\"@id\":\"https:\\\/\\\/redamlo.com\\\/index.php\\\/2021\\\/11\\\/15\\\/austeridad-gobierno-de-guerrero-subasta-42-camionetas-de-lujo-y-blindadas\\\/#primaryimage\",\"url\":\"https:\\\/\\\/redamlo.com\\\/wp-content\\\/uploads\\\/2021\\\/11\\\/454-10.png\",\"contentUrl\":\"https:\\\/\\\/redamlo.com\\\/wp-content\\\/uploads\\\/2021\\\/11\\\/454-10.png\",\"width\":960,\"height\":960},{\"@type\":\"BreadcrumbList\",\"@id\":\"https:\\\/\\\/redamlo.com\\\/index.php\\\/2021\\\/11\\\/15\\\/austeridad-gobierno-de-guerrero-subasta-42-camionetas-de-lujo-y-blindadas\\\/#breadcrumb\",\"itemListElement\":[{\"@type\":\"ListItem\",\"position\":1,\"name\":\"Inicio\",\"item\":\"https:\\\/\\\/redamlo.com\\\/\"},{\"@type\":\"ListItem\",\"position\":2,\"name\":\"AUSTERIDAD: Gobierno de Guerrero subasta 42 camionetas de lujo y blindadas\"}]},{\"@type\":\"WebSite\",\"@id\":\"https:\\\/\\\/redamlo.com\\\/#website\",\"url\":\"https:\\\/\\\/redamlo.com\\\/\",\"name\":\"NOTICIAS DE LA 4T\",\"description\":\"\",\"publisher\":{\"@id\":\"https:\\\/\\\/redamlo.com\\\/#organization\"},\"potentialAction\":[{\"@type\":\"SearchAction\",\"target\":{\"@type\":\"EntryPoint\",\"urlTemplate\":\"https:\\\/\\\/redamlo.com\\\/?s={search_term_string}\"},\"query-input\":{\"@type\":\"PropertyValueSpecification\",\"valueRequired\":true,\"valueName\":\"search_term_string\"}}],\"inLanguage\":\"es\"},{\"@type\":\"Organization\",\"@id\":\"https:\\\/\\\/redamlo.com\\\/#organization\",\"name\":\"NOTICIAS DE LA 4T\",\"url\":\"https:\\\/\\\/redamlo.com\\\/\",\"logo\":{\"@type\":\"ImageObject\",\"inLanguage\":\"es\",\"@id\":\"https:\\\/\\\/redamlo.com\\\/#\\\/schema\\\/logo\\\/image\\\/\",\"url\":\"https:\\\/\\\/redamlo.com\\\/wp-content\\\/uploads\\\/2024\\\/08\\\/cropped-RED-AMLO-logo-50.png\",\"contentUrl\":\"https:\\\/\\\/redamlo.com\\\/wp-content\\\/uploads\\\/2024\\\/08\\\/cropped-RED-AMLO-logo-50.png\",\"width\":256,\"height\":256,\"caption\":\"NOTICIAS DE LA 4T\"},\"image\":{\"@id\":\"https:\\\/\\\/redamlo.com\\\/#\\\/schema\\\/logo\\\/image\\\/\"}},{\"@type\":\"Person\",\"@id\":\"https:\\\/\\\/redamlo.com\\\/#\\\/schema\\\/person\\\/7223a4375eb8f1a782fcae010a7115cf\",\"name\":\"Blanca\",\"image\":{\"@type\":\"ImageObject\",\"inLanguage\":\"es\",\"@id\":\"https:\\\/\\\/secure.gravatar.com\\\/avatar\\\/3f79bc8336367a4e6093eae8757acaaf61d1124834b905616de7829b0273426d?s=96&d=mm&r=g\",\"url\":\"https:\\\/\\\/secure.gravatar.com\\\/avatar\\\/3f79bc8336367a4e6093eae8757acaaf61d1124834b905616de7829b0273426d?s=96&d=mm&r=g\",\"contentUrl\":\"https:\\\/\\\/secure.gravatar.com\\\/avatar\\\/3f79bc8336367a4e6093eae8757acaaf61d1124834b905616de7829b0273426d?s=96&d=mm&r=g\",\"caption\":\"Blanca\"},\"url\":\"https:\\\/\\\/redamlo.com\\\/index.php\\\/author\\\/blanca\\\/\"}]}<\/script>\n<!-- \/ Yoast SEO plugin. -->","yoast_head_json":{"title":"AUSTERIDAD: Gobierno de Guerrero subasta 42 camionetas de lujo y blindadas - NOTICIAS DE LA 4T","robots":{"index":"noindex","follow":"follow","max-snippet":"max-snippet:-1","max-image-preview":"max-image-preview:large","max-video-preview":"max-video-preview:-1"},"og_locale":"es_MX","og_type":"article","og_title":"AUSTERIDAD: Gobierno de Guerrero subasta 42 camionetas de lujo y blindadas - NOTICIAS DE LA 4T","og_description":"Realidades.- La gobernadora de Guerrero, Evelyn Salgado Pineda, anunci\u00f3 la subasta de 42 camionetas del...","og_url":"https:\/\/redamlo.com\/index.php\/2021\/11\/15\/austeridad-gobierno-de-guerrero-subasta-42-camionetas-de-lujo-y-blindadas\/","og_site_name":"NOTICIAS DE LA 4T","article_published_time":"2021-11-16T00:29:57+00:00","og_image":[{"width":960,"height":960,"url":"https:\/\/redamlo.com\/wp-content\/uploads\/2021\/11\/454-10.png","type":"image\/png"}],"author":"Blanca","twitter_card":"summary_large_image","twitter_misc":{"Escrito por":"Blanca","Tiempo de lectura":"2 minutos"},"schema":{"@context":"https:\/\/schema.org","@graph":[{"@type":"Article","@id":"https:\/\/redamlo.com\/index.php\/2021\/11\/15\/austeridad-gobierno-de-guerrero-subasta-42-camionetas-de-lujo-y-blindadas\/#article","isPartOf":{"@id":"https:\/\/redamlo.com\/index.php\/2021\/11\/15\/austeridad-gobierno-de-guerrero-subasta-42-camionetas-de-lujo-y-blindadas\/"},"author":{"name":"Blanca","@id":"https:\/\/redamlo.com\/#\/schema\/person\/7223a4375eb8f1a782fcae010a7115cf"},"headline":"AUSTERIDAD: Gobierno de Guerrero subasta 42 camionetas de lujo y blindadas","datePublished":"2021-11-16T00:29:57+00:00","mainEntityOfPage":{"@id":"https:\/\/redamlo.com\/index.php\/2021\/11\/15\/austeridad-gobierno-de-guerrero-subasta-42-camionetas-de-lujo-y-blindadas\/"},"wordCount":331,"commentCount":0,"publisher":{"@id":"https:\/\/redamlo.com\/#organization"},"image":{"@id":"https:\/\/redamlo.com\/index.php\/2021\/11\/15\/austeridad-gobierno-de-guerrero-subasta-42-camionetas-de-lujo-y-blindadas\/#primaryimage"},"thumbnailUrl":"https:\/\/redamlo.com\/wp-content\/uploads\/2021\/11\/454-10.png","keywords":["42 Unidades","Albergue en Acapulco","austeridad","Blindadas y de Lujo","Evelyn Salgado","Gobernadora de Guerrero","Gobierno de Guerrero","Gobierno del Estado","Pineda","Subasta 42 Camionetas"],"articleSection":["4T","Estados"],"inLanguage":"es","potentialAction":[{"@type":"CommentAction","name":"Comment","target":["https:\/\/redamlo.com\/index.php\/2021\/11\/15\/austeridad-gobierno-de-guerrero-subasta-42-camionetas-de-lujo-y-blindadas\/#respond"]}]},{"@type":"WebPage","@id":"https:\/\/redamlo.com\/index.php\/2021\/11\/15\/austeridad-gobierno-de-guerrero-subasta-42-camionetas-de-lujo-y-blindadas\/","url":"https:\/\/redamlo.com\/index.php\/2021\/11\/15\/austeridad-gobierno-de-guerrero-subasta-42-camionetas-de-lujo-y-blindadas\/","name":"AUSTERIDAD: Gobierno de Guerrero subasta 42 camionetas de lujo y blindadas - NOTICIAS DE LA 4T","isPartOf":{"@id":"https:\/\/redamlo.com\/#website"},"primaryImageOfPage":{"@id":"https:\/\/redamlo.com\/index.php\/2021\/11\/15\/austeridad-gobierno-de-guerrero-subasta-42-camionetas-de-lujo-y-blindadas\/#primaryimage"},"image":{"@id":"https:\/\/redamlo.com\/index.php\/2021\/11\/15\/austeridad-gobierno-de-guerrero-subasta-42-camionetas-de-lujo-y-blindadas\/#primaryimage"},"thumbnailUrl":"https:\/\/redamlo.com\/wp-content\/uploads\/2021\/11\/454-10.png","datePublished":"2021-11-16T00:29:57+00:00","breadcrumb":{"@id":"https:\/\/redamlo.com\/index.php\/2021\/11\/15\/austeridad-gobierno-de-guerrero-subasta-42-camionetas-de-lujo-y-blindadas\/#breadcrumb"},"inLanguage":"es","potentialAction":[{"@type":"ReadAction","target":["https:\/\/redamlo.com\/index.php\/2021\/11\/15\/austeridad-gobierno-de-guerrero-subasta-42-camionetas-de-lujo-y-blindadas\/"]}]},{"@type":"ImageObject","inLanguage":"es","@id":"https:\/\/redamlo.com\/index.php\/2021\/11\/15\/austeridad-gobierno-de-guerrero-subasta-42-camionetas-de-lujo-y-blindadas\/#primaryimage","url":"https:\/\/redamlo.com\/wp-content\/uploads\/2021\/11\/454-10.png","contentUrl":"https:\/\/redamlo.com\/wp-content\/uploads\/2021\/11\/454-10.png","width":960,"height":960},{"@type":"BreadcrumbList","@id":"https:\/\/redamlo.com\/index.php\/2021\/11\/15\/austeridad-gobierno-de-guerrero-subasta-42-camionetas-de-lujo-y-blindadas\/#breadcrumb","itemListElement":[{"@type":"ListItem","position":1,"name":"Inicio","item":"https:\/\/redamlo.com\/"},{"@type":"ListItem","position":2,"name":"AUSTERIDAD: Gobierno de Guerrero subasta 42 camionetas de lujo y blindadas"}]},{"@type":"WebSite","@id":"https:\/\/redamlo.com\/#website","url":"https:\/\/redamlo.com\/","name":"NOTICIAS DE LA 4T","description":"","publisher":{"@id":"https:\/\/redamlo.com\/#organization"},"potentialAction":[{"@type":"SearchAction","target":{"@type":"EntryPoint","urlTemplate":"https:\/\/redamlo.com\/?s={search_term_string}"},"query-input":{"@type":"PropertyValueSpecification","valueRequired":true,"valueName":"search_term_string"}}],"inLanguage":"es"},{"@type":"Organization","@id":"https:\/\/redamlo.com\/#organization","name":"NOTICIAS DE LA 4T","url":"https:\/\/redamlo.com\/","logo":{"@type":"ImageObject","inLanguage":"es","@id":"https:\/\/redamlo.com\/#\/schema\/logo\/image\/","url":"https:\/\/redamlo.com\/wp-content\/uploads\/2024\/08\/cropped-RED-AMLO-logo-50.png","contentUrl":"https:\/\/redamlo.com\/wp-content\/uploads\/2024\/08\/cropped-RED-AMLO-logo-50.png","width":256,"height":256,"caption":"NOTICIAS DE LA 4T"},"image":{"@id":"https:\/\/redamlo.com\/#\/schema\/logo\/image\/"}},{"@type":"Person","@id":"https:\/\/redamlo.com\/#\/schema\/person\/7223a4375eb8f1a782fcae010a7115cf","name":"Blanca","image":{"@type":"ImageObject","inLanguage":"es","@id":"https:\/\/secure.gravatar.com\/avatar\/3f79bc8336367a4e6093eae8757acaaf61d1124834b905616de7829b0273426d?s=96&d=mm&r=g","url":"https:\/\/secure.gravatar.com\/avatar\/3f79bc8336367a4e6093eae8757acaaf61d1124834b905616de7829b0273426d?s=96&d=mm&r=g","contentUrl":"https:\/\/secure.gravatar.com\/avatar\/3f79bc8336367a4e6093eae8757acaaf61d1124834b905616de7829b0273426d?s=96&d=mm&r=g","caption":"Blanca"},"url":"https:\/\/redamlo.com\/index.php\/author\/blanca\/"}]}},"_links":{"self":[{"href":"https:\/\/redamlo.com\/index.php\/wp-json\/wp\/v2\/posts\/5807","targetHints":{"allow":["GET"]}}],"collection":[{"href":"https:\/\/redamlo.com\/index.php\/wp-json\/wp\/v2\/posts"}],"about":[{"href":"https:\/\/redamlo.com\/index.php\/wp-json\/wp\/v2\/types\/post"}],"author":[{"embeddable":true,"href":"https:\/\/redamlo.com\/index.php\/wp-json\/wp\/v2\/users\/2"}],"replies":[{"embeddable":true,"href":"https:\/\/redamlo.com\/index.php\/wp-json\/wp\/v2\/comments?post=5807"}],"version-history":[{"count":0,"href":"https:\/\/redamlo.com\/index.php\/wp-json\/wp\/v2\/posts\/5807\/revisions"}],"wp:featuredmedia":[{"embeddable":true,"href":"https:\/\/redamlo.com\/index.php\/wp-json\/wp\/v2\/media\/5808"}],"wp:attachment":[{"href":"https:\/\/redamlo.com\/index.php\/wp-json\/wp\/v2\/media?parent=5807"}],"wp:term":[{"taxonomy":"category","embeddable":true,"href":"https:\/\/redamlo.com\/index.php\/wp-json\/wp\/v2\/categories?post=5807"},{"taxonomy":"post_tag","embeddable":true,"href":"https:\/\/redamlo.com\/index.php\/wp-json\/wp\/v2\/tags?post=5807"}],"curies":[{"name":"wp","href":"https:\/\/api.w.org\/{rel}","templated":true}]}}