{"id":580,"date":"2019-10-11T14:13:01","date_gmt":"2019-10-11T19:13:01","guid":{"rendered":"http:\/\/redamlo.com\/?p=580"},"modified":"2019-10-11T14:13:01","modified_gmt":"2019-10-11T19:13:01","slug":"profe-galvez-puma-de-corazon-americanista-por-conviccion-y-politico-por-accion","status":"publish","type":"post","link":"https:\/\/redamlo.com\/index.php\/2019\/10\/11\/profe-galvez-puma-de-corazon-americanista-por-conviccion-y-politico-por-accion\/","title":{"rendered":"\u2018Profe\u2019 G\u00e1lvez, puma de coraz\u00f3n, americanista por convicci\u00f3n y pol\u00edtico por acci\u00f3n"},"content":{"rendered":"<h5><strong>Por: Eduardo Su\u00e1rez<\/strong><\/h5>\n<p>Con la intenci\u00f3n de alejar de la violencia, las drogas, el ocio y la delincuencia a los j\u00f3venes y descubrir nuevos talentos para el balompi\u00e9 mexicano, el profesor Gilberto G\u00e1lvez L\u00f3pez conjuga la pol\u00edtica con el deporte, por lo que inici\u00f3 el proyecto de un centro de formaci\u00f3n para deportistas de alto rendimiento.<\/p>\n<p>El \u201cprofe G\u00e1lvez\u201d, como muchos de sus alumnos lo conocen, destac\u00f3 por ser uno de los pilares en la formaci\u00f3n de grandes figuras y equipos del futbol mexicano, pero ahora se concentra en acciones sociales como secretario nacional de Fomento Deportivo, dentro del partido Movimiento Ciudadano (MC).<\/p>\n<p>Cabe destacar, que su m\u00e1s reciente proyecto: Club G\u00e1lvez Sport Club, estar\u00e1 conformado por la Escuela de \u00c1guilas del Am\u00e9rica, Burros Blancos del IPN, conjugados con las acciones de fomento deportivo de MC.<\/p>\n<p>El doctor G\u00e1lvez L\u00f3pez rememor\u00f3 su trayectoria con esta casa editorial y comparti\u00f3 sus an\u00e9cdotas dentro de equipos profesionales como Pumas, Necaxa, Cruz Azul, Am\u00e9rica, la Escuela Nacional de Entrenadores del Centro de Capacitaci\u00f3n y la Federaci\u00f3n Mexicana de F\u00fatbol, donde se desempe\u00f1\u00f3 como preparador f\u00edsico, director y pionero en la formaci\u00f3n de las escuelas de fuerzas b\u00e1sicas, gracias a su formaci\u00f3n en Europa.<\/p>\n<p>G\u00e1lvez naci\u00f3 en la zona de Churubusco, de la Ciudad de M\u00e9xico y es descendiente de la familia G\u00e1lvez C\u00e1rdenas de Michoac\u00e1n. Este profesor de educaci\u00f3n f\u00edsica por vocaci\u00f3n, abogado por la UNAM y director t\u00e9cnico por pasi\u00f3n, nunca pens\u00f3 verse inmiscuido en el ambiente pol\u00edtico, pero por la necesidad de seguir ayudando a la juventud mexicana inici\u00f3 su carrera pol\u00edtica.<\/p>\n<p>Y es que desde su perspectiva, los deportistas mexicanos han destacado en el mundo gracias al apoyo de los padres de familia y los profesores, quienes han respaldado para que los j\u00f3venes sobresalgan, ya que a los pol\u00edticos y el Estado mexicano les importan m\u00e1s las medallas que los deportistas.<\/p>\n<p>Egresado de la Escuela Nacional de Educaci\u00f3n F\u00edsica, G\u00e1lvez se mantuvo como profesor en la Secretar\u00eda de Educaci\u00f3n F\u00edsica. Su carrera es destacable, ya que desde los 15 a\u00f1os comenz\u00f3 a jugar f\u00fatbol profesional con Pumas, mientras estudiaba en la Preparatoria 6. Al egresar entr\u00f3 a estudiar Derecho en la Universidad Nacional Aut\u00f3noma de M\u00e9xico (UNAM) y fue formador en diversos equipos profesionales del balompi\u00e9 nacional y de Estados Unidos.<\/p>\n<p>Por invitaci\u00f3n de Francisco \u201cPanchito\u201d Hern\u00e1ndez\u00a0 lleg\u00f3 a las \u00c1guilas del Am\u00e9rica para conformar los cuadros de fuerzas b\u00e1sicas, de donde emergieron los hermanos Tena, Crist\u00f3bal Ortega, V\u00edctor Manuel Vucetich, Javier Aguirre, entre otras grandes estrellas, que lo llev\u00f3 a ser el preparador f\u00edsico del primer equipo y ganar dos \u201cCitlali\u201d como el mejor.<\/p>\n<figure id=\"attachment_3270\" aria-describedby=\"caption-attachment-3270\" style=\"width: 300px\" class=\"wp-caption aligncenter\"><a href=\"http:\/\/redamlo.com\/wp-content\/uploads\/2019\/10\/WhatsApp-Image-2019-10-10-at-10.45.54-AM.jpeg\"><img loading=\"lazy\" decoding=\"async\" class=\"size-medium wp-image-3270\" src=\"http:\/\/redamlo.com\/wp-content\/uploads\/2019\/10\/WhatsApp-Image-2019-10-10-at-10.45.54-AM-300x225.jpeg\" alt=\"Foto: Especial\" width=\"300\" height=\"225\" \/><\/a><figcaption id=\"caption-attachment-3270\" class=\"wp-caption-text\">Doctor Gilbeto G\u00e1lvez y su asistente durante la entrevista<\/figcaption><\/figure>\n<p><strong>-\u00bfQu\u00e9 le falta al deporte mexicano?<\/strong><\/p>\n<p>-Falta profesores y formadores con formaci\u00f3n profesional, para que den excelentes resultados. Uno de los ejemplos es Ana Guevara, no termin\u00f3 la primaria, y como destac\u00f3 como velocista, la pusieron como l\u00edder del gremio, pero no tiene formaci\u00f3n profesional, y eso les limita para innovar, s\u00f3lo son entrenadores por imitaci\u00f3n y no por formaci\u00f3n.<\/p>\n<p>Otro es el caso del entrenador Bora Milutinovic, quien es el peor entrenador que he conocido. Tuvo sus m\u00e9ritos por llevar a la Selecci\u00f3n Mexicana a las eliminatorias del Mundial, pero no ten\u00eda la formaci\u00f3n como entrenador.<\/p>\n<p><strong>-\u00bfQu\u00e9 sucedi\u00f3 con sus otros proyectos tras regresar su viaje en Hungr\u00eda, Alemania y Espa\u00f1a?<\/strong><\/p>\n<p>-Me costaba trabajo generar proyectos con mis antiguos jefes del Am\u00e9rica, porque el proyecto de la escuela, la universidad y el museo de las estrellas del f\u00fatbol ya se hab\u00eda pensado, pero encontr\u00f3 tierra f\u00e9rtil en Pachuca, donde en la actualidad florecen.<\/p>\n<p><strong>-\u00bfCu\u00e1l es la satisfacci\u00f3n de un profesor?<\/strong><\/p>\n<p>-Mi alta satisfacci\u00f3n es ser maestro y formador, por eso siempre defiendo al magisterio y otras personas que les dedican tiempo a los ni\u00f1os y el deporte, como mi asistente y amigo Ra\u00fal Castillo \u201cEl Rambo\u201d. Verlos jugar en la Primera Divisi\u00f3n o ser seleccionados nacionales, es grandioso, aunque muchos luego me ven y ni se acuerdan porque la fama los desubica -coment\u00f3 entre risas-.<\/p>\n<p><strong>-\u00bfC\u00f3mo lleg\u00f3 a Movimiento Ciudadano?<\/strong><\/p>\n<p>-El presidente y fundador, ahora senador, Dante Delgado, me invit\u00f3 a presentarle un proyecto del deporte, pero yo no sab\u00eda nada de pol\u00edtica, s\u00f3lo de deporte, y al final fui yo el seleccionado. \u00c9l es uno de los cerebros de la pol\u00edtica mexicana, que ayud\u00f3 a sacar el sistema priista corrupto que dominaba el pa\u00eds.<\/p>\n<p>Muchos dicen que la polic\u00eda es sucia, que no se tienen amigos en la pol\u00edtica, pero lo m\u00e1s interesante es que los partidos pol\u00edticos son instituciones para formar cuadros, como un club de f\u00fatbol, la diferencia es que ellos deben administrar las riquezas del pa\u00eds para que los ciudadanos se desarrollen, sin embargo muchos pierden la br\u00fajula y quieren llenarse los bolsillos para sus propios intereses.<\/p>\n<p>Ahora Movimiento Ciudadano lo trabajan puros j\u00f3venes, quienes est\u00e1n comandados por personas de Jalisco; ellos est\u00e1n dirigiendo, encausando el destino y el camino del partido, que m\u00e1s que un partido es, como su nombre lo indica, intenta generar un movimiento ciudadano.<\/p>\n<p>Tenemos m\u00e1s de 21 a\u00f1os trabajando y no hemos perdido el registro ante el <a href=\"https:\/\/portalanterior.ine.mx\/archivos2\/portal\/Elecciones\/Proceso_Electoral_Federal_2014-2015\/CandidatasyCandidatos\/detalle.html#!\/Candidato\/1981\" target=\"_blank\" rel=\"noopener noreferrer\">Instituto Nacional Electoral (INE)<\/a> como otros 9 partidos.<\/p>\n<p>Tenemos proyectos, pues apenas presentamos el Programa Nacional del deporte rumbo al 2024 y voy por otro Reglamentos y estatus del deporte mexicano.<\/p>\n<p><strong>-\u00bfQu\u00e9 opina del nuevo presidente de la Rep\u00fablica, Andr\u00e9s Manuel L\u00f3pez Obrador?<\/strong><\/p>\n<p>-El \u201cPeje\u201d tiene un capital pol\u00edtico muy importante, no por nada est\u00e1 intentando desterrar la cultura de corrupci\u00f3n que gobern\u00f3 por muchos a\u00f1os este pa\u00eds. Luego vendr\u00e1n otros, ojal\u00e1 dure y siga as\u00ed, pero como debe haber democracia y no reelecci\u00f3n, quien sabe, porque no queremos un pa\u00eds con una dictadura como Hugo Ch\u00e1vez, de Venezuela.<\/p>\n<p>Si gustas conocer un poco m\u00e1s de la trayectoria del &#8220;Profe&#8221; G\u00e1lvez visita sus redes sociales en <a href=\"https:\/\/www.facebook.com\/diputadogalvez?fref=ts\" target=\"_blank\" rel=\"noopener noreferrer\">Facebook<\/a>, <a href=\"https:\/\/twitter.com\/Gil_Galvez\" target=\"_blank\" rel=\"noopener noreferrer\">Twitter<\/a> o <a href=\"https:\/\/mx.linkedin.com\/in\/gilberto-galvez-lopez-50052850\" target=\"_blank\" rel=\"noopener noreferrer\">Linkedin<\/a><\/p>\n","protected":false},"excerpt":{"rendered":"<p>Gilberto G\u00e1lvez L\u00f3pez, es uno de los pilares del f\u00fatbol nacional como formador de cuadros en Pumas, Am\u00e9rica, Necaxa, Cruz Azul y la FMF, y actualmente es el encargado del deporte en Movimiento Ciudadano<\/p>\n","protected":false},"author":2,"featured_media":582,"comment_status":"open","ping_status":"closed","sticky":false,"template":"","format":"standard","meta":{"footnotes":""},"categories":[17,94,28,5],"tags":[294,295,296,297,298,299,300,301,302,303,304,16,305,306],"class_list":["post-580","post","type-post","status-publish","format-standard","has-post-thumbnail","hentry","category-cdmx","category-deportes","category-educacion","category-politica","tag-america","tag-club-galvez-sport","tag-cruz-azul","tag-deporte","tag-fmf","tag-futbol","tag-gilberto-galvez-lopez","tag-ipn","tag-movimiento-ciudadano","tag-necaxa","tag-panchito-hernandez","tag-politica","tag-profe-galvez","tag-pumas"],"yoast_head":"<!-- This site is optimized with the Yoast SEO plugin v27.5 - https:\/\/yoast.com\/product\/yoast-seo-wordpress\/ -->\n<title>\u2018Profe\u2019 G\u00e1lvez, puma de coraz\u00f3n, americanista por convicci\u00f3n y pol\u00edtico por acci\u00f3n - NOTICIAS DE LA 4T<\/title>\n<meta name=\"robots\" content=\"noindex, follow, max-snippet:-1, max-image-preview:large, max-video-preview:-1\" \/>\n<meta property=\"og:locale\" content=\"es_MX\" \/>\n<meta property=\"og:type\" content=\"article\" \/>\n<meta property=\"og:title\" content=\"\u2018Profe\u2019 G\u00e1lvez, puma de coraz\u00f3n, americanista por convicci\u00f3n y pol\u00edtico por acci\u00f3n - NOTICIAS DE LA 4T\" \/>\n<meta property=\"og:description\" content=\"Gilberto G\u00e1lvez L\u00f3pez, es uno de los pilares del f\u00fatbol nacional como formador de cuadros en Pumas, Am\u00e9rica, Necaxa, Cruz Azul y la FMF, y actualmente es el encargado del deporte en Movimiento Ciudadano\" \/>\n<meta property=\"og:url\" content=\"https:\/\/redamlo.com\/index.php\/2019\/10\/11\/profe-galvez-puma-de-corazon-americanista-por-conviccion-y-politico-por-accion\/\" \/>\n<meta property=\"og:site_name\" content=\"NOTICIAS DE LA 4T\" \/>\n<meta property=\"article:published_time\" content=\"2019-10-11T19:13:01+00:00\" \/>\n<meta property=\"og:image\" content=\"https:\/\/redamlo.com\/wp-content\/uploads\/2019\/10\/Profesor-Gilberto-Galvez.jpg\" \/>\n\t<meta property=\"og:image:width\" content=\"1280\" \/>\n\t<meta property=\"og:image:height\" content=\"960\" \/>\n\t<meta property=\"og:image:type\" content=\"image\/jpeg\" \/>\n<meta name=\"author\" content=\"Blanca\" \/>\n<meta name=\"twitter:card\" content=\"summary_large_image\" \/>\n<meta name=\"twitter:label1\" content=\"Escrito por\" \/>\n\t<meta name=\"twitter:data1\" content=\"Blanca\" \/>\n\t<meta name=\"twitter:label2\" content=\"Tiempo de lectura\" \/>\n\t<meta name=\"twitter:data2\" content=\"5 minutos\" \/>\n<script type=\"application\/ld+json\" class=\"yoast-schema-graph\">{\"@context\":\"https:\\\/\\\/schema.org\",\"@graph\":[{\"@type\":\"Article\",\"@id\":\"https:\\\/\\\/redamlo.com\\\/index.php\\\/2019\\\/10\\\/11\\\/profe-galvez-puma-de-corazon-americanista-por-conviccion-y-politico-por-accion\\\/#article\",\"isPartOf\":{\"@id\":\"https:\\\/\\\/redamlo.com\\\/index.php\\\/2019\\\/10\\\/11\\\/profe-galvez-puma-de-corazon-americanista-por-conviccion-y-politico-por-accion\\\/\"},\"author\":{\"name\":\"Blanca\",\"@id\":\"https:\\\/\\\/redamlo.com\\\/#\\\/schema\\\/person\\\/7223a4375eb8f1a782fcae010a7115cf\"},\"headline\":\"\u2018Profe\u2019 G\u00e1lvez, puma de coraz\u00f3n, americanista por convicci\u00f3n y pol\u00edtico por acci\u00f3n\",\"datePublished\":\"2019-10-11T19:13:01+00:00\",\"mainEntityOfPage\":{\"@id\":\"https:\\\/\\\/redamlo.com\\\/index.php\\\/2019\\\/10\\\/11\\\/profe-galvez-puma-de-corazon-americanista-por-conviccion-y-politico-por-accion\\\/\"},\"wordCount\":1105,\"commentCount\":0,\"publisher\":{\"@id\":\"https:\\\/\\\/redamlo.com\\\/#organization\"},\"image\":{\"@id\":\"https:\\\/\\\/redamlo.com\\\/index.php\\\/2019\\\/10\\\/11\\\/profe-galvez-puma-de-corazon-americanista-por-conviccion-y-politico-por-accion\\\/#primaryimage\"},\"thumbnailUrl\":\"https:\\\/\\\/redamlo.com\\\/wp-content\\\/uploads\\\/2019\\\/10\\\/Profesor-Gilberto-Galvez.jpg\",\"keywords\":[\"Am\u00e9rica\",\"Club G\u00e1lvez Sport\",\"Cruz Azul\",\"deporte\",\"FMF\",\"f\u00fatbol\",\"Gilberto G\u00e1lvez L\u00f3pez\",\"IPN\",\"Movimiento Ciudadano\",\"Necaxa\",\"Panchito Hern\u00e1ndez\",\"Politica\",\"Profe G\u00e1lvez\",\"Pumas\"],\"articleSection\":[\"CDMX\",\"Deportes\",\"Educaci\u00f3n\",\"Pol\u00edtica\"],\"inLanguage\":\"es\",\"potentialAction\":[{\"@type\":\"CommentAction\",\"name\":\"Comment\",\"target\":[\"https:\\\/\\\/redamlo.com\\\/index.php\\\/2019\\\/10\\\/11\\\/profe-galvez-puma-de-corazon-americanista-por-conviccion-y-politico-por-accion\\\/#respond\"]}]},{\"@type\":\"WebPage\",\"@id\":\"https:\\\/\\\/redamlo.com\\\/index.php\\\/2019\\\/10\\\/11\\\/profe-galvez-puma-de-corazon-americanista-por-conviccion-y-politico-por-accion\\\/\",\"url\":\"https:\\\/\\\/redamlo.com\\\/index.php\\\/2019\\\/10\\\/11\\\/profe-galvez-puma-de-corazon-americanista-por-conviccion-y-politico-por-accion\\\/\",\"name\":\"\u2018Profe\u2019 G\u00e1lvez, puma de coraz\u00f3n, americanista por convicci\u00f3n y pol\u00edtico por acci\u00f3n - NOTICIAS DE LA 4T\",\"isPartOf\":{\"@id\":\"https:\\\/\\\/redamlo.com\\\/#website\"},\"primaryImageOfPage\":{\"@id\":\"https:\\\/\\\/redamlo.com\\\/index.php\\\/2019\\\/10\\\/11\\\/profe-galvez-puma-de-corazon-americanista-por-conviccion-y-politico-por-accion\\\/#primaryimage\"},\"image\":{\"@id\":\"https:\\\/\\\/redamlo.com\\\/index.php\\\/2019\\\/10\\\/11\\\/profe-galvez-puma-de-corazon-americanista-por-conviccion-y-politico-por-accion\\\/#primaryimage\"},\"thumbnailUrl\":\"https:\\\/\\\/redamlo.com\\\/wp-content\\\/uploads\\\/2019\\\/10\\\/Profesor-Gilberto-Galvez.jpg\",\"datePublished\":\"2019-10-11T19:13:01+00:00\",\"breadcrumb\":{\"@id\":\"https:\\\/\\\/redamlo.com\\\/index.php\\\/2019\\\/10\\\/11\\\/profe-galvez-puma-de-corazon-americanista-por-conviccion-y-politico-por-accion\\\/#breadcrumb\"},\"inLanguage\":\"es\",\"potentialAction\":[{\"@type\":\"ReadAction\",\"target\":[\"https:\\\/\\\/redamlo.com\\\/index.php\\\/2019\\\/10\\\/11\\\/profe-galvez-puma-de-corazon-americanista-por-conviccion-y-politico-por-accion\\\/\"]}]},{\"@type\":\"ImageObject\",\"inLanguage\":\"es\",\"@id\":\"https:\\\/\\\/redamlo.com\\\/index.php\\\/2019\\\/10\\\/11\\\/profe-galvez-puma-de-corazon-americanista-por-conviccion-y-politico-por-accion\\\/#primaryimage\",\"url\":\"https:\\\/\\\/redamlo.com\\\/wp-content\\\/uploads\\\/2019\\\/10\\\/Profesor-Gilberto-Galvez.jpg\",\"contentUrl\":\"https:\\\/\\\/redamlo.com\\\/wp-content\\\/uploads\\\/2019\\\/10\\\/Profesor-Gilberto-Galvez.jpg\",\"width\":1280,\"height\":960,\"caption\":\"Profesor Gilberto G\u00e1lvez\"},{\"@type\":\"BreadcrumbList\",\"@id\":\"https:\\\/\\\/redamlo.com\\\/index.php\\\/2019\\\/10\\\/11\\\/profe-galvez-puma-de-corazon-americanista-por-conviccion-y-politico-por-accion\\\/#breadcrumb\",\"itemListElement\":[{\"@type\":\"ListItem\",\"position\":1,\"name\":\"Inicio\",\"item\":\"https:\\\/\\\/redamlo.com\\\/\"},{\"@type\":\"ListItem\",\"position\":2,\"name\":\"\u2018Profe\u2019 G\u00e1lvez, puma de coraz\u00f3n, americanista por convicci\u00f3n y pol\u00edtico por acci\u00f3n\"}]},{\"@type\":\"WebSite\",\"@id\":\"https:\\\/\\\/redamlo.com\\\/#website\",\"url\":\"https:\\\/\\\/redamlo.com\\\/\",\"name\":\"NOTICIAS DE LA 4T\",\"description\":\"\",\"publisher\":{\"@id\":\"https:\\\/\\\/redamlo.com\\\/#organization\"},\"potentialAction\":[{\"@type\":\"SearchAction\",\"target\":{\"@type\":\"EntryPoint\",\"urlTemplate\":\"https:\\\/\\\/redamlo.com\\\/?s={search_term_string}\"},\"query-input\":{\"@type\":\"PropertyValueSpecification\",\"valueRequired\":true,\"valueName\":\"search_term_string\"}}],\"inLanguage\":\"es\"},{\"@type\":\"Organization\",\"@id\":\"https:\\\/\\\/redamlo.com\\\/#organization\",\"name\":\"NOTICIAS DE LA 4T\",\"url\":\"https:\\\/\\\/redamlo.com\\\/\",\"logo\":{\"@type\":\"ImageObject\",\"inLanguage\":\"es\",\"@id\":\"https:\\\/\\\/redamlo.com\\\/#\\\/schema\\\/logo\\\/image\\\/\",\"url\":\"https:\\\/\\\/redamlo.com\\\/wp-content\\\/uploads\\\/2024\\\/08\\\/cropped-RED-AMLO-logo-50.png\",\"contentUrl\":\"https:\\\/\\\/redamlo.com\\\/wp-content\\\/uploads\\\/2024\\\/08\\\/cropped-RED-AMLO-logo-50.png\",\"width\":256,\"height\":256,\"caption\":\"NOTICIAS DE LA 4T\"},\"image\":{\"@id\":\"https:\\\/\\\/redamlo.com\\\/#\\\/schema\\\/logo\\\/image\\\/\"}},{\"@type\":\"Person\",\"@id\":\"https:\\\/\\\/redamlo.com\\\/#\\\/schema\\\/person\\\/7223a4375eb8f1a782fcae010a7115cf\",\"name\":\"Blanca\",\"image\":{\"@type\":\"ImageObject\",\"inLanguage\":\"es\",\"@id\":\"https:\\\/\\\/secure.gravatar.com\\\/avatar\\\/3f79bc8336367a4e6093eae8757acaaf61d1124834b905616de7829b0273426d?s=96&d=mm&r=g\",\"url\":\"https:\\\/\\\/secure.gravatar.com\\\/avatar\\\/3f79bc8336367a4e6093eae8757acaaf61d1124834b905616de7829b0273426d?s=96&d=mm&r=g\",\"contentUrl\":\"https:\\\/\\\/secure.gravatar.com\\\/avatar\\\/3f79bc8336367a4e6093eae8757acaaf61d1124834b905616de7829b0273426d?s=96&d=mm&r=g\",\"caption\":\"Blanca\"},\"url\":\"https:\\\/\\\/redamlo.com\\\/index.php\\\/author\\\/blanca\\\/\"}]}<\/script>\n<!-- \/ Yoast SEO plugin. -->","yoast_head_json":{"title":"\u2018Profe\u2019 G\u00e1lvez, puma de coraz\u00f3n, americanista por convicci\u00f3n y pol\u00edtico por acci\u00f3n - NOTICIAS DE LA 4T","robots":{"index":"noindex","follow":"follow","max-snippet":"max-snippet:-1","max-image-preview":"max-image-preview:large","max-video-preview":"max-video-preview:-1"},"og_locale":"es_MX","og_type":"article","og_title":"\u2018Profe\u2019 G\u00e1lvez, puma de coraz\u00f3n, americanista por convicci\u00f3n y pol\u00edtico por acci\u00f3n - NOTICIAS DE LA 4T","og_description":"Gilberto G\u00e1lvez L\u00f3pez, es uno de los pilares del f\u00fatbol nacional como formador de cuadros en Pumas, Am\u00e9rica, Necaxa, Cruz Azul y la FMF, y actualmente es el encargado del deporte en Movimiento Ciudadano","og_url":"https:\/\/redamlo.com\/index.php\/2019\/10\/11\/profe-galvez-puma-de-corazon-americanista-por-conviccion-y-politico-por-accion\/","og_site_name":"NOTICIAS DE LA 4T","article_published_time":"2019-10-11T19:13:01+00:00","og_image":[{"width":1280,"height":960,"url":"https:\/\/redamlo.com\/wp-content\/uploads\/2019\/10\/Profesor-Gilberto-Galvez.jpg","type":"image\/jpeg"}],"author":"Blanca","twitter_card":"summary_large_image","twitter_misc":{"Escrito por":"Blanca","Tiempo de lectura":"5 minutos"},"schema":{"@context":"https:\/\/schema.org","@graph":[{"@type":"Article","@id":"https:\/\/redamlo.com\/index.php\/2019\/10\/11\/profe-galvez-puma-de-corazon-americanista-por-conviccion-y-politico-por-accion\/#article","isPartOf":{"@id":"https:\/\/redamlo.com\/index.php\/2019\/10\/11\/profe-galvez-puma-de-corazon-americanista-por-conviccion-y-politico-por-accion\/"},"author":{"name":"Blanca","@id":"https:\/\/redamlo.com\/#\/schema\/person\/7223a4375eb8f1a782fcae010a7115cf"},"headline":"\u2018Profe\u2019 G\u00e1lvez, puma de coraz\u00f3n, americanista por convicci\u00f3n y pol\u00edtico por acci\u00f3n","datePublished":"2019-10-11T19:13:01+00:00","mainEntityOfPage":{"@id":"https:\/\/redamlo.com\/index.php\/2019\/10\/11\/profe-galvez-puma-de-corazon-americanista-por-conviccion-y-politico-por-accion\/"},"wordCount":1105,"commentCount":0,"publisher":{"@id":"https:\/\/redamlo.com\/#organization"},"image":{"@id":"https:\/\/redamlo.com\/index.php\/2019\/10\/11\/profe-galvez-puma-de-corazon-americanista-por-conviccion-y-politico-por-accion\/#primaryimage"},"thumbnailUrl":"https:\/\/redamlo.com\/wp-content\/uploads\/2019\/10\/Profesor-Gilberto-Galvez.jpg","keywords":["Am\u00e9rica","Club G\u00e1lvez Sport","Cruz Azul","deporte","FMF","f\u00fatbol","Gilberto G\u00e1lvez L\u00f3pez","IPN","Movimiento Ciudadano","Necaxa","Panchito Hern\u00e1ndez","Politica","Profe G\u00e1lvez","Pumas"],"articleSection":["CDMX","Deportes","Educaci\u00f3n","Pol\u00edtica"],"inLanguage":"es","potentialAction":[{"@type":"CommentAction","name":"Comment","target":["https:\/\/redamlo.com\/index.php\/2019\/10\/11\/profe-galvez-puma-de-corazon-americanista-por-conviccion-y-politico-por-accion\/#respond"]}]},{"@type":"WebPage","@id":"https:\/\/redamlo.com\/index.php\/2019\/10\/11\/profe-galvez-puma-de-corazon-americanista-por-conviccion-y-politico-por-accion\/","url":"https:\/\/redamlo.com\/index.php\/2019\/10\/11\/profe-galvez-puma-de-corazon-americanista-por-conviccion-y-politico-por-accion\/","name":"\u2018Profe\u2019 G\u00e1lvez, puma de coraz\u00f3n, americanista por convicci\u00f3n y pol\u00edtico por acci\u00f3n - NOTICIAS DE LA 4T","isPartOf":{"@id":"https:\/\/redamlo.com\/#website"},"primaryImageOfPage":{"@id":"https:\/\/redamlo.com\/index.php\/2019\/10\/11\/profe-galvez-puma-de-corazon-americanista-por-conviccion-y-politico-por-accion\/#primaryimage"},"image":{"@id":"https:\/\/redamlo.com\/index.php\/2019\/10\/11\/profe-galvez-puma-de-corazon-americanista-por-conviccion-y-politico-por-accion\/#primaryimage"},"thumbnailUrl":"https:\/\/redamlo.com\/wp-content\/uploads\/2019\/10\/Profesor-Gilberto-Galvez.jpg","datePublished":"2019-10-11T19:13:01+00:00","breadcrumb":{"@id":"https:\/\/redamlo.com\/index.php\/2019\/10\/11\/profe-galvez-puma-de-corazon-americanista-por-conviccion-y-politico-por-accion\/#breadcrumb"},"inLanguage":"es","potentialAction":[{"@type":"ReadAction","target":["https:\/\/redamlo.com\/index.php\/2019\/10\/11\/profe-galvez-puma-de-corazon-americanista-por-conviccion-y-politico-por-accion\/"]}]},{"@type":"ImageObject","inLanguage":"es","@id":"https:\/\/redamlo.com\/index.php\/2019\/10\/11\/profe-galvez-puma-de-corazon-americanista-por-conviccion-y-politico-por-accion\/#primaryimage","url":"https:\/\/redamlo.com\/wp-content\/uploads\/2019\/10\/Profesor-Gilberto-Galvez.jpg","contentUrl":"https:\/\/redamlo.com\/wp-content\/uploads\/2019\/10\/Profesor-Gilberto-Galvez.jpg","width":1280,"height":960,"caption":"Profesor Gilberto G\u00e1lvez"},{"@type":"BreadcrumbList","@id":"https:\/\/redamlo.com\/index.php\/2019\/10\/11\/profe-galvez-puma-de-corazon-americanista-por-conviccion-y-politico-por-accion\/#breadcrumb","itemListElement":[{"@type":"ListItem","position":1,"name":"Inicio","item":"https:\/\/redamlo.com\/"},{"@type":"ListItem","position":2,"name":"\u2018Profe\u2019 G\u00e1lvez, puma de coraz\u00f3n, americanista por convicci\u00f3n y pol\u00edtico por acci\u00f3n"}]},{"@type":"WebSite","@id":"https:\/\/redamlo.com\/#website","url":"https:\/\/redamlo.com\/","name":"NOTICIAS DE LA 4T","description":"","publisher":{"@id":"https:\/\/redamlo.com\/#organization"},"potentialAction":[{"@type":"SearchAction","target":{"@type":"EntryPoint","urlTemplate":"https:\/\/redamlo.com\/?s={search_term_string}"},"query-input":{"@type":"PropertyValueSpecification","valueRequired":true,"valueName":"search_term_string"}}],"inLanguage":"es"},{"@type":"Organization","@id":"https:\/\/redamlo.com\/#organization","name":"NOTICIAS DE LA 4T","url":"https:\/\/redamlo.com\/","logo":{"@type":"ImageObject","inLanguage":"es","@id":"https:\/\/redamlo.com\/#\/schema\/logo\/image\/","url":"https:\/\/redamlo.com\/wp-content\/uploads\/2024\/08\/cropped-RED-AMLO-logo-50.png","contentUrl":"https:\/\/redamlo.com\/wp-content\/uploads\/2024\/08\/cropped-RED-AMLO-logo-50.png","width":256,"height":256,"caption":"NOTICIAS DE LA 4T"},"image":{"@id":"https:\/\/redamlo.com\/#\/schema\/logo\/image\/"}},{"@type":"Person","@id":"https:\/\/redamlo.com\/#\/schema\/person\/7223a4375eb8f1a782fcae010a7115cf","name":"Blanca","image":{"@type":"ImageObject","inLanguage":"es","@id":"https:\/\/secure.gravatar.com\/avatar\/3f79bc8336367a4e6093eae8757acaaf61d1124834b905616de7829b0273426d?s=96&d=mm&r=g","url":"https:\/\/secure.gravatar.com\/avatar\/3f79bc8336367a4e6093eae8757acaaf61d1124834b905616de7829b0273426d?s=96&d=mm&r=g","contentUrl":"https:\/\/secure.gravatar.com\/avatar\/3f79bc8336367a4e6093eae8757acaaf61d1124834b905616de7829b0273426d?s=96&d=mm&r=g","caption":"Blanca"},"url":"https:\/\/redamlo.com\/index.php\/author\/blanca\/"}]}},"_links":{"self":[{"href":"https:\/\/redamlo.com\/index.php\/wp-json\/wp\/v2\/posts\/580","targetHints":{"allow":["GET"]}}],"collection":[{"href":"https:\/\/redamlo.com\/index.php\/wp-json\/wp\/v2\/posts"}],"about":[{"href":"https:\/\/redamlo.com\/index.php\/wp-json\/wp\/v2\/types\/post"}],"author":[{"embeddable":true,"href":"https:\/\/redamlo.com\/index.php\/wp-json\/wp\/v2\/users\/2"}],"replies":[{"embeddable":true,"href":"https:\/\/redamlo.com\/index.php\/wp-json\/wp\/v2\/comments?post=580"}],"version-history":[{"count":0,"href":"https:\/\/redamlo.com\/index.php\/wp-json\/wp\/v2\/posts\/580\/revisions"}],"wp:featuredmedia":[{"embeddable":true,"href":"https:\/\/redamlo.com\/index.php\/wp-json\/wp\/v2\/media\/582"}],"wp:attachment":[{"href":"https:\/\/redamlo.com\/index.php\/wp-json\/wp\/v2\/media?parent=580"}],"wp:term":[{"taxonomy":"category","embeddable":true,"href":"https:\/\/redamlo.com\/index.php\/wp-json\/wp\/v2\/categories?post=580"},{"taxonomy":"post_tag","embeddable":true,"href":"https:\/\/redamlo.com\/index.php\/wp-json\/wp\/v2\/tags?post=580"}],"curies":[{"name":"wp","href":"https:\/\/api.w.org\/{rel}","templated":true}]}}