{"id":5641,"date":"2021-10-20T17:36:54","date_gmt":"2021-10-20T22:36:54","guid":{"rendered":"https:\/\/redamlo.com\/?p=5641"},"modified":"2021-10-20T17:36:54","modified_gmt":"2021-10-20T22:36:54","slug":"la-oposicion-cavernicola-de-amlo-no-tiene-argumentos-defiende-alfredo-jalife-litio-en-mexico","status":"publish","type":"post","link":"https:\/\/redamlo.com\/index.php\/2021\/10\/20\/la-oposicion-cavernicola-de-amlo-no-tiene-argumentos-defiende-alfredo-jalife-litio-en-mexico\/","title":{"rendered":"La oposici\u00f3n cavern\u00edcola de AMLO no tiene argumentos: defiende Alfredo Jalife litio en M\u00e9xico"},"content":{"rendered":"<p>Realidades, M\u00e9xico.- El acad\u00e9mico\u00a0<strong>Alfredo Jalife<\/strong>, asegur\u00f3 que la oposici\u00f3n al gobierno del presidente\u00a0<a href=\"https:\/\/www.debate.com.mx\/seccion\/politica\/\" target=\"_blank\" rel=\"noreferrer noopener\">Andr\u00e9s Manuel L\u00f3pez Obrador<\/a>\u00a0(AMLO), no tiene argumentos v\u00e1lidos para criticar las medidas que se est\u00e1n realizando en torno a las reservas de\u00a0<strong>litio\u00a0<\/strong>que existen en el pa\u00eds.<\/p>\n<p><strong>Alfredo Jalife<\/strong>\u00a0hablaba en su programa de Youtube, sobre la concesi\u00f3n que existe para la explotaci\u00f3n del litio en el estado de\u00a0<a href=\"https:\/\/www.debate.com.mx\/seccion\/estados\/\" target=\"_blank\" rel=\"noreferrer noopener\">Sonora<\/a>, asegurando que esta contaba con capital de actividades il\u00edcitas a trav\u00e9s de para\u00edsos fiscales en Hong Kong y las Islas V\u00edrgenes Brit\u00e1nicas.<img decoding=\"async\" class=\"tie-appear\" src=\"https:\/\/cdn-3.expansion.mx\/dims4\/default\/0e967c0\/2147483647\/strip\/true\/crop\/796x450+0+0\/resize\/1800x1018!\/format\/webp\/quality\/90\/?url=https%3A%2F%2Fcdn-3.expansion.mx%2F3a%2F8b%2F4182168c451cb52614ff25bef051%2F2021-10-20-2.png\" alt=\"S\u00ed por M\u00e9xico convoca a una candidatura \u00fanica de oposici\u00f3n en 2024\" \/><\/p>\n<figure class=\"wp-block-embed is-type-rich is-provider-gestor-del-servicio wp-block-embed-gestor-del-servicio wp-embed-aspect-16-9 wp-has-aspect-ratio\">\n<div class=\"wp-block-embed__wrapper\">https:\/\/www.youtube.com\/embed\/nnbqtyTxECc<\/div>\n<\/figure>\n<p>A pesar de las supuestas irregularidades en la concesi\u00f3n que existe por el\u00a0<strong>litio<\/strong>, la cual podr\u00eda estar relacionada a la constructora brasile\u00f1a Odebretch y Altos Hornos de M\u00e9xico, Jalife asegur\u00f3 que el Gobierno de M\u00e9xico ha mantenido una postura prudente.<\/p>\n<p>En este sentido, el acad\u00e9mico indic\u00f3 que las autoridades no han previsto cancelar la concesi\u00f3n que existe actualmente y que explota una de los yacimientos m\u00e1s grandes de litio del mundo, ubicado en el estado de Sonora.<\/p>\n<p>Sin embargo asegur\u00f3 que, sin fundamentos, la oposici\u00f3n del presidente Andr\u00e9s Manuel ha precisado que se va a eliminar la concesi\u00f3n de ser aprobada la reforma energ\u00e9tica que prev\u00e9 nacionalizar el litio para la explotaci\u00f3n exclusiva de M\u00e9xico.<\/p>\n<p>\u201cComo ah\u00ed andan inventando bueno, ya saben, pues es normal, la oposici\u00f3n cavern\u00edcola que no tiene argumentos\u201d, mencion\u00f3 Jalife.<\/p>\n<figure class=\"wp-block-image\"><img decoding=\"async\" class=\"tie-appear\" src=\"https:\/\/noticiaszmg.com\/publicaciones\/180374B6-BD94-4704-8483-9EB47FC48828.jpeg\" alt=\"La oposici\u00f3n sue\u00f1a con matar a AMLO\u201d, Alfredo Jalife.\" \/><\/figure>\n<h2>AMLO y el litio<\/h2>\n<p>Y es que desde que se present\u00f3 al reforma el\u00e9ctrica, la cual busca nacionalizar el\u00a0<strong>litio<\/strong>, se ha desatado la pol\u00e9mica, donde incluso el\u00a0<strong>presidente Andr\u00e9s Manuel\u00a0<\/strong>ha declarado que, aunque no se apruebe la iniciativa que ya que enviada al Congreso, el Gobierno de M\u00e9xico no entregara concesiones.<\/p>\n<p>\u201cAdelanto, para que no se hagan ilusiones, que si hay un acto de traici\u00f3n a la patria y no se aprueba el que el litio est\u00e9 en manos de la naci\u00f3n, de todas maneras vamos a negar cualquier solicitud de concesi\u00f3n para la explotaci\u00f3n del litio\u201d, declar\u00f3\u00a0<strong>AMLO\u00a0<\/strong>el pasado 7 de octubre en su conferencia matutina.<img decoding=\"async\" class=\"tie-appear\" src=\"https:\/\/img.gruporeforma.com\/imagenes\/960x640\/6\/94\/5093115.jpg\" alt=\"Denunciar\u00e1 alianza ante OEA &amp;#39;narcoelecci\u00f3n&amp;#39;\" \/><\/p>\n<figure class=\"wp-block-embed is-type-rich is-provider-gestor-del-servicio wp-block-embed-gestor-del-servicio wp-embed-aspect-16-9 wp-has-aspect-ratio\">\n<div class=\"wp-block-embed__wrapper\">https:\/\/www.youtube.com\/embed\/iIzTwP_9TYs<\/div>\n<\/figure>\n<p>La reforma constitucional busca priorizar el sector p\u00fablico el\u00e9ctrico a trav\u00e9s de la CFE y determinar que el Estado se encargue de la explotaci\u00f3n del litio, material usado para bater\u00edas el\u00e9ctricas.<\/p>\n<p>El presidente dijo que quiere que el litio \u201csea un mineral de manejo y uso exclusivo de la naci\u00f3n\u201d y que \u201cno se entreguen contratos ni concesiones\u201d a empresas privadas.<\/p>\n<p>\u201cVamos a revisar si existen trabajos de exploraci\u00f3n y explotaci\u00f3n del litio. Se habla de empresas extranjeras que van a hacer compras y no se autoriza ninguna compra. Nos vamos a los tribunales\u201d, avis\u00f3.<\/p>\n<figure class=\"wp-block-image\"><img decoding=\"async\" class=\"tie-appear\" src=\"https:\/\/i.ytimg.com\/vi\/uNJ4W_NJcYI\/maxresdefault.jpg\" alt=\"T\u00d3MALA! Alfredo Jalife SACA TRAPOS SUCIOS a Claudio X. Gonz\u00e1lez. - Solo  Noticias verdaderas\" \/><\/figure>\n<p>El Gobierno advirti\u00f3 que las ocho concesiones de litio otorgadas por administraciones pasadas se conservar\u00e1n si las compa\u00f1\u00edas acreditan correctamente su explotaci\u00f3n.<\/p>\n<p>Se calcula que en el estado de Sonora se encuentra uno de los yacimientos m\u00e1s importantes del mundo, controlado por la empresa brit\u00e1nica Bacanora Lithium, que podr\u00eda producir cerca de 17 mil toneladas anuales de carbono de litio.<\/p>\n<p>M\u00e9xico recibi\u00f3 consejos del Gobierno de Bolivia para dise\u00f1ar su pol\u00edtica de explotaci\u00f3n del litio.<\/p>\n<p>El presidente boliviano, Luis Arce, se reuni\u00f3 con L\u00f3pez Obrador el 24 de marzo en el Palacio Nacional de Ciudad de M\u00e9xico, donde, en una declaraci\u00f3n conjunta, acordaron \u201cpromover proyectos de cooperaci\u00f3n en sectores de inter\u00e9s como el litio\u201d.Un env\u00edo de quesos por telegrama que nunca se recibi\u00f3<\/p>\n<p><a href=\"https:\/\/www.debate.com.mx\/politica\/La-oposicion-cavernicola-de-AMLO-no-tiene-argumentos-defiende-Alfredo-Jalife-litio-en-Mexico-20211019-0133.html\">Fuente<\/a>:\u00a0<a href=\"https:\/\/estoeshoy.com\/2021\/10\/19\/la-oposicion-cavernicola-de-amlo-no-tiene-argumentos-defiende-alfredo-jalife-litio-en-mexico\/?fbclid=IwAR3vOtymwR2LhRr6c48SLpxe01A8RIcmA6fW7H3xT81BqrTBjSW1m0UwiJE\">estoeshoy.com<\/a><\/p>\n","protected":false},"excerpt":{"rendered":"<p>Realidades, M\u00e9xico.- El acad\u00e9mico\u00a0Alfredo Jalife, asegur\u00f3 que la oposici\u00f3n al gobierno del presidente\u00a0Andr\u00e9s Manuel L\u00f3pez&#8230;<\/p>\n","protected":false},"author":2,"featured_media":5642,"comment_status":"open","ping_status":"closed","sticky":false,"template":"","format":"standard","meta":{"footnotes":""},"categories":[25,20],"tags":[1749,1750,1751,84,1752,1753,1754,1755,1756,1757,1758,1759,1760],"class_list":["post-5641","post","type-post","status-publish","format-standard","has-post-thumbnail","hentry","category-4t","category-nacionales","tag-actividades-ilicitas","tag-alfredo-jalife","tag-altos-hornos-de-mexico","tag-amlo","tag-del-mundo","tag-hong-kong","tag-islas-virgenes-britanicas","tag-llacimiento-mas-grande-de-litio","tag-odebretch","tag-oposicion","tag-paraisos-fiscales","tag-reservas-de-litio","tag-sin-argumentos-sonora"],"yoast_head":"<!-- This site is optimized with the Yoast SEO plugin v27.5 - https:\/\/yoast.com\/product\/yoast-seo-wordpress\/ -->\n<title>La oposici\u00f3n cavern\u00edcola de AMLO no tiene argumentos: defiende Alfredo Jalife litio en M\u00e9xico - NOTICIAS DE LA 4T<\/title>\n<meta name=\"robots\" content=\"noindex, follow, max-snippet:-1, max-image-preview:large, max-video-preview:-1\" \/>\n<meta property=\"og:locale\" content=\"es_MX\" \/>\n<meta property=\"og:type\" content=\"article\" \/>\n<meta property=\"og:title\" content=\"La oposici\u00f3n cavern\u00edcola de AMLO no tiene argumentos: defiende Alfredo Jalife litio en M\u00e9xico - NOTICIAS DE LA 4T\" \/>\n<meta property=\"og:description\" content=\"Realidades, M\u00e9xico.- El acad\u00e9mico\u00a0Alfredo Jalife, asegur\u00f3 que la oposici\u00f3n al gobierno del presidente\u00a0Andr\u00e9s Manuel L\u00f3pez...\" \/>\n<meta property=\"og:url\" content=\"https:\/\/redamlo.com\/index.php\/2021\/10\/20\/la-oposicion-cavernicola-de-amlo-no-tiene-argumentos-defiende-alfredo-jalife-litio-en-mexico\/\" \/>\n<meta property=\"og:site_name\" content=\"NOTICIAS DE LA 4T\" \/>\n<meta property=\"article:published_time\" content=\"2021-10-20T22:36:54+00:00\" \/>\n<meta property=\"og:image\" content=\"https:\/\/redamlo.com\/wp-content\/uploads\/2021\/10\/454-23.png\" \/>\n\t<meta property=\"og:image:width\" content=\"958\" \/>\n\t<meta property=\"og:image:height\" content=\"535\" \/>\n\t<meta property=\"og:image:type\" content=\"image\/png\" \/>\n<meta name=\"author\" content=\"Blanca\" \/>\n<meta name=\"twitter:card\" content=\"summary_large_image\" \/>\n<meta name=\"twitter:label1\" content=\"Escrito por\" \/>\n\t<meta name=\"twitter:data1\" content=\"Blanca\" \/>\n\t<meta name=\"twitter:label2\" content=\"Tiempo de lectura\" \/>\n\t<meta name=\"twitter:data2\" content=\"4 minutos\" \/>\n<script type=\"application\/ld+json\" class=\"yoast-schema-graph\">{\"@context\":\"https:\\\/\\\/schema.org\",\"@graph\":[{\"@type\":\"Article\",\"@id\":\"https:\\\/\\\/redamlo.com\\\/index.php\\\/2021\\\/10\\\/20\\\/la-oposicion-cavernicola-de-amlo-no-tiene-argumentos-defiende-alfredo-jalife-litio-en-mexico\\\/#article\",\"isPartOf\":{\"@id\":\"https:\\\/\\\/redamlo.com\\\/index.php\\\/2021\\\/10\\\/20\\\/la-oposicion-cavernicola-de-amlo-no-tiene-argumentos-defiende-alfredo-jalife-litio-en-mexico\\\/\"},\"author\":{\"name\":\"Blanca\",\"@id\":\"https:\\\/\\\/redamlo.com\\\/#\\\/schema\\\/person\\\/7223a4375eb8f1a782fcae010a7115cf\"},\"headline\":\"La oposici\u00f3n cavern\u00edcola de AMLO no tiene argumentos: defiende Alfredo Jalife litio en M\u00e9xico\",\"datePublished\":\"2021-10-20T22:36:54+00:00\",\"mainEntityOfPage\":{\"@id\":\"https:\\\/\\\/redamlo.com\\\/index.php\\\/2021\\\/10\\\/20\\\/la-oposicion-cavernicola-de-amlo-no-tiene-argumentos-defiende-alfredo-jalife-litio-en-mexico\\\/\"},\"wordCount\":647,\"commentCount\":0,\"publisher\":{\"@id\":\"https:\\\/\\\/redamlo.com\\\/#organization\"},\"image\":{\"@id\":\"https:\\\/\\\/redamlo.com\\\/index.php\\\/2021\\\/10\\\/20\\\/la-oposicion-cavernicola-de-amlo-no-tiene-argumentos-defiende-alfredo-jalife-litio-en-mexico\\\/#primaryimage\"},\"thumbnailUrl\":\"https:\\\/\\\/redamlo.com\\\/wp-content\\\/uploads\\\/2021\\\/10\\\/454-23.png\",\"keywords\":[\"ACTIVIDADES ILICITAS\",\"ALFREDO JALIFE\",\"ALTOS HORNOS DE M\u00c9XICO\",\"AMLO\",\"DEL MUNDO\",\"HONG KONG\",\"ISLAS VIRGENES BRIT\u00c1NICAS\",\"LLACIMIENTO M\u00c1S GRANDE DE LITIO\",\"ODEBRETCH\",\"OPOSICI\u00d3N\",\"PARA\u00cdSOS FISCALES\",\"RESERVAS DE LITIO\",\"SIN ARGUMENTOS SONORA\"],\"articleSection\":[\"4T\",\"Nacionales\"],\"inLanguage\":\"es\",\"potentialAction\":[{\"@type\":\"CommentAction\",\"name\":\"Comment\",\"target\":[\"https:\\\/\\\/redamlo.com\\\/index.php\\\/2021\\\/10\\\/20\\\/la-oposicion-cavernicola-de-amlo-no-tiene-argumentos-defiende-alfredo-jalife-litio-en-mexico\\\/#respond\"]}]},{\"@type\":\"WebPage\",\"@id\":\"https:\\\/\\\/redamlo.com\\\/index.php\\\/2021\\\/10\\\/20\\\/la-oposicion-cavernicola-de-amlo-no-tiene-argumentos-defiende-alfredo-jalife-litio-en-mexico\\\/\",\"url\":\"https:\\\/\\\/redamlo.com\\\/index.php\\\/2021\\\/10\\\/20\\\/la-oposicion-cavernicola-de-amlo-no-tiene-argumentos-defiende-alfredo-jalife-litio-en-mexico\\\/\",\"name\":\"La oposici\u00f3n cavern\u00edcola de AMLO no tiene argumentos: defiende Alfredo Jalife litio en M\u00e9xico - NOTICIAS DE LA 4T\",\"isPartOf\":{\"@id\":\"https:\\\/\\\/redamlo.com\\\/#website\"},\"primaryImageOfPage\":{\"@id\":\"https:\\\/\\\/redamlo.com\\\/index.php\\\/2021\\\/10\\\/20\\\/la-oposicion-cavernicola-de-amlo-no-tiene-argumentos-defiende-alfredo-jalife-litio-en-mexico\\\/#primaryimage\"},\"image\":{\"@id\":\"https:\\\/\\\/redamlo.com\\\/index.php\\\/2021\\\/10\\\/20\\\/la-oposicion-cavernicola-de-amlo-no-tiene-argumentos-defiende-alfredo-jalife-litio-en-mexico\\\/#primaryimage\"},\"thumbnailUrl\":\"https:\\\/\\\/redamlo.com\\\/wp-content\\\/uploads\\\/2021\\\/10\\\/454-23.png\",\"datePublished\":\"2021-10-20T22:36:54+00:00\",\"breadcrumb\":{\"@id\":\"https:\\\/\\\/redamlo.com\\\/index.php\\\/2021\\\/10\\\/20\\\/la-oposicion-cavernicola-de-amlo-no-tiene-argumentos-defiende-alfredo-jalife-litio-en-mexico\\\/#breadcrumb\"},\"inLanguage\":\"es\",\"potentialAction\":[{\"@type\":\"ReadAction\",\"target\":[\"https:\\\/\\\/redamlo.com\\\/index.php\\\/2021\\\/10\\\/20\\\/la-oposicion-cavernicola-de-amlo-no-tiene-argumentos-defiende-alfredo-jalife-litio-en-mexico\\\/\"]}]},{\"@type\":\"ImageObject\",\"inLanguage\":\"es\",\"@id\":\"https:\\\/\\\/redamlo.com\\\/index.php\\\/2021\\\/10\\\/20\\\/la-oposicion-cavernicola-de-amlo-no-tiene-argumentos-defiende-alfredo-jalife-litio-en-mexico\\\/#primaryimage\",\"url\":\"https:\\\/\\\/redamlo.com\\\/wp-content\\\/uploads\\\/2021\\\/10\\\/454-23.png\",\"contentUrl\":\"https:\\\/\\\/redamlo.com\\\/wp-content\\\/uploads\\\/2021\\\/10\\\/454-23.png\",\"width\":958,\"height\":535},{\"@type\":\"BreadcrumbList\",\"@id\":\"https:\\\/\\\/redamlo.com\\\/index.php\\\/2021\\\/10\\\/20\\\/la-oposicion-cavernicola-de-amlo-no-tiene-argumentos-defiende-alfredo-jalife-litio-en-mexico\\\/#breadcrumb\",\"itemListElement\":[{\"@type\":\"ListItem\",\"position\":1,\"name\":\"Inicio\",\"item\":\"https:\\\/\\\/redamlo.com\\\/\"},{\"@type\":\"ListItem\",\"position\":2,\"name\":\"La oposici\u00f3n cavern\u00edcola de AMLO no tiene argumentos: defiende Alfredo Jalife litio en M\u00e9xico\"}]},{\"@type\":\"WebSite\",\"@id\":\"https:\\\/\\\/redamlo.com\\\/#website\",\"url\":\"https:\\\/\\\/redamlo.com\\\/\",\"name\":\"NOTICIAS DE LA 4T\",\"description\":\"\",\"publisher\":{\"@id\":\"https:\\\/\\\/redamlo.com\\\/#organization\"},\"potentialAction\":[{\"@type\":\"SearchAction\",\"target\":{\"@type\":\"EntryPoint\",\"urlTemplate\":\"https:\\\/\\\/redamlo.com\\\/?s={search_term_string}\"},\"query-input\":{\"@type\":\"PropertyValueSpecification\",\"valueRequired\":true,\"valueName\":\"search_term_string\"}}],\"inLanguage\":\"es\"},{\"@type\":\"Organization\",\"@id\":\"https:\\\/\\\/redamlo.com\\\/#organization\",\"name\":\"NOTICIAS DE LA 4T\",\"url\":\"https:\\\/\\\/redamlo.com\\\/\",\"logo\":{\"@type\":\"ImageObject\",\"inLanguage\":\"es\",\"@id\":\"https:\\\/\\\/redamlo.com\\\/#\\\/schema\\\/logo\\\/image\\\/\",\"url\":\"https:\\\/\\\/redamlo.com\\\/wp-content\\\/uploads\\\/2024\\\/08\\\/cropped-RED-AMLO-logo-50.png\",\"contentUrl\":\"https:\\\/\\\/redamlo.com\\\/wp-content\\\/uploads\\\/2024\\\/08\\\/cropped-RED-AMLO-logo-50.png\",\"width\":256,\"height\":256,\"caption\":\"NOTICIAS DE LA 4T\"},\"image\":{\"@id\":\"https:\\\/\\\/redamlo.com\\\/#\\\/schema\\\/logo\\\/image\\\/\"}},{\"@type\":\"Person\",\"@id\":\"https:\\\/\\\/redamlo.com\\\/#\\\/schema\\\/person\\\/7223a4375eb8f1a782fcae010a7115cf\",\"name\":\"Blanca\",\"image\":{\"@type\":\"ImageObject\",\"inLanguage\":\"es\",\"@id\":\"https:\\\/\\\/secure.gravatar.com\\\/avatar\\\/3f79bc8336367a4e6093eae8757acaaf61d1124834b905616de7829b0273426d?s=96&d=mm&r=g\",\"url\":\"https:\\\/\\\/secure.gravatar.com\\\/avatar\\\/3f79bc8336367a4e6093eae8757acaaf61d1124834b905616de7829b0273426d?s=96&d=mm&r=g\",\"contentUrl\":\"https:\\\/\\\/secure.gravatar.com\\\/avatar\\\/3f79bc8336367a4e6093eae8757acaaf61d1124834b905616de7829b0273426d?s=96&d=mm&r=g\",\"caption\":\"Blanca\"},\"url\":\"https:\\\/\\\/redamlo.com\\\/index.php\\\/author\\\/blanca\\\/\"}]}<\/script>\n<!-- \/ Yoast SEO plugin. -->","yoast_head_json":{"title":"La oposici\u00f3n cavern\u00edcola de AMLO no tiene argumentos: defiende Alfredo Jalife litio en M\u00e9xico - NOTICIAS DE LA 4T","robots":{"index":"noindex","follow":"follow","max-snippet":"max-snippet:-1","max-image-preview":"max-image-preview:large","max-video-preview":"max-video-preview:-1"},"og_locale":"es_MX","og_type":"article","og_title":"La oposici\u00f3n cavern\u00edcola de AMLO no tiene argumentos: defiende Alfredo Jalife litio en M\u00e9xico - NOTICIAS DE LA 4T","og_description":"Realidades, M\u00e9xico.- El acad\u00e9mico\u00a0Alfredo Jalife, asegur\u00f3 que la oposici\u00f3n al gobierno del presidente\u00a0Andr\u00e9s Manuel L\u00f3pez...","og_url":"https:\/\/redamlo.com\/index.php\/2021\/10\/20\/la-oposicion-cavernicola-de-amlo-no-tiene-argumentos-defiende-alfredo-jalife-litio-en-mexico\/","og_site_name":"NOTICIAS DE LA 4T","article_published_time":"2021-10-20T22:36:54+00:00","og_image":[{"width":958,"height":535,"url":"https:\/\/redamlo.com\/wp-content\/uploads\/2021\/10\/454-23.png","type":"image\/png"}],"author":"Blanca","twitter_card":"summary_large_image","twitter_misc":{"Escrito por":"Blanca","Tiempo de lectura":"4 minutos"},"schema":{"@context":"https:\/\/schema.org","@graph":[{"@type":"Article","@id":"https:\/\/redamlo.com\/index.php\/2021\/10\/20\/la-oposicion-cavernicola-de-amlo-no-tiene-argumentos-defiende-alfredo-jalife-litio-en-mexico\/#article","isPartOf":{"@id":"https:\/\/redamlo.com\/index.php\/2021\/10\/20\/la-oposicion-cavernicola-de-amlo-no-tiene-argumentos-defiende-alfredo-jalife-litio-en-mexico\/"},"author":{"name":"Blanca","@id":"https:\/\/redamlo.com\/#\/schema\/person\/7223a4375eb8f1a782fcae010a7115cf"},"headline":"La oposici\u00f3n cavern\u00edcola de AMLO no tiene argumentos: defiende Alfredo Jalife litio en M\u00e9xico","datePublished":"2021-10-20T22:36:54+00:00","mainEntityOfPage":{"@id":"https:\/\/redamlo.com\/index.php\/2021\/10\/20\/la-oposicion-cavernicola-de-amlo-no-tiene-argumentos-defiende-alfredo-jalife-litio-en-mexico\/"},"wordCount":647,"commentCount":0,"publisher":{"@id":"https:\/\/redamlo.com\/#organization"},"image":{"@id":"https:\/\/redamlo.com\/index.php\/2021\/10\/20\/la-oposicion-cavernicola-de-amlo-no-tiene-argumentos-defiende-alfredo-jalife-litio-en-mexico\/#primaryimage"},"thumbnailUrl":"https:\/\/redamlo.com\/wp-content\/uploads\/2021\/10\/454-23.png","keywords":["ACTIVIDADES ILICITAS","ALFREDO JALIFE","ALTOS HORNOS DE M\u00c9XICO","AMLO","DEL MUNDO","HONG KONG","ISLAS VIRGENES BRIT\u00c1NICAS","LLACIMIENTO M\u00c1S GRANDE DE LITIO","ODEBRETCH","OPOSICI\u00d3N","PARA\u00cdSOS FISCALES","RESERVAS DE LITIO","SIN ARGUMENTOS SONORA"],"articleSection":["4T","Nacionales"],"inLanguage":"es","potentialAction":[{"@type":"CommentAction","name":"Comment","target":["https:\/\/redamlo.com\/index.php\/2021\/10\/20\/la-oposicion-cavernicola-de-amlo-no-tiene-argumentos-defiende-alfredo-jalife-litio-en-mexico\/#respond"]}]},{"@type":"WebPage","@id":"https:\/\/redamlo.com\/index.php\/2021\/10\/20\/la-oposicion-cavernicola-de-amlo-no-tiene-argumentos-defiende-alfredo-jalife-litio-en-mexico\/","url":"https:\/\/redamlo.com\/index.php\/2021\/10\/20\/la-oposicion-cavernicola-de-amlo-no-tiene-argumentos-defiende-alfredo-jalife-litio-en-mexico\/","name":"La oposici\u00f3n cavern\u00edcola de AMLO no tiene argumentos: defiende Alfredo Jalife litio en M\u00e9xico - NOTICIAS DE LA 4T","isPartOf":{"@id":"https:\/\/redamlo.com\/#website"},"primaryImageOfPage":{"@id":"https:\/\/redamlo.com\/index.php\/2021\/10\/20\/la-oposicion-cavernicola-de-amlo-no-tiene-argumentos-defiende-alfredo-jalife-litio-en-mexico\/#primaryimage"},"image":{"@id":"https:\/\/redamlo.com\/index.php\/2021\/10\/20\/la-oposicion-cavernicola-de-amlo-no-tiene-argumentos-defiende-alfredo-jalife-litio-en-mexico\/#primaryimage"},"thumbnailUrl":"https:\/\/redamlo.com\/wp-content\/uploads\/2021\/10\/454-23.png","datePublished":"2021-10-20T22:36:54+00:00","breadcrumb":{"@id":"https:\/\/redamlo.com\/index.php\/2021\/10\/20\/la-oposicion-cavernicola-de-amlo-no-tiene-argumentos-defiende-alfredo-jalife-litio-en-mexico\/#breadcrumb"},"inLanguage":"es","potentialAction":[{"@type":"ReadAction","target":["https:\/\/redamlo.com\/index.php\/2021\/10\/20\/la-oposicion-cavernicola-de-amlo-no-tiene-argumentos-defiende-alfredo-jalife-litio-en-mexico\/"]}]},{"@type":"ImageObject","inLanguage":"es","@id":"https:\/\/redamlo.com\/index.php\/2021\/10\/20\/la-oposicion-cavernicola-de-amlo-no-tiene-argumentos-defiende-alfredo-jalife-litio-en-mexico\/#primaryimage","url":"https:\/\/redamlo.com\/wp-content\/uploads\/2021\/10\/454-23.png","contentUrl":"https:\/\/redamlo.com\/wp-content\/uploads\/2021\/10\/454-23.png","width":958,"height":535},{"@type":"BreadcrumbList","@id":"https:\/\/redamlo.com\/index.php\/2021\/10\/20\/la-oposicion-cavernicola-de-amlo-no-tiene-argumentos-defiende-alfredo-jalife-litio-en-mexico\/#breadcrumb","itemListElement":[{"@type":"ListItem","position":1,"name":"Inicio","item":"https:\/\/redamlo.com\/"},{"@type":"ListItem","position":2,"name":"La oposici\u00f3n cavern\u00edcola de AMLO no tiene argumentos: defiende Alfredo Jalife litio en M\u00e9xico"}]},{"@type":"WebSite","@id":"https:\/\/redamlo.com\/#website","url":"https:\/\/redamlo.com\/","name":"NOTICIAS DE LA 4T","description":"","publisher":{"@id":"https:\/\/redamlo.com\/#organization"},"potentialAction":[{"@type":"SearchAction","target":{"@type":"EntryPoint","urlTemplate":"https:\/\/redamlo.com\/?s={search_term_string}"},"query-input":{"@type":"PropertyValueSpecification","valueRequired":true,"valueName":"search_term_string"}}],"inLanguage":"es"},{"@type":"Organization","@id":"https:\/\/redamlo.com\/#organization","name":"NOTICIAS DE LA 4T","url":"https:\/\/redamlo.com\/","logo":{"@type":"ImageObject","inLanguage":"es","@id":"https:\/\/redamlo.com\/#\/schema\/logo\/image\/","url":"https:\/\/redamlo.com\/wp-content\/uploads\/2024\/08\/cropped-RED-AMLO-logo-50.png","contentUrl":"https:\/\/redamlo.com\/wp-content\/uploads\/2024\/08\/cropped-RED-AMLO-logo-50.png","width":256,"height":256,"caption":"NOTICIAS DE LA 4T"},"image":{"@id":"https:\/\/redamlo.com\/#\/schema\/logo\/image\/"}},{"@type":"Person","@id":"https:\/\/redamlo.com\/#\/schema\/person\/7223a4375eb8f1a782fcae010a7115cf","name":"Blanca","image":{"@type":"ImageObject","inLanguage":"es","@id":"https:\/\/secure.gravatar.com\/avatar\/3f79bc8336367a4e6093eae8757acaaf61d1124834b905616de7829b0273426d?s=96&d=mm&r=g","url":"https:\/\/secure.gravatar.com\/avatar\/3f79bc8336367a4e6093eae8757acaaf61d1124834b905616de7829b0273426d?s=96&d=mm&r=g","contentUrl":"https:\/\/secure.gravatar.com\/avatar\/3f79bc8336367a4e6093eae8757acaaf61d1124834b905616de7829b0273426d?s=96&d=mm&r=g","caption":"Blanca"},"url":"https:\/\/redamlo.com\/index.php\/author\/blanca\/"}]}},"_links":{"self":[{"href":"https:\/\/redamlo.com\/index.php\/wp-json\/wp\/v2\/posts\/5641","targetHints":{"allow":["GET"]}}],"collection":[{"href":"https:\/\/redamlo.com\/index.php\/wp-json\/wp\/v2\/posts"}],"about":[{"href":"https:\/\/redamlo.com\/index.php\/wp-json\/wp\/v2\/types\/post"}],"author":[{"embeddable":true,"href":"https:\/\/redamlo.com\/index.php\/wp-json\/wp\/v2\/users\/2"}],"replies":[{"embeddable":true,"href":"https:\/\/redamlo.com\/index.php\/wp-json\/wp\/v2\/comments?post=5641"}],"version-history":[{"count":0,"href":"https:\/\/redamlo.com\/index.php\/wp-json\/wp\/v2\/posts\/5641\/revisions"}],"wp:featuredmedia":[{"embeddable":true,"href":"https:\/\/redamlo.com\/index.php\/wp-json\/wp\/v2\/media\/5642"}],"wp:attachment":[{"href":"https:\/\/redamlo.com\/index.php\/wp-json\/wp\/v2\/media?parent=5641"}],"wp:term":[{"taxonomy":"category","embeddable":true,"href":"https:\/\/redamlo.com\/index.php\/wp-json\/wp\/v2\/categories?post=5641"},{"taxonomy":"post_tag","embeddable":true,"href":"https:\/\/redamlo.com\/index.php\/wp-json\/wp\/v2\/tags?post=5641"}],"curies":[{"name":"wp","href":"https:\/\/api.w.org\/{rel}","templated":true}]}}