{"id":5561,"date":"2021-10-12T15:33:27","date_gmt":"2021-10-12T20:33:27","guid":{"rendered":"https:\/\/redamlo.com\/?p=5561"},"modified":"2021-10-12T15:33:27","modified_gmt":"2021-10-12T20:33:27","slug":"lopez-obrador-sera-orador-en-consejo-de-seguridad-de-la-onu-en-noviembre-de-la-fuente","status":"publish","type":"post","link":"https:\/\/redamlo.com\/index.php\/2021\/10\/12\/lopez-obrador-sera-orador-en-consejo-de-seguridad-de-la-onu-en-noviembre-de-la-fuente\/","title":{"rendered":"L\u00f3pez Obrador ser\u00e1 orador en Consejo de Seguridad de la ONU en noviembre: De La Fuente."},"content":{"rendered":"\n\nRealidades, redacci\u00f3n, 11 de Octubre El Embajador, Juan Ram\u00f3n de la Fuente, representante Permanente de M\u00e9xico en la ONU, indic\u00f3 que habr\u00e1 gran inter\u00e9s en escuchar al presidente Andr\u00e9s Manuel L\u00f3pez Obrador quien encabezar\u00e1 una sesi\u00f3n de dicha Organizaci\u00f3n como parte de la presidencia del Consejo de Seguridad.\n\n \n\nEn el espacio de Joaqu\u00edn L\u00f3pez-D\u00f3riga de Radio F\u00f3rmula, el Embajador, detall\u00f3 que se trata de una gran noticia que a partir del 1 de noviembre M\u00e9xico asuma la presidencia del Consejo de Seguridad de la ONU durante todo el mes.\n\n \n<figure class=\"wp-block-image\"><img decoding=\"async\" src=\"https:\/\/www.paradigma.live\/wp-content\/uploads\/2021\/10\/onu.jpg\" alt=\"\" \/><\/figure>\n \n\n\u201cYo creo que habr\u00e1 un gran inter\u00e9s por escuchar al presidente L\u00f3pez Obrador y, desde luego, para M\u00e9xico, es una gran oportunidad que est\u00e1 siendo tomada por todo el equipo que trabaja en Nueva York y en coordinaci\u00f3n con la canciller\u00eda, con la debida importancia\u201d, se\u00f1al\u00f3.\n\n \n\nDe la Fuente indic\u00f3 que el presidente de M\u00e9xico, Andr\u00e9s Manuel L\u00f3pez Obrador, ha definido, muy claramente, su agenda y sus prioridades.\n\n \n\n\u201cLo ha dicho reiteradamente, que la mejor pol\u00edtica exterior es una buena pol\u00edtica interior pero el Consejo de Seguridad es un espacio \u00fanico en muchos aspectos\u201d, apunt\u00f3.\n\n \n<figure class=\"wp-block-embed is-type-rich is-provider-gestor-del-servicio wp-block-embed-gestor-del-servicio wp-embed-aspect-16-9 wp-has-aspect-ratio\">\n<div class=\"wp-block-embed__wrapper\">https:\/\/www.youtube.com\/embed\/XsPy0CoP4fA<\/div><\/figure>\n \n\nDijo que la designaci\u00f3n de M\u00e9xico para presidir el Consejo de Seguridad solo ha ocurrido en cinco ocasiones en toda la existencia de la ONU y dijo que es poco probable que ocurra en los pr\u00f3ximos a\u00f1os por lo que se convierte en una oportunidad para mejorar la presencia de M\u00e9xico.\n\n \n\n\u201cComo suele ocurrir, durante la presidencia de cada uno de los miembros del Consejo hay asuntos que est\u00e1n programados con cierta antelaci\u00f3n porque son mandatos del mismo consejo y entonces se tiene que revisar una vez m\u00e1s como ser\u00eda en el caso de noviembre, el tema de Siria y se va a revisar el tema de Libia y el de Medio Oriente\u201d, explic\u00f3.\n\n \n\nSobre los temas en los que se enfocar\u00e1 el trabajo de M\u00e9xico al frente del Consejo de Seguridad, se\u00f1al\u00f3 que algunos programados dentro de las actividades normales del Consejo, a los que se a\u00f1aden eventos \u201cinesperados\u201d que consumen buena parte del tiempo.\n\n \n<figure class=\"wp-block-image size-large is-resized\"><img loading=\"lazy\" decoding=\"async\" class=\"wp-image-33987\" src=\"https:\/\/realidadesqroo.files.wordpress.com\/2021\/10\/image-8.jpeg?w=324\" alt=\"\" width=\"731\" height=\"352\" \/><\/figure>\n \n\n\u201cEn muchas ocasiones se presentan en momentos de crisis o cercanas a ellas\u201d.\n\n \n\nTambi\u00e9n hay temas que el pa\u00eds que preside puede proponer al resto del Consejo, en este caso, M\u00e9xico, por tratarse de asuntos de vital inter\u00e9s para cada uno de los 15 miembros del Consejo.\n\n \n\n\u201cEste ser\u00e1, justamente, el caso para el cual vendr\u00e1 el presidente L\u00f3pez Obrador a presidir la sesi\u00f3n sobre uno de los temas que son de los temas insignia, digamos, para nuestro pa\u00eds\u201d.\n\n \n\nApunt\u00f3 que habr\u00e1 tres eventos, uno ser\u00e1 sobre mantenimiento de la paz y seguridad internacional con \u00e9nfasis en la exclusi\u00f3n, la desigualdad y los conflictos, que ser\u00e1 el tema general de la sesi\u00f3n a la que asistir\u00e1 L\u00f3pez Obrador.\n\n \n\nDe los otros dos eventos que se propusieron, uno tiene que ver con armas ligeras y peque\u00f1as que pasan de manera ilegal no solo en M\u00e9xico, sino en el mundo, y que no est\u00e1 regulado. Este tema lo presidir\u00eda el canciller Marcelo Ebrard.\n\n \n<figure class=\"wp-block-image\"><img decoding=\"async\" src=\"https:\/\/www.altonivel.com.mx\/wp-content\/uploads\/2021\/10\/amlo-estara-en-la-onu.jpg\" alt=\"AMLO estar\u00e1 en la ONU el 9 de noviembre, pero descarta reunirse con Biden -  Alto Nivel\" \/><\/figure>\n \n\n\u201cEl tercero es un tema en el que M\u00e9xico ha venido insistiendo en el Consejo, y en la ONU en general, y\ntiene que ver con la falta de coordinaci\u00f3n que existe entre los diversos \u00f3rganos principales de las Naciones Unidas, y esto lo vimos muy claramente, durante la pandemia\u201d, se\u00f1al\u00f3.\n\n \n\nRecord\u00f3 que la pandemia ha dejado m\u00faltiples lecciones que se deben de asimilar y la ONU no es la excepci\u00f3n.\n\n \n\nDijo que esto permitir\u00e1 la revisi\u00f3n interna de c\u00f3mo se pueden articular mejor las decisiones que se toman en el Consejo de Seguridad, en la Asamblea General, en el Consejo Econ\u00f3mico y en la Corte Internacional.\n\n \n<figure class=\"wp-block-embed is-type-rich is-provider-gestor-del-servicio wp-block-embed-gestor-del-servicio wp-embed-aspect-16-9 wp-has-aspect-ratio\">\n<div class=\"wp-block-embed__wrapper\">https:\/\/www.youtube.com\/embed\/0qeQJH1EaF0<\/div><\/figure>\n \n\nLa rotaci\u00f3n de la presidencia del Consejo de Seguridad ocurrir\u00e1 por orden alfab\u00e9tico, en este momento preside Kenia, y ma\u00f1ana el presidente de Kenia presidir\u00e1 la sesi\u00f3n.\n\n \n\n\u201cNo siempre vienen los jefes de los Gobiernos pero es frecuente que lo hagan durante alg\u00fan tiempo, en la pandemia, se hac\u00edan las reuniones por v\u00eda remota pero, afortunadamente, dentro de las limitaciones que todav\u00eda se tienen que observar, porque el problema todav\u00eda no est\u00e1 resuelto, ya se pueden tener las reuniones de manera presencial\u201d, detall\u00f3.\n\n \n\nFuente: <a href=\"https:\/\/www.paradigma.live\/2021\/10\/11\/lopez-obrador-sera-orador-en-consejo-de-seguridad-de-la-onu-en-noviembre-de-la-fuente\/?fbclid=IwAR3Sv0ycCC4YB9-gnjKOWbhXf_VMqW3LjHfbA1u-nvZF4dOVLtM6eY8FbFc\">paradigma.live<\/a>\n\n","protected":false},"excerpt":{"rendered":"<p>Realidades, redacci\u00f3n, 11 de Octubre El Embajador, Juan Ram\u00f3n de la Fuente, representante Permanente de&#8230;<\/p>\n","protected":false},"author":2,"featured_media":5562,"comment_status":"open","ping_status":"closed","sticky":false,"template":"","format":"standard","meta":{"footnotes":""},"categories":[25,20],"tags":[84,1677,192,1678,1679,1680,1681,1673,1682,1683,1684,1685],"class_list":["post-5561","post","type-post","status-publish","format-standard","has-post-thumbnail","hentry","category-4t","category-nacionales","tag-amlo","tag-consejo-de-seguridad-de-la-onu","tag-corrupcion","tag-juan-ramon-de-la-fuente","tag-libia","tag-medio-oriente","tag-noviembre","tag-nueva-york","tag-presencia-de-mexico","tag-presidencia-del-consejo-de-seguridad","tag-representante","tag-siria"],"yoast_head":"<!-- This site is optimized with the Yoast SEO plugin v27.5 - https:\/\/yoast.com\/product\/yoast-seo-wordpress\/ -->\n<title>L\u00f3pez Obrador ser\u00e1 orador en Consejo de Seguridad de la ONU en noviembre: De La Fuente. - NOTICIAS DE LA 4T<\/title>\n<meta name=\"robots\" content=\"noindex, follow, max-snippet:-1, max-image-preview:large, max-video-preview:-1\" \/>\n<meta property=\"og:locale\" content=\"es_MX\" \/>\n<meta property=\"og:type\" content=\"article\" \/>\n<meta property=\"og:title\" content=\"L\u00f3pez Obrador ser\u00e1 orador en Consejo de Seguridad de la ONU en noviembre: De La Fuente. - NOTICIAS DE LA 4T\" \/>\n<meta property=\"og:description\" content=\"Realidades, redacci\u00f3n, 11 de Octubre El Embajador, Juan Ram\u00f3n de la Fuente, representante Permanente de...\" \/>\n<meta property=\"og:url\" content=\"https:\/\/redamlo.com\/index.php\/2021\/10\/12\/lopez-obrador-sera-orador-en-consejo-de-seguridad-de-la-onu-en-noviembre-de-la-fuente\/\" \/>\n<meta property=\"og:site_name\" content=\"NOTICIAS DE LA 4T\" \/>\n<meta property=\"article:published_time\" content=\"2021-10-12T20:33:27+00:00\" \/>\n<meta property=\"og:image\" content=\"https:\/\/redamlo.com\/wp-content\/uploads\/2021\/10\/454-8.png\" \/>\n\t<meta property=\"og:image:width\" content=\"907\" \/>\n\t<meta property=\"og:image:height\" content=\"523\" \/>\n\t<meta property=\"og:image:type\" content=\"image\/png\" \/>\n<meta name=\"author\" content=\"Blanca\" \/>\n<meta name=\"twitter:card\" content=\"summary_large_image\" \/>\n<meta name=\"twitter:label1\" content=\"Escrito por\" \/>\n\t<meta name=\"twitter:data1\" content=\"Blanca\" \/>\n\t<meta name=\"twitter:label2\" content=\"Tiempo de lectura\" \/>\n\t<meta name=\"twitter:data2\" content=\"4 minutos\" \/>\n<script type=\"application\/ld+json\" class=\"yoast-schema-graph\">{\"@context\":\"https:\\\/\\\/schema.org\",\"@graph\":[{\"@type\":\"Article\",\"@id\":\"https:\\\/\\\/redamlo.com\\\/index.php\\\/2021\\\/10\\\/12\\\/lopez-obrador-sera-orador-en-consejo-de-seguridad-de-la-onu-en-noviembre-de-la-fuente\\\/#article\",\"isPartOf\":{\"@id\":\"https:\\\/\\\/redamlo.com\\\/index.php\\\/2021\\\/10\\\/12\\\/lopez-obrador-sera-orador-en-consejo-de-seguridad-de-la-onu-en-noviembre-de-la-fuente\\\/\"},\"author\":{\"name\":\"Blanca\",\"@id\":\"https:\\\/\\\/redamlo.com\\\/#\\\/schema\\\/person\\\/7223a4375eb8f1a782fcae010a7115cf\"},\"headline\":\"L\u00f3pez Obrador ser\u00e1 orador en Consejo de Seguridad de la ONU en noviembre: De La Fuente.\",\"datePublished\":\"2021-10-12T20:33:27+00:00\",\"mainEntityOfPage\":{\"@id\":\"https:\\\/\\\/redamlo.com\\\/index.php\\\/2021\\\/10\\\/12\\\/lopez-obrador-sera-orador-en-consejo-de-seguridad-de-la-onu-en-noviembre-de-la-fuente\\\/\"},\"wordCount\":789,\"commentCount\":0,\"publisher\":{\"@id\":\"https:\\\/\\\/redamlo.com\\\/#organization\"},\"image\":{\"@id\":\"https:\\\/\\\/redamlo.com\\\/index.php\\\/2021\\\/10\\\/12\\\/lopez-obrador-sera-orador-en-consejo-de-seguridad-de-la-onu-en-noviembre-de-la-fuente\\\/#primaryimage\"},\"thumbnailUrl\":\"https:\\\/\\\/redamlo.com\\\/wp-content\\\/uploads\\\/2021\\\/10\\\/454-8.png\",\"keywords\":[\"AMLO\",\"Consejo de Seguridad de la ONU\",\"Corrupcion\",\"Juan Ram\u00f3n de la Fuente\",\"Libia\",\"Medio oriente\",\"Noviembre\",\"Nueva York\",\"Presencia de M\u00e9xico\",\"Presidencia del Consejo de Seguridad\",\"Representante\",\"Siria\"],\"articleSection\":[\"4T\",\"Nacionales\"],\"inLanguage\":\"es\",\"potentialAction\":[{\"@type\":\"CommentAction\",\"name\":\"Comment\",\"target\":[\"https:\\\/\\\/redamlo.com\\\/index.php\\\/2021\\\/10\\\/12\\\/lopez-obrador-sera-orador-en-consejo-de-seguridad-de-la-onu-en-noviembre-de-la-fuente\\\/#respond\"]}]},{\"@type\":\"WebPage\",\"@id\":\"https:\\\/\\\/redamlo.com\\\/index.php\\\/2021\\\/10\\\/12\\\/lopez-obrador-sera-orador-en-consejo-de-seguridad-de-la-onu-en-noviembre-de-la-fuente\\\/\",\"url\":\"https:\\\/\\\/redamlo.com\\\/index.php\\\/2021\\\/10\\\/12\\\/lopez-obrador-sera-orador-en-consejo-de-seguridad-de-la-onu-en-noviembre-de-la-fuente\\\/\",\"name\":\"L\u00f3pez Obrador ser\u00e1 orador en Consejo de Seguridad de la ONU en noviembre: De La Fuente. - NOTICIAS DE LA 4T\",\"isPartOf\":{\"@id\":\"https:\\\/\\\/redamlo.com\\\/#website\"},\"primaryImageOfPage\":{\"@id\":\"https:\\\/\\\/redamlo.com\\\/index.php\\\/2021\\\/10\\\/12\\\/lopez-obrador-sera-orador-en-consejo-de-seguridad-de-la-onu-en-noviembre-de-la-fuente\\\/#primaryimage\"},\"image\":{\"@id\":\"https:\\\/\\\/redamlo.com\\\/index.php\\\/2021\\\/10\\\/12\\\/lopez-obrador-sera-orador-en-consejo-de-seguridad-de-la-onu-en-noviembre-de-la-fuente\\\/#primaryimage\"},\"thumbnailUrl\":\"https:\\\/\\\/redamlo.com\\\/wp-content\\\/uploads\\\/2021\\\/10\\\/454-8.png\",\"datePublished\":\"2021-10-12T20:33:27+00:00\",\"breadcrumb\":{\"@id\":\"https:\\\/\\\/redamlo.com\\\/index.php\\\/2021\\\/10\\\/12\\\/lopez-obrador-sera-orador-en-consejo-de-seguridad-de-la-onu-en-noviembre-de-la-fuente\\\/#breadcrumb\"},\"inLanguage\":\"es\",\"potentialAction\":[{\"@type\":\"ReadAction\",\"target\":[\"https:\\\/\\\/redamlo.com\\\/index.php\\\/2021\\\/10\\\/12\\\/lopez-obrador-sera-orador-en-consejo-de-seguridad-de-la-onu-en-noviembre-de-la-fuente\\\/\"]}]},{\"@type\":\"ImageObject\",\"inLanguage\":\"es\",\"@id\":\"https:\\\/\\\/redamlo.com\\\/index.php\\\/2021\\\/10\\\/12\\\/lopez-obrador-sera-orador-en-consejo-de-seguridad-de-la-onu-en-noviembre-de-la-fuente\\\/#primaryimage\",\"url\":\"https:\\\/\\\/redamlo.com\\\/wp-content\\\/uploads\\\/2021\\\/10\\\/454-8.png\",\"contentUrl\":\"https:\\\/\\\/redamlo.com\\\/wp-content\\\/uploads\\\/2021\\\/10\\\/454-8.png\",\"width\":907,\"height\":523},{\"@type\":\"BreadcrumbList\",\"@id\":\"https:\\\/\\\/redamlo.com\\\/index.php\\\/2021\\\/10\\\/12\\\/lopez-obrador-sera-orador-en-consejo-de-seguridad-de-la-onu-en-noviembre-de-la-fuente\\\/#breadcrumb\",\"itemListElement\":[{\"@type\":\"ListItem\",\"position\":1,\"name\":\"Inicio\",\"item\":\"https:\\\/\\\/redamlo.com\\\/\"},{\"@type\":\"ListItem\",\"position\":2,\"name\":\"L\u00f3pez Obrador ser\u00e1 orador en Consejo de Seguridad de la ONU en noviembre: De La Fuente.\"}]},{\"@type\":\"WebSite\",\"@id\":\"https:\\\/\\\/redamlo.com\\\/#website\",\"url\":\"https:\\\/\\\/redamlo.com\\\/\",\"name\":\"NOTICIAS DE LA 4T\",\"description\":\"\",\"publisher\":{\"@id\":\"https:\\\/\\\/redamlo.com\\\/#organization\"},\"potentialAction\":[{\"@type\":\"SearchAction\",\"target\":{\"@type\":\"EntryPoint\",\"urlTemplate\":\"https:\\\/\\\/redamlo.com\\\/?s={search_term_string}\"},\"query-input\":{\"@type\":\"PropertyValueSpecification\",\"valueRequired\":true,\"valueName\":\"search_term_string\"}}],\"inLanguage\":\"es\"},{\"@type\":\"Organization\",\"@id\":\"https:\\\/\\\/redamlo.com\\\/#organization\",\"name\":\"NOTICIAS DE LA 4T\",\"url\":\"https:\\\/\\\/redamlo.com\\\/\",\"logo\":{\"@type\":\"ImageObject\",\"inLanguage\":\"es\",\"@id\":\"https:\\\/\\\/redamlo.com\\\/#\\\/schema\\\/logo\\\/image\\\/\",\"url\":\"https:\\\/\\\/redamlo.com\\\/wp-content\\\/uploads\\\/2024\\\/08\\\/cropped-RED-AMLO-logo-50.png\",\"contentUrl\":\"https:\\\/\\\/redamlo.com\\\/wp-content\\\/uploads\\\/2024\\\/08\\\/cropped-RED-AMLO-logo-50.png\",\"width\":256,\"height\":256,\"caption\":\"NOTICIAS DE LA 4T\"},\"image\":{\"@id\":\"https:\\\/\\\/redamlo.com\\\/#\\\/schema\\\/logo\\\/image\\\/\"}},{\"@type\":\"Person\",\"@id\":\"https:\\\/\\\/redamlo.com\\\/#\\\/schema\\\/person\\\/7223a4375eb8f1a782fcae010a7115cf\",\"name\":\"Blanca\",\"image\":{\"@type\":\"ImageObject\",\"inLanguage\":\"es\",\"@id\":\"https:\\\/\\\/secure.gravatar.com\\\/avatar\\\/3f79bc8336367a4e6093eae8757acaaf61d1124834b905616de7829b0273426d?s=96&d=mm&r=g\",\"url\":\"https:\\\/\\\/secure.gravatar.com\\\/avatar\\\/3f79bc8336367a4e6093eae8757acaaf61d1124834b905616de7829b0273426d?s=96&d=mm&r=g\",\"contentUrl\":\"https:\\\/\\\/secure.gravatar.com\\\/avatar\\\/3f79bc8336367a4e6093eae8757acaaf61d1124834b905616de7829b0273426d?s=96&d=mm&r=g\",\"caption\":\"Blanca\"},\"url\":\"https:\\\/\\\/redamlo.com\\\/index.php\\\/author\\\/blanca\\\/\"}]}<\/script>\n<!-- \/ Yoast SEO plugin. -->","yoast_head_json":{"title":"L\u00f3pez Obrador ser\u00e1 orador en Consejo de Seguridad de la ONU en noviembre: De La Fuente. - NOTICIAS DE LA 4T","robots":{"index":"noindex","follow":"follow","max-snippet":"max-snippet:-1","max-image-preview":"max-image-preview:large","max-video-preview":"max-video-preview:-1"},"og_locale":"es_MX","og_type":"article","og_title":"L\u00f3pez Obrador ser\u00e1 orador en Consejo de Seguridad de la ONU en noviembre: De La Fuente. - NOTICIAS DE LA 4T","og_description":"Realidades, redacci\u00f3n, 11 de Octubre El Embajador, Juan Ram\u00f3n de la Fuente, representante Permanente de...","og_url":"https:\/\/redamlo.com\/index.php\/2021\/10\/12\/lopez-obrador-sera-orador-en-consejo-de-seguridad-de-la-onu-en-noviembre-de-la-fuente\/","og_site_name":"NOTICIAS DE LA 4T","article_published_time":"2021-10-12T20:33:27+00:00","og_image":[{"width":907,"height":523,"url":"https:\/\/redamlo.com\/wp-content\/uploads\/2021\/10\/454-8.png","type":"image\/png"}],"author":"Blanca","twitter_card":"summary_large_image","twitter_misc":{"Escrito por":"Blanca","Tiempo de lectura":"4 minutos"},"schema":{"@context":"https:\/\/schema.org","@graph":[{"@type":"Article","@id":"https:\/\/redamlo.com\/index.php\/2021\/10\/12\/lopez-obrador-sera-orador-en-consejo-de-seguridad-de-la-onu-en-noviembre-de-la-fuente\/#article","isPartOf":{"@id":"https:\/\/redamlo.com\/index.php\/2021\/10\/12\/lopez-obrador-sera-orador-en-consejo-de-seguridad-de-la-onu-en-noviembre-de-la-fuente\/"},"author":{"name":"Blanca","@id":"https:\/\/redamlo.com\/#\/schema\/person\/7223a4375eb8f1a782fcae010a7115cf"},"headline":"L\u00f3pez Obrador ser\u00e1 orador en Consejo de Seguridad de la ONU en noviembre: De La Fuente.","datePublished":"2021-10-12T20:33:27+00:00","mainEntityOfPage":{"@id":"https:\/\/redamlo.com\/index.php\/2021\/10\/12\/lopez-obrador-sera-orador-en-consejo-de-seguridad-de-la-onu-en-noviembre-de-la-fuente\/"},"wordCount":789,"commentCount":0,"publisher":{"@id":"https:\/\/redamlo.com\/#organization"},"image":{"@id":"https:\/\/redamlo.com\/index.php\/2021\/10\/12\/lopez-obrador-sera-orador-en-consejo-de-seguridad-de-la-onu-en-noviembre-de-la-fuente\/#primaryimage"},"thumbnailUrl":"https:\/\/redamlo.com\/wp-content\/uploads\/2021\/10\/454-8.png","keywords":["AMLO","Consejo de Seguridad de la ONU","Corrupcion","Juan Ram\u00f3n de la Fuente","Libia","Medio oriente","Noviembre","Nueva York","Presencia de M\u00e9xico","Presidencia del Consejo de Seguridad","Representante","Siria"],"articleSection":["4T","Nacionales"],"inLanguage":"es","potentialAction":[{"@type":"CommentAction","name":"Comment","target":["https:\/\/redamlo.com\/index.php\/2021\/10\/12\/lopez-obrador-sera-orador-en-consejo-de-seguridad-de-la-onu-en-noviembre-de-la-fuente\/#respond"]}]},{"@type":"WebPage","@id":"https:\/\/redamlo.com\/index.php\/2021\/10\/12\/lopez-obrador-sera-orador-en-consejo-de-seguridad-de-la-onu-en-noviembre-de-la-fuente\/","url":"https:\/\/redamlo.com\/index.php\/2021\/10\/12\/lopez-obrador-sera-orador-en-consejo-de-seguridad-de-la-onu-en-noviembre-de-la-fuente\/","name":"L\u00f3pez Obrador ser\u00e1 orador en Consejo de Seguridad de la ONU en noviembre: De La Fuente. - NOTICIAS DE LA 4T","isPartOf":{"@id":"https:\/\/redamlo.com\/#website"},"primaryImageOfPage":{"@id":"https:\/\/redamlo.com\/index.php\/2021\/10\/12\/lopez-obrador-sera-orador-en-consejo-de-seguridad-de-la-onu-en-noviembre-de-la-fuente\/#primaryimage"},"image":{"@id":"https:\/\/redamlo.com\/index.php\/2021\/10\/12\/lopez-obrador-sera-orador-en-consejo-de-seguridad-de-la-onu-en-noviembre-de-la-fuente\/#primaryimage"},"thumbnailUrl":"https:\/\/redamlo.com\/wp-content\/uploads\/2021\/10\/454-8.png","datePublished":"2021-10-12T20:33:27+00:00","breadcrumb":{"@id":"https:\/\/redamlo.com\/index.php\/2021\/10\/12\/lopez-obrador-sera-orador-en-consejo-de-seguridad-de-la-onu-en-noviembre-de-la-fuente\/#breadcrumb"},"inLanguage":"es","potentialAction":[{"@type":"ReadAction","target":["https:\/\/redamlo.com\/index.php\/2021\/10\/12\/lopez-obrador-sera-orador-en-consejo-de-seguridad-de-la-onu-en-noviembre-de-la-fuente\/"]}]},{"@type":"ImageObject","inLanguage":"es","@id":"https:\/\/redamlo.com\/index.php\/2021\/10\/12\/lopez-obrador-sera-orador-en-consejo-de-seguridad-de-la-onu-en-noviembre-de-la-fuente\/#primaryimage","url":"https:\/\/redamlo.com\/wp-content\/uploads\/2021\/10\/454-8.png","contentUrl":"https:\/\/redamlo.com\/wp-content\/uploads\/2021\/10\/454-8.png","width":907,"height":523},{"@type":"BreadcrumbList","@id":"https:\/\/redamlo.com\/index.php\/2021\/10\/12\/lopez-obrador-sera-orador-en-consejo-de-seguridad-de-la-onu-en-noviembre-de-la-fuente\/#breadcrumb","itemListElement":[{"@type":"ListItem","position":1,"name":"Inicio","item":"https:\/\/redamlo.com\/"},{"@type":"ListItem","position":2,"name":"L\u00f3pez Obrador ser\u00e1 orador en Consejo de Seguridad de la ONU en noviembre: De La Fuente."}]},{"@type":"WebSite","@id":"https:\/\/redamlo.com\/#website","url":"https:\/\/redamlo.com\/","name":"NOTICIAS DE LA 4T","description":"","publisher":{"@id":"https:\/\/redamlo.com\/#organization"},"potentialAction":[{"@type":"SearchAction","target":{"@type":"EntryPoint","urlTemplate":"https:\/\/redamlo.com\/?s={search_term_string}"},"query-input":{"@type":"PropertyValueSpecification","valueRequired":true,"valueName":"search_term_string"}}],"inLanguage":"es"},{"@type":"Organization","@id":"https:\/\/redamlo.com\/#organization","name":"NOTICIAS DE LA 4T","url":"https:\/\/redamlo.com\/","logo":{"@type":"ImageObject","inLanguage":"es","@id":"https:\/\/redamlo.com\/#\/schema\/logo\/image\/","url":"https:\/\/redamlo.com\/wp-content\/uploads\/2024\/08\/cropped-RED-AMLO-logo-50.png","contentUrl":"https:\/\/redamlo.com\/wp-content\/uploads\/2024\/08\/cropped-RED-AMLO-logo-50.png","width":256,"height":256,"caption":"NOTICIAS DE LA 4T"},"image":{"@id":"https:\/\/redamlo.com\/#\/schema\/logo\/image\/"}},{"@type":"Person","@id":"https:\/\/redamlo.com\/#\/schema\/person\/7223a4375eb8f1a782fcae010a7115cf","name":"Blanca","image":{"@type":"ImageObject","inLanguage":"es","@id":"https:\/\/secure.gravatar.com\/avatar\/3f79bc8336367a4e6093eae8757acaaf61d1124834b905616de7829b0273426d?s=96&d=mm&r=g","url":"https:\/\/secure.gravatar.com\/avatar\/3f79bc8336367a4e6093eae8757acaaf61d1124834b905616de7829b0273426d?s=96&d=mm&r=g","contentUrl":"https:\/\/secure.gravatar.com\/avatar\/3f79bc8336367a4e6093eae8757acaaf61d1124834b905616de7829b0273426d?s=96&d=mm&r=g","caption":"Blanca"},"url":"https:\/\/redamlo.com\/index.php\/author\/blanca\/"}]}},"_links":{"self":[{"href":"https:\/\/redamlo.com\/index.php\/wp-json\/wp\/v2\/posts\/5561","targetHints":{"allow":["GET"]}}],"collection":[{"href":"https:\/\/redamlo.com\/index.php\/wp-json\/wp\/v2\/posts"}],"about":[{"href":"https:\/\/redamlo.com\/index.php\/wp-json\/wp\/v2\/types\/post"}],"author":[{"embeddable":true,"href":"https:\/\/redamlo.com\/index.php\/wp-json\/wp\/v2\/users\/2"}],"replies":[{"embeddable":true,"href":"https:\/\/redamlo.com\/index.php\/wp-json\/wp\/v2\/comments?post=5561"}],"version-history":[{"count":0,"href":"https:\/\/redamlo.com\/index.php\/wp-json\/wp\/v2\/posts\/5561\/revisions"}],"wp:featuredmedia":[{"embeddable":true,"href":"https:\/\/redamlo.com\/index.php\/wp-json\/wp\/v2\/media\/5562"}],"wp:attachment":[{"href":"https:\/\/redamlo.com\/index.php\/wp-json\/wp\/v2\/media?parent=5561"}],"wp:term":[{"taxonomy":"category","embeddable":true,"href":"https:\/\/redamlo.com\/index.php\/wp-json\/wp\/v2\/categories?post=5561"},{"taxonomy":"post_tag","embeddable":true,"href":"https:\/\/redamlo.com\/index.php\/wp-json\/wp\/v2\/tags?post=5561"}],"curies":[{"name":"wp","href":"https:\/\/api.w.org\/{rel}","templated":true}]}}