{"id":553,"date":"2019-10-07T15:42:22","date_gmt":"2019-10-07T20:42:22","guid":{"rendered":"http:\/\/redamlo.com\/?p=553"},"modified":"2019-10-07T15:42:22","modified_gmt":"2019-10-07T20:42:22","slug":"luis-antonio-gonzalez-montes-en-coordinacion-con-gobierno-de-guanajuato-llevan-exposicion-sitios-de-memoria","status":"publish","type":"post","link":"https:\/\/redamlo.com\/index.php\/2019\/10\/07\/luis-antonio-gonzalez-montes-en-coordinacion-con-gobierno-de-guanajuato-llevan-exposicion-sitios-de-memoria\/","title":{"rendered":"Luis Antonio Gonz\u00e1lez Montes en coordinaci\u00f3n con Gobierno de Guanajuato llevan Exposici\u00f3n Sitios de Memoria"},"content":{"rendered":"<h3><strong>BAJIO PRESS.-Apaseo el Alto, Gto.<\/strong>, este mi\u00e9rcoles 02 de octubre, el Gobierno Municipal encabezado por la alcaldesa Mar\u00eda del Carmen Ortiz Terrazas a trav\u00e9s de la Direcci\u00f3n de Cultura, y en Coordinador con Luis Antonio Gonzalez Montes director de<strong> Mentes Maestras\u2122 y de Cdmx Press\u00ae,<\/strong> inauguraron la segunda fase de la exposici\u00f3n pict\u00f3rica Sitios de Memoria o \u201cMemorial del 68\u201d, tra\u00edda desde la CDMX.<\/h3>\n<p>El mes de junio, <strong>Apaseo el Alto<\/strong> se convirti\u00f3 en la segunda sede en tener consigo esta exhibici\u00f3n, que como parte del proyecto colectivo \u201cSitios de Memoria\u201d, retrata la visi\u00f3n de diferentes artistas sobre hechos hist\u00f3ricos como el movimiento estudiantil del 2 de octubre de 1968 en <strong>Tlatelolco, el \u201cHalconazo\u201d de 1971, y la desaparici\u00f3n de los estudiantes de la escuela normal de Ayotzinapa.<\/strong><\/p>\n<p>El Director de Educaci\u00f3n y Cultura, <strong>Prof. Heriberto Sandoval P\u00e9rez<\/strong>, resalt\u00f3 la importancia de conocer este arte que el municipio tiene el honor y oportunidad de exponer, asimismo, hizo la \u201cinvitaci\u00f3n a todas las personas a visitar esta galer\u00eda \u00fanica en su tipo y conocer la perspectiva de los autores en relaci\u00f3n a lo que conocemos como la herencia m\u00e1s dolorosa de M\u00e9xico\u201d.<\/p>\n<p>La exposici\u00f3n pict\u00f3rica <strong>\u201cMemorial del \u201868\u201d incluye m\u00e1s de 70 pinturas<\/strong> de autores tanto nacionales como extranjeros, y podr\u00e1 ser visitada en la Casa de la Cultura y dem\u00e1s sedes de este municipio por lo que resta de este mes.<\/p>\n<p>Mientras que las obras de la primera fase de esta Exposici\u00f3n Itinerante, recorrer\u00e1n los distintos municipios del <strong>Estado de Guanajuato.<\/strong><\/p>\n<p><strong>El director de Mentes Maestras\u2122, Luis Antonio Gonzalez Montes<\/strong>, Informo que una de las sedes importantes en donde se presentara esta exposici\u00f3n sera el Museo Dolores Hidalgo.<\/p>\n","protected":false},"excerpt":{"rendered":"<p>BAJIO PRESS.-Apaseo el Alto, Gto., este mi\u00e9rcoles 02 de octubre, el Gobierno Municipal encabezado por&#8230;<\/p>\n","protected":false},"author":2,"featured_media":555,"comment_status":"open","ping_status":"closed","sticky":false,"template":"","format":"standard","meta":{"footnotes":""},"categories":[17],"tags":[],"class_list":["post-553","post","type-post","status-publish","format-standard","has-post-thumbnail","hentry","category-cdmx"],"yoast_head":"<!-- This site is optimized with the Yoast SEO plugin v27.5 - https:\/\/yoast.com\/product\/yoast-seo-wordpress\/ -->\n<title>Luis Antonio Gonz\u00e1lez Montes en coordinaci\u00f3n con Gobierno de Guanajuato llevan Exposici\u00f3n Sitios de Memoria - NOTICIAS DE LA 4T<\/title>\n<meta name=\"robots\" content=\"noindex, follow, max-snippet:-1, max-image-preview:large, max-video-preview:-1\" \/>\n<meta property=\"og:locale\" content=\"es_MX\" \/>\n<meta property=\"og:type\" content=\"article\" \/>\n<meta property=\"og:title\" content=\"Luis Antonio Gonz\u00e1lez Montes en coordinaci\u00f3n con Gobierno de Guanajuato llevan Exposici\u00f3n Sitios de Memoria - NOTICIAS DE LA 4T\" \/>\n<meta property=\"og:description\" content=\"BAJIO PRESS.-Apaseo el Alto, Gto., este mi\u00e9rcoles 02 de octubre, el Gobierno Municipal encabezado por...\" \/>\n<meta property=\"og:url\" content=\"https:\/\/redamlo.com\/index.php\/2019\/10\/07\/luis-antonio-gonzalez-montes-en-coordinacion-con-gobierno-de-guanajuato-llevan-exposicion-sitios-de-memoria\/\" \/>\n<meta property=\"og:site_name\" content=\"NOTICIAS DE LA 4T\" \/>\n<meta property=\"article:published_time\" content=\"2019-10-07T20:42:22+00:00\" \/>\n<meta property=\"og:image\" content=\"https:\/\/redamlo.com\/wp-content\/uploads\/2019\/10\/SITIOS-DE-MEMORIA-POR-LUIS-ANTONIO-GONZALEZ-MONTES-CDMXPRESS-MENTES-AMESTRAS.jpg\" \/>\n\t<meta property=\"og:image:width\" content=\"1280\" \/>\n\t<meta property=\"og:image:height\" content=\"853\" \/>\n\t<meta property=\"og:image:type\" content=\"image\/jpeg\" \/>\n<meta name=\"author\" content=\"Blanca\" \/>\n<meta name=\"twitter:card\" content=\"summary_large_image\" \/>\n<meta name=\"twitter:label1\" content=\"Escrito por\" \/>\n\t<meta name=\"twitter:data1\" content=\"Blanca\" \/>\n\t<meta name=\"twitter:label2\" content=\"Tiempo de lectura\" \/>\n\t<meta name=\"twitter:data2\" content=\"1 minuto\" \/>\n<script type=\"application\/ld+json\" class=\"yoast-schema-graph\">{\"@context\":\"https:\\\/\\\/schema.org\",\"@graph\":[{\"@type\":\"Article\",\"@id\":\"https:\\\/\\\/redamlo.com\\\/index.php\\\/2019\\\/10\\\/07\\\/luis-antonio-gonzalez-montes-en-coordinacion-con-gobierno-de-guanajuato-llevan-exposicion-sitios-de-memoria\\\/#article\",\"isPartOf\":{\"@id\":\"https:\\\/\\\/redamlo.com\\\/index.php\\\/2019\\\/10\\\/07\\\/luis-antonio-gonzalez-montes-en-coordinacion-con-gobierno-de-guanajuato-llevan-exposicion-sitios-de-memoria\\\/\"},\"author\":{\"name\":\"Blanca\",\"@id\":\"https:\\\/\\\/redamlo.com\\\/#\\\/schema\\\/person\\\/7223a4375eb8f1a782fcae010a7115cf\"},\"headline\":\"Luis Antonio Gonz\u00e1lez Montes en coordinaci\u00f3n con Gobierno de Guanajuato llevan Exposici\u00f3n Sitios de Memoria\",\"datePublished\":\"2019-10-07T20:42:22+00:00\",\"mainEntityOfPage\":{\"@id\":\"https:\\\/\\\/redamlo.com\\\/index.php\\\/2019\\\/10\\\/07\\\/luis-antonio-gonzalez-montes-en-coordinacion-con-gobierno-de-guanajuato-llevan-exposicion-sitios-de-memoria\\\/\"},\"wordCount\":315,\"commentCount\":0,\"publisher\":{\"@id\":\"https:\\\/\\\/redamlo.com\\\/#organization\"},\"image\":{\"@id\":\"https:\\\/\\\/redamlo.com\\\/index.php\\\/2019\\\/10\\\/07\\\/luis-antonio-gonzalez-montes-en-coordinacion-con-gobierno-de-guanajuato-llevan-exposicion-sitios-de-memoria\\\/#primaryimage\"},\"thumbnailUrl\":\"https:\\\/\\\/redamlo.com\\\/wp-content\\\/uploads\\\/2019\\\/10\\\/SITIOS-DE-MEMORIA-POR-LUIS-ANTONIO-GONZALEZ-MONTES-CDMXPRESS-MENTES-AMESTRAS.jpg\",\"articleSection\":[\"CDMX\"],\"inLanguage\":\"es\",\"potentialAction\":[{\"@type\":\"CommentAction\",\"name\":\"Comment\",\"target\":[\"https:\\\/\\\/redamlo.com\\\/index.php\\\/2019\\\/10\\\/07\\\/luis-antonio-gonzalez-montes-en-coordinacion-con-gobierno-de-guanajuato-llevan-exposicion-sitios-de-memoria\\\/#respond\"]}]},{\"@type\":\"WebPage\",\"@id\":\"https:\\\/\\\/redamlo.com\\\/index.php\\\/2019\\\/10\\\/07\\\/luis-antonio-gonzalez-montes-en-coordinacion-con-gobierno-de-guanajuato-llevan-exposicion-sitios-de-memoria\\\/\",\"url\":\"https:\\\/\\\/redamlo.com\\\/index.php\\\/2019\\\/10\\\/07\\\/luis-antonio-gonzalez-montes-en-coordinacion-con-gobierno-de-guanajuato-llevan-exposicion-sitios-de-memoria\\\/\",\"name\":\"Luis Antonio Gonz\u00e1lez Montes en coordinaci\u00f3n con Gobierno de Guanajuato llevan Exposici\u00f3n Sitios de Memoria - NOTICIAS DE LA 4T\",\"isPartOf\":{\"@id\":\"https:\\\/\\\/redamlo.com\\\/#website\"},\"primaryImageOfPage\":{\"@id\":\"https:\\\/\\\/redamlo.com\\\/index.php\\\/2019\\\/10\\\/07\\\/luis-antonio-gonzalez-montes-en-coordinacion-con-gobierno-de-guanajuato-llevan-exposicion-sitios-de-memoria\\\/#primaryimage\"},\"image\":{\"@id\":\"https:\\\/\\\/redamlo.com\\\/index.php\\\/2019\\\/10\\\/07\\\/luis-antonio-gonzalez-montes-en-coordinacion-con-gobierno-de-guanajuato-llevan-exposicion-sitios-de-memoria\\\/#primaryimage\"},\"thumbnailUrl\":\"https:\\\/\\\/redamlo.com\\\/wp-content\\\/uploads\\\/2019\\\/10\\\/SITIOS-DE-MEMORIA-POR-LUIS-ANTONIO-GONZALEZ-MONTES-CDMXPRESS-MENTES-AMESTRAS.jpg\",\"datePublished\":\"2019-10-07T20:42:22+00:00\",\"breadcrumb\":{\"@id\":\"https:\\\/\\\/redamlo.com\\\/index.php\\\/2019\\\/10\\\/07\\\/luis-antonio-gonzalez-montes-en-coordinacion-con-gobierno-de-guanajuato-llevan-exposicion-sitios-de-memoria\\\/#breadcrumb\"},\"inLanguage\":\"es\",\"potentialAction\":[{\"@type\":\"ReadAction\",\"target\":[\"https:\\\/\\\/redamlo.com\\\/index.php\\\/2019\\\/10\\\/07\\\/luis-antonio-gonzalez-montes-en-coordinacion-con-gobierno-de-guanajuato-llevan-exposicion-sitios-de-memoria\\\/\"]}]},{\"@type\":\"ImageObject\",\"inLanguage\":\"es\",\"@id\":\"https:\\\/\\\/redamlo.com\\\/index.php\\\/2019\\\/10\\\/07\\\/luis-antonio-gonzalez-montes-en-coordinacion-con-gobierno-de-guanajuato-llevan-exposicion-sitios-de-memoria\\\/#primaryimage\",\"url\":\"https:\\\/\\\/redamlo.com\\\/wp-content\\\/uploads\\\/2019\\\/10\\\/SITIOS-DE-MEMORIA-POR-LUIS-ANTONIO-GONZALEZ-MONTES-CDMXPRESS-MENTES-AMESTRAS.jpg\",\"contentUrl\":\"https:\\\/\\\/redamlo.com\\\/wp-content\\\/uploads\\\/2019\\\/10\\\/SITIOS-DE-MEMORIA-POR-LUIS-ANTONIO-GONZALEZ-MONTES-CDMXPRESS-MENTES-AMESTRAS.jpg\",\"width\":1280,\"height\":853},{\"@type\":\"BreadcrumbList\",\"@id\":\"https:\\\/\\\/redamlo.com\\\/index.php\\\/2019\\\/10\\\/07\\\/luis-antonio-gonzalez-montes-en-coordinacion-con-gobierno-de-guanajuato-llevan-exposicion-sitios-de-memoria\\\/#breadcrumb\",\"itemListElement\":[{\"@type\":\"ListItem\",\"position\":1,\"name\":\"Inicio\",\"item\":\"https:\\\/\\\/redamlo.com\\\/\"},{\"@type\":\"ListItem\",\"position\":2,\"name\":\"Luis Antonio Gonz\u00e1lez Montes en coordinaci\u00f3n con Gobierno de Guanajuato llevan Exposici\u00f3n Sitios de Memoria\"}]},{\"@type\":\"WebSite\",\"@id\":\"https:\\\/\\\/redamlo.com\\\/#website\",\"url\":\"https:\\\/\\\/redamlo.com\\\/\",\"name\":\"NOTICIAS DE LA 4T\",\"description\":\"\",\"publisher\":{\"@id\":\"https:\\\/\\\/redamlo.com\\\/#organization\"},\"potentialAction\":[{\"@type\":\"SearchAction\",\"target\":{\"@type\":\"EntryPoint\",\"urlTemplate\":\"https:\\\/\\\/redamlo.com\\\/?s={search_term_string}\"},\"query-input\":{\"@type\":\"PropertyValueSpecification\",\"valueRequired\":true,\"valueName\":\"search_term_string\"}}],\"inLanguage\":\"es\"},{\"@type\":\"Organization\",\"@id\":\"https:\\\/\\\/redamlo.com\\\/#organization\",\"name\":\"NOTICIAS DE LA 4T\",\"url\":\"https:\\\/\\\/redamlo.com\\\/\",\"logo\":{\"@type\":\"ImageObject\",\"inLanguage\":\"es\",\"@id\":\"https:\\\/\\\/redamlo.com\\\/#\\\/schema\\\/logo\\\/image\\\/\",\"url\":\"https:\\\/\\\/redamlo.com\\\/wp-content\\\/uploads\\\/2024\\\/08\\\/cropped-RED-AMLO-logo-50.png\",\"contentUrl\":\"https:\\\/\\\/redamlo.com\\\/wp-content\\\/uploads\\\/2024\\\/08\\\/cropped-RED-AMLO-logo-50.png\",\"width\":256,\"height\":256,\"caption\":\"NOTICIAS DE LA 4T\"},\"image\":{\"@id\":\"https:\\\/\\\/redamlo.com\\\/#\\\/schema\\\/logo\\\/image\\\/\"}},{\"@type\":\"Person\",\"@id\":\"https:\\\/\\\/redamlo.com\\\/#\\\/schema\\\/person\\\/7223a4375eb8f1a782fcae010a7115cf\",\"name\":\"Blanca\",\"image\":{\"@type\":\"ImageObject\",\"inLanguage\":\"es\",\"@id\":\"https:\\\/\\\/secure.gravatar.com\\\/avatar\\\/3f79bc8336367a4e6093eae8757acaaf61d1124834b905616de7829b0273426d?s=96&d=mm&r=g\",\"url\":\"https:\\\/\\\/secure.gravatar.com\\\/avatar\\\/3f79bc8336367a4e6093eae8757acaaf61d1124834b905616de7829b0273426d?s=96&d=mm&r=g\",\"contentUrl\":\"https:\\\/\\\/secure.gravatar.com\\\/avatar\\\/3f79bc8336367a4e6093eae8757acaaf61d1124834b905616de7829b0273426d?s=96&d=mm&r=g\",\"caption\":\"Blanca\"},\"url\":\"https:\\\/\\\/redamlo.com\\\/index.php\\\/author\\\/blanca\\\/\"}]}<\/script>\n<!-- \/ Yoast SEO plugin. -->","yoast_head_json":{"title":"Luis Antonio Gonz\u00e1lez Montes en coordinaci\u00f3n con Gobierno de Guanajuato llevan Exposici\u00f3n Sitios de Memoria - NOTICIAS DE LA 4T","robots":{"index":"noindex","follow":"follow","max-snippet":"max-snippet:-1","max-image-preview":"max-image-preview:large","max-video-preview":"max-video-preview:-1"},"og_locale":"es_MX","og_type":"article","og_title":"Luis Antonio Gonz\u00e1lez Montes en coordinaci\u00f3n con Gobierno de Guanajuato llevan Exposici\u00f3n Sitios de Memoria - NOTICIAS DE LA 4T","og_description":"BAJIO PRESS.-Apaseo el Alto, Gto., este mi\u00e9rcoles 02 de octubre, el Gobierno Municipal encabezado por...","og_url":"https:\/\/redamlo.com\/index.php\/2019\/10\/07\/luis-antonio-gonzalez-montes-en-coordinacion-con-gobierno-de-guanajuato-llevan-exposicion-sitios-de-memoria\/","og_site_name":"NOTICIAS DE LA 4T","article_published_time":"2019-10-07T20:42:22+00:00","og_image":[{"width":1280,"height":853,"url":"https:\/\/redamlo.com\/wp-content\/uploads\/2019\/10\/SITIOS-DE-MEMORIA-POR-LUIS-ANTONIO-GONZALEZ-MONTES-CDMXPRESS-MENTES-AMESTRAS.jpg","type":"image\/jpeg"}],"author":"Blanca","twitter_card":"summary_large_image","twitter_misc":{"Escrito por":"Blanca","Tiempo de lectura":"1 minuto"},"schema":{"@context":"https:\/\/schema.org","@graph":[{"@type":"Article","@id":"https:\/\/redamlo.com\/index.php\/2019\/10\/07\/luis-antonio-gonzalez-montes-en-coordinacion-con-gobierno-de-guanajuato-llevan-exposicion-sitios-de-memoria\/#article","isPartOf":{"@id":"https:\/\/redamlo.com\/index.php\/2019\/10\/07\/luis-antonio-gonzalez-montes-en-coordinacion-con-gobierno-de-guanajuato-llevan-exposicion-sitios-de-memoria\/"},"author":{"name":"Blanca","@id":"https:\/\/redamlo.com\/#\/schema\/person\/7223a4375eb8f1a782fcae010a7115cf"},"headline":"Luis Antonio Gonz\u00e1lez Montes en coordinaci\u00f3n con Gobierno de Guanajuato llevan Exposici\u00f3n Sitios de Memoria","datePublished":"2019-10-07T20:42:22+00:00","mainEntityOfPage":{"@id":"https:\/\/redamlo.com\/index.php\/2019\/10\/07\/luis-antonio-gonzalez-montes-en-coordinacion-con-gobierno-de-guanajuato-llevan-exposicion-sitios-de-memoria\/"},"wordCount":315,"commentCount":0,"publisher":{"@id":"https:\/\/redamlo.com\/#organization"},"image":{"@id":"https:\/\/redamlo.com\/index.php\/2019\/10\/07\/luis-antonio-gonzalez-montes-en-coordinacion-con-gobierno-de-guanajuato-llevan-exposicion-sitios-de-memoria\/#primaryimage"},"thumbnailUrl":"https:\/\/redamlo.com\/wp-content\/uploads\/2019\/10\/SITIOS-DE-MEMORIA-POR-LUIS-ANTONIO-GONZALEZ-MONTES-CDMXPRESS-MENTES-AMESTRAS.jpg","articleSection":["CDMX"],"inLanguage":"es","potentialAction":[{"@type":"CommentAction","name":"Comment","target":["https:\/\/redamlo.com\/index.php\/2019\/10\/07\/luis-antonio-gonzalez-montes-en-coordinacion-con-gobierno-de-guanajuato-llevan-exposicion-sitios-de-memoria\/#respond"]}]},{"@type":"WebPage","@id":"https:\/\/redamlo.com\/index.php\/2019\/10\/07\/luis-antonio-gonzalez-montes-en-coordinacion-con-gobierno-de-guanajuato-llevan-exposicion-sitios-de-memoria\/","url":"https:\/\/redamlo.com\/index.php\/2019\/10\/07\/luis-antonio-gonzalez-montes-en-coordinacion-con-gobierno-de-guanajuato-llevan-exposicion-sitios-de-memoria\/","name":"Luis Antonio Gonz\u00e1lez Montes en coordinaci\u00f3n con Gobierno de Guanajuato llevan Exposici\u00f3n Sitios de Memoria - NOTICIAS DE LA 4T","isPartOf":{"@id":"https:\/\/redamlo.com\/#website"},"primaryImageOfPage":{"@id":"https:\/\/redamlo.com\/index.php\/2019\/10\/07\/luis-antonio-gonzalez-montes-en-coordinacion-con-gobierno-de-guanajuato-llevan-exposicion-sitios-de-memoria\/#primaryimage"},"image":{"@id":"https:\/\/redamlo.com\/index.php\/2019\/10\/07\/luis-antonio-gonzalez-montes-en-coordinacion-con-gobierno-de-guanajuato-llevan-exposicion-sitios-de-memoria\/#primaryimage"},"thumbnailUrl":"https:\/\/redamlo.com\/wp-content\/uploads\/2019\/10\/SITIOS-DE-MEMORIA-POR-LUIS-ANTONIO-GONZALEZ-MONTES-CDMXPRESS-MENTES-AMESTRAS.jpg","datePublished":"2019-10-07T20:42:22+00:00","breadcrumb":{"@id":"https:\/\/redamlo.com\/index.php\/2019\/10\/07\/luis-antonio-gonzalez-montes-en-coordinacion-con-gobierno-de-guanajuato-llevan-exposicion-sitios-de-memoria\/#breadcrumb"},"inLanguage":"es","potentialAction":[{"@type":"ReadAction","target":["https:\/\/redamlo.com\/index.php\/2019\/10\/07\/luis-antonio-gonzalez-montes-en-coordinacion-con-gobierno-de-guanajuato-llevan-exposicion-sitios-de-memoria\/"]}]},{"@type":"ImageObject","inLanguage":"es","@id":"https:\/\/redamlo.com\/index.php\/2019\/10\/07\/luis-antonio-gonzalez-montes-en-coordinacion-con-gobierno-de-guanajuato-llevan-exposicion-sitios-de-memoria\/#primaryimage","url":"https:\/\/redamlo.com\/wp-content\/uploads\/2019\/10\/SITIOS-DE-MEMORIA-POR-LUIS-ANTONIO-GONZALEZ-MONTES-CDMXPRESS-MENTES-AMESTRAS.jpg","contentUrl":"https:\/\/redamlo.com\/wp-content\/uploads\/2019\/10\/SITIOS-DE-MEMORIA-POR-LUIS-ANTONIO-GONZALEZ-MONTES-CDMXPRESS-MENTES-AMESTRAS.jpg","width":1280,"height":853},{"@type":"BreadcrumbList","@id":"https:\/\/redamlo.com\/index.php\/2019\/10\/07\/luis-antonio-gonzalez-montes-en-coordinacion-con-gobierno-de-guanajuato-llevan-exposicion-sitios-de-memoria\/#breadcrumb","itemListElement":[{"@type":"ListItem","position":1,"name":"Inicio","item":"https:\/\/redamlo.com\/"},{"@type":"ListItem","position":2,"name":"Luis Antonio Gonz\u00e1lez Montes en coordinaci\u00f3n con Gobierno de Guanajuato llevan Exposici\u00f3n Sitios de Memoria"}]},{"@type":"WebSite","@id":"https:\/\/redamlo.com\/#website","url":"https:\/\/redamlo.com\/","name":"NOTICIAS DE LA 4T","description":"","publisher":{"@id":"https:\/\/redamlo.com\/#organization"},"potentialAction":[{"@type":"SearchAction","target":{"@type":"EntryPoint","urlTemplate":"https:\/\/redamlo.com\/?s={search_term_string}"},"query-input":{"@type":"PropertyValueSpecification","valueRequired":true,"valueName":"search_term_string"}}],"inLanguage":"es"},{"@type":"Organization","@id":"https:\/\/redamlo.com\/#organization","name":"NOTICIAS DE LA 4T","url":"https:\/\/redamlo.com\/","logo":{"@type":"ImageObject","inLanguage":"es","@id":"https:\/\/redamlo.com\/#\/schema\/logo\/image\/","url":"https:\/\/redamlo.com\/wp-content\/uploads\/2024\/08\/cropped-RED-AMLO-logo-50.png","contentUrl":"https:\/\/redamlo.com\/wp-content\/uploads\/2024\/08\/cropped-RED-AMLO-logo-50.png","width":256,"height":256,"caption":"NOTICIAS DE LA 4T"},"image":{"@id":"https:\/\/redamlo.com\/#\/schema\/logo\/image\/"}},{"@type":"Person","@id":"https:\/\/redamlo.com\/#\/schema\/person\/7223a4375eb8f1a782fcae010a7115cf","name":"Blanca","image":{"@type":"ImageObject","inLanguage":"es","@id":"https:\/\/secure.gravatar.com\/avatar\/3f79bc8336367a4e6093eae8757acaaf61d1124834b905616de7829b0273426d?s=96&d=mm&r=g","url":"https:\/\/secure.gravatar.com\/avatar\/3f79bc8336367a4e6093eae8757acaaf61d1124834b905616de7829b0273426d?s=96&d=mm&r=g","contentUrl":"https:\/\/secure.gravatar.com\/avatar\/3f79bc8336367a4e6093eae8757acaaf61d1124834b905616de7829b0273426d?s=96&d=mm&r=g","caption":"Blanca"},"url":"https:\/\/redamlo.com\/index.php\/author\/blanca\/"}]}},"_links":{"self":[{"href":"https:\/\/redamlo.com\/index.php\/wp-json\/wp\/v2\/posts\/553","targetHints":{"allow":["GET"]}}],"collection":[{"href":"https:\/\/redamlo.com\/index.php\/wp-json\/wp\/v2\/posts"}],"about":[{"href":"https:\/\/redamlo.com\/index.php\/wp-json\/wp\/v2\/types\/post"}],"author":[{"embeddable":true,"href":"https:\/\/redamlo.com\/index.php\/wp-json\/wp\/v2\/users\/2"}],"replies":[{"embeddable":true,"href":"https:\/\/redamlo.com\/index.php\/wp-json\/wp\/v2\/comments?post=553"}],"version-history":[{"count":0,"href":"https:\/\/redamlo.com\/index.php\/wp-json\/wp\/v2\/posts\/553\/revisions"}],"wp:featuredmedia":[{"embeddable":true,"href":"https:\/\/redamlo.com\/index.php\/wp-json\/wp\/v2\/media\/555"}],"wp:attachment":[{"href":"https:\/\/redamlo.com\/index.php\/wp-json\/wp\/v2\/media?parent=553"}],"wp:term":[{"taxonomy":"category","embeddable":true,"href":"https:\/\/redamlo.com\/index.php\/wp-json\/wp\/v2\/categories?post=553"},{"taxonomy":"post_tag","embeddable":true,"href":"https:\/\/redamlo.com\/index.php\/wp-json\/wp\/v2\/tags?post=553"}],"curies":[{"name":"wp","href":"https:\/\/api.w.org\/{rel}","templated":true}]}}