{"id":550,"date":"2019-10-05T09:20:57","date_gmt":"2019-10-05T14:20:57","guid":{"rendered":"http:\/\/redamlo.com\/?p=550"},"modified":"2019-10-05T09:20:57","modified_gmt":"2019-10-05T14:20:57","slug":"para-mi-canelo-no-es-nada-gennady-golovkin","status":"publish","type":"post","link":"https:\/\/redamlo.com\/index.php\/2019\/10\/05\/para-mi-canelo-no-es-nada-gennady-golovkin\/","title":{"rendered":"Para m\u00ed Canelo no es nada\u201d; Gennady Golovkin"},"content":{"rendered":"<p class=\"rtejustify\">Este s\u00e1bado Genndy Golovkin volver\u00e1 al ring para enfrentar a Sergiy Derrevyanchenko, pero no desperdici\u00f3 el momento y aprovech\u00f3 para hablar sobre todo lo que piensa del Canelo \u00c1lvarez.<\/p>\n<p class=\"rtejustify\">Los medios de comunicaci\u00f3n hablaron con el kazajo sobre la pr\u00f3xima pelea que tendr\u00e1 el mexicano en contra de Kovalec, as\u00ed mismo, cuestionaron sobre la negativa de \u00c1lvarez por tener una revancha contra el pugilista.<\/p>\n<p class=\"rtejustify\"><em>&#8220;No estoy pensando en\u00a0<\/em>Canelo<em>, en serio, no estoy pensando en su siguiente pelea \u00bfPor qu\u00e9 me preguntas a m\u00ed? preg\u00fantale a \u00e9l o a alguien m\u00e1s. Para m\u00ed no es nada, si nombre no significa nada&#8221;,\u00a0<\/em>coment\u00f3 Golovkin.<\/p>\n<p class=\"rtejustify\">En caso de que el kazajo gane la pelea de este s\u00e1bado, Canelo podr\u00eda enfrentar nuevamente a Golovkin por el t\u00edtulo de peso mediano, luego de que le fuera despojado al mexicano por no pelear ante Derevyanchenko.<\/p>\n","protected":false},"excerpt":{"rendered":"<p>Este s\u00e1bado Genndy Golovkin volver\u00e1 al ring para enfrentar a Sergiy Derrevyanchenko, pero no desperdici\u00f3&#8230;<\/p>\n","protected":false},"author":2,"featured_media":552,"comment_status":"open","ping_status":"closed","sticky":false,"template":"","format":"standard","meta":{"footnotes":""},"categories":[94],"tags":[],"class_list":["post-550","post","type-post","status-publish","format-standard","has-post-thumbnail","hentry","category-deportes"],"yoast_head":"<!-- This site is optimized with the Yoast SEO plugin v27.5 - https:\/\/yoast.com\/product\/yoast-seo-wordpress\/ -->\n<title>Para m\u00ed Canelo no es nada\u201d; Gennady Golovkin - NOTICIAS DE LA 4T<\/title>\n<meta name=\"robots\" content=\"noindex, follow, max-snippet:-1, max-image-preview:large, max-video-preview:-1\" \/>\n<meta property=\"og:locale\" content=\"es_MX\" \/>\n<meta property=\"og:type\" content=\"article\" \/>\n<meta property=\"og:title\" content=\"Para m\u00ed Canelo no es nada\u201d; Gennady Golovkin - NOTICIAS DE LA 4T\" \/>\n<meta property=\"og:description\" content=\"Este s\u00e1bado Genndy Golovkin volver\u00e1 al ring para enfrentar a Sergiy Derrevyanchenko, pero no desperdici\u00f3...\" \/>\n<meta property=\"og:url\" content=\"https:\/\/redamlo.com\/index.php\/2019\/10\/05\/para-mi-canelo-no-es-nada-gennady-golovkin\/\" \/>\n<meta property=\"og:site_name\" content=\"NOTICIAS DE LA 4T\" \/>\n<meta property=\"article:published_time\" content=\"2019-10-05T14:20:57+00:00\" \/>\n<meta property=\"og:image\" content=\"https:\/\/redamlo.com\/wp-content\/uploads\/2019\/10\/FB_IMG_1570285229387.jpg\" \/>\n\t<meta property=\"og:image:width\" content=\"768\" \/>\n\t<meta property=\"og:image:height\" content=\"960\" \/>\n\t<meta property=\"og:image:type\" content=\"image\/jpeg\" \/>\n<meta name=\"author\" content=\"Blanca\" \/>\n<meta name=\"twitter:card\" content=\"summary_large_image\" \/>\n<meta name=\"twitter:label1\" content=\"Escrito por\" \/>\n\t<meta name=\"twitter:data1\" content=\"Blanca\" \/>\n\t<meta name=\"twitter:label2\" content=\"Tiempo de lectura\" \/>\n\t<meta name=\"twitter:data2\" content=\"1 minuto\" \/>\n<script type=\"application\/ld+json\" class=\"yoast-schema-graph\">{\"@context\":\"https:\\\/\\\/schema.org\",\"@graph\":[{\"@type\":\"Article\",\"@id\":\"https:\\\/\\\/redamlo.com\\\/index.php\\\/2019\\\/10\\\/05\\\/para-mi-canelo-no-es-nada-gennady-golovkin\\\/#article\",\"isPartOf\":{\"@id\":\"https:\\\/\\\/redamlo.com\\\/index.php\\\/2019\\\/10\\\/05\\\/para-mi-canelo-no-es-nada-gennady-golovkin\\\/\"},\"author\":{\"name\":\"Blanca\",\"@id\":\"https:\\\/\\\/redamlo.com\\\/#\\\/schema\\\/person\\\/7223a4375eb8f1a782fcae010a7115cf\"},\"headline\":\"Para m\u00ed Canelo no es nada\u201d; Gennady Golovkin\",\"datePublished\":\"2019-10-05T14:20:57+00:00\",\"mainEntityOfPage\":{\"@id\":\"https:\\\/\\\/redamlo.com\\\/index.php\\\/2019\\\/10\\\/05\\\/para-mi-canelo-no-es-nada-gennady-golovkin\\\/\"},\"wordCount\":156,\"commentCount\":0,\"publisher\":{\"@id\":\"https:\\\/\\\/redamlo.com\\\/#organization\"},\"image\":{\"@id\":\"https:\\\/\\\/redamlo.com\\\/index.php\\\/2019\\\/10\\\/05\\\/para-mi-canelo-no-es-nada-gennady-golovkin\\\/#primaryimage\"},\"thumbnailUrl\":\"https:\\\/\\\/redamlo.com\\\/wp-content\\\/uploads\\\/2019\\\/10\\\/FB_IMG_1570285229387.jpg\",\"articleSection\":[\"Deportes\"],\"inLanguage\":\"es\",\"potentialAction\":[{\"@type\":\"CommentAction\",\"name\":\"Comment\",\"target\":[\"https:\\\/\\\/redamlo.com\\\/index.php\\\/2019\\\/10\\\/05\\\/para-mi-canelo-no-es-nada-gennady-golovkin\\\/#respond\"]}]},{\"@type\":\"WebPage\",\"@id\":\"https:\\\/\\\/redamlo.com\\\/index.php\\\/2019\\\/10\\\/05\\\/para-mi-canelo-no-es-nada-gennady-golovkin\\\/\",\"url\":\"https:\\\/\\\/redamlo.com\\\/index.php\\\/2019\\\/10\\\/05\\\/para-mi-canelo-no-es-nada-gennady-golovkin\\\/\",\"name\":\"Para m\u00ed Canelo no es nada\u201d; Gennady Golovkin - NOTICIAS DE LA 4T\",\"isPartOf\":{\"@id\":\"https:\\\/\\\/redamlo.com\\\/#website\"},\"primaryImageOfPage\":{\"@id\":\"https:\\\/\\\/redamlo.com\\\/index.php\\\/2019\\\/10\\\/05\\\/para-mi-canelo-no-es-nada-gennady-golovkin\\\/#primaryimage\"},\"image\":{\"@id\":\"https:\\\/\\\/redamlo.com\\\/index.php\\\/2019\\\/10\\\/05\\\/para-mi-canelo-no-es-nada-gennady-golovkin\\\/#primaryimage\"},\"thumbnailUrl\":\"https:\\\/\\\/redamlo.com\\\/wp-content\\\/uploads\\\/2019\\\/10\\\/FB_IMG_1570285229387.jpg\",\"datePublished\":\"2019-10-05T14:20:57+00:00\",\"breadcrumb\":{\"@id\":\"https:\\\/\\\/redamlo.com\\\/index.php\\\/2019\\\/10\\\/05\\\/para-mi-canelo-no-es-nada-gennady-golovkin\\\/#breadcrumb\"},\"inLanguage\":\"es\",\"potentialAction\":[{\"@type\":\"ReadAction\",\"target\":[\"https:\\\/\\\/redamlo.com\\\/index.php\\\/2019\\\/10\\\/05\\\/para-mi-canelo-no-es-nada-gennady-golovkin\\\/\"]}]},{\"@type\":\"ImageObject\",\"inLanguage\":\"es\",\"@id\":\"https:\\\/\\\/redamlo.com\\\/index.php\\\/2019\\\/10\\\/05\\\/para-mi-canelo-no-es-nada-gennady-golovkin\\\/#primaryimage\",\"url\":\"https:\\\/\\\/redamlo.com\\\/wp-content\\\/uploads\\\/2019\\\/10\\\/FB_IMG_1570285229387.jpg\",\"contentUrl\":\"https:\\\/\\\/redamlo.com\\\/wp-content\\\/uploads\\\/2019\\\/10\\\/FB_IMG_1570285229387.jpg\",\"width\":768,\"height\":960},{\"@type\":\"BreadcrumbList\",\"@id\":\"https:\\\/\\\/redamlo.com\\\/index.php\\\/2019\\\/10\\\/05\\\/para-mi-canelo-no-es-nada-gennady-golovkin\\\/#breadcrumb\",\"itemListElement\":[{\"@type\":\"ListItem\",\"position\":1,\"name\":\"Inicio\",\"item\":\"https:\\\/\\\/redamlo.com\\\/\"},{\"@type\":\"ListItem\",\"position\":2,\"name\":\"Para m\u00ed Canelo no es nada\u201d; Gennady Golovkin\"}]},{\"@type\":\"WebSite\",\"@id\":\"https:\\\/\\\/redamlo.com\\\/#website\",\"url\":\"https:\\\/\\\/redamlo.com\\\/\",\"name\":\"NOTICIAS DE LA 4T\",\"description\":\"\",\"publisher\":{\"@id\":\"https:\\\/\\\/redamlo.com\\\/#organization\"},\"potentialAction\":[{\"@type\":\"SearchAction\",\"target\":{\"@type\":\"EntryPoint\",\"urlTemplate\":\"https:\\\/\\\/redamlo.com\\\/?s={search_term_string}\"},\"query-input\":{\"@type\":\"PropertyValueSpecification\",\"valueRequired\":true,\"valueName\":\"search_term_string\"}}],\"inLanguage\":\"es\"},{\"@type\":\"Organization\",\"@id\":\"https:\\\/\\\/redamlo.com\\\/#organization\",\"name\":\"NOTICIAS DE LA 4T\",\"url\":\"https:\\\/\\\/redamlo.com\\\/\",\"logo\":{\"@type\":\"ImageObject\",\"inLanguage\":\"es\",\"@id\":\"https:\\\/\\\/redamlo.com\\\/#\\\/schema\\\/logo\\\/image\\\/\",\"url\":\"https:\\\/\\\/redamlo.com\\\/wp-content\\\/uploads\\\/2024\\\/08\\\/cropped-RED-AMLO-logo-50.png\",\"contentUrl\":\"https:\\\/\\\/redamlo.com\\\/wp-content\\\/uploads\\\/2024\\\/08\\\/cropped-RED-AMLO-logo-50.png\",\"width\":256,\"height\":256,\"caption\":\"NOTICIAS DE LA 4T\"},\"image\":{\"@id\":\"https:\\\/\\\/redamlo.com\\\/#\\\/schema\\\/logo\\\/image\\\/\"}},{\"@type\":\"Person\",\"@id\":\"https:\\\/\\\/redamlo.com\\\/#\\\/schema\\\/person\\\/7223a4375eb8f1a782fcae010a7115cf\",\"name\":\"Blanca\",\"image\":{\"@type\":\"ImageObject\",\"inLanguage\":\"es\",\"@id\":\"https:\\\/\\\/secure.gravatar.com\\\/avatar\\\/3f79bc8336367a4e6093eae8757acaaf61d1124834b905616de7829b0273426d?s=96&d=mm&r=g\",\"url\":\"https:\\\/\\\/secure.gravatar.com\\\/avatar\\\/3f79bc8336367a4e6093eae8757acaaf61d1124834b905616de7829b0273426d?s=96&d=mm&r=g\",\"contentUrl\":\"https:\\\/\\\/secure.gravatar.com\\\/avatar\\\/3f79bc8336367a4e6093eae8757acaaf61d1124834b905616de7829b0273426d?s=96&d=mm&r=g\",\"caption\":\"Blanca\"},\"url\":\"https:\\\/\\\/redamlo.com\\\/index.php\\\/author\\\/blanca\\\/\"}]}<\/script>\n<!-- \/ Yoast SEO plugin. -->","yoast_head_json":{"title":"Para m\u00ed Canelo no es nada\u201d; Gennady Golovkin - NOTICIAS DE LA 4T","robots":{"index":"noindex","follow":"follow","max-snippet":"max-snippet:-1","max-image-preview":"max-image-preview:large","max-video-preview":"max-video-preview:-1"},"og_locale":"es_MX","og_type":"article","og_title":"Para m\u00ed Canelo no es nada\u201d; Gennady Golovkin - NOTICIAS DE LA 4T","og_description":"Este s\u00e1bado Genndy Golovkin volver\u00e1 al ring para enfrentar a Sergiy Derrevyanchenko, pero no desperdici\u00f3...","og_url":"https:\/\/redamlo.com\/index.php\/2019\/10\/05\/para-mi-canelo-no-es-nada-gennady-golovkin\/","og_site_name":"NOTICIAS DE LA 4T","article_published_time":"2019-10-05T14:20:57+00:00","og_image":[{"width":768,"height":960,"url":"https:\/\/redamlo.com\/wp-content\/uploads\/2019\/10\/FB_IMG_1570285229387.jpg","type":"image\/jpeg"}],"author":"Blanca","twitter_card":"summary_large_image","twitter_misc":{"Escrito por":"Blanca","Tiempo de lectura":"1 minuto"},"schema":{"@context":"https:\/\/schema.org","@graph":[{"@type":"Article","@id":"https:\/\/redamlo.com\/index.php\/2019\/10\/05\/para-mi-canelo-no-es-nada-gennady-golovkin\/#article","isPartOf":{"@id":"https:\/\/redamlo.com\/index.php\/2019\/10\/05\/para-mi-canelo-no-es-nada-gennady-golovkin\/"},"author":{"name":"Blanca","@id":"https:\/\/redamlo.com\/#\/schema\/person\/7223a4375eb8f1a782fcae010a7115cf"},"headline":"Para m\u00ed Canelo no es nada\u201d; Gennady Golovkin","datePublished":"2019-10-05T14:20:57+00:00","mainEntityOfPage":{"@id":"https:\/\/redamlo.com\/index.php\/2019\/10\/05\/para-mi-canelo-no-es-nada-gennady-golovkin\/"},"wordCount":156,"commentCount":0,"publisher":{"@id":"https:\/\/redamlo.com\/#organization"},"image":{"@id":"https:\/\/redamlo.com\/index.php\/2019\/10\/05\/para-mi-canelo-no-es-nada-gennady-golovkin\/#primaryimage"},"thumbnailUrl":"https:\/\/redamlo.com\/wp-content\/uploads\/2019\/10\/FB_IMG_1570285229387.jpg","articleSection":["Deportes"],"inLanguage":"es","potentialAction":[{"@type":"CommentAction","name":"Comment","target":["https:\/\/redamlo.com\/index.php\/2019\/10\/05\/para-mi-canelo-no-es-nada-gennady-golovkin\/#respond"]}]},{"@type":"WebPage","@id":"https:\/\/redamlo.com\/index.php\/2019\/10\/05\/para-mi-canelo-no-es-nada-gennady-golovkin\/","url":"https:\/\/redamlo.com\/index.php\/2019\/10\/05\/para-mi-canelo-no-es-nada-gennady-golovkin\/","name":"Para m\u00ed Canelo no es nada\u201d; Gennady Golovkin - NOTICIAS DE LA 4T","isPartOf":{"@id":"https:\/\/redamlo.com\/#website"},"primaryImageOfPage":{"@id":"https:\/\/redamlo.com\/index.php\/2019\/10\/05\/para-mi-canelo-no-es-nada-gennady-golovkin\/#primaryimage"},"image":{"@id":"https:\/\/redamlo.com\/index.php\/2019\/10\/05\/para-mi-canelo-no-es-nada-gennady-golovkin\/#primaryimage"},"thumbnailUrl":"https:\/\/redamlo.com\/wp-content\/uploads\/2019\/10\/FB_IMG_1570285229387.jpg","datePublished":"2019-10-05T14:20:57+00:00","breadcrumb":{"@id":"https:\/\/redamlo.com\/index.php\/2019\/10\/05\/para-mi-canelo-no-es-nada-gennady-golovkin\/#breadcrumb"},"inLanguage":"es","potentialAction":[{"@type":"ReadAction","target":["https:\/\/redamlo.com\/index.php\/2019\/10\/05\/para-mi-canelo-no-es-nada-gennady-golovkin\/"]}]},{"@type":"ImageObject","inLanguage":"es","@id":"https:\/\/redamlo.com\/index.php\/2019\/10\/05\/para-mi-canelo-no-es-nada-gennady-golovkin\/#primaryimage","url":"https:\/\/redamlo.com\/wp-content\/uploads\/2019\/10\/FB_IMG_1570285229387.jpg","contentUrl":"https:\/\/redamlo.com\/wp-content\/uploads\/2019\/10\/FB_IMG_1570285229387.jpg","width":768,"height":960},{"@type":"BreadcrumbList","@id":"https:\/\/redamlo.com\/index.php\/2019\/10\/05\/para-mi-canelo-no-es-nada-gennady-golovkin\/#breadcrumb","itemListElement":[{"@type":"ListItem","position":1,"name":"Inicio","item":"https:\/\/redamlo.com\/"},{"@type":"ListItem","position":2,"name":"Para m\u00ed Canelo no es nada\u201d; Gennady Golovkin"}]},{"@type":"WebSite","@id":"https:\/\/redamlo.com\/#website","url":"https:\/\/redamlo.com\/","name":"NOTICIAS DE LA 4T","description":"","publisher":{"@id":"https:\/\/redamlo.com\/#organization"},"potentialAction":[{"@type":"SearchAction","target":{"@type":"EntryPoint","urlTemplate":"https:\/\/redamlo.com\/?s={search_term_string}"},"query-input":{"@type":"PropertyValueSpecification","valueRequired":true,"valueName":"search_term_string"}}],"inLanguage":"es"},{"@type":"Organization","@id":"https:\/\/redamlo.com\/#organization","name":"NOTICIAS DE LA 4T","url":"https:\/\/redamlo.com\/","logo":{"@type":"ImageObject","inLanguage":"es","@id":"https:\/\/redamlo.com\/#\/schema\/logo\/image\/","url":"https:\/\/redamlo.com\/wp-content\/uploads\/2024\/08\/cropped-RED-AMLO-logo-50.png","contentUrl":"https:\/\/redamlo.com\/wp-content\/uploads\/2024\/08\/cropped-RED-AMLO-logo-50.png","width":256,"height":256,"caption":"NOTICIAS DE LA 4T"},"image":{"@id":"https:\/\/redamlo.com\/#\/schema\/logo\/image\/"}},{"@type":"Person","@id":"https:\/\/redamlo.com\/#\/schema\/person\/7223a4375eb8f1a782fcae010a7115cf","name":"Blanca","image":{"@type":"ImageObject","inLanguage":"es","@id":"https:\/\/secure.gravatar.com\/avatar\/3f79bc8336367a4e6093eae8757acaaf61d1124834b905616de7829b0273426d?s=96&d=mm&r=g","url":"https:\/\/secure.gravatar.com\/avatar\/3f79bc8336367a4e6093eae8757acaaf61d1124834b905616de7829b0273426d?s=96&d=mm&r=g","contentUrl":"https:\/\/secure.gravatar.com\/avatar\/3f79bc8336367a4e6093eae8757acaaf61d1124834b905616de7829b0273426d?s=96&d=mm&r=g","caption":"Blanca"},"url":"https:\/\/redamlo.com\/index.php\/author\/blanca\/"}]}},"_links":{"self":[{"href":"https:\/\/redamlo.com\/index.php\/wp-json\/wp\/v2\/posts\/550","targetHints":{"allow":["GET"]}}],"collection":[{"href":"https:\/\/redamlo.com\/index.php\/wp-json\/wp\/v2\/posts"}],"about":[{"href":"https:\/\/redamlo.com\/index.php\/wp-json\/wp\/v2\/types\/post"}],"author":[{"embeddable":true,"href":"https:\/\/redamlo.com\/index.php\/wp-json\/wp\/v2\/users\/2"}],"replies":[{"embeddable":true,"href":"https:\/\/redamlo.com\/index.php\/wp-json\/wp\/v2\/comments?post=550"}],"version-history":[{"count":0,"href":"https:\/\/redamlo.com\/index.php\/wp-json\/wp\/v2\/posts\/550\/revisions"}],"wp:featuredmedia":[{"embeddable":true,"href":"https:\/\/redamlo.com\/index.php\/wp-json\/wp\/v2\/media\/552"}],"wp:attachment":[{"href":"https:\/\/redamlo.com\/index.php\/wp-json\/wp\/v2\/media?parent=550"}],"wp:term":[{"taxonomy":"category","embeddable":true,"href":"https:\/\/redamlo.com\/index.php\/wp-json\/wp\/v2\/categories?post=550"},{"taxonomy":"post_tag","embeddable":true,"href":"https:\/\/redamlo.com\/index.php\/wp-json\/wp\/v2\/tags?post=550"}],"curies":[{"name":"wp","href":"https:\/\/api.w.org\/{rel}","templated":true}]}}