{"id":5409,"date":"2021-08-20T12:00:02","date_gmt":"2021-08-20T12:00:02","guid":{"rendered":"https:\/\/redamlo.com\/?p=5409"},"modified":"2021-08-20T12:00:02","modified_gmt":"2021-08-20T12:00:02","slug":"lopez-obrador-instruye-revisar-mecanismo-de-proteccion-a-periodistas-no-hay-impunidad-y-no-se-tolera-la-violencia-afirma","status":"publish","type":"post","link":"https:\/\/redamlo.com\/index.php\/2021\/08\/20\/lopez-obrador-instruye-revisar-mecanismo-de-proteccion-a-periodistas-no-hay-impunidad-y-no-se-tolera-la-violencia-afirma\/","title":{"rendered":"L\u00f3pez Obrador instruye revisar mecanismo de protecci\u00f3n a periodistas; no hay impunidad y no se tolera la violencia, afirma"},"content":{"rendered":"<div id=\":1q2\" class=\"Ar Au Ao\">\n<div id=\":1or\" class=\"Am Al editable LW-avf tS-tW tS-tY\" style=\"text-align: justify;\" tabindex=\"1\" role=\"textbox\" contenteditable=\"true\" spellcheck=\"false\" aria-label=\"Cuerpo del mensaje\" aria-multiline=\"true\">\n<p><span style=\"font-family: Arial, Helvetica, sans-serif; color: #000000;\">M\u00c9XICO, 20 de agosto de 2021.- El presidente de M\u00e9xico, Andr\u00e9s Manuel L\u00f3pez Obrador instruy\u00f3 al subsecretario de Derechos Humanos, Poblaci\u00f3n y Migraci\u00f3n, Alejandro Encinas, hacer una revisi\u00f3n del Mecanismo de Protecci\u00f3n para Personas Defensoras de Derechos Humanos y Periodistas con el objetivo de que no haya impunidad y garantizar la seguridad de los profesionales de la informaci\u00f3n y dirigentes sociales.<\/span><\/p>\n<p><span style=\"font-family: Arial, Helvetica, sans-serif; color: #000000;\">\u201cQue se haga una revisi\u00f3n al mecanismo de protecci\u00f3n a los periodistas, porque en efecto es algo que ya ven\u00eda y nosotros lo hemos continuado, pero a lo mejor no es lo m\u00e1s eficaz, lo m\u00e1s conveniente y hay que revisarlo, le vamos pedir a Alejandro (Encinas) que se vea a fondo sobre esto\u201d, detall\u00f3.<\/span><\/p>\n<p><span style=\"font-family: Arial, Helvetica, sans-serif; color: #000000;\">El mandatario lament\u00f3 los sucesos ocurridos en contra de periodistas, subray\u00f3 que cuentan con el respaldo del gobierno federal y afirm\u00f3 que no se tolera la violencia ni la impunidad.<\/span><\/p>\n<p><span style=\"font-family: Arial, Helvetica, sans-serif; color: #000000;\">\u201cQue se sepa que si se comete un delito se va a buscar por todos los medios, como lo hemos hecho, que no haya impunidad. En general, para periodistas, para dirigentes sociales y para todos los ciudadanos: protecci\u00f3n. Que se reciba este mensaje de los que se dedican a delinquir: no hay impunidad, no vamos a tolerar violencia y la delincuencia\u201d, sostuvo.<\/span><\/p>\n<p><iframe loading=\"lazy\" title=\"Revisi\u00f3n de mecanismo de protecci\u00f3n a periodistas. Conferencia presidente AMLO\" width=\"640\" height=\"360\" src=\"https:\/\/www.youtube.com\/embed\/CSmwNcFg3ZI?start=960&#038;feature=oembed\" frameborder=\"0\" allow=\"accelerometer; autoplay; clipboard-write; encrypted-media; gyroscope; picture-in-picture; web-share\" referrerpolicy=\"strict-origin-when-cross-origin\" allowfullscreen><\/iframe><\/p>\n<\/div>\n<\/div>\n","protected":false},"excerpt":{"rendered":"<p>M\u00c9XICO, 20 de agosto de 2021.- El presidente de M\u00e9xico, Andr\u00e9s Manuel L\u00f3pez Obrador instruy\u00f3&#8230;<\/p>\n","protected":false},"author":2,"featured_media":5412,"comment_status":"open","ping_status":"closed","sticky":false,"template":"","format":"standard","meta":{"footnotes":""},"categories":[25,20,27],"tags":[1240,84,131,556,9,597,1326],"class_list":["post-5409","post","type-post","status-publish","format-standard","has-post-thumbnail","hentry","category-4t","category-nacionales","category-presidencia","tag-alejandro-encinas","tag-amlo","tag-andres-manuel-lopez-obrador","tag-gobierno-de-mexico","tag-mexico","tag-no-impunidad","tag-proteccion-a-periodistas"],"yoast_head":"<!-- This site is optimized with the Yoast SEO plugin v27.5 - https:\/\/yoast.com\/product\/yoast-seo-wordpress\/ -->\n<title>L\u00f3pez Obrador instruye revisar mecanismo de protecci\u00f3n a periodistas; no hay impunidad y no se tolera la violencia, afirma - NOTICIAS DE LA 4T<\/title>\n<meta name=\"robots\" content=\"noindex, follow, max-snippet:-1, max-image-preview:large, max-video-preview:-1\" \/>\n<meta property=\"og:locale\" content=\"es_MX\" \/>\n<meta property=\"og:type\" content=\"article\" \/>\n<meta property=\"og:title\" content=\"L\u00f3pez Obrador instruye revisar mecanismo de protecci\u00f3n a periodistas; no hay impunidad y no se tolera la violencia, afirma - NOTICIAS DE LA 4T\" \/>\n<meta property=\"og:description\" content=\"M\u00c9XICO, 20 de agosto de 2021.- El presidente de M\u00e9xico, Andr\u00e9s Manuel L\u00f3pez Obrador instruy\u00f3...\" \/>\n<meta property=\"og:url\" content=\"https:\/\/redamlo.com\/index.php\/2021\/08\/20\/lopez-obrador-instruye-revisar-mecanismo-de-proteccion-a-periodistas-no-hay-impunidad-y-no-se-tolera-la-violencia-afirma\/\" \/>\n<meta property=\"og:site_name\" content=\"NOTICIAS DE LA 4T\" \/>\n<meta property=\"article:published_time\" content=\"2021-08-20T12:00:02+00:00\" \/>\n<meta property=\"og:image\" content=\"https:\/\/redamlo.com\/wp-content\/uploads\/2021\/09\/Lopez-Obrador-instruye-revisar-mecanismo-de-proteccion-a-periodistas-no-hay-impunidad-y-no-se-tolera-la-violencia-afirma.jpg\" \/>\n\t<meta property=\"og:image:width\" content=\"1499\" \/>\n\t<meta property=\"og:image:height\" content=\"841\" \/>\n\t<meta property=\"og:image:type\" content=\"image\/jpeg\" \/>\n<meta name=\"author\" content=\"Blanca\" \/>\n<meta name=\"twitter:card\" content=\"summary_large_image\" \/>\n<meta name=\"twitter:label1\" content=\"Escrito por\" \/>\n\t<meta name=\"twitter:data1\" content=\"Blanca\" \/>\n\t<meta name=\"twitter:label2\" content=\"Tiempo de lectura\" \/>\n\t<meta name=\"twitter:data2\" content=\"1 minuto\" \/>\n<script type=\"application\/ld+json\" class=\"yoast-schema-graph\">{\"@context\":\"https:\\\/\\\/schema.org\",\"@graph\":[{\"@type\":\"Article\",\"@id\":\"https:\\\/\\\/redamlo.com\\\/index.php\\\/2021\\\/08\\\/20\\\/lopez-obrador-instruye-revisar-mecanismo-de-proteccion-a-periodistas-no-hay-impunidad-y-no-se-tolera-la-violencia-afirma\\\/#article\",\"isPartOf\":{\"@id\":\"https:\\\/\\\/redamlo.com\\\/index.php\\\/2021\\\/08\\\/20\\\/lopez-obrador-instruye-revisar-mecanismo-de-proteccion-a-periodistas-no-hay-impunidad-y-no-se-tolera-la-violencia-afirma\\\/\"},\"author\":{\"name\":\"Blanca\",\"@id\":\"https:\\\/\\\/redamlo.com\\\/#\\\/schema\\\/person\\\/7223a4375eb8f1a782fcae010a7115cf\"},\"headline\":\"L\u00f3pez Obrador instruye revisar mecanismo de protecci\u00f3n a periodistas; no hay impunidad y no se tolera la violencia, afirma\",\"datePublished\":\"2021-08-20T12:00:02+00:00\",\"mainEntityOfPage\":{\"@id\":\"https:\\\/\\\/redamlo.com\\\/index.php\\\/2021\\\/08\\\/20\\\/lopez-obrador-instruye-revisar-mecanismo-de-proteccion-a-periodistas-no-hay-impunidad-y-no-se-tolera-la-violencia-afirma\\\/\"},\"wordCount\":258,\"commentCount\":0,\"publisher\":{\"@id\":\"https:\\\/\\\/redamlo.com\\\/#organization\"},\"image\":{\"@id\":\"https:\\\/\\\/redamlo.com\\\/index.php\\\/2021\\\/08\\\/20\\\/lopez-obrador-instruye-revisar-mecanismo-de-proteccion-a-periodistas-no-hay-impunidad-y-no-se-tolera-la-violencia-afirma\\\/#primaryimage\"},\"thumbnailUrl\":\"https:\\\/\\\/redamlo.com\\\/wp-content\\\/uploads\\\/2021\\\/09\\\/Lopez-Obrador-instruye-revisar-mecanismo-de-proteccion-a-periodistas-no-hay-impunidad-y-no-se-tolera-la-violencia-afirma.jpg\",\"keywords\":[\"Alejandro Encinas\",\"AMLO\",\"Andr\u00e9s Manuel L\u00f3pez Obrador\",\"Gobierno de M\u00e9xico\",\"M\u00e9xico\",\"no impunidad\",\"protecci\u00f3n a periodistas\"],\"articleSection\":[\"4T\",\"Nacionales\",\"Presidencia\"],\"inLanguage\":\"es\",\"potentialAction\":[{\"@type\":\"CommentAction\",\"name\":\"Comment\",\"target\":[\"https:\\\/\\\/redamlo.com\\\/index.php\\\/2021\\\/08\\\/20\\\/lopez-obrador-instruye-revisar-mecanismo-de-proteccion-a-periodistas-no-hay-impunidad-y-no-se-tolera-la-violencia-afirma\\\/#respond\"]}]},{\"@type\":\"WebPage\",\"@id\":\"https:\\\/\\\/redamlo.com\\\/index.php\\\/2021\\\/08\\\/20\\\/lopez-obrador-instruye-revisar-mecanismo-de-proteccion-a-periodistas-no-hay-impunidad-y-no-se-tolera-la-violencia-afirma\\\/\",\"url\":\"https:\\\/\\\/redamlo.com\\\/index.php\\\/2021\\\/08\\\/20\\\/lopez-obrador-instruye-revisar-mecanismo-de-proteccion-a-periodistas-no-hay-impunidad-y-no-se-tolera-la-violencia-afirma\\\/\",\"name\":\"L\u00f3pez Obrador instruye revisar mecanismo de protecci\u00f3n a periodistas; no hay impunidad y no se tolera la violencia, afirma - NOTICIAS DE LA 4T\",\"isPartOf\":{\"@id\":\"https:\\\/\\\/redamlo.com\\\/#website\"},\"primaryImageOfPage\":{\"@id\":\"https:\\\/\\\/redamlo.com\\\/index.php\\\/2021\\\/08\\\/20\\\/lopez-obrador-instruye-revisar-mecanismo-de-proteccion-a-periodistas-no-hay-impunidad-y-no-se-tolera-la-violencia-afirma\\\/#primaryimage\"},\"image\":{\"@id\":\"https:\\\/\\\/redamlo.com\\\/index.php\\\/2021\\\/08\\\/20\\\/lopez-obrador-instruye-revisar-mecanismo-de-proteccion-a-periodistas-no-hay-impunidad-y-no-se-tolera-la-violencia-afirma\\\/#primaryimage\"},\"thumbnailUrl\":\"https:\\\/\\\/redamlo.com\\\/wp-content\\\/uploads\\\/2021\\\/09\\\/Lopez-Obrador-instruye-revisar-mecanismo-de-proteccion-a-periodistas-no-hay-impunidad-y-no-se-tolera-la-violencia-afirma.jpg\",\"datePublished\":\"2021-08-20T12:00:02+00:00\",\"breadcrumb\":{\"@id\":\"https:\\\/\\\/redamlo.com\\\/index.php\\\/2021\\\/08\\\/20\\\/lopez-obrador-instruye-revisar-mecanismo-de-proteccion-a-periodistas-no-hay-impunidad-y-no-se-tolera-la-violencia-afirma\\\/#breadcrumb\"},\"inLanguage\":\"es\",\"potentialAction\":[{\"@type\":\"ReadAction\",\"target\":[\"https:\\\/\\\/redamlo.com\\\/index.php\\\/2021\\\/08\\\/20\\\/lopez-obrador-instruye-revisar-mecanismo-de-proteccion-a-periodistas-no-hay-impunidad-y-no-se-tolera-la-violencia-afirma\\\/\"]}]},{\"@type\":\"ImageObject\",\"inLanguage\":\"es\",\"@id\":\"https:\\\/\\\/redamlo.com\\\/index.php\\\/2021\\\/08\\\/20\\\/lopez-obrador-instruye-revisar-mecanismo-de-proteccion-a-periodistas-no-hay-impunidad-y-no-se-tolera-la-violencia-afirma\\\/#primaryimage\",\"url\":\"https:\\\/\\\/redamlo.com\\\/wp-content\\\/uploads\\\/2021\\\/09\\\/Lopez-Obrador-instruye-revisar-mecanismo-de-proteccion-a-periodistas-no-hay-impunidad-y-no-se-tolera-la-violencia-afirma.jpg\",\"contentUrl\":\"https:\\\/\\\/redamlo.com\\\/wp-content\\\/uploads\\\/2021\\\/09\\\/Lopez-Obrador-instruye-revisar-mecanismo-de-proteccion-a-periodistas-no-hay-impunidad-y-no-se-tolera-la-violencia-afirma.jpg\",\"width\":1499,\"height\":841},{\"@type\":\"BreadcrumbList\",\"@id\":\"https:\\\/\\\/redamlo.com\\\/index.php\\\/2021\\\/08\\\/20\\\/lopez-obrador-instruye-revisar-mecanismo-de-proteccion-a-periodistas-no-hay-impunidad-y-no-se-tolera-la-violencia-afirma\\\/#breadcrumb\",\"itemListElement\":[{\"@type\":\"ListItem\",\"position\":1,\"name\":\"Inicio\",\"item\":\"https:\\\/\\\/redamlo.com\\\/\"},{\"@type\":\"ListItem\",\"position\":2,\"name\":\"L\u00f3pez Obrador instruye revisar mecanismo de protecci\u00f3n a periodistas; no hay impunidad y no se tolera la violencia, afirma\"}]},{\"@type\":\"WebSite\",\"@id\":\"https:\\\/\\\/redamlo.com\\\/#website\",\"url\":\"https:\\\/\\\/redamlo.com\\\/\",\"name\":\"NOTICIAS DE LA 4T\",\"description\":\"\",\"publisher\":{\"@id\":\"https:\\\/\\\/redamlo.com\\\/#organization\"},\"potentialAction\":[{\"@type\":\"SearchAction\",\"target\":{\"@type\":\"EntryPoint\",\"urlTemplate\":\"https:\\\/\\\/redamlo.com\\\/?s={search_term_string}\"},\"query-input\":{\"@type\":\"PropertyValueSpecification\",\"valueRequired\":true,\"valueName\":\"search_term_string\"}}],\"inLanguage\":\"es\"},{\"@type\":\"Organization\",\"@id\":\"https:\\\/\\\/redamlo.com\\\/#organization\",\"name\":\"NOTICIAS DE LA 4T\",\"url\":\"https:\\\/\\\/redamlo.com\\\/\",\"logo\":{\"@type\":\"ImageObject\",\"inLanguage\":\"es\",\"@id\":\"https:\\\/\\\/redamlo.com\\\/#\\\/schema\\\/logo\\\/image\\\/\",\"url\":\"https:\\\/\\\/redamlo.com\\\/wp-content\\\/uploads\\\/2024\\\/08\\\/cropped-RED-AMLO-logo-50.png\",\"contentUrl\":\"https:\\\/\\\/redamlo.com\\\/wp-content\\\/uploads\\\/2024\\\/08\\\/cropped-RED-AMLO-logo-50.png\",\"width\":256,\"height\":256,\"caption\":\"NOTICIAS DE LA 4T\"},\"image\":{\"@id\":\"https:\\\/\\\/redamlo.com\\\/#\\\/schema\\\/logo\\\/image\\\/\"}},{\"@type\":\"Person\",\"@id\":\"https:\\\/\\\/redamlo.com\\\/#\\\/schema\\\/person\\\/7223a4375eb8f1a782fcae010a7115cf\",\"name\":\"Blanca\",\"image\":{\"@type\":\"ImageObject\",\"inLanguage\":\"es\",\"@id\":\"https:\\\/\\\/secure.gravatar.com\\\/avatar\\\/3f79bc8336367a4e6093eae8757acaaf61d1124834b905616de7829b0273426d?s=96&d=mm&r=g\",\"url\":\"https:\\\/\\\/secure.gravatar.com\\\/avatar\\\/3f79bc8336367a4e6093eae8757acaaf61d1124834b905616de7829b0273426d?s=96&d=mm&r=g\",\"contentUrl\":\"https:\\\/\\\/secure.gravatar.com\\\/avatar\\\/3f79bc8336367a4e6093eae8757acaaf61d1124834b905616de7829b0273426d?s=96&d=mm&r=g\",\"caption\":\"Blanca\"},\"url\":\"https:\\\/\\\/redamlo.com\\\/index.php\\\/author\\\/blanca\\\/\"}]}<\/script>\n<!-- \/ Yoast SEO plugin. -->","yoast_head_json":{"title":"L\u00f3pez Obrador instruye revisar mecanismo de protecci\u00f3n a periodistas; no hay impunidad y no se tolera la violencia, afirma - NOTICIAS DE LA 4T","robots":{"index":"noindex","follow":"follow","max-snippet":"max-snippet:-1","max-image-preview":"max-image-preview:large","max-video-preview":"max-video-preview:-1"},"og_locale":"es_MX","og_type":"article","og_title":"L\u00f3pez Obrador instruye revisar mecanismo de protecci\u00f3n a periodistas; no hay impunidad y no se tolera la violencia, afirma - NOTICIAS DE LA 4T","og_description":"M\u00c9XICO, 20 de agosto de 2021.- El presidente de M\u00e9xico, Andr\u00e9s Manuel L\u00f3pez Obrador instruy\u00f3...","og_url":"https:\/\/redamlo.com\/index.php\/2021\/08\/20\/lopez-obrador-instruye-revisar-mecanismo-de-proteccion-a-periodistas-no-hay-impunidad-y-no-se-tolera-la-violencia-afirma\/","og_site_name":"NOTICIAS DE LA 4T","article_published_time":"2021-08-20T12:00:02+00:00","og_image":[{"width":1499,"height":841,"url":"https:\/\/redamlo.com\/wp-content\/uploads\/2021\/09\/Lopez-Obrador-instruye-revisar-mecanismo-de-proteccion-a-periodistas-no-hay-impunidad-y-no-se-tolera-la-violencia-afirma.jpg","type":"image\/jpeg"}],"author":"Blanca","twitter_card":"summary_large_image","twitter_misc":{"Escrito por":"Blanca","Tiempo de lectura":"1 minuto"},"schema":{"@context":"https:\/\/schema.org","@graph":[{"@type":"Article","@id":"https:\/\/redamlo.com\/index.php\/2021\/08\/20\/lopez-obrador-instruye-revisar-mecanismo-de-proteccion-a-periodistas-no-hay-impunidad-y-no-se-tolera-la-violencia-afirma\/#article","isPartOf":{"@id":"https:\/\/redamlo.com\/index.php\/2021\/08\/20\/lopez-obrador-instruye-revisar-mecanismo-de-proteccion-a-periodistas-no-hay-impunidad-y-no-se-tolera-la-violencia-afirma\/"},"author":{"name":"Blanca","@id":"https:\/\/redamlo.com\/#\/schema\/person\/7223a4375eb8f1a782fcae010a7115cf"},"headline":"L\u00f3pez Obrador instruye revisar mecanismo de protecci\u00f3n a periodistas; no hay impunidad y no se tolera la violencia, afirma","datePublished":"2021-08-20T12:00:02+00:00","mainEntityOfPage":{"@id":"https:\/\/redamlo.com\/index.php\/2021\/08\/20\/lopez-obrador-instruye-revisar-mecanismo-de-proteccion-a-periodistas-no-hay-impunidad-y-no-se-tolera-la-violencia-afirma\/"},"wordCount":258,"commentCount":0,"publisher":{"@id":"https:\/\/redamlo.com\/#organization"},"image":{"@id":"https:\/\/redamlo.com\/index.php\/2021\/08\/20\/lopez-obrador-instruye-revisar-mecanismo-de-proteccion-a-periodistas-no-hay-impunidad-y-no-se-tolera-la-violencia-afirma\/#primaryimage"},"thumbnailUrl":"https:\/\/redamlo.com\/wp-content\/uploads\/2021\/09\/Lopez-Obrador-instruye-revisar-mecanismo-de-proteccion-a-periodistas-no-hay-impunidad-y-no-se-tolera-la-violencia-afirma.jpg","keywords":["Alejandro Encinas","AMLO","Andr\u00e9s Manuel L\u00f3pez Obrador","Gobierno de M\u00e9xico","M\u00e9xico","no impunidad","protecci\u00f3n a periodistas"],"articleSection":["4T","Nacionales","Presidencia"],"inLanguage":"es","potentialAction":[{"@type":"CommentAction","name":"Comment","target":["https:\/\/redamlo.com\/index.php\/2021\/08\/20\/lopez-obrador-instruye-revisar-mecanismo-de-proteccion-a-periodistas-no-hay-impunidad-y-no-se-tolera-la-violencia-afirma\/#respond"]}]},{"@type":"WebPage","@id":"https:\/\/redamlo.com\/index.php\/2021\/08\/20\/lopez-obrador-instruye-revisar-mecanismo-de-proteccion-a-periodistas-no-hay-impunidad-y-no-se-tolera-la-violencia-afirma\/","url":"https:\/\/redamlo.com\/index.php\/2021\/08\/20\/lopez-obrador-instruye-revisar-mecanismo-de-proteccion-a-periodistas-no-hay-impunidad-y-no-se-tolera-la-violencia-afirma\/","name":"L\u00f3pez Obrador instruye revisar mecanismo de protecci\u00f3n a periodistas; no hay impunidad y no se tolera la violencia, afirma - NOTICIAS DE LA 4T","isPartOf":{"@id":"https:\/\/redamlo.com\/#website"},"primaryImageOfPage":{"@id":"https:\/\/redamlo.com\/index.php\/2021\/08\/20\/lopez-obrador-instruye-revisar-mecanismo-de-proteccion-a-periodistas-no-hay-impunidad-y-no-se-tolera-la-violencia-afirma\/#primaryimage"},"image":{"@id":"https:\/\/redamlo.com\/index.php\/2021\/08\/20\/lopez-obrador-instruye-revisar-mecanismo-de-proteccion-a-periodistas-no-hay-impunidad-y-no-se-tolera-la-violencia-afirma\/#primaryimage"},"thumbnailUrl":"https:\/\/redamlo.com\/wp-content\/uploads\/2021\/09\/Lopez-Obrador-instruye-revisar-mecanismo-de-proteccion-a-periodistas-no-hay-impunidad-y-no-se-tolera-la-violencia-afirma.jpg","datePublished":"2021-08-20T12:00:02+00:00","breadcrumb":{"@id":"https:\/\/redamlo.com\/index.php\/2021\/08\/20\/lopez-obrador-instruye-revisar-mecanismo-de-proteccion-a-periodistas-no-hay-impunidad-y-no-se-tolera-la-violencia-afirma\/#breadcrumb"},"inLanguage":"es","potentialAction":[{"@type":"ReadAction","target":["https:\/\/redamlo.com\/index.php\/2021\/08\/20\/lopez-obrador-instruye-revisar-mecanismo-de-proteccion-a-periodistas-no-hay-impunidad-y-no-se-tolera-la-violencia-afirma\/"]}]},{"@type":"ImageObject","inLanguage":"es","@id":"https:\/\/redamlo.com\/index.php\/2021\/08\/20\/lopez-obrador-instruye-revisar-mecanismo-de-proteccion-a-periodistas-no-hay-impunidad-y-no-se-tolera-la-violencia-afirma\/#primaryimage","url":"https:\/\/redamlo.com\/wp-content\/uploads\/2021\/09\/Lopez-Obrador-instruye-revisar-mecanismo-de-proteccion-a-periodistas-no-hay-impunidad-y-no-se-tolera-la-violencia-afirma.jpg","contentUrl":"https:\/\/redamlo.com\/wp-content\/uploads\/2021\/09\/Lopez-Obrador-instruye-revisar-mecanismo-de-proteccion-a-periodistas-no-hay-impunidad-y-no-se-tolera-la-violencia-afirma.jpg","width":1499,"height":841},{"@type":"BreadcrumbList","@id":"https:\/\/redamlo.com\/index.php\/2021\/08\/20\/lopez-obrador-instruye-revisar-mecanismo-de-proteccion-a-periodistas-no-hay-impunidad-y-no-se-tolera-la-violencia-afirma\/#breadcrumb","itemListElement":[{"@type":"ListItem","position":1,"name":"Inicio","item":"https:\/\/redamlo.com\/"},{"@type":"ListItem","position":2,"name":"L\u00f3pez Obrador instruye revisar mecanismo de protecci\u00f3n a periodistas; no hay impunidad y no se tolera la violencia, afirma"}]},{"@type":"WebSite","@id":"https:\/\/redamlo.com\/#website","url":"https:\/\/redamlo.com\/","name":"NOTICIAS DE LA 4T","description":"","publisher":{"@id":"https:\/\/redamlo.com\/#organization"},"potentialAction":[{"@type":"SearchAction","target":{"@type":"EntryPoint","urlTemplate":"https:\/\/redamlo.com\/?s={search_term_string}"},"query-input":{"@type":"PropertyValueSpecification","valueRequired":true,"valueName":"search_term_string"}}],"inLanguage":"es"},{"@type":"Organization","@id":"https:\/\/redamlo.com\/#organization","name":"NOTICIAS DE LA 4T","url":"https:\/\/redamlo.com\/","logo":{"@type":"ImageObject","inLanguage":"es","@id":"https:\/\/redamlo.com\/#\/schema\/logo\/image\/","url":"https:\/\/redamlo.com\/wp-content\/uploads\/2024\/08\/cropped-RED-AMLO-logo-50.png","contentUrl":"https:\/\/redamlo.com\/wp-content\/uploads\/2024\/08\/cropped-RED-AMLO-logo-50.png","width":256,"height":256,"caption":"NOTICIAS DE LA 4T"},"image":{"@id":"https:\/\/redamlo.com\/#\/schema\/logo\/image\/"}},{"@type":"Person","@id":"https:\/\/redamlo.com\/#\/schema\/person\/7223a4375eb8f1a782fcae010a7115cf","name":"Blanca","image":{"@type":"ImageObject","inLanguage":"es","@id":"https:\/\/secure.gravatar.com\/avatar\/3f79bc8336367a4e6093eae8757acaaf61d1124834b905616de7829b0273426d?s=96&d=mm&r=g","url":"https:\/\/secure.gravatar.com\/avatar\/3f79bc8336367a4e6093eae8757acaaf61d1124834b905616de7829b0273426d?s=96&d=mm&r=g","contentUrl":"https:\/\/secure.gravatar.com\/avatar\/3f79bc8336367a4e6093eae8757acaaf61d1124834b905616de7829b0273426d?s=96&d=mm&r=g","caption":"Blanca"},"url":"https:\/\/redamlo.com\/index.php\/author\/blanca\/"}]}},"_links":{"self":[{"href":"https:\/\/redamlo.com\/index.php\/wp-json\/wp\/v2\/posts\/5409","targetHints":{"allow":["GET"]}}],"collection":[{"href":"https:\/\/redamlo.com\/index.php\/wp-json\/wp\/v2\/posts"}],"about":[{"href":"https:\/\/redamlo.com\/index.php\/wp-json\/wp\/v2\/types\/post"}],"author":[{"embeddable":true,"href":"https:\/\/redamlo.com\/index.php\/wp-json\/wp\/v2\/users\/2"}],"replies":[{"embeddable":true,"href":"https:\/\/redamlo.com\/index.php\/wp-json\/wp\/v2\/comments?post=5409"}],"version-history":[{"count":0,"href":"https:\/\/redamlo.com\/index.php\/wp-json\/wp\/v2\/posts\/5409\/revisions"}],"wp:featuredmedia":[{"embeddable":true,"href":"https:\/\/redamlo.com\/index.php\/wp-json\/wp\/v2\/media\/5412"}],"wp:attachment":[{"href":"https:\/\/redamlo.com\/index.php\/wp-json\/wp\/v2\/media?parent=5409"}],"wp:term":[{"taxonomy":"category","embeddable":true,"href":"https:\/\/redamlo.com\/index.php\/wp-json\/wp\/v2\/categories?post=5409"},{"taxonomy":"post_tag","embeddable":true,"href":"https:\/\/redamlo.com\/index.php\/wp-json\/wp\/v2\/tags?post=5409"}],"curies":[{"name":"wp","href":"https:\/\/api.w.org\/{rel}","templated":true}]}}