{"id":5402,"date":"2021-08-19T12:00:59","date_gmt":"2021-08-19T12:00:59","guid":{"rendered":"https:\/\/redamlo.com\/?p=5402"},"modified":"2021-08-19T12:00:59","modified_gmt":"2021-08-19T12:00:59","slug":"proteccion-civil-sedena-y-semar-despliegan-operativo-para-atender-emergencia-por-huracan-grace","status":"publish","type":"post","link":"https:\/\/redamlo.com\/index.php\/2021\/08\/19\/proteccion-civil-sedena-y-semar-despliegan-operativo-para-atender-emergencia-por-huracan-grace\/","title":{"rendered":"Protecci\u00f3n Civil, Sedena y Semar despliegan operativo para atender emergencia por hurac\u00e1n Grace"},"content":{"rendered":"<p style=\"text-align: justify;\"><span style=\"color: #000000; font-family: Arial, Helvetica, sans-serif;\">M\u00c9XICO, 19 de agosto de 2021.- Durante la conferencia de prensa matutina, el presidente de M\u00e9xico, Andr\u00e9s Manuel L\u00f3pez Obrador inform\u00f3 que se atiende la emergencia provocada en la pen\u00ednsula de Yucat\u00e1n por el arribo del hurac\u00e1n Grace.<\/span><\/p>\n<p style=\"text-align: justify;\"><span style=\"color: #000000; font-family: Arial, Helvetica, sans-serif;\">\u201cDe eso vamos a hablar, del hurac\u00e1n que est\u00e1 ya en territorio nacional (\u2026) que toda la gente sepa que estamos pendientes, que est\u00e1 todo el gobierno atento para ayudar\u201d, afirm\u00f3.<\/span><\/p>\n<p style=\"text-align: justify;\"><span style=\"color: #000000; font-family: Arial, Helvetica, sans-serif;\">La Coordinaci\u00f3n Nacional de Protecci\u00f3n Civil inform\u00f3 que en conjunto con la Secretar\u00eda de la Defensa Nacional (Sedena), la Secretar\u00eda de Marina (Semar), la Comisi\u00f3n Federal de Electricidad (CFE) y la Comisi\u00f3n Nacional del Agua (Conagua) se despleg\u00f3 un operativo para atender la emergencia generada por el arribo del hurac\u00e1n Grace, categor\u00eda 1, en Yucat\u00e1n, Campeche y Quintana Roo.<\/span><\/p>\n<p style=\"text-align: justify;\"><span style=\"color: #000000; font-family: Arial, Helvetica, sans-serif;\">De acuerdo con Laura Vel\u00e1zquez Alz\u00faa, coordinadora nacional de Protecci\u00f3n Civil, el meteoro ingres\u00f3 a la costa de Tulum por la madrugada. Se esperan lluvias intensas y vientos fuertes en Campeche, Yucat\u00e1n y Quintana Roo; lluvias fuertes en Tabasco, as\u00ed como oleaje de hasta 6 metros de altura en la pen\u00ednsula.<\/span><\/p>\n<p style=\"text-align: justify;\"><span style=\"color: #000000; font-family: Arial, Helvetica, sans-serif;\">Para hacer frente a la emergencia clim\u00e1tica y proteger a la poblaci\u00f3n, la Sedena activ\u00f3 el Plan DN-III-E con cuatro agrupamientos, 40 veh\u00edculos y 429 efectivos; la Semar, a trav\u00e9s del Plan Marina cuenta con 341 elementos, 32 veh\u00edculos y cinco aeronaves en Quintana Roo.<\/span><\/p>\n<p style=\"text-align: justify;\"><span style=\"color: #000000; font-family: Arial, Helvetica, sans-serif;\">La CFE ha dispuesto a mil 224 trabajadores, 239 gr\u00faas, 339 veh\u00edculos y 69 plantas de emergencia en caso de p\u00e9rdida de energ\u00eda en los estados afectados.<\/span><\/p>\n<p style=\"text-align: justify;\"><span style=\"color: #000000; font-family: Arial, Helvetica, sans-serif;\">En M\u00e9rida, Tulum y el Puerto de Veracruz, Protecci\u00f3n Civil despleg\u00f3 misiones de enlace y coordinaci\u00f3n; la Secretar\u00eda de Salud envi\u00f3 dos brigadas para dar atenci\u00f3n a sus habitantes.<\/span><\/p>\n<p style=\"text-align: justify;\"><span style=\"color: #000000; font-family: Arial, Helvetica, sans-serif;\">El Sistema Nacional de Protecci\u00f3n Civil (Sinaproc), en coordinaci\u00f3n con los gobiernos estatales de Quintana Roo, Yucat\u00e1n, Campeche y Veracruz, realiza labores de limpieza de cauces, arroyos y drenajes, recolecci\u00f3n de basura, poda de \u00e1rboles, difusi\u00f3n de medidas de autoprotecci\u00f3n para la poblaci\u00f3n, evacuaci\u00f3n y activaci\u00f3n de refugios temporales.<\/span><\/p>\n<p style=\"text-align: justify;\"><span style=\"color: #000000; font-family: Arial, Helvetica, sans-serif;\">Para evitar da\u00f1os mayores o p\u00e9rdidas de vidas humanas los puertos de Yucalpet\u00e9n, Celest\u00fan, El Cuyo, Sisal, Telchac, San Felipe, Chuburn\u00e1, R\u00edo Lagartos, Dzilam de Bravo y Las Coloradas en Yucat\u00e1n; y los de Cozumel, Playa del Carmen, Puerto Ju\u00e1rez, Puerto Morelos, Holbox e Isla Mujeres en Quintana Roo, fueron cerrados.<\/span><\/p>\n<p style=\"text-align: justify;\"><span style=\"color: #000000; font-family: Arial, Helvetica, sans-serif;\">Se estima que el hurac\u00e1n Grace toque el norte de Veracruz entre el 20 y el 21 de agosto, por lo que se instal\u00f3 un equipo de bombeo en \u00c1lamo; se dispusieron cuatro camiones de volteo en Poza Rica; 14 bombas con capacidad de 15 litros por segundo en Boca del R\u00edo y se activaron comedores y refugios temporales.<\/span><\/p>\n<p><iframe loading=\"lazy\" title=\"Unicef acompa\u00f1ar\u00e1 estrategia de retorno seguro a clases. Conferencia presidente AMLO\" width=\"640\" height=\"360\" src=\"https:\/\/www.youtube.com\/embed\/mrEMEPuYn4o?feature=oembed\" frameborder=\"0\" allow=\"accelerometer; autoplay; clipboard-write; encrypted-media; gyroscope; picture-in-picture; web-share\" referrerpolicy=\"strict-origin-when-cross-origin\" allowfullscreen><\/iframe><\/p>\n","protected":false},"excerpt":{"rendered":"<p>M\u00c9XICO, 19 de agosto de 2021.- Durante la conferencia de prensa matutina, el presidente de&#8230;<\/p>\n","protected":false},"author":2,"featured_media":5405,"comment_status":"open","ping_status":"closed","sticky":false,"template":"","format":"standard","meta":{"footnotes":""},"categories":[25,20,27],"tags":[84,131,1310,1321,556,1322,9,1323,89,618],"class_list":["post-5402","post","type-post","status-publish","format-standard","has-post-thumbnail","hentry","category-4t","category-nacionales","category-presidencia","tag-amlo","tag-andres-manuel-lopez-obrador","tag-cnpc","tag-emergencia","tag-gobierno-de-mexico","tag-huracan-grace","tag-mexico","tag-operativo","tag-sedena","tag-semar"],"yoast_head":"<!-- This site is optimized with the Yoast SEO plugin v27.5 - https:\/\/yoast.com\/product\/yoast-seo-wordpress\/ -->\n<title>Protecci\u00f3n Civil, Sedena y Semar despliegan operativo para atender emergencia por hurac\u00e1n Grace - NOTICIAS DE LA 4T<\/title>\n<meta name=\"robots\" content=\"noindex, follow, max-snippet:-1, max-image-preview:large, max-video-preview:-1\" \/>\n<meta property=\"og:locale\" content=\"es_MX\" \/>\n<meta property=\"og:type\" content=\"article\" \/>\n<meta property=\"og:title\" content=\"Protecci\u00f3n Civil, Sedena y Semar despliegan operativo para atender emergencia por hurac\u00e1n Grace - NOTICIAS DE LA 4T\" \/>\n<meta property=\"og:description\" content=\"M\u00c9XICO, 19 de agosto de 2021.- Durante la conferencia de prensa matutina, el presidente de...\" \/>\n<meta property=\"og:url\" content=\"https:\/\/redamlo.com\/index.php\/2021\/08\/19\/proteccion-civil-sedena-y-semar-despliegan-operativo-para-atender-emergencia-por-huracan-grace\/\" \/>\n<meta property=\"og:site_name\" content=\"NOTICIAS DE LA 4T\" \/>\n<meta property=\"article:published_time\" content=\"2021-08-19T12:00:59+00:00\" \/>\n<meta property=\"og:image\" content=\"https:\/\/redamlo.com\/wp-content\/uploads\/2021\/09\/Proteccion-Civil-Sedena-y-Semar-despliegan-operativo-para-atender-emergencia-por-huracan-Grace.jpg\" \/>\n\t<meta property=\"og:image:width\" content=\"1499\" \/>\n\t<meta property=\"og:image:height\" content=\"875\" \/>\n\t<meta property=\"og:image:type\" content=\"image\/jpeg\" \/>\n<meta name=\"author\" content=\"Blanca\" \/>\n<meta name=\"twitter:card\" content=\"summary_large_image\" \/>\n<meta name=\"twitter:label1\" content=\"Escrito por\" \/>\n\t<meta name=\"twitter:data1\" content=\"Blanca\" \/>\n\t<meta name=\"twitter:label2\" content=\"Tiempo de lectura\" \/>\n\t<meta name=\"twitter:data2\" content=\"2 minutos\" \/>\n<script type=\"application\/ld+json\" class=\"yoast-schema-graph\">{\"@context\":\"https:\\\/\\\/schema.org\",\"@graph\":[{\"@type\":\"Article\",\"@id\":\"https:\\\/\\\/redamlo.com\\\/index.php\\\/2021\\\/08\\\/19\\\/proteccion-civil-sedena-y-semar-despliegan-operativo-para-atender-emergencia-por-huracan-grace\\\/#article\",\"isPartOf\":{\"@id\":\"https:\\\/\\\/redamlo.com\\\/index.php\\\/2021\\\/08\\\/19\\\/proteccion-civil-sedena-y-semar-despliegan-operativo-para-atender-emergencia-por-huracan-grace\\\/\"},\"author\":{\"name\":\"Blanca\",\"@id\":\"https:\\\/\\\/redamlo.com\\\/#\\\/schema\\\/person\\\/7223a4375eb8f1a782fcae010a7115cf\"},\"headline\":\"Protecci\u00f3n Civil, Sedena y Semar despliegan operativo para atender emergencia por hurac\u00e1n Grace\",\"datePublished\":\"2021-08-19T12:00:59+00:00\",\"mainEntityOfPage\":{\"@id\":\"https:\\\/\\\/redamlo.com\\\/index.php\\\/2021\\\/08\\\/19\\\/proteccion-civil-sedena-y-semar-despliegan-operativo-para-atender-emergencia-por-huracan-grace\\\/\"},\"wordCount\":504,\"commentCount\":0,\"publisher\":{\"@id\":\"https:\\\/\\\/redamlo.com\\\/#organization\"},\"image\":{\"@id\":\"https:\\\/\\\/redamlo.com\\\/index.php\\\/2021\\\/08\\\/19\\\/proteccion-civil-sedena-y-semar-despliegan-operativo-para-atender-emergencia-por-huracan-grace\\\/#primaryimage\"},\"thumbnailUrl\":\"https:\\\/\\\/redamlo.com\\\/wp-content\\\/uploads\\\/2021\\\/09\\\/Proteccion-Civil-Sedena-y-Semar-despliegan-operativo-para-atender-emergencia-por-huracan-Grace.jpg\",\"keywords\":[\"AMLO\",\"Andr\u00e9s Manuel L\u00f3pez Obrador\",\"CNPC\",\"emergencia\",\"Gobierno de M\u00e9xico\",\"hurac\u00e1n Grace\",\"M\u00e9xico\",\"operativo\",\"SEDENA\",\"Semar\"],\"articleSection\":[\"4T\",\"Nacionales\",\"Presidencia\"],\"inLanguage\":\"es\",\"potentialAction\":[{\"@type\":\"CommentAction\",\"name\":\"Comment\",\"target\":[\"https:\\\/\\\/redamlo.com\\\/index.php\\\/2021\\\/08\\\/19\\\/proteccion-civil-sedena-y-semar-despliegan-operativo-para-atender-emergencia-por-huracan-grace\\\/#respond\"]}]},{\"@type\":\"WebPage\",\"@id\":\"https:\\\/\\\/redamlo.com\\\/index.php\\\/2021\\\/08\\\/19\\\/proteccion-civil-sedena-y-semar-despliegan-operativo-para-atender-emergencia-por-huracan-grace\\\/\",\"url\":\"https:\\\/\\\/redamlo.com\\\/index.php\\\/2021\\\/08\\\/19\\\/proteccion-civil-sedena-y-semar-despliegan-operativo-para-atender-emergencia-por-huracan-grace\\\/\",\"name\":\"Protecci\u00f3n Civil, Sedena y Semar despliegan operativo para atender emergencia por hurac\u00e1n Grace - NOTICIAS DE LA 4T\",\"isPartOf\":{\"@id\":\"https:\\\/\\\/redamlo.com\\\/#website\"},\"primaryImageOfPage\":{\"@id\":\"https:\\\/\\\/redamlo.com\\\/index.php\\\/2021\\\/08\\\/19\\\/proteccion-civil-sedena-y-semar-despliegan-operativo-para-atender-emergencia-por-huracan-grace\\\/#primaryimage\"},\"image\":{\"@id\":\"https:\\\/\\\/redamlo.com\\\/index.php\\\/2021\\\/08\\\/19\\\/proteccion-civil-sedena-y-semar-despliegan-operativo-para-atender-emergencia-por-huracan-grace\\\/#primaryimage\"},\"thumbnailUrl\":\"https:\\\/\\\/redamlo.com\\\/wp-content\\\/uploads\\\/2021\\\/09\\\/Proteccion-Civil-Sedena-y-Semar-despliegan-operativo-para-atender-emergencia-por-huracan-Grace.jpg\",\"datePublished\":\"2021-08-19T12:00:59+00:00\",\"breadcrumb\":{\"@id\":\"https:\\\/\\\/redamlo.com\\\/index.php\\\/2021\\\/08\\\/19\\\/proteccion-civil-sedena-y-semar-despliegan-operativo-para-atender-emergencia-por-huracan-grace\\\/#breadcrumb\"},\"inLanguage\":\"es\",\"potentialAction\":[{\"@type\":\"ReadAction\",\"target\":[\"https:\\\/\\\/redamlo.com\\\/index.php\\\/2021\\\/08\\\/19\\\/proteccion-civil-sedena-y-semar-despliegan-operativo-para-atender-emergencia-por-huracan-grace\\\/\"]}]},{\"@type\":\"ImageObject\",\"inLanguage\":\"es\",\"@id\":\"https:\\\/\\\/redamlo.com\\\/index.php\\\/2021\\\/08\\\/19\\\/proteccion-civil-sedena-y-semar-despliegan-operativo-para-atender-emergencia-por-huracan-grace\\\/#primaryimage\",\"url\":\"https:\\\/\\\/redamlo.com\\\/wp-content\\\/uploads\\\/2021\\\/09\\\/Proteccion-Civil-Sedena-y-Semar-despliegan-operativo-para-atender-emergencia-por-huracan-Grace.jpg\",\"contentUrl\":\"https:\\\/\\\/redamlo.com\\\/wp-content\\\/uploads\\\/2021\\\/09\\\/Proteccion-Civil-Sedena-y-Semar-despliegan-operativo-para-atender-emergencia-por-huracan-Grace.jpg\",\"width\":1499,\"height\":875},{\"@type\":\"BreadcrumbList\",\"@id\":\"https:\\\/\\\/redamlo.com\\\/index.php\\\/2021\\\/08\\\/19\\\/proteccion-civil-sedena-y-semar-despliegan-operativo-para-atender-emergencia-por-huracan-grace\\\/#breadcrumb\",\"itemListElement\":[{\"@type\":\"ListItem\",\"position\":1,\"name\":\"Inicio\",\"item\":\"https:\\\/\\\/redamlo.com\\\/\"},{\"@type\":\"ListItem\",\"position\":2,\"name\":\"Protecci\u00f3n Civil, Sedena y Semar despliegan operativo para atender emergencia por hurac\u00e1n Grace\"}]},{\"@type\":\"WebSite\",\"@id\":\"https:\\\/\\\/redamlo.com\\\/#website\",\"url\":\"https:\\\/\\\/redamlo.com\\\/\",\"name\":\"NOTICIAS DE LA 4T\",\"description\":\"\",\"publisher\":{\"@id\":\"https:\\\/\\\/redamlo.com\\\/#organization\"},\"potentialAction\":[{\"@type\":\"SearchAction\",\"target\":{\"@type\":\"EntryPoint\",\"urlTemplate\":\"https:\\\/\\\/redamlo.com\\\/?s={search_term_string}\"},\"query-input\":{\"@type\":\"PropertyValueSpecification\",\"valueRequired\":true,\"valueName\":\"search_term_string\"}}],\"inLanguage\":\"es\"},{\"@type\":\"Organization\",\"@id\":\"https:\\\/\\\/redamlo.com\\\/#organization\",\"name\":\"NOTICIAS DE LA 4T\",\"url\":\"https:\\\/\\\/redamlo.com\\\/\",\"logo\":{\"@type\":\"ImageObject\",\"inLanguage\":\"es\",\"@id\":\"https:\\\/\\\/redamlo.com\\\/#\\\/schema\\\/logo\\\/image\\\/\",\"url\":\"https:\\\/\\\/redamlo.com\\\/wp-content\\\/uploads\\\/2024\\\/08\\\/cropped-RED-AMLO-logo-50.png\",\"contentUrl\":\"https:\\\/\\\/redamlo.com\\\/wp-content\\\/uploads\\\/2024\\\/08\\\/cropped-RED-AMLO-logo-50.png\",\"width\":256,\"height\":256,\"caption\":\"NOTICIAS DE LA 4T\"},\"image\":{\"@id\":\"https:\\\/\\\/redamlo.com\\\/#\\\/schema\\\/logo\\\/image\\\/\"}},{\"@type\":\"Person\",\"@id\":\"https:\\\/\\\/redamlo.com\\\/#\\\/schema\\\/person\\\/7223a4375eb8f1a782fcae010a7115cf\",\"name\":\"Blanca\",\"image\":{\"@type\":\"ImageObject\",\"inLanguage\":\"es\",\"@id\":\"https:\\\/\\\/secure.gravatar.com\\\/avatar\\\/3f79bc8336367a4e6093eae8757acaaf61d1124834b905616de7829b0273426d?s=96&d=mm&r=g\",\"url\":\"https:\\\/\\\/secure.gravatar.com\\\/avatar\\\/3f79bc8336367a4e6093eae8757acaaf61d1124834b905616de7829b0273426d?s=96&d=mm&r=g\",\"contentUrl\":\"https:\\\/\\\/secure.gravatar.com\\\/avatar\\\/3f79bc8336367a4e6093eae8757acaaf61d1124834b905616de7829b0273426d?s=96&d=mm&r=g\",\"caption\":\"Blanca\"},\"url\":\"https:\\\/\\\/redamlo.com\\\/index.php\\\/author\\\/blanca\\\/\"}]}<\/script>\n<!-- \/ Yoast SEO plugin. -->","yoast_head_json":{"title":"Protecci\u00f3n Civil, Sedena y Semar despliegan operativo para atender emergencia por hurac\u00e1n Grace - NOTICIAS DE LA 4T","robots":{"index":"noindex","follow":"follow","max-snippet":"max-snippet:-1","max-image-preview":"max-image-preview:large","max-video-preview":"max-video-preview:-1"},"og_locale":"es_MX","og_type":"article","og_title":"Protecci\u00f3n Civil, Sedena y Semar despliegan operativo para atender emergencia por hurac\u00e1n Grace - NOTICIAS DE LA 4T","og_description":"M\u00c9XICO, 19 de agosto de 2021.- Durante la conferencia de prensa matutina, el presidente de...","og_url":"https:\/\/redamlo.com\/index.php\/2021\/08\/19\/proteccion-civil-sedena-y-semar-despliegan-operativo-para-atender-emergencia-por-huracan-grace\/","og_site_name":"NOTICIAS DE LA 4T","article_published_time":"2021-08-19T12:00:59+00:00","og_image":[{"width":1499,"height":875,"url":"https:\/\/redamlo.com\/wp-content\/uploads\/2021\/09\/Proteccion-Civil-Sedena-y-Semar-despliegan-operativo-para-atender-emergencia-por-huracan-Grace.jpg","type":"image\/jpeg"}],"author":"Blanca","twitter_card":"summary_large_image","twitter_misc":{"Escrito por":"Blanca","Tiempo de lectura":"2 minutos"},"schema":{"@context":"https:\/\/schema.org","@graph":[{"@type":"Article","@id":"https:\/\/redamlo.com\/index.php\/2021\/08\/19\/proteccion-civil-sedena-y-semar-despliegan-operativo-para-atender-emergencia-por-huracan-grace\/#article","isPartOf":{"@id":"https:\/\/redamlo.com\/index.php\/2021\/08\/19\/proteccion-civil-sedena-y-semar-despliegan-operativo-para-atender-emergencia-por-huracan-grace\/"},"author":{"name":"Blanca","@id":"https:\/\/redamlo.com\/#\/schema\/person\/7223a4375eb8f1a782fcae010a7115cf"},"headline":"Protecci\u00f3n Civil, Sedena y Semar despliegan operativo para atender emergencia por hurac\u00e1n Grace","datePublished":"2021-08-19T12:00:59+00:00","mainEntityOfPage":{"@id":"https:\/\/redamlo.com\/index.php\/2021\/08\/19\/proteccion-civil-sedena-y-semar-despliegan-operativo-para-atender-emergencia-por-huracan-grace\/"},"wordCount":504,"commentCount":0,"publisher":{"@id":"https:\/\/redamlo.com\/#organization"},"image":{"@id":"https:\/\/redamlo.com\/index.php\/2021\/08\/19\/proteccion-civil-sedena-y-semar-despliegan-operativo-para-atender-emergencia-por-huracan-grace\/#primaryimage"},"thumbnailUrl":"https:\/\/redamlo.com\/wp-content\/uploads\/2021\/09\/Proteccion-Civil-Sedena-y-Semar-despliegan-operativo-para-atender-emergencia-por-huracan-Grace.jpg","keywords":["AMLO","Andr\u00e9s Manuel L\u00f3pez Obrador","CNPC","emergencia","Gobierno de M\u00e9xico","hurac\u00e1n Grace","M\u00e9xico","operativo","SEDENA","Semar"],"articleSection":["4T","Nacionales","Presidencia"],"inLanguage":"es","potentialAction":[{"@type":"CommentAction","name":"Comment","target":["https:\/\/redamlo.com\/index.php\/2021\/08\/19\/proteccion-civil-sedena-y-semar-despliegan-operativo-para-atender-emergencia-por-huracan-grace\/#respond"]}]},{"@type":"WebPage","@id":"https:\/\/redamlo.com\/index.php\/2021\/08\/19\/proteccion-civil-sedena-y-semar-despliegan-operativo-para-atender-emergencia-por-huracan-grace\/","url":"https:\/\/redamlo.com\/index.php\/2021\/08\/19\/proteccion-civil-sedena-y-semar-despliegan-operativo-para-atender-emergencia-por-huracan-grace\/","name":"Protecci\u00f3n Civil, Sedena y Semar despliegan operativo para atender emergencia por hurac\u00e1n Grace - NOTICIAS DE LA 4T","isPartOf":{"@id":"https:\/\/redamlo.com\/#website"},"primaryImageOfPage":{"@id":"https:\/\/redamlo.com\/index.php\/2021\/08\/19\/proteccion-civil-sedena-y-semar-despliegan-operativo-para-atender-emergencia-por-huracan-grace\/#primaryimage"},"image":{"@id":"https:\/\/redamlo.com\/index.php\/2021\/08\/19\/proteccion-civil-sedena-y-semar-despliegan-operativo-para-atender-emergencia-por-huracan-grace\/#primaryimage"},"thumbnailUrl":"https:\/\/redamlo.com\/wp-content\/uploads\/2021\/09\/Proteccion-Civil-Sedena-y-Semar-despliegan-operativo-para-atender-emergencia-por-huracan-Grace.jpg","datePublished":"2021-08-19T12:00:59+00:00","breadcrumb":{"@id":"https:\/\/redamlo.com\/index.php\/2021\/08\/19\/proteccion-civil-sedena-y-semar-despliegan-operativo-para-atender-emergencia-por-huracan-grace\/#breadcrumb"},"inLanguage":"es","potentialAction":[{"@type":"ReadAction","target":["https:\/\/redamlo.com\/index.php\/2021\/08\/19\/proteccion-civil-sedena-y-semar-despliegan-operativo-para-atender-emergencia-por-huracan-grace\/"]}]},{"@type":"ImageObject","inLanguage":"es","@id":"https:\/\/redamlo.com\/index.php\/2021\/08\/19\/proteccion-civil-sedena-y-semar-despliegan-operativo-para-atender-emergencia-por-huracan-grace\/#primaryimage","url":"https:\/\/redamlo.com\/wp-content\/uploads\/2021\/09\/Proteccion-Civil-Sedena-y-Semar-despliegan-operativo-para-atender-emergencia-por-huracan-Grace.jpg","contentUrl":"https:\/\/redamlo.com\/wp-content\/uploads\/2021\/09\/Proteccion-Civil-Sedena-y-Semar-despliegan-operativo-para-atender-emergencia-por-huracan-Grace.jpg","width":1499,"height":875},{"@type":"BreadcrumbList","@id":"https:\/\/redamlo.com\/index.php\/2021\/08\/19\/proteccion-civil-sedena-y-semar-despliegan-operativo-para-atender-emergencia-por-huracan-grace\/#breadcrumb","itemListElement":[{"@type":"ListItem","position":1,"name":"Inicio","item":"https:\/\/redamlo.com\/"},{"@type":"ListItem","position":2,"name":"Protecci\u00f3n Civil, Sedena y Semar despliegan operativo para atender emergencia por hurac\u00e1n Grace"}]},{"@type":"WebSite","@id":"https:\/\/redamlo.com\/#website","url":"https:\/\/redamlo.com\/","name":"NOTICIAS DE LA 4T","description":"","publisher":{"@id":"https:\/\/redamlo.com\/#organization"},"potentialAction":[{"@type":"SearchAction","target":{"@type":"EntryPoint","urlTemplate":"https:\/\/redamlo.com\/?s={search_term_string}"},"query-input":{"@type":"PropertyValueSpecification","valueRequired":true,"valueName":"search_term_string"}}],"inLanguage":"es"},{"@type":"Organization","@id":"https:\/\/redamlo.com\/#organization","name":"NOTICIAS DE LA 4T","url":"https:\/\/redamlo.com\/","logo":{"@type":"ImageObject","inLanguage":"es","@id":"https:\/\/redamlo.com\/#\/schema\/logo\/image\/","url":"https:\/\/redamlo.com\/wp-content\/uploads\/2024\/08\/cropped-RED-AMLO-logo-50.png","contentUrl":"https:\/\/redamlo.com\/wp-content\/uploads\/2024\/08\/cropped-RED-AMLO-logo-50.png","width":256,"height":256,"caption":"NOTICIAS DE LA 4T"},"image":{"@id":"https:\/\/redamlo.com\/#\/schema\/logo\/image\/"}},{"@type":"Person","@id":"https:\/\/redamlo.com\/#\/schema\/person\/7223a4375eb8f1a782fcae010a7115cf","name":"Blanca","image":{"@type":"ImageObject","inLanguage":"es","@id":"https:\/\/secure.gravatar.com\/avatar\/3f79bc8336367a4e6093eae8757acaaf61d1124834b905616de7829b0273426d?s=96&d=mm&r=g","url":"https:\/\/secure.gravatar.com\/avatar\/3f79bc8336367a4e6093eae8757acaaf61d1124834b905616de7829b0273426d?s=96&d=mm&r=g","contentUrl":"https:\/\/secure.gravatar.com\/avatar\/3f79bc8336367a4e6093eae8757acaaf61d1124834b905616de7829b0273426d?s=96&d=mm&r=g","caption":"Blanca"},"url":"https:\/\/redamlo.com\/index.php\/author\/blanca\/"}]}},"_links":{"self":[{"href":"https:\/\/redamlo.com\/index.php\/wp-json\/wp\/v2\/posts\/5402","targetHints":{"allow":["GET"]}}],"collection":[{"href":"https:\/\/redamlo.com\/index.php\/wp-json\/wp\/v2\/posts"}],"about":[{"href":"https:\/\/redamlo.com\/index.php\/wp-json\/wp\/v2\/types\/post"}],"author":[{"embeddable":true,"href":"https:\/\/redamlo.com\/index.php\/wp-json\/wp\/v2\/users\/2"}],"replies":[{"embeddable":true,"href":"https:\/\/redamlo.com\/index.php\/wp-json\/wp\/v2\/comments?post=5402"}],"version-history":[{"count":0,"href":"https:\/\/redamlo.com\/index.php\/wp-json\/wp\/v2\/posts\/5402\/revisions"}],"wp:featuredmedia":[{"embeddable":true,"href":"https:\/\/redamlo.com\/index.php\/wp-json\/wp\/v2\/media\/5405"}],"wp:attachment":[{"href":"https:\/\/redamlo.com\/index.php\/wp-json\/wp\/v2\/media?parent=5402"}],"wp:term":[{"taxonomy":"category","embeddable":true,"href":"https:\/\/redamlo.com\/index.php\/wp-json\/wp\/v2\/categories?post=5402"},{"taxonomy":"post_tag","embeddable":true,"href":"https:\/\/redamlo.com\/index.php\/wp-json\/wp\/v2\/tags?post=5402"}],"curies":[{"name":"wp","href":"https:\/\/api.w.org\/{rel}","templated":true}]}}