{"id":5374,"date":"2021-09-25T13:23:22","date_gmt":"2021-09-25T18:23:22","guid":{"rendered":"https:\/\/redamlo.com\/?p=5374"},"modified":"2021-09-25T13:23:22","modified_gmt":"2021-09-25T18:23:22","slug":"con-sus-declaraciones-sobre-cuba-y-eeuu-viene-un-nuevo-amlo-para-la-politica-exterior","status":"publish","type":"post","link":"https:\/\/redamlo.com\/index.php\/2021\/09\/25\/con-sus-declaraciones-sobre-cuba-y-eeuu-viene-un-nuevo-amlo-para-la-politica-exterior\/","title":{"rendered":"Con sus declaraciones sobre Cuba y EEUU, \u00bfviene un nuevo AMLO para la pol\u00edtica exterior?"},"content":{"rendered":"\n\nEn M\u00e9xico las \u00faltimas semanas fueron marcadas por las llamadas del presidente Andr\u00e9s Manuel L\u00f3pez Obrador hacia su par estadounidense, Joe Biden, de levantar el bloqueo econ\u00f3mico de Cuba. Las mismas palabras las llev\u00f3 a la Asamblea General de la ONU el canciller mexicano, Marcelo Ebrard.Adem\u00e1s, L\u00f3pez Obrador vivi\u00f3 una ola de cr\u00edtica por parte de la oposici\u00f3n que mostr\u00f3 su disgust\u00f3 a la invitaci\u00f3n del presidente cubano, Miguel D\u00edaz Canel, a participar en las fiestas de Independencia de M\u00e9xico.\n\n \n<figure class=\"wp-block-image is-resized\"><img loading=\"lazy\" decoding=\"async\" src=\"https:\/\/encrypted-tbn0.gstatic.com\/images?q=tbn:ANd9GcT2cCBr4_xaAD5hu7BdNyB8dxT0ucqO42tchg&amp;usqp=CAU\" alt=\"En Retrospectiva - INTERNACIONAL | &#x1f7e0;&#x1f449;&#x1f3fb; La caricatura del d\u00eda | | Facebook\" width=\"714\" height=\"377\" \/><\/figure>\n \n\n&#8220;Lo de Cuba es significativo porque tiene simplemente costos, no hay mucha ganancia. Hay que ver si esta decisi\u00f3n obedece a una l\u00f3gica de principios, hist\u00f3rica, o a qu\u00e9 tipo de c\u00e1lculo porque en pol\u00edtica, siempre hay c\u00e1lculo que incide detr\u00e1s de estas posturas&#8221;, dijo en entrevista con Sputnik el polit\u00f3logo, historiador y profesor titular de la Universidad Nacional, Massimo Modonesi.Un an\u00e1lisis del contexto actual permite ver c\u00f3mo\u00a0<strong>esta pol\u00e9mica agarra al Gobierno en buen momento respecto a su imagen p\u00fablica y respaldo popular<\/strong>.\n\n \n\n&#8220;Lo que diga la derecha y la oposici\u00f3n al Gobierno de L\u00f3pez Obrador puede tener resonancia medi\u00e1tica, pero es el peor momento para que lo capitalicen pol\u00edticamente&#8221;, afirm\u00f3 Modonesi.\n\n \n<figure class=\"wp-block-image\"><img decoding=\"async\" src=\"https:\/\/cdnmundo1.img.sputniknews.com\/img\/108605\/12\/1086051254_0:0:2401:1352_1920x0_80_0_0_35d7d6566348c42a19ede2fea4ce4f2e.jpg.webp\" alt=\"Andr\u00e9s Manuel L\u00f3pez Obrador, presidente de M\u00e9xico - Sputnik Mundo, 1920, 24.09.2021\" \/><\/figure>\n \n<h2 class=\"wp-block-heading\">Perfil \u00bfbajo?<\/h2>\n \n\nEl polit\u00f3logo ha sido consultado en previas ocasiones por este medio respecto al perfil que cultiva el presidente Andr\u00e9s Manuel L\u00f3pez Obrador, que ha caracterizado como un &#8220;nacionalismo no antiimperialista&#8221;, que lo hab\u00eda mantenido pudorosamente lejos de opinar sobre los conflictos internacionales.\n\n \n\nAm\u00e9rica veces apelando a la\u00a0<strong>Doctrina Estrada de no intervenci\u00f3n<\/strong>, u otras libremente enunciando su voluntad de callar para evitar conflictos con Estados Unidos \u2014durante el Gobierno de Donald Trump\u2014\u00a0<strong>L\u00f3pez Obrador hab\u00eda esquivado meterse en controversias<\/strong>.\n\n \n<figure class=\"wp-block-embed is-type-rich is-provider-gestor-del-servicio wp-block-embed-gestor-del-servicio wp-embed-aspect-16-9 wp-has-aspect-ratio\">\n<div class=\"wp-block-embed__wrapper\">https:\/\/www.youtube.com\/embed\/XZxH7F_NjJM<\/div><\/figure>\n \n\nA la luz de esa tendencia, resulta at\u00edpico el respaldo brindado en pos del fin del<a href=\"https:\/\/mundo.sputniknews.com\/20210917\/en-que-consiste-el-bloqueo-a-cuba-que-amlo-pide-a-eeuu-terminar-1116158841.html\" target=\"_blank\" rel=\"noreferrer noopener\"> bloqueo econ\u00f3mico a Cuba<\/a>, que incluy\u00f3 una declaraci\u00f3n de la VI cumbre de la Comunidad de Estados latinoamericanos y caribe\u00f1os (Celac) que se realiz\u00f3 el 18 de septiembre en la Ciudad de M\u00e9xico.&#8221;Confieso que pens\u00e9 que L\u00f3pez Obrador iba a guardar una perfil bajo en la pol\u00edtica exterior porque no es un tema prioritario para \u00e9l. Pero estas \u00faltimas jugadas han hecho que adquiera una postura y asuma un papel m\u00e1s proactivo&#8221;, apunt\u00f3 el historiador en di\u00e1logo con este medio.\n\n \n<figure class=\"wp-block-image\"><img decoding=\"async\" src=\"https:\/\/i1.wp.com\/www.sinembargo.mx\/wp-content\/uploads\/2021\/07\/e7e3jsaxeaucfil.jpg?fit=1100%2C580&amp;quality=80&amp;strip=all&amp;ssl=1\" alt=\"Homenajea a Sim\u00f3n Bol\u00edvar - AMLO alaba fortaleza del pueblo cubano y pide a  EU no m\u00e1s injerencia en Latinoam\u00e9rica - SinEmbargo MX\" \/><\/figure>\n \n\ncambio abri\u00f3 en el perfil del principal pol\u00edtico mexicano\u00a0<strong>un flanco cercano al progresismo, que lo emparenta con la izquierda continental<\/strong>.&#8221;Andr\u00e9s Manuel L\u00f3pez Obrador no es un pol\u00edtico artificial, pero el pragmatismo que lo caracteriza y esa mirada puesta en las cuestiones nacionales, pens\u00e9 que lo har\u00edan seguir en la l\u00ednea de no arriesgar y quemar cartuchos en el plano de la pol\u00edtica exterior, que no es prioritaria para \u00e9l, pero s\u00ed sucedi\u00f3&#8221;, agreg\u00f3 Modonesi en entrevista con Sputnik.\n\n \n\nUn primer an\u00e1lisis de los motivos de este cambio puede tener sus ra\u00edces en la pol\u00edtica interna del pa\u00eds, y que est\u00e9 vinculado a provocar cierta reconfiguraci\u00f3n dentro de su movimiento pol\u00edtico, Morena.En ese sentido, es de destacar el papel que ocupa en estos temas el Secretario de Relaciones Exteriores, Marcelo Ebrard, uno de las figuras p\u00fablicamente reconocidas como candidato a la sucesi\u00f3n presidencial en 2024.\n\n \n<figure class=\"wp-block-embed is-type-rich is-provider-gestor-del-servicio wp-block-embed-gestor-del-servicio wp-embed-aspect-16-9 wp-has-aspect-ratio\">\n<div class=\"wp-block-embed__wrapper\">https:\/\/www.youtube.com\/embed\/hNiK7XfSudI<\/div><\/figure>\n \n<h2 class=\"wp-block-heading\">Peque\u00f1a pol\u00edtica<\/h2>\n \n\nEspecializado en el estudio del trabajo del intelectual italiano Antonio Gramsci, Modonesi refiri\u00f3 a su concepto de &#8220;peque\u00f1a pol\u00edtica&#8221;, el cual permite comprender c\u00f3mo ciertos movimientos a peque\u00f1a escala tambi\u00e9n explican, o motivan, giros mayores como el que L\u00f3pez Obrador ha dado ahora, en cambio a la mustia pol\u00edtica exterior que llev\u00f3 de forma previa al advenimiento de la pandemia del nuevo coronavirus.\n\n \n<figure class=\"wp-block-image is-resized\"><img loading=\"lazy\" decoding=\"async\" src=\"https:\/\/lh3.googleusercontent.com\/proxy\/y7FQt7O4XuPp2OidD8S935mgujb4WQx1evt0BereydwgNB61V_YKFBlfuCDvxLtDBsAtXjjY1B3R4avgOqSH5WkKyxWdjsgt3rhvKg\" alt=\"El fin del embargo contra Cuba representa oportunidades de exportaci\u00f3n  agr\u00edcola\" width=\"721\" height=\"482\" \/><\/figure>\n \n\nDesde entonces, el papel del secretario Marcelo Ebrard ha crecido en torno a la negociaci\u00f3n de las vacunas e implementos sanitarios.&#8221;Puede que, siguiendo la peque\u00f1a pol\u00edtica, ese activismo y visibilidad de M\u00e9xico a nivel internacional no se deba a las intenciones de L\u00f3pez Obrador, sino a concesiones que hace a su secretario de Relaciones Exteriores, que hasta que haya prueba de lo contrario, se ve ungido para su sucesi\u00f3n&#8221;, apunt\u00f3 la fuente.\n\n \n\nPor un lado, la explicaci\u00f3n que vincula el cambio en el perfil internacional de L\u00f3pez Obrador con una exigencia interna no suena descabellado, elemento coherente con su verdadero talante, que mira hacia adentro siempre y prioriza la pol\u00edtica nacional.&#8221;Estoy dispuesto a retractarme, pero\u00a0<strong>sigo sosteniendo que no es prioridad de L\u00f3pez Obrador la pol\u00edtica exterior<\/strong>. La pregunta es por qu\u00e9 ahora se vuelve importante, y que no tiene una respuesta f\u00e1cil&#8221;, concluy\u00f3.\n\n \n\nFuente: <a href=\"https:\/\/mundo.sputniknews.com\/20210924\/con-sus-declaraciones-sobre-cuba-y-eeuu-viene-un-nuevo-amlo-para-la-politica-exterior-1116412591.html?fbclid=IwAR2gp45C-UJKOpCBYJIFJrwhNpnwEPZfeyMTJY4Ek6n6_00yhxq5BIKLs68\">sputniknews.com<\/a>\n\n","protected":false},"excerpt":{"rendered":"<p>En M\u00e9xico las \u00faltimas semanas fueron marcadas por las llamadas del presidente Andr\u00e9s Manuel L\u00f3pez&#8230;<\/p>\n","protected":false},"author":2,"featured_media":5375,"comment_status":"open","ping_status":"closed","sticky":false,"template":"","format":"standard","meta":{"footnotes":""},"categories":[25,13,5],"tags":[84,1577,1578,1551,364,1579,132,759,1580,1581],"class_list":["post-5374","post","type-post","status-publish","format-standard","has-post-thumbnail","hentry","category-4t","category-internacionales","category-politica","tag-amlo","tag-asamblea-general-de-la-onu","tag-declaraciones-sobre-cuba-y-eeuu","tag-independencia-de-mexico","tag-joe-biden","tag-levantar-bloqueo-a-cuba","tag-marcelo-ebrard","tag-miguel-diaz-canel","tag-nueva-politica-exterior","tag-respaldo-popular"],"yoast_head":"<!-- This site is optimized with the Yoast SEO plugin v27.5 - https:\/\/yoast.com\/product\/yoast-seo-wordpress\/ -->\n<title>Con sus declaraciones sobre Cuba y EEUU, \u00bfviene un nuevo AMLO para la pol\u00edtica exterior? - NOTICIAS DE LA 4T<\/title>\n<meta name=\"robots\" content=\"noindex, follow, max-snippet:-1, max-image-preview:large, max-video-preview:-1\" \/>\n<meta property=\"og:locale\" content=\"es_MX\" \/>\n<meta property=\"og:type\" content=\"article\" \/>\n<meta property=\"og:title\" content=\"Con sus declaraciones sobre Cuba y EEUU, \u00bfviene un nuevo AMLO para la pol\u00edtica exterior? - NOTICIAS DE LA 4T\" \/>\n<meta property=\"og:description\" content=\"En M\u00e9xico las \u00faltimas semanas fueron marcadas por las llamadas del presidente Andr\u00e9s Manuel L\u00f3pez...\" \/>\n<meta property=\"og:url\" content=\"https:\/\/redamlo.com\/index.php\/2021\/09\/25\/con-sus-declaraciones-sobre-cuba-y-eeuu-viene-un-nuevo-amlo-para-la-politica-exterior\/\" \/>\n<meta property=\"og:site_name\" content=\"NOTICIAS DE LA 4T\" \/>\n<meta property=\"article:published_time\" content=\"2021-09-25T18:23:22+00:00\" \/>\n<meta property=\"og:image\" content=\"https:\/\/redamlo.com\/wp-content\/uploads\/2021\/09\/454-24.png\" \/>\n\t<meta property=\"og:image:width\" content=\"1200\" \/>\n\t<meta property=\"og:image:height\" content=\"800\" \/>\n\t<meta property=\"og:image:type\" content=\"image\/png\" \/>\n<meta name=\"author\" content=\"Blanca\" \/>\n<meta name=\"twitter:card\" content=\"summary_large_image\" \/>\n<meta name=\"twitter:label1\" content=\"Escrito por\" \/>\n\t<meta name=\"twitter:data1\" content=\"Blanca\" \/>\n\t<meta name=\"twitter:label2\" content=\"Tiempo de lectura\" \/>\n\t<meta name=\"twitter:data2\" content=\"4 minutos\" \/>\n<script type=\"application\/ld+json\" class=\"yoast-schema-graph\">{\"@context\":\"https:\\\/\\\/schema.org\",\"@graph\":[{\"@type\":\"Article\",\"@id\":\"https:\\\/\\\/redamlo.com\\\/index.php\\\/2021\\\/09\\\/25\\\/con-sus-declaraciones-sobre-cuba-y-eeuu-viene-un-nuevo-amlo-para-la-politica-exterior\\\/#article\",\"isPartOf\":{\"@id\":\"https:\\\/\\\/redamlo.com\\\/index.php\\\/2021\\\/09\\\/25\\\/con-sus-declaraciones-sobre-cuba-y-eeuu-viene-un-nuevo-amlo-para-la-politica-exterior\\\/\"},\"author\":{\"name\":\"Blanca\",\"@id\":\"https:\\\/\\\/redamlo.com\\\/#\\\/schema\\\/person\\\/7223a4375eb8f1a782fcae010a7115cf\"},\"headline\":\"Con sus declaraciones sobre Cuba y EEUU, \u00bfviene un nuevo AMLO para la pol\u00edtica exterior?\",\"datePublished\":\"2021-09-25T18:23:22+00:00\",\"mainEntityOfPage\":{\"@id\":\"https:\\\/\\\/redamlo.com\\\/index.php\\\/2021\\\/09\\\/25\\\/con-sus-declaraciones-sobre-cuba-y-eeuu-viene-un-nuevo-amlo-para-la-politica-exterior\\\/\"},\"wordCount\":843,\"commentCount\":0,\"publisher\":{\"@id\":\"https:\\\/\\\/redamlo.com\\\/#organization\"},\"image\":{\"@id\":\"https:\\\/\\\/redamlo.com\\\/index.php\\\/2021\\\/09\\\/25\\\/con-sus-declaraciones-sobre-cuba-y-eeuu-viene-un-nuevo-amlo-para-la-politica-exterior\\\/#primaryimage\"},\"thumbnailUrl\":\"https:\\\/\\\/redamlo.com\\\/wp-content\\\/uploads\\\/2021\\\/09\\\/454-24.png\",\"keywords\":[\"AMLO\",\"Asamblea General de la ONU\",\"Declaraciones sobre Cuba Y EEUU\",\"Independencia de M\u00e9xico\",\"Joe Biden\",\"Levantar bloqueo a Cuba\",\"Marcelo Ebrard\",\"Miguel D\u00edaz-Canel\",\"Nueva Politica Exterior\",\"Respaldo Popular\"],\"articleSection\":[\"4T\",\"Internacionales\",\"Pol\u00edtica\"],\"inLanguage\":\"es\",\"potentialAction\":[{\"@type\":\"CommentAction\",\"name\":\"Comment\",\"target\":[\"https:\\\/\\\/redamlo.com\\\/index.php\\\/2021\\\/09\\\/25\\\/con-sus-declaraciones-sobre-cuba-y-eeuu-viene-un-nuevo-amlo-para-la-politica-exterior\\\/#respond\"]}]},{\"@type\":\"WebPage\",\"@id\":\"https:\\\/\\\/redamlo.com\\\/index.php\\\/2021\\\/09\\\/25\\\/con-sus-declaraciones-sobre-cuba-y-eeuu-viene-un-nuevo-amlo-para-la-politica-exterior\\\/\",\"url\":\"https:\\\/\\\/redamlo.com\\\/index.php\\\/2021\\\/09\\\/25\\\/con-sus-declaraciones-sobre-cuba-y-eeuu-viene-un-nuevo-amlo-para-la-politica-exterior\\\/\",\"name\":\"Con sus declaraciones sobre Cuba y EEUU, \u00bfviene un nuevo AMLO para la pol\u00edtica exterior? - NOTICIAS DE LA 4T\",\"isPartOf\":{\"@id\":\"https:\\\/\\\/redamlo.com\\\/#website\"},\"primaryImageOfPage\":{\"@id\":\"https:\\\/\\\/redamlo.com\\\/index.php\\\/2021\\\/09\\\/25\\\/con-sus-declaraciones-sobre-cuba-y-eeuu-viene-un-nuevo-amlo-para-la-politica-exterior\\\/#primaryimage\"},\"image\":{\"@id\":\"https:\\\/\\\/redamlo.com\\\/index.php\\\/2021\\\/09\\\/25\\\/con-sus-declaraciones-sobre-cuba-y-eeuu-viene-un-nuevo-amlo-para-la-politica-exterior\\\/#primaryimage\"},\"thumbnailUrl\":\"https:\\\/\\\/redamlo.com\\\/wp-content\\\/uploads\\\/2021\\\/09\\\/454-24.png\",\"datePublished\":\"2021-09-25T18:23:22+00:00\",\"breadcrumb\":{\"@id\":\"https:\\\/\\\/redamlo.com\\\/index.php\\\/2021\\\/09\\\/25\\\/con-sus-declaraciones-sobre-cuba-y-eeuu-viene-un-nuevo-amlo-para-la-politica-exterior\\\/#breadcrumb\"},\"inLanguage\":\"es\",\"potentialAction\":[{\"@type\":\"ReadAction\",\"target\":[\"https:\\\/\\\/redamlo.com\\\/index.php\\\/2021\\\/09\\\/25\\\/con-sus-declaraciones-sobre-cuba-y-eeuu-viene-un-nuevo-amlo-para-la-politica-exterior\\\/\"]}]},{\"@type\":\"ImageObject\",\"inLanguage\":\"es\",\"@id\":\"https:\\\/\\\/redamlo.com\\\/index.php\\\/2021\\\/09\\\/25\\\/con-sus-declaraciones-sobre-cuba-y-eeuu-viene-un-nuevo-amlo-para-la-politica-exterior\\\/#primaryimage\",\"url\":\"https:\\\/\\\/redamlo.com\\\/wp-content\\\/uploads\\\/2021\\\/09\\\/454-24.png\",\"contentUrl\":\"https:\\\/\\\/redamlo.com\\\/wp-content\\\/uploads\\\/2021\\\/09\\\/454-24.png\",\"width\":1200,\"height\":800},{\"@type\":\"BreadcrumbList\",\"@id\":\"https:\\\/\\\/redamlo.com\\\/index.php\\\/2021\\\/09\\\/25\\\/con-sus-declaraciones-sobre-cuba-y-eeuu-viene-un-nuevo-amlo-para-la-politica-exterior\\\/#breadcrumb\",\"itemListElement\":[{\"@type\":\"ListItem\",\"position\":1,\"name\":\"Inicio\",\"item\":\"https:\\\/\\\/redamlo.com\\\/\"},{\"@type\":\"ListItem\",\"position\":2,\"name\":\"Con sus declaraciones sobre Cuba y EEUU, \u00bfviene un nuevo AMLO para la pol\u00edtica exterior?\"}]},{\"@type\":\"WebSite\",\"@id\":\"https:\\\/\\\/redamlo.com\\\/#website\",\"url\":\"https:\\\/\\\/redamlo.com\\\/\",\"name\":\"NOTICIAS DE LA 4T\",\"description\":\"\",\"publisher\":{\"@id\":\"https:\\\/\\\/redamlo.com\\\/#organization\"},\"potentialAction\":[{\"@type\":\"SearchAction\",\"target\":{\"@type\":\"EntryPoint\",\"urlTemplate\":\"https:\\\/\\\/redamlo.com\\\/?s={search_term_string}\"},\"query-input\":{\"@type\":\"PropertyValueSpecification\",\"valueRequired\":true,\"valueName\":\"search_term_string\"}}],\"inLanguage\":\"es\"},{\"@type\":\"Organization\",\"@id\":\"https:\\\/\\\/redamlo.com\\\/#organization\",\"name\":\"NOTICIAS DE LA 4T\",\"url\":\"https:\\\/\\\/redamlo.com\\\/\",\"logo\":{\"@type\":\"ImageObject\",\"inLanguage\":\"es\",\"@id\":\"https:\\\/\\\/redamlo.com\\\/#\\\/schema\\\/logo\\\/image\\\/\",\"url\":\"https:\\\/\\\/redamlo.com\\\/wp-content\\\/uploads\\\/2024\\\/08\\\/cropped-RED-AMLO-logo-50.png\",\"contentUrl\":\"https:\\\/\\\/redamlo.com\\\/wp-content\\\/uploads\\\/2024\\\/08\\\/cropped-RED-AMLO-logo-50.png\",\"width\":256,\"height\":256,\"caption\":\"NOTICIAS DE LA 4T\"},\"image\":{\"@id\":\"https:\\\/\\\/redamlo.com\\\/#\\\/schema\\\/logo\\\/image\\\/\"}},{\"@type\":\"Person\",\"@id\":\"https:\\\/\\\/redamlo.com\\\/#\\\/schema\\\/person\\\/7223a4375eb8f1a782fcae010a7115cf\",\"name\":\"Blanca\",\"image\":{\"@type\":\"ImageObject\",\"inLanguage\":\"es\",\"@id\":\"https:\\\/\\\/secure.gravatar.com\\\/avatar\\\/3f79bc8336367a4e6093eae8757acaaf61d1124834b905616de7829b0273426d?s=96&d=mm&r=g\",\"url\":\"https:\\\/\\\/secure.gravatar.com\\\/avatar\\\/3f79bc8336367a4e6093eae8757acaaf61d1124834b905616de7829b0273426d?s=96&d=mm&r=g\",\"contentUrl\":\"https:\\\/\\\/secure.gravatar.com\\\/avatar\\\/3f79bc8336367a4e6093eae8757acaaf61d1124834b905616de7829b0273426d?s=96&d=mm&r=g\",\"caption\":\"Blanca\"},\"url\":\"https:\\\/\\\/redamlo.com\\\/index.php\\\/author\\\/blanca\\\/\"}]}<\/script>\n<!-- \/ Yoast SEO plugin. -->","yoast_head_json":{"title":"Con sus declaraciones sobre Cuba y EEUU, \u00bfviene un nuevo AMLO para la pol\u00edtica exterior? - NOTICIAS DE LA 4T","robots":{"index":"noindex","follow":"follow","max-snippet":"max-snippet:-1","max-image-preview":"max-image-preview:large","max-video-preview":"max-video-preview:-1"},"og_locale":"es_MX","og_type":"article","og_title":"Con sus declaraciones sobre Cuba y EEUU, \u00bfviene un nuevo AMLO para la pol\u00edtica exterior? - NOTICIAS DE LA 4T","og_description":"En M\u00e9xico las \u00faltimas semanas fueron marcadas por las llamadas del presidente Andr\u00e9s Manuel L\u00f3pez...","og_url":"https:\/\/redamlo.com\/index.php\/2021\/09\/25\/con-sus-declaraciones-sobre-cuba-y-eeuu-viene-un-nuevo-amlo-para-la-politica-exterior\/","og_site_name":"NOTICIAS DE LA 4T","article_published_time":"2021-09-25T18:23:22+00:00","og_image":[{"width":1200,"height":800,"url":"https:\/\/redamlo.com\/wp-content\/uploads\/2021\/09\/454-24.png","type":"image\/png"}],"author":"Blanca","twitter_card":"summary_large_image","twitter_misc":{"Escrito por":"Blanca","Tiempo de lectura":"4 minutos"},"schema":{"@context":"https:\/\/schema.org","@graph":[{"@type":"Article","@id":"https:\/\/redamlo.com\/index.php\/2021\/09\/25\/con-sus-declaraciones-sobre-cuba-y-eeuu-viene-un-nuevo-amlo-para-la-politica-exterior\/#article","isPartOf":{"@id":"https:\/\/redamlo.com\/index.php\/2021\/09\/25\/con-sus-declaraciones-sobre-cuba-y-eeuu-viene-un-nuevo-amlo-para-la-politica-exterior\/"},"author":{"name":"Blanca","@id":"https:\/\/redamlo.com\/#\/schema\/person\/7223a4375eb8f1a782fcae010a7115cf"},"headline":"Con sus declaraciones sobre Cuba y EEUU, \u00bfviene un nuevo AMLO para la pol\u00edtica exterior?","datePublished":"2021-09-25T18:23:22+00:00","mainEntityOfPage":{"@id":"https:\/\/redamlo.com\/index.php\/2021\/09\/25\/con-sus-declaraciones-sobre-cuba-y-eeuu-viene-un-nuevo-amlo-para-la-politica-exterior\/"},"wordCount":843,"commentCount":0,"publisher":{"@id":"https:\/\/redamlo.com\/#organization"},"image":{"@id":"https:\/\/redamlo.com\/index.php\/2021\/09\/25\/con-sus-declaraciones-sobre-cuba-y-eeuu-viene-un-nuevo-amlo-para-la-politica-exterior\/#primaryimage"},"thumbnailUrl":"https:\/\/redamlo.com\/wp-content\/uploads\/2021\/09\/454-24.png","keywords":["AMLO","Asamblea General de la ONU","Declaraciones sobre Cuba Y EEUU","Independencia de M\u00e9xico","Joe Biden","Levantar bloqueo a Cuba","Marcelo Ebrard","Miguel D\u00edaz-Canel","Nueva Politica Exterior","Respaldo Popular"],"articleSection":["4T","Internacionales","Pol\u00edtica"],"inLanguage":"es","potentialAction":[{"@type":"CommentAction","name":"Comment","target":["https:\/\/redamlo.com\/index.php\/2021\/09\/25\/con-sus-declaraciones-sobre-cuba-y-eeuu-viene-un-nuevo-amlo-para-la-politica-exterior\/#respond"]}]},{"@type":"WebPage","@id":"https:\/\/redamlo.com\/index.php\/2021\/09\/25\/con-sus-declaraciones-sobre-cuba-y-eeuu-viene-un-nuevo-amlo-para-la-politica-exterior\/","url":"https:\/\/redamlo.com\/index.php\/2021\/09\/25\/con-sus-declaraciones-sobre-cuba-y-eeuu-viene-un-nuevo-amlo-para-la-politica-exterior\/","name":"Con sus declaraciones sobre Cuba y EEUU, \u00bfviene un nuevo AMLO para la pol\u00edtica exterior? - NOTICIAS DE LA 4T","isPartOf":{"@id":"https:\/\/redamlo.com\/#website"},"primaryImageOfPage":{"@id":"https:\/\/redamlo.com\/index.php\/2021\/09\/25\/con-sus-declaraciones-sobre-cuba-y-eeuu-viene-un-nuevo-amlo-para-la-politica-exterior\/#primaryimage"},"image":{"@id":"https:\/\/redamlo.com\/index.php\/2021\/09\/25\/con-sus-declaraciones-sobre-cuba-y-eeuu-viene-un-nuevo-amlo-para-la-politica-exterior\/#primaryimage"},"thumbnailUrl":"https:\/\/redamlo.com\/wp-content\/uploads\/2021\/09\/454-24.png","datePublished":"2021-09-25T18:23:22+00:00","breadcrumb":{"@id":"https:\/\/redamlo.com\/index.php\/2021\/09\/25\/con-sus-declaraciones-sobre-cuba-y-eeuu-viene-un-nuevo-amlo-para-la-politica-exterior\/#breadcrumb"},"inLanguage":"es","potentialAction":[{"@type":"ReadAction","target":["https:\/\/redamlo.com\/index.php\/2021\/09\/25\/con-sus-declaraciones-sobre-cuba-y-eeuu-viene-un-nuevo-amlo-para-la-politica-exterior\/"]}]},{"@type":"ImageObject","inLanguage":"es","@id":"https:\/\/redamlo.com\/index.php\/2021\/09\/25\/con-sus-declaraciones-sobre-cuba-y-eeuu-viene-un-nuevo-amlo-para-la-politica-exterior\/#primaryimage","url":"https:\/\/redamlo.com\/wp-content\/uploads\/2021\/09\/454-24.png","contentUrl":"https:\/\/redamlo.com\/wp-content\/uploads\/2021\/09\/454-24.png","width":1200,"height":800},{"@type":"BreadcrumbList","@id":"https:\/\/redamlo.com\/index.php\/2021\/09\/25\/con-sus-declaraciones-sobre-cuba-y-eeuu-viene-un-nuevo-amlo-para-la-politica-exterior\/#breadcrumb","itemListElement":[{"@type":"ListItem","position":1,"name":"Inicio","item":"https:\/\/redamlo.com\/"},{"@type":"ListItem","position":2,"name":"Con sus declaraciones sobre Cuba y EEUU, \u00bfviene un nuevo AMLO para la pol\u00edtica exterior?"}]},{"@type":"WebSite","@id":"https:\/\/redamlo.com\/#website","url":"https:\/\/redamlo.com\/","name":"NOTICIAS DE LA 4T","description":"","publisher":{"@id":"https:\/\/redamlo.com\/#organization"},"potentialAction":[{"@type":"SearchAction","target":{"@type":"EntryPoint","urlTemplate":"https:\/\/redamlo.com\/?s={search_term_string}"},"query-input":{"@type":"PropertyValueSpecification","valueRequired":true,"valueName":"search_term_string"}}],"inLanguage":"es"},{"@type":"Organization","@id":"https:\/\/redamlo.com\/#organization","name":"NOTICIAS DE LA 4T","url":"https:\/\/redamlo.com\/","logo":{"@type":"ImageObject","inLanguage":"es","@id":"https:\/\/redamlo.com\/#\/schema\/logo\/image\/","url":"https:\/\/redamlo.com\/wp-content\/uploads\/2024\/08\/cropped-RED-AMLO-logo-50.png","contentUrl":"https:\/\/redamlo.com\/wp-content\/uploads\/2024\/08\/cropped-RED-AMLO-logo-50.png","width":256,"height":256,"caption":"NOTICIAS DE LA 4T"},"image":{"@id":"https:\/\/redamlo.com\/#\/schema\/logo\/image\/"}},{"@type":"Person","@id":"https:\/\/redamlo.com\/#\/schema\/person\/7223a4375eb8f1a782fcae010a7115cf","name":"Blanca","image":{"@type":"ImageObject","inLanguage":"es","@id":"https:\/\/secure.gravatar.com\/avatar\/3f79bc8336367a4e6093eae8757acaaf61d1124834b905616de7829b0273426d?s=96&d=mm&r=g","url":"https:\/\/secure.gravatar.com\/avatar\/3f79bc8336367a4e6093eae8757acaaf61d1124834b905616de7829b0273426d?s=96&d=mm&r=g","contentUrl":"https:\/\/secure.gravatar.com\/avatar\/3f79bc8336367a4e6093eae8757acaaf61d1124834b905616de7829b0273426d?s=96&d=mm&r=g","caption":"Blanca"},"url":"https:\/\/redamlo.com\/index.php\/author\/blanca\/"}]}},"_links":{"self":[{"href":"https:\/\/redamlo.com\/index.php\/wp-json\/wp\/v2\/posts\/5374","targetHints":{"allow":["GET"]}}],"collection":[{"href":"https:\/\/redamlo.com\/index.php\/wp-json\/wp\/v2\/posts"}],"about":[{"href":"https:\/\/redamlo.com\/index.php\/wp-json\/wp\/v2\/types\/post"}],"author":[{"embeddable":true,"href":"https:\/\/redamlo.com\/index.php\/wp-json\/wp\/v2\/users\/2"}],"replies":[{"embeddable":true,"href":"https:\/\/redamlo.com\/index.php\/wp-json\/wp\/v2\/comments?post=5374"}],"version-history":[{"count":0,"href":"https:\/\/redamlo.com\/index.php\/wp-json\/wp\/v2\/posts\/5374\/revisions"}],"wp:featuredmedia":[{"embeddable":true,"href":"https:\/\/redamlo.com\/index.php\/wp-json\/wp\/v2\/media\/5375"}],"wp:attachment":[{"href":"https:\/\/redamlo.com\/index.php\/wp-json\/wp\/v2\/media?parent=5374"}],"wp:term":[{"taxonomy":"category","embeddable":true,"href":"https:\/\/redamlo.com\/index.php\/wp-json\/wp\/v2\/categories?post=5374"},{"taxonomy":"post_tag","embeddable":true,"href":"https:\/\/redamlo.com\/index.php\/wp-json\/wp\/v2\/tags?post=5374"}],"curies":[{"name":"wp","href":"https:\/\/api.w.org\/{rel}","templated":true}]}}