{"id":5360,"date":"2021-09-23T19:58:41","date_gmt":"2021-09-24T00:58:41","guid":{"rendered":"https:\/\/redamlo.com\/?p=5360"},"modified":"2021-09-23T19:58:41","modified_gmt":"2021-09-24T00:58:41","slug":"se-le-hizo-a-amlo-mexico-recibe-codice-que-pidio-al-vaticano","status":"publish","type":"post","link":"https:\/\/redamlo.com\/index.php\/2021\/09\/23\/se-le-hizo-a-amlo-mexico-recibe-codice-que-pidio-al-vaticano\/","title":{"rendered":"\u00a1Se le hizo a AMLO! M\u00e9xico recibe c\u00f3dice que pidi\u00f3 al Vaticano"},"content":{"rendered":"\n\nRealidades.- En octubre de 2020 un representante de la Santa Sede en M\u00e9xico, dijo que el Vaticano dudaba de entregar a M\u00e9xico los c\u00f3dices hist\u00f3ricos que se hab\u00edan solicitado.\n\n \n\nEl presidente de M\u00e9xico,\u00a0<strong>Andr\u00e9s Manuel L\u00f3pez Obrador, inform\u00f3 este mi\u00e9rcoles que el representante del Vaticano en M\u00e9xico, el nuncio Franco Coppola, entreg\u00f3 una parte del material hist\u00f3rico que le solicit\u00f3 al papa Francisco para la exposici\u00f3n sobre la conmemoraci\u00f3n de los 200 a\u00f1os de la consumaci\u00f3n de la Independencia de M\u00e9xico.<\/strong>\n\n \n\n\u201cEl papa Francisco, al que respetamos y queremos en M\u00e9xico, nos env\u00eda esta copia de este c\u00f3dice antiguo y otros documentos que se van a exhibir en la exposici\u00f3n en\u00a0<strong>(el Museo de) Antropolog\u00eda y la Secretar\u00eda de Educaci\u00f3n P\u00fablica a partir del 27 de septiembre\u201d, dijo L\u00f3pez Obrador en un v\u00eddeo en redes sociales.<\/strong>\n\n \n\nRecord\u00f3 que el env\u00edo es con motivo de la conmemoraci\u00f3n de los 200 a\u00f1os de la consumaci\u00f3n de Independencia \u201cy no solo nos manda esta copia del c\u00f3dice, sino muchos otros documentos, entre ellos una carta al pueblo de M\u00e9xico por la conmemoraci\u00f3n\u201d.\n\n \n<figure class=\"wp-block-image\"><img decoding=\"async\" src=\"https:\/\/www.elfinanciero.com.mx\/resizer\/F2lyuE6rOkF_Up7YTOSCCtYH23g=\/800x0\/filters:format(jpg):quality(70)\/cloudfront-us-east-1.images.arcpublishing.com\/elfinanciero\/DWTUVEUOUZHR5JLF6EQYRBNGAI.jpeg\" alt=\"\" \/><\/figure>\n \n\nEn octubre de 2020, Coppola, representante de la Santa Sede en M\u00e9xico, dijo que el<strong>\u00a0Vaticano dudaba de entregar a M\u00e9xico los c\u00f3dices hist\u00f3ricos que L\u00f3pez Obrador pidi\u00f3 para la conmemoraci\u00f3n de los 500 a\u00f1os de la conquista.<\/strong>\n\n \n\nEn aquel momento, Coppola dijo en una conferencia en la ciudad de Xalapa, (capital del oriental estado de Veracruz) que se ten\u00edan que conocer \u201cbien los detalles de la cuesti\u00f3n\u201d ya que algunos juristas le se\u00f1alaron que\u00a0<strong>\u201ca M\u00e9xico no se le puede prestar nada porque la ley de M\u00e9xico impide regresar las cosas que se prestan porque son monumentos hist\u00f3ricos\u201d.<\/strong>\n\n \n\n<strong>Casi un a\u00f1o antes, el 9 de noviembre de 2019, L\u00f3pez Obrador envi\u00f3 una carta al papa Francisco en la que invitaba a la Iglesia cat\u00f3lica a disculparse con los ind\u00edgenas por los abusos de la conquista y le pidi\u00f3 prestado al Vaticano tres c\u00f3dices hist\u00f3ricos y mapas de Tenochtitl\u00e1n.<\/strong>\n\n \n<figure class=\"wp-block-embed is-type-rich is-provider-gestor-del-servicio wp-block-embed-gestor-del-servicio wp-embed-aspect-16-9 wp-has-aspect-ratio\">\n<div class=\"wp-block-embed__wrapper\">https:\/\/www.youtube.com\/embed\/wH_qdx30I5U<\/div><\/figure>\n \n\nEl objetivo de L\u00f3pez Obrador era exponer estos objetos durante las conmemoraciones en 2021 de los 200 a\u00f1os de la consumaci\u00f3n de la Independencia de M\u00e9xico (1821), los 500 a\u00f1os de la conquista de Hern\u00e1n Cort\u00e9s (1521) y los 700 a\u00f1os de la fundaci\u00f3n de M\u00e9xico-Tenochtitl\u00e1n, actual Ciudad de M\u00e9xico (1321).\n\n \n\nEn el v\u00eddeo de este mi\u00e9rcoles apareci\u00f3 Coppola, el secretario de Gobernaci\u00f3n (Interior) de M\u00e9xico, Ad\u00e1n Augusto L\u00f3pez y la escritora e investigadora Beatriz Guti\u00e9rrez M\u00fcller, esposa de L\u00f3pez Obrador.\n\n \n\nEsta \u00faltima record\u00f3 que ella viaj\u00f3 a Europa para hablar con distintas autoridades \u201cpara que nos permitieran exhibir o mostrar c\u00f3dices y piezas en esta exposici\u00f3n y tambi\u00e9n se entrevist\u00f3 con el papa Francisco y estos son los resultados\u201d.\n\n \n\nEn su intervenci\u00f3n, Guti\u00e9rrez M\u00fcller agradeci\u00f3 al papa Francisco y al nuncio Coppola \u201cque sigui\u00f3 muy de cerca este proceso\u201d, a las autoridades del Museo del Vaticano y al equipo de mexicanos que estuvo localizando estos documentos \u201cque por primera vez ser\u00e1n expuestos en M\u00e9xico\u201d.\n\n \n<figure class=\"wp-block-image is-resized\"><img loading=\"lazy\" decoding=\"async\" src=\"https:\/\/laverdadnoticias.com\/__export\/1632406492599\/sites\/laverdad\/img\/2021\/09\/23\/amlo_vaticano_codices.jpeg_186469708.jpeg\" alt=\"M\u00e9xico finalmente recibe los c\u00f3dices que AMLO pidi\u00f3 al Vaticano | La Verdad  Noticias\" width=\"719\" height=\"404\" \/><\/figure>\n \n\nAdem\u00e1s, dijo que tambi\u00e9n se va a presentar una versi\u00f3n digital de otro c\u00f3dice del Vaticano.\n\n \n\nEn su viaje a Europa, ocurrido en octubre de 2020, Guti\u00e9rrez M\u00fcller, quien es presidenta del Consejo Honorario de la Memoria Hist\u00f3rica de M\u00e9xico, estuvo en Par\u00eds, Roma, el Vaticano y Viena para intentar cerrar convenios culturales y conseguir algunas de estas piezas.\n\n \n\n<strong>La conmemoraci\u00f3n de los 200 a\u00f1os de la consumaci\u00f3n de Independencia forma parte de los 15 eventos que el Gobierno de M\u00e9xico\u00a0<\/strong>ha preparado este 2021 adem\u00e1s de los 500 a\u00f1os de la conquista y los 700 a\u00f1os de la<strong>\u00a0fundaci\u00f3n de Tenochtitlan con un peso especial de las comunidades ind\u00edgenas y la invitaci\u00f3n de mandatarios extranjeros.<\/strong>\n\n \n\nFuente: <a href=\"https:\/\/www.elfinanciero.com.mx\/nacional\/2021\/09\/22\/se-le-hizo-a-amlo-mexico-recibe-codice-que-pidio-al-vaticano\/?fbclid=IwAR3EQdxynaLnmhj0x5clioeoS2SdhPUFx_PeWx1QeHD6Ul4KH0G6W11SltE\">elfinanciero.com.mx<\/a>\n\n","protected":false},"excerpt":{"rendered":"<p>Realidades.- En octubre de 2020 un representante de la Santa Sede en M\u00e9xico, dijo que&#8230;<\/p>\n","protected":false},"author":2,"featured_media":5361,"comment_status":"open","ping_status":"closed","sticky":false,"template":"","format":"standard","meta":{"footnotes":""},"categories":[25,312,20],"tags":[84,1548,1549,1550,1551,9,1552,1553,1554,1555,1556],"class_list":["post-5360","post","type-post","status-publish","format-standard","has-post-thumbnail","hentry","category-4t","category-justicia","category-nacionales","tag-amlo","tag-codice","tag-conmemoracion-de-los-200-anos","tag-exposicion","tag-independencia-de-mexico","tag-mexico","tag-museo-de-antropologia","tag-nuncio-franco-coppola","tag-papa-francisco","tag-santa-sede","tag-vaticano"],"yoast_head":"<!-- This site is optimized with the Yoast SEO plugin v27.5 - https:\/\/yoast.com\/product\/yoast-seo-wordpress\/ -->\n<title>\u00a1Se le hizo a AMLO! M\u00e9xico recibe c\u00f3dice que pidi\u00f3 al Vaticano - NOTICIAS DE LA 4T<\/title>\n<meta name=\"robots\" content=\"noindex, follow, max-snippet:-1, max-image-preview:large, max-video-preview:-1\" \/>\n<meta property=\"og:locale\" content=\"es_MX\" \/>\n<meta property=\"og:type\" content=\"article\" \/>\n<meta property=\"og:title\" content=\"\u00a1Se le hizo a AMLO! M\u00e9xico recibe c\u00f3dice que pidi\u00f3 al Vaticano - NOTICIAS DE LA 4T\" \/>\n<meta property=\"og:description\" content=\"Realidades.- En octubre de 2020 un representante de la Santa Sede en M\u00e9xico, dijo que...\" \/>\n<meta property=\"og:url\" content=\"https:\/\/redamlo.com\/index.php\/2021\/09\/23\/se-le-hizo-a-amlo-mexico-recibe-codice-que-pidio-al-vaticano\/\" \/>\n<meta property=\"og:site_name\" content=\"NOTICIAS DE LA 4T\" \/>\n<meta property=\"article:published_time\" content=\"2021-09-24T00:58:41+00:00\" \/>\n<meta property=\"og:image\" content=\"https:\/\/redamlo.com\/wp-content\/uploads\/2021\/09\/454-21.png\" \/>\n\t<meta property=\"og:image:width\" content=\"760\" \/>\n\t<meta property=\"og:image:height\" content=\"434\" \/>\n\t<meta property=\"og:image:type\" content=\"image\/png\" \/>\n<meta name=\"author\" content=\"Blanca\" \/>\n<meta name=\"twitter:card\" content=\"summary_large_image\" \/>\n<meta name=\"twitter:label1\" content=\"Escrito por\" \/>\n\t<meta name=\"twitter:data1\" content=\"Blanca\" \/>\n\t<meta name=\"twitter:label2\" content=\"Tiempo de lectura\" \/>\n\t<meta name=\"twitter:data2\" content=\"4 minutos\" \/>\n<script type=\"application\/ld+json\" class=\"yoast-schema-graph\">{\"@context\":\"https:\\\/\\\/schema.org\",\"@graph\":[{\"@type\":\"Article\",\"@id\":\"https:\\\/\\\/redamlo.com\\\/index.php\\\/2021\\\/09\\\/23\\\/se-le-hizo-a-amlo-mexico-recibe-codice-que-pidio-al-vaticano\\\/#article\",\"isPartOf\":{\"@id\":\"https:\\\/\\\/redamlo.com\\\/index.php\\\/2021\\\/09\\\/23\\\/se-le-hizo-a-amlo-mexico-recibe-codice-que-pidio-al-vaticano\\\/\"},\"author\":{\"name\":\"Blanca\",\"@id\":\"https:\\\/\\\/redamlo.com\\\/#\\\/schema\\\/person\\\/7223a4375eb8f1a782fcae010a7115cf\"},\"headline\":\"\u00a1Se le hizo a AMLO! M\u00e9xico recibe c\u00f3dice que pidi\u00f3 al Vaticano\",\"datePublished\":\"2021-09-24T00:58:41+00:00\",\"mainEntityOfPage\":{\"@id\":\"https:\\\/\\\/redamlo.com\\\/index.php\\\/2021\\\/09\\\/23\\\/se-le-hizo-a-amlo-mexico-recibe-codice-que-pidio-al-vaticano\\\/\"},\"wordCount\":717,\"commentCount\":0,\"publisher\":{\"@id\":\"https:\\\/\\\/redamlo.com\\\/#organization\"},\"image\":{\"@id\":\"https:\\\/\\\/redamlo.com\\\/index.php\\\/2021\\\/09\\\/23\\\/se-le-hizo-a-amlo-mexico-recibe-codice-que-pidio-al-vaticano\\\/#primaryimage\"},\"thumbnailUrl\":\"https:\\\/\\\/redamlo.com\\\/wp-content\\\/uploads\\\/2021\\\/09\\\/454-21.png\",\"keywords\":[\"AMLO\",\"C\u00f3dice\",\"Conmemoraci\u00f3n de los 200 a\u00f1os\",\"Exposici\u00f3n\",\"Independencia de M\u00e9xico\",\"M\u00e9xico\",\"Museo de Antropolog\u00eda\",\"Nuncio Franco Coppola\",\"Papa Francisco\",\"Santa Sede\",\"Vaticano\"],\"articleSection\":[\"4T\",\"Justicia\",\"Nacionales\"],\"inLanguage\":\"es\",\"potentialAction\":[{\"@type\":\"CommentAction\",\"name\":\"Comment\",\"target\":[\"https:\\\/\\\/redamlo.com\\\/index.php\\\/2021\\\/09\\\/23\\\/se-le-hizo-a-amlo-mexico-recibe-codice-que-pidio-al-vaticano\\\/#respond\"]}]},{\"@type\":\"WebPage\",\"@id\":\"https:\\\/\\\/redamlo.com\\\/index.php\\\/2021\\\/09\\\/23\\\/se-le-hizo-a-amlo-mexico-recibe-codice-que-pidio-al-vaticano\\\/\",\"url\":\"https:\\\/\\\/redamlo.com\\\/index.php\\\/2021\\\/09\\\/23\\\/se-le-hizo-a-amlo-mexico-recibe-codice-que-pidio-al-vaticano\\\/\",\"name\":\"\u00a1Se le hizo a AMLO! M\u00e9xico recibe c\u00f3dice que pidi\u00f3 al Vaticano - NOTICIAS DE LA 4T\",\"isPartOf\":{\"@id\":\"https:\\\/\\\/redamlo.com\\\/#website\"},\"primaryImageOfPage\":{\"@id\":\"https:\\\/\\\/redamlo.com\\\/index.php\\\/2021\\\/09\\\/23\\\/se-le-hizo-a-amlo-mexico-recibe-codice-que-pidio-al-vaticano\\\/#primaryimage\"},\"image\":{\"@id\":\"https:\\\/\\\/redamlo.com\\\/index.php\\\/2021\\\/09\\\/23\\\/se-le-hizo-a-amlo-mexico-recibe-codice-que-pidio-al-vaticano\\\/#primaryimage\"},\"thumbnailUrl\":\"https:\\\/\\\/redamlo.com\\\/wp-content\\\/uploads\\\/2021\\\/09\\\/454-21.png\",\"datePublished\":\"2021-09-24T00:58:41+00:00\",\"breadcrumb\":{\"@id\":\"https:\\\/\\\/redamlo.com\\\/index.php\\\/2021\\\/09\\\/23\\\/se-le-hizo-a-amlo-mexico-recibe-codice-que-pidio-al-vaticano\\\/#breadcrumb\"},\"inLanguage\":\"es\",\"potentialAction\":[{\"@type\":\"ReadAction\",\"target\":[\"https:\\\/\\\/redamlo.com\\\/index.php\\\/2021\\\/09\\\/23\\\/se-le-hizo-a-amlo-mexico-recibe-codice-que-pidio-al-vaticano\\\/\"]}]},{\"@type\":\"ImageObject\",\"inLanguage\":\"es\",\"@id\":\"https:\\\/\\\/redamlo.com\\\/index.php\\\/2021\\\/09\\\/23\\\/se-le-hizo-a-amlo-mexico-recibe-codice-que-pidio-al-vaticano\\\/#primaryimage\",\"url\":\"https:\\\/\\\/redamlo.com\\\/wp-content\\\/uploads\\\/2021\\\/09\\\/454-21.png\",\"contentUrl\":\"https:\\\/\\\/redamlo.com\\\/wp-content\\\/uploads\\\/2021\\\/09\\\/454-21.png\",\"width\":760,\"height\":434},{\"@type\":\"BreadcrumbList\",\"@id\":\"https:\\\/\\\/redamlo.com\\\/index.php\\\/2021\\\/09\\\/23\\\/se-le-hizo-a-amlo-mexico-recibe-codice-que-pidio-al-vaticano\\\/#breadcrumb\",\"itemListElement\":[{\"@type\":\"ListItem\",\"position\":1,\"name\":\"Inicio\",\"item\":\"https:\\\/\\\/redamlo.com\\\/\"},{\"@type\":\"ListItem\",\"position\":2,\"name\":\"\u00a1Se le hizo a AMLO! M\u00e9xico recibe c\u00f3dice que pidi\u00f3 al Vaticano\"}]},{\"@type\":\"WebSite\",\"@id\":\"https:\\\/\\\/redamlo.com\\\/#website\",\"url\":\"https:\\\/\\\/redamlo.com\\\/\",\"name\":\"NOTICIAS DE LA 4T\",\"description\":\"\",\"publisher\":{\"@id\":\"https:\\\/\\\/redamlo.com\\\/#organization\"},\"potentialAction\":[{\"@type\":\"SearchAction\",\"target\":{\"@type\":\"EntryPoint\",\"urlTemplate\":\"https:\\\/\\\/redamlo.com\\\/?s={search_term_string}\"},\"query-input\":{\"@type\":\"PropertyValueSpecification\",\"valueRequired\":true,\"valueName\":\"search_term_string\"}}],\"inLanguage\":\"es\"},{\"@type\":\"Organization\",\"@id\":\"https:\\\/\\\/redamlo.com\\\/#organization\",\"name\":\"NOTICIAS DE LA 4T\",\"url\":\"https:\\\/\\\/redamlo.com\\\/\",\"logo\":{\"@type\":\"ImageObject\",\"inLanguage\":\"es\",\"@id\":\"https:\\\/\\\/redamlo.com\\\/#\\\/schema\\\/logo\\\/image\\\/\",\"url\":\"https:\\\/\\\/redamlo.com\\\/wp-content\\\/uploads\\\/2024\\\/08\\\/cropped-RED-AMLO-logo-50.png\",\"contentUrl\":\"https:\\\/\\\/redamlo.com\\\/wp-content\\\/uploads\\\/2024\\\/08\\\/cropped-RED-AMLO-logo-50.png\",\"width\":256,\"height\":256,\"caption\":\"NOTICIAS DE LA 4T\"},\"image\":{\"@id\":\"https:\\\/\\\/redamlo.com\\\/#\\\/schema\\\/logo\\\/image\\\/\"}},{\"@type\":\"Person\",\"@id\":\"https:\\\/\\\/redamlo.com\\\/#\\\/schema\\\/person\\\/7223a4375eb8f1a782fcae010a7115cf\",\"name\":\"Blanca\",\"image\":{\"@type\":\"ImageObject\",\"inLanguage\":\"es\",\"@id\":\"https:\\\/\\\/secure.gravatar.com\\\/avatar\\\/3f79bc8336367a4e6093eae8757acaaf61d1124834b905616de7829b0273426d?s=96&d=mm&r=g\",\"url\":\"https:\\\/\\\/secure.gravatar.com\\\/avatar\\\/3f79bc8336367a4e6093eae8757acaaf61d1124834b905616de7829b0273426d?s=96&d=mm&r=g\",\"contentUrl\":\"https:\\\/\\\/secure.gravatar.com\\\/avatar\\\/3f79bc8336367a4e6093eae8757acaaf61d1124834b905616de7829b0273426d?s=96&d=mm&r=g\",\"caption\":\"Blanca\"},\"url\":\"https:\\\/\\\/redamlo.com\\\/index.php\\\/author\\\/blanca\\\/\"}]}<\/script>\n<!-- \/ Yoast SEO plugin. -->","yoast_head_json":{"title":"\u00a1Se le hizo a AMLO! M\u00e9xico recibe c\u00f3dice que pidi\u00f3 al Vaticano - NOTICIAS DE LA 4T","robots":{"index":"noindex","follow":"follow","max-snippet":"max-snippet:-1","max-image-preview":"max-image-preview:large","max-video-preview":"max-video-preview:-1"},"og_locale":"es_MX","og_type":"article","og_title":"\u00a1Se le hizo a AMLO! M\u00e9xico recibe c\u00f3dice que pidi\u00f3 al Vaticano - NOTICIAS DE LA 4T","og_description":"Realidades.- En octubre de 2020 un representante de la Santa Sede en M\u00e9xico, dijo que...","og_url":"https:\/\/redamlo.com\/index.php\/2021\/09\/23\/se-le-hizo-a-amlo-mexico-recibe-codice-que-pidio-al-vaticano\/","og_site_name":"NOTICIAS DE LA 4T","article_published_time":"2021-09-24T00:58:41+00:00","og_image":[{"width":760,"height":434,"url":"https:\/\/redamlo.com\/wp-content\/uploads\/2021\/09\/454-21.png","type":"image\/png"}],"author":"Blanca","twitter_card":"summary_large_image","twitter_misc":{"Escrito por":"Blanca","Tiempo de lectura":"4 minutos"},"schema":{"@context":"https:\/\/schema.org","@graph":[{"@type":"Article","@id":"https:\/\/redamlo.com\/index.php\/2021\/09\/23\/se-le-hizo-a-amlo-mexico-recibe-codice-que-pidio-al-vaticano\/#article","isPartOf":{"@id":"https:\/\/redamlo.com\/index.php\/2021\/09\/23\/se-le-hizo-a-amlo-mexico-recibe-codice-que-pidio-al-vaticano\/"},"author":{"name":"Blanca","@id":"https:\/\/redamlo.com\/#\/schema\/person\/7223a4375eb8f1a782fcae010a7115cf"},"headline":"\u00a1Se le hizo a AMLO! M\u00e9xico recibe c\u00f3dice que pidi\u00f3 al Vaticano","datePublished":"2021-09-24T00:58:41+00:00","mainEntityOfPage":{"@id":"https:\/\/redamlo.com\/index.php\/2021\/09\/23\/se-le-hizo-a-amlo-mexico-recibe-codice-que-pidio-al-vaticano\/"},"wordCount":717,"commentCount":0,"publisher":{"@id":"https:\/\/redamlo.com\/#organization"},"image":{"@id":"https:\/\/redamlo.com\/index.php\/2021\/09\/23\/se-le-hizo-a-amlo-mexico-recibe-codice-que-pidio-al-vaticano\/#primaryimage"},"thumbnailUrl":"https:\/\/redamlo.com\/wp-content\/uploads\/2021\/09\/454-21.png","keywords":["AMLO","C\u00f3dice","Conmemoraci\u00f3n de los 200 a\u00f1os","Exposici\u00f3n","Independencia de M\u00e9xico","M\u00e9xico","Museo de Antropolog\u00eda","Nuncio Franco Coppola","Papa Francisco","Santa Sede","Vaticano"],"articleSection":["4T","Justicia","Nacionales"],"inLanguage":"es","potentialAction":[{"@type":"CommentAction","name":"Comment","target":["https:\/\/redamlo.com\/index.php\/2021\/09\/23\/se-le-hizo-a-amlo-mexico-recibe-codice-que-pidio-al-vaticano\/#respond"]}]},{"@type":"WebPage","@id":"https:\/\/redamlo.com\/index.php\/2021\/09\/23\/se-le-hizo-a-amlo-mexico-recibe-codice-que-pidio-al-vaticano\/","url":"https:\/\/redamlo.com\/index.php\/2021\/09\/23\/se-le-hizo-a-amlo-mexico-recibe-codice-que-pidio-al-vaticano\/","name":"\u00a1Se le hizo a AMLO! M\u00e9xico recibe c\u00f3dice que pidi\u00f3 al Vaticano - NOTICIAS DE LA 4T","isPartOf":{"@id":"https:\/\/redamlo.com\/#website"},"primaryImageOfPage":{"@id":"https:\/\/redamlo.com\/index.php\/2021\/09\/23\/se-le-hizo-a-amlo-mexico-recibe-codice-que-pidio-al-vaticano\/#primaryimage"},"image":{"@id":"https:\/\/redamlo.com\/index.php\/2021\/09\/23\/se-le-hizo-a-amlo-mexico-recibe-codice-que-pidio-al-vaticano\/#primaryimage"},"thumbnailUrl":"https:\/\/redamlo.com\/wp-content\/uploads\/2021\/09\/454-21.png","datePublished":"2021-09-24T00:58:41+00:00","breadcrumb":{"@id":"https:\/\/redamlo.com\/index.php\/2021\/09\/23\/se-le-hizo-a-amlo-mexico-recibe-codice-que-pidio-al-vaticano\/#breadcrumb"},"inLanguage":"es","potentialAction":[{"@type":"ReadAction","target":["https:\/\/redamlo.com\/index.php\/2021\/09\/23\/se-le-hizo-a-amlo-mexico-recibe-codice-que-pidio-al-vaticano\/"]}]},{"@type":"ImageObject","inLanguage":"es","@id":"https:\/\/redamlo.com\/index.php\/2021\/09\/23\/se-le-hizo-a-amlo-mexico-recibe-codice-que-pidio-al-vaticano\/#primaryimage","url":"https:\/\/redamlo.com\/wp-content\/uploads\/2021\/09\/454-21.png","contentUrl":"https:\/\/redamlo.com\/wp-content\/uploads\/2021\/09\/454-21.png","width":760,"height":434},{"@type":"BreadcrumbList","@id":"https:\/\/redamlo.com\/index.php\/2021\/09\/23\/se-le-hizo-a-amlo-mexico-recibe-codice-que-pidio-al-vaticano\/#breadcrumb","itemListElement":[{"@type":"ListItem","position":1,"name":"Inicio","item":"https:\/\/redamlo.com\/"},{"@type":"ListItem","position":2,"name":"\u00a1Se le hizo a AMLO! M\u00e9xico recibe c\u00f3dice que pidi\u00f3 al Vaticano"}]},{"@type":"WebSite","@id":"https:\/\/redamlo.com\/#website","url":"https:\/\/redamlo.com\/","name":"NOTICIAS DE LA 4T","description":"","publisher":{"@id":"https:\/\/redamlo.com\/#organization"},"potentialAction":[{"@type":"SearchAction","target":{"@type":"EntryPoint","urlTemplate":"https:\/\/redamlo.com\/?s={search_term_string}"},"query-input":{"@type":"PropertyValueSpecification","valueRequired":true,"valueName":"search_term_string"}}],"inLanguage":"es"},{"@type":"Organization","@id":"https:\/\/redamlo.com\/#organization","name":"NOTICIAS DE LA 4T","url":"https:\/\/redamlo.com\/","logo":{"@type":"ImageObject","inLanguage":"es","@id":"https:\/\/redamlo.com\/#\/schema\/logo\/image\/","url":"https:\/\/redamlo.com\/wp-content\/uploads\/2024\/08\/cropped-RED-AMLO-logo-50.png","contentUrl":"https:\/\/redamlo.com\/wp-content\/uploads\/2024\/08\/cropped-RED-AMLO-logo-50.png","width":256,"height":256,"caption":"NOTICIAS DE LA 4T"},"image":{"@id":"https:\/\/redamlo.com\/#\/schema\/logo\/image\/"}},{"@type":"Person","@id":"https:\/\/redamlo.com\/#\/schema\/person\/7223a4375eb8f1a782fcae010a7115cf","name":"Blanca","image":{"@type":"ImageObject","inLanguage":"es","@id":"https:\/\/secure.gravatar.com\/avatar\/3f79bc8336367a4e6093eae8757acaaf61d1124834b905616de7829b0273426d?s=96&d=mm&r=g","url":"https:\/\/secure.gravatar.com\/avatar\/3f79bc8336367a4e6093eae8757acaaf61d1124834b905616de7829b0273426d?s=96&d=mm&r=g","contentUrl":"https:\/\/secure.gravatar.com\/avatar\/3f79bc8336367a4e6093eae8757acaaf61d1124834b905616de7829b0273426d?s=96&d=mm&r=g","caption":"Blanca"},"url":"https:\/\/redamlo.com\/index.php\/author\/blanca\/"}]}},"_links":{"self":[{"href":"https:\/\/redamlo.com\/index.php\/wp-json\/wp\/v2\/posts\/5360","targetHints":{"allow":["GET"]}}],"collection":[{"href":"https:\/\/redamlo.com\/index.php\/wp-json\/wp\/v2\/posts"}],"about":[{"href":"https:\/\/redamlo.com\/index.php\/wp-json\/wp\/v2\/types\/post"}],"author":[{"embeddable":true,"href":"https:\/\/redamlo.com\/index.php\/wp-json\/wp\/v2\/users\/2"}],"replies":[{"embeddable":true,"href":"https:\/\/redamlo.com\/index.php\/wp-json\/wp\/v2\/comments?post=5360"}],"version-history":[{"count":0,"href":"https:\/\/redamlo.com\/index.php\/wp-json\/wp\/v2\/posts\/5360\/revisions"}],"wp:featuredmedia":[{"embeddable":true,"href":"https:\/\/redamlo.com\/index.php\/wp-json\/wp\/v2\/media\/5361"}],"wp:attachment":[{"href":"https:\/\/redamlo.com\/index.php\/wp-json\/wp\/v2\/media?parent=5360"}],"wp:term":[{"taxonomy":"category","embeddable":true,"href":"https:\/\/redamlo.com\/index.php\/wp-json\/wp\/v2\/categories?post=5360"},{"taxonomy":"post_tag","embeddable":true,"href":"https:\/\/redamlo.com\/index.php\/wp-json\/wp\/v2\/tags?post=5360"}],"curies":[{"name":"wp","href":"https:\/\/api.w.org\/{rel}","templated":true}]}}