{"id":5348,"date":"2021-08-14T15:00:41","date_gmt":"2021-08-14T15:00:41","guid":{"rendered":"https:\/\/redamlo.com\/?p=5348"},"modified":"2021-08-14T15:00:41","modified_gmt":"2021-08-14T15:00:41","slug":"lopez-obrador-firmara-compromiso-para-proteger-jalisco-ante-inundaciones-anuncia-presentacion-de-proyecto-para-reactivar-presa-el-zapotillo","status":"publish","type":"post","link":"https:\/\/redamlo.com\/index.php\/2021\/08\/14\/lopez-obrador-firmara-compromiso-para-proteger-jalisco-ante-inundaciones-anuncia-presentacion-de-proyecto-para-reactivar-presa-el-zapotillo\/","title":{"rendered":"L\u00f3pez Obrador firmar\u00e1 compromiso para proteger Jalisco ante inundaciones; anuncia presentaci\u00f3n de proyecto para reactivar presa El Zapotillo"},"content":{"rendered":"<p style=\"text-align: justify;\"><span style=\"font-family: Arial, Helvetica, sans-serif; color: #000000;\">CA\u00d1ADAS DE OBREG\u00d3N, JAL., 14 de agosto de 2021.- El presidente de M\u00e9xico, Andr\u00e9s Manuel L\u00f3pez Obrador anunci\u00f3 que firmar\u00e1 un compromiso para que el gobierno federal sea responsable de proteger a los habitantes de las localidades de Temacapul\u00edn, Acasico y Palmarejo de inundaciones si se presentara alg\u00fan siniestro al reactivar la presa El Zapotillo en Jalisco.<\/span><\/p>\n<p><span style=\"font-family: Arial, Helvetica, sans-serif; color: #000000;\">\u201cAsumir nosotros la responsabilidad de cualquier siniestro o situaci\u00f3n extraordinaria, algo no previsto, cualquier cosa que pudiese suceder, como una especie de seguro en donde el gobierno federal se compromete a hacerse cargo de da\u00f1os posibles. (\u2026) Yo firmar\u00eda ese compromiso y lo elevar\u00edamos a rango de ley mediante un decreto para que est\u00e9n completamente seguros de que no se van a inundar\u201d, expres\u00f3.<\/span><\/p>\n<p><span style=\"font-family: Arial, Helvetica, sans-serif; color: #000000;\">El proyecto para reactivar la construcci\u00f3n de la presa El Zapotillo servir\u00e1 para resolver el problema de abastecimiento de agua en la zona de Los Altos de Jalisco y la zona metropolitana de Guadalajara. Consistir\u00e1 en construir una cortina de 80 metros, en lugar de los 105 previstos, para evitar inundaciones, explic\u00f3.<\/span><\/p>\n<p><span style=\"font-family: Arial, Helvetica, sans-serif; color: #000000;\">El mandatario record\u00f3 que se han invertido 6 mil millones de pesos en este proyecto que no se ha concluido debido a la oposici\u00f3n que existe en estas tres comunidades. Anunci\u00f3 que el director general de la Comisi\u00f3n Nacional del Agua, Germ\u00e1n Mart\u00ednez Santoyo, presentar\u00e1 a la poblaci\u00f3n los detalles.<\/span><\/p>\n<p><span style=\"font-family: Arial, Helvetica, sans-serif; color: #000000;\">\u201cMe compromet\u00ed hace unas dos horas en Temacapul\u00edn a que este proyecto lo presentar\u00e1 el ingeniero Germ\u00e1n Mart\u00ednez Santoyo ah\u00ed en la plaza para hacerlo muy did\u00e1ctico, contestar todas las dudas, todas las preguntas; que el ingeniero lo presente a toda la poblaci\u00f3n\u201d, resalt\u00f3.<\/span><\/p>\n<p><span style=\"font-family: Arial, Helvetica, sans-serif; color: #000000;\">Afirm\u00f3 que se buscar\u00e1 el bien com\u00fan de las y los habitantes de la regi\u00f3n y se privilegiar\u00e1 el uso dom\u00e9stico de agua; las familias ser\u00e1n las m\u00e1s beneficiadas con este proyecto. Por \u00faltimo, el jefe del Ejecutivo inform\u00f3 que regresar\u00e1 en un mes para escuchar la decisi\u00f3n final de sus habitantes.<\/span><\/p>\n<p><span style=\"font-family: Arial, Helvetica, sans-serif; color: #000000;\">Acompa\u00f1aron al presidente, el gobernador de Jalisco, Enrique Alfaro; la secretaria de Gobernaci\u00f3n, Olga S\u00e1nchez Cordero; el director de Conagua, Germ\u00e1n Mart\u00ednez Santoyo; el subsecretario de Desarrollo Democr\u00e1tico, Participaci\u00f3n Social y Asuntos Religiosos, Rabindranath Salazar Solorio; el coordinador de asesores de la Presidencia, L\u00e1zaro C\u00e1rdenas Batel y los presidentes municipales de Ca\u00f1adas de Obreg\u00f3n, Reynaldo Gonz\u00e1lez G\u00f3mez y de Yahualica de Gonz\u00e1lez, Alejandro Mac\u00edas Velasco.<\/span><\/p>\n<p><iframe loading=\"lazy\" title=\"Visita a la regi\u00f3n de la Presa El Zapotillo, desde Ca\u00f1adas de Obreg\u00f3n, Jalisco\" width=\"640\" height=\"360\" src=\"https:\/\/www.youtube.com\/embed\/3WQAiuQyjDc?feature=oembed\" frameborder=\"0\" allow=\"accelerometer; autoplay; clipboard-write; encrypted-media; gyroscope; picture-in-picture; web-share\" referrerpolicy=\"strict-origin-when-cross-origin\" allowfullscreen><\/iframe><\/p>\n","protected":false},"excerpt":{"rendered":"<p>CA\u00d1ADAS DE OBREG\u00d3N, JAL., 14 de agosto de 2021.- El presidente de M\u00e9xico, Andr\u00e9s Manuel&#8230;<\/p>\n","protected":false},"author":2,"featured_media":5351,"comment_status":"open","ping_status":"closed","sticky":false,"template":"","format":"standard","meta":{"footnotes":""},"categories":[25,20,27],"tags":[1305,84,131,556,643,1306,9,1307],"class_list":["post-5348","post","type-post","status-publish","format-standard","has-post-thumbnail","hentry","category-4t","category-nacionales","category-presidencia","tag-abastecimiento-de-agua","tag-amlo","tag-andres-manuel-lopez-obrador","tag-gobierno-de-mexico","tag-inundaciones","tag-los-altos-de-jalisco","tag-mexico","tag-presa-el-zapotillo"],"yoast_head":"<!-- This site is optimized with the Yoast SEO plugin v27.5 - https:\/\/yoast.com\/product\/yoast-seo-wordpress\/ -->\n<title>L\u00f3pez Obrador firmar\u00e1 compromiso para proteger Jalisco ante inundaciones; anuncia presentaci\u00f3n de proyecto para reactivar presa El Zapotillo - NOTICIAS DE LA 4T<\/title>\n<meta name=\"robots\" content=\"noindex, follow, max-snippet:-1, max-image-preview:large, max-video-preview:-1\" \/>\n<meta property=\"og:locale\" content=\"es_MX\" \/>\n<meta property=\"og:type\" content=\"article\" \/>\n<meta property=\"og:title\" content=\"L\u00f3pez Obrador firmar\u00e1 compromiso para proteger Jalisco ante inundaciones; anuncia presentaci\u00f3n de proyecto para reactivar presa El Zapotillo - NOTICIAS DE LA 4T\" \/>\n<meta property=\"og:description\" content=\"CA\u00d1ADAS DE OBREG\u00d3N, JAL., 14 de agosto de 2021.- El presidente de M\u00e9xico, Andr\u00e9s Manuel...\" \/>\n<meta property=\"og:url\" content=\"https:\/\/redamlo.com\/index.php\/2021\/08\/14\/lopez-obrador-firmara-compromiso-para-proteger-jalisco-ante-inundaciones-anuncia-presentacion-de-proyecto-para-reactivar-presa-el-zapotillo\/\" \/>\n<meta property=\"og:site_name\" content=\"NOTICIAS DE LA 4T\" \/>\n<meta property=\"article:published_time\" content=\"2021-08-14T15:00:41+00:00\" \/>\n<meta property=\"og:image\" content=\"https:\/\/redamlo.com\/wp-content\/uploads\/2021\/09\/Lopez-Obrador-firmara-compromiso-para-proteger-Jalisco-ante-inundaciones-anuncia-presentacion-de-proyecto-para-reactivar-presa-El-Zapotillo.jpg\" \/>\n\t<meta property=\"og:image:width\" content=\"1023\" \/>\n\t<meta property=\"og:image:height\" content=\"572\" \/>\n\t<meta property=\"og:image:type\" content=\"image\/jpeg\" \/>\n<meta name=\"author\" content=\"Blanca\" \/>\n<meta name=\"twitter:card\" content=\"summary_large_image\" \/>\n<meta name=\"twitter:label1\" content=\"Escrito por\" \/>\n\t<meta name=\"twitter:data1\" content=\"Blanca\" \/>\n\t<meta name=\"twitter:label2\" content=\"Tiempo de lectura\" \/>\n\t<meta name=\"twitter:data2\" content=\"2 minutos\" \/>\n<script type=\"application\/ld+json\" class=\"yoast-schema-graph\">{\"@context\":\"https:\\\/\\\/schema.org\",\"@graph\":[{\"@type\":\"Article\",\"@id\":\"https:\\\/\\\/redamlo.com\\\/index.php\\\/2021\\\/08\\\/14\\\/lopez-obrador-firmara-compromiso-para-proteger-jalisco-ante-inundaciones-anuncia-presentacion-de-proyecto-para-reactivar-presa-el-zapotillo\\\/#article\",\"isPartOf\":{\"@id\":\"https:\\\/\\\/redamlo.com\\\/index.php\\\/2021\\\/08\\\/14\\\/lopez-obrador-firmara-compromiso-para-proteger-jalisco-ante-inundaciones-anuncia-presentacion-de-proyecto-para-reactivar-presa-el-zapotillo\\\/\"},\"author\":{\"name\":\"Blanca\",\"@id\":\"https:\\\/\\\/redamlo.com\\\/#\\\/schema\\\/person\\\/7223a4375eb8f1a782fcae010a7115cf\"},\"headline\":\"L\u00f3pez Obrador firmar\u00e1 compromiso para proteger Jalisco ante inundaciones; anuncia presentaci\u00f3n de proyecto para reactivar presa El Zapotillo\",\"datePublished\":\"2021-08-14T15:00:41+00:00\",\"mainEntityOfPage\":{\"@id\":\"https:\\\/\\\/redamlo.com\\\/index.php\\\/2021\\\/08\\\/14\\\/lopez-obrador-firmara-compromiso-para-proteger-jalisco-ante-inundaciones-anuncia-presentacion-de-proyecto-para-reactivar-presa-el-zapotillo\\\/\"},\"wordCount\":454,\"commentCount\":0,\"publisher\":{\"@id\":\"https:\\\/\\\/redamlo.com\\\/#organization\"},\"image\":{\"@id\":\"https:\\\/\\\/redamlo.com\\\/index.php\\\/2021\\\/08\\\/14\\\/lopez-obrador-firmara-compromiso-para-proteger-jalisco-ante-inundaciones-anuncia-presentacion-de-proyecto-para-reactivar-presa-el-zapotillo\\\/#primaryimage\"},\"thumbnailUrl\":\"https:\\\/\\\/redamlo.com\\\/wp-content\\\/uploads\\\/2021\\\/09\\\/Lopez-Obrador-firmara-compromiso-para-proteger-Jalisco-ante-inundaciones-anuncia-presentacion-de-proyecto-para-reactivar-presa-El-Zapotillo.jpg\",\"keywords\":[\"abastecimiento de agua\",\"AMLO\",\"Andr\u00e9s Manuel L\u00f3pez Obrador\",\"Gobierno de M\u00e9xico\",\"inundaciones\",\"Los Altos de Jalisco\",\"M\u00e9xico\",\"presa El Zapotillo\"],\"articleSection\":[\"4T\",\"Nacionales\",\"Presidencia\"],\"inLanguage\":\"es\",\"potentialAction\":[{\"@type\":\"CommentAction\",\"name\":\"Comment\",\"target\":[\"https:\\\/\\\/redamlo.com\\\/index.php\\\/2021\\\/08\\\/14\\\/lopez-obrador-firmara-compromiso-para-proteger-jalisco-ante-inundaciones-anuncia-presentacion-de-proyecto-para-reactivar-presa-el-zapotillo\\\/#respond\"]}]},{\"@type\":\"WebPage\",\"@id\":\"https:\\\/\\\/redamlo.com\\\/index.php\\\/2021\\\/08\\\/14\\\/lopez-obrador-firmara-compromiso-para-proteger-jalisco-ante-inundaciones-anuncia-presentacion-de-proyecto-para-reactivar-presa-el-zapotillo\\\/\",\"url\":\"https:\\\/\\\/redamlo.com\\\/index.php\\\/2021\\\/08\\\/14\\\/lopez-obrador-firmara-compromiso-para-proteger-jalisco-ante-inundaciones-anuncia-presentacion-de-proyecto-para-reactivar-presa-el-zapotillo\\\/\",\"name\":\"L\u00f3pez Obrador firmar\u00e1 compromiso para proteger Jalisco ante inundaciones; anuncia presentaci\u00f3n de proyecto para reactivar presa El Zapotillo - NOTICIAS DE LA 4T\",\"isPartOf\":{\"@id\":\"https:\\\/\\\/redamlo.com\\\/#website\"},\"primaryImageOfPage\":{\"@id\":\"https:\\\/\\\/redamlo.com\\\/index.php\\\/2021\\\/08\\\/14\\\/lopez-obrador-firmara-compromiso-para-proteger-jalisco-ante-inundaciones-anuncia-presentacion-de-proyecto-para-reactivar-presa-el-zapotillo\\\/#primaryimage\"},\"image\":{\"@id\":\"https:\\\/\\\/redamlo.com\\\/index.php\\\/2021\\\/08\\\/14\\\/lopez-obrador-firmara-compromiso-para-proteger-jalisco-ante-inundaciones-anuncia-presentacion-de-proyecto-para-reactivar-presa-el-zapotillo\\\/#primaryimage\"},\"thumbnailUrl\":\"https:\\\/\\\/redamlo.com\\\/wp-content\\\/uploads\\\/2021\\\/09\\\/Lopez-Obrador-firmara-compromiso-para-proteger-Jalisco-ante-inundaciones-anuncia-presentacion-de-proyecto-para-reactivar-presa-El-Zapotillo.jpg\",\"datePublished\":\"2021-08-14T15:00:41+00:00\",\"breadcrumb\":{\"@id\":\"https:\\\/\\\/redamlo.com\\\/index.php\\\/2021\\\/08\\\/14\\\/lopez-obrador-firmara-compromiso-para-proteger-jalisco-ante-inundaciones-anuncia-presentacion-de-proyecto-para-reactivar-presa-el-zapotillo\\\/#breadcrumb\"},\"inLanguage\":\"es\",\"potentialAction\":[{\"@type\":\"ReadAction\",\"target\":[\"https:\\\/\\\/redamlo.com\\\/index.php\\\/2021\\\/08\\\/14\\\/lopez-obrador-firmara-compromiso-para-proteger-jalisco-ante-inundaciones-anuncia-presentacion-de-proyecto-para-reactivar-presa-el-zapotillo\\\/\"]}]},{\"@type\":\"ImageObject\",\"inLanguage\":\"es\",\"@id\":\"https:\\\/\\\/redamlo.com\\\/index.php\\\/2021\\\/08\\\/14\\\/lopez-obrador-firmara-compromiso-para-proteger-jalisco-ante-inundaciones-anuncia-presentacion-de-proyecto-para-reactivar-presa-el-zapotillo\\\/#primaryimage\",\"url\":\"https:\\\/\\\/redamlo.com\\\/wp-content\\\/uploads\\\/2021\\\/09\\\/Lopez-Obrador-firmara-compromiso-para-proteger-Jalisco-ante-inundaciones-anuncia-presentacion-de-proyecto-para-reactivar-presa-El-Zapotillo.jpg\",\"contentUrl\":\"https:\\\/\\\/redamlo.com\\\/wp-content\\\/uploads\\\/2021\\\/09\\\/Lopez-Obrador-firmara-compromiso-para-proteger-Jalisco-ante-inundaciones-anuncia-presentacion-de-proyecto-para-reactivar-presa-El-Zapotillo.jpg\",\"width\":1023,\"height\":572},{\"@type\":\"BreadcrumbList\",\"@id\":\"https:\\\/\\\/redamlo.com\\\/index.php\\\/2021\\\/08\\\/14\\\/lopez-obrador-firmara-compromiso-para-proteger-jalisco-ante-inundaciones-anuncia-presentacion-de-proyecto-para-reactivar-presa-el-zapotillo\\\/#breadcrumb\",\"itemListElement\":[{\"@type\":\"ListItem\",\"position\":1,\"name\":\"Inicio\",\"item\":\"https:\\\/\\\/redamlo.com\\\/\"},{\"@type\":\"ListItem\",\"position\":2,\"name\":\"L\u00f3pez Obrador firmar\u00e1 compromiso para proteger Jalisco ante inundaciones; anuncia presentaci\u00f3n de proyecto para reactivar presa El Zapotillo\"}]},{\"@type\":\"WebSite\",\"@id\":\"https:\\\/\\\/redamlo.com\\\/#website\",\"url\":\"https:\\\/\\\/redamlo.com\\\/\",\"name\":\"NOTICIAS DE LA 4T\",\"description\":\"\",\"publisher\":{\"@id\":\"https:\\\/\\\/redamlo.com\\\/#organization\"},\"potentialAction\":[{\"@type\":\"SearchAction\",\"target\":{\"@type\":\"EntryPoint\",\"urlTemplate\":\"https:\\\/\\\/redamlo.com\\\/?s={search_term_string}\"},\"query-input\":{\"@type\":\"PropertyValueSpecification\",\"valueRequired\":true,\"valueName\":\"search_term_string\"}}],\"inLanguage\":\"es\"},{\"@type\":\"Organization\",\"@id\":\"https:\\\/\\\/redamlo.com\\\/#organization\",\"name\":\"NOTICIAS DE LA 4T\",\"url\":\"https:\\\/\\\/redamlo.com\\\/\",\"logo\":{\"@type\":\"ImageObject\",\"inLanguage\":\"es\",\"@id\":\"https:\\\/\\\/redamlo.com\\\/#\\\/schema\\\/logo\\\/image\\\/\",\"url\":\"https:\\\/\\\/redamlo.com\\\/wp-content\\\/uploads\\\/2024\\\/08\\\/cropped-RED-AMLO-logo-50.png\",\"contentUrl\":\"https:\\\/\\\/redamlo.com\\\/wp-content\\\/uploads\\\/2024\\\/08\\\/cropped-RED-AMLO-logo-50.png\",\"width\":256,\"height\":256,\"caption\":\"NOTICIAS DE LA 4T\"},\"image\":{\"@id\":\"https:\\\/\\\/redamlo.com\\\/#\\\/schema\\\/logo\\\/image\\\/\"}},{\"@type\":\"Person\",\"@id\":\"https:\\\/\\\/redamlo.com\\\/#\\\/schema\\\/person\\\/7223a4375eb8f1a782fcae010a7115cf\",\"name\":\"Blanca\",\"image\":{\"@type\":\"ImageObject\",\"inLanguage\":\"es\",\"@id\":\"https:\\\/\\\/secure.gravatar.com\\\/avatar\\\/3f79bc8336367a4e6093eae8757acaaf61d1124834b905616de7829b0273426d?s=96&d=mm&r=g\",\"url\":\"https:\\\/\\\/secure.gravatar.com\\\/avatar\\\/3f79bc8336367a4e6093eae8757acaaf61d1124834b905616de7829b0273426d?s=96&d=mm&r=g\",\"contentUrl\":\"https:\\\/\\\/secure.gravatar.com\\\/avatar\\\/3f79bc8336367a4e6093eae8757acaaf61d1124834b905616de7829b0273426d?s=96&d=mm&r=g\",\"caption\":\"Blanca\"},\"url\":\"https:\\\/\\\/redamlo.com\\\/index.php\\\/author\\\/blanca\\\/\"}]}<\/script>\n<!-- \/ Yoast SEO plugin. -->","yoast_head_json":{"title":"L\u00f3pez Obrador firmar\u00e1 compromiso para proteger Jalisco ante inundaciones; anuncia presentaci\u00f3n de proyecto para reactivar presa El Zapotillo - NOTICIAS DE LA 4T","robots":{"index":"noindex","follow":"follow","max-snippet":"max-snippet:-1","max-image-preview":"max-image-preview:large","max-video-preview":"max-video-preview:-1"},"og_locale":"es_MX","og_type":"article","og_title":"L\u00f3pez Obrador firmar\u00e1 compromiso para proteger Jalisco ante inundaciones; anuncia presentaci\u00f3n de proyecto para reactivar presa El Zapotillo - NOTICIAS DE LA 4T","og_description":"CA\u00d1ADAS DE OBREG\u00d3N, JAL., 14 de agosto de 2021.- El presidente de M\u00e9xico, Andr\u00e9s Manuel...","og_url":"https:\/\/redamlo.com\/index.php\/2021\/08\/14\/lopez-obrador-firmara-compromiso-para-proteger-jalisco-ante-inundaciones-anuncia-presentacion-de-proyecto-para-reactivar-presa-el-zapotillo\/","og_site_name":"NOTICIAS DE LA 4T","article_published_time":"2021-08-14T15:00:41+00:00","og_image":[{"width":1023,"height":572,"url":"https:\/\/redamlo.com\/wp-content\/uploads\/2021\/09\/Lopez-Obrador-firmara-compromiso-para-proteger-Jalisco-ante-inundaciones-anuncia-presentacion-de-proyecto-para-reactivar-presa-El-Zapotillo.jpg","type":"image\/jpeg"}],"author":"Blanca","twitter_card":"summary_large_image","twitter_misc":{"Escrito por":"Blanca","Tiempo de lectura":"2 minutos"},"schema":{"@context":"https:\/\/schema.org","@graph":[{"@type":"Article","@id":"https:\/\/redamlo.com\/index.php\/2021\/08\/14\/lopez-obrador-firmara-compromiso-para-proteger-jalisco-ante-inundaciones-anuncia-presentacion-de-proyecto-para-reactivar-presa-el-zapotillo\/#article","isPartOf":{"@id":"https:\/\/redamlo.com\/index.php\/2021\/08\/14\/lopez-obrador-firmara-compromiso-para-proteger-jalisco-ante-inundaciones-anuncia-presentacion-de-proyecto-para-reactivar-presa-el-zapotillo\/"},"author":{"name":"Blanca","@id":"https:\/\/redamlo.com\/#\/schema\/person\/7223a4375eb8f1a782fcae010a7115cf"},"headline":"L\u00f3pez Obrador firmar\u00e1 compromiso para proteger Jalisco ante inundaciones; anuncia presentaci\u00f3n de proyecto para reactivar presa El Zapotillo","datePublished":"2021-08-14T15:00:41+00:00","mainEntityOfPage":{"@id":"https:\/\/redamlo.com\/index.php\/2021\/08\/14\/lopez-obrador-firmara-compromiso-para-proteger-jalisco-ante-inundaciones-anuncia-presentacion-de-proyecto-para-reactivar-presa-el-zapotillo\/"},"wordCount":454,"commentCount":0,"publisher":{"@id":"https:\/\/redamlo.com\/#organization"},"image":{"@id":"https:\/\/redamlo.com\/index.php\/2021\/08\/14\/lopez-obrador-firmara-compromiso-para-proteger-jalisco-ante-inundaciones-anuncia-presentacion-de-proyecto-para-reactivar-presa-el-zapotillo\/#primaryimage"},"thumbnailUrl":"https:\/\/redamlo.com\/wp-content\/uploads\/2021\/09\/Lopez-Obrador-firmara-compromiso-para-proteger-Jalisco-ante-inundaciones-anuncia-presentacion-de-proyecto-para-reactivar-presa-El-Zapotillo.jpg","keywords":["abastecimiento de agua","AMLO","Andr\u00e9s Manuel L\u00f3pez Obrador","Gobierno de M\u00e9xico","inundaciones","Los Altos de Jalisco","M\u00e9xico","presa El Zapotillo"],"articleSection":["4T","Nacionales","Presidencia"],"inLanguage":"es","potentialAction":[{"@type":"CommentAction","name":"Comment","target":["https:\/\/redamlo.com\/index.php\/2021\/08\/14\/lopez-obrador-firmara-compromiso-para-proteger-jalisco-ante-inundaciones-anuncia-presentacion-de-proyecto-para-reactivar-presa-el-zapotillo\/#respond"]}]},{"@type":"WebPage","@id":"https:\/\/redamlo.com\/index.php\/2021\/08\/14\/lopez-obrador-firmara-compromiso-para-proteger-jalisco-ante-inundaciones-anuncia-presentacion-de-proyecto-para-reactivar-presa-el-zapotillo\/","url":"https:\/\/redamlo.com\/index.php\/2021\/08\/14\/lopez-obrador-firmara-compromiso-para-proteger-jalisco-ante-inundaciones-anuncia-presentacion-de-proyecto-para-reactivar-presa-el-zapotillo\/","name":"L\u00f3pez Obrador firmar\u00e1 compromiso para proteger Jalisco ante inundaciones; anuncia presentaci\u00f3n de proyecto para reactivar presa El Zapotillo - NOTICIAS DE LA 4T","isPartOf":{"@id":"https:\/\/redamlo.com\/#website"},"primaryImageOfPage":{"@id":"https:\/\/redamlo.com\/index.php\/2021\/08\/14\/lopez-obrador-firmara-compromiso-para-proteger-jalisco-ante-inundaciones-anuncia-presentacion-de-proyecto-para-reactivar-presa-el-zapotillo\/#primaryimage"},"image":{"@id":"https:\/\/redamlo.com\/index.php\/2021\/08\/14\/lopez-obrador-firmara-compromiso-para-proteger-jalisco-ante-inundaciones-anuncia-presentacion-de-proyecto-para-reactivar-presa-el-zapotillo\/#primaryimage"},"thumbnailUrl":"https:\/\/redamlo.com\/wp-content\/uploads\/2021\/09\/Lopez-Obrador-firmara-compromiso-para-proteger-Jalisco-ante-inundaciones-anuncia-presentacion-de-proyecto-para-reactivar-presa-El-Zapotillo.jpg","datePublished":"2021-08-14T15:00:41+00:00","breadcrumb":{"@id":"https:\/\/redamlo.com\/index.php\/2021\/08\/14\/lopez-obrador-firmara-compromiso-para-proteger-jalisco-ante-inundaciones-anuncia-presentacion-de-proyecto-para-reactivar-presa-el-zapotillo\/#breadcrumb"},"inLanguage":"es","potentialAction":[{"@type":"ReadAction","target":["https:\/\/redamlo.com\/index.php\/2021\/08\/14\/lopez-obrador-firmara-compromiso-para-proteger-jalisco-ante-inundaciones-anuncia-presentacion-de-proyecto-para-reactivar-presa-el-zapotillo\/"]}]},{"@type":"ImageObject","inLanguage":"es","@id":"https:\/\/redamlo.com\/index.php\/2021\/08\/14\/lopez-obrador-firmara-compromiso-para-proteger-jalisco-ante-inundaciones-anuncia-presentacion-de-proyecto-para-reactivar-presa-el-zapotillo\/#primaryimage","url":"https:\/\/redamlo.com\/wp-content\/uploads\/2021\/09\/Lopez-Obrador-firmara-compromiso-para-proteger-Jalisco-ante-inundaciones-anuncia-presentacion-de-proyecto-para-reactivar-presa-El-Zapotillo.jpg","contentUrl":"https:\/\/redamlo.com\/wp-content\/uploads\/2021\/09\/Lopez-Obrador-firmara-compromiso-para-proteger-Jalisco-ante-inundaciones-anuncia-presentacion-de-proyecto-para-reactivar-presa-El-Zapotillo.jpg","width":1023,"height":572},{"@type":"BreadcrumbList","@id":"https:\/\/redamlo.com\/index.php\/2021\/08\/14\/lopez-obrador-firmara-compromiso-para-proteger-jalisco-ante-inundaciones-anuncia-presentacion-de-proyecto-para-reactivar-presa-el-zapotillo\/#breadcrumb","itemListElement":[{"@type":"ListItem","position":1,"name":"Inicio","item":"https:\/\/redamlo.com\/"},{"@type":"ListItem","position":2,"name":"L\u00f3pez Obrador firmar\u00e1 compromiso para proteger Jalisco ante inundaciones; anuncia presentaci\u00f3n de proyecto para reactivar presa El Zapotillo"}]},{"@type":"WebSite","@id":"https:\/\/redamlo.com\/#website","url":"https:\/\/redamlo.com\/","name":"NOTICIAS DE LA 4T","description":"","publisher":{"@id":"https:\/\/redamlo.com\/#organization"},"potentialAction":[{"@type":"SearchAction","target":{"@type":"EntryPoint","urlTemplate":"https:\/\/redamlo.com\/?s={search_term_string}"},"query-input":{"@type":"PropertyValueSpecification","valueRequired":true,"valueName":"search_term_string"}}],"inLanguage":"es"},{"@type":"Organization","@id":"https:\/\/redamlo.com\/#organization","name":"NOTICIAS DE LA 4T","url":"https:\/\/redamlo.com\/","logo":{"@type":"ImageObject","inLanguage":"es","@id":"https:\/\/redamlo.com\/#\/schema\/logo\/image\/","url":"https:\/\/redamlo.com\/wp-content\/uploads\/2024\/08\/cropped-RED-AMLO-logo-50.png","contentUrl":"https:\/\/redamlo.com\/wp-content\/uploads\/2024\/08\/cropped-RED-AMLO-logo-50.png","width":256,"height":256,"caption":"NOTICIAS DE LA 4T"},"image":{"@id":"https:\/\/redamlo.com\/#\/schema\/logo\/image\/"}},{"@type":"Person","@id":"https:\/\/redamlo.com\/#\/schema\/person\/7223a4375eb8f1a782fcae010a7115cf","name":"Blanca","image":{"@type":"ImageObject","inLanguage":"es","@id":"https:\/\/secure.gravatar.com\/avatar\/3f79bc8336367a4e6093eae8757acaaf61d1124834b905616de7829b0273426d?s=96&d=mm&r=g","url":"https:\/\/secure.gravatar.com\/avatar\/3f79bc8336367a4e6093eae8757acaaf61d1124834b905616de7829b0273426d?s=96&d=mm&r=g","contentUrl":"https:\/\/secure.gravatar.com\/avatar\/3f79bc8336367a4e6093eae8757acaaf61d1124834b905616de7829b0273426d?s=96&d=mm&r=g","caption":"Blanca"},"url":"https:\/\/redamlo.com\/index.php\/author\/blanca\/"}]}},"_links":{"self":[{"href":"https:\/\/redamlo.com\/index.php\/wp-json\/wp\/v2\/posts\/5348","targetHints":{"allow":["GET"]}}],"collection":[{"href":"https:\/\/redamlo.com\/index.php\/wp-json\/wp\/v2\/posts"}],"about":[{"href":"https:\/\/redamlo.com\/index.php\/wp-json\/wp\/v2\/types\/post"}],"author":[{"embeddable":true,"href":"https:\/\/redamlo.com\/index.php\/wp-json\/wp\/v2\/users\/2"}],"replies":[{"embeddable":true,"href":"https:\/\/redamlo.com\/index.php\/wp-json\/wp\/v2\/comments?post=5348"}],"version-history":[{"count":0,"href":"https:\/\/redamlo.com\/index.php\/wp-json\/wp\/v2\/posts\/5348\/revisions"}],"wp:featuredmedia":[{"embeddable":true,"href":"https:\/\/redamlo.com\/index.php\/wp-json\/wp\/v2\/media\/5351"}],"wp:attachment":[{"href":"https:\/\/redamlo.com\/index.php\/wp-json\/wp\/v2\/media?parent=5348"}],"wp:term":[{"taxonomy":"category","embeddable":true,"href":"https:\/\/redamlo.com\/index.php\/wp-json\/wp\/v2\/categories?post=5348"},{"taxonomy":"post_tag","embeddable":true,"href":"https:\/\/redamlo.com\/index.php\/wp-json\/wp\/v2\/tags?post=5348"}],"curies":[{"name":"wp","href":"https:\/\/api.w.org\/{rel}","templated":true}]}}