{"id":5344,"date":"2021-08-13T20:00:20","date_gmt":"2021-08-13T20:00:20","guid":{"rendered":"https:\/\/redamlo.com\/?p=5344"},"modified":"2021-08-13T20:00:20","modified_gmt":"2021-08-13T20:00:20","slug":"lopez-obrador-toma-protesta-al-primer-comandante-del-ejercito-mexicano-anuncia-iniciativa-para-que-comandancia-de-gn-pase-a-sedena","status":"publish","type":"post","link":"https:\/\/redamlo.com\/index.php\/2021\/08\/13\/lopez-obrador-toma-protesta-al-primer-comandante-del-ejercito-mexicano-anuncia-iniciativa-para-que-comandancia-de-gn-pase-a-sedena\/","title":{"rendered":"L\u00f3pez Obrador toma protesta al primer comandante del Ej\u00e9rcito Mexicano; anuncia iniciativa para que comandancia de GN pase a Sedena"},"content":{"rendered":"<p style=\"text-align: justify;\"><span style=\"color: #000000; font-family: Arial, Helvetica, sans-serif;\">M\u00c9XICO, 13 de agosto de 2021.- El presidente de M\u00e9xico, Andr\u00e9s Manuel L\u00f3pez Obrador formaliz\u00f3 la creaci\u00f3n de la primera comandancia del Ej\u00e9rcito Mexicano; al frente de esta nombr\u00f3 a Eufemio Alberto Ibarra Flores.<\/span><\/p>\n<p><span style=\"color: #000000; font-family: Arial, Helvetica, sans-serif;\">\u201cEstamos atestiguando un acto importante, el de la creaci\u00f3n de la comandancia del Ej\u00e9rcito Mexicano. Ahora con la reforma administrativa se tiene al secretario de la Defensa como responsable de todas las Fuerzas Armadas de M\u00e9xico, se cuenta tambi\u00e9n con el Estado Mayor, que va a ser posteriormente Estado Mayor Conjunto. Se mantiene la comandancia de la Fuerza A\u00e9rea\u201d, detall\u00f3.<\/span><\/p>\n<p><span style=\"color: #000000; font-family: Arial, Helvetica, sans-serif;\">Anunci\u00f3 que, en el contexto de la transformaci\u00f3n del pa\u00eds, enviar\u00e1 una iniciativa de reforma constitucional para que la comandancia de la Guardia Nacional forme parte de la Secretar\u00eda de la Defensa Nacional.<\/span><\/p>\n<p><span style=\"color: #000000; font-family: Arial, Helvetica, sans-serif;\">Durante la ceremonia de revista de entrada del Ej\u00e9rcito en Campo Marte, el mandatario devel\u00f3 una placa conmemorativa con motivo del evento y reconoci\u00f3 la labor de las Fuerzas Armadas.<\/span><\/p>\n<p><span style=\"color: #000000; font-family: Arial, Helvetica, sans-serif;\">\u201cEs muy importante en estos momentos de transformaci\u00f3n el apoyo que estamos recibiendo de todos los integrantes de las fuerzas armadas, expreso mi reconocimiento sincero y fraterno\u201d, resalt\u00f3.<\/span><\/p>\n<p><span style=\"color: #000000; font-family: Arial, Helvetica, sans-serif;\">Sostuvo que sin la lealtad y compromiso de las secretar\u00edas de la Defensa Nacional y de Marina no ser\u00eda posible conseguir los resultados que actualmente se tienen en materia de seguridad, desarrollo y bienestar para la poblaci\u00f3n.<\/span><\/p>\n<p><span style=\"color: #000000; font-family: Arial, Helvetica, sans-serif;\">Record\u00f3 que estas instituciones ayudan a la construcci\u00f3n de proyectos prioritarios de infraestructura, como el Tren Maya, el Aeropuerto Internacional \u2018General Felipe \u00c1ngeles\u2019 o el Aeropuerto de Tulum.<\/span><\/p>\n<p><span style=\"color: #000000; font-family: Arial, Helvetica, sans-serif;\">\u201cNo olvidemos que sin los ingenieros militares y marinos no estar\u00edan en proceso o funcionando con \u00e9xito obras, servicios o acciones como el desazolve de r\u00edos, la limpieza de playas, la construcci\u00f3n de canales de riego, la construcci\u00f3n de sucursales del Banco del Bienestar, los cuarteles de la Guardia Nacional, los viveros para producir millones de plantas, (\u2026) el manejo log\u00edstico y la distribuci\u00f3n de las vacunas contra COVID. Sin ayuda de las Fuerzas Armadas no habr\u00edamos podido\u201d, subray\u00f3.<\/span><\/p>\n<p><span style=\"color: #000000; font-family: Arial, Helvetica, sans-serif;\">\u201cGracias, almirante Jos\u00e9 Rafael Ojeda Dur\u00e1n; gracias, general Luis Cresencio Sandoval Gonz\u00e1lez. Gracias a los soldados, a los oficiales, a los integrantes de las Fuerzas Armadas de M\u00e9xico. Gracias a sus familias que son un apoyo constante de solidaridad, apoyo y cari\u00f1o. Gracias a todos, mujeres y hombres de las Fuerzas Armadas, por la lealtad a nuestro querido M\u00e9xico\u201d, agreg\u00f3.<\/span><\/p>\n<p><span style=\"color: #000000; font-family: Arial, Helvetica, sans-serif;\">Durante la ceremonia, el presidente hizo entrega de menciones honor\u00edficas, condecoraciones y distinciones por servicios a la patria, hero\u00edsmo, capacidad profesional a miembros del Ej\u00e9rcito y Fuerza A\u00e9rea mexicanos.<\/span><\/p>\n<p><span style=\"color: #000000; font-family: Arial, Helvetica, sans-serif;\">Acompa\u00f1aron al presidente, los secretarios de la Defensa Nacional, Luis Cresencio Sandoval Gonz\u00e1lez y de Marina, Jos\u00e9 Rafael Ojeda Dur\u00e1n; el comandante de la Guardia Nacional, Luis Rodr\u00edguez Bucio; la presidenta de la Mesa Directiva de la C\u00e1mara de Diputados, Dulce Mar\u00eda Sauri Riancho; el presidente de la Mesa Directiva de la C\u00e1mara de Senadores, Eduardo Ram\u00edrez Aguilar; el ministro Juan Luis Gonz\u00e1lez Alc\u00e1ntara Carranc\u00e1 en representaci\u00f3n del presidente de la Suprema Corte de Justicia de la Naci\u00f3n, Arturo Zald\u00edvar Lelo de Larrea y la jefa de Gobierno de la Ciudad de M\u00e9xico, Claudia Sheinbaum Pardo.<\/span><\/p>\n<p><span style=\"color: #000000; font-family: Arial, Helvetica, sans-serif;\">Por parte del Gabinete Legal y Ampliado asistieron las secretarias de Gobernaci\u00f3n, Olga S\u00e1nchez Cordero; de Seguridad y Protecci\u00f3n Ciudadana, Rosa Icela Rodr\u00edguez Vel\u00e1zquez; de Medio Ambiente y Recursos Naturales, Mar\u00eda Luisa Albores Gonz\u00e1lez; de Cultura, Alejandra Frausto Guerrero y los secretarios de Turismo, Miguel \u00c1ngel Torruco Marqu\u00e9s; de Hacienda y Cr\u00e9dito P\u00fablico, Rogelio Ram\u00edrez de la O; de Bienestar, Javier May Rodr\u00edguez; de la Funci\u00f3n P\u00fablica, Roberto Salcedo Aquino; de Agricultura y Desarrollo Rural, V\u00edctor Manuel Villalobos Ar\u00e1mbula y el director de la Comisi\u00f3n Nacional del Agua, Germ\u00e1n Mart\u00ednez Santoyo.<\/span><\/p>\n<p><iframe loading=\"lazy\" title=\"Ceremonia de revista de entrada de la Comandancia del Ej\u00e9rcito Mexicano, desde Campo Marte\" width=\"640\" height=\"360\" src=\"https:\/\/www.youtube.com\/embed\/k-kEDcEaaYo?start=3875&#038;feature=oembed\" frameborder=\"0\" allow=\"accelerometer; autoplay; clipboard-write; encrypted-media; gyroscope; picture-in-picture; web-share\" referrerpolicy=\"strict-origin-when-cross-origin\" allowfullscreen><\/iframe><\/p>\n","protected":false},"excerpt":{"rendered":"<p>M\u00c9XICO, 13 de agosto de 2021.- El presidente de M\u00e9xico, Andr\u00e9s Manuel L\u00f3pez Obrador formaliz\u00f3&#8230;<\/p>\n","protected":false},"author":2,"featured_media":5347,"comment_status":"open","ping_status":"closed","sticky":false,"template":"","format":"standard","meta":{"footnotes":""},"categories":[25,20,27],"tags":[84,131,1301,1302,556,737,9,1303,1304],"class_list":["post-5344","post","type-post","status-publish","format-standard","has-post-thumbnail","hentry","category-4t","category-nacionales","category-presidencia","tag-amlo","tag-andres-manuel-lopez-obrador","tag-ejercito-mexicano","tag-eufemio-alberto-ibarra-flores","tag-gobierno-de-mexico","tag-guardia-nacional","tag-mexico","tag-primer-comandante","tag-primera-comandancia"],"yoast_head":"<!-- This site is optimized with the Yoast SEO plugin v27.5 - https:\/\/yoast.com\/product\/yoast-seo-wordpress\/ -->\n<title>L\u00f3pez Obrador toma protesta al primer comandante del Ej\u00e9rcito Mexicano; anuncia iniciativa para que comandancia de GN pase a Sedena - NOTICIAS DE LA 4T<\/title>\n<meta name=\"robots\" content=\"noindex, follow, max-snippet:-1, max-image-preview:large, max-video-preview:-1\" \/>\n<meta property=\"og:locale\" content=\"es_MX\" \/>\n<meta property=\"og:type\" content=\"article\" \/>\n<meta property=\"og:title\" content=\"L\u00f3pez Obrador toma protesta al primer comandante del Ej\u00e9rcito Mexicano; anuncia iniciativa para que comandancia de GN pase a Sedena - NOTICIAS DE LA 4T\" \/>\n<meta property=\"og:description\" content=\"M\u00c9XICO, 13 de agosto de 2021.- El presidente de M\u00e9xico, Andr\u00e9s Manuel L\u00f3pez Obrador formaliz\u00f3...\" \/>\n<meta property=\"og:url\" content=\"https:\/\/redamlo.com\/index.php\/2021\/08\/13\/lopez-obrador-toma-protesta-al-primer-comandante-del-ejercito-mexicano-anuncia-iniciativa-para-que-comandancia-de-gn-pase-a-sedena\/\" \/>\n<meta property=\"og:site_name\" content=\"NOTICIAS DE LA 4T\" \/>\n<meta property=\"article:published_time\" content=\"2021-08-13T20:00:20+00:00\" \/>\n<meta property=\"og:image\" content=\"https:\/\/redamlo.com\/wp-content\/uploads\/2021\/09\/Lopez-Obrador-toma-protesta-al-primer-comandante-del-Ejercito-Mexicano-anuncia-iniciativa-para-que-comandancia-de-GN-pase-a-Sedena.jpg\" \/>\n\t<meta property=\"og:image:width\" content=\"1499\" \/>\n\t<meta property=\"og:image:height\" content=\"897\" \/>\n\t<meta property=\"og:image:type\" content=\"image\/jpeg\" \/>\n<meta name=\"author\" content=\"Blanca\" \/>\n<meta name=\"twitter:card\" content=\"summary_large_image\" \/>\n<meta name=\"twitter:label1\" content=\"Escrito por\" \/>\n\t<meta name=\"twitter:data1\" content=\"Blanca\" \/>\n\t<meta name=\"twitter:label2\" content=\"Tiempo de lectura\" \/>\n\t<meta name=\"twitter:data2\" content=\"3 minutos\" \/>\n<script type=\"application\/ld+json\" class=\"yoast-schema-graph\">{\"@context\":\"https:\\\/\\\/schema.org\",\"@graph\":[{\"@type\":\"Article\",\"@id\":\"https:\\\/\\\/redamlo.com\\\/index.php\\\/2021\\\/08\\\/13\\\/lopez-obrador-toma-protesta-al-primer-comandante-del-ejercito-mexicano-anuncia-iniciativa-para-que-comandancia-de-gn-pase-a-sedena\\\/#article\",\"isPartOf\":{\"@id\":\"https:\\\/\\\/redamlo.com\\\/index.php\\\/2021\\\/08\\\/13\\\/lopez-obrador-toma-protesta-al-primer-comandante-del-ejercito-mexicano-anuncia-iniciativa-para-que-comandancia-de-gn-pase-a-sedena\\\/\"},\"author\":{\"name\":\"Blanca\",\"@id\":\"https:\\\/\\\/redamlo.com\\\/#\\\/schema\\\/person\\\/7223a4375eb8f1a782fcae010a7115cf\"},\"headline\":\"L\u00f3pez Obrador toma protesta al primer comandante del Ej\u00e9rcito Mexicano; anuncia iniciativa para que comandancia de GN pase a Sedena\",\"datePublished\":\"2021-08-13T20:00:20+00:00\",\"mainEntityOfPage\":{\"@id\":\"https:\\\/\\\/redamlo.com\\\/index.php\\\/2021\\\/08\\\/13\\\/lopez-obrador-toma-protesta-al-primer-comandante-del-ejercito-mexicano-anuncia-iniciativa-para-que-comandancia-de-gn-pase-a-sedena\\\/\"},\"wordCount\":708,\"commentCount\":0,\"publisher\":{\"@id\":\"https:\\\/\\\/redamlo.com\\\/#organization\"},\"image\":{\"@id\":\"https:\\\/\\\/redamlo.com\\\/index.php\\\/2021\\\/08\\\/13\\\/lopez-obrador-toma-protesta-al-primer-comandante-del-ejercito-mexicano-anuncia-iniciativa-para-que-comandancia-de-gn-pase-a-sedena\\\/#primaryimage\"},\"thumbnailUrl\":\"https:\\\/\\\/redamlo.com\\\/wp-content\\\/uploads\\\/2021\\\/09\\\/Lopez-Obrador-toma-protesta-al-primer-comandante-del-Ejercito-Mexicano-anuncia-iniciativa-para-que-comandancia-de-GN-pase-a-Sedena.jpg\",\"keywords\":[\"AMLO\",\"Andr\u00e9s Manuel L\u00f3pez Obrador\",\"Ej\u00e9rcito Mexicano\",\"Eufemio Alberto Ibarra Flores\",\"Gobierno de M\u00e9xico\",\"Guardia Nacional\",\"M\u00e9xico\",\"primer comandante\",\"primera comandancia\"],\"articleSection\":[\"4T\",\"Nacionales\",\"Presidencia\"],\"inLanguage\":\"es\",\"potentialAction\":[{\"@type\":\"CommentAction\",\"name\":\"Comment\",\"target\":[\"https:\\\/\\\/redamlo.com\\\/index.php\\\/2021\\\/08\\\/13\\\/lopez-obrador-toma-protesta-al-primer-comandante-del-ejercito-mexicano-anuncia-iniciativa-para-que-comandancia-de-gn-pase-a-sedena\\\/#respond\"]}]},{\"@type\":\"WebPage\",\"@id\":\"https:\\\/\\\/redamlo.com\\\/index.php\\\/2021\\\/08\\\/13\\\/lopez-obrador-toma-protesta-al-primer-comandante-del-ejercito-mexicano-anuncia-iniciativa-para-que-comandancia-de-gn-pase-a-sedena\\\/\",\"url\":\"https:\\\/\\\/redamlo.com\\\/index.php\\\/2021\\\/08\\\/13\\\/lopez-obrador-toma-protesta-al-primer-comandante-del-ejercito-mexicano-anuncia-iniciativa-para-que-comandancia-de-gn-pase-a-sedena\\\/\",\"name\":\"L\u00f3pez Obrador toma protesta al primer comandante del Ej\u00e9rcito Mexicano; anuncia iniciativa para que comandancia de GN pase a Sedena - NOTICIAS DE LA 4T\",\"isPartOf\":{\"@id\":\"https:\\\/\\\/redamlo.com\\\/#website\"},\"primaryImageOfPage\":{\"@id\":\"https:\\\/\\\/redamlo.com\\\/index.php\\\/2021\\\/08\\\/13\\\/lopez-obrador-toma-protesta-al-primer-comandante-del-ejercito-mexicano-anuncia-iniciativa-para-que-comandancia-de-gn-pase-a-sedena\\\/#primaryimage\"},\"image\":{\"@id\":\"https:\\\/\\\/redamlo.com\\\/index.php\\\/2021\\\/08\\\/13\\\/lopez-obrador-toma-protesta-al-primer-comandante-del-ejercito-mexicano-anuncia-iniciativa-para-que-comandancia-de-gn-pase-a-sedena\\\/#primaryimage\"},\"thumbnailUrl\":\"https:\\\/\\\/redamlo.com\\\/wp-content\\\/uploads\\\/2021\\\/09\\\/Lopez-Obrador-toma-protesta-al-primer-comandante-del-Ejercito-Mexicano-anuncia-iniciativa-para-que-comandancia-de-GN-pase-a-Sedena.jpg\",\"datePublished\":\"2021-08-13T20:00:20+00:00\",\"breadcrumb\":{\"@id\":\"https:\\\/\\\/redamlo.com\\\/index.php\\\/2021\\\/08\\\/13\\\/lopez-obrador-toma-protesta-al-primer-comandante-del-ejercito-mexicano-anuncia-iniciativa-para-que-comandancia-de-gn-pase-a-sedena\\\/#breadcrumb\"},\"inLanguage\":\"es\",\"potentialAction\":[{\"@type\":\"ReadAction\",\"target\":[\"https:\\\/\\\/redamlo.com\\\/index.php\\\/2021\\\/08\\\/13\\\/lopez-obrador-toma-protesta-al-primer-comandante-del-ejercito-mexicano-anuncia-iniciativa-para-que-comandancia-de-gn-pase-a-sedena\\\/\"]}]},{\"@type\":\"ImageObject\",\"inLanguage\":\"es\",\"@id\":\"https:\\\/\\\/redamlo.com\\\/index.php\\\/2021\\\/08\\\/13\\\/lopez-obrador-toma-protesta-al-primer-comandante-del-ejercito-mexicano-anuncia-iniciativa-para-que-comandancia-de-gn-pase-a-sedena\\\/#primaryimage\",\"url\":\"https:\\\/\\\/redamlo.com\\\/wp-content\\\/uploads\\\/2021\\\/09\\\/Lopez-Obrador-toma-protesta-al-primer-comandante-del-Ejercito-Mexicano-anuncia-iniciativa-para-que-comandancia-de-GN-pase-a-Sedena.jpg\",\"contentUrl\":\"https:\\\/\\\/redamlo.com\\\/wp-content\\\/uploads\\\/2021\\\/09\\\/Lopez-Obrador-toma-protesta-al-primer-comandante-del-Ejercito-Mexicano-anuncia-iniciativa-para-que-comandancia-de-GN-pase-a-Sedena.jpg\",\"width\":1499,\"height\":897},{\"@type\":\"BreadcrumbList\",\"@id\":\"https:\\\/\\\/redamlo.com\\\/index.php\\\/2021\\\/08\\\/13\\\/lopez-obrador-toma-protesta-al-primer-comandante-del-ejercito-mexicano-anuncia-iniciativa-para-que-comandancia-de-gn-pase-a-sedena\\\/#breadcrumb\",\"itemListElement\":[{\"@type\":\"ListItem\",\"position\":1,\"name\":\"Inicio\",\"item\":\"https:\\\/\\\/redamlo.com\\\/\"},{\"@type\":\"ListItem\",\"position\":2,\"name\":\"L\u00f3pez Obrador toma protesta al primer comandante del Ej\u00e9rcito Mexicano; anuncia iniciativa para que comandancia de GN pase a Sedena\"}]},{\"@type\":\"WebSite\",\"@id\":\"https:\\\/\\\/redamlo.com\\\/#website\",\"url\":\"https:\\\/\\\/redamlo.com\\\/\",\"name\":\"NOTICIAS DE LA 4T\",\"description\":\"\",\"publisher\":{\"@id\":\"https:\\\/\\\/redamlo.com\\\/#organization\"},\"potentialAction\":[{\"@type\":\"SearchAction\",\"target\":{\"@type\":\"EntryPoint\",\"urlTemplate\":\"https:\\\/\\\/redamlo.com\\\/?s={search_term_string}\"},\"query-input\":{\"@type\":\"PropertyValueSpecification\",\"valueRequired\":true,\"valueName\":\"search_term_string\"}}],\"inLanguage\":\"es\"},{\"@type\":\"Organization\",\"@id\":\"https:\\\/\\\/redamlo.com\\\/#organization\",\"name\":\"NOTICIAS DE LA 4T\",\"url\":\"https:\\\/\\\/redamlo.com\\\/\",\"logo\":{\"@type\":\"ImageObject\",\"inLanguage\":\"es\",\"@id\":\"https:\\\/\\\/redamlo.com\\\/#\\\/schema\\\/logo\\\/image\\\/\",\"url\":\"https:\\\/\\\/redamlo.com\\\/wp-content\\\/uploads\\\/2024\\\/08\\\/cropped-RED-AMLO-logo-50.png\",\"contentUrl\":\"https:\\\/\\\/redamlo.com\\\/wp-content\\\/uploads\\\/2024\\\/08\\\/cropped-RED-AMLO-logo-50.png\",\"width\":256,\"height\":256,\"caption\":\"NOTICIAS DE LA 4T\"},\"image\":{\"@id\":\"https:\\\/\\\/redamlo.com\\\/#\\\/schema\\\/logo\\\/image\\\/\"}},{\"@type\":\"Person\",\"@id\":\"https:\\\/\\\/redamlo.com\\\/#\\\/schema\\\/person\\\/7223a4375eb8f1a782fcae010a7115cf\",\"name\":\"Blanca\",\"image\":{\"@type\":\"ImageObject\",\"inLanguage\":\"es\",\"@id\":\"https:\\\/\\\/secure.gravatar.com\\\/avatar\\\/3f79bc8336367a4e6093eae8757acaaf61d1124834b905616de7829b0273426d?s=96&d=mm&r=g\",\"url\":\"https:\\\/\\\/secure.gravatar.com\\\/avatar\\\/3f79bc8336367a4e6093eae8757acaaf61d1124834b905616de7829b0273426d?s=96&d=mm&r=g\",\"contentUrl\":\"https:\\\/\\\/secure.gravatar.com\\\/avatar\\\/3f79bc8336367a4e6093eae8757acaaf61d1124834b905616de7829b0273426d?s=96&d=mm&r=g\",\"caption\":\"Blanca\"},\"url\":\"https:\\\/\\\/redamlo.com\\\/index.php\\\/author\\\/blanca\\\/\"}]}<\/script>\n<!-- \/ Yoast SEO plugin. -->","yoast_head_json":{"title":"L\u00f3pez Obrador toma protesta al primer comandante del Ej\u00e9rcito Mexicano; anuncia iniciativa para que comandancia de GN pase a Sedena - NOTICIAS DE LA 4T","robots":{"index":"noindex","follow":"follow","max-snippet":"max-snippet:-1","max-image-preview":"max-image-preview:large","max-video-preview":"max-video-preview:-1"},"og_locale":"es_MX","og_type":"article","og_title":"L\u00f3pez Obrador toma protesta al primer comandante del Ej\u00e9rcito Mexicano; anuncia iniciativa para que comandancia de GN pase a Sedena - NOTICIAS DE LA 4T","og_description":"M\u00c9XICO, 13 de agosto de 2021.- El presidente de M\u00e9xico, Andr\u00e9s Manuel L\u00f3pez Obrador formaliz\u00f3...","og_url":"https:\/\/redamlo.com\/index.php\/2021\/08\/13\/lopez-obrador-toma-protesta-al-primer-comandante-del-ejercito-mexicano-anuncia-iniciativa-para-que-comandancia-de-gn-pase-a-sedena\/","og_site_name":"NOTICIAS DE LA 4T","article_published_time":"2021-08-13T20:00:20+00:00","og_image":[{"width":1499,"height":897,"url":"https:\/\/redamlo.com\/wp-content\/uploads\/2021\/09\/Lopez-Obrador-toma-protesta-al-primer-comandante-del-Ejercito-Mexicano-anuncia-iniciativa-para-que-comandancia-de-GN-pase-a-Sedena.jpg","type":"image\/jpeg"}],"author":"Blanca","twitter_card":"summary_large_image","twitter_misc":{"Escrito por":"Blanca","Tiempo de lectura":"3 minutos"},"schema":{"@context":"https:\/\/schema.org","@graph":[{"@type":"Article","@id":"https:\/\/redamlo.com\/index.php\/2021\/08\/13\/lopez-obrador-toma-protesta-al-primer-comandante-del-ejercito-mexicano-anuncia-iniciativa-para-que-comandancia-de-gn-pase-a-sedena\/#article","isPartOf":{"@id":"https:\/\/redamlo.com\/index.php\/2021\/08\/13\/lopez-obrador-toma-protesta-al-primer-comandante-del-ejercito-mexicano-anuncia-iniciativa-para-que-comandancia-de-gn-pase-a-sedena\/"},"author":{"name":"Blanca","@id":"https:\/\/redamlo.com\/#\/schema\/person\/7223a4375eb8f1a782fcae010a7115cf"},"headline":"L\u00f3pez Obrador toma protesta al primer comandante del Ej\u00e9rcito Mexicano; anuncia iniciativa para que comandancia de GN pase a Sedena","datePublished":"2021-08-13T20:00:20+00:00","mainEntityOfPage":{"@id":"https:\/\/redamlo.com\/index.php\/2021\/08\/13\/lopez-obrador-toma-protesta-al-primer-comandante-del-ejercito-mexicano-anuncia-iniciativa-para-que-comandancia-de-gn-pase-a-sedena\/"},"wordCount":708,"commentCount":0,"publisher":{"@id":"https:\/\/redamlo.com\/#organization"},"image":{"@id":"https:\/\/redamlo.com\/index.php\/2021\/08\/13\/lopez-obrador-toma-protesta-al-primer-comandante-del-ejercito-mexicano-anuncia-iniciativa-para-que-comandancia-de-gn-pase-a-sedena\/#primaryimage"},"thumbnailUrl":"https:\/\/redamlo.com\/wp-content\/uploads\/2021\/09\/Lopez-Obrador-toma-protesta-al-primer-comandante-del-Ejercito-Mexicano-anuncia-iniciativa-para-que-comandancia-de-GN-pase-a-Sedena.jpg","keywords":["AMLO","Andr\u00e9s Manuel L\u00f3pez Obrador","Ej\u00e9rcito Mexicano","Eufemio Alberto Ibarra Flores","Gobierno de M\u00e9xico","Guardia Nacional","M\u00e9xico","primer comandante","primera comandancia"],"articleSection":["4T","Nacionales","Presidencia"],"inLanguage":"es","potentialAction":[{"@type":"CommentAction","name":"Comment","target":["https:\/\/redamlo.com\/index.php\/2021\/08\/13\/lopez-obrador-toma-protesta-al-primer-comandante-del-ejercito-mexicano-anuncia-iniciativa-para-que-comandancia-de-gn-pase-a-sedena\/#respond"]}]},{"@type":"WebPage","@id":"https:\/\/redamlo.com\/index.php\/2021\/08\/13\/lopez-obrador-toma-protesta-al-primer-comandante-del-ejercito-mexicano-anuncia-iniciativa-para-que-comandancia-de-gn-pase-a-sedena\/","url":"https:\/\/redamlo.com\/index.php\/2021\/08\/13\/lopez-obrador-toma-protesta-al-primer-comandante-del-ejercito-mexicano-anuncia-iniciativa-para-que-comandancia-de-gn-pase-a-sedena\/","name":"L\u00f3pez Obrador toma protesta al primer comandante del Ej\u00e9rcito Mexicano; anuncia iniciativa para que comandancia de GN pase a Sedena - NOTICIAS DE LA 4T","isPartOf":{"@id":"https:\/\/redamlo.com\/#website"},"primaryImageOfPage":{"@id":"https:\/\/redamlo.com\/index.php\/2021\/08\/13\/lopez-obrador-toma-protesta-al-primer-comandante-del-ejercito-mexicano-anuncia-iniciativa-para-que-comandancia-de-gn-pase-a-sedena\/#primaryimage"},"image":{"@id":"https:\/\/redamlo.com\/index.php\/2021\/08\/13\/lopez-obrador-toma-protesta-al-primer-comandante-del-ejercito-mexicano-anuncia-iniciativa-para-que-comandancia-de-gn-pase-a-sedena\/#primaryimage"},"thumbnailUrl":"https:\/\/redamlo.com\/wp-content\/uploads\/2021\/09\/Lopez-Obrador-toma-protesta-al-primer-comandante-del-Ejercito-Mexicano-anuncia-iniciativa-para-que-comandancia-de-GN-pase-a-Sedena.jpg","datePublished":"2021-08-13T20:00:20+00:00","breadcrumb":{"@id":"https:\/\/redamlo.com\/index.php\/2021\/08\/13\/lopez-obrador-toma-protesta-al-primer-comandante-del-ejercito-mexicano-anuncia-iniciativa-para-que-comandancia-de-gn-pase-a-sedena\/#breadcrumb"},"inLanguage":"es","potentialAction":[{"@type":"ReadAction","target":["https:\/\/redamlo.com\/index.php\/2021\/08\/13\/lopez-obrador-toma-protesta-al-primer-comandante-del-ejercito-mexicano-anuncia-iniciativa-para-que-comandancia-de-gn-pase-a-sedena\/"]}]},{"@type":"ImageObject","inLanguage":"es","@id":"https:\/\/redamlo.com\/index.php\/2021\/08\/13\/lopez-obrador-toma-protesta-al-primer-comandante-del-ejercito-mexicano-anuncia-iniciativa-para-que-comandancia-de-gn-pase-a-sedena\/#primaryimage","url":"https:\/\/redamlo.com\/wp-content\/uploads\/2021\/09\/Lopez-Obrador-toma-protesta-al-primer-comandante-del-Ejercito-Mexicano-anuncia-iniciativa-para-que-comandancia-de-GN-pase-a-Sedena.jpg","contentUrl":"https:\/\/redamlo.com\/wp-content\/uploads\/2021\/09\/Lopez-Obrador-toma-protesta-al-primer-comandante-del-Ejercito-Mexicano-anuncia-iniciativa-para-que-comandancia-de-GN-pase-a-Sedena.jpg","width":1499,"height":897},{"@type":"BreadcrumbList","@id":"https:\/\/redamlo.com\/index.php\/2021\/08\/13\/lopez-obrador-toma-protesta-al-primer-comandante-del-ejercito-mexicano-anuncia-iniciativa-para-que-comandancia-de-gn-pase-a-sedena\/#breadcrumb","itemListElement":[{"@type":"ListItem","position":1,"name":"Inicio","item":"https:\/\/redamlo.com\/"},{"@type":"ListItem","position":2,"name":"L\u00f3pez Obrador toma protesta al primer comandante del Ej\u00e9rcito Mexicano; anuncia iniciativa para que comandancia de GN pase a Sedena"}]},{"@type":"WebSite","@id":"https:\/\/redamlo.com\/#website","url":"https:\/\/redamlo.com\/","name":"NOTICIAS DE LA 4T","description":"","publisher":{"@id":"https:\/\/redamlo.com\/#organization"},"potentialAction":[{"@type":"SearchAction","target":{"@type":"EntryPoint","urlTemplate":"https:\/\/redamlo.com\/?s={search_term_string}"},"query-input":{"@type":"PropertyValueSpecification","valueRequired":true,"valueName":"search_term_string"}}],"inLanguage":"es"},{"@type":"Organization","@id":"https:\/\/redamlo.com\/#organization","name":"NOTICIAS DE LA 4T","url":"https:\/\/redamlo.com\/","logo":{"@type":"ImageObject","inLanguage":"es","@id":"https:\/\/redamlo.com\/#\/schema\/logo\/image\/","url":"https:\/\/redamlo.com\/wp-content\/uploads\/2024\/08\/cropped-RED-AMLO-logo-50.png","contentUrl":"https:\/\/redamlo.com\/wp-content\/uploads\/2024\/08\/cropped-RED-AMLO-logo-50.png","width":256,"height":256,"caption":"NOTICIAS DE LA 4T"},"image":{"@id":"https:\/\/redamlo.com\/#\/schema\/logo\/image\/"}},{"@type":"Person","@id":"https:\/\/redamlo.com\/#\/schema\/person\/7223a4375eb8f1a782fcae010a7115cf","name":"Blanca","image":{"@type":"ImageObject","inLanguage":"es","@id":"https:\/\/secure.gravatar.com\/avatar\/3f79bc8336367a4e6093eae8757acaaf61d1124834b905616de7829b0273426d?s=96&d=mm&r=g","url":"https:\/\/secure.gravatar.com\/avatar\/3f79bc8336367a4e6093eae8757acaaf61d1124834b905616de7829b0273426d?s=96&d=mm&r=g","contentUrl":"https:\/\/secure.gravatar.com\/avatar\/3f79bc8336367a4e6093eae8757acaaf61d1124834b905616de7829b0273426d?s=96&d=mm&r=g","caption":"Blanca"},"url":"https:\/\/redamlo.com\/index.php\/author\/blanca\/"}]}},"_links":{"self":[{"href":"https:\/\/redamlo.com\/index.php\/wp-json\/wp\/v2\/posts\/5344","targetHints":{"allow":["GET"]}}],"collection":[{"href":"https:\/\/redamlo.com\/index.php\/wp-json\/wp\/v2\/posts"}],"about":[{"href":"https:\/\/redamlo.com\/index.php\/wp-json\/wp\/v2\/types\/post"}],"author":[{"embeddable":true,"href":"https:\/\/redamlo.com\/index.php\/wp-json\/wp\/v2\/users\/2"}],"replies":[{"embeddable":true,"href":"https:\/\/redamlo.com\/index.php\/wp-json\/wp\/v2\/comments?post=5344"}],"version-history":[{"count":0,"href":"https:\/\/redamlo.com\/index.php\/wp-json\/wp\/v2\/posts\/5344\/revisions"}],"wp:featuredmedia":[{"embeddable":true,"href":"https:\/\/redamlo.com\/index.php\/wp-json\/wp\/v2\/media\/5347"}],"wp:attachment":[{"href":"https:\/\/redamlo.com\/index.php\/wp-json\/wp\/v2\/media?parent=5344"}],"wp:term":[{"taxonomy":"category","embeddable":true,"href":"https:\/\/redamlo.com\/index.php\/wp-json\/wp\/v2\/categories?post=5344"},{"taxonomy":"post_tag","embeddable":true,"href":"https:\/\/redamlo.com\/index.php\/wp-json\/wp\/v2\/tags?post=5344"}],"curies":[{"name":"wp","href":"https:\/\/api.w.org\/{rel}","templated":true}]}}