{"id":5341,"date":"2021-08-13T17:00:40","date_gmt":"2021-08-13T17:00:40","guid":{"rendered":"https:\/\/redamlo.com\/?p=5341"},"modified":"2021-08-13T17:00:40","modified_gmt":"2021-08-13T17:00:40","slug":"llama-lopez-obrador-a-erradicar-racismo-clasismo-y-discriminacion-a-500-anos-de-caida-de-la-gran-tenochtitlan","status":"publish","type":"post","link":"https:\/\/redamlo.com\/index.php\/2021\/08\/13\/llama-lopez-obrador-a-erradicar-racismo-clasismo-y-discriminacion-a-500-anos-de-caida-de-la-gran-tenochtitlan\/","title":{"rendered":"Llama L\u00f3pez Obrador a erradicar racismo, clasismo y discriminaci\u00f3n a 500 a\u00f1os de ca\u00edda de la Gran Tenochtitlan"},"content":{"rendered":"<p style=\"text-align: justify;\"><span style=\"font-family: Arial, Helvetica, sans-serif; color: #000000;\">M\u00c9XICO, 13 de agosto de 2021.- Al encabezar la conmemoraci\u00f3n de los 500 a\u00f1os de resistencia ind\u00edgena y de la ca\u00edda de la Gran Tenochtitlan por la ocupaci\u00f3n militar espa\u00f1ola, el presidente de M\u00e9xico, Andr\u00e9s Manuel L\u00f3pez Obrador ofreci\u00f3 disculpas a las v\u00edctimas y llam\u00f3 a acabar con la ambici\u00f3n, la esclavitud, la opresi\u00f3n, el racismo, el clasismo y la discriminaci\u00f3n.<\/span><\/p>\n<p><span style=\"font-family: Arial, Helvetica, sans-serif; color: #000000;\">\u201cNo debemos aceptar que el poder militar, la fuerza bruta, triunfe sobre la justicia (\u2026) que solo reine e impere la igualdad, la paz y la fraternidad universal\u201d, expres\u00f3.<\/span><\/p>\n<p><span style=\"font-family: Arial, Helvetica, sans-serif; color: #000000;\">En la Plaza de la Constituci\u00f3n de la Ciudad de M\u00e9xico, acompa\u00f1ado de la doctora Beatriz Guti\u00e9rrez M\u00fcller, el mandatario indic\u00f3 que la lecci\u00f3n que dej\u00f3 la llamada Conquista es que \u201cnada justifica imponer por la fuerza a otras naciones o culturas, un modelo pol\u00edtico, econ\u00f3mico, social o religioso en aras del bien de los conquistados o con la excusa de la civilizaci\u00f3n\u201d.<\/span><\/p>\n<p><span style=\"font-family: Arial, Helvetica, sans-serif; color: #000000;\">Afirm\u00f3 que la colonizaci\u00f3n es un signo de atraso, no de civilizaci\u00f3n, por lo que afirm\u00f3 que siempre ser\u00e1n un riesgo para la humanidad las conquistas, invasiones y guerras que derivan en afectaciones culturales, sociales y da\u00f1os colaterales.<\/span><\/p>\n<p><span style=\"font-family: Arial, Helvetica, sans-serif; color: #000000;\">El jefe del Ejecutivo hizo un llamado a que las naciones y l\u00edderes se comprometan a la no repetici\u00f3n de los actos cometidos contra los pueblos originarios en 1521.<\/span><\/p>\n<p><span style=\"font-family: Arial, Helvetica, sans-serif; color: #000000;\">\u201cPongamos fin a esos anacronismos, a esas atrocidades y digamos nunca m\u00e1s a una invasi\u00f3n, una ocupaci\u00f3n o una conquista, aunque se emprenda en nombre de la fe, de la paz, de la civilizaci\u00f3n, de la democracia, de la libertad o m\u00e1s grotesco a\u00fan, en nombre de los derechos humanos\u201d, remarc\u00f3.<\/span><\/p>\n<p><span style=\"font-family: Arial, Helvetica, sans-serif; color: #000000;\">Acompa\u00f1aron al presidente en este acto, la jefa de Gobierno de la Ciudad de M\u00e9xico, Claudia Sheinbaum Pardo; la jefa del Consejo Mohawk en la comunidad Kahnawa:ke, Kahsennenhawe Sky-Deer; la senadora en el estado de Arizona, Jamescita Mae Peshlakai; la secretaria de Gobernaci\u00f3n, Olga S\u00e1nchez Cordero; los secretarios de Relaciones Exteriores, Marcelo Ebrard Casaubon; de la Defensa Nacional, Luis Cresencio Sandoval Gonz\u00e1lez y de Marina, Jos\u00e9 Rafael Ojeda Dur\u00e1n; el embajador de M\u00e9xico ante Estados Unidos, Esteban Moctezuma Barrag\u00e1n y la presidenta del comisariado de Zapotitl\u00e1n, Mar\u00eda Magdalena Huerta Vel\u00e1zquez.<\/span><\/p>\n<p><iframe loading=\"lazy\" title=\"500 a\u00f1os de Resistencia Ind\u00edgena. 1521, M\u00e9xico-Tenochtitlan\" width=\"640\" height=\"360\" src=\"https:\/\/www.youtube.com\/embed\/3k7uzQc3Thc?start=2652&#038;feature=oembed\" frameborder=\"0\" allow=\"accelerometer; autoplay; clipboard-write; encrypted-media; gyroscope; picture-in-picture; web-share\" referrerpolicy=\"strict-origin-when-cross-origin\" allowfullscreen><\/iframe><\/p>\n","protected":false},"excerpt":{"rendered":"<p>M\u00c9XICO, 13 de agosto de 2021.- Al encabezar la conmemoraci\u00f3n de los 500 a\u00f1os de&#8230;<\/p>\n","protected":false},"author":2,"featured_media":5343,"comment_status":"open","ping_status":"closed","sticky":false,"template":"","format":"standard","meta":{"footnotes":""},"categories":[25,20,27],"tags":[1293,1294,84,131,1295,1296,1297,556,1298,9,1299,1300],"class_list":["post-5341","post","type-post","status-publish","format-standard","has-post-thumbnail","hentry","category-4t","category-nacionales","category-presidencia","tag-500-anos","tag-ambicion","tag-amlo","tag-andres-manuel-lopez-obrador","tag-clasismo","tag-discriminacion","tag-esclavitud","tag-gobierno-de-mexico","tag-gran-tenochtitlan","tag-mexico","tag-opresion","tag-racismo"],"yoast_head":"<!-- This site is optimized with the Yoast SEO plugin v27.5 - https:\/\/yoast.com\/product\/yoast-seo-wordpress\/ -->\n<title>Llama L\u00f3pez Obrador a erradicar racismo, clasismo y discriminaci\u00f3n a 500 a\u00f1os de ca\u00edda de la Gran Tenochtitlan - NOTICIAS DE LA 4T<\/title>\n<meta name=\"robots\" content=\"noindex, follow, max-snippet:-1, max-image-preview:large, max-video-preview:-1\" \/>\n<meta property=\"og:locale\" content=\"es_MX\" \/>\n<meta property=\"og:type\" content=\"article\" \/>\n<meta property=\"og:title\" content=\"Llama L\u00f3pez Obrador a erradicar racismo, clasismo y discriminaci\u00f3n a 500 a\u00f1os de ca\u00edda de la Gran Tenochtitlan - NOTICIAS DE LA 4T\" \/>\n<meta property=\"og:description\" content=\"M\u00c9XICO, 13 de agosto de 2021.- Al encabezar la conmemoraci\u00f3n de los 500 a\u00f1os de...\" \/>\n<meta property=\"og:url\" content=\"https:\/\/redamlo.com\/index.php\/2021\/08\/13\/llama-lopez-obrador-a-erradicar-racismo-clasismo-y-discriminacion-a-500-anos-de-caida-de-la-gran-tenochtitlan\/\" \/>\n<meta property=\"og:site_name\" content=\"NOTICIAS DE LA 4T\" \/>\n<meta property=\"article:published_time\" content=\"2021-08-13T17:00:40+00:00\" \/>\n<meta property=\"og:image\" content=\"https:\/\/redamlo.com\/wp-content\/uploads\/2021\/09\/Llama-Lopez-Obrador-a-erradicar-racismo-clasismo-y-discriminacion-a-500-anos-de-caida-de-la-Gran-Tenochtitlan.jpg\" \/>\n\t<meta property=\"og:image:width\" content=\"1499\" \/>\n\t<meta property=\"og:image:height\" content=\"865\" \/>\n\t<meta property=\"og:image:type\" content=\"image\/jpeg\" \/>\n<meta name=\"author\" content=\"Blanca\" \/>\n<meta name=\"twitter:card\" content=\"summary_large_image\" \/>\n<meta name=\"twitter:label1\" content=\"Escrito por\" \/>\n\t<meta name=\"twitter:data1\" content=\"Blanca\" \/>\n\t<meta name=\"twitter:label2\" content=\"Tiempo de lectura\" \/>\n\t<meta name=\"twitter:data2\" content=\"2 minutos\" \/>\n<script type=\"application\/ld+json\" class=\"yoast-schema-graph\">{\"@context\":\"https:\\\/\\\/schema.org\",\"@graph\":[{\"@type\":\"Article\",\"@id\":\"https:\\\/\\\/redamlo.com\\\/index.php\\\/2021\\\/08\\\/13\\\/llama-lopez-obrador-a-erradicar-racismo-clasismo-y-discriminacion-a-500-anos-de-caida-de-la-gran-tenochtitlan\\\/#article\",\"isPartOf\":{\"@id\":\"https:\\\/\\\/redamlo.com\\\/index.php\\\/2021\\\/08\\\/13\\\/llama-lopez-obrador-a-erradicar-racismo-clasismo-y-discriminacion-a-500-anos-de-caida-de-la-gran-tenochtitlan\\\/\"},\"author\":{\"name\":\"Blanca\",\"@id\":\"https:\\\/\\\/redamlo.com\\\/#\\\/schema\\\/person\\\/7223a4375eb8f1a782fcae010a7115cf\"},\"headline\":\"Llama L\u00f3pez Obrador a erradicar racismo, clasismo y discriminaci\u00f3n a 500 a\u00f1os de ca\u00edda de la Gran Tenochtitlan\",\"datePublished\":\"2021-08-13T17:00:40+00:00\",\"mainEntityOfPage\":{\"@id\":\"https:\\\/\\\/redamlo.com\\\/index.php\\\/2021\\\/08\\\/13\\\/llama-lopez-obrador-a-erradicar-racismo-clasismo-y-discriminacion-a-500-anos-de-caida-de-la-gran-tenochtitlan\\\/\"},\"wordCount\":441,\"commentCount\":0,\"publisher\":{\"@id\":\"https:\\\/\\\/redamlo.com\\\/#organization\"},\"image\":{\"@id\":\"https:\\\/\\\/redamlo.com\\\/index.php\\\/2021\\\/08\\\/13\\\/llama-lopez-obrador-a-erradicar-racismo-clasismo-y-discriminacion-a-500-anos-de-caida-de-la-gran-tenochtitlan\\\/#primaryimage\"},\"thumbnailUrl\":\"https:\\\/\\\/redamlo.com\\\/wp-content\\\/uploads\\\/2021\\\/09\\\/Llama-Lopez-Obrador-a-erradicar-racismo-clasismo-y-discriminacion-a-500-anos-de-caida-de-la-Gran-Tenochtitlan.jpg\",\"keywords\":[\"500 a\u00f1os\",\"ambici\u00f3n\",\"AMLO\",\"Andr\u00e9s Manuel L\u00f3pez Obrador\",\"clasismo\",\"discriminaci\u00f3n\",\"esclavitud\",\"Gobierno de M\u00e9xico\",\"Gran Tenochtitlan\",\"M\u00e9xico\",\"opresi\u00f3n\",\"racismo\"],\"articleSection\":[\"4T\",\"Nacionales\",\"Presidencia\"],\"inLanguage\":\"es\",\"potentialAction\":[{\"@type\":\"CommentAction\",\"name\":\"Comment\",\"target\":[\"https:\\\/\\\/redamlo.com\\\/index.php\\\/2021\\\/08\\\/13\\\/llama-lopez-obrador-a-erradicar-racismo-clasismo-y-discriminacion-a-500-anos-de-caida-de-la-gran-tenochtitlan\\\/#respond\"]}]},{\"@type\":\"WebPage\",\"@id\":\"https:\\\/\\\/redamlo.com\\\/index.php\\\/2021\\\/08\\\/13\\\/llama-lopez-obrador-a-erradicar-racismo-clasismo-y-discriminacion-a-500-anos-de-caida-de-la-gran-tenochtitlan\\\/\",\"url\":\"https:\\\/\\\/redamlo.com\\\/index.php\\\/2021\\\/08\\\/13\\\/llama-lopez-obrador-a-erradicar-racismo-clasismo-y-discriminacion-a-500-anos-de-caida-de-la-gran-tenochtitlan\\\/\",\"name\":\"Llama L\u00f3pez Obrador a erradicar racismo, clasismo y discriminaci\u00f3n a 500 a\u00f1os de ca\u00edda de la Gran Tenochtitlan - NOTICIAS DE LA 4T\",\"isPartOf\":{\"@id\":\"https:\\\/\\\/redamlo.com\\\/#website\"},\"primaryImageOfPage\":{\"@id\":\"https:\\\/\\\/redamlo.com\\\/index.php\\\/2021\\\/08\\\/13\\\/llama-lopez-obrador-a-erradicar-racismo-clasismo-y-discriminacion-a-500-anos-de-caida-de-la-gran-tenochtitlan\\\/#primaryimage\"},\"image\":{\"@id\":\"https:\\\/\\\/redamlo.com\\\/index.php\\\/2021\\\/08\\\/13\\\/llama-lopez-obrador-a-erradicar-racismo-clasismo-y-discriminacion-a-500-anos-de-caida-de-la-gran-tenochtitlan\\\/#primaryimage\"},\"thumbnailUrl\":\"https:\\\/\\\/redamlo.com\\\/wp-content\\\/uploads\\\/2021\\\/09\\\/Llama-Lopez-Obrador-a-erradicar-racismo-clasismo-y-discriminacion-a-500-anos-de-caida-de-la-Gran-Tenochtitlan.jpg\",\"datePublished\":\"2021-08-13T17:00:40+00:00\",\"breadcrumb\":{\"@id\":\"https:\\\/\\\/redamlo.com\\\/index.php\\\/2021\\\/08\\\/13\\\/llama-lopez-obrador-a-erradicar-racismo-clasismo-y-discriminacion-a-500-anos-de-caida-de-la-gran-tenochtitlan\\\/#breadcrumb\"},\"inLanguage\":\"es\",\"potentialAction\":[{\"@type\":\"ReadAction\",\"target\":[\"https:\\\/\\\/redamlo.com\\\/index.php\\\/2021\\\/08\\\/13\\\/llama-lopez-obrador-a-erradicar-racismo-clasismo-y-discriminacion-a-500-anos-de-caida-de-la-gran-tenochtitlan\\\/\"]}]},{\"@type\":\"ImageObject\",\"inLanguage\":\"es\",\"@id\":\"https:\\\/\\\/redamlo.com\\\/index.php\\\/2021\\\/08\\\/13\\\/llama-lopez-obrador-a-erradicar-racismo-clasismo-y-discriminacion-a-500-anos-de-caida-de-la-gran-tenochtitlan\\\/#primaryimage\",\"url\":\"https:\\\/\\\/redamlo.com\\\/wp-content\\\/uploads\\\/2021\\\/09\\\/Llama-Lopez-Obrador-a-erradicar-racismo-clasismo-y-discriminacion-a-500-anos-de-caida-de-la-Gran-Tenochtitlan.jpg\",\"contentUrl\":\"https:\\\/\\\/redamlo.com\\\/wp-content\\\/uploads\\\/2021\\\/09\\\/Llama-Lopez-Obrador-a-erradicar-racismo-clasismo-y-discriminacion-a-500-anos-de-caida-de-la-Gran-Tenochtitlan.jpg\",\"width\":1499,\"height\":865},{\"@type\":\"BreadcrumbList\",\"@id\":\"https:\\\/\\\/redamlo.com\\\/index.php\\\/2021\\\/08\\\/13\\\/llama-lopez-obrador-a-erradicar-racismo-clasismo-y-discriminacion-a-500-anos-de-caida-de-la-gran-tenochtitlan\\\/#breadcrumb\",\"itemListElement\":[{\"@type\":\"ListItem\",\"position\":1,\"name\":\"Inicio\",\"item\":\"https:\\\/\\\/redamlo.com\\\/\"},{\"@type\":\"ListItem\",\"position\":2,\"name\":\"Llama L\u00f3pez Obrador a erradicar racismo, clasismo y discriminaci\u00f3n a 500 a\u00f1os de ca\u00edda de la Gran Tenochtitlan\"}]},{\"@type\":\"WebSite\",\"@id\":\"https:\\\/\\\/redamlo.com\\\/#website\",\"url\":\"https:\\\/\\\/redamlo.com\\\/\",\"name\":\"NOTICIAS DE LA 4T\",\"description\":\"\",\"publisher\":{\"@id\":\"https:\\\/\\\/redamlo.com\\\/#organization\"},\"potentialAction\":[{\"@type\":\"SearchAction\",\"target\":{\"@type\":\"EntryPoint\",\"urlTemplate\":\"https:\\\/\\\/redamlo.com\\\/?s={search_term_string}\"},\"query-input\":{\"@type\":\"PropertyValueSpecification\",\"valueRequired\":true,\"valueName\":\"search_term_string\"}}],\"inLanguage\":\"es\"},{\"@type\":\"Organization\",\"@id\":\"https:\\\/\\\/redamlo.com\\\/#organization\",\"name\":\"NOTICIAS DE LA 4T\",\"url\":\"https:\\\/\\\/redamlo.com\\\/\",\"logo\":{\"@type\":\"ImageObject\",\"inLanguage\":\"es\",\"@id\":\"https:\\\/\\\/redamlo.com\\\/#\\\/schema\\\/logo\\\/image\\\/\",\"url\":\"https:\\\/\\\/redamlo.com\\\/wp-content\\\/uploads\\\/2024\\\/08\\\/cropped-RED-AMLO-logo-50.png\",\"contentUrl\":\"https:\\\/\\\/redamlo.com\\\/wp-content\\\/uploads\\\/2024\\\/08\\\/cropped-RED-AMLO-logo-50.png\",\"width\":256,\"height\":256,\"caption\":\"NOTICIAS DE LA 4T\"},\"image\":{\"@id\":\"https:\\\/\\\/redamlo.com\\\/#\\\/schema\\\/logo\\\/image\\\/\"}},{\"@type\":\"Person\",\"@id\":\"https:\\\/\\\/redamlo.com\\\/#\\\/schema\\\/person\\\/7223a4375eb8f1a782fcae010a7115cf\",\"name\":\"Blanca\",\"image\":{\"@type\":\"ImageObject\",\"inLanguage\":\"es\",\"@id\":\"https:\\\/\\\/secure.gravatar.com\\\/avatar\\\/3f79bc8336367a4e6093eae8757acaaf61d1124834b905616de7829b0273426d?s=96&d=mm&r=g\",\"url\":\"https:\\\/\\\/secure.gravatar.com\\\/avatar\\\/3f79bc8336367a4e6093eae8757acaaf61d1124834b905616de7829b0273426d?s=96&d=mm&r=g\",\"contentUrl\":\"https:\\\/\\\/secure.gravatar.com\\\/avatar\\\/3f79bc8336367a4e6093eae8757acaaf61d1124834b905616de7829b0273426d?s=96&d=mm&r=g\",\"caption\":\"Blanca\"},\"url\":\"https:\\\/\\\/redamlo.com\\\/index.php\\\/author\\\/blanca\\\/\"}]}<\/script>\n<!-- \/ Yoast SEO plugin. -->","yoast_head_json":{"title":"Llama L\u00f3pez Obrador a erradicar racismo, clasismo y discriminaci\u00f3n a 500 a\u00f1os de ca\u00edda de la Gran Tenochtitlan - NOTICIAS DE LA 4T","robots":{"index":"noindex","follow":"follow","max-snippet":"max-snippet:-1","max-image-preview":"max-image-preview:large","max-video-preview":"max-video-preview:-1"},"og_locale":"es_MX","og_type":"article","og_title":"Llama L\u00f3pez Obrador a erradicar racismo, clasismo y discriminaci\u00f3n a 500 a\u00f1os de ca\u00edda de la Gran Tenochtitlan - NOTICIAS DE LA 4T","og_description":"M\u00c9XICO, 13 de agosto de 2021.- Al encabezar la conmemoraci\u00f3n de los 500 a\u00f1os de...","og_url":"https:\/\/redamlo.com\/index.php\/2021\/08\/13\/llama-lopez-obrador-a-erradicar-racismo-clasismo-y-discriminacion-a-500-anos-de-caida-de-la-gran-tenochtitlan\/","og_site_name":"NOTICIAS DE LA 4T","article_published_time":"2021-08-13T17:00:40+00:00","og_image":[{"width":1499,"height":865,"url":"https:\/\/redamlo.com\/wp-content\/uploads\/2021\/09\/Llama-Lopez-Obrador-a-erradicar-racismo-clasismo-y-discriminacion-a-500-anos-de-caida-de-la-Gran-Tenochtitlan.jpg","type":"image\/jpeg"}],"author":"Blanca","twitter_card":"summary_large_image","twitter_misc":{"Escrito por":"Blanca","Tiempo de lectura":"2 minutos"},"schema":{"@context":"https:\/\/schema.org","@graph":[{"@type":"Article","@id":"https:\/\/redamlo.com\/index.php\/2021\/08\/13\/llama-lopez-obrador-a-erradicar-racismo-clasismo-y-discriminacion-a-500-anos-de-caida-de-la-gran-tenochtitlan\/#article","isPartOf":{"@id":"https:\/\/redamlo.com\/index.php\/2021\/08\/13\/llama-lopez-obrador-a-erradicar-racismo-clasismo-y-discriminacion-a-500-anos-de-caida-de-la-gran-tenochtitlan\/"},"author":{"name":"Blanca","@id":"https:\/\/redamlo.com\/#\/schema\/person\/7223a4375eb8f1a782fcae010a7115cf"},"headline":"Llama L\u00f3pez Obrador a erradicar racismo, clasismo y discriminaci\u00f3n a 500 a\u00f1os de ca\u00edda de la Gran Tenochtitlan","datePublished":"2021-08-13T17:00:40+00:00","mainEntityOfPage":{"@id":"https:\/\/redamlo.com\/index.php\/2021\/08\/13\/llama-lopez-obrador-a-erradicar-racismo-clasismo-y-discriminacion-a-500-anos-de-caida-de-la-gran-tenochtitlan\/"},"wordCount":441,"commentCount":0,"publisher":{"@id":"https:\/\/redamlo.com\/#organization"},"image":{"@id":"https:\/\/redamlo.com\/index.php\/2021\/08\/13\/llama-lopez-obrador-a-erradicar-racismo-clasismo-y-discriminacion-a-500-anos-de-caida-de-la-gran-tenochtitlan\/#primaryimage"},"thumbnailUrl":"https:\/\/redamlo.com\/wp-content\/uploads\/2021\/09\/Llama-Lopez-Obrador-a-erradicar-racismo-clasismo-y-discriminacion-a-500-anos-de-caida-de-la-Gran-Tenochtitlan.jpg","keywords":["500 a\u00f1os","ambici\u00f3n","AMLO","Andr\u00e9s Manuel L\u00f3pez Obrador","clasismo","discriminaci\u00f3n","esclavitud","Gobierno de M\u00e9xico","Gran Tenochtitlan","M\u00e9xico","opresi\u00f3n","racismo"],"articleSection":["4T","Nacionales","Presidencia"],"inLanguage":"es","potentialAction":[{"@type":"CommentAction","name":"Comment","target":["https:\/\/redamlo.com\/index.php\/2021\/08\/13\/llama-lopez-obrador-a-erradicar-racismo-clasismo-y-discriminacion-a-500-anos-de-caida-de-la-gran-tenochtitlan\/#respond"]}]},{"@type":"WebPage","@id":"https:\/\/redamlo.com\/index.php\/2021\/08\/13\/llama-lopez-obrador-a-erradicar-racismo-clasismo-y-discriminacion-a-500-anos-de-caida-de-la-gran-tenochtitlan\/","url":"https:\/\/redamlo.com\/index.php\/2021\/08\/13\/llama-lopez-obrador-a-erradicar-racismo-clasismo-y-discriminacion-a-500-anos-de-caida-de-la-gran-tenochtitlan\/","name":"Llama L\u00f3pez Obrador a erradicar racismo, clasismo y discriminaci\u00f3n a 500 a\u00f1os de ca\u00edda de la Gran Tenochtitlan - NOTICIAS DE LA 4T","isPartOf":{"@id":"https:\/\/redamlo.com\/#website"},"primaryImageOfPage":{"@id":"https:\/\/redamlo.com\/index.php\/2021\/08\/13\/llama-lopez-obrador-a-erradicar-racismo-clasismo-y-discriminacion-a-500-anos-de-caida-de-la-gran-tenochtitlan\/#primaryimage"},"image":{"@id":"https:\/\/redamlo.com\/index.php\/2021\/08\/13\/llama-lopez-obrador-a-erradicar-racismo-clasismo-y-discriminacion-a-500-anos-de-caida-de-la-gran-tenochtitlan\/#primaryimage"},"thumbnailUrl":"https:\/\/redamlo.com\/wp-content\/uploads\/2021\/09\/Llama-Lopez-Obrador-a-erradicar-racismo-clasismo-y-discriminacion-a-500-anos-de-caida-de-la-Gran-Tenochtitlan.jpg","datePublished":"2021-08-13T17:00:40+00:00","breadcrumb":{"@id":"https:\/\/redamlo.com\/index.php\/2021\/08\/13\/llama-lopez-obrador-a-erradicar-racismo-clasismo-y-discriminacion-a-500-anos-de-caida-de-la-gran-tenochtitlan\/#breadcrumb"},"inLanguage":"es","potentialAction":[{"@type":"ReadAction","target":["https:\/\/redamlo.com\/index.php\/2021\/08\/13\/llama-lopez-obrador-a-erradicar-racismo-clasismo-y-discriminacion-a-500-anos-de-caida-de-la-gran-tenochtitlan\/"]}]},{"@type":"ImageObject","inLanguage":"es","@id":"https:\/\/redamlo.com\/index.php\/2021\/08\/13\/llama-lopez-obrador-a-erradicar-racismo-clasismo-y-discriminacion-a-500-anos-de-caida-de-la-gran-tenochtitlan\/#primaryimage","url":"https:\/\/redamlo.com\/wp-content\/uploads\/2021\/09\/Llama-Lopez-Obrador-a-erradicar-racismo-clasismo-y-discriminacion-a-500-anos-de-caida-de-la-Gran-Tenochtitlan.jpg","contentUrl":"https:\/\/redamlo.com\/wp-content\/uploads\/2021\/09\/Llama-Lopez-Obrador-a-erradicar-racismo-clasismo-y-discriminacion-a-500-anos-de-caida-de-la-Gran-Tenochtitlan.jpg","width":1499,"height":865},{"@type":"BreadcrumbList","@id":"https:\/\/redamlo.com\/index.php\/2021\/08\/13\/llama-lopez-obrador-a-erradicar-racismo-clasismo-y-discriminacion-a-500-anos-de-caida-de-la-gran-tenochtitlan\/#breadcrumb","itemListElement":[{"@type":"ListItem","position":1,"name":"Inicio","item":"https:\/\/redamlo.com\/"},{"@type":"ListItem","position":2,"name":"Llama L\u00f3pez Obrador a erradicar racismo, clasismo y discriminaci\u00f3n a 500 a\u00f1os de ca\u00edda de la Gran Tenochtitlan"}]},{"@type":"WebSite","@id":"https:\/\/redamlo.com\/#website","url":"https:\/\/redamlo.com\/","name":"NOTICIAS DE LA 4T","description":"","publisher":{"@id":"https:\/\/redamlo.com\/#organization"},"potentialAction":[{"@type":"SearchAction","target":{"@type":"EntryPoint","urlTemplate":"https:\/\/redamlo.com\/?s={search_term_string}"},"query-input":{"@type":"PropertyValueSpecification","valueRequired":true,"valueName":"search_term_string"}}],"inLanguage":"es"},{"@type":"Organization","@id":"https:\/\/redamlo.com\/#organization","name":"NOTICIAS DE LA 4T","url":"https:\/\/redamlo.com\/","logo":{"@type":"ImageObject","inLanguage":"es","@id":"https:\/\/redamlo.com\/#\/schema\/logo\/image\/","url":"https:\/\/redamlo.com\/wp-content\/uploads\/2024\/08\/cropped-RED-AMLO-logo-50.png","contentUrl":"https:\/\/redamlo.com\/wp-content\/uploads\/2024\/08\/cropped-RED-AMLO-logo-50.png","width":256,"height":256,"caption":"NOTICIAS DE LA 4T"},"image":{"@id":"https:\/\/redamlo.com\/#\/schema\/logo\/image\/"}},{"@type":"Person","@id":"https:\/\/redamlo.com\/#\/schema\/person\/7223a4375eb8f1a782fcae010a7115cf","name":"Blanca","image":{"@type":"ImageObject","inLanguage":"es","@id":"https:\/\/secure.gravatar.com\/avatar\/3f79bc8336367a4e6093eae8757acaaf61d1124834b905616de7829b0273426d?s=96&d=mm&r=g","url":"https:\/\/secure.gravatar.com\/avatar\/3f79bc8336367a4e6093eae8757acaaf61d1124834b905616de7829b0273426d?s=96&d=mm&r=g","contentUrl":"https:\/\/secure.gravatar.com\/avatar\/3f79bc8336367a4e6093eae8757acaaf61d1124834b905616de7829b0273426d?s=96&d=mm&r=g","caption":"Blanca"},"url":"https:\/\/redamlo.com\/index.php\/author\/blanca\/"}]}},"_links":{"self":[{"href":"https:\/\/redamlo.com\/index.php\/wp-json\/wp\/v2\/posts\/5341","targetHints":{"allow":["GET"]}}],"collection":[{"href":"https:\/\/redamlo.com\/index.php\/wp-json\/wp\/v2\/posts"}],"about":[{"href":"https:\/\/redamlo.com\/index.php\/wp-json\/wp\/v2\/types\/post"}],"author":[{"embeddable":true,"href":"https:\/\/redamlo.com\/index.php\/wp-json\/wp\/v2\/users\/2"}],"replies":[{"embeddable":true,"href":"https:\/\/redamlo.com\/index.php\/wp-json\/wp\/v2\/comments?post=5341"}],"version-history":[{"count":0,"href":"https:\/\/redamlo.com\/index.php\/wp-json\/wp\/v2\/posts\/5341\/revisions"}],"wp:featuredmedia":[{"embeddable":true,"href":"https:\/\/redamlo.com\/index.php\/wp-json\/wp\/v2\/media\/5343"}],"wp:attachment":[{"href":"https:\/\/redamlo.com\/index.php\/wp-json\/wp\/v2\/media?parent=5341"}],"wp:term":[{"taxonomy":"category","embeddable":true,"href":"https:\/\/redamlo.com\/index.php\/wp-json\/wp\/v2\/categories?post=5341"},{"taxonomy":"post_tag","embeddable":true,"href":"https:\/\/redamlo.com\/index.php\/wp-json\/wp\/v2\/tags?post=5341"}],"curies":[{"name":"wp","href":"https:\/\/api.w.org\/{rel}","templated":true}]}}