{"id":532,"date":"2019-10-01T19:33:53","date_gmt":"2019-10-02T00:33:53","guid":{"rendered":"http:\/\/redamlo.com\/?p=532"},"modified":"2019-10-01T19:33:53","modified_gmt":"2019-10-02T00:33:53","slug":"los-claroscuros-de-manuel-bartlett-poder-corrupcion-e-impunidad-fragmento","status":"publish","type":"post","link":"https:\/\/redamlo.com\/index.php\/2019\/10\/01\/los-claroscuros-de-manuel-bartlett-poder-corrupcion-e-impunidad-fragmento\/","title":{"rendered":"Los claroscuros de Manuel Bartlett; poder, corrupci\u00f3n e impunidad (fragmento)"},"content":{"rendered":"<p>JOS\u00c9 MART\u00cdNEZ M.*<\/p>\n<p>\u2014Lo s\u00e9, lo tengo claro, hasta el \u00faltimo d\u00eda de mi vida los periodistas van hablar mal de m\u00ed\u2014, esa fue la respuesta de Manuel Bartlett a mi petici\u00f3n de una entrevista para un perfil biogr\u00e1fico sobre este pol\u00e9mico personaje. Su socio y amigo Ignacio Cobo fue el encargado de comunicarme la negativa de Bartlett. La petici\u00f3n la hice meses antes de las elecciones del 1 de julio de 2018 que le dieron el triunfo presidencial al tabasque\u00f1o Andr\u00e9s Manuel L\u00f3pez Obrador.<\/p>\n<p>A petici\u00f3n de Cobo le hice llegar una serie de preguntas sobre los temas que me interesaba respondiera Manuel Bartlett, Nacho incluso me pidi\u00f3 el t\u00edtulo del libro, yo le respond\u00ed que a\u00fan no lo ten\u00eda decidido pero le expuse que podr\u00eda ser tentativamente \u201cLos claroscuros de Bartlett\u201d, donde pesaban m\u00e1s las sombras que la luz sobre el personaje.<\/p>\n<p>Recurr\u00ed a Cobo a sabiendas de su \u00edntima relaci\u00f3n con Bartlett, la que luego me reconfirm\u00f3 con una dedicatoria de pu\u00f1o y letra del propio Bartlett en el libro Juicio por da\u00f1o Moral. Estudio de Caso La Ca\u00edda del Sistema, en la que se lee: \u201cPara Ignacio Cobo con cari\u00f1o por los m\u00e1s de 50 a\u00f1os de amistad\u201d y en seguida el nombre de Manuel Bartlett.<\/p>\n<p>En ese libro bajo el sello de editorial Porr\u00faa, Bartlett se auto exonera del fraude electoral de 1988 que impuso a Carlos Salinas de Gortari en la silla presidencial.<\/p>\n<p>&#8212;o0o&#8212;<\/p>\n<p>Cuando el periodista Carlos Loret de Mola deton\u00f3 el esc\u00e1ndalo sobre las millonarias propiedades del flamante director de la Comisi\u00f3n Federal de Electricidad no me sorprend\u00ed de la denuncia period\u00edstica pues casi cinco lustros atr\u00e1s el propio Andr\u00e9s Manuel L\u00f3pez Obrador hab\u00eda denunciado en su libro \u201cEntre la historia y la esperanza\u201d, publicado en el a\u00f1o de 1995 por la editorial Grijalbo, los negocios inmobiliarios entre Bartlett e Ignacio Cobo, cuando el suegro de \u00e9ste \u00faltimo, Mario Trujillo Garc\u00eda desempe\u00f1aba el cargo de gobernador del estado de Tabasco (1971-1977).<\/p>\n<p>En ese libro L\u00f3pez Obrador denunciaba que durante el gobierno de Trujillo muchos pol\u00edticos y empresarios aprovecharon para sumarse a los negocios de la urbanizaci\u00f3n de la ciudad de Villahermosa, capital del estado.<\/p>\n<p>Escribi\u00f3 L\u00f3pez Obrador en su libro:<\/p>\n<p>\u201cEn ese sexenio, por hablar s\u00f3lo de un negocio, los terrenos de Manuel Bartlett D\u00edaz, que hab\u00eda heredado de su padre, Manuel Bartlett Bautista, fueron urbanizados de una peculiar manera.<\/p>\n<p>\u201cBartlett hijo se asoci\u00f3 con el yerno de Trujillo, Ignacio Cobo, y ambos acordaron que \u00e9ste se encargar\u00eda de introducir todos los servicios p\u00fablicos (pavimento, agua, drenaje y energ\u00eda el\u00e9ctrica) y una vez concluido el trabajo se dividir\u00edan por mitad el nuevo fraccionamiento residencial Framboyanes.<\/p>\n<p>&#8212;o0o&#8212;<\/p>\n<p>A Bartlett y L\u00f3pez Obrador los une el desprecio por los periodistas cr\u00edticos. Es el caso de Carlos Loret quien tuvo que salir de Televisa despu\u00e9s de 18 a\u00f1os, luego de erigirse como un feroz cr\u00edtico del gobierno de L\u00f3pez Obrador.<\/p>\n<p>Loret puso bajo su lupa a Bartlett por su presunto enriquecimiento desmedido a trav\u00e9s de su familia. La respuesta del funcionario, acompa\u00f1ada de adjetivos como \u201csicario del periodismo\u201d en contra de Loret por parte su vocero en la CFE, ha sido la siguiente:<\/p>\n<p>&#8220;En cuanto a la Se\u00f1ora Julia Abdala Lemus, igualmente manifiesto que es econ\u00f3micamente independiente y que desde el ejercicio de sus actividades econ\u00f3micas leg\u00edtimas y de negocios, sin ser servidora p\u00fablica ha construido su patrimonio por m\u00e9ritos propios.&#8221;<\/p>\n<p>As\u00ed, en medio del esc\u00e1ndalo Bartlett revel\u00f3 que el presidente L\u00f3pez Obrador envi\u00f3 una carta a todo el gabinete, \u201cverdaderamente impresionante, en la que se\u00f1ala: no tengo familiares, no tengo hijos, no tengo compadres, aqu\u00ed todos tienen que cumplir con la responsabilidad de mantener una conducta limpia y honesta\u201d.<\/p>\n<p>Bartlett se ufana del respaldo presidencial. \u201cYo s\u00e9 que ese apoyo est\u00e1 directamente relacionado con mi conducta, con la trasparencia de mis acciones e incluso, con mis antecedentes\u201d.<\/p>\n<p>Tatiana Clouthier, coordinadora general de campa\u00f1a de L\u00f3pez Obrador, tuvo un mal augurio y se lo dijo con claridad al Presidente: \u201cpara dirigir a la CFE hab\u00eda mejores opciones\u201d. Por ese y otros desacuerdos la sinaloense se neg\u00f3 a ocupar la subsecretar\u00eda de Participaci\u00f3n Ciudadana, Democracia Participativa y Organizaciones Civiles de la Secretar\u00eda de Gobernaci\u00f3n. Tras rechazar la oferta de AMLO, opt\u00f3 por su cargo como legisladora como lo comunic\u00f3 a trav\u00e9s de su cuenta de Twitter:<\/p>\n<p>\u201cAnte especulaciones, inventos e incluso frotadas de mano aclaro: asumo cargo diputaci\u00f3n por as\u00ed ser lo mejor para la Patria y a mi familia; no hay telenovelas por escribir y s\u00ed cari\u00f1o y trabajo de la mano con L\u00f3pez Obrador\u201d.<\/p>\n<p>El presidente de la llamada \u201ccuarta transformaci\u00f3n\u201d se aferr\u00f3 a la defensa del nombramiento de Bartlett y para acabar con cualquier discusi\u00f3n al respecto sentenci\u00f3:<\/p>\n<p>\u201cYo los entiendo, pero el pueblo vot\u00f3 para que haya un cambio verdadero y yo no voy a ser tapadera de nadie, no voy a ser alcahuete, yo voy a cumplirles a los mexicanos\u201d.<\/p>\n<p>___________<\/p>\n<p>*Jos\u00e9 Mart\u00ednez M., periodista y escritor. Es autor de varios libros sobre el poder pol\u00edtico y econ\u00f3mico bajo el sello de la editorial Oc\u00e9ano, entre ellos: \u201cLas ense\u00f1anzas del profesor. Indagaci\u00f3n de Carlos Hank Gonz\u00e1lez. Lecciones de poder, impunidad y corrupci\u00f3n\u201d; \u201cCarlos Slim, Retrato In\u00e9dito\u201d; \u201cLa Maestra, Vida y Hechos de Elba Esther Gordillo\u201d, entre otros.<\/p>\n<p>(Cortes\u00eda de DIFUNET)<\/p>\n","protected":false},"excerpt":{"rendered":"<p>A continuaci\u00f3n les compartimos un fragmento del libro del escritor y periodista Jos\u00e9 Mart\u00ednez M., autor de obras como Carlos Slim, Retrato In\u00e9dito y La Maestra vida y hechos de Elba Esther Goirdillo&#8230;<\/p>\n","protected":false},"author":2,"featured_media":534,"comment_status":"open","ping_status":"closed","sticky":false,"template":"","format":"standard","meta":{"footnotes":""},"categories":[1],"tags":[84,212,269,270,271,272,273,274],"class_list":["post-532","post","type-post","status-publish","format-standard","has-post-thumbnail","hentry","category-uncategorized","tag-amlo","tag-cfe","tag-corrupcion-e-impunidad","tag-difunet","tag-jose-martinez-m","tag-libro","tag-los-claroscuros-de-manuel-bartlett-poder","tag-manuel-barttlet"],"yoast_head":"<!-- This site is optimized with the Yoast SEO plugin v27.5 - https:\/\/yoast.com\/product\/yoast-seo-wordpress\/ -->\n<title>Los claroscuros de Manuel Bartlett; poder, corrupci\u00f3n e impunidad (fragmento) - NOTICIAS DE LA 4T<\/title>\n<meta name=\"robots\" content=\"noindex, follow, max-snippet:-1, max-image-preview:large, max-video-preview:-1\" \/>\n<meta property=\"og:locale\" content=\"es_MX\" \/>\n<meta property=\"og:type\" content=\"article\" \/>\n<meta property=\"og:title\" content=\"Los claroscuros de Manuel Bartlett; poder, corrupci\u00f3n e impunidad (fragmento) - NOTICIAS DE LA 4T\" \/>\n<meta property=\"og:description\" content=\"A continuaci\u00f3n les compartimos un fragmento del libro del escritor y periodista Jos\u00e9 Mart\u00ednez M., autor de obras como Carlos Slim, Retrato In\u00e9dito y La Maestra vida y hechos de Elba Esther Goirdillo...\" \/>\n<meta property=\"og:url\" content=\"https:\/\/redamlo.com\/index.php\/2019\/10\/01\/los-claroscuros-de-manuel-bartlett-poder-corrupcion-e-impunidad-fragmento\/\" \/>\n<meta property=\"og:site_name\" content=\"NOTICIAS DE LA 4T\" \/>\n<meta property=\"article:published_time\" content=\"2019-10-02T00:33:53+00:00\" \/>\n<meta property=\"og:image\" content=\"https:\/\/redamlo.com\/wp-content\/uploads\/2019\/10\/z039.jpg\" \/>\n\t<meta property=\"og:image:width\" content=\"1960\" \/>\n\t<meta property=\"og:image:height\" content=\"1111\" \/>\n\t<meta property=\"og:image:type\" content=\"image\/jpeg\" \/>\n<meta name=\"author\" content=\"Blanca\" \/>\n<meta name=\"twitter:card\" content=\"summary_large_image\" \/>\n<meta name=\"twitter:label1\" content=\"Escrito por\" \/>\n\t<meta name=\"twitter:data1\" content=\"Blanca\" \/>\n\t<meta name=\"twitter:label2\" content=\"Tiempo de lectura\" \/>\n\t<meta name=\"twitter:data2\" content=\"5 minutos\" \/>\n<script type=\"application\/ld+json\" class=\"yoast-schema-graph\">{\"@context\":\"https:\\\/\\\/schema.org\",\"@graph\":[{\"@type\":\"Article\",\"@id\":\"https:\\\/\\\/redamlo.com\\\/index.php\\\/2019\\\/10\\\/01\\\/los-claroscuros-de-manuel-bartlett-poder-corrupcion-e-impunidad-fragmento\\\/#article\",\"isPartOf\":{\"@id\":\"https:\\\/\\\/redamlo.com\\\/index.php\\\/2019\\\/10\\\/01\\\/los-claroscuros-de-manuel-bartlett-poder-corrupcion-e-impunidad-fragmento\\\/\"},\"author\":{\"name\":\"Blanca\",\"@id\":\"https:\\\/\\\/redamlo.com\\\/#\\\/schema\\\/person\\\/7223a4375eb8f1a782fcae010a7115cf\"},\"headline\":\"Los claroscuros de Manuel Bartlett; poder, corrupci\u00f3n e impunidad (fragmento)\",\"datePublished\":\"2019-10-02T00:33:53+00:00\",\"mainEntityOfPage\":{\"@id\":\"https:\\\/\\\/redamlo.com\\\/index.php\\\/2019\\\/10\\\/01\\\/los-claroscuros-de-manuel-bartlett-poder-corrupcion-e-impunidad-fragmento\\\/\"},\"wordCount\":970,\"commentCount\":0,\"publisher\":{\"@id\":\"https:\\\/\\\/redamlo.com\\\/#organization\"},\"image\":{\"@id\":\"https:\\\/\\\/redamlo.com\\\/index.php\\\/2019\\\/10\\\/01\\\/los-claroscuros-de-manuel-bartlett-poder-corrupcion-e-impunidad-fragmento\\\/#primaryimage\"},\"thumbnailUrl\":\"https:\\\/\\\/redamlo.com\\\/wp-content\\\/uploads\\\/2019\\\/10\\\/z039.jpg\",\"keywords\":[\"AMLO\",\"CFE\",\"corrupci\u00f3n e impunidad\",\"Difunet\",\"Jos\u00e9 Mart\u00ednez M.\",\"libro\",\"Los claroscuros de Manuel Bartlett; poder\",\"Manuel Barttlet\"],\"articleSection\":[\"Uncategorized\"],\"inLanguage\":\"es\",\"potentialAction\":[{\"@type\":\"CommentAction\",\"name\":\"Comment\",\"target\":[\"https:\\\/\\\/redamlo.com\\\/index.php\\\/2019\\\/10\\\/01\\\/los-claroscuros-de-manuel-bartlett-poder-corrupcion-e-impunidad-fragmento\\\/#respond\"]}]},{\"@type\":\"WebPage\",\"@id\":\"https:\\\/\\\/redamlo.com\\\/index.php\\\/2019\\\/10\\\/01\\\/los-claroscuros-de-manuel-bartlett-poder-corrupcion-e-impunidad-fragmento\\\/\",\"url\":\"https:\\\/\\\/redamlo.com\\\/index.php\\\/2019\\\/10\\\/01\\\/los-claroscuros-de-manuel-bartlett-poder-corrupcion-e-impunidad-fragmento\\\/\",\"name\":\"Los claroscuros de Manuel Bartlett; poder, corrupci\u00f3n e impunidad (fragmento) - NOTICIAS DE LA 4T\",\"isPartOf\":{\"@id\":\"https:\\\/\\\/redamlo.com\\\/#website\"},\"primaryImageOfPage\":{\"@id\":\"https:\\\/\\\/redamlo.com\\\/index.php\\\/2019\\\/10\\\/01\\\/los-claroscuros-de-manuel-bartlett-poder-corrupcion-e-impunidad-fragmento\\\/#primaryimage\"},\"image\":{\"@id\":\"https:\\\/\\\/redamlo.com\\\/index.php\\\/2019\\\/10\\\/01\\\/los-claroscuros-de-manuel-bartlett-poder-corrupcion-e-impunidad-fragmento\\\/#primaryimage\"},\"thumbnailUrl\":\"https:\\\/\\\/redamlo.com\\\/wp-content\\\/uploads\\\/2019\\\/10\\\/z039.jpg\",\"datePublished\":\"2019-10-02T00:33:53+00:00\",\"breadcrumb\":{\"@id\":\"https:\\\/\\\/redamlo.com\\\/index.php\\\/2019\\\/10\\\/01\\\/los-claroscuros-de-manuel-bartlett-poder-corrupcion-e-impunidad-fragmento\\\/#breadcrumb\"},\"inLanguage\":\"es\",\"potentialAction\":[{\"@type\":\"ReadAction\",\"target\":[\"https:\\\/\\\/redamlo.com\\\/index.php\\\/2019\\\/10\\\/01\\\/los-claroscuros-de-manuel-bartlett-poder-corrupcion-e-impunidad-fragmento\\\/\"]}]},{\"@type\":\"ImageObject\",\"inLanguage\":\"es\",\"@id\":\"https:\\\/\\\/redamlo.com\\\/index.php\\\/2019\\\/10\\\/01\\\/los-claroscuros-de-manuel-bartlett-poder-corrupcion-e-impunidad-fragmento\\\/#primaryimage\",\"url\":\"https:\\\/\\\/redamlo.com\\\/wp-content\\\/uploads\\\/2019\\\/10\\\/z039.jpg\",\"contentUrl\":\"https:\\\/\\\/redamlo.com\\\/wp-content\\\/uploads\\\/2019\\\/10\\\/z039.jpg\",\"width\":1960,\"height\":1111,\"caption\":\"El director de la CFE, Manuel Barttlet y el presidente Andr\u00e9s Manuel L\u00f3pez Obrador\"},{\"@type\":\"BreadcrumbList\",\"@id\":\"https:\\\/\\\/redamlo.com\\\/index.php\\\/2019\\\/10\\\/01\\\/los-claroscuros-de-manuel-bartlett-poder-corrupcion-e-impunidad-fragmento\\\/#breadcrumb\",\"itemListElement\":[{\"@type\":\"ListItem\",\"position\":1,\"name\":\"Inicio\",\"item\":\"https:\\\/\\\/redamlo.com\\\/\"},{\"@type\":\"ListItem\",\"position\":2,\"name\":\"Los claroscuros de Manuel Bartlett; poder, corrupci\u00f3n e impunidad (fragmento)\"}]},{\"@type\":\"WebSite\",\"@id\":\"https:\\\/\\\/redamlo.com\\\/#website\",\"url\":\"https:\\\/\\\/redamlo.com\\\/\",\"name\":\"NOTICIAS DE LA 4T\",\"description\":\"\",\"publisher\":{\"@id\":\"https:\\\/\\\/redamlo.com\\\/#organization\"},\"potentialAction\":[{\"@type\":\"SearchAction\",\"target\":{\"@type\":\"EntryPoint\",\"urlTemplate\":\"https:\\\/\\\/redamlo.com\\\/?s={search_term_string}\"},\"query-input\":{\"@type\":\"PropertyValueSpecification\",\"valueRequired\":true,\"valueName\":\"search_term_string\"}}],\"inLanguage\":\"es\"},{\"@type\":\"Organization\",\"@id\":\"https:\\\/\\\/redamlo.com\\\/#organization\",\"name\":\"NOTICIAS DE LA 4T\",\"url\":\"https:\\\/\\\/redamlo.com\\\/\",\"logo\":{\"@type\":\"ImageObject\",\"inLanguage\":\"es\",\"@id\":\"https:\\\/\\\/redamlo.com\\\/#\\\/schema\\\/logo\\\/image\\\/\",\"url\":\"https:\\\/\\\/redamlo.com\\\/wp-content\\\/uploads\\\/2024\\\/08\\\/cropped-RED-AMLO-logo-50.png\",\"contentUrl\":\"https:\\\/\\\/redamlo.com\\\/wp-content\\\/uploads\\\/2024\\\/08\\\/cropped-RED-AMLO-logo-50.png\",\"width\":256,\"height\":256,\"caption\":\"NOTICIAS DE LA 4T\"},\"image\":{\"@id\":\"https:\\\/\\\/redamlo.com\\\/#\\\/schema\\\/logo\\\/image\\\/\"}},{\"@type\":\"Person\",\"@id\":\"https:\\\/\\\/redamlo.com\\\/#\\\/schema\\\/person\\\/7223a4375eb8f1a782fcae010a7115cf\",\"name\":\"Blanca\",\"image\":{\"@type\":\"ImageObject\",\"inLanguage\":\"es\",\"@id\":\"https:\\\/\\\/secure.gravatar.com\\\/avatar\\\/3f79bc8336367a4e6093eae8757acaaf61d1124834b905616de7829b0273426d?s=96&d=mm&r=g\",\"url\":\"https:\\\/\\\/secure.gravatar.com\\\/avatar\\\/3f79bc8336367a4e6093eae8757acaaf61d1124834b905616de7829b0273426d?s=96&d=mm&r=g\",\"contentUrl\":\"https:\\\/\\\/secure.gravatar.com\\\/avatar\\\/3f79bc8336367a4e6093eae8757acaaf61d1124834b905616de7829b0273426d?s=96&d=mm&r=g\",\"caption\":\"Blanca\"},\"url\":\"https:\\\/\\\/redamlo.com\\\/index.php\\\/author\\\/blanca\\\/\"}]}<\/script>\n<!-- \/ Yoast SEO plugin. -->","yoast_head_json":{"title":"Los claroscuros de Manuel Bartlett; poder, corrupci\u00f3n e impunidad (fragmento) - NOTICIAS DE LA 4T","robots":{"index":"noindex","follow":"follow","max-snippet":"max-snippet:-1","max-image-preview":"max-image-preview:large","max-video-preview":"max-video-preview:-1"},"og_locale":"es_MX","og_type":"article","og_title":"Los claroscuros de Manuel Bartlett; poder, corrupci\u00f3n e impunidad (fragmento) - NOTICIAS DE LA 4T","og_description":"A continuaci\u00f3n les compartimos un fragmento del libro del escritor y periodista Jos\u00e9 Mart\u00ednez M., autor de obras como Carlos Slim, Retrato In\u00e9dito y La Maestra vida y hechos de Elba Esther Goirdillo...","og_url":"https:\/\/redamlo.com\/index.php\/2019\/10\/01\/los-claroscuros-de-manuel-bartlett-poder-corrupcion-e-impunidad-fragmento\/","og_site_name":"NOTICIAS DE LA 4T","article_published_time":"2019-10-02T00:33:53+00:00","og_image":[{"width":1960,"height":1111,"url":"https:\/\/redamlo.com\/wp-content\/uploads\/2019\/10\/z039.jpg","type":"image\/jpeg"}],"author":"Blanca","twitter_card":"summary_large_image","twitter_misc":{"Escrito por":"Blanca","Tiempo de lectura":"5 minutos"},"schema":{"@context":"https:\/\/schema.org","@graph":[{"@type":"Article","@id":"https:\/\/redamlo.com\/index.php\/2019\/10\/01\/los-claroscuros-de-manuel-bartlett-poder-corrupcion-e-impunidad-fragmento\/#article","isPartOf":{"@id":"https:\/\/redamlo.com\/index.php\/2019\/10\/01\/los-claroscuros-de-manuel-bartlett-poder-corrupcion-e-impunidad-fragmento\/"},"author":{"name":"Blanca","@id":"https:\/\/redamlo.com\/#\/schema\/person\/7223a4375eb8f1a782fcae010a7115cf"},"headline":"Los claroscuros de Manuel Bartlett; poder, corrupci\u00f3n e impunidad (fragmento)","datePublished":"2019-10-02T00:33:53+00:00","mainEntityOfPage":{"@id":"https:\/\/redamlo.com\/index.php\/2019\/10\/01\/los-claroscuros-de-manuel-bartlett-poder-corrupcion-e-impunidad-fragmento\/"},"wordCount":970,"commentCount":0,"publisher":{"@id":"https:\/\/redamlo.com\/#organization"},"image":{"@id":"https:\/\/redamlo.com\/index.php\/2019\/10\/01\/los-claroscuros-de-manuel-bartlett-poder-corrupcion-e-impunidad-fragmento\/#primaryimage"},"thumbnailUrl":"https:\/\/redamlo.com\/wp-content\/uploads\/2019\/10\/z039.jpg","keywords":["AMLO","CFE","corrupci\u00f3n e impunidad","Difunet","Jos\u00e9 Mart\u00ednez M.","libro","Los claroscuros de Manuel Bartlett; poder","Manuel Barttlet"],"articleSection":["Uncategorized"],"inLanguage":"es","potentialAction":[{"@type":"CommentAction","name":"Comment","target":["https:\/\/redamlo.com\/index.php\/2019\/10\/01\/los-claroscuros-de-manuel-bartlett-poder-corrupcion-e-impunidad-fragmento\/#respond"]}]},{"@type":"WebPage","@id":"https:\/\/redamlo.com\/index.php\/2019\/10\/01\/los-claroscuros-de-manuel-bartlett-poder-corrupcion-e-impunidad-fragmento\/","url":"https:\/\/redamlo.com\/index.php\/2019\/10\/01\/los-claroscuros-de-manuel-bartlett-poder-corrupcion-e-impunidad-fragmento\/","name":"Los claroscuros de Manuel Bartlett; poder, corrupci\u00f3n e impunidad (fragmento) - NOTICIAS DE LA 4T","isPartOf":{"@id":"https:\/\/redamlo.com\/#website"},"primaryImageOfPage":{"@id":"https:\/\/redamlo.com\/index.php\/2019\/10\/01\/los-claroscuros-de-manuel-bartlett-poder-corrupcion-e-impunidad-fragmento\/#primaryimage"},"image":{"@id":"https:\/\/redamlo.com\/index.php\/2019\/10\/01\/los-claroscuros-de-manuel-bartlett-poder-corrupcion-e-impunidad-fragmento\/#primaryimage"},"thumbnailUrl":"https:\/\/redamlo.com\/wp-content\/uploads\/2019\/10\/z039.jpg","datePublished":"2019-10-02T00:33:53+00:00","breadcrumb":{"@id":"https:\/\/redamlo.com\/index.php\/2019\/10\/01\/los-claroscuros-de-manuel-bartlett-poder-corrupcion-e-impunidad-fragmento\/#breadcrumb"},"inLanguage":"es","potentialAction":[{"@type":"ReadAction","target":["https:\/\/redamlo.com\/index.php\/2019\/10\/01\/los-claroscuros-de-manuel-bartlett-poder-corrupcion-e-impunidad-fragmento\/"]}]},{"@type":"ImageObject","inLanguage":"es","@id":"https:\/\/redamlo.com\/index.php\/2019\/10\/01\/los-claroscuros-de-manuel-bartlett-poder-corrupcion-e-impunidad-fragmento\/#primaryimage","url":"https:\/\/redamlo.com\/wp-content\/uploads\/2019\/10\/z039.jpg","contentUrl":"https:\/\/redamlo.com\/wp-content\/uploads\/2019\/10\/z039.jpg","width":1960,"height":1111,"caption":"El director de la CFE, Manuel Barttlet y el presidente Andr\u00e9s Manuel L\u00f3pez Obrador"},{"@type":"BreadcrumbList","@id":"https:\/\/redamlo.com\/index.php\/2019\/10\/01\/los-claroscuros-de-manuel-bartlett-poder-corrupcion-e-impunidad-fragmento\/#breadcrumb","itemListElement":[{"@type":"ListItem","position":1,"name":"Inicio","item":"https:\/\/redamlo.com\/"},{"@type":"ListItem","position":2,"name":"Los claroscuros de Manuel Bartlett; poder, corrupci\u00f3n e impunidad (fragmento)"}]},{"@type":"WebSite","@id":"https:\/\/redamlo.com\/#website","url":"https:\/\/redamlo.com\/","name":"NOTICIAS DE LA 4T","description":"","publisher":{"@id":"https:\/\/redamlo.com\/#organization"},"potentialAction":[{"@type":"SearchAction","target":{"@type":"EntryPoint","urlTemplate":"https:\/\/redamlo.com\/?s={search_term_string}"},"query-input":{"@type":"PropertyValueSpecification","valueRequired":true,"valueName":"search_term_string"}}],"inLanguage":"es"},{"@type":"Organization","@id":"https:\/\/redamlo.com\/#organization","name":"NOTICIAS DE LA 4T","url":"https:\/\/redamlo.com\/","logo":{"@type":"ImageObject","inLanguage":"es","@id":"https:\/\/redamlo.com\/#\/schema\/logo\/image\/","url":"https:\/\/redamlo.com\/wp-content\/uploads\/2024\/08\/cropped-RED-AMLO-logo-50.png","contentUrl":"https:\/\/redamlo.com\/wp-content\/uploads\/2024\/08\/cropped-RED-AMLO-logo-50.png","width":256,"height":256,"caption":"NOTICIAS DE LA 4T"},"image":{"@id":"https:\/\/redamlo.com\/#\/schema\/logo\/image\/"}},{"@type":"Person","@id":"https:\/\/redamlo.com\/#\/schema\/person\/7223a4375eb8f1a782fcae010a7115cf","name":"Blanca","image":{"@type":"ImageObject","inLanguage":"es","@id":"https:\/\/secure.gravatar.com\/avatar\/3f79bc8336367a4e6093eae8757acaaf61d1124834b905616de7829b0273426d?s=96&d=mm&r=g","url":"https:\/\/secure.gravatar.com\/avatar\/3f79bc8336367a4e6093eae8757acaaf61d1124834b905616de7829b0273426d?s=96&d=mm&r=g","contentUrl":"https:\/\/secure.gravatar.com\/avatar\/3f79bc8336367a4e6093eae8757acaaf61d1124834b905616de7829b0273426d?s=96&d=mm&r=g","caption":"Blanca"},"url":"https:\/\/redamlo.com\/index.php\/author\/blanca\/"}]}},"_links":{"self":[{"href":"https:\/\/redamlo.com\/index.php\/wp-json\/wp\/v2\/posts\/532","targetHints":{"allow":["GET"]}}],"collection":[{"href":"https:\/\/redamlo.com\/index.php\/wp-json\/wp\/v2\/posts"}],"about":[{"href":"https:\/\/redamlo.com\/index.php\/wp-json\/wp\/v2\/types\/post"}],"author":[{"embeddable":true,"href":"https:\/\/redamlo.com\/index.php\/wp-json\/wp\/v2\/users\/2"}],"replies":[{"embeddable":true,"href":"https:\/\/redamlo.com\/index.php\/wp-json\/wp\/v2\/comments?post=532"}],"version-history":[{"count":0,"href":"https:\/\/redamlo.com\/index.php\/wp-json\/wp\/v2\/posts\/532\/revisions"}],"wp:featuredmedia":[{"embeddable":true,"href":"https:\/\/redamlo.com\/index.php\/wp-json\/wp\/v2\/media\/534"}],"wp:attachment":[{"href":"https:\/\/redamlo.com\/index.php\/wp-json\/wp\/v2\/media?parent=532"}],"wp:term":[{"taxonomy":"category","embeddable":true,"href":"https:\/\/redamlo.com\/index.php\/wp-json\/wp\/v2\/categories?post=532"},{"taxonomy":"post_tag","embeddable":true,"href":"https:\/\/redamlo.com\/index.php\/wp-json\/wp\/v2\/tags?post=532"}],"curies":[{"name":"wp","href":"https:\/\/api.w.org\/{rel}","templated":true}]}}