{"id":5318,"date":"2021-09-22T13:38:22","date_gmt":"2021-09-22T18:38:22","guid":{"rendered":"https:\/\/redamlo.com\/?p=5318"},"modified":"2021-09-22T13:38:22","modified_gmt":"2021-09-22T18:38:22","slug":"basta-de-discursos-hace-falta-accion-el-contundente-llamado-de-lopez-obrador-para-atender-la-crisis-migratoria-en-la-frontera-con-ee-uu","status":"publish","type":"post","link":"https:\/\/redamlo.com\/index.php\/2021\/09\/22\/basta-de-discursos-hace-falta-accion-el-contundente-llamado-de-lopez-obrador-para-atender-la-crisis-migratoria-en-la-frontera-con-ee-uu\/","title":{"rendered":"&#8220;Basta de discursos, hace falta acci\u00f3n&#8221;: El contundente llamado de L\u00f3pez Obrador para atender la crisis migratoria en la frontera con EE.UU."},"content":{"rendered":"\n\nRealidades.- El mandatario mexicano exige lograr un acuerdo definitivo de inversi\u00f3n para atender la situaci\u00f3n de las personas migrantes.\n\n \n<figure class=\"wp-block-image is-resized\"><img loading=\"lazy\" decoding=\"async\" src=\"https:\/\/cdni.rt.com\/actualidad\/public_images\/2021.09\/thumbnail\/614b4f52e9ff714565165f4c.jpg\" alt=\"&quot;Basta de discursos, hace falta acci\u00f3n&quot;: El contundente llamado de L\u00f3pez Obrador para atender la crisis migratoria en la frontera con EE.UU.\" width=\"720\" height=\"404\" \/><figcaption>Los migrantes haitianos contin\u00faan cruzando la frontera entre EE.UU. y M\u00e9xico. 20 de septiembre de 2021Paul Ratje\u00a0\/ AFP<\/figcaption><\/figure>\n \n\nEl presidente de M\u00e9xico, Andr\u00e9s Manuel L\u00f3pez Obrador, inst\u00f3 este mi\u00e9rcoles al Gobierno de EE.UU. a dejar de lado las declaraciones pol\u00edticas y suscribir de una vez un convenio para el desarrollo de Centroam\u00e9rica, que permita\u00a0atender de fondo las causas de la actual crisis migratoria.\n\n \n\n&#8220;Desde la \u00e9poca del presidente Kennedy,\u00a0<strong>EE.UU. no ha invertido lo suficiente para la regi\u00f3n<\/strong>&#8220;, acot\u00f3 el mandatario en su habitual\u00a0<a href=\"https:\/\/www.youtube.com\/watch?v=3xm8OgtZTu8\" target=\"_blank\" rel=\"noreferrer noopener\">conferencia<\/a>\u00a0matutina, tras recordar que en la d\u00e9cada de los 60, Washington ejecut\u00f3\u00a0un plan de desarrollo por diez a\u00f1os, por un monto actual equivalente a\u00a0120.000 millones de d\u00f3lares.\n\n \n\n&#8220;\u00bfCu\u00e1nto han invertido desde entonces a la fecha para el desarrollo de Am\u00e9rica Latina y el Caribe?\u00a0<strong>Ni el 10 % de esa cantidad<\/strong>&#8220;, cuestion\u00f3 L\u00f3pez Obrador, quien insiste en que se aplique un abordaje integral de la cuesti\u00f3n migratoria, que vaya m\u00e1s all\u00e1 de las &#8220;medidas coercitivas&#8221; contra las personas que intentan llegar a EE.UU.\n\n \n<figure class=\"wp-block-embed is-type-rich is-provider-gestor-del-servicio wp-block-embed-gestor-del-servicio wp-embed-aspect-16-9 wp-has-aspect-ratio\">\n<div class=\"wp-block-embed__wrapper\">https:\/\/www.youtube.com\/embed\/AK_0MhONbTA<\/div><\/figure>\n \n\nEn ese sentido, argument\u00f3 que lo que quiere su pa\u00eds es un enfoque humanitario, diferente a la perspectiva de fuerza del &#8220;<a href=\"https:\/\/actualidad.rt.com\/actualidad\/314108-lopez-obrador-eeuu-iniciativa-merida\" target=\"_blank\" rel=\"noreferrer noopener\">Plan M\u00e9rida<\/a>&#8221; (una iniciativa de cooperaci\u00f3n con EE.UU. que se firm\u00f3 en 2008), por lo que urgi\u00f3 a las autoridades estadounidenses a abocarse a la firma de un acuerdo que implique la asignaci\u00f3n de recursos para programas de desarrollo.\n\n \n<h3 class=\"wp-block-heading\">&#8220;No ha llegado nada&#8221;<\/h3>\n \n\nLas declaraciones del mandatario se dan en una semana que ha estado marcada por las escandalosas\u00a0<a href=\"https:\/\/actualidad.rt.com\/actualidad\/404633-patrullas-fronterizas-caballo-utilizar-riendas\" target=\"_blank\" rel=\"noreferrer noopener\">im\u00e1genes<\/a>\u00a0de la frontera entre M\u00e9xico y EE.UU., debido a la represi\u00f3n que ejercen las autoridades estadounidenses contra la poblaci\u00f3n migrante que intenta llegar a territorio norteamericano.\n\n \n\nPara L\u00f3pez Obrador, la soluci\u00f3n est\u00e1 en que EE.UU.<strong>\u00a0invierta en programas de desarrollo<\/strong>\u00a0para toda la regi\u00f3n, especialmente la centroamericana. Por ello, su Gobierno ha dise\u00f1ado un plan\u00a0que pretende contar con el financiamiento de la Casa Blanca, sin embargo, este mi\u00e9rcoles confirm\u00f3 que &#8220;no ha llegado nada&#8221; de los recursos que hab\u00eda prometido Washington para impulsarlo.\n\n \n<figure class=\"wp-block-image\"><img decoding=\"async\" src=\"https:\/\/i.ytimg.com\/vi\/y46deJRTUqE\/maxresdefault.jpg\" alt=\"Pol\u00e9mica en Estados Unidos por el maltrato de los guardias fronterizos  contra inmigrantes haitianos - YouTube\" \/><\/figure>\n \n\n&#8220;Primero \u2013expuso\u2013 hab\u00eda el compromiso de que iban a invertir 4.000 millones: 2.000 para Centroam\u00e9rica y 2.000 para M\u00e9xico.<strong>\u00a0Imag\u00ednense si me hubiese quedado parado esper\u00e1ndolo, me hubiese cansado<\/strong>. No ha llegado nada, nada. Entonces ya, basta de discursos, hace falta la acci\u00f3n&#8221;.\n\n \n\nEl presidente mexicano considera que en la actualidad hay disposici\u00f3n entre las partes\u00a0para lograr un acuerdo en materia migratoria, especialmente tras la designaci\u00f3n de la vicepresidenta de EE.UU., Kamala Harris, como cabeza del tema, por lo que reiter\u00f3 que ya es momento de ejecutar pol\u00edticas concretas.\n\n \n<figure class=\"wp-block-image is-resized\"><img loading=\"lazy\" decoding=\"async\" src=\"https:\/\/cdni.rt.com\/actualidad\/public_images\/2021.09\/thumbnail\/6149a42859bf5b36731fc5e5.jpg\" alt=\"Patrullas montadas de EE.UU. aparentemente amenazan con riendas a haitianos que cruzan el r\u00edo Bravo y la Casa Blanca lo tilda de &quot;horrible de ver&quot;\" width=\"746\" height=\"419\" \/><figcaption><a href=\"https:\/\/actualidad.rt.com\/actualidad\/404633-patrullas-fronterizas-caballo-utilizar-riendas\">Patrullas montadas de EE.UU. aparentemente amenazan con riendas a haitianos que cruzan el r\u00edo Bravo y la Casa Blanca lo tilda de &#8220;horrible de ver&#8221;<\/a><\/figcaption><\/figure>\n \n\n&#8220;Hay condiciones inmejorables como para suscribir un buen convenio para el desarrollo de\u00a0Am\u00e9rica Latina y el Caribe, y en particular con los pa\u00edses de Centroam\u00e9rica. Entonces vamos a esperar,\u00a0<strong>yo pienso que s\u00ed habr\u00e1 resultado<\/strong>&#8220;.\n\n \n<h3 class=\"wp-block-heading\">Ordenar el flujo migratorio<\/h3>\n \n\nEste mi\u00e9rcoles, L\u00f3pez Obrador dio mayores detalles de la propuesta que M\u00e9xico ha presentado a EE.UU. para &#8220;ordenar el flujo migratorio&#8221; y atender las ra\u00edces que empujan a las personas a salir de sus pa\u00edses en b\u00fasqueda de mejores condiciones de vida.\n\n \n\nUna de ellas consiste en que Washington financie planes\u00a0como Sembrando Vida, en el sur de M\u00e9xico y Centroam\u00e9rica, para ofrecer una alternativa de trabajo a los migrantes. Sobre esa propuesta, explic\u00f3: &#8220;Lo que le estoy planteando al presidente Biden es que se les d\u00e9 a los\u00a0que se inscriban en estos programas, la esperanza de contar con<strong>\u00a0una visa de trabajo temporal<\/strong>\u00a0para que puedan ir seis meses a los EE.UU.&#8221; y despu\u00e9s regresar a sus pa\u00edses de origen.\n\n \n<figure class=\"wp-block-image\"><img decoding=\"async\" src=\"https:\/\/resizer.glanacion.com\/resizer\/BKT3VOHcR7K9HFLotPkKf_-yoWY=\/768x0\/filters:quality(80)\/cloudfront-us-east-1.images.arcpublishing.com\/lanacionar\/XMMLAYFKSVGVRLFEMTV6CUOQ5U.JPG\" alt=\"Esc\u00e1ndalo en EE.UU. por el maltrato a haitianos en la frontera por parte de  guardias fronterizos a caballo - LA NACION\" \/><\/figure>\n \n\nEl mandatario insisti\u00f3 en que este planteamiento es doblemente beneficioso para EE.UU., no solo porque le permitir\u00eda tener mayor\u00a0control sobre la cuesti\u00f3n migratoria, sino porque la medida impulsar\u00eda el crecimiento econ\u00f3mico de la econom\u00eda estadounidense. &#8220;\u00bfPor qu\u00e9 no hacemos una planeaci\u00f3n?<strong>\u00a0Para crecer se requiere de la fuerza de trabajo<\/strong>, as\u00ed como es importante el capital en una empresa&#8221;.\n\n \n\nFuente<a href=\"https:\/\/actualidad.rt.com\/actualidad\/404799-basta-discursos-contundente-llamado-lopez-obrador\">: RT<\/a>\n\n \n\n&nbsp;\n\n","protected":false},"excerpt":{"rendered":"<p>Realidades.- El mandatario mexicano exige lograr un acuerdo definitivo de inversi\u00f3n para atender la situaci\u00f3n&#8230;<\/p>\n","protected":false},"author":2,"featured_media":5319,"comment_status":"open","ping_status":"closed","sticky":false,"template":"","format":"standard","meta":{"footnotes":""},"categories":[25,13],"tags":[84,1522,1523,1524,207,1525,1526,1527,1528,1529],"class_list":["post-5318","post","type-post","status-publish","format-standard","has-post-thumbnail","hentry","category-4t","category-internacionales","tag-amlo","tag-basta-de-discursos","tag-basta-de-simulacion","tag-crisis-migratoria","tag-estados-unidos","tag-hace-flata-accion","tag-inmigrantes","tag-invercion","tag-maltrato-a-inmigranes","tag-plan-merida"],"yoast_head":"<!-- This site is optimized with the Yoast SEO plugin v27.5 - https:\/\/yoast.com\/product\/yoast-seo-wordpress\/ -->\n<title>&quot;Basta de discursos, hace falta acci\u00f3n&quot;: El contundente llamado de L\u00f3pez Obrador para atender la crisis migratoria en la frontera con EE.UU. - NOTICIAS DE LA 4T<\/title>\n<meta name=\"robots\" content=\"noindex, follow, max-snippet:-1, max-image-preview:large, max-video-preview:-1\" \/>\n<meta property=\"og:locale\" content=\"es_MX\" \/>\n<meta property=\"og:type\" content=\"article\" \/>\n<meta property=\"og:title\" content=\"&quot;Basta de discursos, hace falta acci\u00f3n&quot;: El contundente llamado de L\u00f3pez Obrador para atender la crisis migratoria en la frontera con EE.UU. - NOTICIAS DE LA 4T\" \/>\n<meta property=\"og:description\" content=\"Realidades.- El mandatario mexicano exige lograr un acuerdo definitivo de inversi\u00f3n para atender la situaci\u00f3n...\" \/>\n<meta property=\"og:url\" content=\"https:\/\/redamlo.com\/index.php\/2021\/09\/22\/basta-de-discursos-hace-falta-accion-el-contundente-llamado-de-lopez-obrador-para-atender-la-crisis-migratoria-en-la-frontera-con-ee-uu\/\" \/>\n<meta property=\"og:site_name\" content=\"NOTICIAS DE LA 4T\" \/>\n<meta property=\"article:published_time\" content=\"2021-09-22T18:38:22+00:00\" \/>\n<meta property=\"og:image\" content=\"https:\/\/redamlo.com\/wp-content\/uploads\/2021\/09\/454-18.png\" \/>\n\t<meta property=\"og:image:width\" content=\"960\" \/>\n\t<meta property=\"og:image:height\" content=\"536\" \/>\n\t<meta property=\"og:image:type\" content=\"image\/png\" \/>\n<meta name=\"author\" content=\"Blanca\" \/>\n<meta name=\"twitter:card\" content=\"summary_large_image\" \/>\n<meta name=\"twitter:label1\" content=\"Escrito por\" \/>\n\t<meta name=\"twitter:data1\" content=\"Blanca\" \/>\n\t<meta name=\"twitter:label2\" content=\"Tiempo de lectura\" \/>\n\t<meta name=\"twitter:data2\" content=\"4 minutos\" \/>\n<script type=\"application\/ld+json\" class=\"yoast-schema-graph\">{\"@context\":\"https:\\\/\\\/schema.org\",\"@graph\":[{\"@type\":\"Article\",\"@id\":\"https:\\\/\\\/redamlo.com\\\/index.php\\\/2021\\\/09\\\/22\\\/basta-de-discursos-hace-falta-accion-el-contundente-llamado-de-lopez-obrador-para-atender-la-crisis-migratoria-en-la-frontera-con-ee-uu\\\/#article\",\"isPartOf\":{\"@id\":\"https:\\\/\\\/redamlo.com\\\/index.php\\\/2021\\\/09\\\/22\\\/basta-de-discursos-hace-falta-accion-el-contundente-llamado-de-lopez-obrador-para-atender-la-crisis-migratoria-en-la-frontera-con-ee-uu\\\/\"},\"author\":{\"name\":\"Blanca\",\"@id\":\"https:\\\/\\\/redamlo.com\\\/#\\\/schema\\\/person\\\/7223a4375eb8f1a782fcae010a7115cf\"},\"headline\":\"&#8220;Basta de discursos, hace falta acci\u00f3n&#8221;: El contundente llamado de L\u00f3pez Obrador para atender la crisis migratoria en la frontera con EE.UU.\",\"datePublished\":\"2021-09-22T18:38:22+00:00\",\"mainEntityOfPage\":{\"@id\":\"https:\\\/\\\/redamlo.com\\\/index.php\\\/2021\\\/09\\\/22\\\/basta-de-discursos-hace-falta-accion-el-contundente-llamado-de-lopez-obrador-para-atender-la-crisis-migratoria-en-la-frontera-con-ee-uu\\\/\"},\"wordCount\":793,\"commentCount\":0,\"publisher\":{\"@id\":\"https:\\\/\\\/redamlo.com\\\/#organization\"},\"image\":{\"@id\":\"https:\\\/\\\/redamlo.com\\\/index.php\\\/2021\\\/09\\\/22\\\/basta-de-discursos-hace-falta-accion-el-contundente-llamado-de-lopez-obrador-para-atender-la-crisis-migratoria-en-la-frontera-con-ee-uu\\\/#primaryimage\"},\"thumbnailUrl\":\"https:\\\/\\\/redamlo.com\\\/wp-content\\\/uploads\\\/2021\\\/09\\\/454-18.png\",\"keywords\":[\"AMLO\",\"Basta de discursos\",\"Basta de simulaci\u00f3n\",\"Crisis migratoria\",\"Estados Unidos\",\"Hace flata acci\u00f3n\",\"Inmigrantes\",\"Inverci\u00f3n\",\"Maltrato a inmigranes\",\"Plan Merida\"],\"articleSection\":[\"4T\",\"Internacionales\"],\"inLanguage\":\"es\",\"potentialAction\":[{\"@type\":\"CommentAction\",\"name\":\"Comment\",\"target\":[\"https:\\\/\\\/redamlo.com\\\/index.php\\\/2021\\\/09\\\/22\\\/basta-de-discursos-hace-falta-accion-el-contundente-llamado-de-lopez-obrador-para-atender-la-crisis-migratoria-en-la-frontera-con-ee-uu\\\/#respond\"]}]},{\"@type\":\"WebPage\",\"@id\":\"https:\\\/\\\/redamlo.com\\\/index.php\\\/2021\\\/09\\\/22\\\/basta-de-discursos-hace-falta-accion-el-contundente-llamado-de-lopez-obrador-para-atender-la-crisis-migratoria-en-la-frontera-con-ee-uu\\\/\",\"url\":\"https:\\\/\\\/redamlo.com\\\/index.php\\\/2021\\\/09\\\/22\\\/basta-de-discursos-hace-falta-accion-el-contundente-llamado-de-lopez-obrador-para-atender-la-crisis-migratoria-en-la-frontera-con-ee-uu\\\/\",\"name\":\"\\\"Basta de discursos, hace falta acci\u00f3n\\\": El contundente llamado de L\u00f3pez Obrador para atender la crisis migratoria en la frontera con EE.UU. - NOTICIAS DE LA 4T\",\"isPartOf\":{\"@id\":\"https:\\\/\\\/redamlo.com\\\/#website\"},\"primaryImageOfPage\":{\"@id\":\"https:\\\/\\\/redamlo.com\\\/index.php\\\/2021\\\/09\\\/22\\\/basta-de-discursos-hace-falta-accion-el-contundente-llamado-de-lopez-obrador-para-atender-la-crisis-migratoria-en-la-frontera-con-ee-uu\\\/#primaryimage\"},\"image\":{\"@id\":\"https:\\\/\\\/redamlo.com\\\/index.php\\\/2021\\\/09\\\/22\\\/basta-de-discursos-hace-falta-accion-el-contundente-llamado-de-lopez-obrador-para-atender-la-crisis-migratoria-en-la-frontera-con-ee-uu\\\/#primaryimage\"},\"thumbnailUrl\":\"https:\\\/\\\/redamlo.com\\\/wp-content\\\/uploads\\\/2021\\\/09\\\/454-18.png\",\"datePublished\":\"2021-09-22T18:38:22+00:00\",\"breadcrumb\":{\"@id\":\"https:\\\/\\\/redamlo.com\\\/index.php\\\/2021\\\/09\\\/22\\\/basta-de-discursos-hace-falta-accion-el-contundente-llamado-de-lopez-obrador-para-atender-la-crisis-migratoria-en-la-frontera-con-ee-uu\\\/#breadcrumb\"},\"inLanguage\":\"es\",\"potentialAction\":[{\"@type\":\"ReadAction\",\"target\":[\"https:\\\/\\\/redamlo.com\\\/index.php\\\/2021\\\/09\\\/22\\\/basta-de-discursos-hace-falta-accion-el-contundente-llamado-de-lopez-obrador-para-atender-la-crisis-migratoria-en-la-frontera-con-ee-uu\\\/\"]}]},{\"@type\":\"ImageObject\",\"inLanguage\":\"es\",\"@id\":\"https:\\\/\\\/redamlo.com\\\/index.php\\\/2021\\\/09\\\/22\\\/basta-de-discursos-hace-falta-accion-el-contundente-llamado-de-lopez-obrador-para-atender-la-crisis-migratoria-en-la-frontera-con-ee-uu\\\/#primaryimage\",\"url\":\"https:\\\/\\\/redamlo.com\\\/wp-content\\\/uploads\\\/2021\\\/09\\\/454-18.png\",\"contentUrl\":\"https:\\\/\\\/redamlo.com\\\/wp-content\\\/uploads\\\/2021\\\/09\\\/454-18.png\",\"width\":960,\"height\":536},{\"@type\":\"BreadcrumbList\",\"@id\":\"https:\\\/\\\/redamlo.com\\\/index.php\\\/2021\\\/09\\\/22\\\/basta-de-discursos-hace-falta-accion-el-contundente-llamado-de-lopez-obrador-para-atender-la-crisis-migratoria-en-la-frontera-con-ee-uu\\\/#breadcrumb\",\"itemListElement\":[{\"@type\":\"ListItem\",\"position\":1,\"name\":\"Inicio\",\"item\":\"https:\\\/\\\/redamlo.com\\\/\"},{\"@type\":\"ListItem\",\"position\":2,\"name\":\"&#8220;Basta de discursos, hace falta acci\u00f3n&#8221;: El contundente llamado de L\u00f3pez Obrador para atender la crisis migratoria en la frontera con EE.UU.\"}]},{\"@type\":\"WebSite\",\"@id\":\"https:\\\/\\\/redamlo.com\\\/#website\",\"url\":\"https:\\\/\\\/redamlo.com\\\/\",\"name\":\"NOTICIAS DE LA 4T\",\"description\":\"\",\"publisher\":{\"@id\":\"https:\\\/\\\/redamlo.com\\\/#organization\"},\"potentialAction\":[{\"@type\":\"SearchAction\",\"target\":{\"@type\":\"EntryPoint\",\"urlTemplate\":\"https:\\\/\\\/redamlo.com\\\/?s={search_term_string}\"},\"query-input\":{\"@type\":\"PropertyValueSpecification\",\"valueRequired\":true,\"valueName\":\"search_term_string\"}}],\"inLanguage\":\"es\"},{\"@type\":\"Organization\",\"@id\":\"https:\\\/\\\/redamlo.com\\\/#organization\",\"name\":\"NOTICIAS DE LA 4T\",\"url\":\"https:\\\/\\\/redamlo.com\\\/\",\"logo\":{\"@type\":\"ImageObject\",\"inLanguage\":\"es\",\"@id\":\"https:\\\/\\\/redamlo.com\\\/#\\\/schema\\\/logo\\\/image\\\/\",\"url\":\"https:\\\/\\\/redamlo.com\\\/wp-content\\\/uploads\\\/2024\\\/08\\\/cropped-RED-AMLO-logo-50.png\",\"contentUrl\":\"https:\\\/\\\/redamlo.com\\\/wp-content\\\/uploads\\\/2024\\\/08\\\/cropped-RED-AMLO-logo-50.png\",\"width\":256,\"height\":256,\"caption\":\"NOTICIAS DE LA 4T\"},\"image\":{\"@id\":\"https:\\\/\\\/redamlo.com\\\/#\\\/schema\\\/logo\\\/image\\\/\"}},{\"@type\":\"Person\",\"@id\":\"https:\\\/\\\/redamlo.com\\\/#\\\/schema\\\/person\\\/7223a4375eb8f1a782fcae010a7115cf\",\"name\":\"Blanca\",\"image\":{\"@type\":\"ImageObject\",\"inLanguage\":\"es\",\"@id\":\"https:\\\/\\\/secure.gravatar.com\\\/avatar\\\/3f79bc8336367a4e6093eae8757acaaf61d1124834b905616de7829b0273426d?s=96&d=mm&r=g\",\"url\":\"https:\\\/\\\/secure.gravatar.com\\\/avatar\\\/3f79bc8336367a4e6093eae8757acaaf61d1124834b905616de7829b0273426d?s=96&d=mm&r=g\",\"contentUrl\":\"https:\\\/\\\/secure.gravatar.com\\\/avatar\\\/3f79bc8336367a4e6093eae8757acaaf61d1124834b905616de7829b0273426d?s=96&d=mm&r=g\",\"caption\":\"Blanca\"},\"url\":\"https:\\\/\\\/redamlo.com\\\/index.php\\\/author\\\/blanca\\\/\"}]}<\/script>\n<!-- \/ Yoast SEO plugin. -->","yoast_head_json":{"title":"\"Basta de discursos, hace falta acci\u00f3n\": El contundente llamado de L\u00f3pez Obrador para atender la crisis migratoria en la frontera con EE.UU. - NOTICIAS DE LA 4T","robots":{"index":"noindex","follow":"follow","max-snippet":"max-snippet:-1","max-image-preview":"max-image-preview:large","max-video-preview":"max-video-preview:-1"},"og_locale":"es_MX","og_type":"article","og_title":"\"Basta de discursos, hace falta acci\u00f3n\": El contundente llamado de L\u00f3pez Obrador para atender la crisis migratoria en la frontera con EE.UU. - NOTICIAS DE LA 4T","og_description":"Realidades.- El mandatario mexicano exige lograr un acuerdo definitivo de inversi\u00f3n para atender la situaci\u00f3n...","og_url":"https:\/\/redamlo.com\/index.php\/2021\/09\/22\/basta-de-discursos-hace-falta-accion-el-contundente-llamado-de-lopez-obrador-para-atender-la-crisis-migratoria-en-la-frontera-con-ee-uu\/","og_site_name":"NOTICIAS DE LA 4T","article_published_time":"2021-09-22T18:38:22+00:00","og_image":[{"width":960,"height":536,"url":"https:\/\/redamlo.com\/wp-content\/uploads\/2021\/09\/454-18.png","type":"image\/png"}],"author":"Blanca","twitter_card":"summary_large_image","twitter_misc":{"Escrito por":"Blanca","Tiempo de lectura":"4 minutos"},"schema":{"@context":"https:\/\/schema.org","@graph":[{"@type":"Article","@id":"https:\/\/redamlo.com\/index.php\/2021\/09\/22\/basta-de-discursos-hace-falta-accion-el-contundente-llamado-de-lopez-obrador-para-atender-la-crisis-migratoria-en-la-frontera-con-ee-uu\/#article","isPartOf":{"@id":"https:\/\/redamlo.com\/index.php\/2021\/09\/22\/basta-de-discursos-hace-falta-accion-el-contundente-llamado-de-lopez-obrador-para-atender-la-crisis-migratoria-en-la-frontera-con-ee-uu\/"},"author":{"name":"Blanca","@id":"https:\/\/redamlo.com\/#\/schema\/person\/7223a4375eb8f1a782fcae010a7115cf"},"headline":"&#8220;Basta de discursos, hace falta acci\u00f3n&#8221;: El contundente llamado de L\u00f3pez Obrador para atender la crisis migratoria en la frontera con EE.UU.","datePublished":"2021-09-22T18:38:22+00:00","mainEntityOfPage":{"@id":"https:\/\/redamlo.com\/index.php\/2021\/09\/22\/basta-de-discursos-hace-falta-accion-el-contundente-llamado-de-lopez-obrador-para-atender-la-crisis-migratoria-en-la-frontera-con-ee-uu\/"},"wordCount":793,"commentCount":0,"publisher":{"@id":"https:\/\/redamlo.com\/#organization"},"image":{"@id":"https:\/\/redamlo.com\/index.php\/2021\/09\/22\/basta-de-discursos-hace-falta-accion-el-contundente-llamado-de-lopez-obrador-para-atender-la-crisis-migratoria-en-la-frontera-con-ee-uu\/#primaryimage"},"thumbnailUrl":"https:\/\/redamlo.com\/wp-content\/uploads\/2021\/09\/454-18.png","keywords":["AMLO","Basta de discursos","Basta de simulaci\u00f3n","Crisis migratoria","Estados Unidos","Hace flata acci\u00f3n","Inmigrantes","Inverci\u00f3n","Maltrato a inmigranes","Plan Merida"],"articleSection":["4T","Internacionales"],"inLanguage":"es","potentialAction":[{"@type":"CommentAction","name":"Comment","target":["https:\/\/redamlo.com\/index.php\/2021\/09\/22\/basta-de-discursos-hace-falta-accion-el-contundente-llamado-de-lopez-obrador-para-atender-la-crisis-migratoria-en-la-frontera-con-ee-uu\/#respond"]}]},{"@type":"WebPage","@id":"https:\/\/redamlo.com\/index.php\/2021\/09\/22\/basta-de-discursos-hace-falta-accion-el-contundente-llamado-de-lopez-obrador-para-atender-la-crisis-migratoria-en-la-frontera-con-ee-uu\/","url":"https:\/\/redamlo.com\/index.php\/2021\/09\/22\/basta-de-discursos-hace-falta-accion-el-contundente-llamado-de-lopez-obrador-para-atender-la-crisis-migratoria-en-la-frontera-con-ee-uu\/","name":"\"Basta de discursos, hace falta acci\u00f3n\": El contundente llamado de L\u00f3pez Obrador para atender la crisis migratoria en la frontera con EE.UU. - NOTICIAS DE LA 4T","isPartOf":{"@id":"https:\/\/redamlo.com\/#website"},"primaryImageOfPage":{"@id":"https:\/\/redamlo.com\/index.php\/2021\/09\/22\/basta-de-discursos-hace-falta-accion-el-contundente-llamado-de-lopez-obrador-para-atender-la-crisis-migratoria-en-la-frontera-con-ee-uu\/#primaryimage"},"image":{"@id":"https:\/\/redamlo.com\/index.php\/2021\/09\/22\/basta-de-discursos-hace-falta-accion-el-contundente-llamado-de-lopez-obrador-para-atender-la-crisis-migratoria-en-la-frontera-con-ee-uu\/#primaryimage"},"thumbnailUrl":"https:\/\/redamlo.com\/wp-content\/uploads\/2021\/09\/454-18.png","datePublished":"2021-09-22T18:38:22+00:00","breadcrumb":{"@id":"https:\/\/redamlo.com\/index.php\/2021\/09\/22\/basta-de-discursos-hace-falta-accion-el-contundente-llamado-de-lopez-obrador-para-atender-la-crisis-migratoria-en-la-frontera-con-ee-uu\/#breadcrumb"},"inLanguage":"es","potentialAction":[{"@type":"ReadAction","target":["https:\/\/redamlo.com\/index.php\/2021\/09\/22\/basta-de-discursos-hace-falta-accion-el-contundente-llamado-de-lopez-obrador-para-atender-la-crisis-migratoria-en-la-frontera-con-ee-uu\/"]}]},{"@type":"ImageObject","inLanguage":"es","@id":"https:\/\/redamlo.com\/index.php\/2021\/09\/22\/basta-de-discursos-hace-falta-accion-el-contundente-llamado-de-lopez-obrador-para-atender-la-crisis-migratoria-en-la-frontera-con-ee-uu\/#primaryimage","url":"https:\/\/redamlo.com\/wp-content\/uploads\/2021\/09\/454-18.png","contentUrl":"https:\/\/redamlo.com\/wp-content\/uploads\/2021\/09\/454-18.png","width":960,"height":536},{"@type":"BreadcrumbList","@id":"https:\/\/redamlo.com\/index.php\/2021\/09\/22\/basta-de-discursos-hace-falta-accion-el-contundente-llamado-de-lopez-obrador-para-atender-la-crisis-migratoria-en-la-frontera-con-ee-uu\/#breadcrumb","itemListElement":[{"@type":"ListItem","position":1,"name":"Inicio","item":"https:\/\/redamlo.com\/"},{"@type":"ListItem","position":2,"name":"&#8220;Basta de discursos, hace falta acci\u00f3n&#8221;: El contundente llamado de L\u00f3pez Obrador para atender la crisis migratoria en la frontera con EE.UU."}]},{"@type":"WebSite","@id":"https:\/\/redamlo.com\/#website","url":"https:\/\/redamlo.com\/","name":"NOTICIAS DE LA 4T","description":"","publisher":{"@id":"https:\/\/redamlo.com\/#organization"},"potentialAction":[{"@type":"SearchAction","target":{"@type":"EntryPoint","urlTemplate":"https:\/\/redamlo.com\/?s={search_term_string}"},"query-input":{"@type":"PropertyValueSpecification","valueRequired":true,"valueName":"search_term_string"}}],"inLanguage":"es"},{"@type":"Organization","@id":"https:\/\/redamlo.com\/#organization","name":"NOTICIAS DE LA 4T","url":"https:\/\/redamlo.com\/","logo":{"@type":"ImageObject","inLanguage":"es","@id":"https:\/\/redamlo.com\/#\/schema\/logo\/image\/","url":"https:\/\/redamlo.com\/wp-content\/uploads\/2024\/08\/cropped-RED-AMLO-logo-50.png","contentUrl":"https:\/\/redamlo.com\/wp-content\/uploads\/2024\/08\/cropped-RED-AMLO-logo-50.png","width":256,"height":256,"caption":"NOTICIAS DE LA 4T"},"image":{"@id":"https:\/\/redamlo.com\/#\/schema\/logo\/image\/"}},{"@type":"Person","@id":"https:\/\/redamlo.com\/#\/schema\/person\/7223a4375eb8f1a782fcae010a7115cf","name":"Blanca","image":{"@type":"ImageObject","inLanguage":"es","@id":"https:\/\/secure.gravatar.com\/avatar\/3f79bc8336367a4e6093eae8757acaaf61d1124834b905616de7829b0273426d?s=96&d=mm&r=g","url":"https:\/\/secure.gravatar.com\/avatar\/3f79bc8336367a4e6093eae8757acaaf61d1124834b905616de7829b0273426d?s=96&d=mm&r=g","contentUrl":"https:\/\/secure.gravatar.com\/avatar\/3f79bc8336367a4e6093eae8757acaaf61d1124834b905616de7829b0273426d?s=96&d=mm&r=g","caption":"Blanca"},"url":"https:\/\/redamlo.com\/index.php\/author\/blanca\/"}]}},"_links":{"self":[{"href":"https:\/\/redamlo.com\/index.php\/wp-json\/wp\/v2\/posts\/5318","targetHints":{"allow":["GET"]}}],"collection":[{"href":"https:\/\/redamlo.com\/index.php\/wp-json\/wp\/v2\/posts"}],"about":[{"href":"https:\/\/redamlo.com\/index.php\/wp-json\/wp\/v2\/types\/post"}],"author":[{"embeddable":true,"href":"https:\/\/redamlo.com\/index.php\/wp-json\/wp\/v2\/users\/2"}],"replies":[{"embeddable":true,"href":"https:\/\/redamlo.com\/index.php\/wp-json\/wp\/v2\/comments?post=5318"}],"version-history":[{"count":0,"href":"https:\/\/redamlo.com\/index.php\/wp-json\/wp\/v2\/posts\/5318\/revisions"}],"wp:featuredmedia":[{"embeddable":true,"href":"https:\/\/redamlo.com\/index.php\/wp-json\/wp\/v2\/media\/5319"}],"wp:attachment":[{"href":"https:\/\/redamlo.com\/index.php\/wp-json\/wp\/v2\/media?parent=5318"}],"wp:term":[{"taxonomy":"category","embeddable":true,"href":"https:\/\/redamlo.com\/index.php\/wp-json\/wp\/v2\/categories?post=5318"},{"taxonomy":"post_tag","embeddable":true,"href":"https:\/\/redamlo.com\/index.php\/wp-json\/wp\/v2\/tags?post=5318"}],"curies":[{"name":"wp","href":"https:\/\/api.w.org\/{rel}","templated":true}]}}