{"id":5199,"date":"2021-09-02T11:16:43","date_gmt":"2021-09-02T16:16:43","guid":{"rendered":"https:\/\/redamlo.com\/?p=5199"},"modified":"2021-09-02T11:16:43","modified_gmt":"2021-09-02T16:16:43","slug":"ip-reconoce-logros-economicos-del-gobierno-de-lopez-obrador","status":"publish","type":"post","link":"https:\/\/redamlo.com\/index.php\/2021\/09\/02\/ip-reconoce-logros-economicos-del-gobierno-de-lopez-obrador\/","title":{"rendered":"IP reconoce logros econ\u00f3micos del gobierno de L\u00f3pez Obrador"},"content":{"rendered":"\n\nRealidades.- El sector privado reconoci\u00f3 que en el tercer a\u00f1o del gobierno del Presidente Andr\u00e9s Manuel L\u00f3pez Obrador se mantuvieron estables las variantes macroecon\u00f3micas, lo cual permiti\u00f3 que se sentaran las bases de las recuperaci\u00f3n, pero consider\u00f3 que se requieren estrategias para avanzar en materia econ\u00f3mica.\n\n \n\nEl Consejo Coordinador Empresarial (CCE) y las confederaciones de C\u00e1maras Nacionales de Comercio, Servicios y Turismo (Concanaco Servytur) y de C\u00e1maras Industriales (Concamin) y reconocieron que la actual administraci\u00f3n ha mantenido la estabilidad macroecon\u00f3mica de la naci\u00f3n en tres a\u00f1os.\n\n \n\nNo obstante, Carlos Salazar Lomel\u00edn, l\u00edder del CCE, la autoridad puede m\u00e1s para reactivar el desarrollo social y econ\u00f3mico. \u201cNo se ha podido movilizar la inversi\u00f3n que es la variable m\u00e1s importante que provoca el crecimiento, siempre hemos insistido en que \u00e9sta debe de ser la obsesi\u00f3n de M\u00e9xico\u201d, dijo.\n\n \n<figure class=\"wp-block-image is-resized\"><img loading=\"lazy\" decoding=\"async\" src=\"https:\/\/www.jornada.com.mx\/ultimas\/2021\/09\/01\/ip-reconoce-logros-economicos-del-gobierno-de-lopez-obrador-3184.html\/informe-5823.html\/image_large\" alt=\"Este mi\u00e9rcoles, el Presidente Andr\u00e9s Manuel L\u00f3pez Obrador entreg\u00f3 su tercer informe de gobierno.\" width=\"724\" height=\"522\" \/><figcaption>Este mi\u00e9rcoles, el Presidente Andr\u00e9s Manuel L\u00f3pez Obrador entreg\u00f3 su tercer informe de gobierno.<\/figcaption><\/figure>\n \n\nComent\u00f3 que s\u00f3lo as\u00ed se generaran m\u00e1s y mejores empleos. Agreg\u00f3 que los niveles de pobreza no han sido atemperado por el gasto y transferencias sociales. \u201cLo cual aplaudimos, pero no creemos que sea suficiente para resolver el problema que tantos a\u00f1os nos ha acompa\u00f1ado\u201d, agreg\u00f3.\n\n \n\nFrancisco Cervantes D\u00edaz, presidente de la Concamin, se\u00f1al\u00f3 que el actual gobierno est\u00e1 \u201csentando bases para una recuperaci\u00f3n econ\u00f3mica que urge a M\u00e9xico\u201d, luego de la pandemia del covid-19.\n\n \n<figure class=\"wp-block-image\"><img decoding=\"async\" src=\"https:\/\/cdn.forbes.com.mx\/2021\/02\/diputados-san-lazaro.jpg\" alt=\"Multinacionales esperan que reforma fiscal en M\u00e9xico motive econom\u00eda\" \/><figcaption><a href=\"https:\/\/www.google.com\/url?sa=i&amp;url=https%3A%2F%2Fwww.forbes.com.mx%2Fmultinacionales-esperan-que-reforma-fiscal-en-mexico-motive-actividad-economica-sin-hostigarlas%2F&amp;psig=AOvVaw1pTti4-IB1GcCAl2SRmUgO&amp;ust=1630684967860000&amp;source=images&amp;cd=vfe&amp;ved=0CAoQjhxqFwoTCNiagsrV4PICFQAAAAAdAAAAABAD\" target=\"_blank\" rel=\"noreferrer noopener\">Multinacionales esperan que reforma fiscal en M\u00e9xico motive econom\u00eda<\/a><\/figcaption><\/figure>\n \n\n\u201cEl Presidente tiene una visi\u00f3n de que M\u00e9xico necesita recuperar su econom\u00eda y confiamos en que la segunda mitad de su administraci\u00f3n se siga trabajando de manera conjunta con el sector privado para promover e impulsar a la industria y el desarrollo y crecimiento econ\u00f3mico\u201d, apunt\u00f3.\n\n \n<figure class=\"wp-block-embed is-type-rich is-provider-gestor-del-servicio wp-block-embed-gestor-del-servicio wp-embed-aspect-16-9 wp-has-aspect-ratio\">\n<div class=\"wp-block-embed__wrapper\">https:\/\/www.youtube.com\/embed\/NlYeOZUZ2SY<\/div><\/figure>\n \n\nPor separado, Jos\u00e9 Manuel L\u00f3pez Campo, presidente de la Concanaco, coment\u00f3 que pese al avance econ\u00f3mico, la emergencia sanitaria a\u00fan afecta a sectores.\n\n \n\nSubray\u00f3 que la recuperaci\u00f3n econ\u00f3mica es gradual, lenta pero sostenida, la cual a pesar de no haberse dado est\u00edmulos fiscales para las peque\u00f1as y medianas empresas, muchas de ellas lograron sobrevivir.\n\n \n<figure class=\"wp-block-image\"><img decoding=\"async\" src=\"https:\/\/cdn.forbes.com.mx\/2021\/01\/medinamora.jpg\" alt=\"Multinacionales esperan que reforma fiscal en M\u00e9xico motive econom\u00eda\" \/><figcaption><a href=\"https:\/\/www.google.com\/url?sa=i&amp;url=https%3A%2F%2Fwww.forbes.com.mx%2Fmultinacionales-esperan-que-reforma-fiscal-en-mexico-motive-actividad-economica-sin-hostigarlas%2F&amp;psig=AOvVaw1pTti4-IB1GcCAl2SRmUgO&amp;ust=1630684967860000&amp;source=images&amp;cd=vfe&amp;ved=0CAoQjhxqFwoTCNiagsrV4PICFQAAAAAdAAAAABAQ\" target=\"_blank\" rel=\"noreferrer noopener\">Multinacionales esperan que reforma fiscal en M\u00e9xico motive econom\u00eda<\/a><\/figcaption><\/figure>\n \n\nComent\u00f3 que es necesario que el gobierno federal impulse un programa para rescatar a los negocios del sector de los servicios y el turismo que puede ser un motor para la recuperaci\u00f3n econ\u00f3mica y de los empleos. Tambi\u00e9n consider\u00f3 que se debe acelerar el Plan de Vacunaci\u00f3n.\n\n \n\nLa Confederaci\u00f3n Patronal de la Rep\u00fablica Mexicana (Coparmex) reconoci\u00f3 el trabajo realizado por gobierno de M\u00e9xico para cumplir los compromisos adquiridos.\n\n \n\nSin embargo, mostr\u00f3 su preocupaci\u00f3n por el anuncio sobre la iniciativa de reforma constitucional que el presidente L\u00f3pez Obrador enviar\u00e1 al Congreso de la Uni\u00f3n para detener la privatizaci\u00f3n del mercado el\u00e9ctrico y fortalecer exclusivamente a la Comisi\u00f3n Federal de Electricidad (CFE).\n\n \n<figure class=\"wp-block-embed is-type-rich is-provider-gestor-del-servicio wp-block-embed-gestor-del-servicio wp-embed-aspect-16-9 wp-has-aspect-ratio\">\n<div class=\"wp-block-embed__wrapper\">https:\/\/www.youtube.com\/embed\/Eg13d8aSmpY<\/div><\/figure>\n \n\n\u201cConsideramos que estas decisiones no s\u00f3lo atentan contra la libre competencia y la libre concurrencia, sino que frenan la participaci\u00f3n de nuestro pa\u00eds en los esfuerzos globales para detener el cambio clim\u00e1tico\u201d, dijo.\n\n \n\nFuente: <a href=\"https:\/\/www.jornada.com.mx\/notas\/2021\/09\/01\/economia\/ip-reconoce-logros-economicos-del-gobierno-de-lopez-obrador\/?fbclid=IwAR3ITfNEo3IhJduDh1xgn5pVHQ8oiRb4agYEvdHylEwtXQAf3b72whqdjuA\">lajornada.com.mx<\/a>\n\n","protected":false},"excerpt":{"rendered":"<p>Realidades.- El sector privado reconoci\u00f3 que en el tercer a\u00f1o del gobierno del Presidente Andr\u00e9s&#8230;<\/p>\n","protected":false},"author":2,"featured_media":5200,"comment_status":"open","ping_status":"closed","sticky":false,"template":"","format":"standard","meta":{"footnotes":""},"categories":[25,37,20],"tags":[1344,1345,1346,1347,1348,1183,1349,1350,1351,1352,1353,586,1354],"class_list":["post-5199","post","type-post","status-publish","format-standard","has-post-thumbnail","hentry","category-4t","category-economia","category-nacionales","tag-cce","tag-concamin","tag-concanaco-servytur","tag-confederaciones-de-camaras-nacionales","tag-crecimiento","tag-desarrollo-economico","tag-desarrollo-social","tag-estabilidad-macroeconomica","tag-gobierno-de-lopez-obrador","tag-ip","tag-reconoce-logros-economicos","tag-recuperacion","tag-sector-privado"],"yoast_head":"<!-- This site is optimized with the Yoast SEO plugin v27.5 - https:\/\/yoast.com\/product\/yoast-seo-wordpress\/ -->\n<title>IP reconoce logros econ\u00f3micos del gobierno de L\u00f3pez Obrador - NOTICIAS DE LA 4T<\/title>\n<meta name=\"robots\" content=\"noindex, follow, max-snippet:-1, max-image-preview:large, max-video-preview:-1\" \/>\n<meta property=\"og:locale\" content=\"es_MX\" \/>\n<meta property=\"og:type\" content=\"article\" \/>\n<meta property=\"og:title\" content=\"IP reconoce logros econ\u00f3micos del gobierno de L\u00f3pez Obrador - NOTICIAS DE LA 4T\" \/>\n<meta property=\"og:description\" content=\"Realidades.- El sector privado reconoci\u00f3 que en el tercer a\u00f1o del gobierno del Presidente Andr\u00e9s...\" \/>\n<meta property=\"og:url\" content=\"https:\/\/redamlo.com\/index.php\/2021\/09\/02\/ip-reconoce-logros-economicos-del-gobierno-de-lopez-obrador\/\" \/>\n<meta property=\"og:site_name\" content=\"NOTICIAS DE LA 4T\" \/>\n<meta property=\"article:published_time\" content=\"2021-09-02T16:16:43+00:00\" \/>\n<meta property=\"og:image\" content=\"https:\/\/redamlo.com\/wp-content\/uploads\/2021\/09\/454-1.png\" \/>\n\t<meta property=\"og:image:width\" content=\"700\" \/>\n\t<meta property=\"og:image:height\" content=\"334\" \/>\n\t<meta property=\"og:image:type\" content=\"image\/png\" \/>\n<meta name=\"author\" content=\"Blanca\" \/>\n<meta name=\"twitter:card\" content=\"summary_large_image\" \/>\n<meta name=\"twitter:label1\" content=\"Escrito por\" \/>\n\t<meta name=\"twitter:data1\" content=\"Blanca\" \/>\n\t<meta name=\"twitter:label2\" content=\"Tiempo de lectura\" \/>\n\t<meta name=\"twitter:data2\" content=\"3 minutos\" \/>\n<script type=\"application\/ld+json\" class=\"yoast-schema-graph\">{\"@context\":\"https:\\\/\\\/schema.org\",\"@graph\":[{\"@type\":\"Article\",\"@id\":\"https:\\\/\\\/redamlo.com\\\/index.php\\\/2021\\\/09\\\/02\\\/ip-reconoce-logros-economicos-del-gobierno-de-lopez-obrador\\\/#article\",\"isPartOf\":{\"@id\":\"https:\\\/\\\/redamlo.com\\\/index.php\\\/2021\\\/09\\\/02\\\/ip-reconoce-logros-economicos-del-gobierno-de-lopez-obrador\\\/\"},\"author\":{\"name\":\"Blanca\",\"@id\":\"https:\\\/\\\/redamlo.com\\\/#\\\/schema\\\/person\\\/7223a4375eb8f1a782fcae010a7115cf\"},\"headline\":\"IP reconoce logros econ\u00f3micos del gobierno de L\u00f3pez Obrador\",\"datePublished\":\"2021-09-02T16:16:43+00:00\",\"mainEntityOfPage\":{\"@id\":\"https:\\\/\\\/redamlo.com\\\/index.php\\\/2021\\\/09\\\/02\\\/ip-reconoce-logros-economicos-del-gobierno-de-lopez-obrador\\\/\"},\"wordCount\":582,\"commentCount\":0,\"publisher\":{\"@id\":\"https:\\\/\\\/redamlo.com\\\/#organization\"},\"image\":{\"@id\":\"https:\\\/\\\/redamlo.com\\\/index.php\\\/2021\\\/09\\\/02\\\/ip-reconoce-logros-economicos-del-gobierno-de-lopez-obrador\\\/#primaryimage\"},\"thumbnailUrl\":\"https:\\\/\\\/redamlo.com\\\/wp-content\\\/uploads\\\/2021\\\/09\\\/454-1.png\",\"keywords\":[\"CCE\",\"Concamin\",\"Concanaco Servytur\",\"Confederaciones de C\u00e1maras Nacionales\",\"Crecimiento\",\"desarrollo econ\u00f3mico\",\"Desarrollo social\",\"Estabilidad macroecon\u00f3mica\",\"Gobierno de L\u00f3pez Obrador\",\"IP\",\"Reconoce logros Econ\u00f3micos\",\"recuperaci\u00f3n\",\"Sector privado\"],\"articleSection\":[\"4T\",\"Econom\u00eda\",\"Nacionales\"],\"inLanguage\":\"es\",\"potentialAction\":[{\"@type\":\"CommentAction\",\"name\":\"Comment\",\"target\":[\"https:\\\/\\\/redamlo.com\\\/index.php\\\/2021\\\/09\\\/02\\\/ip-reconoce-logros-economicos-del-gobierno-de-lopez-obrador\\\/#respond\"]}]},{\"@type\":\"WebPage\",\"@id\":\"https:\\\/\\\/redamlo.com\\\/index.php\\\/2021\\\/09\\\/02\\\/ip-reconoce-logros-economicos-del-gobierno-de-lopez-obrador\\\/\",\"url\":\"https:\\\/\\\/redamlo.com\\\/index.php\\\/2021\\\/09\\\/02\\\/ip-reconoce-logros-economicos-del-gobierno-de-lopez-obrador\\\/\",\"name\":\"IP reconoce logros econ\u00f3micos del gobierno de L\u00f3pez Obrador - NOTICIAS DE LA 4T\",\"isPartOf\":{\"@id\":\"https:\\\/\\\/redamlo.com\\\/#website\"},\"primaryImageOfPage\":{\"@id\":\"https:\\\/\\\/redamlo.com\\\/index.php\\\/2021\\\/09\\\/02\\\/ip-reconoce-logros-economicos-del-gobierno-de-lopez-obrador\\\/#primaryimage\"},\"image\":{\"@id\":\"https:\\\/\\\/redamlo.com\\\/index.php\\\/2021\\\/09\\\/02\\\/ip-reconoce-logros-economicos-del-gobierno-de-lopez-obrador\\\/#primaryimage\"},\"thumbnailUrl\":\"https:\\\/\\\/redamlo.com\\\/wp-content\\\/uploads\\\/2021\\\/09\\\/454-1.png\",\"datePublished\":\"2021-09-02T16:16:43+00:00\",\"breadcrumb\":{\"@id\":\"https:\\\/\\\/redamlo.com\\\/index.php\\\/2021\\\/09\\\/02\\\/ip-reconoce-logros-economicos-del-gobierno-de-lopez-obrador\\\/#breadcrumb\"},\"inLanguage\":\"es\",\"potentialAction\":[{\"@type\":\"ReadAction\",\"target\":[\"https:\\\/\\\/redamlo.com\\\/index.php\\\/2021\\\/09\\\/02\\\/ip-reconoce-logros-economicos-del-gobierno-de-lopez-obrador\\\/\"]}]},{\"@type\":\"ImageObject\",\"inLanguage\":\"es\",\"@id\":\"https:\\\/\\\/redamlo.com\\\/index.php\\\/2021\\\/09\\\/02\\\/ip-reconoce-logros-economicos-del-gobierno-de-lopez-obrador\\\/#primaryimage\",\"url\":\"https:\\\/\\\/redamlo.com\\\/wp-content\\\/uploads\\\/2021\\\/09\\\/454-1.png\",\"contentUrl\":\"https:\\\/\\\/redamlo.com\\\/wp-content\\\/uploads\\\/2021\\\/09\\\/454-1.png\",\"width\":700,\"height\":334},{\"@type\":\"BreadcrumbList\",\"@id\":\"https:\\\/\\\/redamlo.com\\\/index.php\\\/2021\\\/09\\\/02\\\/ip-reconoce-logros-economicos-del-gobierno-de-lopez-obrador\\\/#breadcrumb\",\"itemListElement\":[{\"@type\":\"ListItem\",\"position\":1,\"name\":\"Inicio\",\"item\":\"https:\\\/\\\/redamlo.com\\\/\"},{\"@type\":\"ListItem\",\"position\":2,\"name\":\"IP reconoce logros econ\u00f3micos del gobierno de L\u00f3pez Obrador\"}]},{\"@type\":\"WebSite\",\"@id\":\"https:\\\/\\\/redamlo.com\\\/#website\",\"url\":\"https:\\\/\\\/redamlo.com\\\/\",\"name\":\"NOTICIAS DE LA 4T\",\"description\":\"\",\"publisher\":{\"@id\":\"https:\\\/\\\/redamlo.com\\\/#organization\"},\"potentialAction\":[{\"@type\":\"SearchAction\",\"target\":{\"@type\":\"EntryPoint\",\"urlTemplate\":\"https:\\\/\\\/redamlo.com\\\/?s={search_term_string}\"},\"query-input\":{\"@type\":\"PropertyValueSpecification\",\"valueRequired\":true,\"valueName\":\"search_term_string\"}}],\"inLanguage\":\"es\"},{\"@type\":\"Organization\",\"@id\":\"https:\\\/\\\/redamlo.com\\\/#organization\",\"name\":\"NOTICIAS DE LA 4T\",\"url\":\"https:\\\/\\\/redamlo.com\\\/\",\"logo\":{\"@type\":\"ImageObject\",\"inLanguage\":\"es\",\"@id\":\"https:\\\/\\\/redamlo.com\\\/#\\\/schema\\\/logo\\\/image\\\/\",\"url\":\"https:\\\/\\\/redamlo.com\\\/wp-content\\\/uploads\\\/2024\\\/08\\\/cropped-RED-AMLO-logo-50.png\",\"contentUrl\":\"https:\\\/\\\/redamlo.com\\\/wp-content\\\/uploads\\\/2024\\\/08\\\/cropped-RED-AMLO-logo-50.png\",\"width\":256,\"height\":256,\"caption\":\"NOTICIAS DE LA 4T\"},\"image\":{\"@id\":\"https:\\\/\\\/redamlo.com\\\/#\\\/schema\\\/logo\\\/image\\\/\"}},{\"@type\":\"Person\",\"@id\":\"https:\\\/\\\/redamlo.com\\\/#\\\/schema\\\/person\\\/7223a4375eb8f1a782fcae010a7115cf\",\"name\":\"Blanca\",\"image\":{\"@type\":\"ImageObject\",\"inLanguage\":\"es\",\"@id\":\"https:\\\/\\\/secure.gravatar.com\\\/avatar\\\/3f79bc8336367a4e6093eae8757acaaf61d1124834b905616de7829b0273426d?s=96&d=mm&r=g\",\"url\":\"https:\\\/\\\/secure.gravatar.com\\\/avatar\\\/3f79bc8336367a4e6093eae8757acaaf61d1124834b905616de7829b0273426d?s=96&d=mm&r=g\",\"contentUrl\":\"https:\\\/\\\/secure.gravatar.com\\\/avatar\\\/3f79bc8336367a4e6093eae8757acaaf61d1124834b905616de7829b0273426d?s=96&d=mm&r=g\",\"caption\":\"Blanca\"},\"url\":\"https:\\\/\\\/redamlo.com\\\/index.php\\\/author\\\/blanca\\\/\"}]}<\/script>\n<!-- \/ Yoast SEO plugin. -->","yoast_head_json":{"title":"IP reconoce logros econ\u00f3micos del gobierno de L\u00f3pez Obrador - NOTICIAS DE LA 4T","robots":{"index":"noindex","follow":"follow","max-snippet":"max-snippet:-1","max-image-preview":"max-image-preview:large","max-video-preview":"max-video-preview:-1"},"og_locale":"es_MX","og_type":"article","og_title":"IP reconoce logros econ\u00f3micos del gobierno de L\u00f3pez Obrador - NOTICIAS DE LA 4T","og_description":"Realidades.- El sector privado reconoci\u00f3 que en el tercer a\u00f1o del gobierno del Presidente Andr\u00e9s...","og_url":"https:\/\/redamlo.com\/index.php\/2021\/09\/02\/ip-reconoce-logros-economicos-del-gobierno-de-lopez-obrador\/","og_site_name":"NOTICIAS DE LA 4T","article_published_time":"2021-09-02T16:16:43+00:00","og_image":[{"width":700,"height":334,"url":"https:\/\/redamlo.com\/wp-content\/uploads\/2021\/09\/454-1.png","type":"image\/png"}],"author":"Blanca","twitter_card":"summary_large_image","twitter_misc":{"Escrito por":"Blanca","Tiempo de lectura":"3 minutos"},"schema":{"@context":"https:\/\/schema.org","@graph":[{"@type":"Article","@id":"https:\/\/redamlo.com\/index.php\/2021\/09\/02\/ip-reconoce-logros-economicos-del-gobierno-de-lopez-obrador\/#article","isPartOf":{"@id":"https:\/\/redamlo.com\/index.php\/2021\/09\/02\/ip-reconoce-logros-economicos-del-gobierno-de-lopez-obrador\/"},"author":{"name":"Blanca","@id":"https:\/\/redamlo.com\/#\/schema\/person\/7223a4375eb8f1a782fcae010a7115cf"},"headline":"IP reconoce logros econ\u00f3micos del gobierno de L\u00f3pez Obrador","datePublished":"2021-09-02T16:16:43+00:00","mainEntityOfPage":{"@id":"https:\/\/redamlo.com\/index.php\/2021\/09\/02\/ip-reconoce-logros-economicos-del-gobierno-de-lopez-obrador\/"},"wordCount":582,"commentCount":0,"publisher":{"@id":"https:\/\/redamlo.com\/#organization"},"image":{"@id":"https:\/\/redamlo.com\/index.php\/2021\/09\/02\/ip-reconoce-logros-economicos-del-gobierno-de-lopez-obrador\/#primaryimage"},"thumbnailUrl":"https:\/\/redamlo.com\/wp-content\/uploads\/2021\/09\/454-1.png","keywords":["CCE","Concamin","Concanaco Servytur","Confederaciones de C\u00e1maras Nacionales","Crecimiento","desarrollo econ\u00f3mico","Desarrollo social","Estabilidad macroecon\u00f3mica","Gobierno de L\u00f3pez Obrador","IP","Reconoce logros Econ\u00f3micos","recuperaci\u00f3n","Sector privado"],"articleSection":["4T","Econom\u00eda","Nacionales"],"inLanguage":"es","potentialAction":[{"@type":"CommentAction","name":"Comment","target":["https:\/\/redamlo.com\/index.php\/2021\/09\/02\/ip-reconoce-logros-economicos-del-gobierno-de-lopez-obrador\/#respond"]}]},{"@type":"WebPage","@id":"https:\/\/redamlo.com\/index.php\/2021\/09\/02\/ip-reconoce-logros-economicos-del-gobierno-de-lopez-obrador\/","url":"https:\/\/redamlo.com\/index.php\/2021\/09\/02\/ip-reconoce-logros-economicos-del-gobierno-de-lopez-obrador\/","name":"IP reconoce logros econ\u00f3micos del gobierno de L\u00f3pez Obrador - NOTICIAS DE LA 4T","isPartOf":{"@id":"https:\/\/redamlo.com\/#website"},"primaryImageOfPage":{"@id":"https:\/\/redamlo.com\/index.php\/2021\/09\/02\/ip-reconoce-logros-economicos-del-gobierno-de-lopez-obrador\/#primaryimage"},"image":{"@id":"https:\/\/redamlo.com\/index.php\/2021\/09\/02\/ip-reconoce-logros-economicos-del-gobierno-de-lopez-obrador\/#primaryimage"},"thumbnailUrl":"https:\/\/redamlo.com\/wp-content\/uploads\/2021\/09\/454-1.png","datePublished":"2021-09-02T16:16:43+00:00","breadcrumb":{"@id":"https:\/\/redamlo.com\/index.php\/2021\/09\/02\/ip-reconoce-logros-economicos-del-gobierno-de-lopez-obrador\/#breadcrumb"},"inLanguage":"es","potentialAction":[{"@type":"ReadAction","target":["https:\/\/redamlo.com\/index.php\/2021\/09\/02\/ip-reconoce-logros-economicos-del-gobierno-de-lopez-obrador\/"]}]},{"@type":"ImageObject","inLanguage":"es","@id":"https:\/\/redamlo.com\/index.php\/2021\/09\/02\/ip-reconoce-logros-economicos-del-gobierno-de-lopez-obrador\/#primaryimage","url":"https:\/\/redamlo.com\/wp-content\/uploads\/2021\/09\/454-1.png","contentUrl":"https:\/\/redamlo.com\/wp-content\/uploads\/2021\/09\/454-1.png","width":700,"height":334},{"@type":"BreadcrumbList","@id":"https:\/\/redamlo.com\/index.php\/2021\/09\/02\/ip-reconoce-logros-economicos-del-gobierno-de-lopez-obrador\/#breadcrumb","itemListElement":[{"@type":"ListItem","position":1,"name":"Inicio","item":"https:\/\/redamlo.com\/"},{"@type":"ListItem","position":2,"name":"IP reconoce logros econ\u00f3micos del gobierno de L\u00f3pez Obrador"}]},{"@type":"WebSite","@id":"https:\/\/redamlo.com\/#website","url":"https:\/\/redamlo.com\/","name":"NOTICIAS DE LA 4T","description":"","publisher":{"@id":"https:\/\/redamlo.com\/#organization"},"potentialAction":[{"@type":"SearchAction","target":{"@type":"EntryPoint","urlTemplate":"https:\/\/redamlo.com\/?s={search_term_string}"},"query-input":{"@type":"PropertyValueSpecification","valueRequired":true,"valueName":"search_term_string"}}],"inLanguage":"es"},{"@type":"Organization","@id":"https:\/\/redamlo.com\/#organization","name":"NOTICIAS DE LA 4T","url":"https:\/\/redamlo.com\/","logo":{"@type":"ImageObject","inLanguage":"es","@id":"https:\/\/redamlo.com\/#\/schema\/logo\/image\/","url":"https:\/\/redamlo.com\/wp-content\/uploads\/2024\/08\/cropped-RED-AMLO-logo-50.png","contentUrl":"https:\/\/redamlo.com\/wp-content\/uploads\/2024\/08\/cropped-RED-AMLO-logo-50.png","width":256,"height":256,"caption":"NOTICIAS DE LA 4T"},"image":{"@id":"https:\/\/redamlo.com\/#\/schema\/logo\/image\/"}},{"@type":"Person","@id":"https:\/\/redamlo.com\/#\/schema\/person\/7223a4375eb8f1a782fcae010a7115cf","name":"Blanca","image":{"@type":"ImageObject","inLanguage":"es","@id":"https:\/\/secure.gravatar.com\/avatar\/3f79bc8336367a4e6093eae8757acaaf61d1124834b905616de7829b0273426d?s=96&d=mm&r=g","url":"https:\/\/secure.gravatar.com\/avatar\/3f79bc8336367a4e6093eae8757acaaf61d1124834b905616de7829b0273426d?s=96&d=mm&r=g","contentUrl":"https:\/\/secure.gravatar.com\/avatar\/3f79bc8336367a4e6093eae8757acaaf61d1124834b905616de7829b0273426d?s=96&d=mm&r=g","caption":"Blanca"},"url":"https:\/\/redamlo.com\/index.php\/author\/blanca\/"}]}},"_links":{"self":[{"href":"https:\/\/redamlo.com\/index.php\/wp-json\/wp\/v2\/posts\/5199","targetHints":{"allow":["GET"]}}],"collection":[{"href":"https:\/\/redamlo.com\/index.php\/wp-json\/wp\/v2\/posts"}],"about":[{"href":"https:\/\/redamlo.com\/index.php\/wp-json\/wp\/v2\/types\/post"}],"author":[{"embeddable":true,"href":"https:\/\/redamlo.com\/index.php\/wp-json\/wp\/v2\/users\/2"}],"replies":[{"embeddable":true,"href":"https:\/\/redamlo.com\/index.php\/wp-json\/wp\/v2\/comments?post=5199"}],"version-history":[{"count":0,"href":"https:\/\/redamlo.com\/index.php\/wp-json\/wp\/v2\/posts\/5199\/revisions"}],"wp:featuredmedia":[{"embeddable":true,"href":"https:\/\/redamlo.com\/index.php\/wp-json\/wp\/v2\/media\/5200"}],"wp:attachment":[{"href":"https:\/\/redamlo.com\/index.php\/wp-json\/wp\/v2\/media?parent=5199"}],"wp:term":[{"taxonomy":"category","embeddable":true,"href":"https:\/\/redamlo.com\/index.php\/wp-json\/wp\/v2\/categories?post=5199"},{"taxonomy":"post_tag","embeddable":true,"href":"https:\/\/redamlo.com\/index.php\/wp-json\/wp\/v2\/tags?post=5199"}],"curies":[{"name":"wp","href":"https:\/\/api.w.org\/{rel}","templated":true}]}}