{"id":5170,"date":"2021-08-11T12:00:54","date_gmt":"2021-08-11T12:00:54","guid":{"rendered":"https:\/\/redamlo.com\/?p=5170"},"modified":"2021-08-11T12:00:54","modified_gmt":"2021-08-11T12:00:54","slug":"mexico-y-estados-unidos-mantienen-buena-relacion-afirma-lopez-obrador-invita-a-joseph-biden-a-visitar-mexico-a-finales-de-septiembre","status":"publish","type":"post","link":"https:\/\/redamlo.com\/index.php\/2021\/08\/11\/mexico-y-estados-unidos-mantienen-buena-relacion-afirma-lopez-obrador-invita-a-joseph-biden-a-visitar-mexico-a-finales-de-septiembre\/","title":{"rendered":"M\u00e9xico y Estados Unidos mantienen buena relaci\u00f3n, afirma L\u00f3pez Obrador; invita a Joseph Biden a visitar M\u00e9xico a finales de septiembre"},"content":{"rendered":"<p style=\"text-align: justify;\"><span style=\"font-family: Arial, Helvetica, sans-serif; color: #000000;\">M\u00c9XICO, 11 de agosto de 2021.- El presidente de M\u00e9xico, Andr\u00e9s Manuel L\u00f3pez Obrador afirm\u00f3 que la relaci\u00f3n entre los gobiernos de M\u00e9xico y Estados Unidos es positiva, de mutuo entendimiento y cooperaci\u00f3n.<\/span><\/p>\n<p><span style=\"font-family: Arial, Helvetica, sans-serif; color: #000000;\">En conferencia de prensa matutina expuso que invit\u00f3 al presidente Joseph Biden a visitar el pa\u00eds en los \u00faltimos d\u00edas de septiembre, encuentro que est\u00e1 por confirmarse.<\/span><\/p>\n<p><span style=\"font-family: Arial, Helvetica, sans-serif; color: #000000;\">Durante el encuentro del martes en Palacio Nacional con el asesor de Seguridad Nacional de Estados Unidos, Jake Sullivan, el Gobierno de M\u00e9xico reafirm\u00f3 el llamado a reabrir completamente la frontera norte. La propuesta a\u00fan es analizada por las autoridades estadounidenses debido al aumento de contagios que provoc\u00f3 la variante Delta del virus SARS-CoV-2.<\/span><\/p>\n<p><span style=\"font-family: Arial, Helvetica, sans-serif; color: #000000;\">\u201cEs muy buena la relaci\u00f3n con el gobierno de Estados Unidos, con el presidente Biden. La reuni\u00f3n de ayer fue muy provechosa, muy buena para los dos pa\u00edses. La llamada de antier con la vicepresidenta Kamala Harris, lo mismo\u201d, remarc\u00f3.<\/span><\/p>\n<p><span style=\"font-family: Arial, Helvetica, sans-serif; color: #000000;\">El jefe del Ejecutivo precis\u00f3 que la agenda bilateral contempla la elaboraci\u00f3n de un plan conjunto e integral que incluya el crecimiento econ\u00f3mico de Am\u00e9rica del Norte.<\/span><\/p>\n<p><span style=\"font-family: Arial, Helvetica, sans-serif; color: #000000;\">\u201cYo he hecho un planteamiento en ese sentido de c\u00f3mo fortalecer Am\u00e9rica del Norte y toda Am\u00e9rica ante el crecimiento econ\u00f3mico y comercial de Asia, c\u00f3mo complementarnos los pa\u00edses, integrarnos en lo econ\u00f3mico respetando las soberan\u00edas de cada naci\u00f3n\u201d, acot\u00f3.<\/span><\/p>\n<p><span style=\"font-family: Arial, Helvetica, sans-serif; color: #000000;\">Adelant\u00f3 que el secretario de Relaciones Exteriores, Marcelo Ebrard Casaubon, dar\u00e1 a conocer detalles sobre el encuentro de alto nivel que se realizar\u00e1 en Estados Unidos en las pr\u00f3ximas semanas.<\/span><\/p>\n<p><span style=\"font-family: Arial, Helvetica, sans-serif; color: #000000;\">Ah\u00ed se dialogar\u00e1 en torno a asuntos de car\u00e1cter econ\u00f3mico, de desarrollo regional, de apoyo a pa\u00edses de Am\u00e9rica Central, programas sociales, migraci\u00f3n y seguridad, precis\u00f3 el mandatario.<\/span><\/p>\n<p><iframe loading=\"lazy\" title=\"Relaci\u00f3n entre M\u00e9xico y EE.UU. es de cooperaci\u00f3n y mutuo entendimiento. Conferencia presidente AMLO\" width=\"640\" height=\"360\" src=\"https:\/\/www.youtube.com\/embed\/54Ae11WWWb8?start=880&#038;feature=oembed\" frameborder=\"0\" allow=\"accelerometer; autoplay; clipboard-write; encrypted-media; gyroscope; picture-in-picture; web-share\" referrerpolicy=\"strict-origin-when-cross-origin\" allowfullscreen><\/iframe><\/p>\n","protected":false},"excerpt":{"rendered":"<p>M\u00c9XICO, 11 de agosto de 2021.- El presidente de M\u00e9xico, Andr\u00e9s Manuel L\u00f3pez Obrador afirm\u00f3&#8230;<\/p>\n","protected":false},"author":2,"featured_media":5173,"comment_status":"open","ping_status":"closed","sticky":false,"template":"","format":"standard","meta":{"footnotes":""},"categories":[25,20,27],"tags":[84,131,1275,207,556,1276,364,1277,9,474],"class_list":["post-5170","post","type-post","status-publish","format-standard","has-post-thumbnail","hentry","category-4t","category-nacionales","category-presidencia","tag-amlo","tag-andres-manuel-lopez-obrador","tag-buena-relacion","tag-estados-unidos","tag-gobierno-de-mexico","tag-jake-sullivan","tag-joe-biden","tag-joseph-biden","tag-mexico","tag-sars-cov-2"],"yoast_head":"<!-- This site is optimized with the Yoast SEO plugin v27.5 - https:\/\/yoast.com\/product\/yoast-seo-wordpress\/ -->\n<title>M\u00e9xico y Estados Unidos mantienen buena relaci\u00f3n, afirma L\u00f3pez Obrador; invita a Joseph Biden a visitar M\u00e9xico a finales de septiembre - NOTICIAS DE LA 4T<\/title>\n<meta name=\"robots\" content=\"noindex, follow, max-snippet:-1, max-image-preview:large, max-video-preview:-1\" \/>\n<meta property=\"og:locale\" content=\"es_MX\" \/>\n<meta property=\"og:type\" content=\"article\" \/>\n<meta property=\"og:title\" content=\"M\u00e9xico y Estados Unidos mantienen buena relaci\u00f3n, afirma L\u00f3pez Obrador; invita a Joseph Biden a visitar M\u00e9xico a finales de septiembre - NOTICIAS DE LA 4T\" \/>\n<meta property=\"og:description\" content=\"M\u00c9XICO, 11 de agosto de 2021.- El presidente de M\u00e9xico, Andr\u00e9s Manuel L\u00f3pez Obrador afirm\u00f3...\" \/>\n<meta property=\"og:url\" content=\"https:\/\/redamlo.com\/index.php\/2021\/08\/11\/mexico-y-estados-unidos-mantienen-buena-relacion-afirma-lopez-obrador-invita-a-joseph-biden-a-visitar-mexico-a-finales-de-septiembre\/\" \/>\n<meta property=\"og:site_name\" content=\"NOTICIAS DE LA 4T\" \/>\n<meta property=\"article:published_time\" content=\"2021-08-11T12:00:54+00:00\" \/>\n<meta property=\"og:image\" content=\"https:\/\/redamlo.com\/wp-content\/uploads\/2021\/08\/Mexico-y-Estados-Unidos-mantienen-buena-relacion-afirma-Lopez-Obrador-invita-a-Joseph-Biden-a-visitar-Mexico-a-finales-de-septiembre.jpg\" \/>\n\t<meta property=\"og:image:width\" content=\"1497\" \/>\n\t<meta property=\"og:image:height\" content=\"805\" \/>\n\t<meta property=\"og:image:type\" content=\"image\/jpeg\" \/>\n<meta name=\"author\" content=\"Blanca\" \/>\n<meta name=\"twitter:card\" content=\"summary_large_image\" \/>\n<meta name=\"twitter:label1\" content=\"Escrito por\" \/>\n\t<meta name=\"twitter:data1\" content=\"Blanca\" \/>\n\t<meta name=\"twitter:label2\" content=\"Tiempo de lectura\" \/>\n\t<meta name=\"twitter:data2\" content=\"2 minutos\" \/>\n<script type=\"application\/ld+json\" class=\"yoast-schema-graph\">{\"@context\":\"https:\\\/\\\/schema.org\",\"@graph\":[{\"@type\":\"Article\",\"@id\":\"https:\\\/\\\/redamlo.com\\\/index.php\\\/2021\\\/08\\\/11\\\/mexico-y-estados-unidos-mantienen-buena-relacion-afirma-lopez-obrador-invita-a-joseph-biden-a-visitar-mexico-a-finales-de-septiembre\\\/#article\",\"isPartOf\":{\"@id\":\"https:\\\/\\\/redamlo.com\\\/index.php\\\/2021\\\/08\\\/11\\\/mexico-y-estados-unidos-mantienen-buena-relacion-afirma-lopez-obrador-invita-a-joseph-biden-a-visitar-mexico-a-finales-de-septiembre\\\/\"},\"author\":{\"name\":\"Blanca\",\"@id\":\"https:\\\/\\\/redamlo.com\\\/#\\\/schema\\\/person\\\/7223a4375eb8f1a782fcae010a7115cf\"},\"headline\":\"M\u00e9xico y Estados Unidos mantienen buena relaci\u00f3n, afirma L\u00f3pez Obrador; invita a Joseph Biden a visitar M\u00e9xico a finales de septiembre\",\"datePublished\":\"2021-08-11T12:00:54+00:00\",\"mainEntityOfPage\":{\"@id\":\"https:\\\/\\\/redamlo.com\\\/index.php\\\/2021\\\/08\\\/11\\\/mexico-y-estados-unidos-mantienen-buena-relacion-afirma-lopez-obrador-invita-a-joseph-biden-a-visitar-mexico-a-finales-de-septiembre\\\/\"},\"wordCount\":350,\"commentCount\":0,\"publisher\":{\"@id\":\"https:\\\/\\\/redamlo.com\\\/#organization\"},\"image\":{\"@id\":\"https:\\\/\\\/redamlo.com\\\/index.php\\\/2021\\\/08\\\/11\\\/mexico-y-estados-unidos-mantienen-buena-relacion-afirma-lopez-obrador-invita-a-joseph-biden-a-visitar-mexico-a-finales-de-septiembre\\\/#primaryimage\"},\"thumbnailUrl\":\"https:\\\/\\\/redamlo.com\\\/wp-content\\\/uploads\\\/2021\\\/08\\\/Mexico-y-Estados-Unidos-mantienen-buena-relacion-afirma-Lopez-Obrador-invita-a-Joseph-Biden-a-visitar-Mexico-a-finales-de-septiembre.jpg\",\"keywords\":[\"AMLO\",\"Andr\u00e9s Manuel L\u00f3pez Obrador\",\"buena relaci\u00f3n\",\"Estados Unidos\",\"Gobierno de M\u00e9xico\",\"Jake Sullivan\",\"Joe Biden\",\"Joseph Biden\",\"M\u00e9xico\",\"SARS-CoV-2\"],\"articleSection\":[\"4T\",\"Nacionales\",\"Presidencia\"],\"inLanguage\":\"es\",\"potentialAction\":[{\"@type\":\"CommentAction\",\"name\":\"Comment\",\"target\":[\"https:\\\/\\\/redamlo.com\\\/index.php\\\/2021\\\/08\\\/11\\\/mexico-y-estados-unidos-mantienen-buena-relacion-afirma-lopez-obrador-invita-a-joseph-biden-a-visitar-mexico-a-finales-de-septiembre\\\/#respond\"]}]},{\"@type\":\"WebPage\",\"@id\":\"https:\\\/\\\/redamlo.com\\\/index.php\\\/2021\\\/08\\\/11\\\/mexico-y-estados-unidos-mantienen-buena-relacion-afirma-lopez-obrador-invita-a-joseph-biden-a-visitar-mexico-a-finales-de-septiembre\\\/\",\"url\":\"https:\\\/\\\/redamlo.com\\\/index.php\\\/2021\\\/08\\\/11\\\/mexico-y-estados-unidos-mantienen-buena-relacion-afirma-lopez-obrador-invita-a-joseph-biden-a-visitar-mexico-a-finales-de-septiembre\\\/\",\"name\":\"M\u00e9xico y Estados Unidos mantienen buena relaci\u00f3n, afirma L\u00f3pez Obrador; invita a Joseph Biden a visitar M\u00e9xico a finales de septiembre - NOTICIAS DE LA 4T\",\"isPartOf\":{\"@id\":\"https:\\\/\\\/redamlo.com\\\/#website\"},\"primaryImageOfPage\":{\"@id\":\"https:\\\/\\\/redamlo.com\\\/index.php\\\/2021\\\/08\\\/11\\\/mexico-y-estados-unidos-mantienen-buena-relacion-afirma-lopez-obrador-invita-a-joseph-biden-a-visitar-mexico-a-finales-de-septiembre\\\/#primaryimage\"},\"image\":{\"@id\":\"https:\\\/\\\/redamlo.com\\\/index.php\\\/2021\\\/08\\\/11\\\/mexico-y-estados-unidos-mantienen-buena-relacion-afirma-lopez-obrador-invita-a-joseph-biden-a-visitar-mexico-a-finales-de-septiembre\\\/#primaryimage\"},\"thumbnailUrl\":\"https:\\\/\\\/redamlo.com\\\/wp-content\\\/uploads\\\/2021\\\/08\\\/Mexico-y-Estados-Unidos-mantienen-buena-relacion-afirma-Lopez-Obrador-invita-a-Joseph-Biden-a-visitar-Mexico-a-finales-de-septiembre.jpg\",\"datePublished\":\"2021-08-11T12:00:54+00:00\",\"breadcrumb\":{\"@id\":\"https:\\\/\\\/redamlo.com\\\/index.php\\\/2021\\\/08\\\/11\\\/mexico-y-estados-unidos-mantienen-buena-relacion-afirma-lopez-obrador-invita-a-joseph-biden-a-visitar-mexico-a-finales-de-septiembre\\\/#breadcrumb\"},\"inLanguage\":\"es\",\"potentialAction\":[{\"@type\":\"ReadAction\",\"target\":[\"https:\\\/\\\/redamlo.com\\\/index.php\\\/2021\\\/08\\\/11\\\/mexico-y-estados-unidos-mantienen-buena-relacion-afirma-lopez-obrador-invita-a-joseph-biden-a-visitar-mexico-a-finales-de-septiembre\\\/\"]}]},{\"@type\":\"ImageObject\",\"inLanguage\":\"es\",\"@id\":\"https:\\\/\\\/redamlo.com\\\/index.php\\\/2021\\\/08\\\/11\\\/mexico-y-estados-unidos-mantienen-buena-relacion-afirma-lopez-obrador-invita-a-joseph-biden-a-visitar-mexico-a-finales-de-septiembre\\\/#primaryimage\",\"url\":\"https:\\\/\\\/redamlo.com\\\/wp-content\\\/uploads\\\/2021\\\/08\\\/Mexico-y-Estados-Unidos-mantienen-buena-relacion-afirma-Lopez-Obrador-invita-a-Joseph-Biden-a-visitar-Mexico-a-finales-de-septiembre.jpg\",\"contentUrl\":\"https:\\\/\\\/redamlo.com\\\/wp-content\\\/uploads\\\/2021\\\/08\\\/Mexico-y-Estados-Unidos-mantienen-buena-relacion-afirma-Lopez-Obrador-invita-a-Joseph-Biden-a-visitar-Mexico-a-finales-de-septiembre.jpg\",\"width\":1497,\"height\":805},{\"@type\":\"BreadcrumbList\",\"@id\":\"https:\\\/\\\/redamlo.com\\\/index.php\\\/2021\\\/08\\\/11\\\/mexico-y-estados-unidos-mantienen-buena-relacion-afirma-lopez-obrador-invita-a-joseph-biden-a-visitar-mexico-a-finales-de-septiembre\\\/#breadcrumb\",\"itemListElement\":[{\"@type\":\"ListItem\",\"position\":1,\"name\":\"Inicio\",\"item\":\"https:\\\/\\\/redamlo.com\\\/\"},{\"@type\":\"ListItem\",\"position\":2,\"name\":\"M\u00e9xico y Estados Unidos mantienen buena relaci\u00f3n, afirma L\u00f3pez Obrador; invita a Joseph Biden a visitar M\u00e9xico a finales de septiembre\"}]},{\"@type\":\"WebSite\",\"@id\":\"https:\\\/\\\/redamlo.com\\\/#website\",\"url\":\"https:\\\/\\\/redamlo.com\\\/\",\"name\":\"NOTICIAS DE LA 4T\",\"description\":\"\",\"publisher\":{\"@id\":\"https:\\\/\\\/redamlo.com\\\/#organization\"},\"potentialAction\":[{\"@type\":\"SearchAction\",\"target\":{\"@type\":\"EntryPoint\",\"urlTemplate\":\"https:\\\/\\\/redamlo.com\\\/?s={search_term_string}\"},\"query-input\":{\"@type\":\"PropertyValueSpecification\",\"valueRequired\":true,\"valueName\":\"search_term_string\"}}],\"inLanguage\":\"es\"},{\"@type\":\"Organization\",\"@id\":\"https:\\\/\\\/redamlo.com\\\/#organization\",\"name\":\"NOTICIAS DE LA 4T\",\"url\":\"https:\\\/\\\/redamlo.com\\\/\",\"logo\":{\"@type\":\"ImageObject\",\"inLanguage\":\"es\",\"@id\":\"https:\\\/\\\/redamlo.com\\\/#\\\/schema\\\/logo\\\/image\\\/\",\"url\":\"https:\\\/\\\/redamlo.com\\\/wp-content\\\/uploads\\\/2024\\\/08\\\/cropped-RED-AMLO-logo-50.png\",\"contentUrl\":\"https:\\\/\\\/redamlo.com\\\/wp-content\\\/uploads\\\/2024\\\/08\\\/cropped-RED-AMLO-logo-50.png\",\"width\":256,\"height\":256,\"caption\":\"NOTICIAS DE LA 4T\"},\"image\":{\"@id\":\"https:\\\/\\\/redamlo.com\\\/#\\\/schema\\\/logo\\\/image\\\/\"}},{\"@type\":\"Person\",\"@id\":\"https:\\\/\\\/redamlo.com\\\/#\\\/schema\\\/person\\\/7223a4375eb8f1a782fcae010a7115cf\",\"name\":\"Blanca\",\"image\":{\"@type\":\"ImageObject\",\"inLanguage\":\"es\",\"@id\":\"https:\\\/\\\/secure.gravatar.com\\\/avatar\\\/3f79bc8336367a4e6093eae8757acaaf61d1124834b905616de7829b0273426d?s=96&d=mm&r=g\",\"url\":\"https:\\\/\\\/secure.gravatar.com\\\/avatar\\\/3f79bc8336367a4e6093eae8757acaaf61d1124834b905616de7829b0273426d?s=96&d=mm&r=g\",\"contentUrl\":\"https:\\\/\\\/secure.gravatar.com\\\/avatar\\\/3f79bc8336367a4e6093eae8757acaaf61d1124834b905616de7829b0273426d?s=96&d=mm&r=g\",\"caption\":\"Blanca\"},\"url\":\"https:\\\/\\\/redamlo.com\\\/index.php\\\/author\\\/blanca\\\/\"}]}<\/script>\n<!-- \/ Yoast SEO plugin. -->","yoast_head_json":{"title":"M\u00e9xico y Estados Unidos mantienen buena relaci\u00f3n, afirma L\u00f3pez Obrador; invita a Joseph Biden a visitar M\u00e9xico a finales de septiembre - NOTICIAS DE LA 4T","robots":{"index":"noindex","follow":"follow","max-snippet":"max-snippet:-1","max-image-preview":"max-image-preview:large","max-video-preview":"max-video-preview:-1"},"og_locale":"es_MX","og_type":"article","og_title":"M\u00e9xico y Estados Unidos mantienen buena relaci\u00f3n, afirma L\u00f3pez Obrador; invita a Joseph Biden a visitar M\u00e9xico a finales de septiembre - NOTICIAS DE LA 4T","og_description":"M\u00c9XICO, 11 de agosto de 2021.- El presidente de M\u00e9xico, Andr\u00e9s Manuel L\u00f3pez Obrador afirm\u00f3...","og_url":"https:\/\/redamlo.com\/index.php\/2021\/08\/11\/mexico-y-estados-unidos-mantienen-buena-relacion-afirma-lopez-obrador-invita-a-joseph-biden-a-visitar-mexico-a-finales-de-septiembre\/","og_site_name":"NOTICIAS DE LA 4T","article_published_time":"2021-08-11T12:00:54+00:00","og_image":[{"width":1497,"height":805,"url":"https:\/\/redamlo.com\/wp-content\/uploads\/2021\/08\/Mexico-y-Estados-Unidos-mantienen-buena-relacion-afirma-Lopez-Obrador-invita-a-Joseph-Biden-a-visitar-Mexico-a-finales-de-septiembre.jpg","type":"image\/jpeg"}],"author":"Blanca","twitter_card":"summary_large_image","twitter_misc":{"Escrito por":"Blanca","Tiempo de lectura":"2 minutos"},"schema":{"@context":"https:\/\/schema.org","@graph":[{"@type":"Article","@id":"https:\/\/redamlo.com\/index.php\/2021\/08\/11\/mexico-y-estados-unidos-mantienen-buena-relacion-afirma-lopez-obrador-invita-a-joseph-biden-a-visitar-mexico-a-finales-de-septiembre\/#article","isPartOf":{"@id":"https:\/\/redamlo.com\/index.php\/2021\/08\/11\/mexico-y-estados-unidos-mantienen-buena-relacion-afirma-lopez-obrador-invita-a-joseph-biden-a-visitar-mexico-a-finales-de-septiembre\/"},"author":{"name":"Blanca","@id":"https:\/\/redamlo.com\/#\/schema\/person\/7223a4375eb8f1a782fcae010a7115cf"},"headline":"M\u00e9xico y Estados Unidos mantienen buena relaci\u00f3n, afirma L\u00f3pez Obrador; invita a Joseph Biden a visitar M\u00e9xico a finales de septiembre","datePublished":"2021-08-11T12:00:54+00:00","mainEntityOfPage":{"@id":"https:\/\/redamlo.com\/index.php\/2021\/08\/11\/mexico-y-estados-unidos-mantienen-buena-relacion-afirma-lopez-obrador-invita-a-joseph-biden-a-visitar-mexico-a-finales-de-septiembre\/"},"wordCount":350,"commentCount":0,"publisher":{"@id":"https:\/\/redamlo.com\/#organization"},"image":{"@id":"https:\/\/redamlo.com\/index.php\/2021\/08\/11\/mexico-y-estados-unidos-mantienen-buena-relacion-afirma-lopez-obrador-invita-a-joseph-biden-a-visitar-mexico-a-finales-de-septiembre\/#primaryimage"},"thumbnailUrl":"https:\/\/redamlo.com\/wp-content\/uploads\/2021\/08\/Mexico-y-Estados-Unidos-mantienen-buena-relacion-afirma-Lopez-Obrador-invita-a-Joseph-Biden-a-visitar-Mexico-a-finales-de-septiembre.jpg","keywords":["AMLO","Andr\u00e9s Manuel L\u00f3pez Obrador","buena relaci\u00f3n","Estados Unidos","Gobierno de M\u00e9xico","Jake Sullivan","Joe Biden","Joseph Biden","M\u00e9xico","SARS-CoV-2"],"articleSection":["4T","Nacionales","Presidencia"],"inLanguage":"es","potentialAction":[{"@type":"CommentAction","name":"Comment","target":["https:\/\/redamlo.com\/index.php\/2021\/08\/11\/mexico-y-estados-unidos-mantienen-buena-relacion-afirma-lopez-obrador-invita-a-joseph-biden-a-visitar-mexico-a-finales-de-septiembre\/#respond"]}]},{"@type":"WebPage","@id":"https:\/\/redamlo.com\/index.php\/2021\/08\/11\/mexico-y-estados-unidos-mantienen-buena-relacion-afirma-lopez-obrador-invita-a-joseph-biden-a-visitar-mexico-a-finales-de-septiembre\/","url":"https:\/\/redamlo.com\/index.php\/2021\/08\/11\/mexico-y-estados-unidos-mantienen-buena-relacion-afirma-lopez-obrador-invita-a-joseph-biden-a-visitar-mexico-a-finales-de-septiembre\/","name":"M\u00e9xico y Estados Unidos mantienen buena relaci\u00f3n, afirma L\u00f3pez Obrador; invita a Joseph Biden a visitar M\u00e9xico a finales de septiembre - NOTICIAS DE LA 4T","isPartOf":{"@id":"https:\/\/redamlo.com\/#website"},"primaryImageOfPage":{"@id":"https:\/\/redamlo.com\/index.php\/2021\/08\/11\/mexico-y-estados-unidos-mantienen-buena-relacion-afirma-lopez-obrador-invita-a-joseph-biden-a-visitar-mexico-a-finales-de-septiembre\/#primaryimage"},"image":{"@id":"https:\/\/redamlo.com\/index.php\/2021\/08\/11\/mexico-y-estados-unidos-mantienen-buena-relacion-afirma-lopez-obrador-invita-a-joseph-biden-a-visitar-mexico-a-finales-de-septiembre\/#primaryimage"},"thumbnailUrl":"https:\/\/redamlo.com\/wp-content\/uploads\/2021\/08\/Mexico-y-Estados-Unidos-mantienen-buena-relacion-afirma-Lopez-Obrador-invita-a-Joseph-Biden-a-visitar-Mexico-a-finales-de-septiembre.jpg","datePublished":"2021-08-11T12:00:54+00:00","breadcrumb":{"@id":"https:\/\/redamlo.com\/index.php\/2021\/08\/11\/mexico-y-estados-unidos-mantienen-buena-relacion-afirma-lopez-obrador-invita-a-joseph-biden-a-visitar-mexico-a-finales-de-septiembre\/#breadcrumb"},"inLanguage":"es","potentialAction":[{"@type":"ReadAction","target":["https:\/\/redamlo.com\/index.php\/2021\/08\/11\/mexico-y-estados-unidos-mantienen-buena-relacion-afirma-lopez-obrador-invita-a-joseph-biden-a-visitar-mexico-a-finales-de-septiembre\/"]}]},{"@type":"ImageObject","inLanguage":"es","@id":"https:\/\/redamlo.com\/index.php\/2021\/08\/11\/mexico-y-estados-unidos-mantienen-buena-relacion-afirma-lopez-obrador-invita-a-joseph-biden-a-visitar-mexico-a-finales-de-septiembre\/#primaryimage","url":"https:\/\/redamlo.com\/wp-content\/uploads\/2021\/08\/Mexico-y-Estados-Unidos-mantienen-buena-relacion-afirma-Lopez-Obrador-invita-a-Joseph-Biden-a-visitar-Mexico-a-finales-de-septiembre.jpg","contentUrl":"https:\/\/redamlo.com\/wp-content\/uploads\/2021\/08\/Mexico-y-Estados-Unidos-mantienen-buena-relacion-afirma-Lopez-Obrador-invita-a-Joseph-Biden-a-visitar-Mexico-a-finales-de-septiembre.jpg","width":1497,"height":805},{"@type":"BreadcrumbList","@id":"https:\/\/redamlo.com\/index.php\/2021\/08\/11\/mexico-y-estados-unidos-mantienen-buena-relacion-afirma-lopez-obrador-invita-a-joseph-biden-a-visitar-mexico-a-finales-de-septiembre\/#breadcrumb","itemListElement":[{"@type":"ListItem","position":1,"name":"Inicio","item":"https:\/\/redamlo.com\/"},{"@type":"ListItem","position":2,"name":"M\u00e9xico y Estados Unidos mantienen buena relaci\u00f3n, afirma L\u00f3pez Obrador; invita a Joseph Biden a visitar M\u00e9xico a finales de septiembre"}]},{"@type":"WebSite","@id":"https:\/\/redamlo.com\/#website","url":"https:\/\/redamlo.com\/","name":"NOTICIAS DE LA 4T","description":"","publisher":{"@id":"https:\/\/redamlo.com\/#organization"},"potentialAction":[{"@type":"SearchAction","target":{"@type":"EntryPoint","urlTemplate":"https:\/\/redamlo.com\/?s={search_term_string}"},"query-input":{"@type":"PropertyValueSpecification","valueRequired":true,"valueName":"search_term_string"}}],"inLanguage":"es"},{"@type":"Organization","@id":"https:\/\/redamlo.com\/#organization","name":"NOTICIAS DE LA 4T","url":"https:\/\/redamlo.com\/","logo":{"@type":"ImageObject","inLanguage":"es","@id":"https:\/\/redamlo.com\/#\/schema\/logo\/image\/","url":"https:\/\/redamlo.com\/wp-content\/uploads\/2024\/08\/cropped-RED-AMLO-logo-50.png","contentUrl":"https:\/\/redamlo.com\/wp-content\/uploads\/2024\/08\/cropped-RED-AMLO-logo-50.png","width":256,"height":256,"caption":"NOTICIAS DE LA 4T"},"image":{"@id":"https:\/\/redamlo.com\/#\/schema\/logo\/image\/"}},{"@type":"Person","@id":"https:\/\/redamlo.com\/#\/schema\/person\/7223a4375eb8f1a782fcae010a7115cf","name":"Blanca","image":{"@type":"ImageObject","inLanguage":"es","@id":"https:\/\/secure.gravatar.com\/avatar\/3f79bc8336367a4e6093eae8757acaaf61d1124834b905616de7829b0273426d?s=96&d=mm&r=g","url":"https:\/\/secure.gravatar.com\/avatar\/3f79bc8336367a4e6093eae8757acaaf61d1124834b905616de7829b0273426d?s=96&d=mm&r=g","contentUrl":"https:\/\/secure.gravatar.com\/avatar\/3f79bc8336367a4e6093eae8757acaaf61d1124834b905616de7829b0273426d?s=96&d=mm&r=g","caption":"Blanca"},"url":"https:\/\/redamlo.com\/index.php\/author\/blanca\/"}]}},"_links":{"self":[{"href":"https:\/\/redamlo.com\/index.php\/wp-json\/wp\/v2\/posts\/5170","targetHints":{"allow":["GET"]}}],"collection":[{"href":"https:\/\/redamlo.com\/index.php\/wp-json\/wp\/v2\/posts"}],"about":[{"href":"https:\/\/redamlo.com\/index.php\/wp-json\/wp\/v2\/types\/post"}],"author":[{"embeddable":true,"href":"https:\/\/redamlo.com\/index.php\/wp-json\/wp\/v2\/users\/2"}],"replies":[{"embeddable":true,"href":"https:\/\/redamlo.com\/index.php\/wp-json\/wp\/v2\/comments?post=5170"}],"version-history":[{"count":0,"href":"https:\/\/redamlo.com\/index.php\/wp-json\/wp\/v2\/posts\/5170\/revisions"}],"wp:featuredmedia":[{"embeddable":true,"href":"https:\/\/redamlo.com\/index.php\/wp-json\/wp\/v2\/media\/5173"}],"wp:attachment":[{"href":"https:\/\/redamlo.com\/index.php\/wp-json\/wp\/v2\/media?parent=5170"}],"wp:term":[{"taxonomy":"category","embeddable":true,"href":"https:\/\/redamlo.com\/index.php\/wp-json\/wp\/v2\/categories?post=5170"},{"taxonomy":"post_tag","embeddable":true,"href":"https:\/\/redamlo.com\/index.php\/wp-json\/wp\/v2\/tags?post=5170"}],"curies":[{"name":"wp","href":"https:\/\/api.w.org\/{rel}","templated":true}]}}