{"id":517,"date":"2019-09-30T16:11:30","date_gmt":"2019-09-30T21:11:30","guid":{"rendered":"http:\/\/redamlo.com\/?p=517"},"modified":"2019-09-30T16:11:30","modified_gmt":"2019-09-30T21:11:30","slug":"ford-construye-un-centro-tecnologico-en-el-edomex","status":"publish","type":"post","link":"https:\/\/redamlo.com\/index.php\/2019\/09\/30\/ford-construye-un-centro-tecnologico-en-el-edomex\/","title":{"rendered":"Ford construye un centro tecnol\u00f3gico en el Edomex"},"content":{"rendered":"<h3>Cdmx Press.- El Plan de Desarrollo Municipal 2019- 2021, de la alcaldesa morenista Patricia Dur\u00e1n Reveles, destaca la iniciativa de Ford Motor Company, un proyecto aprobado por el cabildo anterior del gobierno municipal con el Acuerdo Econ\u00f3mico 295 el 13 de septiembre de 2017.<\/h3>\n<p>Se prev\u00e9 que los trabajos concluyan el 1 de diciembre de 2019. La armadora -presionada en 2017 por el presidente de Estados Unidos Donald Trump para cancelar sus inversiones en M\u00e9xico- encarg\u00f3 al despacho de arquitectos JON International el dise\u00f1o de una construcci\u00f3n tipo campus con un edificio inteligente de 41 mil metros cuadrados para oficinas y 20 mil metros cuadrados para el centro de desarrollo de productos.<\/p>\n<p>Ford detonar\u00e1 m\u00e1s de 10 mil empleos en otras actividades de servicios, y dar\u00e1 al municipio de Naucalpan las herramientas para superar las deficiencias que impiden su modernizaci\u00f3n y disminuyen su competitividad econ\u00f3mica.<\/p>\n<blockquote><p><strong>\u201cEl impacto que genera la inversi\u00f3n es impulsar tanto nuevas empresas en al \u00e1mbito industrial, como en el sector de servicios\u201d, se\u00f1ala el Plan Parcial de Incorporaci\u00f3n Territorial Centro Tecnol\u00f3gico de Investigaci\u00f3n y Desarrollo para la Industria Automotriz, El Cristo, elaborado en la administraci\u00f3n pasada (2016-2018)\u00a0<\/strong><\/p><\/blockquote>\n<p>&nbsp;<\/p>\n","protected":false},"excerpt":{"rendered":"<p>Cdmx Press.- El Plan de Desarrollo Municipal 2019- 2021, de la alcaldesa morenista Patricia Dur\u00e1n&#8230;<\/p>\n","protected":false},"author":2,"featured_media":519,"comment_status":"open","ping_status":"closed","sticky":false,"template":"","format":"standard","meta":{"footnotes":""},"categories":[37,20],"tags":[],"class_list":["post-517","post","type-post","status-publish","format-standard","has-post-thumbnail","hentry","category-economia","category-nacionales"],"yoast_head":"<!-- This site is optimized with the Yoast SEO plugin v27.5 - https:\/\/yoast.com\/product\/yoast-seo-wordpress\/ -->\n<title>Ford construye un centro tecnol\u00f3gico en el Edomex - NOTICIAS DE LA 4T<\/title>\n<meta name=\"robots\" content=\"noindex, follow, max-snippet:-1, max-image-preview:large, max-video-preview:-1\" \/>\n<meta property=\"og:locale\" content=\"es_MX\" \/>\n<meta property=\"og:type\" content=\"article\" \/>\n<meta property=\"og:title\" content=\"Ford construye un centro tecnol\u00f3gico en el Edomex - NOTICIAS DE LA 4T\" \/>\n<meta property=\"og:description\" content=\"Cdmx Press.- El Plan de Desarrollo Municipal 2019- 2021, de la alcaldesa morenista Patricia Dur\u00e1n...\" \/>\n<meta property=\"og:url\" content=\"https:\/\/redamlo.com\/index.php\/2019\/09\/30\/ford-construye-un-centro-tecnologico-en-el-edomex\/\" \/>\n<meta property=\"og:site_name\" content=\"NOTICIAS DE LA 4T\" \/>\n<meta property=\"article:published_time\" content=\"2019-09-30T21:11:30+00:00\" \/>\n<meta property=\"og:image\" content=\"https:\/\/redamlo.com\/wp-content\/uploads\/2019\/09\/ford-edomex.jpg\" \/>\n\t<meta property=\"og:image:width\" content=\"851\" \/>\n\t<meta property=\"og:image:height\" content=\"315\" \/>\n\t<meta property=\"og:image:type\" content=\"image\/jpeg\" \/>\n<meta name=\"author\" content=\"Blanca\" \/>\n<meta name=\"twitter:card\" content=\"summary_large_image\" \/>\n<meta name=\"twitter:label1\" content=\"Escrito por\" \/>\n\t<meta name=\"twitter:data1\" content=\"Blanca\" \/>\n\t<meta name=\"twitter:label2\" content=\"Tiempo de lectura\" \/>\n\t<meta name=\"twitter:data2\" content=\"1 minuto\" \/>\n<script type=\"application\/ld+json\" class=\"yoast-schema-graph\">{\"@context\":\"https:\\\/\\\/schema.org\",\"@graph\":[{\"@type\":\"Article\",\"@id\":\"https:\\\/\\\/redamlo.com\\\/index.php\\\/2019\\\/09\\\/30\\\/ford-construye-un-centro-tecnologico-en-el-edomex\\\/#article\",\"isPartOf\":{\"@id\":\"https:\\\/\\\/redamlo.com\\\/index.php\\\/2019\\\/09\\\/30\\\/ford-construye-un-centro-tecnologico-en-el-edomex\\\/\"},\"author\":{\"name\":\"Blanca\",\"@id\":\"https:\\\/\\\/redamlo.com\\\/#\\\/schema\\\/person\\\/7223a4375eb8f1a782fcae010a7115cf\"},\"headline\":\"Ford construye un centro tecnol\u00f3gico en el Edomex\",\"datePublished\":\"2019-09-30T21:11:30+00:00\",\"mainEntityOfPage\":{\"@id\":\"https:\\\/\\\/redamlo.com\\\/index.php\\\/2019\\\/09\\\/30\\\/ford-construye-un-centro-tecnologico-en-el-edomex\\\/\"},\"wordCount\":206,\"commentCount\":0,\"publisher\":{\"@id\":\"https:\\\/\\\/redamlo.com\\\/#organization\"},\"image\":{\"@id\":\"https:\\\/\\\/redamlo.com\\\/index.php\\\/2019\\\/09\\\/30\\\/ford-construye-un-centro-tecnologico-en-el-edomex\\\/#primaryimage\"},\"thumbnailUrl\":\"https:\\\/\\\/redamlo.com\\\/wp-content\\\/uploads\\\/2019\\\/09\\\/ford-edomex.jpg\",\"articleSection\":[\"Econom\u00eda\",\"Nacionales\"],\"inLanguage\":\"es\",\"potentialAction\":[{\"@type\":\"CommentAction\",\"name\":\"Comment\",\"target\":[\"https:\\\/\\\/redamlo.com\\\/index.php\\\/2019\\\/09\\\/30\\\/ford-construye-un-centro-tecnologico-en-el-edomex\\\/#respond\"]}]},{\"@type\":\"WebPage\",\"@id\":\"https:\\\/\\\/redamlo.com\\\/index.php\\\/2019\\\/09\\\/30\\\/ford-construye-un-centro-tecnologico-en-el-edomex\\\/\",\"url\":\"https:\\\/\\\/redamlo.com\\\/index.php\\\/2019\\\/09\\\/30\\\/ford-construye-un-centro-tecnologico-en-el-edomex\\\/\",\"name\":\"Ford construye un centro tecnol\u00f3gico en el Edomex - NOTICIAS DE LA 4T\",\"isPartOf\":{\"@id\":\"https:\\\/\\\/redamlo.com\\\/#website\"},\"primaryImageOfPage\":{\"@id\":\"https:\\\/\\\/redamlo.com\\\/index.php\\\/2019\\\/09\\\/30\\\/ford-construye-un-centro-tecnologico-en-el-edomex\\\/#primaryimage\"},\"image\":{\"@id\":\"https:\\\/\\\/redamlo.com\\\/index.php\\\/2019\\\/09\\\/30\\\/ford-construye-un-centro-tecnologico-en-el-edomex\\\/#primaryimage\"},\"thumbnailUrl\":\"https:\\\/\\\/redamlo.com\\\/wp-content\\\/uploads\\\/2019\\\/09\\\/ford-edomex.jpg\",\"datePublished\":\"2019-09-30T21:11:30+00:00\",\"breadcrumb\":{\"@id\":\"https:\\\/\\\/redamlo.com\\\/index.php\\\/2019\\\/09\\\/30\\\/ford-construye-un-centro-tecnologico-en-el-edomex\\\/#breadcrumb\"},\"inLanguage\":\"es\",\"potentialAction\":[{\"@type\":\"ReadAction\",\"target\":[\"https:\\\/\\\/redamlo.com\\\/index.php\\\/2019\\\/09\\\/30\\\/ford-construye-un-centro-tecnologico-en-el-edomex\\\/\"]}]},{\"@type\":\"ImageObject\",\"inLanguage\":\"es\",\"@id\":\"https:\\\/\\\/redamlo.com\\\/index.php\\\/2019\\\/09\\\/30\\\/ford-construye-un-centro-tecnologico-en-el-edomex\\\/#primaryimage\",\"url\":\"https:\\\/\\\/redamlo.com\\\/wp-content\\\/uploads\\\/2019\\\/09\\\/ford-edomex.jpg\",\"contentUrl\":\"https:\\\/\\\/redamlo.com\\\/wp-content\\\/uploads\\\/2019\\\/09\\\/ford-edomex.jpg\",\"width\":851,\"height\":315},{\"@type\":\"BreadcrumbList\",\"@id\":\"https:\\\/\\\/redamlo.com\\\/index.php\\\/2019\\\/09\\\/30\\\/ford-construye-un-centro-tecnologico-en-el-edomex\\\/#breadcrumb\",\"itemListElement\":[{\"@type\":\"ListItem\",\"position\":1,\"name\":\"Inicio\",\"item\":\"https:\\\/\\\/redamlo.com\\\/\"},{\"@type\":\"ListItem\",\"position\":2,\"name\":\"Ford construye un centro tecnol\u00f3gico en el Edomex\"}]},{\"@type\":\"WebSite\",\"@id\":\"https:\\\/\\\/redamlo.com\\\/#website\",\"url\":\"https:\\\/\\\/redamlo.com\\\/\",\"name\":\"NOTICIAS DE LA 4T\",\"description\":\"\",\"publisher\":{\"@id\":\"https:\\\/\\\/redamlo.com\\\/#organization\"},\"potentialAction\":[{\"@type\":\"SearchAction\",\"target\":{\"@type\":\"EntryPoint\",\"urlTemplate\":\"https:\\\/\\\/redamlo.com\\\/?s={search_term_string}\"},\"query-input\":{\"@type\":\"PropertyValueSpecification\",\"valueRequired\":true,\"valueName\":\"search_term_string\"}}],\"inLanguage\":\"es\"},{\"@type\":\"Organization\",\"@id\":\"https:\\\/\\\/redamlo.com\\\/#organization\",\"name\":\"NOTICIAS DE LA 4T\",\"url\":\"https:\\\/\\\/redamlo.com\\\/\",\"logo\":{\"@type\":\"ImageObject\",\"inLanguage\":\"es\",\"@id\":\"https:\\\/\\\/redamlo.com\\\/#\\\/schema\\\/logo\\\/image\\\/\",\"url\":\"https:\\\/\\\/redamlo.com\\\/wp-content\\\/uploads\\\/2024\\\/08\\\/cropped-RED-AMLO-logo-50.png\",\"contentUrl\":\"https:\\\/\\\/redamlo.com\\\/wp-content\\\/uploads\\\/2024\\\/08\\\/cropped-RED-AMLO-logo-50.png\",\"width\":256,\"height\":256,\"caption\":\"NOTICIAS DE LA 4T\"},\"image\":{\"@id\":\"https:\\\/\\\/redamlo.com\\\/#\\\/schema\\\/logo\\\/image\\\/\"}},{\"@type\":\"Person\",\"@id\":\"https:\\\/\\\/redamlo.com\\\/#\\\/schema\\\/person\\\/7223a4375eb8f1a782fcae010a7115cf\",\"name\":\"Blanca\",\"image\":{\"@type\":\"ImageObject\",\"inLanguage\":\"es\",\"@id\":\"https:\\\/\\\/secure.gravatar.com\\\/avatar\\\/3f79bc8336367a4e6093eae8757acaaf61d1124834b905616de7829b0273426d?s=96&d=mm&r=g\",\"url\":\"https:\\\/\\\/secure.gravatar.com\\\/avatar\\\/3f79bc8336367a4e6093eae8757acaaf61d1124834b905616de7829b0273426d?s=96&d=mm&r=g\",\"contentUrl\":\"https:\\\/\\\/secure.gravatar.com\\\/avatar\\\/3f79bc8336367a4e6093eae8757acaaf61d1124834b905616de7829b0273426d?s=96&d=mm&r=g\",\"caption\":\"Blanca\"},\"url\":\"https:\\\/\\\/redamlo.com\\\/index.php\\\/author\\\/blanca\\\/\"}]}<\/script>\n<!-- \/ Yoast SEO plugin. -->","yoast_head_json":{"title":"Ford construye un centro tecnol\u00f3gico en el Edomex - NOTICIAS DE LA 4T","robots":{"index":"noindex","follow":"follow","max-snippet":"max-snippet:-1","max-image-preview":"max-image-preview:large","max-video-preview":"max-video-preview:-1"},"og_locale":"es_MX","og_type":"article","og_title":"Ford construye un centro tecnol\u00f3gico en el Edomex - NOTICIAS DE LA 4T","og_description":"Cdmx Press.- El Plan de Desarrollo Municipal 2019- 2021, de la alcaldesa morenista Patricia Dur\u00e1n...","og_url":"https:\/\/redamlo.com\/index.php\/2019\/09\/30\/ford-construye-un-centro-tecnologico-en-el-edomex\/","og_site_name":"NOTICIAS DE LA 4T","article_published_time":"2019-09-30T21:11:30+00:00","og_image":[{"width":851,"height":315,"url":"https:\/\/redamlo.com\/wp-content\/uploads\/2019\/09\/ford-edomex.jpg","type":"image\/jpeg"}],"author":"Blanca","twitter_card":"summary_large_image","twitter_misc":{"Escrito por":"Blanca","Tiempo de lectura":"1 minuto"},"schema":{"@context":"https:\/\/schema.org","@graph":[{"@type":"Article","@id":"https:\/\/redamlo.com\/index.php\/2019\/09\/30\/ford-construye-un-centro-tecnologico-en-el-edomex\/#article","isPartOf":{"@id":"https:\/\/redamlo.com\/index.php\/2019\/09\/30\/ford-construye-un-centro-tecnologico-en-el-edomex\/"},"author":{"name":"Blanca","@id":"https:\/\/redamlo.com\/#\/schema\/person\/7223a4375eb8f1a782fcae010a7115cf"},"headline":"Ford construye un centro tecnol\u00f3gico en el Edomex","datePublished":"2019-09-30T21:11:30+00:00","mainEntityOfPage":{"@id":"https:\/\/redamlo.com\/index.php\/2019\/09\/30\/ford-construye-un-centro-tecnologico-en-el-edomex\/"},"wordCount":206,"commentCount":0,"publisher":{"@id":"https:\/\/redamlo.com\/#organization"},"image":{"@id":"https:\/\/redamlo.com\/index.php\/2019\/09\/30\/ford-construye-un-centro-tecnologico-en-el-edomex\/#primaryimage"},"thumbnailUrl":"https:\/\/redamlo.com\/wp-content\/uploads\/2019\/09\/ford-edomex.jpg","articleSection":["Econom\u00eda","Nacionales"],"inLanguage":"es","potentialAction":[{"@type":"CommentAction","name":"Comment","target":["https:\/\/redamlo.com\/index.php\/2019\/09\/30\/ford-construye-un-centro-tecnologico-en-el-edomex\/#respond"]}]},{"@type":"WebPage","@id":"https:\/\/redamlo.com\/index.php\/2019\/09\/30\/ford-construye-un-centro-tecnologico-en-el-edomex\/","url":"https:\/\/redamlo.com\/index.php\/2019\/09\/30\/ford-construye-un-centro-tecnologico-en-el-edomex\/","name":"Ford construye un centro tecnol\u00f3gico en el Edomex - NOTICIAS DE LA 4T","isPartOf":{"@id":"https:\/\/redamlo.com\/#website"},"primaryImageOfPage":{"@id":"https:\/\/redamlo.com\/index.php\/2019\/09\/30\/ford-construye-un-centro-tecnologico-en-el-edomex\/#primaryimage"},"image":{"@id":"https:\/\/redamlo.com\/index.php\/2019\/09\/30\/ford-construye-un-centro-tecnologico-en-el-edomex\/#primaryimage"},"thumbnailUrl":"https:\/\/redamlo.com\/wp-content\/uploads\/2019\/09\/ford-edomex.jpg","datePublished":"2019-09-30T21:11:30+00:00","breadcrumb":{"@id":"https:\/\/redamlo.com\/index.php\/2019\/09\/30\/ford-construye-un-centro-tecnologico-en-el-edomex\/#breadcrumb"},"inLanguage":"es","potentialAction":[{"@type":"ReadAction","target":["https:\/\/redamlo.com\/index.php\/2019\/09\/30\/ford-construye-un-centro-tecnologico-en-el-edomex\/"]}]},{"@type":"ImageObject","inLanguage":"es","@id":"https:\/\/redamlo.com\/index.php\/2019\/09\/30\/ford-construye-un-centro-tecnologico-en-el-edomex\/#primaryimage","url":"https:\/\/redamlo.com\/wp-content\/uploads\/2019\/09\/ford-edomex.jpg","contentUrl":"https:\/\/redamlo.com\/wp-content\/uploads\/2019\/09\/ford-edomex.jpg","width":851,"height":315},{"@type":"BreadcrumbList","@id":"https:\/\/redamlo.com\/index.php\/2019\/09\/30\/ford-construye-un-centro-tecnologico-en-el-edomex\/#breadcrumb","itemListElement":[{"@type":"ListItem","position":1,"name":"Inicio","item":"https:\/\/redamlo.com\/"},{"@type":"ListItem","position":2,"name":"Ford construye un centro tecnol\u00f3gico en el Edomex"}]},{"@type":"WebSite","@id":"https:\/\/redamlo.com\/#website","url":"https:\/\/redamlo.com\/","name":"NOTICIAS DE LA 4T","description":"","publisher":{"@id":"https:\/\/redamlo.com\/#organization"},"potentialAction":[{"@type":"SearchAction","target":{"@type":"EntryPoint","urlTemplate":"https:\/\/redamlo.com\/?s={search_term_string}"},"query-input":{"@type":"PropertyValueSpecification","valueRequired":true,"valueName":"search_term_string"}}],"inLanguage":"es"},{"@type":"Organization","@id":"https:\/\/redamlo.com\/#organization","name":"NOTICIAS DE LA 4T","url":"https:\/\/redamlo.com\/","logo":{"@type":"ImageObject","inLanguage":"es","@id":"https:\/\/redamlo.com\/#\/schema\/logo\/image\/","url":"https:\/\/redamlo.com\/wp-content\/uploads\/2024\/08\/cropped-RED-AMLO-logo-50.png","contentUrl":"https:\/\/redamlo.com\/wp-content\/uploads\/2024\/08\/cropped-RED-AMLO-logo-50.png","width":256,"height":256,"caption":"NOTICIAS DE LA 4T"},"image":{"@id":"https:\/\/redamlo.com\/#\/schema\/logo\/image\/"}},{"@type":"Person","@id":"https:\/\/redamlo.com\/#\/schema\/person\/7223a4375eb8f1a782fcae010a7115cf","name":"Blanca","image":{"@type":"ImageObject","inLanguage":"es","@id":"https:\/\/secure.gravatar.com\/avatar\/3f79bc8336367a4e6093eae8757acaaf61d1124834b905616de7829b0273426d?s=96&d=mm&r=g","url":"https:\/\/secure.gravatar.com\/avatar\/3f79bc8336367a4e6093eae8757acaaf61d1124834b905616de7829b0273426d?s=96&d=mm&r=g","contentUrl":"https:\/\/secure.gravatar.com\/avatar\/3f79bc8336367a4e6093eae8757acaaf61d1124834b905616de7829b0273426d?s=96&d=mm&r=g","caption":"Blanca"},"url":"https:\/\/redamlo.com\/index.php\/author\/blanca\/"}]}},"_links":{"self":[{"href":"https:\/\/redamlo.com\/index.php\/wp-json\/wp\/v2\/posts\/517","targetHints":{"allow":["GET"]}}],"collection":[{"href":"https:\/\/redamlo.com\/index.php\/wp-json\/wp\/v2\/posts"}],"about":[{"href":"https:\/\/redamlo.com\/index.php\/wp-json\/wp\/v2\/types\/post"}],"author":[{"embeddable":true,"href":"https:\/\/redamlo.com\/index.php\/wp-json\/wp\/v2\/users\/2"}],"replies":[{"embeddable":true,"href":"https:\/\/redamlo.com\/index.php\/wp-json\/wp\/v2\/comments?post=517"}],"version-history":[{"count":0,"href":"https:\/\/redamlo.com\/index.php\/wp-json\/wp\/v2\/posts\/517\/revisions"}],"wp:featuredmedia":[{"embeddable":true,"href":"https:\/\/redamlo.com\/index.php\/wp-json\/wp\/v2\/media\/519"}],"wp:attachment":[{"href":"https:\/\/redamlo.com\/index.php\/wp-json\/wp\/v2\/media?parent=517"}],"wp:term":[{"taxonomy":"category","embeddable":true,"href":"https:\/\/redamlo.com\/index.php\/wp-json\/wp\/v2\/categories?post=517"},{"taxonomy":"post_tag","embeddable":true,"href":"https:\/\/redamlo.com\/index.php\/wp-json\/wp\/v2\/tags?post=517"}],"curies":[{"name":"wp","href":"https:\/\/api.w.org\/{rel}","templated":true}]}}