{"id":5138,"date":"2021-08-06T12:00:20","date_gmt":"2021-08-06T12:00:20","guid":{"rendered":"https:\/\/redamlo.com\/?p=5138"},"modified":"2021-08-06T12:00:20","modified_gmt":"2021-08-06T12:00:20","slug":"destaca-lopez-obrador-avances-en-seguridad-en-baja-california-sur","status":"publish","type":"post","link":"https:\/\/redamlo.com\/index.php\/2021\/08\/06\/destaca-lopez-obrador-avances-en-seguridad-en-baja-california-sur\/","title":{"rendered":"Destaca L\u00f3pez Obrador avances en seguridad en Baja California Sur"},"content":{"rendered":"<p style=\"text-align: justify;\"><span style=\"font-family: Arial, Helvetica, sans-serif; color: #000000;\">LA PAZ, 06 de agosto de 2021.- Al encabezar la reuni\u00f3n del Gabinete de Seguridad y la conferencia de prensa matutina en Baja California Sur, el presidente de M\u00e9xico, Andr\u00e9s Manuel L\u00f3pez Obrador destac\u00f3 los avances en este estado para lograr la paz y la tranquilidad de sus habitantes.<\/span><\/p>\n<p><span style=\"font-family: Arial, Helvetica, sans-serif; color: #000000;\">\u201cEn los \u00faltimos tiempos ha habido una disminuci\u00f3n considerable de delitos. Es de los estados con mejores resultados en el pa\u00eds, sobre todo en delitos donde no hay cifra negra, fundamentalmente en homicidios. Celebramos que esto se est\u00e9 dando en Baja California Sur; felicitamos a las autoridades estatales, a todas la gente porque, como siempre lo hemos dicho, el garantizar la paz es asunto de todos. Agradecer mucho al gobernador por este trabajo que se hace en forma coordinada\u201d, enfatiz\u00f3.<\/span><\/p>\n<p><span style=\"font-family: Arial, Helvetica, sans-serif; color: #000000;\">El secretario de Marina, Jos\u00e9 Rafael Ojeda Dur\u00e1n, destac\u00f3 que para atender las causas de la violencia y la inseguridad hay ocho Programas para el Bienestar operando con recursos que ascienden a mil 398 millones de pesos para m\u00e1s de 110 mil personas.<\/span><\/p>\n<p><span style=\"font-family: Arial, Helvetica, sans-serif; color: #000000;\">Inform\u00f3 que los delitos de extorsi\u00f3n, lesiones dolosas y robo a casa habitaci\u00f3n van a la baja, mientras que ya se trabaja para contener el alza que se registr\u00f3 en violaciones y violencia intrafamiliar.<\/span><\/p>\n<p><span style=\"font-family: Arial, Helvetica, sans-serif; color: #000000;\">M\u00e9xico est\u00e1 en proceso de recuperaci\u00f3n tras crisis por pandemia<\/span><\/p>\n<p><span style=\"font-family: Arial, Helvetica, sans-serif; color: #000000;\">El jefe del Ejecutivo sostuvo que la pandemia de Covid-19 afect\u00f3 la econom\u00eda en general y result\u00f3 en una ca\u00edda de 8.5 por ciento.<\/span><\/p>\n<p><span style=\"font-family: Arial, Helvetica, sans-serif; color: #000000;\">\u201cAfortunadamente ya estamos en recuperaci\u00f3n. Ya est\u00e1 recuper\u00e1ndose la aviaci\u00f3n, el turismo, el comercio, la industria. Hay una recuperaci\u00f3n extraordinaria, excepcional, al grado de que los pron\u00f3sticos de crecimiento para este a\u00f1o van m\u00e1s all\u00e1 del 6 por ciento y creo que est\u00e1n proyect\u00e1ndose 6.3 para este a\u00f1o. Vamos saliendo adelante\u201d, expuso.<\/span><\/p>\n<p><span style=\"font-family: Arial, Helvetica, sans-serif; color: #000000;\">Agreg\u00f3 que actualmente el 70 por ciento de las familias mexicanas m\u00e1s pobres reciben al menos un apoyo de los Programas para el Bienestar.<\/span><\/p>\n<p><span style=\"font-family: Arial, Helvetica, sans-serif; color: #000000;\">\u201c\u00bfCu\u00e1ndo se hab\u00eda destinado tanto para apoyar a los pobres? Nunca. Imag\u00ednense que todos los adultos mayores tienen una pensi\u00f3n, que 11 millones de estudiantes tienen becas, que m\u00e1s de 400 mil campesinos reciben un jornal arriba del salario m\u00ednimo en el programa Sembrando Vida; ya casi son dos millones de j\u00f3venes que trabajan como aprendices en el programa J\u00f3venes Construyendo el Futuro. Un mill\u00f3n de ni\u00f1as y ni\u00f1os con discapacidad tienen tambi\u00e9n pensi\u00f3n\u201d, remarc\u00f3.<\/span><\/p>\n<p><span style=\"font-family: Arial, Helvetica, sans-serif; color: #000000;\">Adicionalmente la moneda nacional se mantiene fuerte frente al d\u00f3lar y el salario m\u00ednimo aument\u00f3 considerablemente en los \u00faltimos dos a\u00f1os.<\/span><\/p>\n<p><span style=\"font-family: Arial, Helvetica, sans-serif; color: #000000;\">\u201cEsa es una forma de medir pobreza y bienestar en la gente\u201d, agreg\u00f3 el mandatario.<\/span><\/p>\n<p><iframe loading=\"lazy\" title=\"Baja California Sur destaca por resultados en seguridad. Conferencia presidente AMLO\" width=\"640\" height=\"360\" src=\"https:\/\/www.youtube.com\/embed\/t6v2-JE-xW8?start=820&#038;feature=oembed\" frameborder=\"0\" allow=\"accelerometer; autoplay; clipboard-write; encrypted-media; gyroscope; picture-in-picture; web-share\" referrerpolicy=\"strict-origin-when-cross-origin\" allowfullscreen><\/iframe><\/p>\n","protected":false},"excerpt":{"rendered":"<p>LA PAZ, 06 de agosto de 2021.- Al encabezar la reuni\u00f3n del Gabinete de Seguridad&#8230;<\/p>\n","protected":false},"author":2,"featured_media":5141,"comment_status":"open","ping_status":"closed","sticky":false,"template":"","format":"standard","meta":{"footnotes":""},"categories":[25,20,27],"tags":[84,131,1261,473,709,556,9,567,616,1262],"class_list":["post-5138","post","type-post","status-publish","format-standard","has-post-thumbnail","hentry","category-4t","category-nacionales","category-presidencia","tag-amlo","tag-andres-manuel-lopez-obrador","tag-baja-california-sur","tag-covid-19","tag-gabinete-de-seguridad","tag-gobierno-de-mexico","tag-mexico","tag-pandemia","tag-paz","tag-tranquilidad"],"yoast_head":"<!-- This site is optimized with the Yoast SEO plugin v27.5 - https:\/\/yoast.com\/product\/yoast-seo-wordpress\/ -->\n<title>Destaca L\u00f3pez Obrador avances en seguridad en Baja California Sur - NOTICIAS DE LA 4T<\/title>\n<meta name=\"robots\" content=\"noindex, follow, max-snippet:-1, max-image-preview:large, max-video-preview:-1\" \/>\n<meta property=\"og:locale\" content=\"es_MX\" \/>\n<meta property=\"og:type\" content=\"article\" \/>\n<meta property=\"og:title\" content=\"Destaca L\u00f3pez Obrador avances en seguridad en Baja California Sur - NOTICIAS DE LA 4T\" \/>\n<meta property=\"og:description\" content=\"LA PAZ, 06 de agosto de 2021.- Al encabezar la reuni\u00f3n del Gabinete de Seguridad...\" \/>\n<meta property=\"og:url\" content=\"https:\/\/redamlo.com\/index.php\/2021\/08\/06\/destaca-lopez-obrador-avances-en-seguridad-en-baja-california-sur\/\" \/>\n<meta property=\"og:site_name\" content=\"NOTICIAS DE LA 4T\" \/>\n<meta property=\"article:published_time\" content=\"2021-08-06T12:00:20+00:00\" \/>\n<meta property=\"og:image\" content=\"https:\/\/redamlo.com\/wp-content\/uploads\/2021\/08\/Destaca-Lopez-Obrador-avances-en-seguridad-en-Baja-California-Sur.jpg\" \/>\n\t<meta property=\"og:image:width\" content=\"769\" \/>\n\t<meta property=\"og:image:height\" content=\"459\" \/>\n\t<meta property=\"og:image:type\" content=\"image\/jpeg\" \/>\n<meta name=\"author\" content=\"Blanca\" \/>\n<meta name=\"twitter:card\" content=\"summary_large_image\" \/>\n<meta name=\"twitter:label1\" content=\"Escrito por\" \/>\n\t<meta name=\"twitter:data1\" content=\"Blanca\" \/>\n\t<meta name=\"twitter:label2\" content=\"Tiempo de lectura\" \/>\n\t<meta name=\"twitter:data2\" content=\"2 minutos\" \/>\n<script type=\"application\/ld+json\" class=\"yoast-schema-graph\">{\"@context\":\"https:\\\/\\\/schema.org\",\"@graph\":[{\"@type\":\"Article\",\"@id\":\"https:\\\/\\\/redamlo.com\\\/index.php\\\/2021\\\/08\\\/06\\\/destaca-lopez-obrador-avances-en-seguridad-en-baja-california-sur\\\/#article\",\"isPartOf\":{\"@id\":\"https:\\\/\\\/redamlo.com\\\/index.php\\\/2021\\\/08\\\/06\\\/destaca-lopez-obrador-avances-en-seguridad-en-baja-california-sur\\\/\"},\"author\":{\"name\":\"Blanca\",\"@id\":\"https:\\\/\\\/redamlo.com\\\/#\\\/schema\\\/person\\\/7223a4375eb8f1a782fcae010a7115cf\"},\"headline\":\"Destaca L\u00f3pez Obrador avances en seguridad en Baja California Sur\",\"datePublished\":\"2021-08-06T12:00:20+00:00\",\"mainEntityOfPage\":{\"@id\":\"https:\\\/\\\/redamlo.com\\\/index.php\\\/2021\\\/08\\\/06\\\/destaca-lopez-obrador-avances-en-seguridad-en-baja-california-sur\\\/\"},\"wordCount\":486,\"commentCount\":0,\"publisher\":{\"@id\":\"https:\\\/\\\/redamlo.com\\\/#organization\"},\"image\":{\"@id\":\"https:\\\/\\\/redamlo.com\\\/index.php\\\/2021\\\/08\\\/06\\\/destaca-lopez-obrador-avances-en-seguridad-en-baja-california-sur\\\/#primaryimage\"},\"thumbnailUrl\":\"https:\\\/\\\/redamlo.com\\\/wp-content\\\/uploads\\\/2021\\\/08\\\/Destaca-Lopez-Obrador-avances-en-seguridad-en-Baja-California-Sur.jpg\",\"keywords\":[\"AMLO\",\"Andr\u00e9s Manuel L\u00f3pez Obrador\",\"Baja California Sur\",\"COVID-19\",\"Gabinete de Seguridad\",\"Gobierno de M\u00e9xico\",\"M\u00e9xico\",\"pandemia\",\"paz\",\"tranquilidad\"],\"articleSection\":[\"4T\",\"Nacionales\",\"Presidencia\"],\"inLanguage\":\"es\",\"potentialAction\":[{\"@type\":\"CommentAction\",\"name\":\"Comment\",\"target\":[\"https:\\\/\\\/redamlo.com\\\/index.php\\\/2021\\\/08\\\/06\\\/destaca-lopez-obrador-avances-en-seguridad-en-baja-california-sur\\\/#respond\"]}]},{\"@type\":\"WebPage\",\"@id\":\"https:\\\/\\\/redamlo.com\\\/index.php\\\/2021\\\/08\\\/06\\\/destaca-lopez-obrador-avances-en-seguridad-en-baja-california-sur\\\/\",\"url\":\"https:\\\/\\\/redamlo.com\\\/index.php\\\/2021\\\/08\\\/06\\\/destaca-lopez-obrador-avances-en-seguridad-en-baja-california-sur\\\/\",\"name\":\"Destaca L\u00f3pez Obrador avances en seguridad en Baja California Sur - NOTICIAS DE LA 4T\",\"isPartOf\":{\"@id\":\"https:\\\/\\\/redamlo.com\\\/#website\"},\"primaryImageOfPage\":{\"@id\":\"https:\\\/\\\/redamlo.com\\\/index.php\\\/2021\\\/08\\\/06\\\/destaca-lopez-obrador-avances-en-seguridad-en-baja-california-sur\\\/#primaryimage\"},\"image\":{\"@id\":\"https:\\\/\\\/redamlo.com\\\/index.php\\\/2021\\\/08\\\/06\\\/destaca-lopez-obrador-avances-en-seguridad-en-baja-california-sur\\\/#primaryimage\"},\"thumbnailUrl\":\"https:\\\/\\\/redamlo.com\\\/wp-content\\\/uploads\\\/2021\\\/08\\\/Destaca-Lopez-Obrador-avances-en-seguridad-en-Baja-California-Sur.jpg\",\"datePublished\":\"2021-08-06T12:00:20+00:00\",\"breadcrumb\":{\"@id\":\"https:\\\/\\\/redamlo.com\\\/index.php\\\/2021\\\/08\\\/06\\\/destaca-lopez-obrador-avances-en-seguridad-en-baja-california-sur\\\/#breadcrumb\"},\"inLanguage\":\"es\",\"potentialAction\":[{\"@type\":\"ReadAction\",\"target\":[\"https:\\\/\\\/redamlo.com\\\/index.php\\\/2021\\\/08\\\/06\\\/destaca-lopez-obrador-avances-en-seguridad-en-baja-california-sur\\\/\"]}]},{\"@type\":\"ImageObject\",\"inLanguage\":\"es\",\"@id\":\"https:\\\/\\\/redamlo.com\\\/index.php\\\/2021\\\/08\\\/06\\\/destaca-lopez-obrador-avances-en-seguridad-en-baja-california-sur\\\/#primaryimage\",\"url\":\"https:\\\/\\\/redamlo.com\\\/wp-content\\\/uploads\\\/2021\\\/08\\\/Destaca-Lopez-Obrador-avances-en-seguridad-en-Baja-California-Sur.jpg\",\"contentUrl\":\"https:\\\/\\\/redamlo.com\\\/wp-content\\\/uploads\\\/2021\\\/08\\\/Destaca-Lopez-Obrador-avances-en-seguridad-en-Baja-California-Sur.jpg\",\"width\":769,\"height\":459},{\"@type\":\"BreadcrumbList\",\"@id\":\"https:\\\/\\\/redamlo.com\\\/index.php\\\/2021\\\/08\\\/06\\\/destaca-lopez-obrador-avances-en-seguridad-en-baja-california-sur\\\/#breadcrumb\",\"itemListElement\":[{\"@type\":\"ListItem\",\"position\":1,\"name\":\"Inicio\",\"item\":\"https:\\\/\\\/redamlo.com\\\/\"},{\"@type\":\"ListItem\",\"position\":2,\"name\":\"Destaca L\u00f3pez Obrador avances en seguridad en Baja California Sur\"}]},{\"@type\":\"WebSite\",\"@id\":\"https:\\\/\\\/redamlo.com\\\/#website\",\"url\":\"https:\\\/\\\/redamlo.com\\\/\",\"name\":\"NOTICIAS DE LA 4T\",\"description\":\"\",\"publisher\":{\"@id\":\"https:\\\/\\\/redamlo.com\\\/#organization\"},\"potentialAction\":[{\"@type\":\"SearchAction\",\"target\":{\"@type\":\"EntryPoint\",\"urlTemplate\":\"https:\\\/\\\/redamlo.com\\\/?s={search_term_string}\"},\"query-input\":{\"@type\":\"PropertyValueSpecification\",\"valueRequired\":true,\"valueName\":\"search_term_string\"}}],\"inLanguage\":\"es\"},{\"@type\":\"Organization\",\"@id\":\"https:\\\/\\\/redamlo.com\\\/#organization\",\"name\":\"NOTICIAS DE LA 4T\",\"url\":\"https:\\\/\\\/redamlo.com\\\/\",\"logo\":{\"@type\":\"ImageObject\",\"inLanguage\":\"es\",\"@id\":\"https:\\\/\\\/redamlo.com\\\/#\\\/schema\\\/logo\\\/image\\\/\",\"url\":\"https:\\\/\\\/redamlo.com\\\/wp-content\\\/uploads\\\/2024\\\/08\\\/cropped-RED-AMLO-logo-50.png\",\"contentUrl\":\"https:\\\/\\\/redamlo.com\\\/wp-content\\\/uploads\\\/2024\\\/08\\\/cropped-RED-AMLO-logo-50.png\",\"width\":256,\"height\":256,\"caption\":\"NOTICIAS DE LA 4T\"},\"image\":{\"@id\":\"https:\\\/\\\/redamlo.com\\\/#\\\/schema\\\/logo\\\/image\\\/\"}},{\"@type\":\"Person\",\"@id\":\"https:\\\/\\\/redamlo.com\\\/#\\\/schema\\\/person\\\/7223a4375eb8f1a782fcae010a7115cf\",\"name\":\"Blanca\",\"image\":{\"@type\":\"ImageObject\",\"inLanguage\":\"es\",\"@id\":\"https:\\\/\\\/secure.gravatar.com\\\/avatar\\\/3f79bc8336367a4e6093eae8757acaaf61d1124834b905616de7829b0273426d?s=96&d=mm&r=g\",\"url\":\"https:\\\/\\\/secure.gravatar.com\\\/avatar\\\/3f79bc8336367a4e6093eae8757acaaf61d1124834b905616de7829b0273426d?s=96&d=mm&r=g\",\"contentUrl\":\"https:\\\/\\\/secure.gravatar.com\\\/avatar\\\/3f79bc8336367a4e6093eae8757acaaf61d1124834b905616de7829b0273426d?s=96&d=mm&r=g\",\"caption\":\"Blanca\"},\"url\":\"https:\\\/\\\/redamlo.com\\\/index.php\\\/author\\\/blanca\\\/\"}]}<\/script>\n<!-- \/ Yoast SEO plugin. -->","yoast_head_json":{"title":"Destaca L\u00f3pez Obrador avances en seguridad en Baja California Sur - NOTICIAS DE LA 4T","robots":{"index":"noindex","follow":"follow","max-snippet":"max-snippet:-1","max-image-preview":"max-image-preview:large","max-video-preview":"max-video-preview:-1"},"og_locale":"es_MX","og_type":"article","og_title":"Destaca L\u00f3pez Obrador avances en seguridad en Baja California Sur - NOTICIAS DE LA 4T","og_description":"LA PAZ, 06 de agosto de 2021.- Al encabezar la reuni\u00f3n del Gabinete de Seguridad...","og_url":"https:\/\/redamlo.com\/index.php\/2021\/08\/06\/destaca-lopez-obrador-avances-en-seguridad-en-baja-california-sur\/","og_site_name":"NOTICIAS DE LA 4T","article_published_time":"2021-08-06T12:00:20+00:00","og_image":[{"width":769,"height":459,"url":"https:\/\/redamlo.com\/wp-content\/uploads\/2021\/08\/Destaca-Lopez-Obrador-avances-en-seguridad-en-Baja-California-Sur.jpg","type":"image\/jpeg"}],"author":"Blanca","twitter_card":"summary_large_image","twitter_misc":{"Escrito por":"Blanca","Tiempo de lectura":"2 minutos"},"schema":{"@context":"https:\/\/schema.org","@graph":[{"@type":"Article","@id":"https:\/\/redamlo.com\/index.php\/2021\/08\/06\/destaca-lopez-obrador-avances-en-seguridad-en-baja-california-sur\/#article","isPartOf":{"@id":"https:\/\/redamlo.com\/index.php\/2021\/08\/06\/destaca-lopez-obrador-avances-en-seguridad-en-baja-california-sur\/"},"author":{"name":"Blanca","@id":"https:\/\/redamlo.com\/#\/schema\/person\/7223a4375eb8f1a782fcae010a7115cf"},"headline":"Destaca L\u00f3pez Obrador avances en seguridad en Baja California Sur","datePublished":"2021-08-06T12:00:20+00:00","mainEntityOfPage":{"@id":"https:\/\/redamlo.com\/index.php\/2021\/08\/06\/destaca-lopez-obrador-avances-en-seguridad-en-baja-california-sur\/"},"wordCount":486,"commentCount":0,"publisher":{"@id":"https:\/\/redamlo.com\/#organization"},"image":{"@id":"https:\/\/redamlo.com\/index.php\/2021\/08\/06\/destaca-lopez-obrador-avances-en-seguridad-en-baja-california-sur\/#primaryimage"},"thumbnailUrl":"https:\/\/redamlo.com\/wp-content\/uploads\/2021\/08\/Destaca-Lopez-Obrador-avances-en-seguridad-en-Baja-California-Sur.jpg","keywords":["AMLO","Andr\u00e9s Manuel L\u00f3pez Obrador","Baja California Sur","COVID-19","Gabinete de Seguridad","Gobierno de M\u00e9xico","M\u00e9xico","pandemia","paz","tranquilidad"],"articleSection":["4T","Nacionales","Presidencia"],"inLanguage":"es","potentialAction":[{"@type":"CommentAction","name":"Comment","target":["https:\/\/redamlo.com\/index.php\/2021\/08\/06\/destaca-lopez-obrador-avances-en-seguridad-en-baja-california-sur\/#respond"]}]},{"@type":"WebPage","@id":"https:\/\/redamlo.com\/index.php\/2021\/08\/06\/destaca-lopez-obrador-avances-en-seguridad-en-baja-california-sur\/","url":"https:\/\/redamlo.com\/index.php\/2021\/08\/06\/destaca-lopez-obrador-avances-en-seguridad-en-baja-california-sur\/","name":"Destaca L\u00f3pez Obrador avances en seguridad en Baja California Sur - NOTICIAS DE LA 4T","isPartOf":{"@id":"https:\/\/redamlo.com\/#website"},"primaryImageOfPage":{"@id":"https:\/\/redamlo.com\/index.php\/2021\/08\/06\/destaca-lopez-obrador-avances-en-seguridad-en-baja-california-sur\/#primaryimage"},"image":{"@id":"https:\/\/redamlo.com\/index.php\/2021\/08\/06\/destaca-lopez-obrador-avances-en-seguridad-en-baja-california-sur\/#primaryimage"},"thumbnailUrl":"https:\/\/redamlo.com\/wp-content\/uploads\/2021\/08\/Destaca-Lopez-Obrador-avances-en-seguridad-en-Baja-California-Sur.jpg","datePublished":"2021-08-06T12:00:20+00:00","breadcrumb":{"@id":"https:\/\/redamlo.com\/index.php\/2021\/08\/06\/destaca-lopez-obrador-avances-en-seguridad-en-baja-california-sur\/#breadcrumb"},"inLanguage":"es","potentialAction":[{"@type":"ReadAction","target":["https:\/\/redamlo.com\/index.php\/2021\/08\/06\/destaca-lopez-obrador-avances-en-seguridad-en-baja-california-sur\/"]}]},{"@type":"ImageObject","inLanguage":"es","@id":"https:\/\/redamlo.com\/index.php\/2021\/08\/06\/destaca-lopez-obrador-avances-en-seguridad-en-baja-california-sur\/#primaryimage","url":"https:\/\/redamlo.com\/wp-content\/uploads\/2021\/08\/Destaca-Lopez-Obrador-avances-en-seguridad-en-Baja-California-Sur.jpg","contentUrl":"https:\/\/redamlo.com\/wp-content\/uploads\/2021\/08\/Destaca-Lopez-Obrador-avances-en-seguridad-en-Baja-California-Sur.jpg","width":769,"height":459},{"@type":"BreadcrumbList","@id":"https:\/\/redamlo.com\/index.php\/2021\/08\/06\/destaca-lopez-obrador-avances-en-seguridad-en-baja-california-sur\/#breadcrumb","itemListElement":[{"@type":"ListItem","position":1,"name":"Inicio","item":"https:\/\/redamlo.com\/"},{"@type":"ListItem","position":2,"name":"Destaca L\u00f3pez Obrador avances en seguridad en Baja California Sur"}]},{"@type":"WebSite","@id":"https:\/\/redamlo.com\/#website","url":"https:\/\/redamlo.com\/","name":"NOTICIAS DE LA 4T","description":"","publisher":{"@id":"https:\/\/redamlo.com\/#organization"},"potentialAction":[{"@type":"SearchAction","target":{"@type":"EntryPoint","urlTemplate":"https:\/\/redamlo.com\/?s={search_term_string}"},"query-input":{"@type":"PropertyValueSpecification","valueRequired":true,"valueName":"search_term_string"}}],"inLanguage":"es"},{"@type":"Organization","@id":"https:\/\/redamlo.com\/#organization","name":"NOTICIAS DE LA 4T","url":"https:\/\/redamlo.com\/","logo":{"@type":"ImageObject","inLanguage":"es","@id":"https:\/\/redamlo.com\/#\/schema\/logo\/image\/","url":"https:\/\/redamlo.com\/wp-content\/uploads\/2024\/08\/cropped-RED-AMLO-logo-50.png","contentUrl":"https:\/\/redamlo.com\/wp-content\/uploads\/2024\/08\/cropped-RED-AMLO-logo-50.png","width":256,"height":256,"caption":"NOTICIAS DE LA 4T"},"image":{"@id":"https:\/\/redamlo.com\/#\/schema\/logo\/image\/"}},{"@type":"Person","@id":"https:\/\/redamlo.com\/#\/schema\/person\/7223a4375eb8f1a782fcae010a7115cf","name":"Blanca","image":{"@type":"ImageObject","inLanguage":"es","@id":"https:\/\/secure.gravatar.com\/avatar\/3f79bc8336367a4e6093eae8757acaaf61d1124834b905616de7829b0273426d?s=96&d=mm&r=g","url":"https:\/\/secure.gravatar.com\/avatar\/3f79bc8336367a4e6093eae8757acaaf61d1124834b905616de7829b0273426d?s=96&d=mm&r=g","contentUrl":"https:\/\/secure.gravatar.com\/avatar\/3f79bc8336367a4e6093eae8757acaaf61d1124834b905616de7829b0273426d?s=96&d=mm&r=g","caption":"Blanca"},"url":"https:\/\/redamlo.com\/index.php\/author\/blanca\/"}]}},"_links":{"self":[{"href":"https:\/\/redamlo.com\/index.php\/wp-json\/wp\/v2\/posts\/5138","targetHints":{"allow":["GET"]}}],"collection":[{"href":"https:\/\/redamlo.com\/index.php\/wp-json\/wp\/v2\/posts"}],"about":[{"href":"https:\/\/redamlo.com\/index.php\/wp-json\/wp\/v2\/types\/post"}],"author":[{"embeddable":true,"href":"https:\/\/redamlo.com\/index.php\/wp-json\/wp\/v2\/users\/2"}],"replies":[{"embeddable":true,"href":"https:\/\/redamlo.com\/index.php\/wp-json\/wp\/v2\/comments?post=5138"}],"version-history":[{"count":0,"href":"https:\/\/redamlo.com\/index.php\/wp-json\/wp\/v2\/posts\/5138\/revisions"}],"wp:featuredmedia":[{"embeddable":true,"href":"https:\/\/redamlo.com\/index.php\/wp-json\/wp\/v2\/media\/5141"}],"wp:attachment":[{"href":"https:\/\/redamlo.com\/index.php\/wp-json\/wp\/v2\/media?parent=5138"}],"wp:term":[{"taxonomy":"category","embeddable":true,"href":"https:\/\/redamlo.com\/index.php\/wp-json\/wp\/v2\/categories?post=5138"},{"taxonomy":"post_tag","embeddable":true,"href":"https:\/\/redamlo.com\/index.php\/wp-json\/wp\/v2\/tags?post=5138"}],"curies":[{"name":"wp","href":"https:\/\/api.w.org\/{rel}","templated":true}]}}