{"id":5134,"date":"2021-08-05T12:00:35","date_gmt":"2021-08-05T12:00:35","guid":{"rendered":"https:\/\/redamlo.com\/?p=5134"},"modified":"2021-08-05T12:00:35","modified_gmt":"2021-08-05T12:00:35","slug":"demanda-contra-fabricantes-de-armas-respeta-legislacion-y-soberania-de-estados-unidos-lopez-obrador","status":"publish","type":"post","link":"https:\/\/redamlo.com\/index.php\/2021\/08\/05\/demanda-contra-fabricantes-de-armas-respeta-legislacion-y-soberania-de-estados-unidos-lopez-obrador\/","title":{"rendered":"Demanda contra fabricantes de armas respeta legislaci\u00f3n y soberan\u00eda de Estados Unidos: L\u00f3pez Obrador"},"content":{"rendered":"<p style=\"text-align: justify;\"><span style=\"font-family: Arial, Helvetica, sans-serif; color: #000000;\">M\u00c9XICO, 05 de agosto de 2021.- El presidente de M\u00e9xico, Andr\u00e9s Manuel L\u00f3pez Obrador afirm\u00f3 que la demanda por da\u00f1os interpuesta ayer por el gobierno federal, a trav\u00e9s de la Secretar\u00eda de Relaciones Exteriores, contra fabricantes y distribuidores de armas en Estados Unidos, es un procedimiento civil no injerencista y respetuoso de la legislaci\u00f3n de ese pa\u00eds.<\/span><\/p>\n<p><span style=\"font-family: Arial, Helvetica, sans-serif; color: #000000;\">\u201cNos afecta que no haya control sobre la venta de las armas. No es ir en contra de la enmienda que les da derecho a los estadounidenses de portar armas, sino la forma en que se fabrican y se venden estas armas que llegan a nuestro pa\u00eds y causan muertes porque no hay ninguna limitaci\u00f3n ni control\u201d, explic\u00f3.<\/span><\/p>\n<p><span style=\"font-family: Arial, Helvetica, sans-serif; color: #000000;\">En conferencia de prensa matutina, el mandatario sostuvo que el control de la venta de armas contribuir\u00eda a reducir considerablemente la violencia en M\u00e9xico.<\/span><\/p>\n<p><span style=\"font-family: Arial, Helvetica, sans-serif; color: #000000;\">\u201cAyuda mucho, pero vamos a ver. Es la primera vez que se hace un planteamiento as\u00ed, cuidadoso, con apego a la legalidad y respetuoso de la independencia y de las leyes de Estados Unidos\u201d, enfatiz\u00f3.<\/span><\/p>\n<p><span style=\"font-family: Arial, Helvetica, sans-serif; color: #000000;\">El jefe del Ejecutivo indic\u00f3 que actualmente las empresas dedicadas a la fabricaci\u00f3n de armas las hacen \u201ca la medida\u201d para sus clientes, que en M\u00e9xico forman parte de los grupos delincuenciales.<\/span><\/p>\n<p><iframe loading=\"lazy\" title=\"Demanda contra fabricantes de armas respeta legislaci\u00f3n de EE.UU. Conferencia presidente AMLO\" width=\"640\" height=\"360\" src=\"https:\/\/www.youtube.com\/embed\/iF0oOKV530w?start=330&#038;feature=oembed\" frameborder=\"0\" allow=\"accelerometer; autoplay; clipboard-write; encrypted-media; gyroscope; picture-in-picture; web-share\" referrerpolicy=\"strict-origin-when-cross-origin\" allowfullscreen><\/iframe><\/p>\n","protected":false},"excerpt":{"rendered":"<p>M\u00c9XICO, 05 de agosto de 2021.- El presidente de M\u00e9xico, Andr\u00e9s Manuel L\u00f3pez Obrador afirm\u00f3&#8230;<\/p>\n","protected":false},"author":2,"featured_media":5137,"comment_status":"open","ping_status":"closed","sticky":false,"template":"","format":"standard","meta":{"footnotes":""},"categories":[25,20,27],"tags":[84,131,1259,207,1260,556,9,655],"class_list":["post-5134","post","type-post","status-publish","format-standard","has-post-thumbnail","hentry","category-4t","category-nacionales","category-presidencia","tag-amlo","tag-andres-manuel-lopez-obrador","tag-demanda","tag-estados-unidos","tag-fabricantes-de-armas","tag-gobierno-de-mexico","tag-mexico","tag-sre"],"yoast_head":"<!-- This site is optimized with the Yoast SEO plugin v27.5 - https:\/\/yoast.com\/product\/yoast-seo-wordpress\/ -->\n<title>Demanda contra fabricantes de armas respeta legislaci\u00f3n y soberan\u00eda de Estados Unidos: L\u00f3pez Obrador - NOTICIAS DE LA 4T<\/title>\n<meta name=\"robots\" content=\"noindex, follow, max-snippet:-1, max-image-preview:large, max-video-preview:-1\" \/>\n<meta property=\"og:locale\" content=\"es_MX\" \/>\n<meta property=\"og:type\" content=\"article\" \/>\n<meta property=\"og:title\" content=\"Demanda contra fabricantes de armas respeta legislaci\u00f3n y soberan\u00eda de Estados Unidos: L\u00f3pez Obrador - NOTICIAS DE LA 4T\" \/>\n<meta property=\"og:description\" content=\"M\u00c9XICO, 05 de agosto de 2021.- El presidente de M\u00e9xico, Andr\u00e9s Manuel L\u00f3pez Obrador afirm\u00f3...\" \/>\n<meta property=\"og:url\" content=\"https:\/\/redamlo.com\/index.php\/2021\/08\/05\/demanda-contra-fabricantes-de-armas-respeta-legislacion-y-soberania-de-estados-unidos-lopez-obrador\/\" \/>\n<meta property=\"og:site_name\" content=\"NOTICIAS DE LA 4T\" \/>\n<meta property=\"article:published_time\" content=\"2021-08-05T12:00:35+00:00\" \/>\n<meta property=\"og:image\" content=\"https:\/\/redamlo.com\/wp-content\/uploads\/2021\/08\/Demanda-contra-fabricantes-de-armas-respeta-legislacion-y-soberania-de-Estados-Unidos-Lopez-Obrador.jpg\" \/>\n\t<meta property=\"og:image:width\" content=\"1501\" \/>\n\t<meta property=\"og:image:height\" content=\"859\" \/>\n\t<meta property=\"og:image:type\" content=\"image\/jpeg\" \/>\n<meta name=\"author\" content=\"Blanca\" \/>\n<meta name=\"twitter:card\" content=\"summary_large_image\" \/>\n<meta name=\"twitter:label1\" content=\"Escrito por\" \/>\n\t<meta name=\"twitter:data1\" content=\"Blanca\" \/>\n\t<meta name=\"twitter:label2\" content=\"Tiempo de lectura\" \/>\n\t<meta name=\"twitter:data2\" content=\"1 minuto\" \/>\n<script type=\"application\/ld+json\" class=\"yoast-schema-graph\">{\"@context\":\"https:\\\/\\\/schema.org\",\"@graph\":[{\"@type\":\"Article\",\"@id\":\"https:\\\/\\\/redamlo.com\\\/index.php\\\/2021\\\/08\\\/05\\\/demanda-contra-fabricantes-de-armas-respeta-legislacion-y-soberania-de-estados-unidos-lopez-obrador\\\/#article\",\"isPartOf\":{\"@id\":\"https:\\\/\\\/redamlo.com\\\/index.php\\\/2021\\\/08\\\/05\\\/demanda-contra-fabricantes-de-armas-respeta-legislacion-y-soberania-de-estados-unidos-lopez-obrador\\\/\"},\"author\":{\"name\":\"Blanca\",\"@id\":\"https:\\\/\\\/redamlo.com\\\/#\\\/schema\\\/person\\\/7223a4375eb8f1a782fcae010a7115cf\"},\"headline\":\"Demanda contra fabricantes de armas respeta legislaci\u00f3n y soberan\u00eda de Estados Unidos: L\u00f3pez Obrador\",\"datePublished\":\"2021-08-05T12:00:35+00:00\",\"mainEntityOfPage\":{\"@id\":\"https:\\\/\\\/redamlo.com\\\/index.php\\\/2021\\\/08\\\/05\\\/demanda-contra-fabricantes-de-armas-respeta-legislacion-y-soberania-de-estados-unidos-lopez-obrador\\\/\"},\"wordCount\":249,\"commentCount\":0,\"publisher\":{\"@id\":\"https:\\\/\\\/redamlo.com\\\/#organization\"},\"image\":{\"@id\":\"https:\\\/\\\/redamlo.com\\\/index.php\\\/2021\\\/08\\\/05\\\/demanda-contra-fabricantes-de-armas-respeta-legislacion-y-soberania-de-estados-unidos-lopez-obrador\\\/#primaryimage\"},\"thumbnailUrl\":\"https:\\\/\\\/redamlo.com\\\/wp-content\\\/uploads\\\/2021\\\/08\\\/Demanda-contra-fabricantes-de-armas-respeta-legislacion-y-soberania-de-Estados-Unidos-Lopez-Obrador.jpg\",\"keywords\":[\"AMLO\",\"Andr\u00e9s Manuel L\u00f3pez Obrador\",\"demanda\",\"Estados Unidos\",\"fabricantes de armas\",\"Gobierno de M\u00e9xico\",\"M\u00e9xico\",\"SRE\"],\"articleSection\":[\"4T\",\"Nacionales\",\"Presidencia\"],\"inLanguage\":\"es\",\"potentialAction\":[{\"@type\":\"CommentAction\",\"name\":\"Comment\",\"target\":[\"https:\\\/\\\/redamlo.com\\\/index.php\\\/2021\\\/08\\\/05\\\/demanda-contra-fabricantes-de-armas-respeta-legislacion-y-soberania-de-estados-unidos-lopez-obrador\\\/#respond\"]}]},{\"@type\":\"WebPage\",\"@id\":\"https:\\\/\\\/redamlo.com\\\/index.php\\\/2021\\\/08\\\/05\\\/demanda-contra-fabricantes-de-armas-respeta-legislacion-y-soberania-de-estados-unidos-lopez-obrador\\\/\",\"url\":\"https:\\\/\\\/redamlo.com\\\/index.php\\\/2021\\\/08\\\/05\\\/demanda-contra-fabricantes-de-armas-respeta-legislacion-y-soberania-de-estados-unidos-lopez-obrador\\\/\",\"name\":\"Demanda contra fabricantes de armas respeta legislaci\u00f3n y soberan\u00eda de Estados Unidos: L\u00f3pez Obrador - NOTICIAS DE LA 4T\",\"isPartOf\":{\"@id\":\"https:\\\/\\\/redamlo.com\\\/#website\"},\"primaryImageOfPage\":{\"@id\":\"https:\\\/\\\/redamlo.com\\\/index.php\\\/2021\\\/08\\\/05\\\/demanda-contra-fabricantes-de-armas-respeta-legislacion-y-soberania-de-estados-unidos-lopez-obrador\\\/#primaryimage\"},\"image\":{\"@id\":\"https:\\\/\\\/redamlo.com\\\/index.php\\\/2021\\\/08\\\/05\\\/demanda-contra-fabricantes-de-armas-respeta-legislacion-y-soberania-de-estados-unidos-lopez-obrador\\\/#primaryimage\"},\"thumbnailUrl\":\"https:\\\/\\\/redamlo.com\\\/wp-content\\\/uploads\\\/2021\\\/08\\\/Demanda-contra-fabricantes-de-armas-respeta-legislacion-y-soberania-de-Estados-Unidos-Lopez-Obrador.jpg\",\"datePublished\":\"2021-08-05T12:00:35+00:00\",\"breadcrumb\":{\"@id\":\"https:\\\/\\\/redamlo.com\\\/index.php\\\/2021\\\/08\\\/05\\\/demanda-contra-fabricantes-de-armas-respeta-legislacion-y-soberania-de-estados-unidos-lopez-obrador\\\/#breadcrumb\"},\"inLanguage\":\"es\",\"potentialAction\":[{\"@type\":\"ReadAction\",\"target\":[\"https:\\\/\\\/redamlo.com\\\/index.php\\\/2021\\\/08\\\/05\\\/demanda-contra-fabricantes-de-armas-respeta-legislacion-y-soberania-de-estados-unidos-lopez-obrador\\\/\"]}]},{\"@type\":\"ImageObject\",\"inLanguage\":\"es\",\"@id\":\"https:\\\/\\\/redamlo.com\\\/index.php\\\/2021\\\/08\\\/05\\\/demanda-contra-fabricantes-de-armas-respeta-legislacion-y-soberania-de-estados-unidos-lopez-obrador\\\/#primaryimage\",\"url\":\"https:\\\/\\\/redamlo.com\\\/wp-content\\\/uploads\\\/2021\\\/08\\\/Demanda-contra-fabricantes-de-armas-respeta-legislacion-y-soberania-de-Estados-Unidos-Lopez-Obrador.jpg\",\"contentUrl\":\"https:\\\/\\\/redamlo.com\\\/wp-content\\\/uploads\\\/2021\\\/08\\\/Demanda-contra-fabricantes-de-armas-respeta-legislacion-y-soberania-de-Estados-Unidos-Lopez-Obrador.jpg\",\"width\":1501,\"height\":859},{\"@type\":\"BreadcrumbList\",\"@id\":\"https:\\\/\\\/redamlo.com\\\/index.php\\\/2021\\\/08\\\/05\\\/demanda-contra-fabricantes-de-armas-respeta-legislacion-y-soberania-de-estados-unidos-lopez-obrador\\\/#breadcrumb\",\"itemListElement\":[{\"@type\":\"ListItem\",\"position\":1,\"name\":\"Inicio\",\"item\":\"https:\\\/\\\/redamlo.com\\\/\"},{\"@type\":\"ListItem\",\"position\":2,\"name\":\"Demanda contra fabricantes de armas respeta legislaci\u00f3n y soberan\u00eda de Estados Unidos: L\u00f3pez Obrador\"}]},{\"@type\":\"WebSite\",\"@id\":\"https:\\\/\\\/redamlo.com\\\/#website\",\"url\":\"https:\\\/\\\/redamlo.com\\\/\",\"name\":\"NOTICIAS DE LA 4T\",\"description\":\"\",\"publisher\":{\"@id\":\"https:\\\/\\\/redamlo.com\\\/#organization\"},\"potentialAction\":[{\"@type\":\"SearchAction\",\"target\":{\"@type\":\"EntryPoint\",\"urlTemplate\":\"https:\\\/\\\/redamlo.com\\\/?s={search_term_string}\"},\"query-input\":{\"@type\":\"PropertyValueSpecification\",\"valueRequired\":true,\"valueName\":\"search_term_string\"}}],\"inLanguage\":\"es\"},{\"@type\":\"Organization\",\"@id\":\"https:\\\/\\\/redamlo.com\\\/#organization\",\"name\":\"NOTICIAS DE LA 4T\",\"url\":\"https:\\\/\\\/redamlo.com\\\/\",\"logo\":{\"@type\":\"ImageObject\",\"inLanguage\":\"es\",\"@id\":\"https:\\\/\\\/redamlo.com\\\/#\\\/schema\\\/logo\\\/image\\\/\",\"url\":\"https:\\\/\\\/redamlo.com\\\/wp-content\\\/uploads\\\/2024\\\/08\\\/cropped-RED-AMLO-logo-50.png\",\"contentUrl\":\"https:\\\/\\\/redamlo.com\\\/wp-content\\\/uploads\\\/2024\\\/08\\\/cropped-RED-AMLO-logo-50.png\",\"width\":256,\"height\":256,\"caption\":\"NOTICIAS DE LA 4T\"},\"image\":{\"@id\":\"https:\\\/\\\/redamlo.com\\\/#\\\/schema\\\/logo\\\/image\\\/\"}},{\"@type\":\"Person\",\"@id\":\"https:\\\/\\\/redamlo.com\\\/#\\\/schema\\\/person\\\/7223a4375eb8f1a782fcae010a7115cf\",\"name\":\"Blanca\",\"image\":{\"@type\":\"ImageObject\",\"inLanguage\":\"es\",\"@id\":\"https:\\\/\\\/secure.gravatar.com\\\/avatar\\\/3f79bc8336367a4e6093eae8757acaaf61d1124834b905616de7829b0273426d?s=96&d=mm&r=g\",\"url\":\"https:\\\/\\\/secure.gravatar.com\\\/avatar\\\/3f79bc8336367a4e6093eae8757acaaf61d1124834b905616de7829b0273426d?s=96&d=mm&r=g\",\"contentUrl\":\"https:\\\/\\\/secure.gravatar.com\\\/avatar\\\/3f79bc8336367a4e6093eae8757acaaf61d1124834b905616de7829b0273426d?s=96&d=mm&r=g\",\"caption\":\"Blanca\"},\"url\":\"https:\\\/\\\/redamlo.com\\\/index.php\\\/author\\\/blanca\\\/\"}]}<\/script>\n<!-- \/ Yoast SEO plugin. -->","yoast_head_json":{"title":"Demanda contra fabricantes de armas respeta legislaci\u00f3n y soberan\u00eda de Estados Unidos: L\u00f3pez Obrador - NOTICIAS DE LA 4T","robots":{"index":"noindex","follow":"follow","max-snippet":"max-snippet:-1","max-image-preview":"max-image-preview:large","max-video-preview":"max-video-preview:-1"},"og_locale":"es_MX","og_type":"article","og_title":"Demanda contra fabricantes de armas respeta legislaci\u00f3n y soberan\u00eda de Estados Unidos: L\u00f3pez Obrador - NOTICIAS DE LA 4T","og_description":"M\u00c9XICO, 05 de agosto de 2021.- El presidente de M\u00e9xico, Andr\u00e9s Manuel L\u00f3pez Obrador afirm\u00f3...","og_url":"https:\/\/redamlo.com\/index.php\/2021\/08\/05\/demanda-contra-fabricantes-de-armas-respeta-legislacion-y-soberania-de-estados-unidos-lopez-obrador\/","og_site_name":"NOTICIAS DE LA 4T","article_published_time":"2021-08-05T12:00:35+00:00","og_image":[{"width":1501,"height":859,"url":"https:\/\/redamlo.com\/wp-content\/uploads\/2021\/08\/Demanda-contra-fabricantes-de-armas-respeta-legislacion-y-soberania-de-Estados-Unidos-Lopez-Obrador.jpg","type":"image\/jpeg"}],"author":"Blanca","twitter_card":"summary_large_image","twitter_misc":{"Escrito por":"Blanca","Tiempo de lectura":"1 minuto"},"schema":{"@context":"https:\/\/schema.org","@graph":[{"@type":"Article","@id":"https:\/\/redamlo.com\/index.php\/2021\/08\/05\/demanda-contra-fabricantes-de-armas-respeta-legislacion-y-soberania-de-estados-unidos-lopez-obrador\/#article","isPartOf":{"@id":"https:\/\/redamlo.com\/index.php\/2021\/08\/05\/demanda-contra-fabricantes-de-armas-respeta-legislacion-y-soberania-de-estados-unidos-lopez-obrador\/"},"author":{"name":"Blanca","@id":"https:\/\/redamlo.com\/#\/schema\/person\/7223a4375eb8f1a782fcae010a7115cf"},"headline":"Demanda contra fabricantes de armas respeta legislaci\u00f3n y soberan\u00eda de Estados Unidos: L\u00f3pez Obrador","datePublished":"2021-08-05T12:00:35+00:00","mainEntityOfPage":{"@id":"https:\/\/redamlo.com\/index.php\/2021\/08\/05\/demanda-contra-fabricantes-de-armas-respeta-legislacion-y-soberania-de-estados-unidos-lopez-obrador\/"},"wordCount":249,"commentCount":0,"publisher":{"@id":"https:\/\/redamlo.com\/#organization"},"image":{"@id":"https:\/\/redamlo.com\/index.php\/2021\/08\/05\/demanda-contra-fabricantes-de-armas-respeta-legislacion-y-soberania-de-estados-unidos-lopez-obrador\/#primaryimage"},"thumbnailUrl":"https:\/\/redamlo.com\/wp-content\/uploads\/2021\/08\/Demanda-contra-fabricantes-de-armas-respeta-legislacion-y-soberania-de-Estados-Unidos-Lopez-Obrador.jpg","keywords":["AMLO","Andr\u00e9s Manuel L\u00f3pez Obrador","demanda","Estados Unidos","fabricantes de armas","Gobierno de M\u00e9xico","M\u00e9xico","SRE"],"articleSection":["4T","Nacionales","Presidencia"],"inLanguage":"es","potentialAction":[{"@type":"CommentAction","name":"Comment","target":["https:\/\/redamlo.com\/index.php\/2021\/08\/05\/demanda-contra-fabricantes-de-armas-respeta-legislacion-y-soberania-de-estados-unidos-lopez-obrador\/#respond"]}]},{"@type":"WebPage","@id":"https:\/\/redamlo.com\/index.php\/2021\/08\/05\/demanda-contra-fabricantes-de-armas-respeta-legislacion-y-soberania-de-estados-unidos-lopez-obrador\/","url":"https:\/\/redamlo.com\/index.php\/2021\/08\/05\/demanda-contra-fabricantes-de-armas-respeta-legislacion-y-soberania-de-estados-unidos-lopez-obrador\/","name":"Demanda contra fabricantes de armas respeta legislaci\u00f3n y soberan\u00eda de Estados Unidos: L\u00f3pez Obrador - NOTICIAS DE LA 4T","isPartOf":{"@id":"https:\/\/redamlo.com\/#website"},"primaryImageOfPage":{"@id":"https:\/\/redamlo.com\/index.php\/2021\/08\/05\/demanda-contra-fabricantes-de-armas-respeta-legislacion-y-soberania-de-estados-unidos-lopez-obrador\/#primaryimage"},"image":{"@id":"https:\/\/redamlo.com\/index.php\/2021\/08\/05\/demanda-contra-fabricantes-de-armas-respeta-legislacion-y-soberania-de-estados-unidos-lopez-obrador\/#primaryimage"},"thumbnailUrl":"https:\/\/redamlo.com\/wp-content\/uploads\/2021\/08\/Demanda-contra-fabricantes-de-armas-respeta-legislacion-y-soberania-de-Estados-Unidos-Lopez-Obrador.jpg","datePublished":"2021-08-05T12:00:35+00:00","breadcrumb":{"@id":"https:\/\/redamlo.com\/index.php\/2021\/08\/05\/demanda-contra-fabricantes-de-armas-respeta-legislacion-y-soberania-de-estados-unidos-lopez-obrador\/#breadcrumb"},"inLanguage":"es","potentialAction":[{"@type":"ReadAction","target":["https:\/\/redamlo.com\/index.php\/2021\/08\/05\/demanda-contra-fabricantes-de-armas-respeta-legislacion-y-soberania-de-estados-unidos-lopez-obrador\/"]}]},{"@type":"ImageObject","inLanguage":"es","@id":"https:\/\/redamlo.com\/index.php\/2021\/08\/05\/demanda-contra-fabricantes-de-armas-respeta-legislacion-y-soberania-de-estados-unidos-lopez-obrador\/#primaryimage","url":"https:\/\/redamlo.com\/wp-content\/uploads\/2021\/08\/Demanda-contra-fabricantes-de-armas-respeta-legislacion-y-soberania-de-Estados-Unidos-Lopez-Obrador.jpg","contentUrl":"https:\/\/redamlo.com\/wp-content\/uploads\/2021\/08\/Demanda-contra-fabricantes-de-armas-respeta-legislacion-y-soberania-de-Estados-Unidos-Lopez-Obrador.jpg","width":1501,"height":859},{"@type":"BreadcrumbList","@id":"https:\/\/redamlo.com\/index.php\/2021\/08\/05\/demanda-contra-fabricantes-de-armas-respeta-legislacion-y-soberania-de-estados-unidos-lopez-obrador\/#breadcrumb","itemListElement":[{"@type":"ListItem","position":1,"name":"Inicio","item":"https:\/\/redamlo.com\/"},{"@type":"ListItem","position":2,"name":"Demanda contra fabricantes de armas respeta legislaci\u00f3n y soberan\u00eda de Estados Unidos: L\u00f3pez Obrador"}]},{"@type":"WebSite","@id":"https:\/\/redamlo.com\/#website","url":"https:\/\/redamlo.com\/","name":"NOTICIAS DE LA 4T","description":"","publisher":{"@id":"https:\/\/redamlo.com\/#organization"},"potentialAction":[{"@type":"SearchAction","target":{"@type":"EntryPoint","urlTemplate":"https:\/\/redamlo.com\/?s={search_term_string}"},"query-input":{"@type":"PropertyValueSpecification","valueRequired":true,"valueName":"search_term_string"}}],"inLanguage":"es"},{"@type":"Organization","@id":"https:\/\/redamlo.com\/#organization","name":"NOTICIAS DE LA 4T","url":"https:\/\/redamlo.com\/","logo":{"@type":"ImageObject","inLanguage":"es","@id":"https:\/\/redamlo.com\/#\/schema\/logo\/image\/","url":"https:\/\/redamlo.com\/wp-content\/uploads\/2024\/08\/cropped-RED-AMLO-logo-50.png","contentUrl":"https:\/\/redamlo.com\/wp-content\/uploads\/2024\/08\/cropped-RED-AMLO-logo-50.png","width":256,"height":256,"caption":"NOTICIAS DE LA 4T"},"image":{"@id":"https:\/\/redamlo.com\/#\/schema\/logo\/image\/"}},{"@type":"Person","@id":"https:\/\/redamlo.com\/#\/schema\/person\/7223a4375eb8f1a782fcae010a7115cf","name":"Blanca","image":{"@type":"ImageObject","inLanguage":"es","@id":"https:\/\/secure.gravatar.com\/avatar\/3f79bc8336367a4e6093eae8757acaaf61d1124834b905616de7829b0273426d?s=96&d=mm&r=g","url":"https:\/\/secure.gravatar.com\/avatar\/3f79bc8336367a4e6093eae8757acaaf61d1124834b905616de7829b0273426d?s=96&d=mm&r=g","contentUrl":"https:\/\/secure.gravatar.com\/avatar\/3f79bc8336367a4e6093eae8757acaaf61d1124834b905616de7829b0273426d?s=96&d=mm&r=g","caption":"Blanca"},"url":"https:\/\/redamlo.com\/index.php\/author\/blanca\/"}]}},"_links":{"self":[{"href":"https:\/\/redamlo.com\/index.php\/wp-json\/wp\/v2\/posts\/5134","targetHints":{"allow":["GET"]}}],"collection":[{"href":"https:\/\/redamlo.com\/index.php\/wp-json\/wp\/v2\/posts"}],"about":[{"href":"https:\/\/redamlo.com\/index.php\/wp-json\/wp\/v2\/types\/post"}],"author":[{"embeddable":true,"href":"https:\/\/redamlo.com\/index.php\/wp-json\/wp\/v2\/users\/2"}],"replies":[{"embeddable":true,"href":"https:\/\/redamlo.com\/index.php\/wp-json\/wp\/v2\/comments?post=5134"}],"version-history":[{"count":0,"href":"https:\/\/redamlo.com\/index.php\/wp-json\/wp\/v2\/posts\/5134\/revisions"}],"wp:featuredmedia":[{"embeddable":true,"href":"https:\/\/redamlo.com\/index.php\/wp-json\/wp\/v2\/media\/5137"}],"wp:attachment":[{"href":"https:\/\/redamlo.com\/index.php\/wp-json\/wp\/v2\/media?parent=5134"}],"wp:term":[{"taxonomy":"category","embeddable":true,"href":"https:\/\/redamlo.com\/index.php\/wp-json\/wp\/v2\/categories?post=5134"},{"taxonomy":"post_tag","embeddable":true,"href":"https:\/\/redamlo.com\/index.php\/wp-json\/wp\/v2\/tags?post=5134"}],"curies":[{"name":"wp","href":"https:\/\/api.w.org\/{rel}","templated":true}]}}