{"id":5130,"date":"2021-08-04T12:00:10","date_gmt":"2021-08-04T12:00:10","guid":{"rendered":"https:\/\/redamlo.com\/?p=5130"},"modified":"2021-08-04T12:00:10","modified_gmt":"2021-08-04T12:00:10","slug":"lopez-obrador-anuncia-acciones-para-asegurar-abasto-de-gas-ante-protestas","status":"publish","type":"post","link":"https:\/\/redamlo.com\/index.php\/2021\/08\/04\/lopez-obrador-anuncia-acciones-para-asegurar-abasto-de-gas-ante-protestas\/","title":{"rendered":"L\u00f3pez Obrador anuncia acciones para asegurar abasto de gas ante protestas"},"content":{"rendered":"<p style=\"text-align: justify;\"><span style=\"font-family: Arial, Helvetica, sans-serif;\">M\u00c9XICO, 04 de agosto de 2021.- El presidente de M\u00e9xico, Andr\u00e9s Manuel L\u00f3pez Obrador anunci\u00f3 tres medidas que el gobierno federal tomar\u00e1 para garantizar el abasto de gas a la poblaci\u00f3n afectada por las protestas de comisionistas en la Ciudad de M\u00e9xico y Pachuca, Hidalgo.<\/span><\/p>\n<p><span style=\"font-family: Arial, Helvetica, sans-serif;\">Las secretar\u00edas de Seguridad y Protecci\u00f3n Ciudadana, de la Defensa Nacional, de Marina y de Energ\u00eda, as\u00ed como la Guardia Nacional, Pemex y la Consejer\u00eda Jur\u00eddica de la Presidencia de la Rep\u00fablica, atienden esta situaci\u00f3n junto con el gobierno de la Ciudad de M\u00e9xico a partir de tres comisiones: de abasto, de asuntos jur\u00eddico-legales y de seguridad, precis\u00f3 el mandatario.<\/span><\/p>\n<p><span style=\"font-family: Arial, Helvetica, sans-serif;\">\u201cEst\u00e1n reunidos para que se act\u00fae en estas tres direcciones, directrices o estas tres medidas con el prop\u00f3sito de que no falte el gas en la ciudad ni en ning\u00fan otro lugar del pa\u00eds\u201d, asever\u00f3.<\/span><\/p>\n<p><span style=\"font-family: Arial, Helvetica, sans-serif;\">En conferencia de prensa matutina, el jefe del Ejecutivo indic\u00f3 que la Secretar\u00eda de Energ\u00eda y Petr\u00f3leos Mexicanos solucionar\u00e1n, con el apoyo de todo el gobierno federal, el suministro de gas.<\/span><\/p>\n<p><span style=\"font-family: Arial, Helvetica, sans-serif;\">Se denunciar\u00e1 penalmente a quienes impiden que se cumpla el derecho de las personas a la alimentaci\u00f3n y a satisfacer las necesidades que dependen del insumo.<\/span><\/p>\n<p><span style=\"font-family: Arial, Helvetica, sans-serif;\">\u201cYa estamos viendo c\u00f3mo garantizamos el abasto en una situaci\u00f3n de emergencia. (\u2026) El punto dos es que se est\u00e1 analizando la posibilidad de presentar denuncias en contra de quienes se nieguen a cumplir con su obligaci\u00f3n de prestar el servicio de un insumo fundamental para la gente\u201d, remarc\u00f3.<\/span><\/p>\n<p><span style=\"font-family: Arial, Helvetica, sans-serif;\">Instruy\u00f3 a la Guardia Nacional brindar protecci\u00f3n a distribuidores y comisionistas para que realicen su funci\u00f3n de forma segura.<\/span><\/p>\n<p><span style=\"font-family: Arial, Helvetica, sans-serif;\">\u201cSi los distribuidores o comisionistas argumentan o quieren usar de pretexto que no pueden salir a distribuir el gas porque les van a afectar sus pipas, sus camiones, se les va a ofrecer apoyo para que tengan el resguardo de la Guardia Nacional\u201d, apunt\u00f3.<\/span><\/p>\n<p><span style=\"font-family: Arial, Helvetica, sans-serif;\">El presidente aclar\u00f3 que el establecimiento de una tarifa m\u00e1xima en el precio del gas es una medida transitoria, sin embargo se mantendr\u00e1 hasta que haya equilibrio en los costos.<\/span><\/p>\n<p><span style=\"font-family: Arial, Helvetica, sans-serif;\">\u201cSe hace el an\u00e1lisis de costo, a cu\u00e1nto vende Pemex, cu\u00e1nto les cuesta operar, incluso qu\u00e9 utilidad pueden tener, justa, razonable, y as\u00ed se fija, pero quieren seguir cobrando m\u00e1s y esto afecta a la gente. (\u2026) Se fueron muy arriba y est\u00e1n afectando la econom\u00eda popular. Se establecieron estos precios b\u00e1sicos que se van a estar revisando semanalmente. A la primera, no todos, sino algunos responden con estas protestas queriendo apostar a que van a doblegar al Estado, pues no. (\u2026) No vamos a ser rehenes de quienes buscan un provecho personal\u201d, asever\u00f3.<\/span><\/p>\n<p><span style=\"font-family: Arial, Helvetica, sans-serif;\">Record\u00f3 que el combate al robo de combustible ha sido una medida efectiva y favorable para la Hacienda p\u00fablica, que al d\u00eda de hoy suma ahorros por 157 mil 330 millones 199 mil 553 pesos.<\/span><\/p>\n<p><iframe loading=\"lazy\" title=\"Acciones para garantizar abasto de gas. Conferencia presidente AMLO\" width=\"640\" height=\"360\" src=\"https:\/\/www.youtube.com\/embed\/TmSK0UPOZPs?start=227&#038;feature=oembed\" frameborder=\"0\" allow=\"accelerometer; autoplay; clipboard-write; encrypted-media; gyroscope; picture-in-picture; web-share\" referrerpolicy=\"strict-origin-when-cross-origin\" allowfullscreen><\/iframe><\/p>\n","protected":false},"excerpt":{"rendered":"<p>M\u00c9XICO, 04 de agosto de 2021.- El presidente de M\u00e9xico, Andr\u00e9s Manuel L\u00f3pez Obrador anunci\u00f3&#8230;<\/p>\n","protected":false},"author":2,"featured_media":5133,"comment_status":"open","ping_status":"closed","sticky":false,"template":"","format":"standard","meta":{"footnotes":""},"categories":[25,20,27],"tags":[1256,84,131,556,737,1257,9,290,1258,89,618,680],"class_list":["post-5130","post","type-post","status-publish","format-standard","has-post-thumbnail","hentry","category-4t","category-nacionales","category-presidencia","tag-abasto-de-gas","tag-amlo","tag-andres-manuel-lopez-obrador","tag-gobierno-de-mexico","tag-guardia-nacional","tag-medida-efectiva","tag-mexico","tag-pemex","tag-robo-de-combustible","tag-sedena","tag-semar","tag-sspc"],"yoast_head":"<!-- This site is optimized with the Yoast SEO plugin v27.5 - https:\/\/yoast.com\/product\/yoast-seo-wordpress\/ -->\n<title>L\u00f3pez Obrador anuncia acciones para asegurar abasto de gas ante protestas - NOTICIAS DE LA 4T<\/title>\n<meta name=\"robots\" content=\"noindex, follow, max-snippet:-1, max-image-preview:large, max-video-preview:-1\" \/>\n<meta property=\"og:locale\" content=\"es_MX\" \/>\n<meta property=\"og:type\" content=\"article\" \/>\n<meta property=\"og:title\" content=\"L\u00f3pez Obrador anuncia acciones para asegurar abasto de gas ante protestas - NOTICIAS DE LA 4T\" \/>\n<meta property=\"og:description\" content=\"M\u00c9XICO, 04 de agosto de 2021.- El presidente de M\u00e9xico, Andr\u00e9s Manuel L\u00f3pez Obrador anunci\u00f3...\" \/>\n<meta property=\"og:url\" content=\"https:\/\/redamlo.com\/index.php\/2021\/08\/04\/lopez-obrador-anuncia-acciones-para-asegurar-abasto-de-gas-ante-protestas\/\" \/>\n<meta property=\"og:site_name\" content=\"NOTICIAS DE LA 4T\" \/>\n<meta property=\"article:published_time\" content=\"2021-08-04T12:00:10+00:00\" \/>\n<meta property=\"og:image\" content=\"https:\/\/redamlo.com\/wp-content\/uploads\/2021\/08\/Lopez-Obrador-anuncia-acciones-para-asegurar-abasto-de-gas-ante-protestas.jpg\" \/>\n\t<meta property=\"og:image:width\" content=\"998\" \/>\n\t<meta property=\"og:image:height\" content=\"605\" \/>\n\t<meta property=\"og:image:type\" content=\"image\/jpeg\" \/>\n<meta name=\"author\" content=\"Blanca\" \/>\n<meta name=\"twitter:card\" content=\"summary_large_image\" \/>\n<meta name=\"twitter:label1\" content=\"Escrito por\" \/>\n\t<meta name=\"twitter:data1\" content=\"Blanca\" \/>\n\t<meta name=\"twitter:label2\" content=\"Tiempo de lectura\" \/>\n\t<meta name=\"twitter:data2\" content=\"3 minutos\" \/>\n<script type=\"application\/ld+json\" class=\"yoast-schema-graph\">{\"@context\":\"https:\\\/\\\/schema.org\",\"@graph\":[{\"@type\":\"Article\",\"@id\":\"https:\\\/\\\/redamlo.com\\\/index.php\\\/2021\\\/08\\\/04\\\/lopez-obrador-anuncia-acciones-para-asegurar-abasto-de-gas-ante-protestas\\\/#article\",\"isPartOf\":{\"@id\":\"https:\\\/\\\/redamlo.com\\\/index.php\\\/2021\\\/08\\\/04\\\/lopez-obrador-anuncia-acciones-para-asegurar-abasto-de-gas-ante-protestas\\\/\"},\"author\":{\"name\":\"Blanca\",\"@id\":\"https:\\\/\\\/redamlo.com\\\/#\\\/schema\\\/person\\\/7223a4375eb8f1a782fcae010a7115cf\"},\"headline\":\"L\u00f3pez Obrador anuncia acciones para asegurar abasto de gas ante protestas\",\"datePublished\":\"2021-08-04T12:00:10+00:00\",\"mainEntityOfPage\":{\"@id\":\"https:\\\/\\\/redamlo.com\\\/index.php\\\/2021\\\/08\\\/04\\\/lopez-obrador-anuncia-acciones-para-asegurar-abasto-de-gas-ante-protestas\\\/\"},\"wordCount\":527,\"commentCount\":0,\"publisher\":{\"@id\":\"https:\\\/\\\/redamlo.com\\\/#organization\"},\"image\":{\"@id\":\"https:\\\/\\\/redamlo.com\\\/index.php\\\/2021\\\/08\\\/04\\\/lopez-obrador-anuncia-acciones-para-asegurar-abasto-de-gas-ante-protestas\\\/#primaryimage\"},\"thumbnailUrl\":\"https:\\\/\\\/redamlo.com\\\/wp-content\\\/uploads\\\/2021\\\/08\\\/Lopez-Obrador-anuncia-acciones-para-asegurar-abasto-de-gas-ante-protestas.jpg\",\"keywords\":[\"abasto de gas\",\"AMLO\",\"Andr\u00e9s Manuel L\u00f3pez Obrador\",\"Gobierno de M\u00e9xico\",\"Guardia Nacional\",\"medida efectiva\",\"M\u00e9xico\",\"Pemex\",\"robo de combustible\",\"SEDENA\",\"Semar\",\"SSPC\"],\"articleSection\":[\"4T\",\"Nacionales\",\"Presidencia\"],\"inLanguage\":\"es\",\"potentialAction\":[{\"@type\":\"CommentAction\",\"name\":\"Comment\",\"target\":[\"https:\\\/\\\/redamlo.com\\\/index.php\\\/2021\\\/08\\\/04\\\/lopez-obrador-anuncia-acciones-para-asegurar-abasto-de-gas-ante-protestas\\\/#respond\"]}]},{\"@type\":\"WebPage\",\"@id\":\"https:\\\/\\\/redamlo.com\\\/index.php\\\/2021\\\/08\\\/04\\\/lopez-obrador-anuncia-acciones-para-asegurar-abasto-de-gas-ante-protestas\\\/\",\"url\":\"https:\\\/\\\/redamlo.com\\\/index.php\\\/2021\\\/08\\\/04\\\/lopez-obrador-anuncia-acciones-para-asegurar-abasto-de-gas-ante-protestas\\\/\",\"name\":\"L\u00f3pez Obrador anuncia acciones para asegurar abasto de gas ante protestas - NOTICIAS DE LA 4T\",\"isPartOf\":{\"@id\":\"https:\\\/\\\/redamlo.com\\\/#website\"},\"primaryImageOfPage\":{\"@id\":\"https:\\\/\\\/redamlo.com\\\/index.php\\\/2021\\\/08\\\/04\\\/lopez-obrador-anuncia-acciones-para-asegurar-abasto-de-gas-ante-protestas\\\/#primaryimage\"},\"image\":{\"@id\":\"https:\\\/\\\/redamlo.com\\\/index.php\\\/2021\\\/08\\\/04\\\/lopez-obrador-anuncia-acciones-para-asegurar-abasto-de-gas-ante-protestas\\\/#primaryimage\"},\"thumbnailUrl\":\"https:\\\/\\\/redamlo.com\\\/wp-content\\\/uploads\\\/2021\\\/08\\\/Lopez-Obrador-anuncia-acciones-para-asegurar-abasto-de-gas-ante-protestas.jpg\",\"datePublished\":\"2021-08-04T12:00:10+00:00\",\"breadcrumb\":{\"@id\":\"https:\\\/\\\/redamlo.com\\\/index.php\\\/2021\\\/08\\\/04\\\/lopez-obrador-anuncia-acciones-para-asegurar-abasto-de-gas-ante-protestas\\\/#breadcrumb\"},\"inLanguage\":\"es\",\"potentialAction\":[{\"@type\":\"ReadAction\",\"target\":[\"https:\\\/\\\/redamlo.com\\\/index.php\\\/2021\\\/08\\\/04\\\/lopez-obrador-anuncia-acciones-para-asegurar-abasto-de-gas-ante-protestas\\\/\"]}]},{\"@type\":\"ImageObject\",\"inLanguage\":\"es\",\"@id\":\"https:\\\/\\\/redamlo.com\\\/index.php\\\/2021\\\/08\\\/04\\\/lopez-obrador-anuncia-acciones-para-asegurar-abasto-de-gas-ante-protestas\\\/#primaryimage\",\"url\":\"https:\\\/\\\/redamlo.com\\\/wp-content\\\/uploads\\\/2021\\\/08\\\/Lopez-Obrador-anuncia-acciones-para-asegurar-abasto-de-gas-ante-protestas.jpg\",\"contentUrl\":\"https:\\\/\\\/redamlo.com\\\/wp-content\\\/uploads\\\/2021\\\/08\\\/Lopez-Obrador-anuncia-acciones-para-asegurar-abasto-de-gas-ante-protestas.jpg\",\"width\":998,\"height\":605},{\"@type\":\"BreadcrumbList\",\"@id\":\"https:\\\/\\\/redamlo.com\\\/index.php\\\/2021\\\/08\\\/04\\\/lopez-obrador-anuncia-acciones-para-asegurar-abasto-de-gas-ante-protestas\\\/#breadcrumb\",\"itemListElement\":[{\"@type\":\"ListItem\",\"position\":1,\"name\":\"Inicio\",\"item\":\"https:\\\/\\\/redamlo.com\\\/\"},{\"@type\":\"ListItem\",\"position\":2,\"name\":\"L\u00f3pez Obrador anuncia acciones para asegurar abasto de gas ante protestas\"}]},{\"@type\":\"WebSite\",\"@id\":\"https:\\\/\\\/redamlo.com\\\/#website\",\"url\":\"https:\\\/\\\/redamlo.com\\\/\",\"name\":\"NOTICIAS DE LA 4T\",\"description\":\"\",\"publisher\":{\"@id\":\"https:\\\/\\\/redamlo.com\\\/#organization\"},\"potentialAction\":[{\"@type\":\"SearchAction\",\"target\":{\"@type\":\"EntryPoint\",\"urlTemplate\":\"https:\\\/\\\/redamlo.com\\\/?s={search_term_string}\"},\"query-input\":{\"@type\":\"PropertyValueSpecification\",\"valueRequired\":true,\"valueName\":\"search_term_string\"}}],\"inLanguage\":\"es\"},{\"@type\":\"Organization\",\"@id\":\"https:\\\/\\\/redamlo.com\\\/#organization\",\"name\":\"NOTICIAS DE LA 4T\",\"url\":\"https:\\\/\\\/redamlo.com\\\/\",\"logo\":{\"@type\":\"ImageObject\",\"inLanguage\":\"es\",\"@id\":\"https:\\\/\\\/redamlo.com\\\/#\\\/schema\\\/logo\\\/image\\\/\",\"url\":\"https:\\\/\\\/redamlo.com\\\/wp-content\\\/uploads\\\/2024\\\/08\\\/cropped-RED-AMLO-logo-50.png\",\"contentUrl\":\"https:\\\/\\\/redamlo.com\\\/wp-content\\\/uploads\\\/2024\\\/08\\\/cropped-RED-AMLO-logo-50.png\",\"width\":256,\"height\":256,\"caption\":\"NOTICIAS DE LA 4T\"},\"image\":{\"@id\":\"https:\\\/\\\/redamlo.com\\\/#\\\/schema\\\/logo\\\/image\\\/\"}},{\"@type\":\"Person\",\"@id\":\"https:\\\/\\\/redamlo.com\\\/#\\\/schema\\\/person\\\/7223a4375eb8f1a782fcae010a7115cf\",\"name\":\"Blanca\",\"image\":{\"@type\":\"ImageObject\",\"inLanguage\":\"es\",\"@id\":\"https:\\\/\\\/secure.gravatar.com\\\/avatar\\\/3f79bc8336367a4e6093eae8757acaaf61d1124834b905616de7829b0273426d?s=96&d=mm&r=g\",\"url\":\"https:\\\/\\\/secure.gravatar.com\\\/avatar\\\/3f79bc8336367a4e6093eae8757acaaf61d1124834b905616de7829b0273426d?s=96&d=mm&r=g\",\"contentUrl\":\"https:\\\/\\\/secure.gravatar.com\\\/avatar\\\/3f79bc8336367a4e6093eae8757acaaf61d1124834b905616de7829b0273426d?s=96&d=mm&r=g\",\"caption\":\"Blanca\"},\"url\":\"https:\\\/\\\/redamlo.com\\\/index.php\\\/author\\\/blanca\\\/\"}]}<\/script>\n<!-- \/ Yoast SEO plugin. -->","yoast_head_json":{"title":"L\u00f3pez Obrador anuncia acciones para asegurar abasto de gas ante protestas - NOTICIAS DE LA 4T","robots":{"index":"noindex","follow":"follow","max-snippet":"max-snippet:-1","max-image-preview":"max-image-preview:large","max-video-preview":"max-video-preview:-1"},"og_locale":"es_MX","og_type":"article","og_title":"L\u00f3pez Obrador anuncia acciones para asegurar abasto de gas ante protestas - NOTICIAS DE LA 4T","og_description":"M\u00c9XICO, 04 de agosto de 2021.- El presidente de M\u00e9xico, Andr\u00e9s Manuel L\u00f3pez Obrador anunci\u00f3...","og_url":"https:\/\/redamlo.com\/index.php\/2021\/08\/04\/lopez-obrador-anuncia-acciones-para-asegurar-abasto-de-gas-ante-protestas\/","og_site_name":"NOTICIAS DE LA 4T","article_published_time":"2021-08-04T12:00:10+00:00","og_image":[{"width":998,"height":605,"url":"https:\/\/redamlo.com\/wp-content\/uploads\/2021\/08\/Lopez-Obrador-anuncia-acciones-para-asegurar-abasto-de-gas-ante-protestas.jpg","type":"image\/jpeg"}],"author":"Blanca","twitter_card":"summary_large_image","twitter_misc":{"Escrito por":"Blanca","Tiempo de lectura":"3 minutos"},"schema":{"@context":"https:\/\/schema.org","@graph":[{"@type":"Article","@id":"https:\/\/redamlo.com\/index.php\/2021\/08\/04\/lopez-obrador-anuncia-acciones-para-asegurar-abasto-de-gas-ante-protestas\/#article","isPartOf":{"@id":"https:\/\/redamlo.com\/index.php\/2021\/08\/04\/lopez-obrador-anuncia-acciones-para-asegurar-abasto-de-gas-ante-protestas\/"},"author":{"name":"Blanca","@id":"https:\/\/redamlo.com\/#\/schema\/person\/7223a4375eb8f1a782fcae010a7115cf"},"headline":"L\u00f3pez Obrador anuncia acciones para asegurar abasto de gas ante protestas","datePublished":"2021-08-04T12:00:10+00:00","mainEntityOfPage":{"@id":"https:\/\/redamlo.com\/index.php\/2021\/08\/04\/lopez-obrador-anuncia-acciones-para-asegurar-abasto-de-gas-ante-protestas\/"},"wordCount":527,"commentCount":0,"publisher":{"@id":"https:\/\/redamlo.com\/#organization"},"image":{"@id":"https:\/\/redamlo.com\/index.php\/2021\/08\/04\/lopez-obrador-anuncia-acciones-para-asegurar-abasto-de-gas-ante-protestas\/#primaryimage"},"thumbnailUrl":"https:\/\/redamlo.com\/wp-content\/uploads\/2021\/08\/Lopez-Obrador-anuncia-acciones-para-asegurar-abasto-de-gas-ante-protestas.jpg","keywords":["abasto de gas","AMLO","Andr\u00e9s Manuel L\u00f3pez Obrador","Gobierno de M\u00e9xico","Guardia Nacional","medida efectiva","M\u00e9xico","Pemex","robo de combustible","SEDENA","Semar","SSPC"],"articleSection":["4T","Nacionales","Presidencia"],"inLanguage":"es","potentialAction":[{"@type":"CommentAction","name":"Comment","target":["https:\/\/redamlo.com\/index.php\/2021\/08\/04\/lopez-obrador-anuncia-acciones-para-asegurar-abasto-de-gas-ante-protestas\/#respond"]}]},{"@type":"WebPage","@id":"https:\/\/redamlo.com\/index.php\/2021\/08\/04\/lopez-obrador-anuncia-acciones-para-asegurar-abasto-de-gas-ante-protestas\/","url":"https:\/\/redamlo.com\/index.php\/2021\/08\/04\/lopez-obrador-anuncia-acciones-para-asegurar-abasto-de-gas-ante-protestas\/","name":"L\u00f3pez Obrador anuncia acciones para asegurar abasto de gas ante protestas - NOTICIAS DE LA 4T","isPartOf":{"@id":"https:\/\/redamlo.com\/#website"},"primaryImageOfPage":{"@id":"https:\/\/redamlo.com\/index.php\/2021\/08\/04\/lopez-obrador-anuncia-acciones-para-asegurar-abasto-de-gas-ante-protestas\/#primaryimage"},"image":{"@id":"https:\/\/redamlo.com\/index.php\/2021\/08\/04\/lopez-obrador-anuncia-acciones-para-asegurar-abasto-de-gas-ante-protestas\/#primaryimage"},"thumbnailUrl":"https:\/\/redamlo.com\/wp-content\/uploads\/2021\/08\/Lopez-Obrador-anuncia-acciones-para-asegurar-abasto-de-gas-ante-protestas.jpg","datePublished":"2021-08-04T12:00:10+00:00","breadcrumb":{"@id":"https:\/\/redamlo.com\/index.php\/2021\/08\/04\/lopez-obrador-anuncia-acciones-para-asegurar-abasto-de-gas-ante-protestas\/#breadcrumb"},"inLanguage":"es","potentialAction":[{"@type":"ReadAction","target":["https:\/\/redamlo.com\/index.php\/2021\/08\/04\/lopez-obrador-anuncia-acciones-para-asegurar-abasto-de-gas-ante-protestas\/"]}]},{"@type":"ImageObject","inLanguage":"es","@id":"https:\/\/redamlo.com\/index.php\/2021\/08\/04\/lopez-obrador-anuncia-acciones-para-asegurar-abasto-de-gas-ante-protestas\/#primaryimage","url":"https:\/\/redamlo.com\/wp-content\/uploads\/2021\/08\/Lopez-Obrador-anuncia-acciones-para-asegurar-abasto-de-gas-ante-protestas.jpg","contentUrl":"https:\/\/redamlo.com\/wp-content\/uploads\/2021\/08\/Lopez-Obrador-anuncia-acciones-para-asegurar-abasto-de-gas-ante-protestas.jpg","width":998,"height":605},{"@type":"BreadcrumbList","@id":"https:\/\/redamlo.com\/index.php\/2021\/08\/04\/lopez-obrador-anuncia-acciones-para-asegurar-abasto-de-gas-ante-protestas\/#breadcrumb","itemListElement":[{"@type":"ListItem","position":1,"name":"Inicio","item":"https:\/\/redamlo.com\/"},{"@type":"ListItem","position":2,"name":"L\u00f3pez Obrador anuncia acciones para asegurar abasto de gas ante protestas"}]},{"@type":"WebSite","@id":"https:\/\/redamlo.com\/#website","url":"https:\/\/redamlo.com\/","name":"NOTICIAS DE LA 4T","description":"","publisher":{"@id":"https:\/\/redamlo.com\/#organization"},"potentialAction":[{"@type":"SearchAction","target":{"@type":"EntryPoint","urlTemplate":"https:\/\/redamlo.com\/?s={search_term_string}"},"query-input":{"@type":"PropertyValueSpecification","valueRequired":true,"valueName":"search_term_string"}}],"inLanguage":"es"},{"@type":"Organization","@id":"https:\/\/redamlo.com\/#organization","name":"NOTICIAS DE LA 4T","url":"https:\/\/redamlo.com\/","logo":{"@type":"ImageObject","inLanguage":"es","@id":"https:\/\/redamlo.com\/#\/schema\/logo\/image\/","url":"https:\/\/redamlo.com\/wp-content\/uploads\/2024\/08\/cropped-RED-AMLO-logo-50.png","contentUrl":"https:\/\/redamlo.com\/wp-content\/uploads\/2024\/08\/cropped-RED-AMLO-logo-50.png","width":256,"height":256,"caption":"NOTICIAS DE LA 4T"},"image":{"@id":"https:\/\/redamlo.com\/#\/schema\/logo\/image\/"}},{"@type":"Person","@id":"https:\/\/redamlo.com\/#\/schema\/person\/7223a4375eb8f1a782fcae010a7115cf","name":"Blanca","image":{"@type":"ImageObject","inLanguage":"es","@id":"https:\/\/secure.gravatar.com\/avatar\/3f79bc8336367a4e6093eae8757acaaf61d1124834b905616de7829b0273426d?s=96&d=mm&r=g","url":"https:\/\/secure.gravatar.com\/avatar\/3f79bc8336367a4e6093eae8757acaaf61d1124834b905616de7829b0273426d?s=96&d=mm&r=g","contentUrl":"https:\/\/secure.gravatar.com\/avatar\/3f79bc8336367a4e6093eae8757acaaf61d1124834b905616de7829b0273426d?s=96&d=mm&r=g","caption":"Blanca"},"url":"https:\/\/redamlo.com\/index.php\/author\/blanca\/"}]}},"_links":{"self":[{"href":"https:\/\/redamlo.com\/index.php\/wp-json\/wp\/v2\/posts\/5130","targetHints":{"allow":["GET"]}}],"collection":[{"href":"https:\/\/redamlo.com\/index.php\/wp-json\/wp\/v2\/posts"}],"about":[{"href":"https:\/\/redamlo.com\/index.php\/wp-json\/wp\/v2\/types\/post"}],"author":[{"embeddable":true,"href":"https:\/\/redamlo.com\/index.php\/wp-json\/wp\/v2\/users\/2"}],"replies":[{"embeddable":true,"href":"https:\/\/redamlo.com\/index.php\/wp-json\/wp\/v2\/comments?post=5130"}],"version-history":[{"count":0,"href":"https:\/\/redamlo.com\/index.php\/wp-json\/wp\/v2\/posts\/5130\/revisions"}],"wp:featuredmedia":[{"embeddable":true,"href":"https:\/\/redamlo.com\/index.php\/wp-json\/wp\/v2\/media\/5133"}],"wp:attachment":[{"href":"https:\/\/redamlo.com\/index.php\/wp-json\/wp\/v2\/media?parent=5130"}],"wp:term":[{"taxonomy":"category","embeddable":true,"href":"https:\/\/redamlo.com\/index.php\/wp-json\/wp\/v2\/categories?post=5130"},{"taxonomy":"post_tag","embeddable":true,"href":"https:\/\/redamlo.com\/index.php\/wp-json\/wp\/v2\/tags?post=5130"}],"curies":[{"name":"wp","href":"https:\/\/api.w.org\/{rel}","templated":true}]}}