{"id":5126,"date":"2021-08-03T12:00:44","date_gmt":"2021-08-03T12:00:44","guid":{"rendered":"https:\/\/redamlo.com\/?p=5126"},"modified":"2021-08-03T12:00:44","modified_gmt":"2021-08-03T12:00:44","slug":"gobierno-federal-valora-vacunar-contra-covid-19-a-menores-de-18-anos-con-enfermedades-o-padecimientos","status":"publish","type":"post","link":"https:\/\/redamlo.com\/index.php\/2021\/08\/03\/gobierno-federal-valora-vacunar-contra-covid-19-a-menores-de-18-anos-con-enfermedades-o-padecimientos\/","title":{"rendered":"Gobierno federal valora vacunar contra Covid-19 a menores de 18 a\u00f1os con enfermedades o padecimientos"},"content":{"rendered":"<div id=\":1i1\" class=\"Ar Au Ao\">\n<div id=\":1i5\" class=\"Am Al editable LW-avf tS-tW tS-tY\" style=\"text-align: justify;\" tabindex=\"1\" role=\"textbox\" contenteditable=\"true\" spellcheck=\"false\" aria-label=\"Cuerpo del mensaje\" aria-multiline=\"true\">\n<p><span style=\"font-family: Arial, Helvetica, sans-serif; color: #000000;\">M\u00c9XICO, 03 de agosto de 2021.- El presidente de M\u00e9xico, Andr\u00e9s Manuel L\u00f3pez Obrador inform\u00f3 que el gobierno federal analiza la posibilidad de vacunar contra Covid-19 a ni\u00f1as, ni\u00f1os y j\u00f3venes menores de 18 a\u00f1os con condiciones de salud particulares que ameritan una protecci\u00f3n especial.<\/span><\/p>\n<p><span style=\"font-family: Arial, Helvetica, sans-serif; color: #000000;\">En conferencia de prensa matutina dijo que esto podr\u00eda llegar a ocurrir si los organismos internacionales de salud as\u00ed lo avalan con base en evidencia cient\u00edfica.<\/span><\/p>\n<p><span style=\"font-family: Arial, Helvetica, sans-serif; color: #000000;\">\u201cEs notorio, es demostrable que la vacuna salva vidas. Tenemos ahora una nueva ola de contagios pero afortunadamente no hay fallecimientos en la misma proporci\u00f3n de los contagios o de las hospitalizaciones. Es menos el n\u00famero de las personas que lamentablemente pierden la vida por la vacuna. Hay que vacunarnos todos\u201d, remarc\u00f3.<\/span><\/p>\n<p><span style=\"font-family: Arial, Helvetica, sans-serif; color: #000000;\">El jefe del Ejecutivo destac\u00f3 que, como parte del Plan Nacional de Vacunaci\u00f3n, cada d\u00eda se est\u00e1 protegiendo a m\u00e1s personas en todo el pa\u00eds, de manera que para octubre todas las personas de m\u00e1s de 18 a\u00f1os de edad contar\u00e1n con la primera dosis.<\/span><\/p>\n<p><span style=\"font-family: Arial, Helvetica, sans-serif; color: #000000;\">Hasta este d\u00eda, en M\u00e9xico suman 68 millones 89 mil 659 dosis aplicadas a 48 millones 95 mil 458 personas, que representan el 53 por ciento de la poblaci\u00f3n adulta.<\/span><\/p>\n<p><span style=\"font-family: Arial, Helvetica, sans-serif; color: #000000;\">El subsecretario de Prevenci\u00f3n y Promoci\u00f3n de la Salud, Hugo L\u00f3pez-Gatell Ram\u00edrez, reafirm\u00f3 que la vacunaci\u00f3n \u201creduce el impacto del Covid-19. Reduce la mortalidad y la hospitalizaci\u00f3n\u201d.<\/span><\/p>\n<p><span style=\"font-family: Arial, Helvetica, sans-serif; color: #000000;\">El mandatario sostuvo que hay dosis garantizadas porque el gobierno mexicano estableci\u00f3 contratos con farmac\u00e9uticas para la adquisici\u00f3n de vacunas suficientes que posibiliten la vacunaci\u00f3n universal y gratuita.<\/span><\/p>\n<p><span style=\"font-family: Arial, Helvetica, sans-serif; color: #000000;\">Al respecto, el secretario de Relaciones Exteriores, Marcelo Ebrard Casaubon, explic\u00f3 que para el final de este mes se espera rebasar 100 millones de dosis recibidas. Adem\u00e1s, se han envasado en el pa\u00eds m\u00e1s de 11 millones de dosis.<\/span><\/p>\n<p><iframe loading=\"lazy\" title=\"Menores de edad con enfermedades podr\u00edan ser vacunados contra COVID-19. Conferencia presidente AMLO\" width=\"640\" height=\"360\" src=\"https:\/\/www.youtube.com\/embed\/8N83D8HH7HQ?start=1104&#038;feature=oembed\" frameborder=\"0\" allow=\"accelerometer; autoplay; clipboard-write; encrypted-media; gyroscope; picture-in-picture; web-share\" referrerpolicy=\"strict-origin-when-cross-origin\" allowfullscreen><\/iframe><\/p>\n<\/div>\n<\/div>\n","protected":false},"excerpt":{"rendered":"<p>M\u00c9XICO, 03 de agosto de 2021.- El presidente de M\u00e9xico, Andr\u00e9s Manuel L\u00f3pez Obrador inform\u00f3&#8230;<\/p>\n","protected":false},"author":2,"featured_media":5129,"comment_status":"open","ping_status":"closed","sticky":false,"template":"","format":"standard","meta":{"footnotes":""},"categories":[25,20,27],"tags":[84,131,473,556,87,132,9,567,576,655],"class_list":["post-5126","post","type-post","status-publish","format-standard","has-post-thumbnail","hentry","category-4t","category-nacionales","category-presidencia","tag-amlo","tag-andres-manuel-lopez-obrador","tag-covid-19","tag-gobierno-de-mexico","tag-hugo-lopez-gatell","tag-marcelo-ebrard","tag-mexico","tag-pandemia","tag-plan-nacional-de-vacunacion","tag-sre"],"yoast_head":"<!-- This site is optimized with the Yoast SEO plugin v27.5 - https:\/\/yoast.com\/product\/yoast-seo-wordpress\/ -->\n<title>Gobierno federal valora vacunar contra Covid-19 a menores de 18 a\u00f1os con enfermedades o padecimientos - NOTICIAS DE LA 4T<\/title>\n<meta name=\"robots\" content=\"noindex, follow, max-snippet:-1, max-image-preview:large, max-video-preview:-1\" \/>\n<meta property=\"og:locale\" content=\"es_MX\" \/>\n<meta property=\"og:type\" content=\"article\" \/>\n<meta property=\"og:title\" content=\"Gobierno federal valora vacunar contra Covid-19 a menores de 18 a\u00f1os con enfermedades o padecimientos - NOTICIAS DE LA 4T\" \/>\n<meta property=\"og:description\" content=\"M\u00c9XICO, 03 de agosto de 2021.- El presidente de M\u00e9xico, Andr\u00e9s Manuel L\u00f3pez Obrador inform\u00f3...\" \/>\n<meta property=\"og:url\" content=\"https:\/\/redamlo.com\/index.php\/2021\/08\/03\/gobierno-federal-valora-vacunar-contra-covid-19-a-menores-de-18-anos-con-enfermedades-o-padecimientos\/\" \/>\n<meta property=\"og:site_name\" content=\"NOTICIAS DE LA 4T\" \/>\n<meta property=\"article:published_time\" content=\"2021-08-03T12:00:44+00:00\" \/>\n<meta property=\"og:image\" content=\"https:\/\/redamlo.com\/wp-content\/uploads\/2021\/08\/Gobierno-federal-valora-vacunar-contra-Covid-19-a-menores-de-18-anos-con-enfermedades-o-padecimientos.jpg\" \/>\n\t<meta property=\"og:image:width\" content=\"1502\" \/>\n\t<meta property=\"og:image:height\" content=\"895\" \/>\n\t<meta property=\"og:image:type\" content=\"image\/jpeg\" \/>\n<meta name=\"author\" content=\"Blanca\" \/>\n<meta name=\"twitter:card\" content=\"summary_large_image\" \/>\n<meta name=\"twitter:label1\" content=\"Escrito por\" \/>\n\t<meta name=\"twitter:data1\" content=\"Blanca\" \/>\n\t<meta name=\"twitter:label2\" content=\"Tiempo de lectura\" \/>\n\t<meta name=\"twitter:data2\" content=\"2 minutos\" \/>\n<script type=\"application\/ld+json\" class=\"yoast-schema-graph\">{\"@context\":\"https:\\\/\\\/schema.org\",\"@graph\":[{\"@type\":\"Article\",\"@id\":\"https:\\\/\\\/redamlo.com\\\/index.php\\\/2021\\\/08\\\/03\\\/gobierno-federal-valora-vacunar-contra-covid-19-a-menores-de-18-anos-con-enfermedades-o-padecimientos\\\/#article\",\"isPartOf\":{\"@id\":\"https:\\\/\\\/redamlo.com\\\/index.php\\\/2021\\\/08\\\/03\\\/gobierno-federal-valora-vacunar-contra-covid-19-a-menores-de-18-anos-con-enfermedades-o-padecimientos\\\/\"},\"author\":{\"name\":\"Blanca\",\"@id\":\"https:\\\/\\\/redamlo.com\\\/#\\\/schema\\\/person\\\/7223a4375eb8f1a782fcae010a7115cf\"},\"headline\":\"Gobierno federal valora vacunar contra Covid-19 a menores de 18 a\u00f1os con enfermedades o padecimientos\",\"datePublished\":\"2021-08-03T12:00:44+00:00\",\"mainEntityOfPage\":{\"@id\":\"https:\\\/\\\/redamlo.com\\\/index.php\\\/2021\\\/08\\\/03\\\/gobierno-federal-valora-vacunar-contra-covid-19-a-menores-de-18-anos-con-enfermedades-o-padecimientos\\\/\"},\"wordCount\":347,\"commentCount\":0,\"publisher\":{\"@id\":\"https:\\\/\\\/redamlo.com\\\/#organization\"},\"image\":{\"@id\":\"https:\\\/\\\/redamlo.com\\\/index.php\\\/2021\\\/08\\\/03\\\/gobierno-federal-valora-vacunar-contra-covid-19-a-menores-de-18-anos-con-enfermedades-o-padecimientos\\\/#primaryimage\"},\"thumbnailUrl\":\"https:\\\/\\\/redamlo.com\\\/wp-content\\\/uploads\\\/2021\\\/08\\\/Gobierno-federal-valora-vacunar-contra-Covid-19-a-menores-de-18-anos-con-enfermedades-o-padecimientos.jpg\",\"keywords\":[\"AMLO\",\"Andr\u00e9s Manuel L\u00f3pez Obrador\",\"COVID-19\",\"Gobierno de M\u00e9xico\",\"Hugo L\u00f3pez Gatell\",\"Marcelo Ebrard\",\"M\u00e9xico\",\"pandemia\",\"Plan Nacional de Vacunaci\u00f3n\",\"SRE\"],\"articleSection\":[\"4T\",\"Nacionales\",\"Presidencia\"],\"inLanguage\":\"es\",\"potentialAction\":[{\"@type\":\"CommentAction\",\"name\":\"Comment\",\"target\":[\"https:\\\/\\\/redamlo.com\\\/index.php\\\/2021\\\/08\\\/03\\\/gobierno-federal-valora-vacunar-contra-covid-19-a-menores-de-18-anos-con-enfermedades-o-padecimientos\\\/#respond\"]}]},{\"@type\":\"WebPage\",\"@id\":\"https:\\\/\\\/redamlo.com\\\/index.php\\\/2021\\\/08\\\/03\\\/gobierno-federal-valora-vacunar-contra-covid-19-a-menores-de-18-anos-con-enfermedades-o-padecimientos\\\/\",\"url\":\"https:\\\/\\\/redamlo.com\\\/index.php\\\/2021\\\/08\\\/03\\\/gobierno-federal-valora-vacunar-contra-covid-19-a-menores-de-18-anos-con-enfermedades-o-padecimientos\\\/\",\"name\":\"Gobierno federal valora vacunar contra Covid-19 a menores de 18 a\u00f1os con enfermedades o padecimientos - NOTICIAS DE LA 4T\",\"isPartOf\":{\"@id\":\"https:\\\/\\\/redamlo.com\\\/#website\"},\"primaryImageOfPage\":{\"@id\":\"https:\\\/\\\/redamlo.com\\\/index.php\\\/2021\\\/08\\\/03\\\/gobierno-federal-valora-vacunar-contra-covid-19-a-menores-de-18-anos-con-enfermedades-o-padecimientos\\\/#primaryimage\"},\"image\":{\"@id\":\"https:\\\/\\\/redamlo.com\\\/index.php\\\/2021\\\/08\\\/03\\\/gobierno-federal-valora-vacunar-contra-covid-19-a-menores-de-18-anos-con-enfermedades-o-padecimientos\\\/#primaryimage\"},\"thumbnailUrl\":\"https:\\\/\\\/redamlo.com\\\/wp-content\\\/uploads\\\/2021\\\/08\\\/Gobierno-federal-valora-vacunar-contra-Covid-19-a-menores-de-18-anos-con-enfermedades-o-padecimientos.jpg\",\"datePublished\":\"2021-08-03T12:00:44+00:00\",\"breadcrumb\":{\"@id\":\"https:\\\/\\\/redamlo.com\\\/index.php\\\/2021\\\/08\\\/03\\\/gobierno-federal-valora-vacunar-contra-covid-19-a-menores-de-18-anos-con-enfermedades-o-padecimientos\\\/#breadcrumb\"},\"inLanguage\":\"es\",\"potentialAction\":[{\"@type\":\"ReadAction\",\"target\":[\"https:\\\/\\\/redamlo.com\\\/index.php\\\/2021\\\/08\\\/03\\\/gobierno-federal-valora-vacunar-contra-covid-19-a-menores-de-18-anos-con-enfermedades-o-padecimientos\\\/\"]}]},{\"@type\":\"ImageObject\",\"inLanguage\":\"es\",\"@id\":\"https:\\\/\\\/redamlo.com\\\/index.php\\\/2021\\\/08\\\/03\\\/gobierno-federal-valora-vacunar-contra-covid-19-a-menores-de-18-anos-con-enfermedades-o-padecimientos\\\/#primaryimage\",\"url\":\"https:\\\/\\\/redamlo.com\\\/wp-content\\\/uploads\\\/2021\\\/08\\\/Gobierno-federal-valora-vacunar-contra-Covid-19-a-menores-de-18-anos-con-enfermedades-o-padecimientos.jpg\",\"contentUrl\":\"https:\\\/\\\/redamlo.com\\\/wp-content\\\/uploads\\\/2021\\\/08\\\/Gobierno-federal-valora-vacunar-contra-Covid-19-a-menores-de-18-anos-con-enfermedades-o-padecimientos.jpg\",\"width\":1502,\"height\":895},{\"@type\":\"BreadcrumbList\",\"@id\":\"https:\\\/\\\/redamlo.com\\\/index.php\\\/2021\\\/08\\\/03\\\/gobierno-federal-valora-vacunar-contra-covid-19-a-menores-de-18-anos-con-enfermedades-o-padecimientos\\\/#breadcrumb\",\"itemListElement\":[{\"@type\":\"ListItem\",\"position\":1,\"name\":\"Inicio\",\"item\":\"https:\\\/\\\/redamlo.com\\\/\"},{\"@type\":\"ListItem\",\"position\":2,\"name\":\"Gobierno federal valora vacunar contra Covid-19 a menores de 18 a\u00f1os con enfermedades o padecimientos\"}]},{\"@type\":\"WebSite\",\"@id\":\"https:\\\/\\\/redamlo.com\\\/#website\",\"url\":\"https:\\\/\\\/redamlo.com\\\/\",\"name\":\"NOTICIAS DE LA 4T\",\"description\":\"\",\"publisher\":{\"@id\":\"https:\\\/\\\/redamlo.com\\\/#organization\"},\"potentialAction\":[{\"@type\":\"SearchAction\",\"target\":{\"@type\":\"EntryPoint\",\"urlTemplate\":\"https:\\\/\\\/redamlo.com\\\/?s={search_term_string}\"},\"query-input\":{\"@type\":\"PropertyValueSpecification\",\"valueRequired\":true,\"valueName\":\"search_term_string\"}}],\"inLanguage\":\"es\"},{\"@type\":\"Organization\",\"@id\":\"https:\\\/\\\/redamlo.com\\\/#organization\",\"name\":\"NOTICIAS DE LA 4T\",\"url\":\"https:\\\/\\\/redamlo.com\\\/\",\"logo\":{\"@type\":\"ImageObject\",\"inLanguage\":\"es\",\"@id\":\"https:\\\/\\\/redamlo.com\\\/#\\\/schema\\\/logo\\\/image\\\/\",\"url\":\"https:\\\/\\\/redamlo.com\\\/wp-content\\\/uploads\\\/2024\\\/08\\\/cropped-RED-AMLO-logo-50.png\",\"contentUrl\":\"https:\\\/\\\/redamlo.com\\\/wp-content\\\/uploads\\\/2024\\\/08\\\/cropped-RED-AMLO-logo-50.png\",\"width\":256,\"height\":256,\"caption\":\"NOTICIAS DE LA 4T\"},\"image\":{\"@id\":\"https:\\\/\\\/redamlo.com\\\/#\\\/schema\\\/logo\\\/image\\\/\"}},{\"@type\":\"Person\",\"@id\":\"https:\\\/\\\/redamlo.com\\\/#\\\/schema\\\/person\\\/7223a4375eb8f1a782fcae010a7115cf\",\"name\":\"Blanca\",\"image\":{\"@type\":\"ImageObject\",\"inLanguage\":\"es\",\"@id\":\"https:\\\/\\\/secure.gravatar.com\\\/avatar\\\/3f79bc8336367a4e6093eae8757acaaf61d1124834b905616de7829b0273426d?s=96&d=mm&r=g\",\"url\":\"https:\\\/\\\/secure.gravatar.com\\\/avatar\\\/3f79bc8336367a4e6093eae8757acaaf61d1124834b905616de7829b0273426d?s=96&d=mm&r=g\",\"contentUrl\":\"https:\\\/\\\/secure.gravatar.com\\\/avatar\\\/3f79bc8336367a4e6093eae8757acaaf61d1124834b905616de7829b0273426d?s=96&d=mm&r=g\",\"caption\":\"Blanca\"},\"url\":\"https:\\\/\\\/redamlo.com\\\/index.php\\\/author\\\/blanca\\\/\"}]}<\/script>\n<!-- \/ Yoast SEO plugin. -->","yoast_head_json":{"title":"Gobierno federal valora vacunar contra Covid-19 a menores de 18 a\u00f1os con enfermedades o padecimientos - NOTICIAS DE LA 4T","robots":{"index":"noindex","follow":"follow","max-snippet":"max-snippet:-1","max-image-preview":"max-image-preview:large","max-video-preview":"max-video-preview:-1"},"og_locale":"es_MX","og_type":"article","og_title":"Gobierno federal valora vacunar contra Covid-19 a menores de 18 a\u00f1os con enfermedades o padecimientos - NOTICIAS DE LA 4T","og_description":"M\u00c9XICO, 03 de agosto de 2021.- El presidente de M\u00e9xico, Andr\u00e9s Manuel L\u00f3pez Obrador inform\u00f3...","og_url":"https:\/\/redamlo.com\/index.php\/2021\/08\/03\/gobierno-federal-valora-vacunar-contra-covid-19-a-menores-de-18-anos-con-enfermedades-o-padecimientos\/","og_site_name":"NOTICIAS DE LA 4T","article_published_time":"2021-08-03T12:00:44+00:00","og_image":[{"width":1502,"height":895,"url":"https:\/\/redamlo.com\/wp-content\/uploads\/2021\/08\/Gobierno-federal-valora-vacunar-contra-Covid-19-a-menores-de-18-anos-con-enfermedades-o-padecimientos.jpg","type":"image\/jpeg"}],"author":"Blanca","twitter_card":"summary_large_image","twitter_misc":{"Escrito por":"Blanca","Tiempo de lectura":"2 minutos"},"schema":{"@context":"https:\/\/schema.org","@graph":[{"@type":"Article","@id":"https:\/\/redamlo.com\/index.php\/2021\/08\/03\/gobierno-federal-valora-vacunar-contra-covid-19-a-menores-de-18-anos-con-enfermedades-o-padecimientos\/#article","isPartOf":{"@id":"https:\/\/redamlo.com\/index.php\/2021\/08\/03\/gobierno-federal-valora-vacunar-contra-covid-19-a-menores-de-18-anos-con-enfermedades-o-padecimientos\/"},"author":{"name":"Blanca","@id":"https:\/\/redamlo.com\/#\/schema\/person\/7223a4375eb8f1a782fcae010a7115cf"},"headline":"Gobierno federal valora vacunar contra Covid-19 a menores de 18 a\u00f1os con enfermedades o padecimientos","datePublished":"2021-08-03T12:00:44+00:00","mainEntityOfPage":{"@id":"https:\/\/redamlo.com\/index.php\/2021\/08\/03\/gobierno-federal-valora-vacunar-contra-covid-19-a-menores-de-18-anos-con-enfermedades-o-padecimientos\/"},"wordCount":347,"commentCount":0,"publisher":{"@id":"https:\/\/redamlo.com\/#organization"},"image":{"@id":"https:\/\/redamlo.com\/index.php\/2021\/08\/03\/gobierno-federal-valora-vacunar-contra-covid-19-a-menores-de-18-anos-con-enfermedades-o-padecimientos\/#primaryimage"},"thumbnailUrl":"https:\/\/redamlo.com\/wp-content\/uploads\/2021\/08\/Gobierno-federal-valora-vacunar-contra-Covid-19-a-menores-de-18-anos-con-enfermedades-o-padecimientos.jpg","keywords":["AMLO","Andr\u00e9s Manuel L\u00f3pez Obrador","COVID-19","Gobierno de M\u00e9xico","Hugo L\u00f3pez Gatell","Marcelo Ebrard","M\u00e9xico","pandemia","Plan Nacional de Vacunaci\u00f3n","SRE"],"articleSection":["4T","Nacionales","Presidencia"],"inLanguage":"es","potentialAction":[{"@type":"CommentAction","name":"Comment","target":["https:\/\/redamlo.com\/index.php\/2021\/08\/03\/gobierno-federal-valora-vacunar-contra-covid-19-a-menores-de-18-anos-con-enfermedades-o-padecimientos\/#respond"]}]},{"@type":"WebPage","@id":"https:\/\/redamlo.com\/index.php\/2021\/08\/03\/gobierno-federal-valora-vacunar-contra-covid-19-a-menores-de-18-anos-con-enfermedades-o-padecimientos\/","url":"https:\/\/redamlo.com\/index.php\/2021\/08\/03\/gobierno-federal-valora-vacunar-contra-covid-19-a-menores-de-18-anos-con-enfermedades-o-padecimientos\/","name":"Gobierno federal valora vacunar contra Covid-19 a menores de 18 a\u00f1os con enfermedades o padecimientos - NOTICIAS DE LA 4T","isPartOf":{"@id":"https:\/\/redamlo.com\/#website"},"primaryImageOfPage":{"@id":"https:\/\/redamlo.com\/index.php\/2021\/08\/03\/gobierno-federal-valora-vacunar-contra-covid-19-a-menores-de-18-anos-con-enfermedades-o-padecimientos\/#primaryimage"},"image":{"@id":"https:\/\/redamlo.com\/index.php\/2021\/08\/03\/gobierno-federal-valora-vacunar-contra-covid-19-a-menores-de-18-anos-con-enfermedades-o-padecimientos\/#primaryimage"},"thumbnailUrl":"https:\/\/redamlo.com\/wp-content\/uploads\/2021\/08\/Gobierno-federal-valora-vacunar-contra-Covid-19-a-menores-de-18-anos-con-enfermedades-o-padecimientos.jpg","datePublished":"2021-08-03T12:00:44+00:00","breadcrumb":{"@id":"https:\/\/redamlo.com\/index.php\/2021\/08\/03\/gobierno-federal-valora-vacunar-contra-covid-19-a-menores-de-18-anos-con-enfermedades-o-padecimientos\/#breadcrumb"},"inLanguage":"es","potentialAction":[{"@type":"ReadAction","target":["https:\/\/redamlo.com\/index.php\/2021\/08\/03\/gobierno-federal-valora-vacunar-contra-covid-19-a-menores-de-18-anos-con-enfermedades-o-padecimientos\/"]}]},{"@type":"ImageObject","inLanguage":"es","@id":"https:\/\/redamlo.com\/index.php\/2021\/08\/03\/gobierno-federal-valora-vacunar-contra-covid-19-a-menores-de-18-anos-con-enfermedades-o-padecimientos\/#primaryimage","url":"https:\/\/redamlo.com\/wp-content\/uploads\/2021\/08\/Gobierno-federal-valora-vacunar-contra-Covid-19-a-menores-de-18-anos-con-enfermedades-o-padecimientos.jpg","contentUrl":"https:\/\/redamlo.com\/wp-content\/uploads\/2021\/08\/Gobierno-federal-valora-vacunar-contra-Covid-19-a-menores-de-18-anos-con-enfermedades-o-padecimientos.jpg","width":1502,"height":895},{"@type":"BreadcrumbList","@id":"https:\/\/redamlo.com\/index.php\/2021\/08\/03\/gobierno-federal-valora-vacunar-contra-covid-19-a-menores-de-18-anos-con-enfermedades-o-padecimientos\/#breadcrumb","itemListElement":[{"@type":"ListItem","position":1,"name":"Inicio","item":"https:\/\/redamlo.com\/"},{"@type":"ListItem","position":2,"name":"Gobierno federal valora vacunar contra Covid-19 a menores de 18 a\u00f1os con enfermedades o padecimientos"}]},{"@type":"WebSite","@id":"https:\/\/redamlo.com\/#website","url":"https:\/\/redamlo.com\/","name":"NOTICIAS DE LA 4T","description":"","publisher":{"@id":"https:\/\/redamlo.com\/#organization"},"potentialAction":[{"@type":"SearchAction","target":{"@type":"EntryPoint","urlTemplate":"https:\/\/redamlo.com\/?s={search_term_string}"},"query-input":{"@type":"PropertyValueSpecification","valueRequired":true,"valueName":"search_term_string"}}],"inLanguage":"es"},{"@type":"Organization","@id":"https:\/\/redamlo.com\/#organization","name":"NOTICIAS DE LA 4T","url":"https:\/\/redamlo.com\/","logo":{"@type":"ImageObject","inLanguage":"es","@id":"https:\/\/redamlo.com\/#\/schema\/logo\/image\/","url":"https:\/\/redamlo.com\/wp-content\/uploads\/2024\/08\/cropped-RED-AMLO-logo-50.png","contentUrl":"https:\/\/redamlo.com\/wp-content\/uploads\/2024\/08\/cropped-RED-AMLO-logo-50.png","width":256,"height":256,"caption":"NOTICIAS DE LA 4T"},"image":{"@id":"https:\/\/redamlo.com\/#\/schema\/logo\/image\/"}},{"@type":"Person","@id":"https:\/\/redamlo.com\/#\/schema\/person\/7223a4375eb8f1a782fcae010a7115cf","name":"Blanca","image":{"@type":"ImageObject","inLanguage":"es","@id":"https:\/\/secure.gravatar.com\/avatar\/3f79bc8336367a4e6093eae8757acaaf61d1124834b905616de7829b0273426d?s=96&d=mm&r=g","url":"https:\/\/secure.gravatar.com\/avatar\/3f79bc8336367a4e6093eae8757acaaf61d1124834b905616de7829b0273426d?s=96&d=mm&r=g","contentUrl":"https:\/\/secure.gravatar.com\/avatar\/3f79bc8336367a4e6093eae8757acaaf61d1124834b905616de7829b0273426d?s=96&d=mm&r=g","caption":"Blanca"},"url":"https:\/\/redamlo.com\/index.php\/author\/blanca\/"}]}},"_links":{"self":[{"href":"https:\/\/redamlo.com\/index.php\/wp-json\/wp\/v2\/posts\/5126","targetHints":{"allow":["GET"]}}],"collection":[{"href":"https:\/\/redamlo.com\/index.php\/wp-json\/wp\/v2\/posts"}],"about":[{"href":"https:\/\/redamlo.com\/index.php\/wp-json\/wp\/v2\/types\/post"}],"author":[{"embeddable":true,"href":"https:\/\/redamlo.com\/index.php\/wp-json\/wp\/v2\/users\/2"}],"replies":[{"embeddable":true,"href":"https:\/\/redamlo.com\/index.php\/wp-json\/wp\/v2\/comments?post=5126"}],"version-history":[{"count":0,"href":"https:\/\/redamlo.com\/index.php\/wp-json\/wp\/v2\/posts\/5126\/revisions"}],"wp:featuredmedia":[{"embeddable":true,"href":"https:\/\/redamlo.com\/index.php\/wp-json\/wp\/v2\/media\/5129"}],"wp:attachment":[{"href":"https:\/\/redamlo.com\/index.php\/wp-json\/wp\/v2\/media?parent=5126"}],"wp:term":[{"taxonomy":"category","embeddable":true,"href":"https:\/\/redamlo.com\/index.php\/wp-json\/wp\/v2\/categories?post=5126"},{"taxonomy":"post_tag","embeddable":true,"href":"https:\/\/redamlo.com\/index.php\/wp-json\/wp\/v2\/tags?post=5126"}],"curies":[{"name":"wp","href":"https:\/\/api.w.org\/{rel}","templated":true}]}}