{"id":5101,"date":"2021-08-03T13:42:28","date_gmt":"2021-08-03T13:42:28","guid":{"rendered":"https:\/\/redamlo.com\/?p=5101"},"modified":"2021-08-03T13:42:28","modified_gmt":"2021-08-03T13:42:28","slug":"alejandro-encinas-reclamo-publicamente-a-ricardo-monreal-retraso-en-el-desafuero-del-diputado-saul-huerta","status":"publish","type":"post","link":"https:\/\/redamlo.com\/index.php\/2021\/08\/03\/alejandro-encinas-reclamo-publicamente-a-ricardo-monreal-retraso-en-el-desafuero-del-diputado-saul-huerta\/","title":{"rendered":"Alejandro Encinas, reclam\u00f3 p\u00fablicamente a Ricardo Monreal retraso en el desafuero del diputado Sa\u00fal Huerta"},"content":{"rendered":"<p>Ante el presidente de la<strong> Junta de Coordinaci\u00f3n Pol\u00edtica del Senado, Ricardo Monreal,<\/strong> el <strong>subsecretario de Gobernaci\u00f3n<\/strong>,\u00a0<b>Alejandro Encinas<\/b>, reclam\u00f3 que no se haya aprobado ya el desafuero del diputado Sa\u00fal Huerta, exmorenista acusado de agresi\u00f3n sexual y violaci\u00f3n de menores de edad.<\/p>\n<p>\u201c(Eso) <strong>env\u00eda una se\u00f1al contradictoria muy negativa<\/strong> porque debemos ser los principales interesados en erradicar este tipo de conductas il\u00edcitas y m\u00e1s desde el servicio p\u00fablico y la representaci\u00f3n popular\u201d, dijo Encinas en ocasi\u00f3n del Foro Hacia los diez a\u00f1os de la Ley Contra la Trata de Personas.<\/p>\n<p class=\"paragraph\"><b>Lamento que se haya excluido de este periodo extraordinario de sesiones del @senadomexicano el desafuero del diputado Sa\u00fal Huerta Corona, acusado de abuso sexual a menores<\/b>\u201d, expres\u00f3 el subsecretario de gobernaci\u00f3n durante el foto\u00a0<i>Hacia los diez a\u00f1os de la Ley contra la Trata de Personas<\/i>, mismo que se realiz\u00f3 en el vieja casona de Xicot\u00e9ncatl, antigua sede del Senado de Rep\u00fablica.<\/p>\n<p class=\"paragraph\"><b>Monreal expres\u00f3 que los funcionarios p\u00fablicos debe de respetar el trabajo que se hace en el poder legislativo<\/b>, as\u00ed como ellos respetan el actuar del gobierno federal.<\/p>\n<p class=\"paragraph\">\u201c<b>No le acepto su reclamo, licenciado Alejandro Encinas<\/b>, estamos haciendo nuestro trabajo, como respetamos el suyo, tambi\u00e9n quisi\u00e9ramos que nos respetaran el nuestro.\u00a0<b>Son tiempos del Congreso<\/b>. Le pedir\u00eda simplemente su respeto. No vamos a permitir ninguna impunidad\u201d, se\u00f1al\u00f3 el ex gobernador de Zacatecas.<\/p>\n<p class=\"paragraph\">El senador tambi\u00e9n asever\u00f3 que el pr\u00f3ximo martes 3 de agosto se reunir\u00e1 la Comisi\u00f3n Permanente del Poder Legislativo y le asegur\u00f3 al subsecretario que\u00a0<b>en ninguna de las c\u00e1maras van a proteger a ninguna persona,<\/b>\u00a0pero que el proceso va lento porque as\u00ed lo marca la ley.<\/p>\n<p class=\"paragraph\">Posteriormente, dijo, se va a plantear un nuevo Periodo Extraordinario para que los desafueros que se tienen pendientes sean tratados en la Permanente.\u00a0<b>\u201cNo se va a dar carpetazo a nadie\u201d,<\/b>\u00a0sentenci\u00f3 el presidente de la Junta de Coordinaci\u00f3n Pol\u00edtica del Senado.<\/p>\n<div class=\"inline ad-wrapper\">\n<div class=\"dfpAd display_inline_block ad_margin_wrapper\">\n<div id=\"america\/mexico\/nota\/inline\" class=\"america\/mexico\/nota\/inline arcad\" data-google-query-id=\"CKvK-sP7lPICFcLPKAUdtIkDiw\">\n<div id=\"google_ads_iframe_\/1058609\/america\/mexico\/nota\/inline_0__container__\"><iframe id=\"google_ads_iframe_\/1058609\/america\/mexico\/nota\/inline_0\" title=\"3rd party ad content\" name=\"google_ads_iframe_\/1058609\/america\/mexico\/nota\/inline_0\" width=\"1\" height=\"1\" frameborder=\"0\" marginwidth=\"0\" marginheight=\"0\" scrolling=\"no\" data-google-container-id=\"3\" data-load-complete=\"true\" data-mce-fragment=\"1\"><\/iframe><\/div>\n<\/div>\n<\/div>\n<\/div>\n<p class=\"paragraph\">Asimismo, Encinas se dirigi\u00f3 directamente a Monreal para referir que<b>\u00a0en Morena deben de ser los principales interesados en erradicar las pr\u00e1cticas il\u00edcitas<\/b>\u00a0del servicio p\u00fablico y de la representaci\u00f3n popular.<\/p>\n","protected":false},"excerpt":{"rendered":"<p>Ante el presidente de la Junta de Coordinaci\u00f3n Pol\u00edtica del Senado, Ricardo Monreal, el subsecretario&#8230;<\/p>\n","protected":false},"author":2,"featured_media":5103,"comment_status":"open","ping_status":"closed","sticky":false,"template":"","format":"standard","meta":{"footnotes":""},"categories":[137],"tags":[1240,1253,1185,81],"class_list":["post-5101","post","type-post","status-publish","format-standard","has-post-thumbnail","hentry","category-senado","tag-alejandro-encinas","tag-desafuero-del-diputado-saul-huerta","tag-ricardo-monreal","tag-senado"],"yoast_head":"<!-- This site is optimized with the Yoast SEO plugin v27.5 - https:\/\/yoast.com\/product\/yoast-seo-wordpress\/ -->\n<title>Alejandro Encinas, reclam\u00f3 p\u00fablicamente a Ricardo Monreal retraso en el desafuero del diputado Sa\u00fal Huerta - NOTICIAS DE LA 4T<\/title>\n<meta name=\"robots\" content=\"noindex, follow, max-snippet:-1, max-image-preview:large, max-video-preview:-1\" \/>\n<meta property=\"og:locale\" content=\"es_MX\" \/>\n<meta property=\"og:type\" content=\"article\" \/>\n<meta property=\"og:title\" content=\"Alejandro Encinas, reclam\u00f3 p\u00fablicamente a Ricardo Monreal retraso en el desafuero del diputado Sa\u00fal Huerta - NOTICIAS DE LA 4T\" \/>\n<meta property=\"og:description\" content=\"Ante el presidente de la Junta de Coordinaci\u00f3n Pol\u00edtica del Senado, Ricardo Monreal, el subsecretario...\" \/>\n<meta property=\"og:url\" content=\"https:\/\/redamlo.com\/index.php\/2021\/08\/03\/alejandro-encinas-reclamo-publicamente-a-ricardo-monreal-retraso-en-el-desafuero-del-diputado-saul-huerta\/\" \/>\n<meta property=\"og:site_name\" content=\"NOTICIAS DE LA 4T\" \/>\n<meta property=\"article:published_time\" content=\"2021-08-03T13:42:28+00:00\" \/>\n<meta property=\"og:image\" content=\"https:\/\/redamlo.com\/wp-content\/uploads\/2021\/08\/Monreal-encinas-cdmx-press.jpg\" \/>\n\t<meta property=\"og:image:width\" content=\"1024\" \/>\n\t<meta property=\"og:image:height\" content=\"640\" \/>\n\t<meta property=\"og:image:type\" content=\"image\/jpeg\" \/>\n<meta name=\"author\" content=\"Blanca\" \/>\n<meta name=\"twitter:card\" content=\"summary_large_image\" \/>\n<meta name=\"twitter:label1\" content=\"Escrito por\" \/>\n\t<meta name=\"twitter:data1\" content=\"Blanca\" \/>\n\t<meta name=\"twitter:label2\" content=\"Tiempo de lectura\" \/>\n\t<meta name=\"twitter:data2\" content=\"2 minutos\" \/>\n<script type=\"application\/ld+json\" class=\"yoast-schema-graph\">{\"@context\":\"https:\\\/\\\/schema.org\",\"@graph\":[{\"@type\":\"Article\",\"@id\":\"https:\\\/\\\/redamlo.com\\\/index.php\\\/2021\\\/08\\\/03\\\/alejandro-encinas-reclamo-publicamente-a-ricardo-monreal-retraso-en-el-desafuero-del-diputado-saul-huerta\\\/#article\",\"isPartOf\":{\"@id\":\"https:\\\/\\\/redamlo.com\\\/index.php\\\/2021\\\/08\\\/03\\\/alejandro-encinas-reclamo-publicamente-a-ricardo-monreal-retraso-en-el-desafuero-del-diputado-saul-huerta\\\/\"},\"author\":{\"name\":\"Blanca\",\"@id\":\"https:\\\/\\\/redamlo.com\\\/#\\\/schema\\\/person\\\/7223a4375eb8f1a782fcae010a7115cf\"},\"headline\":\"Alejandro Encinas, reclam\u00f3 p\u00fablicamente a Ricardo Monreal retraso en el desafuero del diputado Sa\u00fal Huerta\",\"datePublished\":\"2021-08-03T13:42:28+00:00\",\"mainEntityOfPage\":{\"@id\":\"https:\\\/\\\/redamlo.com\\\/index.php\\\/2021\\\/08\\\/03\\\/alejandro-encinas-reclamo-publicamente-a-ricardo-monreal-retraso-en-el-desafuero-del-diputado-saul-huerta\\\/\"},\"wordCount\":395,\"commentCount\":0,\"publisher\":{\"@id\":\"https:\\\/\\\/redamlo.com\\\/#organization\"},\"image\":{\"@id\":\"https:\\\/\\\/redamlo.com\\\/index.php\\\/2021\\\/08\\\/03\\\/alejandro-encinas-reclamo-publicamente-a-ricardo-monreal-retraso-en-el-desafuero-del-diputado-saul-huerta\\\/#primaryimage\"},\"thumbnailUrl\":\"https:\\\/\\\/redamlo.com\\\/wp-content\\\/uploads\\\/2021\\\/08\\\/Monreal-encinas-cdmx-press.jpg\",\"keywords\":[\"Alejandro Encinas\",\"desafuero del diputado Sa\u00fal Huerta\",\"Ricardo Monreal\",\"Senado\"],\"articleSection\":[\"Senado\"],\"inLanguage\":\"es\",\"potentialAction\":[{\"@type\":\"CommentAction\",\"name\":\"Comment\",\"target\":[\"https:\\\/\\\/redamlo.com\\\/index.php\\\/2021\\\/08\\\/03\\\/alejandro-encinas-reclamo-publicamente-a-ricardo-monreal-retraso-en-el-desafuero-del-diputado-saul-huerta\\\/#respond\"]}]},{\"@type\":\"WebPage\",\"@id\":\"https:\\\/\\\/redamlo.com\\\/index.php\\\/2021\\\/08\\\/03\\\/alejandro-encinas-reclamo-publicamente-a-ricardo-monreal-retraso-en-el-desafuero-del-diputado-saul-huerta\\\/\",\"url\":\"https:\\\/\\\/redamlo.com\\\/index.php\\\/2021\\\/08\\\/03\\\/alejandro-encinas-reclamo-publicamente-a-ricardo-monreal-retraso-en-el-desafuero-del-diputado-saul-huerta\\\/\",\"name\":\"Alejandro Encinas, reclam\u00f3 p\u00fablicamente a Ricardo Monreal retraso en el desafuero del diputado Sa\u00fal Huerta - NOTICIAS DE LA 4T\",\"isPartOf\":{\"@id\":\"https:\\\/\\\/redamlo.com\\\/#website\"},\"primaryImageOfPage\":{\"@id\":\"https:\\\/\\\/redamlo.com\\\/index.php\\\/2021\\\/08\\\/03\\\/alejandro-encinas-reclamo-publicamente-a-ricardo-monreal-retraso-en-el-desafuero-del-diputado-saul-huerta\\\/#primaryimage\"},\"image\":{\"@id\":\"https:\\\/\\\/redamlo.com\\\/index.php\\\/2021\\\/08\\\/03\\\/alejandro-encinas-reclamo-publicamente-a-ricardo-monreal-retraso-en-el-desafuero-del-diputado-saul-huerta\\\/#primaryimage\"},\"thumbnailUrl\":\"https:\\\/\\\/redamlo.com\\\/wp-content\\\/uploads\\\/2021\\\/08\\\/Monreal-encinas-cdmx-press.jpg\",\"datePublished\":\"2021-08-03T13:42:28+00:00\",\"breadcrumb\":{\"@id\":\"https:\\\/\\\/redamlo.com\\\/index.php\\\/2021\\\/08\\\/03\\\/alejandro-encinas-reclamo-publicamente-a-ricardo-monreal-retraso-en-el-desafuero-del-diputado-saul-huerta\\\/#breadcrumb\"},\"inLanguage\":\"es\",\"potentialAction\":[{\"@type\":\"ReadAction\",\"target\":[\"https:\\\/\\\/redamlo.com\\\/index.php\\\/2021\\\/08\\\/03\\\/alejandro-encinas-reclamo-publicamente-a-ricardo-monreal-retraso-en-el-desafuero-del-diputado-saul-huerta\\\/\"]}]},{\"@type\":\"ImageObject\",\"inLanguage\":\"es\",\"@id\":\"https:\\\/\\\/redamlo.com\\\/index.php\\\/2021\\\/08\\\/03\\\/alejandro-encinas-reclamo-publicamente-a-ricardo-monreal-retraso-en-el-desafuero-del-diputado-saul-huerta\\\/#primaryimage\",\"url\":\"https:\\\/\\\/redamlo.com\\\/wp-content\\\/uploads\\\/2021\\\/08\\\/Monreal-encinas-cdmx-press.jpg\",\"contentUrl\":\"https:\\\/\\\/redamlo.com\\\/wp-content\\\/uploads\\\/2021\\\/08\\\/Monreal-encinas-cdmx-press.jpg\",\"width\":1024,\"height\":640},{\"@type\":\"BreadcrumbList\",\"@id\":\"https:\\\/\\\/redamlo.com\\\/index.php\\\/2021\\\/08\\\/03\\\/alejandro-encinas-reclamo-publicamente-a-ricardo-monreal-retraso-en-el-desafuero-del-diputado-saul-huerta\\\/#breadcrumb\",\"itemListElement\":[{\"@type\":\"ListItem\",\"position\":1,\"name\":\"Inicio\",\"item\":\"https:\\\/\\\/redamlo.com\\\/\"},{\"@type\":\"ListItem\",\"position\":2,\"name\":\"Alejandro Encinas, reclam\u00f3 p\u00fablicamente a Ricardo Monreal retraso en el desafuero del diputado Sa\u00fal Huerta\"}]},{\"@type\":\"WebSite\",\"@id\":\"https:\\\/\\\/redamlo.com\\\/#website\",\"url\":\"https:\\\/\\\/redamlo.com\\\/\",\"name\":\"NOTICIAS DE LA 4T\",\"description\":\"\",\"publisher\":{\"@id\":\"https:\\\/\\\/redamlo.com\\\/#organization\"},\"potentialAction\":[{\"@type\":\"SearchAction\",\"target\":{\"@type\":\"EntryPoint\",\"urlTemplate\":\"https:\\\/\\\/redamlo.com\\\/?s={search_term_string}\"},\"query-input\":{\"@type\":\"PropertyValueSpecification\",\"valueRequired\":true,\"valueName\":\"search_term_string\"}}],\"inLanguage\":\"es\"},{\"@type\":\"Organization\",\"@id\":\"https:\\\/\\\/redamlo.com\\\/#organization\",\"name\":\"NOTICIAS DE LA 4T\",\"url\":\"https:\\\/\\\/redamlo.com\\\/\",\"logo\":{\"@type\":\"ImageObject\",\"inLanguage\":\"es\",\"@id\":\"https:\\\/\\\/redamlo.com\\\/#\\\/schema\\\/logo\\\/image\\\/\",\"url\":\"https:\\\/\\\/redamlo.com\\\/wp-content\\\/uploads\\\/2024\\\/08\\\/cropped-RED-AMLO-logo-50.png\",\"contentUrl\":\"https:\\\/\\\/redamlo.com\\\/wp-content\\\/uploads\\\/2024\\\/08\\\/cropped-RED-AMLO-logo-50.png\",\"width\":256,\"height\":256,\"caption\":\"NOTICIAS DE LA 4T\"},\"image\":{\"@id\":\"https:\\\/\\\/redamlo.com\\\/#\\\/schema\\\/logo\\\/image\\\/\"}},{\"@type\":\"Person\",\"@id\":\"https:\\\/\\\/redamlo.com\\\/#\\\/schema\\\/person\\\/7223a4375eb8f1a782fcae010a7115cf\",\"name\":\"Blanca\",\"image\":{\"@type\":\"ImageObject\",\"inLanguage\":\"es\",\"@id\":\"https:\\\/\\\/secure.gravatar.com\\\/avatar\\\/3f79bc8336367a4e6093eae8757acaaf61d1124834b905616de7829b0273426d?s=96&d=mm&r=g\",\"url\":\"https:\\\/\\\/secure.gravatar.com\\\/avatar\\\/3f79bc8336367a4e6093eae8757acaaf61d1124834b905616de7829b0273426d?s=96&d=mm&r=g\",\"contentUrl\":\"https:\\\/\\\/secure.gravatar.com\\\/avatar\\\/3f79bc8336367a4e6093eae8757acaaf61d1124834b905616de7829b0273426d?s=96&d=mm&r=g\",\"caption\":\"Blanca\"},\"url\":\"https:\\\/\\\/redamlo.com\\\/index.php\\\/author\\\/blanca\\\/\"}]}<\/script>\n<!-- \/ Yoast SEO plugin. -->","yoast_head_json":{"title":"Alejandro Encinas, reclam\u00f3 p\u00fablicamente a Ricardo Monreal retraso en el desafuero del diputado Sa\u00fal Huerta - NOTICIAS DE LA 4T","robots":{"index":"noindex","follow":"follow","max-snippet":"max-snippet:-1","max-image-preview":"max-image-preview:large","max-video-preview":"max-video-preview:-1"},"og_locale":"es_MX","og_type":"article","og_title":"Alejandro Encinas, reclam\u00f3 p\u00fablicamente a Ricardo Monreal retraso en el desafuero del diputado Sa\u00fal Huerta - NOTICIAS DE LA 4T","og_description":"Ante el presidente de la Junta de Coordinaci\u00f3n Pol\u00edtica del Senado, Ricardo Monreal, el subsecretario...","og_url":"https:\/\/redamlo.com\/index.php\/2021\/08\/03\/alejandro-encinas-reclamo-publicamente-a-ricardo-monreal-retraso-en-el-desafuero-del-diputado-saul-huerta\/","og_site_name":"NOTICIAS DE LA 4T","article_published_time":"2021-08-03T13:42:28+00:00","og_image":[{"width":1024,"height":640,"url":"https:\/\/redamlo.com\/wp-content\/uploads\/2021\/08\/Monreal-encinas-cdmx-press.jpg","type":"image\/jpeg"}],"author":"Blanca","twitter_card":"summary_large_image","twitter_misc":{"Escrito por":"Blanca","Tiempo de lectura":"2 minutos"},"schema":{"@context":"https:\/\/schema.org","@graph":[{"@type":"Article","@id":"https:\/\/redamlo.com\/index.php\/2021\/08\/03\/alejandro-encinas-reclamo-publicamente-a-ricardo-monreal-retraso-en-el-desafuero-del-diputado-saul-huerta\/#article","isPartOf":{"@id":"https:\/\/redamlo.com\/index.php\/2021\/08\/03\/alejandro-encinas-reclamo-publicamente-a-ricardo-monreal-retraso-en-el-desafuero-del-diputado-saul-huerta\/"},"author":{"name":"Blanca","@id":"https:\/\/redamlo.com\/#\/schema\/person\/7223a4375eb8f1a782fcae010a7115cf"},"headline":"Alejandro Encinas, reclam\u00f3 p\u00fablicamente a Ricardo Monreal retraso en el desafuero del diputado Sa\u00fal Huerta","datePublished":"2021-08-03T13:42:28+00:00","mainEntityOfPage":{"@id":"https:\/\/redamlo.com\/index.php\/2021\/08\/03\/alejandro-encinas-reclamo-publicamente-a-ricardo-monreal-retraso-en-el-desafuero-del-diputado-saul-huerta\/"},"wordCount":395,"commentCount":0,"publisher":{"@id":"https:\/\/redamlo.com\/#organization"},"image":{"@id":"https:\/\/redamlo.com\/index.php\/2021\/08\/03\/alejandro-encinas-reclamo-publicamente-a-ricardo-monreal-retraso-en-el-desafuero-del-diputado-saul-huerta\/#primaryimage"},"thumbnailUrl":"https:\/\/redamlo.com\/wp-content\/uploads\/2021\/08\/Monreal-encinas-cdmx-press.jpg","keywords":["Alejandro Encinas","desafuero del diputado Sa\u00fal Huerta","Ricardo Monreal","Senado"],"articleSection":["Senado"],"inLanguage":"es","potentialAction":[{"@type":"CommentAction","name":"Comment","target":["https:\/\/redamlo.com\/index.php\/2021\/08\/03\/alejandro-encinas-reclamo-publicamente-a-ricardo-monreal-retraso-en-el-desafuero-del-diputado-saul-huerta\/#respond"]}]},{"@type":"WebPage","@id":"https:\/\/redamlo.com\/index.php\/2021\/08\/03\/alejandro-encinas-reclamo-publicamente-a-ricardo-monreal-retraso-en-el-desafuero-del-diputado-saul-huerta\/","url":"https:\/\/redamlo.com\/index.php\/2021\/08\/03\/alejandro-encinas-reclamo-publicamente-a-ricardo-monreal-retraso-en-el-desafuero-del-diputado-saul-huerta\/","name":"Alejandro Encinas, reclam\u00f3 p\u00fablicamente a Ricardo Monreal retraso en el desafuero del diputado Sa\u00fal Huerta - NOTICIAS DE LA 4T","isPartOf":{"@id":"https:\/\/redamlo.com\/#website"},"primaryImageOfPage":{"@id":"https:\/\/redamlo.com\/index.php\/2021\/08\/03\/alejandro-encinas-reclamo-publicamente-a-ricardo-monreal-retraso-en-el-desafuero-del-diputado-saul-huerta\/#primaryimage"},"image":{"@id":"https:\/\/redamlo.com\/index.php\/2021\/08\/03\/alejandro-encinas-reclamo-publicamente-a-ricardo-monreal-retraso-en-el-desafuero-del-diputado-saul-huerta\/#primaryimage"},"thumbnailUrl":"https:\/\/redamlo.com\/wp-content\/uploads\/2021\/08\/Monreal-encinas-cdmx-press.jpg","datePublished":"2021-08-03T13:42:28+00:00","breadcrumb":{"@id":"https:\/\/redamlo.com\/index.php\/2021\/08\/03\/alejandro-encinas-reclamo-publicamente-a-ricardo-monreal-retraso-en-el-desafuero-del-diputado-saul-huerta\/#breadcrumb"},"inLanguage":"es","potentialAction":[{"@type":"ReadAction","target":["https:\/\/redamlo.com\/index.php\/2021\/08\/03\/alejandro-encinas-reclamo-publicamente-a-ricardo-monreal-retraso-en-el-desafuero-del-diputado-saul-huerta\/"]}]},{"@type":"ImageObject","inLanguage":"es","@id":"https:\/\/redamlo.com\/index.php\/2021\/08\/03\/alejandro-encinas-reclamo-publicamente-a-ricardo-monreal-retraso-en-el-desafuero-del-diputado-saul-huerta\/#primaryimage","url":"https:\/\/redamlo.com\/wp-content\/uploads\/2021\/08\/Monreal-encinas-cdmx-press.jpg","contentUrl":"https:\/\/redamlo.com\/wp-content\/uploads\/2021\/08\/Monreal-encinas-cdmx-press.jpg","width":1024,"height":640},{"@type":"BreadcrumbList","@id":"https:\/\/redamlo.com\/index.php\/2021\/08\/03\/alejandro-encinas-reclamo-publicamente-a-ricardo-monreal-retraso-en-el-desafuero-del-diputado-saul-huerta\/#breadcrumb","itemListElement":[{"@type":"ListItem","position":1,"name":"Inicio","item":"https:\/\/redamlo.com\/"},{"@type":"ListItem","position":2,"name":"Alejandro Encinas, reclam\u00f3 p\u00fablicamente a Ricardo Monreal retraso en el desafuero del diputado Sa\u00fal Huerta"}]},{"@type":"WebSite","@id":"https:\/\/redamlo.com\/#website","url":"https:\/\/redamlo.com\/","name":"NOTICIAS DE LA 4T","description":"","publisher":{"@id":"https:\/\/redamlo.com\/#organization"},"potentialAction":[{"@type":"SearchAction","target":{"@type":"EntryPoint","urlTemplate":"https:\/\/redamlo.com\/?s={search_term_string}"},"query-input":{"@type":"PropertyValueSpecification","valueRequired":true,"valueName":"search_term_string"}}],"inLanguage":"es"},{"@type":"Organization","@id":"https:\/\/redamlo.com\/#organization","name":"NOTICIAS DE LA 4T","url":"https:\/\/redamlo.com\/","logo":{"@type":"ImageObject","inLanguage":"es","@id":"https:\/\/redamlo.com\/#\/schema\/logo\/image\/","url":"https:\/\/redamlo.com\/wp-content\/uploads\/2024\/08\/cropped-RED-AMLO-logo-50.png","contentUrl":"https:\/\/redamlo.com\/wp-content\/uploads\/2024\/08\/cropped-RED-AMLO-logo-50.png","width":256,"height":256,"caption":"NOTICIAS DE LA 4T"},"image":{"@id":"https:\/\/redamlo.com\/#\/schema\/logo\/image\/"}},{"@type":"Person","@id":"https:\/\/redamlo.com\/#\/schema\/person\/7223a4375eb8f1a782fcae010a7115cf","name":"Blanca","image":{"@type":"ImageObject","inLanguage":"es","@id":"https:\/\/secure.gravatar.com\/avatar\/3f79bc8336367a4e6093eae8757acaaf61d1124834b905616de7829b0273426d?s=96&d=mm&r=g","url":"https:\/\/secure.gravatar.com\/avatar\/3f79bc8336367a4e6093eae8757acaaf61d1124834b905616de7829b0273426d?s=96&d=mm&r=g","contentUrl":"https:\/\/secure.gravatar.com\/avatar\/3f79bc8336367a4e6093eae8757acaaf61d1124834b905616de7829b0273426d?s=96&d=mm&r=g","caption":"Blanca"},"url":"https:\/\/redamlo.com\/index.php\/author\/blanca\/"}]}},"_links":{"self":[{"href":"https:\/\/redamlo.com\/index.php\/wp-json\/wp\/v2\/posts\/5101","targetHints":{"allow":["GET"]}}],"collection":[{"href":"https:\/\/redamlo.com\/index.php\/wp-json\/wp\/v2\/posts"}],"about":[{"href":"https:\/\/redamlo.com\/index.php\/wp-json\/wp\/v2\/types\/post"}],"author":[{"embeddable":true,"href":"https:\/\/redamlo.com\/index.php\/wp-json\/wp\/v2\/users\/2"}],"replies":[{"embeddable":true,"href":"https:\/\/redamlo.com\/index.php\/wp-json\/wp\/v2\/comments?post=5101"}],"version-history":[{"count":0,"href":"https:\/\/redamlo.com\/index.php\/wp-json\/wp\/v2\/posts\/5101\/revisions"}],"wp:featuredmedia":[{"embeddable":true,"href":"https:\/\/redamlo.com\/index.php\/wp-json\/wp\/v2\/media\/5103"}],"wp:attachment":[{"href":"https:\/\/redamlo.com\/index.php\/wp-json\/wp\/v2\/media?parent=5101"}],"wp:term":[{"taxonomy":"category","embeddable":true,"href":"https:\/\/redamlo.com\/index.php\/wp-json\/wp\/v2\/categories?post=5101"},{"taxonomy":"post_tag","embeddable":true,"href":"https:\/\/redamlo.com\/index.php\/wp-json\/wp\/v2\/tags?post=5101"}],"curies":[{"name":"wp","href":"https:\/\/api.w.org\/{rel}","templated":true}]}}