{"id":5083,"date":"2021-07-28T12:00:33","date_gmt":"2021-07-28T12:00:33","guid":{"rendered":"https:\/\/redamlo.com\/?p=5083"},"modified":"2021-07-28T12:00:33","modified_gmt":"2021-07-28T12:00:33","slug":"gobierno-federal-mantendra-dialogo-para-crear-area-natural-protegida-en-sierra-de-san-miguelito-lopez-obrador-se-respetara-a-las-comunidades-y-al-ambiente-afirma","status":"publish","type":"post","link":"https:\/\/redamlo.com\/index.php\/2021\/07\/28\/gobierno-federal-mantendra-dialogo-para-crear-area-natural-protegida-en-sierra-de-san-miguelito-lopez-obrador-se-respetara-a-las-comunidades-y-al-ambiente-afirma\/","title":{"rendered":"Gobierno federal mantendr\u00e1 di\u00e1logo para crear \u00c1rea Natural Protegida en sierra de San Miguelito: L\u00f3pez Obrador; se respetar\u00e1 a las comunidades y al ambiente, afirma"},"content":{"rendered":"<p><span style=\"color: #000000; font-family: Arial, Helvetica, sans-serif;\">M\u00c9XICO, 28 de julio de 2021.- El Gobierno de la Cuarta Transformaci\u00f3n garantiza el derecho de r\u00e9plica y a disentir; adem\u00e1s, continuar\u00e1 actuando con respeto a las comunidades y al ambiente, afirm\u00f3 el presidente de M\u00e9xico, Andr\u00e9s Manuel L\u00f3pez Obrador.<\/span><\/p>\n<p><span style=\"color: #000000; font-family: Arial, Helvetica, sans-serif;\">En conferencia de prensa matutina, el jefe del Ejecutivo se refiri\u00f3 al plan para crear un \u00c1rea Natural Protegida en la regi\u00f3n de San Miguelito en San Luis Potos\u00ed.<\/span><\/p>\n<p><span style=\"color: #000000; font-family: Arial, Helvetica, sans-serif;\">Asegur\u00f3 que toda acci\u00f3n se llevar\u00e1 a cabo de com\u00fan acuerdo con las comunidades y siempre se privilegiar\u00e1 el inter\u00e9s superior de la naci\u00f3n.<\/span><\/p>\n<p><span style=\"color: #000000; font-family: Arial, Helvetica, sans-serif;\">Record\u00f3 que la actual administraci\u00f3n no otorga nuevas concesiones para la explotaci\u00f3n minera y que dicha actividad no debe compararse con la creaci\u00f3n de un \u00c1rea Natural Protegida.<\/span><\/p>\n<p><span style=\"color: #000000; font-family: Arial, Helvetica, sans-serif;\">\u201cNo voy a afectar ninguna \u00e1rea natural, sea protegida formalmente o no, nosotros no vamos a dar ninguna concesi\u00f3n, ning\u00fan permiso, que vaya en contra del ambiente. Hasta ahora, hasta el d\u00eda de hoy, no hemos actuado de esa manera y no lo vamos a hacer por convicci\u00f3n. No somos iguales\u201d, remarc\u00f3.<\/span><\/p>\n<p><span style=\"color: #000000; font-family: Arial, Helvetica, sans-serif;\">\u201cYo no estoy aqu\u00ed para servir a grupos de intereses creados. Yo no represento al sector empresarial, a los inmobiliarios, a los potentados. Yo represento al pueblo de M\u00e9xico, para eso me eligieron. Por convicci\u00f3n, porque llevo muchos a\u00f1os luchando, no vamos a traicionar al pueblo, no le vamos a fallar al pueblo y no nos vamos a traicionar a nosotros mismos\u201d, agreg\u00f3.<\/span><\/p>\n<p><span style=\"color: #000000; font-family: Arial, Helvetica, sans-serif;\">La secretaria de Medio Ambiente y Recursos Naturales, Mar\u00eda Luisa Albores Gonz\u00e1lez, refrend\u00f3 que en San Luis Potos\u00ed ni en ninguna parte del pa\u00eds el gobierno federal no autorizar\u00e1 proyectos que da\u00f1en los ecosistemas.<\/span><\/p>\n<p><span style=\"color: #000000; font-family: Arial, Helvetica, sans-serif;\">Indic\u00f3 que la dependencia a su cargo no le ha quitado superficie a la sierra de San Miguelito y que no ha sido decretada como \u00c1rea Natural Protegida.<\/span><\/p>\n<p><span style=\"color: #000000; font-family: Arial, Helvetica, sans-serif;\">\u201cHacer un \u00c1rea Natural Protegida es proteger al pueblo de San Luis y tambi\u00e9n a las mexicanas y a los mexicanos. (\u2026) \u00bfQu\u00e9 es lo que hace un \u00c1rea Natural Protegida? Conserva, protege y protege ese espacio como un espacio de vida pero lo protege directamente con la gente. Por eso entran los planes de manejo porque quienes se vuelven defensoras y defensores, guardianas y guardianes, es directamente la gente que est\u00e1 en esos ejidos y en esas comunidades\u201d, remarc\u00f3.<\/span><\/p>\n<p><span style=\"color: #000000; font-family: Arial, Helvetica, sans-serif;\">La Secretar\u00eda se encuentra en un proceso de di\u00e1logo con las comunidades y respetar\u00e1 la decisi\u00f3n que tomen respecto al destino de sus tierras. Recibir\u00e1 en las instalaciones de la dependencia a las personas involucradas para mantener el intercambio de puntos de vista y lograr el consenso, asever\u00f3 la funcionaria.<\/span><\/p>\n<p><iframe loading=\"lazy\" title=\"Continuar\u00e1 di\u00e1logo para proteger sierra de San Miguelito. Conferencia presidente AMLO\" width=\"640\" height=\"360\" src=\"https:\/\/www.youtube.com\/embed\/6uXf6U4k3gM?start=1286&#038;feature=oembed\" frameborder=\"0\" allow=\"accelerometer; autoplay; clipboard-write; encrypted-media; gyroscope; picture-in-picture; web-share\" referrerpolicy=\"strict-origin-when-cross-origin\" allowfullscreen><\/iframe><\/p>\n","protected":false},"excerpt":{"rendered":"<p>M\u00c9XICO, 28 de julio de 2021.- El Gobierno de la Cuarta Transformaci\u00f3n garantiza el derecho&#8230;<\/p>\n","protected":false},"author":2,"featured_media":5086,"comment_status":"open","ping_status":"closed","sticky":false,"template":"","format":"standard","meta":{"footnotes":""},"categories":[25,20,27],"tags":[84,131,1238,442,556,9,1239],"class_list":["post-5083","post","type-post","status-publish","format-standard","has-post-thumbnail","hentry","category-4t","category-nacionales","category-presidencia","tag-amlo","tag-andres-manuel-lopez-obrador","tag-area-natural-protegida","tag-cuarta-transformacion","tag-gobierno-de-mexico","tag-mexico","tag-sierra-de-san-miguelito"],"yoast_head":"<!-- This site is optimized with the Yoast SEO plugin v27.5 - https:\/\/yoast.com\/product\/yoast-seo-wordpress\/ -->\n<title>Gobierno federal mantendr\u00e1 di\u00e1logo para crear \u00c1rea Natural Protegida en sierra de San Miguelito: L\u00f3pez Obrador; se respetar\u00e1 a las comunidades y al ambiente, afirma - NOTICIAS DE LA 4T<\/title>\n<meta name=\"robots\" content=\"noindex, follow, max-snippet:-1, max-image-preview:large, max-video-preview:-1\" \/>\n<meta property=\"og:locale\" content=\"es_MX\" \/>\n<meta property=\"og:type\" content=\"article\" \/>\n<meta property=\"og:title\" content=\"Gobierno federal mantendr\u00e1 di\u00e1logo para crear \u00c1rea Natural Protegida en sierra de San Miguelito: L\u00f3pez Obrador; se respetar\u00e1 a las comunidades y al ambiente, afirma - NOTICIAS DE LA 4T\" \/>\n<meta property=\"og:description\" content=\"M\u00c9XICO, 28 de julio de 2021.- El Gobierno de la Cuarta Transformaci\u00f3n garantiza el derecho...\" \/>\n<meta property=\"og:url\" content=\"https:\/\/redamlo.com\/index.php\/2021\/07\/28\/gobierno-federal-mantendra-dialogo-para-crear-area-natural-protegida-en-sierra-de-san-miguelito-lopez-obrador-se-respetara-a-las-comunidades-y-al-ambiente-afirma\/\" \/>\n<meta property=\"og:site_name\" content=\"NOTICIAS DE LA 4T\" \/>\n<meta property=\"article:published_time\" content=\"2021-07-28T12:00:33+00:00\" \/>\n<meta property=\"og:image\" content=\"https:\/\/redamlo.com\/wp-content\/uploads\/2021\/08\/Gobierno-federal-mantendra-dialogo-para-crear-Area-Natural-Protegida-en-sierra-de-San-Miguelito-Lopez-Obrador-se-respetara-a-las-comunidades-y-al-ambiente-afirma.jpg\" \/>\n\t<meta property=\"og:image:width\" content=\"1496\" \/>\n\t<meta property=\"og:image:height\" content=\"878\" \/>\n\t<meta property=\"og:image:type\" content=\"image\/jpeg\" \/>\n<meta name=\"author\" content=\"Blanca\" \/>\n<meta name=\"twitter:card\" content=\"summary_large_image\" \/>\n<meta name=\"twitter:label1\" content=\"Escrito por\" \/>\n\t<meta name=\"twitter:data1\" content=\"Blanca\" \/>\n\t<meta name=\"twitter:label2\" content=\"Tiempo de lectura\" \/>\n\t<meta name=\"twitter:data2\" content=\"2 minutos\" \/>\n<script type=\"application\/ld+json\" class=\"yoast-schema-graph\">{\"@context\":\"https:\\\/\\\/schema.org\",\"@graph\":[{\"@type\":\"Article\",\"@id\":\"https:\\\/\\\/redamlo.com\\\/index.php\\\/2021\\\/07\\\/28\\\/gobierno-federal-mantendra-dialogo-para-crear-area-natural-protegida-en-sierra-de-san-miguelito-lopez-obrador-se-respetara-a-las-comunidades-y-al-ambiente-afirma\\\/#article\",\"isPartOf\":{\"@id\":\"https:\\\/\\\/redamlo.com\\\/index.php\\\/2021\\\/07\\\/28\\\/gobierno-federal-mantendra-dialogo-para-crear-area-natural-protegida-en-sierra-de-san-miguelito-lopez-obrador-se-respetara-a-las-comunidades-y-al-ambiente-afirma\\\/\"},\"author\":{\"name\":\"Blanca\",\"@id\":\"https:\\\/\\\/redamlo.com\\\/#\\\/schema\\\/person\\\/7223a4375eb8f1a782fcae010a7115cf\"},\"headline\":\"Gobierno federal mantendr\u00e1 di\u00e1logo para crear \u00c1rea Natural Protegida en sierra de San Miguelito: L\u00f3pez Obrador; se respetar\u00e1 a las comunidades y al ambiente, afirma\",\"datePublished\":\"2021-07-28T12:00:33+00:00\",\"mainEntityOfPage\":{\"@id\":\"https:\\\/\\\/redamlo.com\\\/index.php\\\/2021\\\/07\\\/28\\\/gobierno-federal-mantendra-dialogo-para-crear-area-natural-protegida-en-sierra-de-san-miguelito-lopez-obrador-se-respetara-a-las-comunidades-y-al-ambiente-afirma\\\/\"},\"wordCount\":500,\"commentCount\":0,\"publisher\":{\"@id\":\"https:\\\/\\\/redamlo.com\\\/#organization\"},\"image\":{\"@id\":\"https:\\\/\\\/redamlo.com\\\/index.php\\\/2021\\\/07\\\/28\\\/gobierno-federal-mantendra-dialogo-para-crear-area-natural-protegida-en-sierra-de-san-miguelito-lopez-obrador-se-respetara-a-las-comunidades-y-al-ambiente-afirma\\\/#primaryimage\"},\"thumbnailUrl\":\"https:\\\/\\\/redamlo.com\\\/wp-content\\\/uploads\\\/2021\\\/08\\\/Gobierno-federal-mantendra-dialogo-para-crear-Area-Natural-Protegida-en-sierra-de-San-Miguelito-Lopez-Obrador-se-respetara-a-las-comunidades-y-al-ambiente-afirma.jpg\",\"keywords\":[\"AMLO\",\"Andr\u00e9s Manuel L\u00f3pez Obrador\",\"\u00c1rea Natural Protegida\",\"Cuarta Transformaci\u00f3n\",\"Gobierno de M\u00e9xico\",\"M\u00e9xico\",\"sierra de San Miguelito\"],\"articleSection\":[\"4T\",\"Nacionales\",\"Presidencia\"],\"inLanguage\":\"es\",\"potentialAction\":[{\"@type\":\"CommentAction\",\"name\":\"Comment\",\"target\":[\"https:\\\/\\\/redamlo.com\\\/index.php\\\/2021\\\/07\\\/28\\\/gobierno-federal-mantendra-dialogo-para-crear-area-natural-protegida-en-sierra-de-san-miguelito-lopez-obrador-se-respetara-a-las-comunidades-y-al-ambiente-afirma\\\/#respond\"]}]},{\"@type\":\"WebPage\",\"@id\":\"https:\\\/\\\/redamlo.com\\\/index.php\\\/2021\\\/07\\\/28\\\/gobierno-federal-mantendra-dialogo-para-crear-area-natural-protegida-en-sierra-de-san-miguelito-lopez-obrador-se-respetara-a-las-comunidades-y-al-ambiente-afirma\\\/\",\"url\":\"https:\\\/\\\/redamlo.com\\\/index.php\\\/2021\\\/07\\\/28\\\/gobierno-federal-mantendra-dialogo-para-crear-area-natural-protegida-en-sierra-de-san-miguelito-lopez-obrador-se-respetara-a-las-comunidades-y-al-ambiente-afirma\\\/\",\"name\":\"Gobierno federal mantendr\u00e1 di\u00e1logo para crear \u00c1rea Natural Protegida en sierra de San Miguelito: L\u00f3pez Obrador; se respetar\u00e1 a las comunidades y al ambiente, afirma - NOTICIAS DE LA 4T\",\"isPartOf\":{\"@id\":\"https:\\\/\\\/redamlo.com\\\/#website\"},\"primaryImageOfPage\":{\"@id\":\"https:\\\/\\\/redamlo.com\\\/index.php\\\/2021\\\/07\\\/28\\\/gobierno-federal-mantendra-dialogo-para-crear-area-natural-protegida-en-sierra-de-san-miguelito-lopez-obrador-se-respetara-a-las-comunidades-y-al-ambiente-afirma\\\/#primaryimage\"},\"image\":{\"@id\":\"https:\\\/\\\/redamlo.com\\\/index.php\\\/2021\\\/07\\\/28\\\/gobierno-federal-mantendra-dialogo-para-crear-area-natural-protegida-en-sierra-de-san-miguelito-lopez-obrador-se-respetara-a-las-comunidades-y-al-ambiente-afirma\\\/#primaryimage\"},\"thumbnailUrl\":\"https:\\\/\\\/redamlo.com\\\/wp-content\\\/uploads\\\/2021\\\/08\\\/Gobierno-federal-mantendra-dialogo-para-crear-Area-Natural-Protegida-en-sierra-de-San-Miguelito-Lopez-Obrador-se-respetara-a-las-comunidades-y-al-ambiente-afirma.jpg\",\"datePublished\":\"2021-07-28T12:00:33+00:00\",\"breadcrumb\":{\"@id\":\"https:\\\/\\\/redamlo.com\\\/index.php\\\/2021\\\/07\\\/28\\\/gobierno-federal-mantendra-dialogo-para-crear-area-natural-protegida-en-sierra-de-san-miguelito-lopez-obrador-se-respetara-a-las-comunidades-y-al-ambiente-afirma\\\/#breadcrumb\"},\"inLanguage\":\"es\",\"potentialAction\":[{\"@type\":\"ReadAction\",\"target\":[\"https:\\\/\\\/redamlo.com\\\/index.php\\\/2021\\\/07\\\/28\\\/gobierno-federal-mantendra-dialogo-para-crear-area-natural-protegida-en-sierra-de-san-miguelito-lopez-obrador-se-respetara-a-las-comunidades-y-al-ambiente-afirma\\\/\"]}]},{\"@type\":\"ImageObject\",\"inLanguage\":\"es\",\"@id\":\"https:\\\/\\\/redamlo.com\\\/index.php\\\/2021\\\/07\\\/28\\\/gobierno-federal-mantendra-dialogo-para-crear-area-natural-protegida-en-sierra-de-san-miguelito-lopez-obrador-se-respetara-a-las-comunidades-y-al-ambiente-afirma\\\/#primaryimage\",\"url\":\"https:\\\/\\\/redamlo.com\\\/wp-content\\\/uploads\\\/2021\\\/08\\\/Gobierno-federal-mantendra-dialogo-para-crear-Area-Natural-Protegida-en-sierra-de-San-Miguelito-Lopez-Obrador-se-respetara-a-las-comunidades-y-al-ambiente-afirma.jpg\",\"contentUrl\":\"https:\\\/\\\/redamlo.com\\\/wp-content\\\/uploads\\\/2021\\\/08\\\/Gobierno-federal-mantendra-dialogo-para-crear-Area-Natural-Protegida-en-sierra-de-San-Miguelito-Lopez-Obrador-se-respetara-a-las-comunidades-y-al-ambiente-afirma.jpg\",\"width\":1496,\"height\":878},{\"@type\":\"BreadcrumbList\",\"@id\":\"https:\\\/\\\/redamlo.com\\\/index.php\\\/2021\\\/07\\\/28\\\/gobierno-federal-mantendra-dialogo-para-crear-area-natural-protegida-en-sierra-de-san-miguelito-lopez-obrador-se-respetara-a-las-comunidades-y-al-ambiente-afirma\\\/#breadcrumb\",\"itemListElement\":[{\"@type\":\"ListItem\",\"position\":1,\"name\":\"Inicio\",\"item\":\"https:\\\/\\\/redamlo.com\\\/\"},{\"@type\":\"ListItem\",\"position\":2,\"name\":\"Gobierno federal mantendr\u00e1 di\u00e1logo para crear \u00c1rea Natural Protegida en sierra de San Miguelito: L\u00f3pez Obrador; se respetar\u00e1 a las comunidades y al ambiente, afirma\"}]},{\"@type\":\"WebSite\",\"@id\":\"https:\\\/\\\/redamlo.com\\\/#website\",\"url\":\"https:\\\/\\\/redamlo.com\\\/\",\"name\":\"NOTICIAS DE LA 4T\",\"description\":\"\",\"publisher\":{\"@id\":\"https:\\\/\\\/redamlo.com\\\/#organization\"},\"potentialAction\":[{\"@type\":\"SearchAction\",\"target\":{\"@type\":\"EntryPoint\",\"urlTemplate\":\"https:\\\/\\\/redamlo.com\\\/?s={search_term_string}\"},\"query-input\":{\"@type\":\"PropertyValueSpecification\",\"valueRequired\":true,\"valueName\":\"search_term_string\"}}],\"inLanguage\":\"es\"},{\"@type\":\"Organization\",\"@id\":\"https:\\\/\\\/redamlo.com\\\/#organization\",\"name\":\"NOTICIAS DE LA 4T\",\"url\":\"https:\\\/\\\/redamlo.com\\\/\",\"logo\":{\"@type\":\"ImageObject\",\"inLanguage\":\"es\",\"@id\":\"https:\\\/\\\/redamlo.com\\\/#\\\/schema\\\/logo\\\/image\\\/\",\"url\":\"https:\\\/\\\/redamlo.com\\\/wp-content\\\/uploads\\\/2024\\\/08\\\/cropped-RED-AMLO-logo-50.png\",\"contentUrl\":\"https:\\\/\\\/redamlo.com\\\/wp-content\\\/uploads\\\/2024\\\/08\\\/cropped-RED-AMLO-logo-50.png\",\"width\":256,\"height\":256,\"caption\":\"NOTICIAS DE LA 4T\"},\"image\":{\"@id\":\"https:\\\/\\\/redamlo.com\\\/#\\\/schema\\\/logo\\\/image\\\/\"}},{\"@type\":\"Person\",\"@id\":\"https:\\\/\\\/redamlo.com\\\/#\\\/schema\\\/person\\\/7223a4375eb8f1a782fcae010a7115cf\",\"name\":\"Blanca\",\"image\":{\"@type\":\"ImageObject\",\"inLanguage\":\"es\",\"@id\":\"https:\\\/\\\/secure.gravatar.com\\\/avatar\\\/3f79bc8336367a4e6093eae8757acaaf61d1124834b905616de7829b0273426d?s=96&d=mm&r=g\",\"url\":\"https:\\\/\\\/secure.gravatar.com\\\/avatar\\\/3f79bc8336367a4e6093eae8757acaaf61d1124834b905616de7829b0273426d?s=96&d=mm&r=g\",\"contentUrl\":\"https:\\\/\\\/secure.gravatar.com\\\/avatar\\\/3f79bc8336367a4e6093eae8757acaaf61d1124834b905616de7829b0273426d?s=96&d=mm&r=g\",\"caption\":\"Blanca\"},\"url\":\"https:\\\/\\\/redamlo.com\\\/index.php\\\/author\\\/blanca\\\/\"}]}<\/script>\n<!-- \/ Yoast SEO plugin. -->","yoast_head_json":{"title":"Gobierno federal mantendr\u00e1 di\u00e1logo para crear \u00c1rea Natural Protegida en sierra de San Miguelito: L\u00f3pez Obrador; se respetar\u00e1 a las comunidades y al ambiente, afirma - NOTICIAS DE LA 4T","robots":{"index":"noindex","follow":"follow","max-snippet":"max-snippet:-1","max-image-preview":"max-image-preview:large","max-video-preview":"max-video-preview:-1"},"og_locale":"es_MX","og_type":"article","og_title":"Gobierno federal mantendr\u00e1 di\u00e1logo para crear \u00c1rea Natural Protegida en sierra de San Miguelito: L\u00f3pez Obrador; se respetar\u00e1 a las comunidades y al ambiente, afirma - NOTICIAS DE LA 4T","og_description":"M\u00c9XICO, 28 de julio de 2021.- El Gobierno de la Cuarta Transformaci\u00f3n garantiza el derecho...","og_url":"https:\/\/redamlo.com\/index.php\/2021\/07\/28\/gobierno-federal-mantendra-dialogo-para-crear-area-natural-protegida-en-sierra-de-san-miguelito-lopez-obrador-se-respetara-a-las-comunidades-y-al-ambiente-afirma\/","og_site_name":"NOTICIAS DE LA 4T","article_published_time":"2021-07-28T12:00:33+00:00","og_image":[{"width":1496,"height":878,"url":"https:\/\/redamlo.com\/wp-content\/uploads\/2021\/08\/Gobierno-federal-mantendra-dialogo-para-crear-Area-Natural-Protegida-en-sierra-de-San-Miguelito-Lopez-Obrador-se-respetara-a-las-comunidades-y-al-ambiente-afirma.jpg","type":"image\/jpeg"}],"author":"Blanca","twitter_card":"summary_large_image","twitter_misc":{"Escrito por":"Blanca","Tiempo de lectura":"2 minutos"},"schema":{"@context":"https:\/\/schema.org","@graph":[{"@type":"Article","@id":"https:\/\/redamlo.com\/index.php\/2021\/07\/28\/gobierno-federal-mantendra-dialogo-para-crear-area-natural-protegida-en-sierra-de-san-miguelito-lopez-obrador-se-respetara-a-las-comunidades-y-al-ambiente-afirma\/#article","isPartOf":{"@id":"https:\/\/redamlo.com\/index.php\/2021\/07\/28\/gobierno-federal-mantendra-dialogo-para-crear-area-natural-protegida-en-sierra-de-san-miguelito-lopez-obrador-se-respetara-a-las-comunidades-y-al-ambiente-afirma\/"},"author":{"name":"Blanca","@id":"https:\/\/redamlo.com\/#\/schema\/person\/7223a4375eb8f1a782fcae010a7115cf"},"headline":"Gobierno federal mantendr\u00e1 di\u00e1logo para crear \u00c1rea Natural Protegida en sierra de San Miguelito: L\u00f3pez Obrador; se respetar\u00e1 a las comunidades y al ambiente, afirma","datePublished":"2021-07-28T12:00:33+00:00","mainEntityOfPage":{"@id":"https:\/\/redamlo.com\/index.php\/2021\/07\/28\/gobierno-federal-mantendra-dialogo-para-crear-area-natural-protegida-en-sierra-de-san-miguelito-lopez-obrador-se-respetara-a-las-comunidades-y-al-ambiente-afirma\/"},"wordCount":500,"commentCount":0,"publisher":{"@id":"https:\/\/redamlo.com\/#organization"},"image":{"@id":"https:\/\/redamlo.com\/index.php\/2021\/07\/28\/gobierno-federal-mantendra-dialogo-para-crear-area-natural-protegida-en-sierra-de-san-miguelito-lopez-obrador-se-respetara-a-las-comunidades-y-al-ambiente-afirma\/#primaryimage"},"thumbnailUrl":"https:\/\/redamlo.com\/wp-content\/uploads\/2021\/08\/Gobierno-federal-mantendra-dialogo-para-crear-Area-Natural-Protegida-en-sierra-de-San-Miguelito-Lopez-Obrador-se-respetara-a-las-comunidades-y-al-ambiente-afirma.jpg","keywords":["AMLO","Andr\u00e9s Manuel L\u00f3pez Obrador","\u00c1rea Natural Protegida","Cuarta Transformaci\u00f3n","Gobierno de M\u00e9xico","M\u00e9xico","sierra de San Miguelito"],"articleSection":["4T","Nacionales","Presidencia"],"inLanguage":"es","potentialAction":[{"@type":"CommentAction","name":"Comment","target":["https:\/\/redamlo.com\/index.php\/2021\/07\/28\/gobierno-federal-mantendra-dialogo-para-crear-area-natural-protegida-en-sierra-de-san-miguelito-lopez-obrador-se-respetara-a-las-comunidades-y-al-ambiente-afirma\/#respond"]}]},{"@type":"WebPage","@id":"https:\/\/redamlo.com\/index.php\/2021\/07\/28\/gobierno-federal-mantendra-dialogo-para-crear-area-natural-protegida-en-sierra-de-san-miguelito-lopez-obrador-se-respetara-a-las-comunidades-y-al-ambiente-afirma\/","url":"https:\/\/redamlo.com\/index.php\/2021\/07\/28\/gobierno-federal-mantendra-dialogo-para-crear-area-natural-protegida-en-sierra-de-san-miguelito-lopez-obrador-se-respetara-a-las-comunidades-y-al-ambiente-afirma\/","name":"Gobierno federal mantendr\u00e1 di\u00e1logo para crear \u00c1rea Natural Protegida en sierra de San Miguelito: L\u00f3pez Obrador; se respetar\u00e1 a las comunidades y al ambiente, afirma - NOTICIAS DE LA 4T","isPartOf":{"@id":"https:\/\/redamlo.com\/#website"},"primaryImageOfPage":{"@id":"https:\/\/redamlo.com\/index.php\/2021\/07\/28\/gobierno-federal-mantendra-dialogo-para-crear-area-natural-protegida-en-sierra-de-san-miguelito-lopez-obrador-se-respetara-a-las-comunidades-y-al-ambiente-afirma\/#primaryimage"},"image":{"@id":"https:\/\/redamlo.com\/index.php\/2021\/07\/28\/gobierno-federal-mantendra-dialogo-para-crear-area-natural-protegida-en-sierra-de-san-miguelito-lopez-obrador-se-respetara-a-las-comunidades-y-al-ambiente-afirma\/#primaryimage"},"thumbnailUrl":"https:\/\/redamlo.com\/wp-content\/uploads\/2021\/08\/Gobierno-federal-mantendra-dialogo-para-crear-Area-Natural-Protegida-en-sierra-de-San-Miguelito-Lopez-Obrador-se-respetara-a-las-comunidades-y-al-ambiente-afirma.jpg","datePublished":"2021-07-28T12:00:33+00:00","breadcrumb":{"@id":"https:\/\/redamlo.com\/index.php\/2021\/07\/28\/gobierno-federal-mantendra-dialogo-para-crear-area-natural-protegida-en-sierra-de-san-miguelito-lopez-obrador-se-respetara-a-las-comunidades-y-al-ambiente-afirma\/#breadcrumb"},"inLanguage":"es","potentialAction":[{"@type":"ReadAction","target":["https:\/\/redamlo.com\/index.php\/2021\/07\/28\/gobierno-federal-mantendra-dialogo-para-crear-area-natural-protegida-en-sierra-de-san-miguelito-lopez-obrador-se-respetara-a-las-comunidades-y-al-ambiente-afirma\/"]}]},{"@type":"ImageObject","inLanguage":"es","@id":"https:\/\/redamlo.com\/index.php\/2021\/07\/28\/gobierno-federal-mantendra-dialogo-para-crear-area-natural-protegida-en-sierra-de-san-miguelito-lopez-obrador-se-respetara-a-las-comunidades-y-al-ambiente-afirma\/#primaryimage","url":"https:\/\/redamlo.com\/wp-content\/uploads\/2021\/08\/Gobierno-federal-mantendra-dialogo-para-crear-Area-Natural-Protegida-en-sierra-de-San-Miguelito-Lopez-Obrador-se-respetara-a-las-comunidades-y-al-ambiente-afirma.jpg","contentUrl":"https:\/\/redamlo.com\/wp-content\/uploads\/2021\/08\/Gobierno-federal-mantendra-dialogo-para-crear-Area-Natural-Protegida-en-sierra-de-San-Miguelito-Lopez-Obrador-se-respetara-a-las-comunidades-y-al-ambiente-afirma.jpg","width":1496,"height":878},{"@type":"BreadcrumbList","@id":"https:\/\/redamlo.com\/index.php\/2021\/07\/28\/gobierno-federal-mantendra-dialogo-para-crear-area-natural-protegida-en-sierra-de-san-miguelito-lopez-obrador-se-respetara-a-las-comunidades-y-al-ambiente-afirma\/#breadcrumb","itemListElement":[{"@type":"ListItem","position":1,"name":"Inicio","item":"https:\/\/redamlo.com\/"},{"@type":"ListItem","position":2,"name":"Gobierno federal mantendr\u00e1 di\u00e1logo para crear \u00c1rea Natural Protegida en sierra de San Miguelito: L\u00f3pez Obrador; se respetar\u00e1 a las comunidades y al ambiente, afirma"}]},{"@type":"WebSite","@id":"https:\/\/redamlo.com\/#website","url":"https:\/\/redamlo.com\/","name":"NOTICIAS DE LA 4T","description":"","publisher":{"@id":"https:\/\/redamlo.com\/#organization"},"potentialAction":[{"@type":"SearchAction","target":{"@type":"EntryPoint","urlTemplate":"https:\/\/redamlo.com\/?s={search_term_string}"},"query-input":{"@type":"PropertyValueSpecification","valueRequired":true,"valueName":"search_term_string"}}],"inLanguage":"es"},{"@type":"Organization","@id":"https:\/\/redamlo.com\/#organization","name":"NOTICIAS DE LA 4T","url":"https:\/\/redamlo.com\/","logo":{"@type":"ImageObject","inLanguage":"es","@id":"https:\/\/redamlo.com\/#\/schema\/logo\/image\/","url":"https:\/\/redamlo.com\/wp-content\/uploads\/2024\/08\/cropped-RED-AMLO-logo-50.png","contentUrl":"https:\/\/redamlo.com\/wp-content\/uploads\/2024\/08\/cropped-RED-AMLO-logo-50.png","width":256,"height":256,"caption":"NOTICIAS DE LA 4T"},"image":{"@id":"https:\/\/redamlo.com\/#\/schema\/logo\/image\/"}},{"@type":"Person","@id":"https:\/\/redamlo.com\/#\/schema\/person\/7223a4375eb8f1a782fcae010a7115cf","name":"Blanca","image":{"@type":"ImageObject","inLanguage":"es","@id":"https:\/\/secure.gravatar.com\/avatar\/3f79bc8336367a4e6093eae8757acaaf61d1124834b905616de7829b0273426d?s=96&d=mm&r=g","url":"https:\/\/secure.gravatar.com\/avatar\/3f79bc8336367a4e6093eae8757acaaf61d1124834b905616de7829b0273426d?s=96&d=mm&r=g","contentUrl":"https:\/\/secure.gravatar.com\/avatar\/3f79bc8336367a4e6093eae8757acaaf61d1124834b905616de7829b0273426d?s=96&d=mm&r=g","caption":"Blanca"},"url":"https:\/\/redamlo.com\/index.php\/author\/blanca\/"}]}},"_links":{"self":[{"href":"https:\/\/redamlo.com\/index.php\/wp-json\/wp\/v2\/posts\/5083","targetHints":{"allow":["GET"]}}],"collection":[{"href":"https:\/\/redamlo.com\/index.php\/wp-json\/wp\/v2\/posts"}],"about":[{"href":"https:\/\/redamlo.com\/index.php\/wp-json\/wp\/v2\/types\/post"}],"author":[{"embeddable":true,"href":"https:\/\/redamlo.com\/index.php\/wp-json\/wp\/v2\/users\/2"}],"replies":[{"embeddable":true,"href":"https:\/\/redamlo.com\/index.php\/wp-json\/wp\/v2\/comments?post=5083"}],"version-history":[{"count":0,"href":"https:\/\/redamlo.com\/index.php\/wp-json\/wp\/v2\/posts\/5083\/revisions"}],"wp:featuredmedia":[{"embeddable":true,"href":"https:\/\/redamlo.com\/index.php\/wp-json\/wp\/v2\/media\/5086"}],"wp:attachment":[{"href":"https:\/\/redamlo.com\/index.php\/wp-json\/wp\/v2\/media?parent=5083"}],"wp:term":[{"taxonomy":"category","embeddable":true,"href":"https:\/\/redamlo.com\/index.php\/wp-json\/wp\/v2\/categories?post=5083"},{"taxonomy":"post_tag","embeddable":true,"href":"https:\/\/redamlo.com\/index.php\/wp-json\/wp\/v2\/tags?post=5083"}],"curies":[{"name":"wp","href":"https:\/\/api.w.org\/{rel}","templated":true}]}}