{"id":5040,"date":"2021-07-24T12:00:13","date_gmt":"2021-07-24T12:00:13","guid":{"rendered":"https:\/\/redamlo.com\/?p=5040"},"modified":"2021-07-24T12:00:13","modified_gmt":"2021-07-24T12:00:13","slug":"discurso-del-presidente-de-mexico-andres-manuel-lopez-obrador-en-el-238-aniversario-del-natalicio-de-simon-bolivar-desde-el-castillo-de-chapultepec","status":"publish","type":"post","link":"https:\/\/redamlo.com\/index.php\/2021\/07\/24\/discurso-del-presidente-de-mexico-andres-manuel-lopez-obrador-en-el-238-aniversario-del-natalicio-de-simon-bolivar-desde-el-castillo-de-chapultepec\/","title":{"rendered":"Discurso del presidente de M\u00e9xico, Andr\u00e9s Manuel L\u00f3pez Obrador en el 238 Aniversario del Natalicio de Sim\u00f3n Bol\u00edvar, desde el Castillo de Chapultepec"},"content":{"rendered":"<p style=\"text-align: center;\"><span style=\"font-family: Arial, Helvetica, sans-serif; color: #000000;\">CASTILLO CHAPULTEPEC, CIUDAD DE M\u00c9XICO, 24 de julio de 2021<\/span><\/p>\n<p style=\"text-align: justify;\"><span style=\"font-family: Arial, Helvetica, sans-serif; color: #000000;\">Respetables cancilleres y representantes de pa\u00edses hermanos de nuestra Am\u00e9rica:<\/span><\/p>\n<p style=\"text-align: justify;\"><span style=\"font-family: Arial, Helvetica, sans-serif; color: #000000;\">Agradezco la presencia de Isabel Allende, gran escritora chilena que nos acompa\u00f1a en este acto para homenajear al Libertador Sim\u00f3n Bol\u00edvar, recrear su proyecto de unidad entre los pueblos de Am\u00e9rica Latina y el Caribe, y apoyarnos en la historia para enfrentar mejor el presente y el porvenir.<\/span><\/p>\n<p style=\"text-align: justify;\"><span style=\"font-family: Arial, Helvetica, sans-serif; color: #000000;\">Amigas y amigos todos,<\/span><\/p>\n<p style=\"text-align: justify;\"><span style=\"font-family: Arial, Helvetica, sans-serif; color: #000000;\">Nacido en 1783, exactamente 30 a\u00f1os despu\u00e9s que Miguel Hidalgo, Sim\u00f3n Bol\u00edvar decidi\u00f3 desde muy joven luchar por causas grandes, nobles y justas. Como el propio Hidalgo y como Jos\u00e9 Mar\u00eda Morelos y Pav\u00f3n, los padres de nuestra patria, el libertador Bol\u00edvar reun\u00eda virtudes excepcionales.<\/span><\/p>\n<p style=\"text-align: justify;\"><span style=\"font-family: Arial, Helvetica, sans-serif; color: #000000;\">Sim\u00f3n Bol\u00edvar es un vivo ejemplo de c\u00f3mo una buena formaci\u00f3n humanista puede sobreponerse a la indiferencia o a la comodidad de quienes provienen de cuna fina. Bol\u00edvar pertenec\u00eda a una familia acomodada, de hacendados, pero desde ni\u00f1o fue educado por Sim\u00f3n Rodr\u00edguez, un pedagogo y reformador social que lo acompa\u00f1\u00f3 en su formaci\u00f3n hasta que alcanz\u00f3 un elevado grado de madurez intelectual y de conciencia.<\/span><\/p>\n<p style=\"text-align: justify;\"><span style=\"font-family: Arial, Helvetica, sans-serif; color: #000000;\">En 1805, con apenas 22 a\u00f1os, en el Monte Sacro de Roma \u201cjura en presencia de su maestro y tocayo no dar descanso a su brazo ni reposo a su alma hasta que haya logrado libertar al mundo hispanoamericano de la tutela espa\u00f1ola\u201d.<\/span><\/p>\n<p style=\"text-align: justify;\"><span style=\"font-family: Arial, Helvetica, sans-serif; color: #000000;\">Al igual que su padre, ten\u00eda vocaci\u00f3n militar, pero al mismo tiempo era un hombre ilustrado y como sol\u00eda decirse, de mundo, pues viaj\u00f3 mucho por Europa; vivi\u00f3 o visit\u00f3 Espa\u00f1a, Francia, Italia, Inglaterra; hablaba franc\u00e9s, sab\u00eda de matem\u00e1ticas, de historia, de literatura, pero no s\u00f3lo era un hombre de pensamiento era tambi\u00e9n un hombre de acci\u00f3n.<\/span><\/p>\n<p style=\"text-align: justify;\"><span style=\"font-family: Arial, Helvetica, sans-serif; color: #000000;\">Conoc\u00eda el arte de la guerra y era al mismo tiempo un pol\u00edtico con vocaci\u00f3n y voluntad transformadora: sab\u00eda de la importancia del discurso, de la fuerza de las ideas, de la eficacia de las proclamas y era consciente de la gran utilidad del periodismo y la imprenta como instrumentos de lucha. Conoc\u00eda el efecto que causaba la promulgaci\u00f3n de leyes en beneficio del pueblo y, sobre todo, valoraba la importancia de no rendirse, de la perseverancia y de no perder nunca la fe en el triunfo de la causa por la que se lucha en bien de los dem\u00e1s.<\/span><\/p>\n<p style=\"text-align: justify;\"><span style=\"font-family: Arial, Helvetica, sans-serif; color: #000000;\">En 1811, Bol\u00edvar se incorpora al ej\u00e9rcito anticolonialista, bajo las \u00f3rdenes de Francisco de Miranda, precursor del Movimiento Independentista. Poco despu\u00e9s, ante titubeos de este militar, Bol\u00edvar toma el mando de las tropas y en 1813 inicia la liberaci\u00f3n de Venezuela; poco antes, como escribe Manuel P\u00e9rez Vila, uno de sus bi\u00f3grafos, los pueblos lo empezaron a llamar Libertador, \u201ct\u00edtulo que le confieren solemnemente, en octubre de 1813, la municipalidad y el pueblo de Caracas, y con el cual habr\u00eda de pasar a la historia\u201d.<\/span><\/p>\n<p style=\"text-align: justify;\"><span style=\"font-family: Arial, Helvetica, sans-serif; color: #000000;\">En su lucha incansable por los caminos y los mares de Am\u00e9rica se entrelazan triunfos y derrotas; su campa\u00f1a militar lo lleva a refugiarse en Jamaica y en Hait\u00ed; de este pueblo, de Hait\u00ed, y de su gobierno recibe en dos ocasiones apoyo para sus campa\u00f1as, algo verdaderamente excepcional y un ejemplo de solidaridad y hermandad latinoamericana.<\/span><\/p>\n<p style=\"text-align: justify;\"><span style=\"font-family: Arial, Helvetica, sans-serif; color: #000000;\">En 1819 entra triunfante a Bogot\u00e1 y poco despu\u00e9s se expide la Ley Fundamental de la Rep\u00fablica de Colombia. Este gran estado, la gran Colombia, creaci\u00f3n del Libertador, comprend\u00eda las actuales rep\u00fablicas de Venezuela, Colombia, Ecuador y Panam\u00e1.<\/span><\/p>\n<p style=\"text-align: justify;\"><span style=\"font-family: Arial, Helvetica, sans-serif; color: #000000;\">No todo fue f\u00e1cil en su lucha: perdi\u00f3 batallas, enfrent\u00f3 traiciones y, como en todo movimiento transformador o revolucionario, aparecieron las divisiones internas que pueden llegar a hacer hasta m\u00e1s que las contiendas contra los verdaderos adversarios.<\/span><\/p>\n<p style=\"text-align: justify;\"><span style=\"font-family: Arial, Helvetica, sans-serif; color: #000000;\">En la lucha para liberar a los pueblos de nuestra Am\u00e9rica, Bol\u00edvar cont\u00f3 con el gran apoyo del general Antonio Jos\u00e9 de Sucre y en 1822 se encontr\u00f3, en Guayaquil, Ecuador con el general Jos\u00e9 de San Mart\u00edn, otro ilustre tit\u00e1n de la independencia sudamericana.<\/span><\/p>\n<p style=\"text-align: justify;\"><span style=\"font-family: Arial, Helvetica, sans-serif; color: #000000;\">En ese entonces se constituy\u00f3 la \u201cRep\u00fablica Bol\u00edvar\u201d hoy Bolivia, y se consuma la independencia de Per\u00fa. Por cierto, en la costa de este pa\u00eds, a principios de 1824, Bol\u00edvar se enferma y a pesar de las malas noticias, por traiciones y derrotas, se cuenta que desde el butaque, la silla donde estaba sentado surgi\u00f3 la famosa exclamaci\u00f3n: \u201c\u00a1Triunfar!\u201d. Esta an\u00e9cdota la hizo poes\u00eda el maestro Carlos Pellicer, quien lo admiraba con intensidad y vocaci\u00f3n; dice el verso:<\/span><\/p>\n<p style=\"text-align: center;\"><span style=\"font-family: Arial, Helvetica, sans-serif; color: #000000;\">Se\u00f1or don Joaqu\u00edn Mosquera<\/span><\/p>\n<p style=\"text-align: center;\"><span style=\"font-family: Arial, Helvetica, sans-serif; color: #000000;\">de cierta villa, llegaba.<\/span><\/p>\n<p style=\"text-align: center;\"><span style=\"font-family: Arial, Helvetica, sans-serif; color: #000000;\">Ape\u00f3se de su mula<\/span><\/p>\n<p style=\"text-align: center;\"><span style=\"font-family: Arial, Helvetica, sans-serif; color: #000000;\">y al Libertador buscara.<\/span><\/p>\n<p style=\"text-align: center;\"><span style=\"font-family: Arial, Helvetica, sans-serif; color: #000000;\">Vieja silla de baqueta<\/span><\/p>\n<p style=\"text-align: center;\"><span style=\"font-family: Arial, Helvetica, sans-serif; color: #000000;\">en la pared reclinada<\/span><\/p>\n<p style=\"text-align: center;\"><span style=\"font-family: Arial, Helvetica, sans-serif; color: #000000;\">de una miserable casa;<\/span><\/p>\n<p style=\"text-align: center;\"><span style=\"font-family: Arial, Helvetica, sans-serif; color: #000000;\">sobre de ella el cuerpo triste<\/span><\/p>\n<p style=\"text-align: center;\"><span style=\"font-family: Arial, Helvetica, sans-serif; color: #000000;\">de Bol\u00edvar descansaba.<\/span><\/p>\n<p style=\"text-align: center;\"><span style=\"font-family: Arial, Helvetica, sans-serif; color: #000000;\">Abraz\u00f3le don Joaqu\u00edn<\/span><\/p>\n<p style=\"text-align: center;\"><span style=\"font-family: Arial, Helvetica, sans-serif; color: #000000;\">con muy corteses palabras.<\/span><\/p>\n<p style=\"text-align: center;\"><span style=\"font-family: Arial, Helvetica, sans-serif; color: #000000;\">El h\u00e9roe del Mundo Nuevo<\/span><\/p>\n<p style=\"text-align: center;\"><span style=\"font-family: Arial, Helvetica, sans-serif; color: #000000;\">apenas si contestaba.<\/span><\/p>\n<p style=\"text-align: center;\"><span style=\"font-family: Arial, Helvetica, sans-serif; color: #000000;\">Luego que el se\u00f1or Mosquera<\/span><\/p>\n<p style=\"text-align: center;\"><span style=\"font-family: Arial, Helvetica, sans-serif; color: #000000;\">las penas enumerara,<\/span><\/p>\n<p style=\"text-align: center;\"><span style=\"font-family: Arial, Helvetica, sans-serif; color: #000000;\">le pregunt\u00f3 a don Sim\u00f3n:<\/span><\/p>\n<p style=\"text-align: center;\"><span style=\"font-family: Arial, Helvetica, sans-serif; color: #000000;\">\u201cY ahora, \u00bfqu\u00e9 va ust\u00e9 a hacer?\u201d<\/span><\/p>\n<p style=\"text-align: center;\"><span style=\"font-family: Arial, Helvetica, sans-serif; color: #000000;\">\u201c\u00a1Triunfar!\u201d El Libertador<\/span><\/p>\n<p style=\"text-align: center;\"><span style=\"font-family: Arial, Helvetica, sans-serif; color: #000000;\">respondi\u00f3 con loca fe.<\/span><\/p>\n<p style=\"text-align: center;\"><span style=\"font-family: Arial, Helvetica, sans-serif; color: #000000;\">Y fue s\u00f3lido silencio<\/span><\/p>\n<p style=\"text-align: center;\"><span style=\"font-family: Arial, Helvetica, sans-serif; color: #000000;\">de admiraci\u00f3n y de espanto\u2026<\/span><\/p>\n<p style=\"text-align: justify;\"><span style=\"font-family: Arial, Helvetica, sans-serif; color: #000000;\">Luego de este aciago momento, el Libertador vivi\u00f3 muchos otros de igual desdicha; el \u00faltimo tramo de su existencia est\u00e1 marcado por las constantes divisiones en las filas liberales, que llevaran incluso a que, en v\u00edsperas de su muerte, Venezuela se proclamara estado independiente de la Gran Colombia. El 17 de diciembre de 1830, el gran libertador Sim\u00f3n Bol\u00edvar cerr\u00f3 los ojos y ya no despert\u00f3.<\/span><\/p>\n<p style=\"text-align: justify;\"><span style=\"font-family: Arial, Helvetica, sans-serif; color: #000000;\">Pero como los grandes hombres, cierran los ojos y se quedan velando, no se mueren del todo.<\/span><\/p>\n<p style=\"text-align: justify;\"><span style=\"font-family: Arial, Helvetica, sans-serif; color: #000000;\">La lucha por la integridad de los pueblos de nuestra Am\u00e9rica sigue siendo un bello ideal. No ha sido f\u00e1cil volver realidad ese hermoso prop\u00f3sito. Sus obst\u00e1culos principales han sido el movimiento conservador de las naciones de Am\u00e9rica, las rupturas en las filas del movimiento liberal y el predominio de Estados Unidos en el continente. No olvidemos que casi al mismo tiempo que nuestros pa\u00edses se fueron independizando de Espa\u00f1a y de otras naciones europeas, fue emergiendo en este continente la nueva metr\u00f3poli de dominaci\u00f3n hegem\u00f3nica.<\/span><\/p>\n<p style=\"text-align: justify;\"><span style=\"font-family: Arial, Helvetica, sans-serif; color: #000000;\">Durante el dif\u00edcil periodo de las guerras de independencia, inaugurado por lo general alrededor de 1810, los gobernantes estadounidenses, con \u00f3ptica enteramente pragm\u00e1tica, siguieron los acontecimientos con sigiloso inter\u00e9s. Estados Unidos maniobr\u00f3 en diferentes tiempos conforme a un juego unilateral: cautela extrema al principio, para no irritar a Espa\u00f1a, Gran Breta\u00f1a, la Santa Alianza, sin obstaculizar la descolonizaci\u00f3n, que por momentos se ve\u00eda dudosa; sin embargo, hacia 1822, Washington inici\u00f3 el reconocimiento r\u00e1pido de las independencias logradas a fin de cerrar el paso al intervencionismo extracontinental, y en 1823, al fin, una pol\u00edtica definida.<\/span><\/p>\n<p style=\"text-align: justify;\"><span style=\"font-family: Arial, Helvetica, sans-serif; color: #000000;\">En octubre, Jefferson, progenitor de la Declaraci\u00f3n de Independencia y convertido para entonces en una especie de or\u00e1culo, dio respuesta por carta a una consulta que sobre la materia le hiciera el presidente \u00a0Monroe. En un p\u00e1rrafo significativo, Jefferson dice: \u201cNuestra primera y fundamental m\u00e1xima deber\u00eda ser la de jam\u00e1s mezclarnos en los embrollos de Europa. La segunda, nunca permitir que Europa se inmiscuya en los asuntos de este lado del Atl\u00e1ntico\u201d. En diciembre, Monroe pronunci\u00f3 el famoso discurso en el que qued\u00f3 delineada la doctrina que lleva su nombre.<\/span><\/p>\n<p style=\"text-align: justify;\"><span style=\"font-family: Arial, Helvetica, sans-serif; color: #000000;\">La consigna de \u201cAm\u00e9rica para los americanos\u201d termin\u00f3 de desintegrar a los pueblos de nuestro continente y destruir lo edificado, lo material, por Bol\u00edvar. A lo largo de casi todo el siglo XIX se padeci\u00f3 de constantes ocupaciones, desembarcos, anexiones y a nosotros nos cost\u00f3 la p\u00e9rdida de la mitad de nuestro territorio, con el gran zarpazo de 1848.<\/span><\/p>\n<p style=\"text-align: justify;\"><span style=\"font-family: Arial, Helvetica, sans-serif; color: #000000;\">Esta expansi\u00f3n territorial y b\u00e9lica de Estados Unidos se consagra cuando cae Cuba, el \u00faltimo basti\u00f3n de Espa\u00f1a en Am\u00e9rica, en 1898, con el sospechoso hundimiento del acorazado Maine en La Habana, que da lugar a la enmienda Platt y a la ocupaci\u00f3n de Guant\u00e1namo; es decir, para entonces Estados Unidos hab\u00eda terminado de definir su espacio f\u00edsico-vital en toda Am\u00e9rica.<\/span><\/p>\n<p style=\"text-align: justify;\"><span style=\"font-family: Arial, Helvetica, sans-serif; color: #000000;\">Desde aquel tiempo, Washington nunca ha dejado de realizar operaciones abiertas o encubiertas contra los pa\u00edses independientes situados al sur del R\u00edo Bravo. La influencia de la pol\u00edtica exterior de Estados Unidos es predominante en Am\u00e9rica. Solo existe un caso especial, el de Cuba, el pa\u00eds que durante m\u00e1s de medio siglo ha hecho valer su independencia enfrentando pol\u00edticamente a los Estados Unidos. Podemos estar de acuerdo o no con la Revoluci\u00f3n Cubana y con su gobierno, pero el haber resistido 62 a\u00f1os sin sometimiento, es toda una haza\u00f1a. Puede que mis palabras provoquen enojo en algunos o en muchos, pero como dice la canci\u00f3n de Ren\u00e9 P\u00e9rez Joglar de Calle 13: \u201cyo siempre digo lo que pienso\u201d.<\/span><\/p>\n<p style=\"text-align: justify;\"><span style=\"font-family: Arial, Helvetica, sans-serif; color: #000000;\">En consecuencia, creo que, por su lucha en defensa de la soberan\u00eda de su pa\u00eds, el pueblo de Cuba, merece el premio de la dignidad y esa isla debe ser considerada como la nueva Numancia por su ejemplo de resistencia, y pienso que por esa misma raz\u00f3n debiera ser declarada patrimonio de la humanidad.<\/span><\/p>\n<p style=\"text-align: justify;\"><span style=\"font-family: Arial, Helvetica, sans-serif; color: #000000;\">Pero tambi\u00e9n sostengo que ya es momento de una nueva convivencia entre todos los pa\u00edses de Am\u00e9rica, porque el modelo impuesto hace m\u00e1s de dos siglos est\u00e1 agotado, no tiene futuro ni salida, \u00a0ya no beneficia a nadie. Hay que hacer a un lado la disyuntiva de integrarnos a Estados Unidos o de oponernos en forma defensiva.<\/span><\/p>\n<p style=\"text-align: justify;\"><span style=\"font-family: Arial, Helvetica, sans-serif; color: #000000;\">Es tiempo de expresar y de explorar otra opci\u00f3n: la de dialogar con los gobernantes estadounidenses y convencerlos y persuadirlos de que una nueva relaci\u00f3n entre los pa\u00edses de Am\u00e9rica es posible.<\/span><\/p>\n<p style=\"text-align: justify;\"><span style=\"font-family: Arial, Helvetica, sans-serif; color: #000000;\">Considero que en la actualidad hay condiciones inmejorables para alcanzar este prop\u00f3sito de respetarnos y caminar juntos sin que nadie se quede atr\u00e1s.<\/span><\/p>\n<p style=\"text-align: justify;\"><span style=\"font-family: Arial, Helvetica, sans-serif; color: #000000;\">En este af\u00e1n puede que ayude nuestra experiencia de integraci\u00f3n econ\u00f3mica con respeto a nuestra soberan\u00eda, que hemos puesto en pr\u00e1ctica en la concepci\u00f3n y aplicaci\u00f3n del Tratado econ\u00f3mico y comercial con Estados Unidos y Canad\u00e1.<\/span><\/p>\n<p style=\"text-align: justify;\"><span style=\"font-family: Arial, Helvetica, sans-serif; color: #000000;\">Obviamente, no es poca cosa tener de vecino a una naci\u00f3n como Estados Unidos. Nuestra cercan\u00eda nos obliga a buscar acuerdos y ser\u00eda un grave error ponernos con Sans\u00f3n a las patadas, pero al mismo tiempo tenemos poderosas razones para hacer valer nuestra soberan\u00eda y demostrar con argumentos, sin balandronadas, que no somos un protectorado, una colonia o su patio trasero. Adem\u00e1s, con el paso del tiempo, poco a poco se ha ido aceptando una circunstancia favorable a nuestro pa\u00eds: el crecimiento desmesurado de China ha fortalecido en Estados Unidos la opini\u00f3n de que debemos ser vistos como aliados y no como vecinos distantes.<\/span><\/p>\n<p style=\"text-align: justify;\"><span style=\"font-family: Arial, Helvetica, sans-serif; color: #000000;\">El proceso de integraci\u00f3n se ha venido dando desde 1994, cuando se firm\u00f3 el primer Tratado, que aun incompleto, porque no abord\u00f3 la cuesti\u00f3n laboral, como el de ahora, permiti\u00f3 que se fueran instalando plantas de autopartes del sector automotriz y de otras ramas y se han creado cadenas productivas que nos hacen indispensables mutuamente. Puede decirse que hasta la industria militar de Estados Unidos depende de autopartes que se fabrican en M\u00e9xico. Esto no lo digo con orgullo sino para subrayar la interdependencia existente. Pero hablando de este asunto, como se lo coment\u00e9 al presidente Biden, nosotros preferimos una integraci\u00f3n econ\u00f3mica con dimensi\u00f3n soberana con Estados Unidos y Canad\u00e1, a fin de recuperar lo perdido con respecto a la producci\u00f3n y el comercio con China, que seguirnos debilitando como regi\u00f3n y tener en el Pac\u00edfico un escenario plagado de tensiones b\u00e9licas; para decirlo en otras palabras, nos conviene que Estados Unidos sea fuerte en lo econ\u00f3mico y no s\u00f3lo en lo militar. Lograr este equilibrio y no la hegemon\u00eda de ning\u00fan pa\u00eds, es lo m\u00e1s responsable y lo m\u00e1s conveniente para mantener la paz en bien de las generaciones futuras y de la humanidad.<\/span><\/p>\n<p style=\"text-align: justify;\"><span style=\"font-family: Arial, Helvetica, sans-serif; color: #000000;\">Antes que nada debemos ser realistas y aceptar, como lo plante\u00e9 en el discurso que pronunci\u00e9 en la Casa Blanca en julio del a\u00f1o pasado, que mientras China domina 12.2 por ciento del mercado de exportaci\u00f3n y servicios a nivel mundial, Estados Unidos solo lo hace en 9.5 por ciento; y este desnivel viene de hace apenas 30 a\u00f1os, pues en 1990, la participaci\u00f3n de China era de 1.3 por ciento y la de Estados Unidos de 12.4 por ciento. Imaginemos si esta tendencia de las \u00faltimas tres d\u00e9cadas se mantuviera, y no hay nada que legal o leg\u00edtimamente pueda impedirlo, en otros 30 a\u00f1os, para el 2051, China tendr\u00eda el dominio del 64.8 por ciento del mercado mundial y Estados Unidos entre el 4 y 10 por ciento; lo cual, insisto, adem\u00e1s de una desproporci\u00f3n inaceptable en el terreno econ\u00f3mico, mantendr\u00eda viva la tentaci\u00f3n de apostar a resolver esta disparidad con el uso de la fuerza, lo que nos pondr\u00eda en peligro a todos.<\/span><\/p>\n<p style=\"text-align: justify;\"><span style=\"font-family: Arial, Helvetica, sans-serif; color: #000000;\">Podr\u00eda suponerse de manera simplista que corresponde a cada naci\u00f3n asumir su responsabilidad, pero trat\u00e1ndose de un asunto tan delicado y entra\u00f1able, con respeto al derecho ajeno y a la independencia de cada pa\u00eds, pensamos que lo mejor ser\u00eda fortalecernos econ\u00f3mica y comercialmente en Am\u00e9rica del Norte y en todo el continente. Adem\u00e1s, no veo otra salida; no podemos cerrar nuestras econom\u00edas ni apostar a la aplicaci\u00f3n de aranceles a pa\u00edses exportadores del mundo y mucho menos debemos declarar la guerra comercial a nadie. Pienso que lo mejor es ser eficientes, creativos, fortalecer nuestro mercado regional y competir con cualquier pa\u00eds o con cualquier regi\u00f3n del mundo.<\/span><\/p>\n<p style=\"text-align: justify;\"><span style=\"font-family: Arial, Helvetica, sans-serif; color: #000000;\">Desde luego esto pasa por planear conjuntamente nuestro desarrollo; nada del dejar hacer o dejar pasar. Deben definirse de manera conjunta objetivos muy precisos; por ejemplo, dejar de rechazar a los migrantes, j\u00f3venes en su mayor\u00eda, cuando para crecer se necesita de fuerza de trabajo que, en realidad, no se tiene con suficiencia ni en Estados Unidos ni en Canad\u00e1. \u00bfPor qu\u00e9 no estudiar la demanda de mano de obra y abrir ordenadamente el flujo migratorio? Y en el marco de este nuevo plan de desarrollo conjunto deben considerarse la pol\u00edtica de inversi\u00f3n, lo laboral, la protecci\u00f3n al medio ambiente y otros temas de mutuo inter\u00e9s para nuestras naciones.<\/span><\/p>\n<p style=\"text-align: justify;\"><span style=\"font-family: Arial, Helvetica, sans-serif; color: #000000;\">Es obvio que esto debe implicar cooperaci\u00f3n para el desarrollo y bienestar en todos los pueblos de Am\u00e9rica Latina y el Caribe. Es ya inaceptable la pol\u00edtica de los \u00faltimos dos siglos, caracterizada por invasiones para poner o quitar gobernantes al antojo de la superpotencia; digamos adi\u00f3s a las imposiciones, las injerencias, las sanciones, las exclusiones y los bloqueos.<\/span><\/p>\n<p style=\"text-align: justify;\"><span style=\"font-family: Arial, Helvetica, sans-serif; color: #000000;\">Apliquemos, en cambio, los principios de no intervenci\u00f3n, autodeterminaci\u00f3n de los pueblos y soluci\u00f3n pac\u00edfica de las controversias. Iniciemos en nuestro continente una relaci\u00f3n bajo la premisa de George Washington, seg\u00fan la cual, \u201clas naciones no deben aprovecharse del infortunio de otros pueblos\u201d.<\/span><\/p>\n<p style=\"text-align: justify;\"><span style=\"font-family: Arial, Helvetica, sans-serif; color: #000000;\">Estoy consciente que se trata de un asunto complejo que requiere de una nueva visi\u00f3n pol\u00edtica y econ\u00f3mica: la propuesta es, ni m\u00e1s ni menos, que construir algo semejante a la Uni\u00f3n Europea, pero apegado a nuestra historia, a nuestra realidad y a nuestras identidades. En ese esp\u00edritu, no debe descartarse la sustituci\u00f3n de la OEA por un organismo verdaderamente aut\u00f3nomo, no lacayo de nadie, sino mediador a petici\u00f3n y aceptaci\u00f3n de las partes en conflicto, en asuntos de derechos humanos y de democracia. Es una gran tarea para buenos diplom\u00e1ticos y pol\u00edticos como los que, afortunadamente, existen en todos los pa\u00edses de nuestro continente.<\/span><\/p>\n<p style=\"text-align: justify;\"><span style=\"font-family: Arial, Helvetica, sans-serif; color: #000000;\">Lo aqu\u00ed planteado puede parecer una utop\u00eda; sin embargo, debe considerarse que sin el horizonte de los ideales no se llega a ning\u00fan lado y que, en consecuencia, vale la pena intentarlo.<\/span><\/p>\n<p style=\"text-align: justify;\"><span style=\"font-family: Arial, Helvetica, sans-serif; color: #000000;\">Mantengamos vivo el sue\u00f1o de Bol\u00edvar.<\/span><\/p>\n<p style=\"text-align: justify;\"><span style=\"font-family: Arial, Helvetica, sans-serif; color: #000000;\">Muchas gracias.<\/span><\/p>\n<p><iframe loading=\"lazy\" title=\"238 Aniversario del Natalicio de Sim\u00f3n Bol\u00edvar, desde el Castillo de Chapultepec\" width=\"640\" height=\"360\" src=\"https:\/\/www.youtube.com\/embed\/7KOUBvn1tJ4?feature=oembed\" frameborder=\"0\" allow=\"accelerometer; autoplay; clipboard-write; encrypted-media; gyroscope; picture-in-picture; web-share\" referrerpolicy=\"strict-origin-when-cross-origin\" allowfullscreen><\/iframe><\/p>\n","protected":false},"excerpt":{"rendered":"<p>CASTILLO CHAPULTEPEC, CIUDAD DE M\u00c9XICO, 24 de julio de 2021 Respetables cancilleres y representantes de&#8230;<\/p>\n","protected":false},"author":2,"featured_media":5043,"comment_status":"open","ping_status":"closed","sticky":false,"template":"","format":"standard","meta":{"footnotes":""},"categories":[25,20,27],"tags":[1225,84,131,1226,556,1227,9,1228,1229],"class_list":["post-5040","post","type-post","status-publish","format-standard","has-post-thumbnail","hentry","category-4t","category-nacionales","category-presidencia","tag-238-aniversario","tag-amlo","tag-andres-manuel-lopez-obrador","tag-castillo-de-chapultepec","tag-gobierno-de-mexico","tag-libertador","tag-mexico","tag-natalicio","tag-simon-bolivar"],"yoast_head":"<!-- This site is optimized with the Yoast SEO plugin v27.5 - https:\/\/yoast.com\/product\/yoast-seo-wordpress\/ -->\n<title>Discurso del presidente de M\u00e9xico, Andr\u00e9s Manuel L\u00f3pez Obrador en el 238 Aniversario del Natalicio de Sim\u00f3n Bol\u00edvar, desde el Castillo de Chapultepec - NOTICIAS DE LA 4T<\/title>\n<meta name=\"robots\" content=\"noindex, follow, max-snippet:-1, max-image-preview:large, max-video-preview:-1\" \/>\n<meta property=\"og:locale\" content=\"es_MX\" \/>\n<meta property=\"og:type\" content=\"article\" \/>\n<meta property=\"og:title\" content=\"Discurso del presidente de M\u00e9xico, Andr\u00e9s Manuel L\u00f3pez Obrador en el 238 Aniversario del Natalicio de Sim\u00f3n Bol\u00edvar, desde el Castillo de Chapultepec - NOTICIAS DE LA 4T\" \/>\n<meta property=\"og:description\" content=\"CASTILLO CHAPULTEPEC, CIUDAD DE M\u00c9XICO, 24 de julio de 2021 Respetables cancilleres y representantes de...\" \/>\n<meta property=\"og:url\" content=\"https:\/\/redamlo.com\/index.php\/2021\/07\/24\/discurso-del-presidente-de-mexico-andres-manuel-lopez-obrador-en-el-238-aniversario-del-natalicio-de-simon-bolivar-desde-el-castillo-de-chapultepec\/\" \/>\n<meta property=\"og:site_name\" content=\"NOTICIAS DE LA 4T\" \/>\n<meta property=\"article:published_time\" content=\"2021-07-24T12:00:13+00:00\" \/>\n<meta property=\"og:image\" content=\"https:\/\/redamlo.com\/wp-content\/uploads\/2021\/07\/Discurso-del-presidente-de-Mexico-Andres-Manuel-Lopez-Obrador-en-el-238-Aniversario-del-Natalicio-de-Simon-Bolivar-desde-el-Castillo-de-Chapultepec.jpg\" \/>\n\t<meta property=\"og:image:width\" content=\"998\" \/>\n\t<meta property=\"og:image:height\" content=\"475\" \/>\n\t<meta property=\"og:image:type\" content=\"image\/jpeg\" \/>\n<meta name=\"author\" content=\"Blanca\" \/>\n<meta name=\"twitter:card\" content=\"summary_large_image\" \/>\n<meta name=\"twitter:label1\" content=\"Escrito por\" \/>\n\t<meta name=\"twitter:data1\" content=\"Blanca\" \/>\n\t<meta name=\"twitter:label2\" content=\"Tiempo de lectura\" \/>\n\t<meta name=\"twitter:data2\" content=\"14 minutos\" \/>\n<script type=\"application\/ld+json\" class=\"yoast-schema-graph\">{\"@context\":\"https:\\\/\\\/schema.org\",\"@graph\":[{\"@type\":\"Article\",\"@id\":\"https:\\\/\\\/redamlo.com\\\/index.php\\\/2021\\\/07\\\/24\\\/discurso-del-presidente-de-mexico-andres-manuel-lopez-obrador-en-el-238-aniversario-del-natalicio-de-simon-bolivar-desde-el-castillo-de-chapultepec\\\/#article\",\"isPartOf\":{\"@id\":\"https:\\\/\\\/redamlo.com\\\/index.php\\\/2021\\\/07\\\/24\\\/discurso-del-presidente-de-mexico-andres-manuel-lopez-obrador-en-el-238-aniversario-del-natalicio-de-simon-bolivar-desde-el-castillo-de-chapultepec\\\/\"},\"author\":{\"name\":\"Blanca\",\"@id\":\"https:\\\/\\\/redamlo.com\\\/#\\\/schema\\\/person\\\/7223a4375eb8f1a782fcae010a7115cf\"},\"headline\":\"Discurso del presidente de M\u00e9xico, Andr\u00e9s Manuel L\u00f3pez Obrador en el 238 Aniversario del Natalicio de Sim\u00f3n Bol\u00edvar, desde el Castillo de Chapultepec\",\"datePublished\":\"2021-07-24T12:00:13+00:00\",\"mainEntityOfPage\":{\"@id\":\"https:\\\/\\\/redamlo.com\\\/index.php\\\/2021\\\/07\\\/24\\\/discurso-del-presidente-de-mexico-andres-manuel-lopez-obrador-en-el-238-aniversario-del-natalicio-de-simon-bolivar-desde-el-castillo-de-chapultepec\\\/\"},\"wordCount\":2784,\"commentCount\":0,\"publisher\":{\"@id\":\"https:\\\/\\\/redamlo.com\\\/#organization\"},\"image\":{\"@id\":\"https:\\\/\\\/redamlo.com\\\/index.php\\\/2021\\\/07\\\/24\\\/discurso-del-presidente-de-mexico-andres-manuel-lopez-obrador-en-el-238-aniversario-del-natalicio-de-simon-bolivar-desde-el-castillo-de-chapultepec\\\/#primaryimage\"},\"thumbnailUrl\":\"https:\\\/\\\/redamlo.com\\\/wp-content\\\/uploads\\\/2021\\\/07\\\/Discurso-del-presidente-de-Mexico-Andres-Manuel-Lopez-Obrador-en-el-238-Aniversario-del-Natalicio-de-Simon-Bolivar-desde-el-Castillo-de-Chapultepec.jpg\",\"keywords\":[\"238 Aniversario\",\"AMLO\",\"Andr\u00e9s Manuel L\u00f3pez Obrador\",\"Castillo de Chapultepec\",\"Gobierno de M\u00e9xico\",\"libertador\",\"M\u00e9xico\",\"Natalicio\",\"Sim\u00f3n Bol\u00edvar\"],\"articleSection\":[\"4T\",\"Nacionales\",\"Presidencia\"],\"inLanguage\":\"es\",\"potentialAction\":[{\"@type\":\"CommentAction\",\"name\":\"Comment\",\"target\":[\"https:\\\/\\\/redamlo.com\\\/index.php\\\/2021\\\/07\\\/24\\\/discurso-del-presidente-de-mexico-andres-manuel-lopez-obrador-en-el-238-aniversario-del-natalicio-de-simon-bolivar-desde-el-castillo-de-chapultepec\\\/#respond\"]}]},{\"@type\":\"WebPage\",\"@id\":\"https:\\\/\\\/redamlo.com\\\/index.php\\\/2021\\\/07\\\/24\\\/discurso-del-presidente-de-mexico-andres-manuel-lopez-obrador-en-el-238-aniversario-del-natalicio-de-simon-bolivar-desde-el-castillo-de-chapultepec\\\/\",\"url\":\"https:\\\/\\\/redamlo.com\\\/index.php\\\/2021\\\/07\\\/24\\\/discurso-del-presidente-de-mexico-andres-manuel-lopez-obrador-en-el-238-aniversario-del-natalicio-de-simon-bolivar-desde-el-castillo-de-chapultepec\\\/\",\"name\":\"Discurso del presidente de M\u00e9xico, Andr\u00e9s Manuel L\u00f3pez Obrador en el 238 Aniversario del Natalicio de Sim\u00f3n Bol\u00edvar, desde el Castillo de Chapultepec - NOTICIAS DE LA 4T\",\"isPartOf\":{\"@id\":\"https:\\\/\\\/redamlo.com\\\/#website\"},\"primaryImageOfPage\":{\"@id\":\"https:\\\/\\\/redamlo.com\\\/index.php\\\/2021\\\/07\\\/24\\\/discurso-del-presidente-de-mexico-andres-manuel-lopez-obrador-en-el-238-aniversario-del-natalicio-de-simon-bolivar-desde-el-castillo-de-chapultepec\\\/#primaryimage\"},\"image\":{\"@id\":\"https:\\\/\\\/redamlo.com\\\/index.php\\\/2021\\\/07\\\/24\\\/discurso-del-presidente-de-mexico-andres-manuel-lopez-obrador-en-el-238-aniversario-del-natalicio-de-simon-bolivar-desde-el-castillo-de-chapultepec\\\/#primaryimage\"},\"thumbnailUrl\":\"https:\\\/\\\/redamlo.com\\\/wp-content\\\/uploads\\\/2021\\\/07\\\/Discurso-del-presidente-de-Mexico-Andres-Manuel-Lopez-Obrador-en-el-238-Aniversario-del-Natalicio-de-Simon-Bolivar-desde-el-Castillo-de-Chapultepec.jpg\",\"datePublished\":\"2021-07-24T12:00:13+00:00\",\"breadcrumb\":{\"@id\":\"https:\\\/\\\/redamlo.com\\\/index.php\\\/2021\\\/07\\\/24\\\/discurso-del-presidente-de-mexico-andres-manuel-lopez-obrador-en-el-238-aniversario-del-natalicio-de-simon-bolivar-desde-el-castillo-de-chapultepec\\\/#breadcrumb\"},\"inLanguage\":\"es\",\"potentialAction\":[{\"@type\":\"ReadAction\",\"target\":[\"https:\\\/\\\/redamlo.com\\\/index.php\\\/2021\\\/07\\\/24\\\/discurso-del-presidente-de-mexico-andres-manuel-lopez-obrador-en-el-238-aniversario-del-natalicio-de-simon-bolivar-desde-el-castillo-de-chapultepec\\\/\"]}]},{\"@type\":\"ImageObject\",\"inLanguage\":\"es\",\"@id\":\"https:\\\/\\\/redamlo.com\\\/index.php\\\/2021\\\/07\\\/24\\\/discurso-del-presidente-de-mexico-andres-manuel-lopez-obrador-en-el-238-aniversario-del-natalicio-de-simon-bolivar-desde-el-castillo-de-chapultepec\\\/#primaryimage\",\"url\":\"https:\\\/\\\/redamlo.com\\\/wp-content\\\/uploads\\\/2021\\\/07\\\/Discurso-del-presidente-de-Mexico-Andres-Manuel-Lopez-Obrador-en-el-238-Aniversario-del-Natalicio-de-Simon-Bolivar-desde-el-Castillo-de-Chapultepec.jpg\",\"contentUrl\":\"https:\\\/\\\/redamlo.com\\\/wp-content\\\/uploads\\\/2021\\\/07\\\/Discurso-del-presidente-de-Mexico-Andres-Manuel-Lopez-Obrador-en-el-238-Aniversario-del-Natalicio-de-Simon-Bolivar-desde-el-Castillo-de-Chapultepec.jpg\",\"width\":998,\"height\":475},{\"@type\":\"BreadcrumbList\",\"@id\":\"https:\\\/\\\/redamlo.com\\\/index.php\\\/2021\\\/07\\\/24\\\/discurso-del-presidente-de-mexico-andres-manuel-lopez-obrador-en-el-238-aniversario-del-natalicio-de-simon-bolivar-desde-el-castillo-de-chapultepec\\\/#breadcrumb\",\"itemListElement\":[{\"@type\":\"ListItem\",\"position\":1,\"name\":\"Inicio\",\"item\":\"https:\\\/\\\/redamlo.com\\\/\"},{\"@type\":\"ListItem\",\"position\":2,\"name\":\"Discurso del presidente de M\u00e9xico, Andr\u00e9s Manuel L\u00f3pez Obrador en el 238 Aniversario del Natalicio de Sim\u00f3n Bol\u00edvar, desde el Castillo de Chapultepec\"}]},{\"@type\":\"WebSite\",\"@id\":\"https:\\\/\\\/redamlo.com\\\/#website\",\"url\":\"https:\\\/\\\/redamlo.com\\\/\",\"name\":\"NOTICIAS DE LA 4T\",\"description\":\"\",\"publisher\":{\"@id\":\"https:\\\/\\\/redamlo.com\\\/#organization\"},\"potentialAction\":[{\"@type\":\"SearchAction\",\"target\":{\"@type\":\"EntryPoint\",\"urlTemplate\":\"https:\\\/\\\/redamlo.com\\\/?s={search_term_string}\"},\"query-input\":{\"@type\":\"PropertyValueSpecification\",\"valueRequired\":true,\"valueName\":\"search_term_string\"}}],\"inLanguage\":\"es\"},{\"@type\":\"Organization\",\"@id\":\"https:\\\/\\\/redamlo.com\\\/#organization\",\"name\":\"NOTICIAS DE LA 4T\",\"url\":\"https:\\\/\\\/redamlo.com\\\/\",\"logo\":{\"@type\":\"ImageObject\",\"inLanguage\":\"es\",\"@id\":\"https:\\\/\\\/redamlo.com\\\/#\\\/schema\\\/logo\\\/image\\\/\",\"url\":\"https:\\\/\\\/redamlo.com\\\/wp-content\\\/uploads\\\/2024\\\/08\\\/cropped-RED-AMLO-logo-50.png\",\"contentUrl\":\"https:\\\/\\\/redamlo.com\\\/wp-content\\\/uploads\\\/2024\\\/08\\\/cropped-RED-AMLO-logo-50.png\",\"width\":256,\"height\":256,\"caption\":\"NOTICIAS DE LA 4T\"},\"image\":{\"@id\":\"https:\\\/\\\/redamlo.com\\\/#\\\/schema\\\/logo\\\/image\\\/\"}},{\"@type\":\"Person\",\"@id\":\"https:\\\/\\\/redamlo.com\\\/#\\\/schema\\\/person\\\/7223a4375eb8f1a782fcae010a7115cf\",\"name\":\"Blanca\",\"image\":{\"@type\":\"ImageObject\",\"inLanguage\":\"es\",\"@id\":\"https:\\\/\\\/secure.gravatar.com\\\/avatar\\\/3f79bc8336367a4e6093eae8757acaaf61d1124834b905616de7829b0273426d?s=96&d=mm&r=g\",\"url\":\"https:\\\/\\\/secure.gravatar.com\\\/avatar\\\/3f79bc8336367a4e6093eae8757acaaf61d1124834b905616de7829b0273426d?s=96&d=mm&r=g\",\"contentUrl\":\"https:\\\/\\\/secure.gravatar.com\\\/avatar\\\/3f79bc8336367a4e6093eae8757acaaf61d1124834b905616de7829b0273426d?s=96&d=mm&r=g\",\"caption\":\"Blanca\"},\"url\":\"https:\\\/\\\/redamlo.com\\\/index.php\\\/author\\\/blanca\\\/\"}]}<\/script>\n<!-- \/ Yoast SEO plugin. -->","yoast_head_json":{"title":"Discurso del presidente de M\u00e9xico, Andr\u00e9s Manuel L\u00f3pez Obrador en el 238 Aniversario del Natalicio de Sim\u00f3n Bol\u00edvar, desde el Castillo de Chapultepec - NOTICIAS DE LA 4T","robots":{"index":"noindex","follow":"follow","max-snippet":"max-snippet:-1","max-image-preview":"max-image-preview:large","max-video-preview":"max-video-preview:-1"},"og_locale":"es_MX","og_type":"article","og_title":"Discurso del presidente de M\u00e9xico, Andr\u00e9s Manuel L\u00f3pez Obrador en el 238 Aniversario del Natalicio de Sim\u00f3n Bol\u00edvar, desde el Castillo de Chapultepec - NOTICIAS DE LA 4T","og_description":"CASTILLO CHAPULTEPEC, CIUDAD DE M\u00c9XICO, 24 de julio de 2021 Respetables cancilleres y representantes de...","og_url":"https:\/\/redamlo.com\/index.php\/2021\/07\/24\/discurso-del-presidente-de-mexico-andres-manuel-lopez-obrador-en-el-238-aniversario-del-natalicio-de-simon-bolivar-desde-el-castillo-de-chapultepec\/","og_site_name":"NOTICIAS DE LA 4T","article_published_time":"2021-07-24T12:00:13+00:00","og_image":[{"width":998,"height":475,"url":"https:\/\/redamlo.com\/wp-content\/uploads\/2021\/07\/Discurso-del-presidente-de-Mexico-Andres-Manuel-Lopez-Obrador-en-el-238-Aniversario-del-Natalicio-de-Simon-Bolivar-desde-el-Castillo-de-Chapultepec.jpg","type":"image\/jpeg"}],"author":"Blanca","twitter_card":"summary_large_image","twitter_misc":{"Escrito por":"Blanca","Tiempo de lectura":"14 minutos"},"schema":{"@context":"https:\/\/schema.org","@graph":[{"@type":"Article","@id":"https:\/\/redamlo.com\/index.php\/2021\/07\/24\/discurso-del-presidente-de-mexico-andres-manuel-lopez-obrador-en-el-238-aniversario-del-natalicio-de-simon-bolivar-desde-el-castillo-de-chapultepec\/#article","isPartOf":{"@id":"https:\/\/redamlo.com\/index.php\/2021\/07\/24\/discurso-del-presidente-de-mexico-andres-manuel-lopez-obrador-en-el-238-aniversario-del-natalicio-de-simon-bolivar-desde-el-castillo-de-chapultepec\/"},"author":{"name":"Blanca","@id":"https:\/\/redamlo.com\/#\/schema\/person\/7223a4375eb8f1a782fcae010a7115cf"},"headline":"Discurso del presidente de M\u00e9xico, Andr\u00e9s Manuel L\u00f3pez Obrador en el 238 Aniversario del Natalicio de Sim\u00f3n Bol\u00edvar, desde el Castillo de Chapultepec","datePublished":"2021-07-24T12:00:13+00:00","mainEntityOfPage":{"@id":"https:\/\/redamlo.com\/index.php\/2021\/07\/24\/discurso-del-presidente-de-mexico-andres-manuel-lopez-obrador-en-el-238-aniversario-del-natalicio-de-simon-bolivar-desde-el-castillo-de-chapultepec\/"},"wordCount":2784,"commentCount":0,"publisher":{"@id":"https:\/\/redamlo.com\/#organization"},"image":{"@id":"https:\/\/redamlo.com\/index.php\/2021\/07\/24\/discurso-del-presidente-de-mexico-andres-manuel-lopez-obrador-en-el-238-aniversario-del-natalicio-de-simon-bolivar-desde-el-castillo-de-chapultepec\/#primaryimage"},"thumbnailUrl":"https:\/\/redamlo.com\/wp-content\/uploads\/2021\/07\/Discurso-del-presidente-de-Mexico-Andres-Manuel-Lopez-Obrador-en-el-238-Aniversario-del-Natalicio-de-Simon-Bolivar-desde-el-Castillo-de-Chapultepec.jpg","keywords":["238 Aniversario","AMLO","Andr\u00e9s Manuel L\u00f3pez Obrador","Castillo de Chapultepec","Gobierno de M\u00e9xico","libertador","M\u00e9xico","Natalicio","Sim\u00f3n Bol\u00edvar"],"articleSection":["4T","Nacionales","Presidencia"],"inLanguage":"es","potentialAction":[{"@type":"CommentAction","name":"Comment","target":["https:\/\/redamlo.com\/index.php\/2021\/07\/24\/discurso-del-presidente-de-mexico-andres-manuel-lopez-obrador-en-el-238-aniversario-del-natalicio-de-simon-bolivar-desde-el-castillo-de-chapultepec\/#respond"]}]},{"@type":"WebPage","@id":"https:\/\/redamlo.com\/index.php\/2021\/07\/24\/discurso-del-presidente-de-mexico-andres-manuel-lopez-obrador-en-el-238-aniversario-del-natalicio-de-simon-bolivar-desde-el-castillo-de-chapultepec\/","url":"https:\/\/redamlo.com\/index.php\/2021\/07\/24\/discurso-del-presidente-de-mexico-andres-manuel-lopez-obrador-en-el-238-aniversario-del-natalicio-de-simon-bolivar-desde-el-castillo-de-chapultepec\/","name":"Discurso del presidente de M\u00e9xico, Andr\u00e9s Manuel L\u00f3pez Obrador en el 238 Aniversario del Natalicio de Sim\u00f3n Bol\u00edvar, desde el Castillo de Chapultepec - NOTICIAS DE LA 4T","isPartOf":{"@id":"https:\/\/redamlo.com\/#website"},"primaryImageOfPage":{"@id":"https:\/\/redamlo.com\/index.php\/2021\/07\/24\/discurso-del-presidente-de-mexico-andres-manuel-lopez-obrador-en-el-238-aniversario-del-natalicio-de-simon-bolivar-desde-el-castillo-de-chapultepec\/#primaryimage"},"image":{"@id":"https:\/\/redamlo.com\/index.php\/2021\/07\/24\/discurso-del-presidente-de-mexico-andres-manuel-lopez-obrador-en-el-238-aniversario-del-natalicio-de-simon-bolivar-desde-el-castillo-de-chapultepec\/#primaryimage"},"thumbnailUrl":"https:\/\/redamlo.com\/wp-content\/uploads\/2021\/07\/Discurso-del-presidente-de-Mexico-Andres-Manuel-Lopez-Obrador-en-el-238-Aniversario-del-Natalicio-de-Simon-Bolivar-desde-el-Castillo-de-Chapultepec.jpg","datePublished":"2021-07-24T12:00:13+00:00","breadcrumb":{"@id":"https:\/\/redamlo.com\/index.php\/2021\/07\/24\/discurso-del-presidente-de-mexico-andres-manuel-lopez-obrador-en-el-238-aniversario-del-natalicio-de-simon-bolivar-desde-el-castillo-de-chapultepec\/#breadcrumb"},"inLanguage":"es","potentialAction":[{"@type":"ReadAction","target":["https:\/\/redamlo.com\/index.php\/2021\/07\/24\/discurso-del-presidente-de-mexico-andres-manuel-lopez-obrador-en-el-238-aniversario-del-natalicio-de-simon-bolivar-desde-el-castillo-de-chapultepec\/"]}]},{"@type":"ImageObject","inLanguage":"es","@id":"https:\/\/redamlo.com\/index.php\/2021\/07\/24\/discurso-del-presidente-de-mexico-andres-manuel-lopez-obrador-en-el-238-aniversario-del-natalicio-de-simon-bolivar-desde-el-castillo-de-chapultepec\/#primaryimage","url":"https:\/\/redamlo.com\/wp-content\/uploads\/2021\/07\/Discurso-del-presidente-de-Mexico-Andres-Manuel-Lopez-Obrador-en-el-238-Aniversario-del-Natalicio-de-Simon-Bolivar-desde-el-Castillo-de-Chapultepec.jpg","contentUrl":"https:\/\/redamlo.com\/wp-content\/uploads\/2021\/07\/Discurso-del-presidente-de-Mexico-Andres-Manuel-Lopez-Obrador-en-el-238-Aniversario-del-Natalicio-de-Simon-Bolivar-desde-el-Castillo-de-Chapultepec.jpg","width":998,"height":475},{"@type":"BreadcrumbList","@id":"https:\/\/redamlo.com\/index.php\/2021\/07\/24\/discurso-del-presidente-de-mexico-andres-manuel-lopez-obrador-en-el-238-aniversario-del-natalicio-de-simon-bolivar-desde-el-castillo-de-chapultepec\/#breadcrumb","itemListElement":[{"@type":"ListItem","position":1,"name":"Inicio","item":"https:\/\/redamlo.com\/"},{"@type":"ListItem","position":2,"name":"Discurso del presidente de M\u00e9xico, Andr\u00e9s Manuel L\u00f3pez Obrador en el 238 Aniversario del Natalicio de Sim\u00f3n Bol\u00edvar, desde el Castillo de Chapultepec"}]},{"@type":"WebSite","@id":"https:\/\/redamlo.com\/#website","url":"https:\/\/redamlo.com\/","name":"NOTICIAS DE LA 4T","description":"","publisher":{"@id":"https:\/\/redamlo.com\/#organization"},"potentialAction":[{"@type":"SearchAction","target":{"@type":"EntryPoint","urlTemplate":"https:\/\/redamlo.com\/?s={search_term_string}"},"query-input":{"@type":"PropertyValueSpecification","valueRequired":true,"valueName":"search_term_string"}}],"inLanguage":"es"},{"@type":"Organization","@id":"https:\/\/redamlo.com\/#organization","name":"NOTICIAS DE LA 4T","url":"https:\/\/redamlo.com\/","logo":{"@type":"ImageObject","inLanguage":"es","@id":"https:\/\/redamlo.com\/#\/schema\/logo\/image\/","url":"https:\/\/redamlo.com\/wp-content\/uploads\/2024\/08\/cropped-RED-AMLO-logo-50.png","contentUrl":"https:\/\/redamlo.com\/wp-content\/uploads\/2024\/08\/cropped-RED-AMLO-logo-50.png","width":256,"height":256,"caption":"NOTICIAS DE LA 4T"},"image":{"@id":"https:\/\/redamlo.com\/#\/schema\/logo\/image\/"}},{"@type":"Person","@id":"https:\/\/redamlo.com\/#\/schema\/person\/7223a4375eb8f1a782fcae010a7115cf","name":"Blanca","image":{"@type":"ImageObject","inLanguage":"es","@id":"https:\/\/secure.gravatar.com\/avatar\/3f79bc8336367a4e6093eae8757acaaf61d1124834b905616de7829b0273426d?s=96&d=mm&r=g","url":"https:\/\/secure.gravatar.com\/avatar\/3f79bc8336367a4e6093eae8757acaaf61d1124834b905616de7829b0273426d?s=96&d=mm&r=g","contentUrl":"https:\/\/secure.gravatar.com\/avatar\/3f79bc8336367a4e6093eae8757acaaf61d1124834b905616de7829b0273426d?s=96&d=mm&r=g","caption":"Blanca"},"url":"https:\/\/redamlo.com\/index.php\/author\/blanca\/"}]}},"_links":{"self":[{"href":"https:\/\/redamlo.com\/index.php\/wp-json\/wp\/v2\/posts\/5040","targetHints":{"allow":["GET"]}}],"collection":[{"href":"https:\/\/redamlo.com\/index.php\/wp-json\/wp\/v2\/posts"}],"about":[{"href":"https:\/\/redamlo.com\/index.php\/wp-json\/wp\/v2\/types\/post"}],"author":[{"embeddable":true,"href":"https:\/\/redamlo.com\/index.php\/wp-json\/wp\/v2\/users\/2"}],"replies":[{"embeddable":true,"href":"https:\/\/redamlo.com\/index.php\/wp-json\/wp\/v2\/comments?post=5040"}],"version-history":[{"count":0,"href":"https:\/\/redamlo.com\/index.php\/wp-json\/wp\/v2\/posts\/5040\/revisions"}],"wp:featuredmedia":[{"embeddable":true,"href":"https:\/\/redamlo.com\/index.php\/wp-json\/wp\/v2\/media\/5043"}],"wp:attachment":[{"href":"https:\/\/redamlo.com\/index.php\/wp-json\/wp\/v2\/media?parent=5040"}],"wp:term":[{"taxonomy":"category","embeddable":true,"href":"https:\/\/redamlo.com\/index.php\/wp-json\/wp\/v2\/categories?post=5040"},{"taxonomy":"post_tag","embeddable":true,"href":"https:\/\/redamlo.com\/index.php\/wp-json\/wp\/v2\/tags?post=5040"}],"curies":[{"name":"wp","href":"https:\/\/api.w.org\/{rel}","templated":true}]}}