{"id":502,"date":"2019-09-30T15:17:02","date_gmt":"2019-09-30T15:17:02","guid":{"rendered":"http:\/\/redamlo.com\/?p=502"},"modified":"2019-09-30T15:17:02","modified_gmt":"2019-09-30T15:17:02","slug":"yeidckol-polevnsky-sera-presidenta-de-morena","status":"publish","type":"post","link":"https:\/\/redamlo.com\/index.php\/2019\/09\/30\/yeidckol-polevnsky-sera-presidenta-de-morena\/","title":{"rendered":"\u00a1Yeidckol Polevnsky ser\u00e1 presidenta de Morena!"},"content":{"rendered":"<h2><strong>4 T Press.-\u00a0<\/strong><\/h2>\n<p>Las razones que desde nuestra perspectiva vemos en cuanto a que <strong>Yeidckol<\/strong> sea la pr\u00f3xima Presidenta de MORENA, est\u00e1n para empezar que de los tres aspirantes m\u00e1s ella, es innegable que Yeidckol es la m\u00e1s popular; tambi\u00e9n aspiran a esa posici\u00f3n<strong> Mario Delgado, Bertha Luj\u00e1n y Alejandro Rojas; de Yeidckol Polevnsky<\/strong> se puede afirmar y demostrar que de los mencionados ella los derrotar\u00e1 en una encuesta, porque es indiscutible que su papel fue definitivo para que <strong>Andr\u00e9s Manuel<\/strong> sea hoy el Presidente de la Rep\u00fablica, porque cuando se pon\u00eda en duda que <strong>L\u00f3pez Obrador<\/strong> pudiera derrotar a los otros candidatos, permanentemente en los medios masivos de comunicaci\u00f3n y en las redes sociales hab\u00eda una presencia, una constancia, una defensa en todos los \u00f3rdenes, y contestando a todos los detractores por parte de <strong>Yeidckol Polevnsky,<\/strong> dando siempre razones que finalmente los que votamos por <strong>Andr\u00e9s Manuel<\/strong> le dimos la raz\u00f3n a ella y al Partido, de que L\u00f3pez Obrador era el mejor para gobernar este pa\u00eds.<\/p>\n<p>Hay que considerar que <strong>Andr\u00e9s Manuel<\/strong> era el Presidente de <strong>MORENA<\/strong>, cuando se decide tambi\u00e9n por encuesta que<strong> Andr\u00e9s Manuel<\/strong> deb\u00eda ser el candidato, las estrategias pol\u00edticas, la instalaci\u00f3n de casillas en todo el pa\u00eds, las batallas en el las instancias jur\u00eddicas y finalmente lograr que<strong> Andr\u00e9s Manuel<\/strong> se consagrara como candidato, que ganara abrumadoramente y que fuera ungido como Presidente, tiene como sustento el Partido, y cuando <strong>Andr\u00e9s Manuel<\/strong> lo deja para ser candidato, deciden que Yeidckol, que era Secretaria General con <strong>Andr\u00e9s Manuel<\/strong>, quedara encargada de la Presidencia, pero esto debe quedar claro, no fue electa ni designada como tal, sino sigui\u00f3 en su puesto como Secretaria General y fungi\u00f3 en las funciones de Presidenta; para la designaci\u00f3n del pr\u00f3ximo Presidente de MORENA, ante las injurias, los ataques, la ambici\u00f3n de los que aspiran principalmente de <strong>D\u00edaz Dur\u00e1n<\/strong>, que no podemos olvidar es suplente de senador de <strong>Monreal<\/strong> y que en el fondo de sus aspiraciones quisiera llegar a la presidencia de MORENA, con la mira puesta en el a\u00f1o 2024, para que al actual Presidente de la Junta de Coordinaci\u00f3n Pol\u00edtica del Senado, se le pudiera facilitar el camino a la presidencia; frente a todo esto y la crisis, fue necesario que <strong>Andr\u00e9s Manuel<\/strong> pusiera orden, que incluso dejar\u00e1 constancia de que si no hacen las cosas correctamente abandonar\u00eda el partido, e inmediatamente<strong> Yeidckol<\/strong> dijo \u201cy yo me ir\u00eda atr\u00e1s de \u00e9l\u201d, sugiri\u00f3 y el partido lo ha acatado, que podamos elegir al sucesor a trav\u00e9s de una encuesta, y como dec\u00eda yo al principio, las razones est\u00e1n a la vista, desde el origen mismo de MORENA y lo que <strong>Yeidckol Polevnsky<\/strong> ha sudado la camiseta para que el Partido sea lo que es hoy en d\u00eda, y sobre todo haber ganado la Presidencia de la Rep\u00fablica, son m\u00e1s importantes las razones para que sea designada Presidenta en el mes de noviembre; pero adem\u00e1s la lealtad con la que ella se ha entregado a este puesto, ser\u00e1 fundamental para mantener la cohesi\u00f3n de lo que nosotros ya vemos como un instituto pol\u00edtico que no debe agotarse en la elecci\u00f3n que se hizo de<strong> Andr\u00e9s Manuel<\/strong>, sino que en el a\u00f1o 2024 se hayan consolidado todos estos proyectos y que no vuelva, que no regrese la silla presidencial a alg\u00fan representante del neoliberalismo o de alguna corriente que sea contraria a la forma en que <strong>Andr\u00e9s Manuel<\/strong> est\u00e1 gobernando.<\/p>\n<p>En conclusi\u00f3n, desde mi perspectiva el mejor camino para M\u00e9xico, para quienes formamos parte de las personas que votamos por <strong>Andr\u00e9s Manuel,<\/strong> es que<strong> Yeidckol Polevnsky<\/strong> sea designada la Presidenta por los pr\u00f3ximos cuatro a\u00f1os, y adem\u00e1s tambi\u00e9n considerar que no la hemos visto que est\u00e9 con la petici\u00f3n o la ambici\u00f3n de que le den alg\u00fan puesto en el Gobierno Federal, por ello desde esta columna le vaticinamos que ser\u00e1, y con sobradas razones y honrando el puesto, <strong>Yeidckol Polevnsky<\/strong> la pr\u00f3xima Presidenta de <strong>MORENA.<\/strong><\/p>\n<p>https:\/\/www.elsoldecuernavaca.com.mx\/analisis\/yeidckol-polevnsky-sera-presidenta-de-morena-4179128.html<\/p>\n","protected":false},"excerpt":{"rendered":"<p>4 T Press.-\u00a0 Las razones que desde nuestra perspectiva vemos en cuanto a que Yeidckol&#8230;<\/p>\n","protected":false},"author":2,"featured_media":504,"comment_status":"open","ping_status":"closed","sticky":false,"template":"","format":"standard","meta":{"footnotes":""},"categories":[25],"tags":[131,24,259],"class_list":["post-502","post","type-post","status-publish","format-standard","has-post-thumbnail","hentry","category-4t","tag-andres-manuel-lopez-obrador","tag-morena","tag-yeidckol-polevnsky"],"yoast_head":"<!-- This site is optimized with the Yoast SEO plugin v27.5 - https:\/\/yoast.com\/product\/yoast-seo-wordpress\/ -->\n<title>\u00a1Yeidckol Polevnsky ser\u00e1 presidenta de Morena! - NOTICIAS DE LA 4T<\/title>\n<meta name=\"description\" content=\"Las razones que desde nuestra perspectiva vemos en cuanto a que Yeidckol sea la pr\u00f3xima Presidenta de MORENA, est\u00e1n para empezar que de los tres aspirantes m\u00e1s ella, es innegable que Yeidckol es la m\u00e1s popular; tambi\u00e9n aspiran a esa posici\u00f3n Mario Delgado, Bertha Luj\u00e1n y Alejandro Rojas; de Yeidckol Polevnsky\" \/>\n<meta name=\"robots\" content=\"noindex, follow, max-snippet:-1, max-image-preview:large, max-video-preview:-1\" \/>\n<meta property=\"og:locale\" content=\"es_MX\" \/>\n<meta property=\"og:type\" content=\"article\" \/>\n<meta property=\"og:title\" content=\"\u00a1Yeidckol Polevnsky ser\u00e1 presidenta de Morena! - NOTICIAS DE LA 4T\" \/>\n<meta property=\"og:description\" content=\"Las razones que desde nuestra perspectiva vemos en cuanto a que Yeidckol sea la pr\u00f3xima Presidenta de MORENA, est\u00e1n para empezar que de los tres aspirantes m\u00e1s ella, es innegable que Yeidckol es la m\u00e1s popular; tambi\u00e9n aspiran a esa posici\u00f3n Mario Delgado, Bertha Luj\u00e1n y Alejandro Rojas; de Yeidckol Polevnsky\" \/>\n<meta property=\"og:url\" content=\"https:\/\/redamlo.com\/index.php\/2019\/09\/30\/yeidckol-polevnsky-sera-presidenta-de-morena\/\" \/>\n<meta property=\"og:site_name\" content=\"NOTICIAS DE LA 4T\" \/>\n<meta property=\"article:published_time\" content=\"2019-09-30T15:17:02+00:00\" \/>\n<meta property=\"og:image\" content=\"https:\/\/redamlo.com\/wp-content\/uploads\/2019\/09\/yeidckol-4tpress.jpg\" \/>\n\t<meta property=\"og:image:width\" content=\"960\" \/>\n\t<meta property=\"og:image:height\" content=\"540\" \/>\n\t<meta property=\"og:image:type\" content=\"image\/jpeg\" \/>\n<meta name=\"author\" content=\"Blanca\" \/>\n<meta name=\"twitter:card\" content=\"summary_large_image\" \/>\n<meta name=\"twitter:label1\" content=\"Escrito por\" \/>\n\t<meta name=\"twitter:data1\" content=\"Blanca\" \/>\n\t<meta name=\"twitter:label2\" content=\"Tiempo de lectura\" \/>\n\t<meta name=\"twitter:data2\" content=\"4 minutos\" \/>\n<script type=\"application\/ld+json\" class=\"yoast-schema-graph\">{\"@context\":\"https:\\\/\\\/schema.org\",\"@graph\":[{\"@type\":\"Article\",\"@id\":\"https:\\\/\\\/redamlo.com\\\/index.php\\\/2019\\\/09\\\/30\\\/yeidckol-polevnsky-sera-presidenta-de-morena\\\/#article\",\"isPartOf\":{\"@id\":\"https:\\\/\\\/redamlo.com\\\/index.php\\\/2019\\\/09\\\/30\\\/yeidckol-polevnsky-sera-presidenta-de-morena\\\/\"},\"author\":{\"name\":\"Blanca\",\"@id\":\"https:\\\/\\\/redamlo.com\\\/#\\\/schema\\\/person\\\/7223a4375eb8f1a782fcae010a7115cf\"},\"headline\":\"\u00a1Yeidckol Polevnsky ser\u00e1 presidenta de Morena!\",\"datePublished\":\"2019-09-30T15:17:02+00:00\",\"mainEntityOfPage\":{\"@id\":\"https:\\\/\\\/redamlo.com\\\/index.php\\\/2019\\\/09\\\/30\\\/yeidckol-polevnsky-sera-presidenta-de-morena\\\/\"},\"wordCount\":732,\"commentCount\":0,\"publisher\":{\"@id\":\"https:\\\/\\\/redamlo.com\\\/#organization\"},\"image\":{\"@id\":\"https:\\\/\\\/redamlo.com\\\/index.php\\\/2019\\\/09\\\/30\\\/yeidckol-polevnsky-sera-presidenta-de-morena\\\/#primaryimage\"},\"thumbnailUrl\":\"https:\\\/\\\/redamlo.com\\\/wp-content\\\/uploads\\\/2019\\\/09\\\/yeidckol-4tpress.jpg\",\"keywords\":[\"Andr\u00e9s Manuel L\u00f3pez Obrador\",\"Morena\",\"Yeidckol Polevnsky\"],\"articleSection\":[\"4T\"],\"inLanguage\":\"es\",\"potentialAction\":[{\"@type\":\"CommentAction\",\"name\":\"Comment\",\"target\":[\"https:\\\/\\\/redamlo.com\\\/index.php\\\/2019\\\/09\\\/30\\\/yeidckol-polevnsky-sera-presidenta-de-morena\\\/#respond\"]}]},{\"@type\":\"WebPage\",\"@id\":\"https:\\\/\\\/redamlo.com\\\/index.php\\\/2019\\\/09\\\/30\\\/yeidckol-polevnsky-sera-presidenta-de-morena\\\/\",\"url\":\"https:\\\/\\\/redamlo.com\\\/index.php\\\/2019\\\/09\\\/30\\\/yeidckol-polevnsky-sera-presidenta-de-morena\\\/\",\"name\":\"\u00a1Yeidckol Polevnsky ser\u00e1 presidenta de Morena! - NOTICIAS DE LA 4T\",\"isPartOf\":{\"@id\":\"https:\\\/\\\/redamlo.com\\\/#website\"},\"primaryImageOfPage\":{\"@id\":\"https:\\\/\\\/redamlo.com\\\/index.php\\\/2019\\\/09\\\/30\\\/yeidckol-polevnsky-sera-presidenta-de-morena\\\/#primaryimage\"},\"image\":{\"@id\":\"https:\\\/\\\/redamlo.com\\\/index.php\\\/2019\\\/09\\\/30\\\/yeidckol-polevnsky-sera-presidenta-de-morena\\\/#primaryimage\"},\"thumbnailUrl\":\"https:\\\/\\\/redamlo.com\\\/wp-content\\\/uploads\\\/2019\\\/09\\\/yeidckol-4tpress.jpg\",\"datePublished\":\"2019-09-30T15:17:02+00:00\",\"description\":\"Las razones que desde nuestra perspectiva vemos en cuanto a que Yeidckol sea la pr\u00f3xima Presidenta de MORENA, est\u00e1n para empezar que de los tres aspirantes m\u00e1s ella, es innegable que Yeidckol es la m\u00e1s popular; tambi\u00e9n aspiran a esa posici\u00f3n Mario Delgado, Bertha Luj\u00e1n y Alejandro Rojas; de Yeidckol Polevnsky\",\"breadcrumb\":{\"@id\":\"https:\\\/\\\/redamlo.com\\\/index.php\\\/2019\\\/09\\\/30\\\/yeidckol-polevnsky-sera-presidenta-de-morena\\\/#breadcrumb\"},\"inLanguage\":\"es\",\"potentialAction\":[{\"@type\":\"ReadAction\",\"target\":[\"https:\\\/\\\/redamlo.com\\\/index.php\\\/2019\\\/09\\\/30\\\/yeidckol-polevnsky-sera-presidenta-de-morena\\\/\"]}]},{\"@type\":\"ImageObject\",\"inLanguage\":\"es\",\"@id\":\"https:\\\/\\\/redamlo.com\\\/index.php\\\/2019\\\/09\\\/30\\\/yeidckol-polevnsky-sera-presidenta-de-morena\\\/#primaryimage\",\"url\":\"https:\\\/\\\/redamlo.com\\\/wp-content\\\/uploads\\\/2019\\\/09\\\/yeidckol-4tpress.jpg\",\"contentUrl\":\"https:\\\/\\\/redamlo.com\\\/wp-content\\\/uploads\\\/2019\\\/09\\\/yeidckol-4tpress.jpg\",\"width\":960,\"height\":540},{\"@type\":\"BreadcrumbList\",\"@id\":\"https:\\\/\\\/redamlo.com\\\/index.php\\\/2019\\\/09\\\/30\\\/yeidckol-polevnsky-sera-presidenta-de-morena\\\/#breadcrumb\",\"itemListElement\":[{\"@type\":\"ListItem\",\"position\":1,\"name\":\"Inicio\",\"item\":\"https:\\\/\\\/redamlo.com\\\/\"},{\"@type\":\"ListItem\",\"position\":2,\"name\":\"\u00a1Yeidckol Polevnsky ser\u00e1 presidenta de Morena!\"}]},{\"@type\":\"WebSite\",\"@id\":\"https:\\\/\\\/redamlo.com\\\/#website\",\"url\":\"https:\\\/\\\/redamlo.com\\\/\",\"name\":\"NOTICIAS DE LA 4T\",\"description\":\"\",\"publisher\":{\"@id\":\"https:\\\/\\\/redamlo.com\\\/#organization\"},\"potentialAction\":[{\"@type\":\"SearchAction\",\"target\":{\"@type\":\"EntryPoint\",\"urlTemplate\":\"https:\\\/\\\/redamlo.com\\\/?s={search_term_string}\"},\"query-input\":{\"@type\":\"PropertyValueSpecification\",\"valueRequired\":true,\"valueName\":\"search_term_string\"}}],\"inLanguage\":\"es\"},{\"@type\":\"Organization\",\"@id\":\"https:\\\/\\\/redamlo.com\\\/#organization\",\"name\":\"NOTICIAS DE LA 4T\",\"url\":\"https:\\\/\\\/redamlo.com\\\/\",\"logo\":{\"@type\":\"ImageObject\",\"inLanguage\":\"es\",\"@id\":\"https:\\\/\\\/redamlo.com\\\/#\\\/schema\\\/logo\\\/image\\\/\",\"url\":\"https:\\\/\\\/redamlo.com\\\/wp-content\\\/uploads\\\/2024\\\/08\\\/cropped-RED-AMLO-logo-50.png\",\"contentUrl\":\"https:\\\/\\\/redamlo.com\\\/wp-content\\\/uploads\\\/2024\\\/08\\\/cropped-RED-AMLO-logo-50.png\",\"width\":256,\"height\":256,\"caption\":\"NOTICIAS DE LA 4T\"},\"image\":{\"@id\":\"https:\\\/\\\/redamlo.com\\\/#\\\/schema\\\/logo\\\/image\\\/\"}},{\"@type\":\"Person\",\"@id\":\"https:\\\/\\\/redamlo.com\\\/#\\\/schema\\\/person\\\/7223a4375eb8f1a782fcae010a7115cf\",\"name\":\"Blanca\",\"image\":{\"@type\":\"ImageObject\",\"inLanguage\":\"es\",\"@id\":\"https:\\\/\\\/secure.gravatar.com\\\/avatar\\\/3f79bc8336367a4e6093eae8757acaaf61d1124834b905616de7829b0273426d?s=96&d=mm&r=g\",\"url\":\"https:\\\/\\\/secure.gravatar.com\\\/avatar\\\/3f79bc8336367a4e6093eae8757acaaf61d1124834b905616de7829b0273426d?s=96&d=mm&r=g\",\"contentUrl\":\"https:\\\/\\\/secure.gravatar.com\\\/avatar\\\/3f79bc8336367a4e6093eae8757acaaf61d1124834b905616de7829b0273426d?s=96&d=mm&r=g\",\"caption\":\"Blanca\"},\"url\":\"https:\\\/\\\/redamlo.com\\\/index.php\\\/author\\\/blanca\\\/\"}]}<\/script>\n<!-- \/ Yoast SEO plugin. -->","yoast_head_json":{"title":"\u00a1Yeidckol Polevnsky ser\u00e1 presidenta de Morena! - NOTICIAS DE LA 4T","description":"Las razones que desde nuestra perspectiva vemos en cuanto a que Yeidckol sea la pr\u00f3xima Presidenta de MORENA, est\u00e1n para empezar que de los tres aspirantes m\u00e1s ella, es innegable que Yeidckol es la m\u00e1s popular; tambi\u00e9n aspiran a esa posici\u00f3n Mario Delgado, Bertha Luj\u00e1n y Alejandro Rojas; de Yeidckol Polevnsky","robots":{"index":"noindex","follow":"follow","max-snippet":"max-snippet:-1","max-image-preview":"max-image-preview:large","max-video-preview":"max-video-preview:-1"},"og_locale":"es_MX","og_type":"article","og_title":"\u00a1Yeidckol Polevnsky ser\u00e1 presidenta de Morena! - NOTICIAS DE LA 4T","og_description":"Las razones que desde nuestra perspectiva vemos en cuanto a que Yeidckol sea la pr\u00f3xima Presidenta de MORENA, est\u00e1n para empezar que de los tres aspirantes m\u00e1s ella, es innegable que Yeidckol es la m\u00e1s popular; tambi\u00e9n aspiran a esa posici\u00f3n Mario Delgado, Bertha Luj\u00e1n y Alejandro Rojas; de Yeidckol Polevnsky","og_url":"https:\/\/redamlo.com\/index.php\/2019\/09\/30\/yeidckol-polevnsky-sera-presidenta-de-morena\/","og_site_name":"NOTICIAS DE LA 4T","article_published_time":"2019-09-30T15:17:02+00:00","og_image":[{"width":960,"height":540,"url":"https:\/\/redamlo.com\/wp-content\/uploads\/2019\/09\/yeidckol-4tpress.jpg","type":"image\/jpeg"}],"author":"Blanca","twitter_card":"summary_large_image","twitter_misc":{"Escrito por":"Blanca","Tiempo de lectura":"4 minutos"},"schema":{"@context":"https:\/\/schema.org","@graph":[{"@type":"Article","@id":"https:\/\/redamlo.com\/index.php\/2019\/09\/30\/yeidckol-polevnsky-sera-presidenta-de-morena\/#article","isPartOf":{"@id":"https:\/\/redamlo.com\/index.php\/2019\/09\/30\/yeidckol-polevnsky-sera-presidenta-de-morena\/"},"author":{"name":"Blanca","@id":"https:\/\/redamlo.com\/#\/schema\/person\/7223a4375eb8f1a782fcae010a7115cf"},"headline":"\u00a1Yeidckol Polevnsky ser\u00e1 presidenta de Morena!","datePublished":"2019-09-30T15:17:02+00:00","mainEntityOfPage":{"@id":"https:\/\/redamlo.com\/index.php\/2019\/09\/30\/yeidckol-polevnsky-sera-presidenta-de-morena\/"},"wordCount":732,"commentCount":0,"publisher":{"@id":"https:\/\/redamlo.com\/#organization"},"image":{"@id":"https:\/\/redamlo.com\/index.php\/2019\/09\/30\/yeidckol-polevnsky-sera-presidenta-de-morena\/#primaryimage"},"thumbnailUrl":"https:\/\/redamlo.com\/wp-content\/uploads\/2019\/09\/yeidckol-4tpress.jpg","keywords":["Andr\u00e9s Manuel L\u00f3pez Obrador","Morena","Yeidckol Polevnsky"],"articleSection":["4T"],"inLanguage":"es","potentialAction":[{"@type":"CommentAction","name":"Comment","target":["https:\/\/redamlo.com\/index.php\/2019\/09\/30\/yeidckol-polevnsky-sera-presidenta-de-morena\/#respond"]}]},{"@type":"WebPage","@id":"https:\/\/redamlo.com\/index.php\/2019\/09\/30\/yeidckol-polevnsky-sera-presidenta-de-morena\/","url":"https:\/\/redamlo.com\/index.php\/2019\/09\/30\/yeidckol-polevnsky-sera-presidenta-de-morena\/","name":"\u00a1Yeidckol Polevnsky ser\u00e1 presidenta de Morena! - NOTICIAS DE LA 4T","isPartOf":{"@id":"https:\/\/redamlo.com\/#website"},"primaryImageOfPage":{"@id":"https:\/\/redamlo.com\/index.php\/2019\/09\/30\/yeidckol-polevnsky-sera-presidenta-de-morena\/#primaryimage"},"image":{"@id":"https:\/\/redamlo.com\/index.php\/2019\/09\/30\/yeidckol-polevnsky-sera-presidenta-de-morena\/#primaryimage"},"thumbnailUrl":"https:\/\/redamlo.com\/wp-content\/uploads\/2019\/09\/yeidckol-4tpress.jpg","datePublished":"2019-09-30T15:17:02+00:00","description":"Las razones que desde nuestra perspectiva vemos en cuanto a que Yeidckol sea la pr\u00f3xima Presidenta de MORENA, est\u00e1n para empezar que de los tres aspirantes m\u00e1s ella, es innegable que Yeidckol es la m\u00e1s popular; tambi\u00e9n aspiran a esa posici\u00f3n Mario Delgado, Bertha Luj\u00e1n y Alejandro Rojas; de Yeidckol Polevnsky","breadcrumb":{"@id":"https:\/\/redamlo.com\/index.php\/2019\/09\/30\/yeidckol-polevnsky-sera-presidenta-de-morena\/#breadcrumb"},"inLanguage":"es","potentialAction":[{"@type":"ReadAction","target":["https:\/\/redamlo.com\/index.php\/2019\/09\/30\/yeidckol-polevnsky-sera-presidenta-de-morena\/"]}]},{"@type":"ImageObject","inLanguage":"es","@id":"https:\/\/redamlo.com\/index.php\/2019\/09\/30\/yeidckol-polevnsky-sera-presidenta-de-morena\/#primaryimage","url":"https:\/\/redamlo.com\/wp-content\/uploads\/2019\/09\/yeidckol-4tpress.jpg","contentUrl":"https:\/\/redamlo.com\/wp-content\/uploads\/2019\/09\/yeidckol-4tpress.jpg","width":960,"height":540},{"@type":"BreadcrumbList","@id":"https:\/\/redamlo.com\/index.php\/2019\/09\/30\/yeidckol-polevnsky-sera-presidenta-de-morena\/#breadcrumb","itemListElement":[{"@type":"ListItem","position":1,"name":"Inicio","item":"https:\/\/redamlo.com\/"},{"@type":"ListItem","position":2,"name":"\u00a1Yeidckol Polevnsky ser\u00e1 presidenta de Morena!"}]},{"@type":"WebSite","@id":"https:\/\/redamlo.com\/#website","url":"https:\/\/redamlo.com\/","name":"NOTICIAS DE LA 4T","description":"","publisher":{"@id":"https:\/\/redamlo.com\/#organization"},"potentialAction":[{"@type":"SearchAction","target":{"@type":"EntryPoint","urlTemplate":"https:\/\/redamlo.com\/?s={search_term_string}"},"query-input":{"@type":"PropertyValueSpecification","valueRequired":true,"valueName":"search_term_string"}}],"inLanguage":"es"},{"@type":"Organization","@id":"https:\/\/redamlo.com\/#organization","name":"NOTICIAS DE LA 4T","url":"https:\/\/redamlo.com\/","logo":{"@type":"ImageObject","inLanguage":"es","@id":"https:\/\/redamlo.com\/#\/schema\/logo\/image\/","url":"https:\/\/redamlo.com\/wp-content\/uploads\/2024\/08\/cropped-RED-AMLO-logo-50.png","contentUrl":"https:\/\/redamlo.com\/wp-content\/uploads\/2024\/08\/cropped-RED-AMLO-logo-50.png","width":256,"height":256,"caption":"NOTICIAS DE LA 4T"},"image":{"@id":"https:\/\/redamlo.com\/#\/schema\/logo\/image\/"}},{"@type":"Person","@id":"https:\/\/redamlo.com\/#\/schema\/person\/7223a4375eb8f1a782fcae010a7115cf","name":"Blanca","image":{"@type":"ImageObject","inLanguage":"es","@id":"https:\/\/secure.gravatar.com\/avatar\/3f79bc8336367a4e6093eae8757acaaf61d1124834b905616de7829b0273426d?s=96&d=mm&r=g","url":"https:\/\/secure.gravatar.com\/avatar\/3f79bc8336367a4e6093eae8757acaaf61d1124834b905616de7829b0273426d?s=96&d=mm&r=g","contentUrl":"https:\/\/secure.gravatar.com\/avatar\/3f79bc8336367a4e6093eae8757acaaf61d1124834b905616de7829b0273426d?s=96&d=mm&r=g","caption":"Blanca"},"url":"https:\/\/redamlo.com\/index.php\/author\/blanca\/"}]}},"_links":{"self":[{"href":"https:\/\/redamlo.com\/index.php\/wp-json\/wp\/v2\/posts\/502","targetHints":{"allow":["GET"]}}],"collection":[{"href":"https:\/\/redamlo.com\/index.php\/wp-json\/wp\/v2\/posts"}],"about":[{"href":"https:\/\/redamlo.com\/index.php\/wp-json\/wp\/v2\/types\/post"}],"author":[{"embeddable":true,"href":"https:\/\/redamlo.com\/index.php\/wp-json\/wp\/v2\/users\/2"}],"replies":[{"embeddable":true,"href":"https:\/\/redamlo.com\/index.php\/wp-json\/wp\/v2\/comments?post=502"}],"version-history":[{"count":0,"href":"https:\/\/redamlo.com\/index.php\/wp-json\/wp\/v2\/posts\/502\/revisions"}],"wp:featuredmedia":[{"embeddable":true,"href":"https:\/\/redamlo.com\/index.php\/wp-json\/wp\/v2\/media\/504"}],"wp:attachment":[{"href":"https:\/\/redamlo.com\/index.php\/wp-json\/wp\/v2\/media?parent=502"}],"wp:term":[{"taxonomy":"category","embeddable":true,"href":"https:\/\/redamlo.com\/index.php\/wp-json\/wp\/v2\/categories?post=502"},{"taxonomy":"post_tag","embeddable":true,"href":"https:\/\/redamlo.com\/index.php\/wp-json\/wp\/v2\/tags?post=502"}],"curies":[{"name":"wp","href":"https:\/\/api.w.org\/{rel}","templated":true}]}}