{"id":499,"date":"2019-09-29T23:01:40","date_gmt":"2019-09-30T04:01:40","guid":{"rendered":"http:\/\/redamlo.com\/?p=499"},"modified":"2019-09-29T23:01:40","modified_gmt":"2019-09-30T04:01:40","slug":"segob-delega-seguridad-de-periodistas-al-servicio-de-proteccion-federal-a-partir-del-1-de-octubre","status":"publish","type":"post","link":"https:\/\/redamlo.com\/index.php\/2019\/09\/29\/segob-delega-seguridad-de-periodistas-al-servicio-de-proteccion-federal-a-partir-del-1-de-octubre\/","title":{"rendered":"Segob delega seguridad de periodistas al Servicio de Protecci\u00f3n Federal a partir del 1 de Octubre"},"content":{"rendered":"<p><strong>Cdmx Press.- Ciudad de M\u00e9xico a 29 de Septiembre 2019.<\/strong><\/p>\n<p><strong>El Servicio de Protecci\u00f3n Federal (SPF)<\/strong> a \u00a0partir del pr\u00f3ximo martes 1 de octubre, ese har\u00e1 cargo de la seguridad de los beneficiarios inscritos al <strong>Mecanismo de Protecci\u00f3n a Personas Defensoras de Derechos Humanos y Periodistas,<\/strong> que estaba en manos de la Secretar\u00eda de Gobernaci\u00f3n (Segob).<\/p>\n<p>El SPF dispondr\u00e1 formalmente de 169 elementos, quienes ofreceran las medidas necesarias para la defensor\u00eda y seguridad de estas personas.<\/p>\n<p>Los beneficiarios por parte del Estado Mexicano estar\u00e1n custodiados por este servicio dependiente de la Secretar\u00eda de Seguridad y Protecci\u00f3n Ciudadana (SSPC).<\/p>\n<p>&nbsp;<\/p>\n<p>En un inicio s\u00f3lo habr\u00e1 50 elementos para ejecutar las tareas de protecci\u00f3n a defensores de derechos humanos y periodistas.<\/p>\n<p>Hasta el pr\u00f3ximo 1 de noviembre se incorporar\u00e1n otros 40 integrantes del SPF y entre diciembre de 2019 y enero de 2020 se sumar\u00e1n otros 79 elementos.<\/p>\n","protected":false},"excerpt":{"rendered":"<p>Cdmx Press.- Ciudad de M\u00e9xico a 29 de Septiembre 2019. El Servicio de Protecci\u00f3n Federal&#8230;<\/p>\n","protected":false},"author":2,"featured_media":501,"comment_status":"open","ping_status":"closed","sticky":false,"template":"","format":"standard","meta":{"footnotes":""},"categories":[20],"tags":[],"class_list":["post-499","post","type-post","status-publish","format-standard","has-post-thumbnail","hentry","category-nacionales"],"yoast_head":"<!-- This site is optimized with the Yoast SEO plugin v27.5 - https:\/\/yoast.com\/product\/yoast-seo-wordpress\/ -->\n<title>Segob delega seguridad de periodistas al Servicio de Protecci\u00f3n Federal a partir del 1 de Octubre - NOTICIAS DE LA 4T<\/title>\n<meta name=\"robots\" content=\"noindex, follow, max-snippet:-1, max-image-preview:large, max-video-preview:-1\" \/>\n<meta property=\"og:locale\" content=\"es_MX\" \/>\n<meta property=\"og:type\" content=\"article\" \/>\n<meta property=\"og:title\" content=\"Segob delega seguridad de periodistas al Servicio de Protecci\u00f3n Federal a partir del 1 de Octubre - NOTICIAS DE LA 4T\" \/>\n<meta property=\"og:description\" content=\"Cdmx Press.- Ciudad de M\u00e9xico a 29 de Septiembre 2019. El Servicio de Protecci\u00f3n Federal...\" \/>\n<meta property=\"og:url\" content=\"https:\/\/redamlo.com\/index.php\/2019\/09\/29\/segob-delega-seguridad-de-periodistas-al-servicio-de-proteccion-federal-a-partir-del-1-de-octubre\/\" \/>\n<meta property=\"og:site_name\" content=\"NOTICIAS DE LA 4T\" \/>\n<meta property=\"article:published_time\" content=\"2019-09-30T04:01:40+00:00\" \/>\n<meta property=\"og:image\" content=\"https:\/\/redamlo.com\/wp-content\/uploads\/2019\/09\/Proteccion-periodistas-CDMXPRESS-LUIS-ANTONIO-GONZALEZ-MONTES.jpg\" \/>\n\t<meta property=\"og:image:width\" content=\"1170\" \/>\n\t<meta property=\"og:image:height\" content=\"600\" \/>\n\t<meta property=\"og:image:type\" content=\"image\/jpeg\" \/>\n<meta name=\"author\" content=\"Blanca\" \/>\n<meta name=\"twitter:card\" content=\"summary_large_image\" \/>\n<meta name=\"twitter:label1\" content=\"Escrito por\" \/>\n\t<meta name=\"twitter:data1\" content=\"Blanca\" \/>\n\t<meta name=\"twitter:label2\" content=\"Tiempo de lectura\" \/>\n\t<meta name=\"twitter:data2\" content=\"1 minuto\" \/>\n<script type=\"application\/ld+json\" class=\"yoast-schema-graph\">{\"@context\":\"https:\\\/\\\/schema.org\",\"@graph\":[{\"@type\":\"Article\",\"@id\":\"https:\\\/\\\/redamlo.com\\\/index.php\\\/2019\\\/09\\\/29\\\/segob-delega-seguridad-de-periodistas-al-servicio-de-proteccion-federal-a-partir-del-1-de-octubre\\\/#article\",\"isPartOf\":{\"@id\":\"https:\\\/\\\/redamlo.com\\\/index.php\\\/2019\\\/09\\\/29\\\/segob-delega-seguridad-de-periodistas-al-servicio-de-proteccion-federal-a-partir-del-1-de-octubre\\\/\"},\"author\":{\"name\":\"Blanca\",\"@id\":\"https:\\\/\\\/redamlo.com\\\/#\\\/schema\\\/person\\\/7223a4375eb8f1a782fcae010a7115cf\"},\"headline\":\"Segob delega seguridad de periodistas al Servicio de Protecci\u00f3n Federal a partir del 1 de Octubre\",\"datePublished\":\"2019-09-30T04:01:40+00:00\",\"mainEntityOfPage\":{\"@id\":\"https:\\\/\\\/redamlo.com\\\/index.php\\\/2019\\\/09\\\/29\\\/segob-delega-seguridad-de-periodistas-al-servicio-de-proteccion-federal-a-partir-del-1-de-octubre\\\/\"},\"wordCount\":168,\"commentCount\":0,\"publisher\":{\"@id\":\"https:\\\/\\\/redamlo.com\\\/#organization\"},\"image\":{\"@id\":\"https:\\\/\\\/redamlo.com\\\/index.php\\\/2019\\\/09\\\/29\\\/segob-delega-seguridad-de-periodistas-al-servicio-de-proteccion-federal-a-partir-del-1-de-octubre\\\/#primaryimage\"},\"thumbnailUrl\":\"https:\\\/\\\/redamlo.com\\\/wp-content\\\/uploads\\\/2019\\\/09\\\/Proteccion-periodistas-CDMXPRESS-LUIS-ANTONIO-GONZALEZ-MONTES.jpg\",\"articleSection\":[\"Nacionales\"],\"inLanguage\":\"es\",\"potentialAction\":[{\"@type\":\"CommentAction\",\"name\":\"Comment\",\"target\":[\"https:\\\/\\\/redamlo.com\\\/index.php\\\/2019\\\/09\\\/29\\\/segob-delega-seguridad-de-periodistas-al-servicio-de-proteccion-federal-a-partir-del-1-de-octubre\\\/#respond\"]}]},{\"@type\":\"WebPage\",\"@id\":\"https:\\\/\\\/redamlo.com\\\/index.php\\\/2019\\\/09\\\/29\\\/segob-delega-seguridad-de-periodistas-al-servicio-de-proteccion-federal-a-partir-del-1-de-octubre\\\/\",\"url\":\"https:\\\/\\\/redamlo.com\\\/index.php\\\/2019\\\/09\\\/29\\\/segob-delega-seguridad-de-periodistas-al-servicio-de-proteccion-federal-a-partir-del-1-de-octubre\\\/\",\"name\":\"Segob delega seguridad de periodistas al Servicio de Protecci\u00f3n Federal a partir del 1 de Octubre - NOTICIAS DE LA 4T\",\"isPartOf\":{\"@id\":\"https:\\\/\\\/redamlo.com\\\/#website\"},\"primaryImageOfPage\":{\"@id\":\"https:\\\/\\\/redamlo.com\\\/index.php\\\/2019\\\/09\\\/29\\\/segob-delega-seguridad-de-periodistas-al-servicio-de-proteccion-federal-a-partir-del-1-de-octubre\\\/#primaryimage\"},\"image\":{\"@id\":\"https:\\\/\\\/redamlo.com\\\/index.php\\\/2019\\\/09\\\/29\\\/segob-delega-seguridad-de-periodistas-al-servicio-de-proteccion-federal-a-partir-del-1-de-octubre\\\/#primaryimage\"},\"thumbnailUrl\":\"https:\\\/\\\/redamlo.com\\\/wp-content\\\/uploads\\\/2019\\\/09\\\/Proteccion-periodistas-CDMXPRESS-LUIS-ANTONIO-GONZALEZ-MONTES.jpg\",\"datePublished\":\"2019-09-30T04:01:40+00:00\",\"breadcrumb\":{\"@id\":\"https:\\\/\\\/redamlo.com\\\/index.php\\\/2019\\\/09\\\/29\\\/segob-delega-seguridad-de-periodistas-al-servicio-de-proteccion-federal-a-partir-del-1-de-octubre\\\/#breadcrumb\"},\"inLanguage\":\"es\",\"potentialAction\":[{\"@type\":\"ReadAction\",\"target\":[\"https:\\\/\\\/redamlo.com\\\/index.php\\\/2019\\\/09\\\/29\\\/segob-delega-seguridad-de-periodistas-al-servicio-de-proteccion-federal-a-partir-del-1-de-octubre\\\/\"]}]},{\"@type\":\"ImageObject\",\"inLanguage\":\"es\",\"@id\":\"https:\\\/\\\/redamlo.com\\\/index.php\\\/2019\\\/09\\\/29\\\/segob-delega-seguridad-de-periodistas-al-servicio-de-proteccion-federal-a-partir-del-1-de-octubre\\\/#primaryimage\",\"url\":\"https:\\\/\\\/redamlo.com\\\/wp-content\\\/uploads\\\/2019\\\/09\\\/Proteccion-periodistas-CDMXPRESS-LUIS-ANTONIO-GONZALEZ-MONTES.jpg\",\"contentUrl\":\"https:\\\/\\\/redamlo.com\\\/wp-content\\\/uploads\\\/2019\\\/09\\\/Proteccion-periodistas-CDMXPRESS-LUIS-ANTONIO-GONZALEZ-MONTES.jpg\",\"width\":1170,\"height\":600},{\"@type\":\"BreadcrumbList\",\"@id\":\"https:\\\/\\\/redamlo.com\\\/index.php\\\/2019\\\/09\\\/29\\\/segob-delega-seguridad-de-periodistas-al-servicio-de-proteccion-federal-a-partir-del-1-de-octubre\\\/#breadcrumb\",\"itemListElement\":[{\"@type\":\"ListItem\",\"position\":1,\"name\":\"Inicio\",\"item\":\"https:\\\/\\\/redamlo.com\\\/\"},{\"@type\":\"ListItem\",\"position\":2,\"name\":\"Segob delega seguridad de periodistas al Servicio de Protecci\u00f3n Federal a partir del 1 de Octubre\"}]},{\"@type\":\"WebSite\",\"@id\":\"https:\\\/\\\/redamlo.com\\\/#website\",\"url\":\"https:\\\/\\\/redamlo.com\\\/\",\"name\":\"NOTICIAS DE LA 4T\",\"description\":\"\",\"publisher\":{\"@id\":\"https:\\\/\\\/redamlo.com\\\/#organization\"},\"potentialAction\":[{\"@type\":\"SearchAction\",\"target\":{\"@type\":\"EntryPoint\",\"urlTemplate\":\"https:\\\/\\\/redamlo.com\\\/?s={search_term_string}\"},\"query-input\":{\"@type\":\"PropertyValueSpecification\",\"valueRequired\":true,\"valueName\":\"search_term_string\"}}],\"inLanguage\":\"es\"},{\"@type\":\"Organization\",\"@id\":\"https:\\\/\\\/redamlo.com\\\/#organization\",\"name\":\"NOTICIAS DE LA 4T\",\"url\":\"https:\\\/\\\/redamlo.com\\\/\",\"logo\":{\"@type\":\"ImageObject\",\"inLanguage\":\"es\",\"@id\":\"https:\\\/\\\/redamlo.com\\\/#\\\/schema\\\/logo\\\/image\\\/\",\"url\":\"https:\\\/\\\/redamlo.com\\\/wp-content\\\/uploads\\\/2024\\\/08\\\/cropped-RED-AMLO-logo-50.png\",\"contentUrl\":\"https:\\\/\\\/redamlo.com\\\/wp-content\\\/uploads\\\/2024\\\/08\\\/cropped-RED-AMLO-logo-50.png\",\"width\":256,\"height\":256,\"caption\":\"NOTICIAS DE LA 4T\"},\"image\":{\"@id\":\"https:\\\/\\\/redamlo.com\\\/#\\\/schema\\\/logo\\\/image\\\/\"}},{\"@type\":\"Person\",\"@id\":\"https:\\\/\\\/redamlo.com\\\/#\\\/schema\\\/person\\\/7223a4375eb8f1a782fcae010a7115cf\",\"name\":\"Blanca\",\"image\":{\"@type\":\"ImageObject\",\"inLanguage\":\"es\",\"@id\":\"https:\\\/\\\/secure.gravatar.com\\\/avatar\\\/3f79bc8336367a4e6093eae8757acaaf61d1124834b905616de7829b0273426d?s=96&d=mm&r=g\",\"url\":\"https:\\\/\\\/secure.gravatar.com\\\/avatar\\\/3f79bc8336367a4e6093eae8757acaaf61d1124834b905616de7829b0273426d?s=96&d=mm&r=g\",\"contentUrl\":\"https:\\\/\\\/secure.gravatar.com\\\/avatar\\\/3f79bc8336367a4e6093eae8757acaaf61d1124834b905616de7829b0273426d?s=96&d=mm&r=g\",\"caption\":\"Blanca\"},\"url\":\"https:\\\/\\\/redamlo.com\\\/index.php\\\/author\\\/blanca\\\/\"}]}<\/script>\n<!-- \/ Yoast SEO plugin. -->","yoast_head_json":{"title":"Segob delega seguridad de periodistas al Servicio de Protecci\u00f3n Federal a partir del 1 de Octubre - NOTICIAS DE LA 4T","robots":{"index":"noindex","follow":"follow","max-snippet":"max-snippet:-1","max-image-preview":"max-image-preview:large","max-video-preview":"max-video-preview:-1"},"og_locale":"es_MX","og_type":"article","og_title":"Segob delega seguridad de periodistas al Servicio de Protecci\u00f3n Federal a partir del 1 de Octubre - NOTICIAS DE LA 4T","og_description":"Cdmx Press.- Ciudad de M\u00e9xico a 29 de Septiembre 2019. El Servicio de Protecci\u00f3n Federal...","og_url":"https:\/\/redamlo.com\/index.php\/2019\/09\/29\/segob-delega-seguridad-de-periodistas-al-servicio-de-proteccion-federal-a-partir-del-1-de-octubre\/","og_site_name":"NOTICIAS DE LA 4T","article_published_time":"2019-09-30T04:01:40+00:00","og_image":[{"width":1170,"height":600,"url":"https:\/\/redamlo.com\/wp-content\/uploads\/2019\/09\/Proteccion-periodistas-CDMXPRESS-LUIS-ANTONIO-GONZALEZ-MONTES.jpg","type":"image\/jpeg"}],"author":"Blanca","twitter_card":"summary_large_image","twitter_misc":{"Escrito por":"Blanca","Tiempo de lectura":"1 minuto"},"schema":{"@context":"https:\/\/schema.org","@graph":[{"@type":"Article","@id":"https:\/\/redamlo.com\/index.php\/2019\/09\/29\/segob-delega-seguridad-de-periodistas-al-servicio-de-proteccion-federal-a-partir-del-1-de-octubre\/#article","isPartOf":{"@id":"https:\/\/redamlo.com\/index.php\/2019\/09\/29\/segob-delega-seguridad-de-periodistas-al-servicio-de-proteccion-federal-a-partir-del-1-de-octubre\/"},"author":{"name":"Blanca","@id":"https:\/\/redamlo.com\/#\/schema\/person\/7223a4375eb8f1a782fcae010a7115cf"},"headline":"Segob delega seguridad de periodistas al Servicio de Protecci\u00f3n Federal a partir del 1 de Octubre","datePublished":"2019-09-30T04:01:40+00:00","mainEntityOfPage":{"@id":"https:\/\/redamlo.com\/index.php\/2019\/09\/29\/segob-delega-seguridad-de-periodistas-al-servicio-de-proteccion-federal-a-partir-del-1-de-octubre\/"},"wordCount":168,"commentCount":0,"publisher":{"@id":"https:\/\/redamlo.com\/#organization"},"image":{"@id":"https:\/\/redamlo.com\/index.php\/2019\/09\/29\/segob-delega-seguridad-de-periodistas-al-servicio-de-proteccion-federal-a-partir-del-1-de-octubre\/#primaryimage"},"thumbnailUrl":"https:\/\/redamlo.com\/wp-content\/uploads\/2019\/09\/Proteccion-periodistas-CDMXPRESS-LUIS-ANTONIO-GONZALEZ-MONTES.jpg","articleSection":["Nacionales"],"inLanguage":"es","potentialAction":[{"@type":"CommentAction","name":"Comment","target":["https:\/\/redamlo.com\/index.php\/2019\/09\/29\/segob-delega-seguridad-de-periodistas-al-servicio-de-proteccion-federal-a-partir-del-1-de-octubre\/#respond"]}]},{"@type":"WebPage","@id":"https:\/\/redamlo.com\/index.php\/2019\/09\/29\/segob-delega-seguridad-de-periodistas-al-servicio-de-proteccion-federal-a-partir-del-1-de-octubre\/","url":"https:\/\/redamlo.com\/index.php\/2019\/09\/29\/segob-delega-seguridad-de-periodistas-al-servicio-de-proteccion-federal-a-partir-del-1-de-octubre\/","name":"Segob delega seguridad de periodistas al Servicio de Protecci\u00f3n Federal a partir del 1 de Octubre - NOTICIAS DE LA 4T","isPartOf":{"@id":"https:\/\/redamlo.com\/#website"},"primaryImageOfPage":{"@id":"https:\/\/redamlo.com\/index.php\/2019\/09\/29\/segob-delega-seguridad-de-periodistas-al-servicio-de-proteccion-federal-a-partir-del-1-de-octubre\/#primaryimage"},"image":{"@id":"https:\/\/redamlo.com\/index.php\/2019\/09\/29\/segob-delega-seguridad-de-periodistas-al-servicio-de-proteccion-federal-a-partir-del-1-de-octubre\/#primaryimage"},"thumbnailUrl":"https:\/\/redamlo.com\/wp-content\/uploads\/2019\/09\/Proteccion-periodistas-CDMXPRESS-LUIS-ANTONIO-GONZALEZ-MONTES.jpg","datePublished":"2019-09-30T04:01:40+00:00","breadcrumb":{"@id":"https:\/\/redamlo.com\/index.php\/2019\/09\/29\/segob-delega-seguridad-de-periodistas-al-servicio-de-proteccion-federal-a-partir-del-1-de-octubre\/#breadcrumb"},"inLanguage":"es","potentialAction":[{"@type":"ReadAction","target":["https:\/\/redamlo.com\/index.php\/2019\/09\/29\/segob-delega-seguridad-de-periodistas-al-servicio-de-proteccion-federal-a-partir-del-1-de-octubre\/"]}]},{"@type":"ImageObject","inLanguage":"es","@id":"https:\/\/redamlo.com\/index.php\/2019\/09\/29\/segob-delega-seguridad-de-periodistas-al-servicio-de-proteccion-federal-a-partir-del-1-de-octubre\/#primaryimage","url":"https:\/\/redamlo.com\/wp-content\/uploads\/2019\/09\/Proteccion-periodistas-CDMXPRESS-LUIS-ANTONIO-GONZALEZ-MONTES.jpg","contentUrl":"https:\/\/redamlo.com\/wp-content\/uploads\/2019\/09\/Proteccion-periodistas-CDMXPRESS-LUIS-ANTONIO-GONZALEZ-MONTES.jpg","width":1170,"height":600},{"@type":"BreadcrumbList","@id":"https:\/\/redamlo.com\/index.php\/2019\/09\/29\/segob-delega-seguridad-de-periodistas-al-servicio-de-proteccion-federal-a-partir-del-1-de-octubre\/#breadcrumb","itemListElement":[{"@type":"ListItem","position":1,"name":"Inicio","item":"https:\/\/redamlo.com\/"},{"@type":"ListItem","position":2,"name":"Segob delega seguridad de periodistas al Servicio de Protecci\u00f3n Federal a partir del 1 de Octubre"}]},{"@type":"WebSite","@id":"https:\/\/redamlo.com\/#website","url":"https:\/\/redamlo.com\/","name":"NOTICIAS DE LA 4T","description":"","publisher":{"@id":"https:\/\/redamlo.com\/#organization"},"potentialAction":[{"@type":"SearchAction","target":{"@type":"EntryPoint","urlTemplate":"https:\/\/redamlo.com\/?s={search_term_string}"},"query-input":{"@type":"PropertyValueSpecification","valueRequired":true,"valueName":"search_term_string"}}],"inLanguage":"es"},{"@type":"Organization","@id":"https:\/\/redamlo.com\/#organization","name":"NOTICIAS DE LA 4T","url":"https:\/\/redamlo.com\/","logo":{"@type":"ImageObject","inLanguage":"es","@id":"https:\/\/redamlo.com\/#\/schema\/logo\/image\/","url":"https:\/\/redamlo.com\/wp-content\/uploads\/2024\/08\/cropped-RED-AMLO-logo-50.png","contentUrl":"https:\/\/redamlo.com\/wp-content\/uploads\/2024\/08\/cropped-RED-AMLO-logo-50.png","width":256,"height":256,"caption":"NOTICIAS DE LA 4T"},"image":{"@id":"https:\/\/redamlo.com\/#\/schema\/logo\/image\/"}},{"@type":"Person","@id":"https:\/\/redamlo.com\/#\/schema\/person\/7223a4375eb8f1a782fcae010a7115cf","name":"Blanca","image":{"@type":"ImageObject","inLanguage":"es","@id":"https:\/\/secure.gravatar.com\/avatar\/3f79bc8336367a4e6093eae8757acaaf61d1124834b905616de7829b0273426d?s=96&d=mm&r=g","url":"https:\/\/secure.gravatar.com\/avatar\/3f79bc8336367a4e6093eae8757acaaf61d1124834b905616de7829b0273426d?s=96&d=mm&r=g","contentUrl":"https:\/\/secure.gravatar.com\/avatar\/3f79bc8336367a4e6093eae8757acaaf61d1124834b905616de7829b0273426d?s=96&d=mm&r=g","caption":"Blanca"},"url":"https:\/\/redamlo.com\/index.php\/author\/blanca\/"}]}},"_links":{"self":[{"href":"https:\/\/redamlo.com\/index.php\/wp-json\/wp\/v2\/posts\/499","targetHints":{"allow":["GET"]}}],"collection":[{"href":"https:\/\/redamlo.com\/index.php\/wp-json\/wp\/v2\/posts"}],"about":[{"href":"https:\/\/redamlo.com\/index.php\/wp-json\/wp\/v2\/types\/post"}],"author":[{"embeddable":true,"href":"https:\/\/redamlo.com\/index.php\/wp-json\/wp\/v2\/users\/2"}],"replies":[{"embeddable":true,"href":"https:\/\/redamlo.com\/index.php\/wp-json\/wp\/v2\/comments?post=499"}],"version-history":[{"count":0,"href":"https:\/\/redamlo.com\/index.php\/wp-json\/wp\/v2\/posts\/499\/revisions"}],"wp:featuredmedia":[{"embeddable":true,"href":"https:\/\/redamlo.com\/index.php\/wp-json\/wp\/v2\/media\/501"}],"wp:attachment":[{"href":"https:\/\/redamlo.com\/index.php\/wp-json\/wp\/v2\/media?parent=499"}],"wp:term":[{"taxonomy":"category","embeddable":true,"href":"https:\/\/redamlo.com\/index.php\/wp-json\/wp\/v2\/categories?post=499"},{"taxonomy":"post_tag","embeddable":true,"href":"https:\/\/redamlo.com\/index.php\/wp-json\/wp\/v2\/tags?post=499"}],"curies":[{"name":"wp","href":"https:\/\/api.w.org\/{rel}","templated":true}]}}