{"id":4977,"date":"2021-07-18T14:30:49","date_gmt":"2021-07-18T14:30:49","guid":{"rendered":"https:\/\/redamlo.com\/?p=4977"},"modified":"2021-07-18T14:30:49","modified_gmt":"2021-07-18T14:30:49","slug":"ricardo-monreal-hace-berrinche-al-no-ser-ni-mencionado-para-contender-por-la-presidencia-el-2024","status":"publish","type":"post","link":"https:\/\/redamlo.com\/index.php\/2021\/07\/18\/ricardo-monreal-hace-berrinche-al-no-ser-ni-mencionado-para-contender-por-la-presidencia-el-2024\/","title":{"rendered":"Ricardo Monreal  hace berrinche al no ser ni mencionado para contender por la presidencia  el 2024"},"content":{"rendered":"<p>&#8220;Voy a estar en la boleta; espero estar en Morena y con el presidente L\u00f3pez Obrador&#8230; Voy a estar puntual en la cita; espero estar en la boleta, ser candidato de Morena&#8221;, dijo<\/p>\n<p>Su autodestape si bien le va, y que al parecer no es santo de la devoci\u00f3n ni de MORENA ni de AMLO, se sumaria a Claudia Sheinbaum, y Marcelo Ebrard, siendo la mas fuerte Claudia Sheinbaum.<\/p>\n<p>Cabe recordar que el personaje actualmente funge como presidente de la Junta de Coordinaci\u00f3n Pol\u00edtica y l\u00edder de la fracci\u00f3n en la C\u00e1mara Alta del partido Movimiento Regeneraci\u00f3n Nacional (<strong>Morena<\/strong>).<\/p>\n<p id=\"m200-199-201\" class=\"paragraph con \">El senador por Zacatecas reconoci\u00f3 que la palabra del Presidente Andr\u00e9s Manuel L\u00f3pez Obrador es muy fuerte, por lo que la inclusi\u00f3n y exclusi\u00f3n de algunos posibles candidatos tiene un impacto.<\/p>\n<p id=\"m205-204-206\" class=\"paragraph con \">Monreal reiter\u00f3 que no comparte que el m\u00e9todo sea la encuesta, por lo que propuso que sea a trav\u00e9s de una consulta: \u201cEstoy pidiendo, en su momento lo har\u00e9, que sea una consulta a militantes, otro mecanismo que pueda garantizar mayor certeza\u201d, expuso.<\/p>\n","protected":false},"excerpt":{"rendered":"<p>&#8220;Voy a estar en la boleta; espero estar en Morena y con el presidente L\u00f3pez&#8230;<\/p>\n","protected":false},"author":2,"featured_media":4979,"comment_status":"open","ping_status":"closed","sticky":false,"template":"","format":"standard","meta":{"footnotes":""},"categories":[215,5,137],"tags":[131,314,1184,416,1185,1186],"class_list":["post-4977","post","type-post","status-publish","format-standard","has-post-thumbnail","hentry","category-opinion","category-politica","category-senado","tag-andres-manuel-lopez-obrador","tag-claudia-sheinbaum","tag-elecciones-presidencia-2024","tag-movimiento-regeneracion-nacional","tag-ricardo-monreal","tag-y-marcelo-ebrard"],"yoast_head":"<!-- This site is optimized with the Yoast SEO plugin v27.5 - https:\/\/yoast.com\/product\/yoast-seo-wordpress\/ -->\n<title>Ricardo Monreal hace berrinche al no ser ni mencionado para contender por la presidencia el 2024 - NOTICIAS DE LA 4T<\/title>\n<meta name=\"robots\" content=\"noindex, follow, max-snippet:-1, max-image-preview:large, max-video-preview:-1\" \/>\n<meta property=\"og:locale\" content=\"es_MX\" \/>\n<meta property=\"og:type\" content=\"article\" \/>\n<meta property=\"og:title\" content=\"Ricardo Monreal hace berrinche al no ser ni mencionado para contender por la presidencia el 2024 - NOTICIAS DE LA 4T\" \/>\n<meta property=\"og:description\" content=\"&#8220;Voy a estar en la boleta; espero estar en Morena y con el presidente L\u00f3pez...\" \/>\n<meta property=\"og:url\" content=\"https:\/\/redamlo.com\/index.php\/2021\/07\/18\/ricardo-monreal-hace-berrinche-al-no-ser-ni-mencionado-para-contender-por-la-presidencia-el-2024\/\" \/>\n<meta property=\"og:site_name\" content=\"NOTICIAS DE LA 4T\" \/>\n<meta property=\"article:published_time\" content=\"2021-07-18T14:30:49+00:00\" \/>\n<meta property=\"og:image\" content=\"https:\/\/redamlo.com\/wp-content\/uploads\/2021\/07\/MONREAL-Y-LILY-TELLEZ-MONREAL-HACE-BERRINCHE.jpg\" \/>\n\t<meta property=\"og:image:width\" content=\"850\" \/>\n\t<meta property=\"og:image:height\" content=\"700\" \/>\n\t<meta property=\"og:image:type\" content=\"image\/jpeg\" \/>\n<meta name=\"author\" content=\"Blanca\" \/>\n<meta name=\"twitter:card\" content=\"summary_large_image\" \/>\n<meta name=\"twitter:label1\" content=\"Escrito por\" \/>\n\t<meta name=\"twitter:data1\" content=\"Blanca\" \/>\n\t<meta name=\"twitter:label2\" content=\"Tiempo de lectura\" \/>\n\t<meta name=\"twitter:data2\" content=\"1 minuto\" \/>\n<script type=\"application\/ld+json\" class=\"yoast-schema-graph\">{\"@context\":\"https:\\\/\\\/schema.org\",\"@graph\":[{\"@type\":\"Article\",\"@id\":\"https:\\\/\\\/redamlo.com\\\/index.php\\\/2021\\\/07\\\/18\\\/ricardo-monreal-hace-berrinche-al-no-ser-ni-mencionado-para-contender-por-la-presidencia-el-2024\\\/#article\",\"isPartOf\":{\"@id\":\"https:\\\/\\\/redamlo.com\\\/index.php\\\/2021\\\/07\\\/18\\\/ricardo-monreal-hace-berrinche-al-no-ser-ni-mencionado-para-contender-por-la-presidencia-el-2024\\\/\"},\"author\":{\"name\":\"Blanca\",\"@id\":\"https:\\\/\\\/redamlo.com\\\/#\\\/schema\\\/person\\\/7223a4375eb8f1a782fcae010a7115cf\"},\"headline\":\"Ricardo Monreal hace berrinche al no ser ni mencionado para contender por la presidencia el 2024\",\"datePublished\":\"2021-07-18T14:30:49+00:00\",\"mainEntityOfPage\":{\"@id\":\"https:\\\/\\\/redamlo.com\\\/index.php\\\/2021\\\/07\\\/18\\\/ricardo-monreal-hace-berrinche-al-no-ser-ni-mencionado-para-contender-por-la-presidencia-el-2024\\\/\"},\"wordCount\":202,\"commentCount\":0,\"publisher\":{\"@id\":\"https:\\\/\\\/redamlo.com\\\/#organization\"},\"image\":{\"@id\":\"https:\\\/\\\/redamlo.com\\\/index.php\\\/2021\\\/07\\\/18\\\/ricardo-monreal-hace-berrinche-al-no-ser-ni-mencionado-para-contender-por-la-presidencia-el-2024\\\/#primaryimage\"},\"thumbnailUrl\":\"https:\\\/\\\/redamlo.com\\\/wp-content\\\/uploads\\\/2021\\\/07\\\/MONREAL-Y-LILY-TELLEZ-MONREAL-HACE-BERRINCHE.jpg\",\"keywords\":[\"Andr\u00e9s Manuel L\u00f3pez Obrador\",\"Claudia Sheinbaum\",\"Elecciones Presidencia 2024\",\"Movimiento Regeneraci\u00f3n Nacional\",\"Ricardo Monreal\",\"y Marcelo Ebrard\"],\"articleSection\":[\"Opini\u00f3n\",\"Pol\u00edtica\",\"Senado\"],\"inLanguage\":\"es\",\"potentialAction\":[{\"@type\":\"CommentAction\",\"name\":\"Comment\",\"target\":[\"https:\\\/\\\/redamlo.com\\\/index.php\\\/2021\\\/07\\\/18\\\/ricardo-monreal-hace-berrinche-al-no-ser-ni-mencionado-para-contender-por-la-presidencia-el-2024\\\/#respond\"]}]},{\"@type\":\"WebPage\",\"@id\":\"https:\\\/\\\/redamlo.com\\\/index.php\\\/2021\\\/07\\\/18\\\/ricardo-monreal-hace-berrinche-al-no-ser-ni-mencionado-para-contender-por-la-presidencia-el-2024\\\/\",\"url\":\"https:\\\/\\\/redamlo.com\\\/index.php\\\/2021\\\/07\\\/18\\\/ricardo-monreal-hace-berrinche-al-no-ser-ni-mencionado-para-contender-por-la-presidencia-el-2024\\\/\",\"name\":\"Ricardo Monreal hace berrinche al no ser ni mencionado para contender por la presidencia el 2024 - NOTICIAS DE LA 4T\",\"isPartOf\":{\"@id\":\"https:\\\/\\\/redamlo.com\\\/#website\"},\"primaryImageOfPage\":{\"@id\":\"https:\\\/\\\/redamlo.com\\\/index.php\\\/2021\\\/07\\\/18\\\/ricardo-monreal-hace-berrinche-al-no-ser-ni-mencionado-para-contender-por-la-presidencia-el-2024\\\/#primaryimage\"},\"image\":{\"@id\":\"https:\\\/\\\/redamlo.com\\\/index.php\\\/2021\\\/07\\\/18\\\/ricardo-monreal-hace-berrinche-al-no-ser-ni-mencionado-para-contender-por-la-presidencia-el-2024\\\/#primaryimage\"},\"thumbnailUrl\":\"https:\\\/\\\/redamlo.com\\\/wp-content\\\/uploads\\\/2021\\\/07\\\/MONREAL-Y-LILY-TELLEZ-MONREAL-HACE-BERRINCHE.jpg\",\"datePublished\":\"2021-07-18T14:30:49+00:00\",\"breadcrumb\":{\"@id\":\"https:\\\/\\\/redamlo.com\\\/index.php\\\/2021\\\/07\\\/18\\\/ricardo-monreal-hace-berrinche-al-no-ser-ni-mencionado-para-contender-por-la-presidencia-el-2024\\\/#breadcrumb\"},\"inLanguage\":\"es\",\"potentialAction\":[{\"@type\":\"ReadAction\",\"target\":[\"https:\\\/\\\/redamlo.com\\\/index.php\\\/2021\\\/07\\\/18\\\/ricardo-monreal-hace-berrinche-al-no-ser-ni-mencionado-para-contender-por-la-presidencia-el-2024\\\/\"]}]},{\"@type\":\"ImageObject\",\"inLanguage\":\"es\",\"@id\":\"https:\\\/\\\/redamlo.com\\\/index.php\\\/2021\\\/07\\\/18\\\/ricardo-monreal-hace-berrinche-al-no-ser-ni-mencionado-para-contender-por-la-presidencia-el-2024\\\/#primaryimage\",\"url\":\"https:\\\/\\\/redamlo.com\\\/wp-content\\\/uploads\\\/2021\\\/07\\\/MONREAL-Y-LILY-TELLEZ-MONREAL-HACE-BERRINCHE.jpg\",\"contentUrl\":\"https:\\\/\\\/redamlo.com\\\/wp-content\\\/uploads\\\/2021\\\/07\\\/MONREAL-Y-LILY-TELLEZ-MONREAL-HACE-BERRINCHE.jpg\",\"width\":850,\"height\":700},{\"@type\":\"BreadcrumbList\",\"@id\":\"https:\\\/\\\/redamlo.com\\\/index.php\\\/2021\\\/07\\\/18\\\/ricardo-monreal-hace-berrinche-al-no-ser-ni-mencionado-para-contender-por-la-presidencia-el-2024\\\/#breadcrumb\",\"itemListElement\":[{\"@type\":\"ListItem\",\"position\":1,\"name\":\"Inicio\",\"item\":\"https:\\\/\\\/redamlo.com\\\/\"},{\"@type\":\"ListItem\",\"position\":2,\"name\":\"Ricardo Monreal hace berrinche al no ser ni mencionado para contender por la presidencia el 2024\"}]},{\"@type\":\"WebSite\",\"@id\":\"https:\\\/\\\/redamlo.com\\\/#website\",\"url\":\"https:\\\/\\\/redamlo.com\\\/\",\"name\":\"NOTICIAS DE LA 4T\",\"description\":\"\",\"publisher\":{\"@id\":\"https:\\\/\\\/redamlo.com\\\/#organization\"},\"potentialAction\":[{\"@type\":\"SearchAction\",\"target\":{\"@type\":\"EntryPoint\",\"urlTemplate\":\"https:\\\/\\\/redamlo.com\\\/?s={search_term_string}\"},\"query-input\":{\"@type\":\"PropertyValueSpecification\",\"valueRequired\":true,\"valueName\":\"search_term_string\"}}],\"inLanguage\":\"es\"},{\"@type\":\"Organization\",\"@id\":\"https:\\\/\\\/redamlo.com\\\/#organization\",\"name\":\"NOTICIAS DE LA 4T\",\"url\":\"https:\\\/\\\/redamlo.com\\\/\",\"logo\":{\"@type\":\"ImageObject\",\"inLanguage\":\"es\",\"@id\":\"https:\\\/\\\/redamlo.com\\\/#\\\/schema\\\/logo\\\/image\\\/\",\"url\":\"https:\\\/\\\/redamlo.com\\\/wp-content\\\/uploads\\\/2024\\\/08\\\/cropped-RED-AMLO-logo-50.png\",\"contentUrl\":\"https:\\\/\\\/redamlo.com\\\/wp-content\\\/uploads\\\/2024\\\/08\\\/cropped-RED-AMLO-logo-50.png\",\"width\":256,\"height\":256,\"caption\":\"NOTICIAS DE LA 4T\"},\"image\":{\"@id\":\"https:\\\/\\\/redamlo.com\\\/#\\\/schema\\\/logo\\\/image\\\/\"}},{\"@type\":\"Person\",\"@id\":\"https:\\\/\\\/redamlo.com\\\/#\\\/schema\\\/person\\\/7223a4375eb8f1a782fcae010a7115cf\",\"name\":\"Blanca\",\"image\":{\"@type\":\"ImageObject\",\"inLanguage\":\"es\",\"@id\":\"https:\\\/\\\/secure.gravatar.com\\\/avatar\\\/3f79bc8336367a4e6093eae8757acaaf61d1124834b905616de7829b0273426d?s=96&d=mm&r=g\",\"url\":\"https:\\\/\\\/secure.gravatar.com\\\/avatar\\\/3f79bc8336367a4e6093eae8757acaaf61d1124834b905616de7829b0273426d?s=96&d=mm&r=g\",\"contentUrl\":\"https:\\\/\\\/secure.gravatar.com\\\/avatar\\\/3f79bc8336367a4e6093eae8757acaaf61d1124834b905616de7829b0273426d?s=96&d=mm&r=g\",\"caption\":\"Blanca\"},\"url\":\"https:\\\/\\\/redamlo.com\\\/index.php\\\/author\\\/blanca\\\/\"}]}<\/script>\n<!-- \/ Yoast SEO plugin. -->","yoast_head_json":{"title":"Ricardo Monreal hace berrinche al no ser ni mencionado para contender por la presidencia el 2024 - NOTICIAS DE LA 4T","robots":{"index":"noindex","follow":"follow","max-snippet":"max-snippet:-1","max-image-preview":"max-image-preview:large","max-video-preview":"max-video-preview:-1"},"og_locale":"es_MX","og_type":"article","og_title":"Ricardo Monreal hace berrinche al no ser ni mencionado para contender por la presidencia el 2024 - NOTICIAS DE LA 4T","og_description":"&#8220;Voy a estar en la boleta; espero estar en Morena y con el presidente L\u00f3pez...","og_url":"https:\/\/redamlo.com\/index.php\/2021\/07\/18\/ricardo-monreal-hace-berrinche-al-no-ser-ni-mencionado-para-contender-por-la-presidencia-el-2024\/","og_site_name":"NOTICIAS DE LA 4T","article_published_time":"2021-07-18T14:30:49+00:00","og_image":[{"width":850,"height":700,"url":"https:\/\/redamlo.com\/wp-content\/uploads\/2021\/07\/MONREAL-Y-LILY-TELLEZ-MONREAL-HACE-BERRINCHE.jpg","type":"image\/jpeg"}],"author":"Blanca","twitter_card":"summary_large_image","twitter_misc":{"Escrito por":"Blanca","Tiempo de lectura":"1 minuto"},"schema":{"@context":"https:\/\/schema.org","@graph":[{"@type":"Article","@id":"https:\/\/redamlo.com\/index.php\/2021\/07\/18\/ricardo-monreal-hace-berrinche-al-no-ser-ni-mencionado-para-contender-por-la-presidencia-el-2024\/#article","isPartOf":{"@id":"https:\/\/redamlo.com\/index.php\/2021\/07\/18\/ricardo-monreal-hace-berrinche-al-no-ser-ni-mencionado-para-contender-por-la-presidencia-el-2024\/"},"author":{"name":"Blanca","@id":"https:\/\/redamlo.com\/#\/schema\/person\/7223a4375eb8f1a782fcae010a7115cf"},"headline":"Ricardo Monreal hace berrinche al no ser ni mencionado para contender por la presidencia el 2024","datePublished":"2021-07-18T14:30:49+00:00","mainEntityOfPage":{"@id":"https:\/\/redamlo.com\/index.php\/2021\/07\/18\/ricardo-monreal-hace-berrinche-al-no-ser-ni-mencionado-para-contender-por-la-presidencia-el-2024\/"},"wordCount":202,"commentCount":0,"publisher":{"@id":"https:\/\/redamlo.com\/#organization"},"image":{"@id":"https:\/\/redamlo.com\/index.php\/2021\/07\/18\/ricardo-monreal-hace-berrinche-al-no-ser-ni-mencionado-para-contender-por-la-presidencia-el-2024\/#primaryimage"},"thumbnailUrl":"https:\/\/redamlo.com\/wp-content\/uploads\/2021\/07\/MONREAL-Y-LILY-TELLEZ-MONREAL-HACE-BERRINCHE.jpg","keywords":["Andr\u00e9s Manuel L\u00f3pez Obrador","Claudia Sheinbaum","Elecciones Presidencia 2024","Movimiento Regeneraci\u00f3n Nacional","Ricardo Monreal","y Marcelo Ebrard"],"articleSection":["Opini\u00f3n","Pol\u00edtica","Senado"],"inLanguage":"es","potentialAction":[{"@type":"CommentAction","name":"Comment","target":["https:\/\/redamlo.com\/index.php\/2021\/07\/18\/ricardo-monreal-hace-berrinche-al-no-ser-ni-mencionado-para-contender-por-la-presidencia-el-2024\/#respond"]}]},{"@type":"WebPage","@id":"https:\/\/redamlo.com\/index.php\/2021\/07\/18\/ricardo-monreal-hace-berrinche-al-no-ser-ni-mencionado-para-contender-por-la-presidencia-el-2024\/","url":"https:\/\/redamlo.com\/index.php\/2021\/07\/18\/ricardo-monreal-hace-berrinche-al-no-ser-ni-mencionado-para-contender-por-la-presidencia-el-2024\/","name":"Ricardo Monreal hace berrinche al no ser ni mencionado para contender por la presidencia el 2024 - NOTICIAS DE LA 4T","isPartOf":{"@id":"https:\/\/redamlo.com\/#website"},"primaryImageOfPage":{"@id":"https:\/\/redamlo.com\/index.php\/2021\/07\/18\/ricardo-monreal-hace-berrinche-al-no-ser-ni-mencionado-para-contender-por-la-presidencia-el-2024\/#primaryimage"},"image":{"@id":"https:\/\/redamlo.com\/index.php\/2021\/07\/18\/ricardo-monreal-hace-berrinche-al-no-ser-ni-mencionado-para-contender-por-la-presidencia-el-2024\/#primaryimage"},"thumbnailUrl":"https:\/\/redamlo.com\/wp-content\/uploads\/2021\/07\/MONREAL-Y-LILY-TELLEZ-MONREAL-HACE-BERRINCHE.jpg","datePublished":"2021-07-18T14:30:49+00:00","breadcrumb":{"@id":"https:\/\/redamlo.com\/index.php\/2021\/07\/18\/ricardo-monreal-hace-berrinche-al-no-ser-ni-mencionado-para-contender-por-la-presidencia-el-2024\/#breadcrumb"},"inLanguage":"es","potentialAction":[{"@type":"ReadAction","target":["https:\/\/redamlo.com\/index.php\/2021\/07\/18\/ricardo-monreal-hace-berrinche-al-no-ser-ni-mencionado-para-contender-por-la-presidencia-el-2024\/"]}]},{"@type":"ImageObject","inLanguage":"es","@id":"https:\/\/redamlo.com\/index.php\/2021\/07\/18\/ricardo-monreal-hace-berrinche-al-no-ser-ni-mencionado-para-contender-por-la-presidencia-el-2024\/#primaryimage","url":"https:\/\/redamlo.com\/wp-content\/uploads\/2021\/07\/MONREAL-Y-LILY-TELLEZ-MONREAL-HACE-BERRINCHE.jpg","contentUrl":"https:\/\/redamlo.com\/wp-content\/uploads\/2021\/07\/MONREAL-Y-LILY-TELLEZ-MONREAL-HACE-BERRINCHE.jpg","width":850,"height":700},{"@type":"BreadcrumbList","@id":"https:\/\/redamlo.com\/index.php\/2021\/07\/18\/ricardo-monreal-hace-berrinche-al-no-ser-ni-mencionado-para-contender-por-la-presidencia-el-2024\/#breadcrumb","itemListElement":[{"@type":"ListItem","position":1,"name":"Inicio","item":"https:\/\/redamlo.com\/"},{"@type":"ListItem","position":2,"name":"Ricardo Monreal hace berrinche al no ser ni mencionado para contender por la presidencia el 2024"}]},{"@type":"WebSite","@id":"https:\/\/redamlo.com\/#website","url":"https:\/\/redamlo.com\/","name":"NOTICIAS DE LA 4T","description":"","publisher":{"@id":"https:\/\/redamlo.com\/#organization"},"potentialAction":[{"@type":"SearchAction","target":{"@type":"EntryPoint","urlTemplate":"https:\/\/redamlo.com\/?s={search_term_string}"},"query-input":{"@type":"PropertyValueSpecification","valueRequired":true,"valueName":"search_term_string"}}],"inLanguage":"es"},{"@type":"Organization","@id":"https:\/\/redamlo.com\/#organization","name":"NOTICIAS DE LA 4T","url":"https:\/\/redamlo.com\/","logo":{"@type":"ImageObject","inLanguage":"es","@id":"https:\/\/redamlo.com\/#\/schema\/logo\/image\/","url":"https:\/\/redamlo.com\/wp-content\/uploads\/2024\/08\/cropped-RED-AMLO-logo-50.png","contentUrl":"https:\/\/redamlo.com\/wp-content\/uploads\/2024\/08\/cropped-RED-AMLO-logo-50.png","width":256,"height":256,"caption":"NOTICIAS DE LA 4T"},"image":{"@id":"https:\/\/redamlo.com\/#\/schema\/logo\/image\/"}},{"@type":"Person","@id":"https:\/\/redamlo.com\/#\/schema\/person\/7223a4375eb8f1a782fcae010a7115cf","name":"Blanca","image":{"@type":"ImageObject","inLanguage":"es","@id":"https:\/\/secure.gravatar.com\/avatar\/3f79bc8336367a4e6093eae8757acaaf61d1124834b905616de7829b0273426d?s=96&d=mm&r=g","url":"https:\/\/secure.gravatar.com\/avatar\/3f79bc8336367a4e6093eae8757acaaf61d1124834b905616de7829b0273426d?s=96&d=mm&r=g","contentUrl":"https:\/\/secure.gravatar.com\/avatar\/3f79bc8336367a4e6093eae8757acaaf61d1124834b905616de7829b0273426d?s=96&d=mm&r=g","caption":"Blanca"},"url":"https:\/\/redamlo.com\/index.php\/author\/blanca\/"}]}},"_links":{"self":[{"href":"https:\/\/redamlo.com\/index.php\/wp-json\/wp\/v2\/posts\/4977","targetHints":{"allow":["GET"]}}],"collection":[{"href":"https:\/\/redamlo.com\/index.php\/wp-json\/wp\/v2\/posts"}],"about":[{"href":"https:\/\/redamlo.com\/index.php\/wp-json\/wp\/v2\/types\/post"}],"author":[{"embeddable":true,"href":"https:\/\/redamlo.com\/index.php\/wp-json\/wp\/v2\/users\/2"}],"replies":[{"embeddable":true,"href":"https:\/\/redamlo.com\/index.php\/wp-json\/wp\/v2\/comments?post=4977"}],"version-history":[{"count":0,"href":"https:\/\/redamlo.com\/index.php\/wp-json\/wp\/v2\/posts\/4977\/revisions"}],"wp:featuredmedia":[{"embeddable":true,"href":"https:\/\/redamlo.com\/index.php\/wp-json\/wp\/v2\/media\/4979"}],"wp:attachment":[{"href":"https:\/\/redamlo.com\/index.php\/wp-json\/wp\/v2\/media?parent=4977"}],"wp:term":[{"taxonomy":"category","embeddable":true,"href":"https:\/\/redamlo.com\/index.php\/wp-json\/wp\/v2\/categories?post=4977"},{"taxonomy":"post_tag","embeddable":true,"href":"https:\/\/redamlo.com\/index.php\/wp-json\/wp\/v2\/tags?post=4977"}],"curies":[{"name":"wp","href":"https:\/\/api.w.org\/{rel}","templated":true}]}}