{"id":4972,"date":"2021-07-16T12:00:55","date_gmt":"2021-07-16T12:00:55","guid":{"rendered":"https:\/\/redamlo.com\/?p=4972"},"modified":"2021-07-16T12:00:55","modified_gmt":"2021-07-16T12:00:55","slug":"lopez-obrador-resalta-beneficios-del-tren-maya-en-el-sureste-del-pais-no-danara-el-ambiente-reafirma","status":"publish","type":"post","link":"https:\/\/redamlo.com\/index.php\/2021\/07\/16\/lopez-obrador-resalta-beneficios-del-tren-maya-en-el-sureste-del-pais-no-danara-el-ambiente-reafirma\/","title":{"rendered":"L\u00f3pez Obrador resalta beneficios del Tren Maya en el sureste del pa\u00eds; no da\u00f1ar\u00e1 el ambiente, reafirma"},"content":{"rendered":"<div id=\":eh\" class=\"Ar Au Ao\">\n<div id=\":ed\" class=\"Am Al editable LW-avf tS-tW tS-tY\" style=\"text-align: justify;\" tabindex=\"1\" role=\"textbox\" contenteditable=\"true\" spellcheck=\"false\" aria-label=\"Cuerpo del mensaje\" aria-multiline=\"true\">\n<p><span style=\"font-family: Arial, Helvetica, sans-serif; color: #000000;\">M\u00c9XICO, 16 de julio de 2021.- El presidente de M\u00e9xico, Andr\u00e9s Manuel L\u00f3pez Obrador reafirm\u00f3 que el Tren Maya utilizar\u00e1 el derecho de v\u00eda existente, por lo que no intervendr\u00e1 ni da\u00f1ar\u00e1 el ecosistema del sureste del pa\u00eds.<\/span><\/p>\n<p><span style=\"font-family: Arial, Helvetica, sans-serif; color: #000000;\">En conferencia de prensa matutina detall\u00f3 la ruta de mil 554 kil\u00f3metros que recorrer\u00e1 a trav\u00e9s de los estados de Chiapas, Tabasco, Campeche, Yucat\u00e1n y Quintana Roo.<\/span><\/p>\n<p><span style=\"font-family: Arial, Helvetica, sans-serif; color: #000000;\">Record\u00f3 que las 19 estaciones se ubicar\u00e1n en Palenque, Tenosique, El Triunfo, Esc\u00e1rcega, Edzn\u00e1, Campeche, M\u00e9rida, Izamal, Chich\u00e9n-Itz\u00e1, Valladolid, Nuevo Xc\u00e1n, Canc\u00fan Aeropuerto, Puerto Morelos, Playa del Carmen, Tulum, Felipe Carrillo Puerto, Bacalar, Chetumal y Xpujil.<\/span><\/p>\n<p><span style=\"font-family: Arial, Helvetica, sans-serif; color: #000000;\">\u201cDebemos terminar para finales del 2023, por eso estamos trabajando con todo\u201d, enfatiz\u00f3 el mandatario.<\/span><\/p>\n<p><span style=\"font-family: Arial, Helvetica, sans-serif; color: #000000;\">Explic\u00f3 que Mota-Engil, Grupo Carso, Grupo INDI e ICA tienen avances importantes en la construcci\u00f3n de sus respectivos tramos.<\/span><\/p>\n<p><span style=\"font-family: Arial, Helvetica, sans-serif; color: #000000;\">Uno de los beneficios que traer\u00e1 el Tren Maya, dijo, es la edificaci\u00f3n del aeropuerto en Tulum con capacidad para recibir cuatro millones de turistas.<\/span><\/p>\n<p><span style=\"font-family: Arial, Helvetica, sans-serif; color: #000000;\">Refiri\u00f3 que estos proyectos, junto con la rehabilitaci\u00f3n del Puerto de Coatzacoalcos y la v\u00eda de Ixtepec que conecta los l\u00edmites con Guatemala, ayudar\u00e1n a detonar el desarrollo en el sur.<\/span><\/p>\n<p><span style=\"font-family: Arial, Helvetica, sans-serif; color: #000000;\">\u201cEsta era la regi\u00f3n olvidada ni para robar les importaba, por eso dejaron sin privatizar las v\u00edas del ferrocarril, no les interesaba y resulta que aqu\u00ed hay pobreza muchas necesidades y ahora hay inversi\u00f3n p\u00fablica federal. Esto no significa decir que se va a dejar de atender el centro o el norte, pero es equilibrar, atender el sur-sureste\u201d, remarc\u00f3.<\/span><\/p>\n<p><span style=\"font-family: Arial, Helvetica, sans-serif; color: #000000;\">Acot\u00f3 que dicha regi\u00f3n es estrat\u00e9gica porque durante d\u00e9cadas de ah\u00ed se ha obtenido una importante cantidad del presupuesto p\u00fablico para a todo el pa\u00eds.<\/span><\/p>\n<p><span style=\"font-family: Arial, Helvetica, sans-serif; color: #000000;\">\u201cAqu\u00ed se produce el 95 por ciento del petr\u00f3leo de M\u00e9xico. Se extrae. (\u2026) Le ha dado mucho el sureste al resto del pa\u00eds. Yo creo que ya es justo que se le recompense, sobre todo atendiendo el desarrollo econ\u00f3mico y social y esto incluye Veracruz, Guerrero a donde voy hoy, Oaxaca, Chiapas\u201d, enfatiz\u00f3.<\/span><\/p>\n<p><iframe loading=\"lazy\" title=\"Proyectos estrat\u00e9gicos dar\u00e1n desarrollo y justicia al sur-sureste. Conferencia presidente AMLO\" width=\"640\" height=\"360\" src=\"https:\/\/www.youtube.com\/embed\/4icUYtSGldE?start=1455&#038;feature=oembed\" frameborder=\"0\" allow=\"accelerometer; autoplay; clipboard-write; encrypted-media; gyroscope; picture-in-picture; web-share\" referrerpolicy=\"strict-origin-when-cross-origin\" allowfullscreen><\/iframe><\/p>\n<\/div>\n<\/div>\n","protected":false},"excerpt":{"rendered":"<p>M\u00c9XICO, 16 de julio de 2021.- El presidente de M\u00e9xico, Andr\u00e9s Manuel L\u00f3pez Obrador reafirm\u00f3&#8230;<\/p>\n","protected":false},"author":2,"featured_media":4975,"comment_status":"open","ping_status":"closed","sticky":false,"template":"","format":"standard","meta":{"footnotes":""},"categories":[25,20,27],"tags":[84,131,791,191,1183,556,9,21,126,204,828],"class_list":["post-4972","post","type-post","status-publish","format-standard","has-post-thumbnail","hentry","category-4t","category-nacionales","category-presidencia","tag-amlo","tag-andres-manuel-lopez-obrador","tag-campeche","tag-chiapas","tag-desarrollo-economico","tag-gobierno-de-mexico","tag-mexico","tag-quintana-roo","tag-tabasco","tag-tren-maya","tag-yucatan"],"yoast_head":"<!-- This site is optimized with the Yoast SEO plugin v27.5 - https:\/\/yoast.com\/product\/yoast-seo-wordpress\/ -->\n<title>L\u00f3pez Obrador resalta beneficios del Tren Maya en el sureste del pa\u00eds; no da\u00f1ar\u00e1 el ambiente, reafirma - NOTICIAS DE LA 4T<\/title>\n<meta name=\"robots\" content=\"noindex, follow, max-snippet:-1, max-image-preview:large, max-video-preview:-1\" \/>\n<meta property=\"og:locale\" content=\"es_MX\" \/>\n<meta property=\"og:type\" content=\"article\" \/>\n<meta property=\"og:title\" content=\"L\u00f3pez Obrador resalta beneficios del Tren Maya en el sureste del pa\u00eds; no da\u00f1ar\u00e1 el ambiente, reafirma - NOTICIAS DE LA 4T\" \/>\n<meta property=\"og:description\" content=\"M\u00c9XICO, 16 de julio de 2021.- El presidente de M\u00e9xico, Andr\u00e9s Manuel L\u00f3pez Obrador reafirm\u00f3...\" \/>\n<meta property=\"og:url\" content=\"https:\/\/redamlo.com\/index.php\/2021\/07\/16\/lopez-obrador-resalta-beneficios-del-tren-maya-en-el-sureste-del-pais-no-danara-el-ambiente-reafirma\/\" \/>\n<meta property=\"og:site_name\" content=\"NOTICIAS DE LA 4T\" \/>\n<meta property=\"article:published_time\" content=\"2021-07-16T12:00:55+00:00\" \/>\n<meta property=\"og:image\" content=\"https:\/\/redamlo.com\/wp-content\/uploads\/2021\/07\/Lopez-Obrador-resalta-beneficios-del-Tren-Maya-en-el-sureste-del-pais-no-danara-el-ambiente-reafirma.jpg\" \/>\n\t<meta property=\"og:image:width\" content=\"1500\" \/>\n\t<meta property=\"og:image:height\" content=\"939\" \/>\n\t<meta property=\"og:image:type\" content=\"image\/jpeg\" \/>\n<meta name=\"author\" content=\"Blanca\" \/>\n<meta name=\"twitter:card\" content=\"summary_large_image\" \/>\n<meta name=\"twitter:label1\" content=\"Escrito por\" \/>\n\t<meta name=\"twitter:data1\" content=\"Blanca\" \/>\n\t<meta name=\"twitter:label2\" content=\"Tiempo de lectura\" \/>\n\t<meta name=\"twitter:data2\" content=\"2 minutos\" \/>\n<script type=\"application\/ld+json\" class=\"yoast-schema-graph\">{\"@context\":\"https:\\\/\\\/schema.org\",\"@graph\":[{\"@type\":\"Article\",\"@id\":\"https:\\\/\\\/redamlo.com\\\/index.php\\\/2021\\\/07\\\/16\\\/lopez-obrador-resalta-beneficios-del-tren-maya-en-el-sureste-del-pais-no-danara-el-ambiente-reafirma\\\/#article\",\"isPartOf\":{\"@id\":\"https:\\\/\\\/redamlo.com\\\/index.php\\\/2021\\\/07\\\/16\\\/lopez-obrador-resalta-beneficios-del-tren-maya-en-el-sureste-del-pais-no-danara-el-ambiente-reafirma\\\/\"},\"author\":{\"name\":\"Blanca\",\"@id\":\"https:\\\/\\\/redamlo.com\\\/#\\\/schema\\\/person\\\/7223a4375eb8f1a782fcae010a7115cf\"},\"headline\":\"L\u00f3pez Obrador resalta beneficios del Tren Maya en el sureste del pa\u00eds; no da\u00f1ar\u00e1 el ambiente, reafirma\",\"datePublished\":\"2021-07-16T12:00:55+00:00\",\"mainEntityOfPage\":{\"@id\":\"https:\\\/\\\/redamlo.com\\\/index.php\\\/2021\\\/07\\\/16\\\/lopez-obrador-resalta-beneficios-del-tren-maya-en-el-sureste-del-pais-no-danara-el-ambiente-reafirma\\\/\"},\"wordCount\":392,\"commentCount\":0,\"publisher\":{\"@id\":\"https:\\\/\\\/redamlo.com\\\/#organization\"},\"image\":{\"@id\":\"https:\\\/\\\/redamlo.com\\\/index.php\\\/2021\\\/07\\\/16\\\/lopez-obrador-resalta-beneficios-del-tren-maya-en-el-sureste-del-pais-no-danara-el-ambiente-reafirma\\\/#primaryimage\"},\"thumbnailUrl\":\"https:\\\/\\\/redamlo.com\\\/wp-content\\\/uploads\\\/2021\\\/07\\\/Lopez-Obrador-resalta-beneficios-del-Tren-Maya-en-el-sureste-del-pais-no-danara-el-ambiente-reafirma.jpg\",\"keywords\":[\"AMLO\",\"Andr\u00e9s Manuel L\u00f3pez Obrador\",\"Campeche\",\"Chiapas\",\"desarrollo econ\u00f3mico\",\"Gobierno de M\u00e9xico\",\"M\u00e9xico\",\"Quintana Roo\",\"Tabasco\",\"Tren Maya\",\"Yucat\u00e1n\"],\"articleSection\":[\"4T\",\"Nacionales\",\"Presidencia\"],\"inLanguage\":\"es\",\"potentialAction\":[{\"@type\":\"CommentAction\",\"name\":\"Comment\",\"target\":[\"https:\\\/\\\/redamlo.com\\\/index.php\\\/2021\\\/07\\\/16\\\/lopez-obrador-resalta-beneficios-del-tren-maya-en-el-sureste-del-pais-no-danara-el-ambiente-reafirma\\\/#respond\"]}]},{\"@type\":\"WebPage\",\"@id\":\"https:\\\/\\\/redamlo.com\\\/index.php\\\/2021\\\/07\\\/16\\\/lopez-obrador-resalta-beneficios-del-tren-maya-en-el-sureste-del-pais-no-danara-el-ambiente-reafirma\\\/\",\"url\":\"https:\\\/\\\/redamlo.com\\\/index.php\\\/2021\\\/07\\\/16\\\/lopez-obrador-resalta-beneficios-del-tren-maya-en-el-sureste-del-pais-no-danara-el-ambiente-reafirma\\\/\",\"name\":\"L\u00f3pez Obrador resalta beneficios del Tren Maya en el sureste del pa\u00eds; no da\u00f1ar\u00e1 el ambiente, reafirma - NOTICIAS DE LA 4T\",\"isPartOf\":{\"@id\":\"https:\\\/\\\/redamlo.com\\\/#website\"},\"primaryImageOfPage\":{\"@id\":\"https:\\\/\\\/redamlo.com\\\/index.php\\\/2021\\\/07\\\/16\\\/lopez-obrador-resalta-beneficios-del-tren-maya-en-el-sureste-del-pais-no-danara-el-ambiente-reafirma\\\/#primaryimage\"},\"image\":{\"@id\":\"https:\\\/\\\/redamlo.com\\\/index.php\\\/2021\\\/07\\\/16\\\/lopez-obrador-resalta-beneficios-del-tren-maya-en-el-sureste-del-pais-no-danara-el-ambiente-reafirma\\\/#primaryimage\"},\"thumbnailUrl\":\"https:\\\/\\\/redamlo.com\\\/wp-content\\\/uploads\\\/2021\\\/07\\\/Lopez-Obrador-resalta-beneficios-del-Tren-Maya-en-el-sureste-del-pais-no-danara-el-ambiente-reafirma.jpg\",\"datePublished\":\"2021-07-16T12:00:55+00:00\",\"breadcrumb\":{\"@id\":\"https:\\\/\\\/redamlo.com\\\/index.php\\\/2021\\\/07\\\/16\\\/lopez-obrador-resalta-beneficios-del-tren-maya-en-el-sureste-del-pais-no-danara-el-ambiente-reafirma\\\/#breadcrumb\"},\"inLanguage\":\"es\",\"potentialAction\":[{\"@type\":\"ReadAction\",\"target\":[\"https:\\\/\\\/redamlo.com\\\/index.php\\\/2021\\\/07\\\/16\\\/lopez-obrador-resalta-beneficios-del-tren-maya-en-el-sureste-del-pais-no-danara-el-ambiente-reafirma\\\/\"]}]},{\"@type\":\"ImageObject\",\"inLanguage\":\"es\",\"@id\":\"https:\\\/\\\/redamlo.com\\\/index.php\\\/2021\\\/07\\\/16\\\/lopez-obrador-resalta-beneficios-del-tren-maya-en-el-sureste-del-pais-no-danara-el-ambiente-reafirma\\\/#primaryimage\",\"url\":\"https:\\\/\\\/redamlo.com\\\/wp-content\\\/uploads\\\/2021\\\/07\\\/Lopez-Obrador-resalta-beneficios-del-Tren-Maya-en-el-sureste-del-pais-no-danara-el-ambiente-reafirma.jpg\",\"contentUrl\":\"https:\\\/\\\/redamlo.com\\\/wp-content\\\/uploads\\\/2021\\\/07\\\/Lopez-Obrador-resalta-beneficios-del-Tren-Maya-en-el-sureste-del-pais-no-danara-el-ambiente-reafirma.jpg\",\"width\":1500,\"height\":939},{\"@type\":\"BreadcrumbList\",\"@id\":\"https:\\\/\\\/redamlo.com\\\/index.php\\\/2021\\\/07\\\/16\\\/lopez-obrador-resalta-beneficios-del-tren-maya-en-el-sureste-del-pais-no-danara-el-ambiente-reafirma\\\/#breadcrumb\",\"itemListElement\":[{\"@type\":\"ListItem\",\"position\":1,\"name\":\"Inicio\",\"item\":\"https:\\\/\\\/redamlo.com\\\/\"},{\"@type\":\"ListItem\",\"position\":2,\"name\":\"L\u00f3pez Obrador resalta beneficios del Tren Maya en el sureste del pa\u00eds; no da\u00f1ar\u00e1 el ambiente, reafirma\"}]},{\"@type\":\"WebSite\",\"@id\":\"https:\\\/\\\/redamlo.com\\\/#website\",\"url\":\"https:\\\/\\\/redamlo.com\\\/\",\"name\":\"NOTICIAS DE LA 4T\",\"description\":\"\",\"publisher\":{\"@id\":\"https:\\\/\\\/redamlo.com\\\/#organization\"},\"potentialAction\":[{\"@type\":\"SearchAction\",\"target\":{\"@type\":\"EntryPoint\",\"urlTemplate\":\"https:\\\/\\\/redamlo.com\\\/?s={search_term_string}\"},\"query-input\":{\"@type\":\"PropertyValueSpecification\",\"valueRequired\":true,\"valueName\":\"search_term_string\"}}],\"inLanguage\":\"es\"},{\"@type\":\"Organization\",\"@id\":\"https:\\\/\\\/redamlo.com\\\/#organization\",\"name\":\"NOTICIAS DE LA 4T\",\"url\":\"https:\\\/\\\/redamlo.com\\\/\",\"logo\":{\"@type\":\"ImageObject\",\"inLanguage\":\"es\",\"@id\":\"https:\\\/\\\/redamlo.com\\\/#\\\/schema\\\/logo\\\/image\\\/\",\"url\":\"https:\\\/\\\/redamlo.com\\\/wp-content\\\/uploads\\\/2024\\\/08\\\/cropped-RED-AMLO-logo-50.png\",\"contentUrl\":\"https:\\\/\\\/redamlo.com\\\/wp-content\\\/uploads\\\/2024\\\/08\\\/cropped-RED-AMLO-logo-50.png\",\"width\":256,\"height\":256,\"caption\":\"NOTICIAS DE LA 4T\"},\"image\":{\"@id\":\"https:\\\/\\\/redamlo.com\\\/#\\\/schema\\\/logo\\\/image\\\/\"}},{\"@type\":\"Person\",\"@id\":\"https:\\\/\\\/redamlo.com\\\/#\\\/schema\\\/person\\\/7223a4375eb8f1a782fcae010a7115cf\",\"name\":\"Blanca\",\"image\":{\"@type\":\"ImageObject\",\"inLanguage\":\"es\",\"@id\":\"https:\\\/\\\/secure.gravatar.com\\\/avatar\\\/3f79bc8336367a4e6093eae8757acaaf61d1124834b905616de7829b0273426d?s=96&d=mm&r=g\",\"url\":\"https:\\\/\\\/secure.gravatar.com\\\/avatar\\\/3f79bc8336367a4e6093eae8757acaaf61d1124834b905616de7829b0273426d?s=96&d=mm&r=g\",\"contentUrl\":\"https:\\\/\\\/secure.gravatar.com\\\/avatar\\\/3f79bc8336367a4e6093eae8757acaaf61d1124834b905616de7829b0273426d?s=96&d=mm&r=g\",\"caption\":\"Blanca\"},\"url\":\"https:\\\/\\\/redamlo.com\\\/index.php\\\/author\\\/blanca\\\/\"}]}<\/script>\n<!-- \/ Yoast SEO plugin. -->","yoast_head_json":{"title":"L\u00f3pez Obrador resalta beneficios del Tren Maya en el sureste del pa\u00eds; no da\u00f1ar\u00e1 el ambiente, reafirma - NOTICIAS DE LA 4T","robots":{"index":"noindex","follow":"follow","max-snippet":"max-snippet:-1","max-image-preview":"max-image-preview:large","max-video-preview":"max-video-preview:-1"},"og_locale":"es_MX","og_type":"article","og_title":"L\u00f3pez Obrador resalta beneficios del Tren Maya en el sureste del pa\u00eds; no da\u00f1ar\u00e1 el ambiente, reafirma - NOTICIAS DE LA 4T","og_description":"M\u00c9XICO, 16 de julio de 2021.- El presidente de M\u00e9xico, Andr\u00e9s Manuel L\u00f3pez Obrador reafirm\u00f3...","og_url":"https:\/\/redamlo.com\/index.php\/2021\/07\/16\/lopez-obrador-resalta-beneficios-del-tren-maya-en-el-sureste-del-pais-no-danara-el-ambiente-reafirma\/","og_site_name":"NOTICIAS DE LA 4T","article_published_time":"2021-07-16T12:00:55+00:00","og_image":[{"width":1500,"height":939,"url":"https:\/\/redamlo.com\/wp-content\/uploads\/2021\/07\/Lopez-Obrador-resalta-beneficios-del-Tren-Maya-en-el-sureste-del-pais-no-danara-el-ambiente-reafirma.jpg","type":"image\/jpeg"}],"author":"Blanca","twitter_card":"summary_large_image","twitter_misc":{"Escrito por":"Blanca","Tiempo de lectura":"2 minutos"},"schema":{"@context":"https:\/\/schema.org","@graph":[{"@type":"Article","@id":"https:\/\/redamlo.com\/index.php\/2021\/07\/16\/lopez-obrador-resalta-beneficios-del-tren-maya-en-el-sureste-del-pais-no-danara-el-ambiente-reafirma\/#article","isPartOf":{"@id":"https:\/\/redamlo.com\/index.php\/2021\/07\/16\/lopez-obrador-resalta-beneficios-del-tren-maya-en-el-sureste-del-pais-no-danara-el-ambiente-reafirma\/"},"author":{"name":"Blanca","@id":"https:\/\/redamlo.com\/#\/schema\/person\/7223a4375eb8f1a782fcae010a7115cf"},"headline":"L\u00f3pez Obrador resalta beneficios del Tren Maya en el sureste del pa\u00eds; no da\u00f1ar\u00e1 el ambiente, reafirma","datePublished":"2021-07-16T12:00:55+00:00","mainEntityOfPage":{"@id":"https:\/\/redamlo.com\/index.php\/2021\/07\/16\/lopez-obrador-resalta-beneficios-del-tren-maya-en-el-sureste-del-pais-no-danara-el-ambiente-reafirma\/"},"wordCount":392,"commentCount":0,"publisher":{"@id":"https:\/\/redamlo.com\/#organization"},"image":{"@id":"https:\/\/redamlo.com\/index.php\/2021\/07\/16\/lopez-obrador-resalta-beneficios-del-tren-maya-en-el-sureste-del-pais-no-danara-el-ambiente-reafirma\/#primaryimage"},"thumbnailUrl":"https:\/\/redamlo.com\/wp-content\/uploads\/2021\/07\/Lopez-Obrador-resalta-beneficios-del-Tren-Maya-en-el-sureste-del-pais-no-danara-el-ambiente-reafirma.jpg","keywords":["AMLO","Andr\u00e9s Manuel L\u00f3pez Obrador","Campeche","Chiapas","desarrollo econ\u00f3mico","Gobierno de M\u00e9xico","M\u00e9xico","Quintana Roo","Tabasco","Tren Maya","Yucat\u00e1n"],"articleSection":["4T","Nacionales","Presidencia"],"inLanguage":"es","potentialAction":[{"@type":"CommentAction","name":"Comment","target":["https:\/\/redamlo.com\/index.php\/2021\/07\/16\/lopez-obrador-resalta-beneficios-del-tren-maya-en-el-sureste-del-pais-no-danara-el-ambiente-reafirma\/#respond"]}]},{"@type":"WebPage","@id":"https:\/\/redamlo.com\/index.php\/2021\/07\/16\/lopez-obrador-resalta-beneficios-del-tren-maya-en-el-sureste-del-pais-no-danara-el-ambiente-reafirma\/","url":"https:\/\/redamlo.com\/index.php\/2021\/07\/16\/lopez-obrador-resalta-beneficios-del-tren-maya-en-el-sureste-del-pais-no-danara-el-ambiente-reafirma\/","name":"L\u00f3pez Obrador resalta beneficios del Tren Maya en el sureste del pa\u00eds; no da\u00f1ar\u00e1 el ambiente, reafirma - NOTICIAS DE LA 4T","isPartOf":{"@id":"https:\/\/redamlo.com\/#website"},"primaryImageOfPage":{"@id":"https:\/\/redamlo.com\/index.php\/2021\/07\/16\/lopez-obrador-resalta-beneficios-del-tren-maya-en-el-sureste-del-pais-no-danara-el-ambiente-reafirma\/#primaryimage"},"image":{"@id":"https:\/\/redamlo.com\/index.php\/2021\/07\/16\/lopez-obrador-resalta-beneficios-del-tren-maya-en-el-sureste-del-pais-no-danara-el-ambiente-reafirma\/#primaryimage"},"thumbnailUrl":"https:\/\/redamlo.com\/wp-content\/uploads\/2021\/07\/Lopez-Obrador-resalta-beneficios-del-Tren-Maya-en-el-sureste-del-pais-no-danara-el-ambiente-reafirma.jpg","datePublished":"2021-07-16T12:00:55+00:00","breadcrumb":{"@id":"https:\/\/redamlo.com\/index.php\/2021\/07\/16\/lopez-obrador-resalta-beneficios-del-tren-maya-en-el-sureste-del-pais-no-danara-el-ambiente-reafirma\/#breadcrumb"},"inLanguage":"es","potentialAction":[{"@type":"ReadAction","target":["https:\/\/redamlo.com\/index.php\/2021\/07\/16\/lopez-obrador-resalta-beneficios-del-tren-maya-en-el-sureste-del-pais-no-danara-el-ambiente-reafirma\/"]}]},{"@type":"ImageObject","inLanguage":"es","@id":"https:\/\/redamlo.com\/index.php\/2021\/07\/16\/lopez-obrador-resalta-beneficios-del-tren-maya-en-el-sureste-del-pais-no-danara-el-ambiente-reafirma\/#primaryimage","url":"https:\/\/redamlo.com\/wp-content\/uploads\/2021\/07\/Lopez-Obrador-resalta-beneficios-del-Tren-Maya-en-el-sureste-del-pais-no-danara-el-ambiente-reafirma.jpg","contentUrl":"https:\/\/redamlo.com\/wp-content\/uploads\/2021\/07\/Lopez-Obrador-resalta-beneficios-del-Tren-Maya-en-el-sureste-del-pais-no-danara-el-ambiente-reafirma.jpg","width":1500,"height":939},{"@type":"BreadcrumbList","@id":"https:\/\/redamlo.com\/index.php\/2021\/07\/16\/lopez-obrador-resalta-beneficios-del-tren-maya-en-el-sureste-del-pais-no-danara-el-ambiente-reafirma\/#breadcrumb","itemListElement":[{"@type":"ListItem","position":1,"name":"Inicio","item":"https:\/\/redamlo.com\/"},{"@type":"ListItem","position":2,"name":"L\u00f3pez Obrador resalta beneficios del Tren Maya en el sureste del pa\u00eds; no da\u00f1ar\u00e1 el ambiente, reafirma"}]},{"@type":"WebSite","@id":"https:\/\/redamlo.com\/#website","url":"https:\/\/redamlo.com\/","name":"NOTICIAS DE LA 4T","description":"","publisher":{"@id":"https:\/\/redamlo.com\/#organization"},"potentialAction":[{"@type":"SearchAction","target":{"@type":"EntryPoint","urlTemplate":"https:\/\/redamlo.com\/?s={search_term_string}"},"query-input":{"@type":"PropertyValueSpecification","valueRequired":true,"valueName":"search_term_string"}}],"inLanguage":"es"},{"@type":"Organization","@id":"https:\/\/redamlo.com\/#organization","name":"NOTICIAS DE LA 4T","url":"https:\/\/redamlo.com\/","logo":{"@type":"ImageObject","inLanguage":"es","@id":"https:\/\/redamlo.com\/#\/schema\/logo\/image\/","url":"https:\/\/redamlo.com\/wp-content\/uploads\/2024\/08\/cropped-RED-AMLO-logo-50.png","contentUrl":"https:\/\/redamlo.com\/wp-content\/uploads\/2024\/08\/cropped-RED-AMLO-logo-50.png","width":256,"height":256,"caption":"NOTICIAS DE LA 4T"},"image":{"@id":"https:\/\/redamlo.com\/#\/schema\/logo\/image\/"}},{"@type":"Person","@id":"https:\/\/redamlo.com\/#\/schema\/person\/7223a4375eb8f1a782fcae010a7115cf","name":"Blanca","image":{"@type":"ImageObject","inLanguage":"es","@id":"https:\/\/secure.gravatar.com\/avatar\/3f79bc8336367a4e6093eae8757acaaf61d1124834b905616de7829b0273426d?s=96&d=mm&r=g","url":"https:\/\/secure.gravatar.com\/avatar\/3f79bc8336367a4e6093eae8757acaaf61d1124834b905616de7829b0273426d?s=96&d=mm&r=g","contentUrl":"https:\/\/secure.gravatar.com\/avatar\/3f79bc8336367a4e6093eae8757acaaf61d1124834b905616de7829b0273426d?s=96&d=mm&r=g","caption":"Blanca"},"url":"https:\/\/redamlo.com\/index.php\/author\/blanca\/"}]}},"_links":{"self":[{"href":"https:\/\/redamlo.com\/index.php\/wp-json\/wp\/v2\/posts\/4972","targetHints":{"allow":["GET"]}}],"collection":[{"href":"https:\/\/redamlo.com\/index.php\/wp-json\/wp\/v2\/posts"}],"about":[{"href":"https:\/\/redamlo.com\/index.php\/wp-json\/wp\/v2\/types\/post"}],"author":[{"embeddable":true,"href":"https:\/\/redamlo.com\/index.php\/wp-json\/wp\/v2\/users\/2"}],"replies":[{"embeddable":true,"href":"https:\/\/redamlo.com\/index.php\/wp-json\/wp\/v2\/comments?post=4972"}],"version-history":[{"count":0,"href":"https:\/\/redamlo.com\/index.php\/wp-json\/wp\/v2\/posts\/4972\/revisions"}],"wp:featuredmedia":[{"embeddable":true,"href":"https:\/\/redamlo.com\/index.php\/wp-json\/wp\/v2\/media\/4975"}],"wp:attachment":[{"href":"https:\/\/redamlo.com\/index.php\/wp-json\/wp\/v2\/media?parent=4972"}],"wp:term":[{"taxonomy":"category","embeddable":true,"href":"https:\/\/redamlo.com\/index.php\/wp-json\/wp\/v2\/categories?post=4972"},{"taxonomy":"post_tag","embeddable":true,"href":"https:\/\/redamlo.com\/index.php\/wp-json\/wp\/v2\/tags?post=4972"}],"curies":[{"name":"wp","href":"https:\/\/api.w.org\/{rel}","templated":true}]}}