{"id":496,"date":"2019-09-29T21:53:10","date_gmt":"2019-09-30T02:53:10","guid":{"rendered":"http:\/\/redamlo.com\/?p=496"},"modified":"2019-09-29T21:53:10","modified_gmt":"2019-09-30T02:53:10","slug":"ojala-hubiesen-abortado-a-yalitza-aparicio-comentarios-desafortunados-de-lider-joven-del-pan","status":"publish","type":"post","link":"https:\/\/redamlo.com\/index.php\/2019\/09\/29\/ojala-hubiesen-abortado-a-yalitza-aparicio-comentarios-desafortunados-de-lider-joven-del-pan\/","title":{"rendered":"\u201cOjal\u00e1 hubiesen abortado a Yalitza Aparicio\u201d comentarios desafortunados de L\u00edder joven del PAN"},"content":{"rendered":"<p><strong>Cdmx Press.-<\/strong><\/p>\n<p>El Dirigente del Consejo Nacional de Estudiantes Cap\u00edtulo Yucat\u00e1n, que se encuentra ligado al Partido Acci\u00f3n Nacional (PAN),<strong> Francisco Cano Ail<\/strong>, escribi\u00f3 en redes sociales que ojal\u00e1 hubieran abortado a Yalitza Aparicio Mart\u00ednez, actriz mexicana.<\/p>\n<p><strong>Yalitza<\/strong> hab\u00eda celebrado la despenalizaci\u00f3n del aborto en Oaxaca, su tierra natal.<\/p>\n<blockquote><p><strong>\u201cLa despenalizaci\u00f3n es correcta. Hay mujeres que sufren abuso sexual\u201d<\/strong><\/p><\/blockquote>\n<p>Dijo durante la Cumbre de Mujeres L\u00edderes Latinoamericanas.<\/p>\n<blockquote><p><strong>Yalitza Aparicio Mart\u00ednez, actriz mexicana, celebr\u00f3 la despenalizaci\u00f3n del aborto en Oaxaca. El joven panista respondi\u00f3 as\u00ed: \u201cojal\u00e1 la hubiesen abortado, ah verdad\u2026 ja, ja\u201d<\/strong><\/p>\n<p>&nbsp;<\/p><\/blockquote>\n<p>Despu\u00e9s de recibir fuertes cr\u00edticas por su comentario, el lider Panista ofreci\u00f3 disculpas en su cuenta de Facebook personal.<\/p>\n<blockquote><p><strong>\u201cOfrezco mis disculpas a quienes se pudieron sentir ofendidos por un comentario personal que expres\u00e9 en las redes sociales sobre el tema del aborto\u201d<\/strong><\/p><\/blockquote>\n<p>Lo mas ir\u00f3nico es que el L\u00edder panista, tiene ra\u00edces ind\u00edgenas y se atreve a promover el racismo.<\/p>\n","protected":false},"excerpt":{"rendered":"<p>Cdmx Press.- El Dirigente del Consejo Nacional de Estudiantes Cap\u00edtulo Yucat\u00e1n, que se encuentra ligado&#8230;<\/p>\n","protected":false},"author":2,"featured_media":498,"comment_status":"open","ping_status":"closed","sticky":false,"template":"","format":"standard","meta":{"footnotes":""},"categories":[5],"tags":[],"class_list":["post-496","post","type-post","status-publish","format-standard","has-post-thumbnail","hentry","category-politica"],"yoast_head":"<!-- This site is optimized with the Yoast SEO plugin v27.5 - https:\/\/yoast.com\/product\/yoast-seo-wordpress\/ -->\n<title>\u201cOjal\u00e1 hubiesen abortado a Yalitza Aparicio\u201d comentarios desafortunados de L\u00edder joven del PAN - NOTICIAS DE LA 4T<\/title>\n<meta name=\"robots\" content=\"noindex, follow, max-snippet:-1, max-image-preview:large, max-video-preview:-1\" \/>\n<meta property=\"og:locale\" content=\"es_MX\" \/>\n<meta property=\"og:type\" content=\"article\" \/>\n<meta property=\"og:title\" content=\"\u201cOjal\u00e1 hubiesen abortado a Yalitza Aparicio\u201d comentarios desafortunados de L\u00edder joven del PAN - NOTICIAS DE LA 4T\" \/>\n<meta property=\"og:description\" content=\"Cdmx Press.- El Dirigente del Consejo Nacional de Estudiantes Cap\u00edtulo Yucat\u00e1n, que se encuentra ligado...\" \/>\n<meta property=\"og:url\" content=\"https:\/\/redamlo.com\/index.php\/2019\/09\/29\/ojala-hubiesen-abortado-a-yalitza-aparicio-comentarios-desafortunados-de-lider-joven-del-pan\/\" \/>\n<meta property=\"og:site_name\" content=\"NOTICIAS DE LA 4T\" \/>\n<meta property=\"article:published_time\" content=\"2019-09-30T02:53:10+00:00\" \/>\n<meta property=\"og:image\" content=\"https:\/\/redamlo.com\/wp-content\/uploads\/2019\/09\/lider-panista.jpg\" \/>\n\t<meta property=\"og:image:width\" content=\"624\" \/>\n\t<meta property=\"og:image:height\" content=\"417\" \/>\n\t<meta property=\"og:image:type\" content=\"image\/jpeg\" \/>\n<meta name=\"author\" content=\"Blanca\" \/>\n<meta name=\"twitter:card\" content=\"summary_large_image\" \/>\n<meta name=\"twitter:label1\" content=\"Escrito por\" \/>\n\t<meta name=\"twitter:data1\" content=\"Blanca\" \/>\n\t<meta name=\"twitter:label2\" content=\"Tiempo de lectura\" \/>\n\t<meta name=\"twitter:data2\" content=\"1 minuto\" \/>\n<script type=\"application\/ld+json\" class=\"yoast-schema-graph\">{\"@context\":\"https:\\\/\\\/schema.org\",\"@graph\":[{\"@type\":\"Article\",\"@id\":\"https:\\\/\\\/redamlo.com\\\/index.php\\\/2019\\\/09\\\/29\\\/ojala-hubiesen-abortado-a-yalitza-aparicio-comentarios-desafortunados-de-lider-joven-del-pan\\\/#article\",\"isPartOf\":{\"@id\":\"https:\\\/\\\/redamlo.com\\\/index.php\\\/2019\\\/09\\\/29\\\/ojala-hubiesen-abortado-a-yalitza-aparicio-comentarios-desafortunados-de-lider-joven-del-pan\\\/\"},\"author\":{\"name\":\"Blanca\",\"@id\":\"https:\\\/\\\/redamlo.com\\\/#\\\/schema\\\/person\\\/7223a4375eb8f1a782fcae010a7115cf\"},\"headline\":\"\u201cOjal\u00e1 hubiesen abortado a Yalitza Aparicio\u201d comentarios desafortunados de L\u00edder joven del PAN\",\"datePublished\":\"2019-09-30T02:53:10+00:00\",\"mainEntityOfPage\":{\"@id\":\"https:\\\/\\\/redamlo.com\\\/index.php\\\/2019\\\/09\\\/29\\\/ojala-hubiesen-abortado-a-yalitza-aparicio-comentarios-desafortunados-de-lider-joven-del-pan\\\/\"},\"wordCount\":185,\"commentCount\":0,\"publisher\":{\"@id\":\"https:\\\/\\\/redamlo.com\\\/#organization\"},\"image\":{\"@id\":\"https:\\\/\\\/redamlo.com\\\/index.php\\\/2019\\\/09\\\/29\\\/ojala-hubiesen-abortado-a-yalitza-aparicio-comentarios-desafortunados-de-lider-joven-del-pan\\\/#primaryimage\"},\"thumbnailUrl\":\"https:\\\/\\\/redamlo.com\\\/wp-content\\\/uploads\\\/2019\\\/09\\\/lider-panista.jpg\",\"articleSection\":[\"Pol\u00edtica\"],\"inLanguage\":\"es\",\"potentialAction\":[{\"@type\":\"CommentAction\",\"name\":\"Comment\",\"target\":[\"https:\\\/\\\/redamlo.com\\\/index.php\\\/2019\\\/09\\\/29\\\/ojala-hubiesen-abortado-a-yalitza-aparicio-comentarios-desafortunados-de-lider-joven-del-pan\\\/#respond\"]}]},{\"@type\":\"WebPage\",\"@id\":\"https:\\\/\\\/redamlo.com\\\/index.php\\\/2019\\\/09\\\/29\\\/ojala-hubiesen-abortado-a-yalitza-aparicio-comentarios-desafortunados-de-lider-joven-del-pan\\\/\",\"url\":\"https:\\\/\\\/redamlo.com\\\/index.php\\\/2019\\\/09\\\/29\\\/ojala-hubiesen-abortado-a-yalitza-aparicio-comentarios-desafortunados-de-lider-joven-del-pan\\\/\",\"name\":\"\u201cOjal\u00e1 hubiesen abortado a Yalitza Aparicio\u201d comentarios desafortunados de L\u00edder joven del PAN - NOTICIAS DE LA 4T\",\"isPartOf\":{\"@id\":\"https:\\\/\\\/redamlo.com\\\/#website\"},\"primaryImageOfPage\":{\"@id\":\"https:\\\/\\\/redamlo.com\\\/index.php\\\/2019\\\/09\\\/29\\\/ojala-hubiesen-abortado-a-yalitza-aparicio-comentarios-desafortunados-de-lider-joven-del-pan\\\/#primaryimage\"},\"image\":{\"@id\":\"https:\\\/\\\/redamlo.com\\\/index.php\\\/2019\\\/09\\\/29\\\/ojala-hubiesen-abortado-a-yalitza-aparicio-comentarios-desafortunados-de-lider-joven-del-pan\\\/#primaryimage\"},\"thumbnailUrl\":\"https:\\\/\\\/redamlo.com\\\/wp-content\\\/uploads\\\/2019\\\/09\\\/lider-panista.jpg\",\"datePublished\":\"2019-09-30T02:53:10+00:00\",\"breadcrumb\":{\"@id\":\"https:\\\/\\\/redamlo.com\\\/index.php\\\/2019\\\/09\\\/29\\\/ojala-hubiesen-abortado-a-yalitza-aparicio-comentarios-desafortunados-de-lider-joven-del-pan\\\/#breadcrumb\"},\"inLanguage\":\"es\",\"potentialAction\":[{\"@type\":\"ReadAction\",\"target\":[\"https:\\\/\\\/redamlo.com\\\/index.php\\\/2019\\\/09\\\/29\\\/ojala-hubiesen-abortado-a-yalitza-aparicio-comentarios-desafortunados-de-lider-joven-del-pan\\\/\"]}]},{\"@type\":\"ImageObject\",\"inLanguage\":\"es\",\"@id\":\"https:\\\/\\\/redamlo.com\\\/index.php\\\/2019\\\/09\\\/29\\\/ojala-hubiesen-abortado-a-yalitza-aparicio-comentarios-desafortunados-de-lider-joven-del-pan\\\/#primaryimage\",\"url\":\"https:\\\/\\\/redamlo.com\\\/wp-content\\\/uploads\\\/2019\\\/09\\\/lider-panista.jpg\",\"contentUrl\":\"https:\\\/\\\/redamlo.com\\\/wp-content\\\/uploads\\\/2019\\\/09\\\/lider-panista.jpg\",\"width\":624,\"height\":417},{\"@type\":\"BreadcrumbList\",\"@id\":\"https:\\\/\\\/redamlo.com\\\/index.php\\\/2019\\\/09\\\/29\\\/ojala-hubiesen-abortado-a-yalitza-aparicio-comentarios-desafortunados-de-lider-joven-del-pan\\\/#breadcrumb\",\"itemListElement\":[{\"@type\":\"ListItem\",\"position\":1,\"name\":\"Inicio\",\"item\":\"https:\\\/\\\/redamlo.com\\\/\"},{\"@type\":\"ListItem\",\"position\":2,\"name\":\"\u201cOjal\u00e1 hubiesen abortado a Yalitza Aparicio\u201d comentarios desafortunados de L\u00edder joven del PAN\"}]},{\"@type\":\"WebSite\",\"@id\":\"https:\\\/\\\/redamlo.com\\\/#website\",\"url\":\"https:\\\/\\\/redamlo.com\\\/\",\"name\":\"NOTICIAS DE LA 4T\",\"description\":\"\",\"publisher\":{\"@id\":\"https:\\\/\\\/redamlo.com\\\/#organization\"},\"potentialAction\":[{\"@type\":\"SearchAction\",\"target\":{\"@type\":\"EntryPoint\",\"urlTemplate\":\"https:\\\/\\\/redamlo.com\\\/?s={search_term_string}\"},\"query-input\":{\"@type\":\"PropertyValueSpecification\",\"valueRequired\":true,\"valueName\":\"search_term_string\"}}],\"inLanguage\":\"es\"},{\"@type\":\"Organization\",\"@id\":\"https:\\\/\\\/redamlo.com\\\/#organization\",\"name\":\"NOTICIAS DE LA 4T\",\"url\":\"https:\\\/\\\/redamlo.com\\\/\",\"logo\":{\"@type\":\"ImageObject\",\"inLanguage\":\"es\",\"@id\":\"https:\\\/\\\/redamlo.com\\\/#\\\/schema\\\/logo\\\/image\\\/\",\"url\":\"https:\\\/\\\/redamlo.com\\\/wp-content\\\/uploads\\\/2024\\\/08\\\/cropped-RED-AMLO-logo-50.png\",\"contentUrl\":\"https:\\\/\\\/redamlo.com\\\/wp-content\\\/uploads\\\/2024\\\/08\\\/cropped-RED-AMLO-logo-50.png\",\"width\":256,\"height\":256,\"caption\":\"NOTICIAS DE LA 4T\"},\"image\":{\"@id\":\"https:\\\/\\\/redamlo.com\\\/#\\\/schema\\\/logo\\\/image\\\/\"}},{\"@type\":\"Person\",\"@id\":\"https:\\\/\\\/redamlo.com\\\/#\\\/schema\\\/person\\\/7223a4375eb8f1a782fcae010a7115cf\",\"name\":\"Blanca\",\"image\":{\"@type\":\"ImageObject\",\"inLanguage\":\"es\",\"@id\":\"https:\\\/\\\/secure.gravatar.com\\\/avatar\\\/3f79bc8336367a4e6093eae8757acaaf61d1124834b905616de7829b0273426d?s=96&d=mm&r=g\",\"url\":\"https:\\\/\\\/secure.gravatar.com\\\/avatar\\\/3f79bc8336367a4e6093eae8757acaaf61d1124834b905616de7829b0273426d?s=96&d=mm&r=g\",\"contentUrl\":\"https:\\\/\\\/secure.gravatar.com\\\/avatar\\\/3f79bc8336367a4e6093eae8757acaaf61d1124834b905616de7829b0273426d?s=96&d=mm&r=g\",\"caption\":\"Blanca\"},\"url\":\"https:\\\/\\\/redamlo.com\\\/index.php\\\/author\\\/blanca\\\/\"}]}<\/script>\n<!-- \/ Yoast SEO plugin. -->","yoast_head_json":{"title":"\u201cOjal\u00e1 hubiesen abortado a Yalitza Aparicio\u201d comentarios desafortunados de L\u00edder joven del PAN - NOTICIAS DE LA 4T","robots":{"index":"noindex","follow":"follow","max-snippet":"max-snippet:-1","max-image-preview":"max-image-preview:large","max-video-preview":"max-video-preview:-1"},"og_locale":"es_MX","og_type":"article","og_title":"\u201cOjal\u00e1 hubiesen abortado a Yalitza Aparicio\u201d comentarios desafortunados de L\u00edder joven del PAN - NOTICIAS DE LA 4T","og_description":"Cdmx Press.- El Dirigente del Consejo Nacional de Estudiantes Cap\u00edtulo Yucat\u00e1n, que se encuentra ligado...","og_url":"https:\/\/redamlo.com\/index.php\/2019\/09\/29\/ojala-hubiesen-abortado-a-yalitza-aparicio-comentarios-desafortunados-de-lider-joven-del-pan\/","og_site_name":"NOTICIAS DE LA 4T","article_published_time":"2019-09-30T02:53:10+00:00","og_image":[{"width":624,"height":417,"url":"https:\/\/redamlo.com\/wp-content\/uploads\/2019\/09\/lider-panista.jpg","type":"image\/jpeg"}],"author":"Blanca","twitter_card":"summary_large_image","twitter_misc":{"Escrito por":"Blanca","Tiempo de lectura":"1 minuto"},"schema":{"@context":"https:\/\/schema.org","@graph":[{"@type":"Article","@id":"https:\/\/redamlo.com\/index.php\/2019\/09\/29\/ojala-hubiesen-abortado-a-yalitza-aparicio-comentarios-desafortunados-de-lider-joven-del-pan\/#article","isPartOf":{"@id":"https:\/\/redamlo.com\/index.php\/2019\/09\/29\/ojala-hubiesen-abortado-a-yalitza-aparicio-comentarios-desafortunados-de-lider-joven-del-pan\/"},"author":{"name":"Blanca","@id":"https:\/\/redamlo.com\/#\/schema\/person\/7223a4375eb8f1a782fcae010a7115cf"},"headline":"\u201cOjal\u00e1 hubiesen abortado a Yalitza Aparicio\u201d comentarios desafortunados de L\u00edder joven del PAN","datePublished":"2019-09-30T02:53:10+00:00","mainEntityOfPage":{"@id":"https:\/\/redamlo.com\/index.php\/2019\/09\/29\/ojala-hubiesen-abortado-a-yalitza-aparicio-comentarios-desafortunados-de-lider-joven-del-pan\/"},"wordCount":185,"commentCount":0,"publisher":{"@id":"https:\/\/redamlo.com\/#organization"},"image":{"@id":"https:\/\/redamlo.com\/index.php\/2019\/09\/29\/ojala-hubiesen-abortado-a-yalitza-aparicio-comentarios-desafortunados-de-lider-joven-del-pan\/#primaryimage"},"thumbnailUrl":"https:\/\/redamlo.com\/wp-content\/uploads\/2019\/09\/lider-panista.jpg","articleSection":["Pol\u00edtica"],"inLanguage":"es","potentialAction":[{"@type":"CommentAction","name":"Comment","target":["https:\/\/redamlo.com\/index.php\/2019\/09\/29\/ojala-hubiesen-abortado-a-yalitza-aparicio-comentarios-desafortunados-de-lider-joven-del-pan\/#respond"]}]},{"@type":"WebPage","@id":"https:\/\/redamlo.com\/index.php\/2019\/09\/29\/ojala-hubiesen-abortado-a-yalitza-aparicio-comentarios-desafortunados-de-lider-joven-del-pan\/","url":"https:\/\/redamlo.com\/index.php\/2019\/09\/29\/ojala-hubiesen-abortado-a-yalitza-aparicio-comentarios-desafortunados-de-lider-joven-del-pan\/","name":"\u201cOjal\u00e1 hubiesen abortado a Yalitza Aparicio\u201d comentarios desafortunados de L\u00edder joven del PAN - NOTICIAS DE LA 4T","isPartOf":{"@id":"https:\/\/redamlo.com\/#website"},"primaryImageOfPage":{"@id":"https:\/\/redamlo.com\/index.php\/2019\/09\/29\/ojala-hubiesen-abortado-a-yalitza-aparicio-comentarios-desafortunados-de-lider-joven-del-pan\/#primaryimage"},"image":{"@id":"https:\/\/redamlo.com\/index.php\/2019\/09\/29\/ojala-hubiesen-abortado-a-yalitza-aparicio-comentarios-desafortunados-de-lider-joven-del-pan\/#primaryimage"},"thumbnailUrl":"https:\/\/redamlo.com\/wp-content\/uploads\/2019\/09\/lider-panista.jpg","datePublished":"2019-09-30T02:53:10+00:00","breadcrumb":{"@id":"https:\/\/redamlo.com\/index.php\/2019\/09\/29\/ojala-hubiesen-abortado-a-yalitza-aparicio-comentarios-desafortunados-de-lider-joven-del-pan\/#breadcrumb"},"inLanguage":"es","potentialAction":[{"@type":"ReadAction","target":["https:\/\/redamlo.com\/index.php\/2019\/09\/29\/ojala-hubiesen-abortado-a-yalitza-aparicio-comentarios-desafortunados-de-lider-joven-del-pan\/"]}]},{"@type":"ImageObject","inLanguage":"es","@id":"https:\/\/redamlo.com\/index.php\/2019\/09\/29\/ojala-hubiesen-abortado-a-yalitza-aparicio-comentarios-desafortunados-de-lider-joven-del-pan\/#primaryimage","url":"https:\/\/redamlo.com\/wp-content\/uploads\/2019\/09\/lider-panista.jpg","contentUrl":"https:\/\/redamlo.com\/wp-content\/uploads\/2019\/09\/lider-panista.jpg","width":624,"height":417},{"@type":"BreadcrumbList","@id":"https:\/\/redamlo.com\/index.php\/2019\/09\/29\/ojala-hubiesen-abortado-a-yalitza-aparicio-comentarios-desafortunados-de-lider-joven-del-pan\/#breadcrumb","itemListElement":[{"@type":"ListItem","position":1,"name":"Inicio","item":"https:\/\/redamlo.com\/"},{"@type":"ListItem","position":2,"name":"\u201cOjal\u00e1 hubiesen abortado a Yalitza Aparicio\u201d comentarios desafortunados de L\u00edder joven del PAN"}]},{"@type":"WebSite","@id":"https:\/\/redamlo.com\/#website","url":"https:\/\/redamlo.com\/","name":"NOTICIAS DE LA 4T","description":"","publisher":{"@id":"https:\/\/redamlo.com\/#organization"},"potentialAction":[{"@type":"SearchAction","target":{"@type":"EntryPoint","urlTemplate":"https:\/\/redamlo.com\/?s={search_term_string}"},"query-input":{"@type":"PropertyValueSpecification","valueRequired":true,"valueName":"search_term_string"}}],"inLanguage":"es"},{"@type":"Organization","@id":"https:\/\/redamlo.com\/#organization","name":"NOTICIAS DE LA 4T","url":"https:\/\/redamlo.com\/","logo":{"@type":"ImageObject","inLanguage":"es","@id":"https:\/\/redamlo.com\/#\/schema\/logo\/image\/","url":"https:\/\/redamlo.com\/wp-content\/uploads\/2024\/08\/cropped-RED-AMLO-logo-50.png","contentUrl":"https:\/\/redamlo.com\/wp-content\/uploads\/2024\/08\/cropped-RED-AMLO-logo-50.png","width":256,"height":256,"caption":"NOTICIAS DE LA 4T"},"image":{"@id":"https:\/\/redamlo.com\/#\/schema\/logo\/image\/"}},{"@type":"Person","@id":"https:\/\/redamlo.com\/#\/schema\/person\/7223a4375eb8f1a782fcae010a7115cf","name":"Blanca","image":{"@type":"ImageObject","inLanguage":"es","@id":"https:\/\/secure.gravatar.com\/avatar\/3f79bc8336367a4e6093eae8757acaaf61d1124834b905616de7829b0273426d?s=96&d=mm&r=g","url":"https:\/\/secure.gravatar.com\/avatar\/3f79bc8336367a4e6093eae8757acaaf61d1124834b905616de7829b0273426d?s=96&d=mm&r=g","contentUrl":"https:\/\/secure.gravatar.com\/avatar\/3f79bc8336367a4e6093eae8757acaaf61d1124834b905616de7829b0273426d?s=96&d=mm&r=g","caption":"Blanca"},"url":"https:\/\/redamlo.com\/index.php\/author\/blanca\/"}]}},"_links":{"self":[{"href":"https:\/\/redamlo.com\/index.php\/wp-json\/wp\/v2\/posts\/496","targetHints":{"allow":["GET"]}}],"collection":[{"href":"https:\/\/redamlo.com\/index.php\/wp-json\/wp\/v2\/posts"}],"about":[{"href":"https:\/\/redamlo.com\/index.php\/wp-json\/wp\/v2\/types\/post"}],"author":[{"embeddable":true,"href":"https:\/\/redamlo.com\/index.php\/wp-json\/wp\/v2\/users\/2"}],"replies":[{"embeddable":true,"href":"https:\/\/redamlo.com\/index.php\/wp-json\/wp\/v2\/comments?post=496"}],"version-history":[{"count":0,"href":"https:\/\/redamlo.com\/index.php\/wp-json\/wp\/v2\/posts\/496\/revisions"}],"wp:featuredmedia":[{"embeddable":true,"href":"https:\/\/redamlo.com\/index.php\/wp-json\/wp\/v2\/media\/498"}],"wp:attachment":[{"href":"https:\/\/redamlo.com\/index.php\/wp-json\/wp\/v2\/media?parent=496"}],"wp:term":[{"taxonomy":"category","embeddable":true,"href":"https:\/\/redamlo.com\/index.php\/wp-json\/wp\/v2\/categories?post=496"},{"taxonomy":"post_tag","embeddable":true,"href":"https:\/\/redamlo.com\/index.php\/wp-json\/wp\/v2\/tags?post=496"}],"curies":[{"name":"wp","href":"https:\/\/api.w.org\/{rel}","templated":true}]}}