{"id":49,"date":"2019-07-17T12:41:38","date_gmt":"2019-07-17T17:41:38","guid":{"rendered":"http:\/\/redamlo.com\/?p=49"},"modified":"2019-07-17T12:41:38","modified_gmt":"2019-07-17T17:41:38","slug":"la-tragedia-del-sargazo-en-quintana-roo","status":"publish","type":"post","link":"https:\/\/redamlo.com\/index.php\/2019\/07\/17\/la-tragedia-del-sargazo-en-quintana-roo\/","title":{"rendered":"La tragedia del sargazo en Quintana Roo"},"content":{"rendered":"<p><strong>NEWS CDMX.-\u00a0 Quintana Roo<\/strong><\/p>\n<p>Los efectos de la crisis por el sargazo en Quintana Roo ya se perciben en la entidad. Una sensible baja en la ocupaci\u00f3n hotelera es se\u00f1a inequ\u00edvoca de la gravedad de la situaci\u00f3n.<\/p>\n<p>En pleno verano, la ocupaci\u00f3n est\u00e1 al 50%, cuando las estimaciones m\u00e1s conservadoras la ubicaban en 85%.<\/p>\n<blockquote><p>&#8220;Cozumel depende del turismo, si no hay turismo la familia no come, y si te das cuenta todo est\u00e1 horrible; por ejemplo, viene el turismo, ve que est\u00e1 feo y nom\u00e1s toman fotos y ya&#8221;, dijo Gilberto de la Cruz, comisionista de Playa San Mart\u00edn.<\/p><\/blockquote>\n<p>Isla Cozumel es uno de los destinos que se ha visto m\u00e1s afectado por el fen\u00f3meno natural que a decir de expertos se ha visto agravado por el calentamiento global.<\/p>\n<p>Toneladas de sargazo contin\u00faan acumul\u00e1ndose en las costas de Playa del Carmen, pese a los esfuerzos de unos 80 \u201csargaceros\u201d, quienes ganan 260 pesos por jornada laboral de ocho horas que inicia a las seis de la ma\u00f1ana; reconocen que el trabajo no termina, ya que al d\u00eda siguiente de que recogen parte del alga, las corrientes mar\u00edtimas acumulan m\u00e1s en las costas.<\/p>\n<p>Toneladas de sargazo contin\u00faan acumul\u00e1ndose en las costas de Playa del Carmen, pese a los esfuerzos de unos 80 \u201csargaceros\u201d, quienes ganan 260 pesos por jornada laboral de ocho horas que inicia a las seis de la ma\u00f1ana; reconocen que el trabajo no termina, ya que al d\u00eda siguiente de que recogen parte del alga, las corrientes mar\u00edtimas acumulan m\u00e1s en las costas.<\/p>\n<p><strong>Lenin Amaro Betancourt,<\/strong> presidente del Consejo Coordinador Empresarial de la Riviera Maya, mencion\u00f3 que la expectativa de ocupaci\u00f3n hotelera para este verano era de 80 por ciento mientras que solo se ha registrado 50.<\/p>\n<p>Seg\u00fan Exc\u00e9lsior, la acumulaci\u00f3n de sargazo en las playas de Cozumel supera los esfuerzos de los pobladores para dejar limpias las playas.<\/p>\n<p>Algunos turistas intentan disfrutar de la playa a pesar del arribo masivo de sargazo.<\/p>\n<blockquote>\n<p>&#8220;El turismo llegaba, ve\u00eda lo apestoso que estaba y se iba (Los vacacionistas) han dejado de venir precisamente por el sargazo. Hab\u00eda una compa\u00f1\u00eda que hab\u00eda tra\u00eddo de Chetumal cuadrillas a sacar sargazo, pero no les pagaron)&#8221;, explic\u00f3 el comerciante Arturo.<\/p><\/blockquote>\n<p>De igual forma las personas que ayudan a quitar el sargazo dicen que nunca terminan de limpiar.<\/p>\n<p>&nbsp;<\/p>\n<p>Aunque limpien, parece como si no hubieran hecho nada, motivo por el cual quieren una soluci\u00f3n para combatirlo<\/p>\n<blockquote><p>\n&#8220;Si lo limpiamos hoy y si est\u00e1 mal el tiempo es como si no hubieras hecho nada, s\u00ed recala otra vez el sargazo&#8221;, mencion\u00f3 Raquel Cervera, vendedora de artesan\u00edas.<\/p>\n<p>&#8220;Se ve feo, no se ve bien para la vista del turismo, pero la verdad yo creo que es cosa de la naturaleza\u2026 los compa\u00f1eros de aqu\u00ed han estado limpiando un poco, pero es m\u00e1s lo que sale de lo que se puede quitar, porque no se acaba&#8221;, coment\u00f3 Olivia Pool, vendedora.<\/p><\/blockquote>\n<p>En cuanto al apoyo y la ayuda que realizan los mismos empresarios de Quintana Roo, para limpiar el sargazo de la zona hotelera, dijo, que no hay que abusar de ese apoyo.<\/p>\n<p>&#8220;Porque si no vamos a agotar todos nuestros recursos en la orilla. Tenemos que salirnos un poco m\u00e1s&#8221;, coment\u00f3.<\/p>\n","protected":false},"excerpt":{"rendered":"<p>NEWS CDMX.-\u00a0 Quintana Roo Los efectos de la crisis por el sargazo en Quintana Roo&#8230;<\/p>\n","protected":false},"author":2,"featured_media":51,"comment_status":"open","ping_status":"closed","sticky":false,"template":"","format":"standard","meta":{"footnotes":""},"categories":[1],"tags":[],"class_list":["post-49","post","type-post","status-publish","format-standard","has-post-thumbnail","hentry","category-uncategorized"],"yoast_head":"<!-- This site is optimized with the Yoast SEO plugin v27.5 - https:\/\/yoast.com\/product\/yoast-seo-wordpress\/ -->\n<title>La tragedia del sargazo en Quintana Roo - NOTICIAS DE LA 4T<\/title>\n<meta name=\"robots\" content=\"noindex, follow, max-snippet:-1, max-image-preview:large, max-video-preview:-1\" \/>\n<meta property=\"og:locale\" content=\"es_MX\" \/>\n<meta property=\"og:type\" content=\"article\" \/>\n<meta property=\"og:title\" content=\"La tragedia del sargazo en Quintana Roo - NOTICIAS DE LA 4T\" \/>\n<meta property=\"og:description\" content=\"NEWS CDMX.-\u00a0 Quintana Roo Los efectos de la crisis por el sargazo en Quintana Roo...\" \/>\n<meta property=\"og:url\" content=\"https:\/\/redamlo.com\/index.php\/2019\/07\/17\/la-tragedia-del-sargazo-en-quintana-roo\/\" \/>\n<meta property=\"og:site_name\" content=\"NOTICIAS DE LA 4T\" \/>\n<meta property=\"article:published_time\" content=\"2019-07-17T17:41:38+00:00\" \/>\n<meta property=\"og:image\" content=\"https:\/\/redamlo.com\/wp-content\/uploads\/2019\/07\/SARGAZO-EN-QUINTANA-ROO-2019.jpeg\" \/>\n\t<meta property=\"og:image:width\" content=\"750\" \/>\n\t<meta property=\"og:image:height\" content=\"563\" \/>\n\t<meta property=\"og:image:type\" content=\"image\/jpeg\" \/>\n<meta name=\"author\" content=\"Blanca\" \/>\n<meta name=\"twitter:card\" content=\"summary_large_image\" \/>\n<meta name=\"twitter:label1\" content=\"Escrito por\" \/>\n\t<meta name=\"twitter:data1\" content=\"Blanca\" \/>\n\t<meta name=\"twitter:label2\" content=\"Tiempo de lectura\" \/>\n\t<meta name=\"twitter:data2\" content=\"3 minutos\" \/>\n<script type=\"application\/ld+json\" class=\"yoast-schema-graph\">{\"@context\":\"https:\\\/\\\/schema.org\",\"@graph\":[{\"@type\":\"Article\",\"@id\":\"https:\\\/\\\/redamlo.com\\\/index.php\\\/2019\\\/07\\\/17\\\/la-tragedia-del-sargazo-en-quintana-roo\\\/#article\",\"isPartOf\":{\"@id\":\"https:\\\/\\\/redamlo.com\\\/index.php\\\/2019\\\/07\\\/17\\\/la-tragedia-del-sargazo-en-quintana-roo\\\/\"},\"author\":{\"name\":\"Blanca\",\"@id\":\"https:\\\/\\\/redamlo.com\\\/#\\\/schema\\\/person\\\/7223a4375eb8f1a782fcae010a7115cf\"},\"headline\":\"La tragedia del sargazo en Quintana Roo\",\"datePublished\":\"2019-07-17T17:41:38+00:00\",\"mainEntityOfPage\":{\"@id\":\"https:\\\/\\\/redamlo.com\\\/index.php\\\/2019\\\/07\\\/17\\\/la-tragedia-del-sargazo-en-quintana-roo\\\/\"},\"wordCount\":570,\"commentCount\":0,\"publisher\":{\"@id\":\"https:\\\/\\\/redamlo.com\\\/#organization\"},\"image\":{\"@id\":\"https:\\\/\\\/redamlo.com\\\/index.php\\\/2019\\\/07\\\/17\\\/la-tragedia-del-sargazo-en-quintana-roo\\\/#primaryimage\"},\"thumbnailUrl\":\"https:\\\/\\\/redamlo.com\\\/wp-content\\\/uploads\\\/2019\\\/07\\\/SARGAZO-EN-QUINTANA-ROO-2019.jpeg\",\"articleSection\":[\"Uncategorized\"],\"inLanguage\":\"es\",\"potentialAction\":[{\"@type\":\"CommentAction\",\"name\":\"Comment\",\"target\":[\"https:\\\/\\\/redamlo.com\\\/index.php\\\/2019\\\/07\\\/17\\\/la-tragedia-del-sargazo-en-quintana-roo\\\/#respond\"]}]},{\"@type\":\"WebPage\",\"@id\":\"https:\\\/\\\/redamlo.com\\\/index.php\\\/2019\\\/07\\\/17\\\/la-tragedia-del-sargazo-en-quintana-roo\\\/\",\"url\":\"https:\\\/\\\/redamlo.com\\\/index.php\\\/2019\\\/07\\\/17\\\/la-tragedia-del-sargazo-en-quintana-roo\\\/\",\"name\":\"La tragedia del sargazo en Quintana Roo - NOTICIAS DE LA 4T\",\"isPartOf\":{\"@id\":\"https:\\\/\\\/redamlo.com\\\/#website\"},\"primaryImageOfPage\":{\"@id\":\"https:\\\/\\\/redamlo.com\\\/index.php\\\/2019\\\/07\\\/17\\\/la-tragedia-del-sargazo-en-quintana-roo\\\/#primaryimage\"},\"image\":{\"@id\":\"https:\\\/\\\/redamlo.com\\\/index.php\\\/2019\\\/07\\\/17\\\/la-tragedia-del-sargazo-en-quintana-roo\\\/#primaryimage\"},\"thumbnailUrl\":\"https:\\\/\\\/redamlo.com\\\/wp-content\\\/uploads\\\/2019\\\/07\\\/SARGAZO-EN-QUINTANA-ROO-2019.jpeg\",\"datePublished\":\"2019-07-17T17:41:38+00:00\",\"breadcrumb\":{\"@id\":\"https:\\\/\\\/redamlo.com\\\/index.php\\\/2019\\\/07\\\/17\\\/la-tragedia-del-sargazo-en-quintana-roo\\\/#breadcrumb\"},\"inLanguage\":\"es\",\"potentialAction\":[{\"@type\":\"ReadAction\",\"target\":[\"https:\\\/\\\/redamlo.com\\\/index.php\\\/2019\\\/07\\\/17\\\/la-tragedia-del-sargazo-en-quintana-roo\\\/\"]}]},{\"@type\":\"ImageObject\",\"inLanguage\":\"es\",\"@id\":\"https:\\\/\\\/redamlo.com\\\/index.php\\\/2019\\\/07\\\/17\\\/la-tragedia-del-sargazo-en-quintana-roo\\\/#primaryimage\",\"url\":\"https:\\\/\\\/redamlo.com\\\/wp-content\\\/uploads\\\/2019\\\/07\\\/SARGAZO-EN-QUINTANA-ROO-2019.jpeg\",\"contentUrl\":\"https:\\\/\\\/redamlo.com\\\/wp-content\\\/uploads\\\/2019\\\/07\\\/SARGAZO-EN-QUINTANA-ROO-2019.jpeg\",\"width\":750,\"height\":563},{\"@type\":\"BreadcrumbList\",\"@id\":\"https:\\\/\\\/redamlo.com\\\/index.php\\\/2019\\\/07\\\/17\\\/la-tragedia-del-sargazo-en-quintana-roo\\\/#breadcrumb\",\"itemListElement\":[{\"@type\":\"ListItem\",\"position\":1,\"name\":\"Inicio\",\"item\":\"https:\\\/\\\/redamlo.com\\\/\"},{\"@type\":\"ListItem\",\"position\":2,\"name\":\"La tragedia del sargazo en Quintana Roo\"}]},{\"@type\":\"WebSite\",\"@id\":\"https:\\\/\\\/redamlo.com\\\/#website\",\"url\":\"https:\\\/\\\/redamlo.com\\\/\",\"name\":\"NOTICIAS DE LA 4T\",\"description\":\"\",\"publisher\":{\"@id\":\"https:\\\/\\\/redamlo.com\\\/#organization\"},\"potentialAction\":[{\"@type\":\"SearchAction\",\"target\":{\"@type\":\"EntryPoint\",\"urlTemplate\":\"https:\\\/\\\/redamlo.com\\\/?s={search_term_string}\"},\"query-input\":{\"@type\":\"PropertyValueSpecification\",\"valueRequired\":true,\"valueName\":\"search_term_string\"}}],\"inLanguage\":\"es\"},{\"@type\":\"Organization\",\"@id\":\"https:\\\/\\\/redamlo.com\\\/#organization\",\"name\":\"NOTICIAS DE LA 4T\",\"url\":\"https:\\\/\\\/redamlo.com\\\/\",\"logo\":{\"@type\":\"ImageObject\",\"inLanguage\":\"es\",\"@id\":\"https:\\\/\\\/redamlo.com\\\/#\\\/schema\\\/logo\\\/image\\\/\",\"url\":\"https:\\\/\\\/redamlo.com\\\/wp-content\\\/uploads\\\/2024\\\/08\\\/cropped-RED-AMLO-logo-50.png\",\"contentUrl\":\"https:\\\/\\\/redamlo.com\\\/wp-content\\\/uploads\\\/2024\\\/08\\\/cropped-RED-AMLO-logo-50.png\",\"width\":256,\"height\":256,\"caption\":\"NOTICIAS DE LA 4T\"},\"image\":{\"@id\":\"https:\\\/\\\/redamlo.com\\\/#\\\/schema\\\/logo\\\/image\\\/\"}},{\"@type\":\"Person\",\"@id\":\"https:\\\/\\\/redamlo.com\\\/#\\\/schema\\\/person\\\/7223a4375eb8f1a782fcae010a7115cf\",\"name\":\"Blanca\",\"image\":{\"@type\":\"ImageObject\",\"inLanguage\":\"es\",\"@id\":\"https:\\\/\\\/secure.gravatar.com\\\/avatar\\\/3f79bc8336367a4e6093eae8757acaaf61d1124834b905616de7829b0273426d?s=96&d=mm&r=g\",\"url\":\"https:\\\/\\\/secure.gravatar.com\\\/avatar\\\/3f79bc8336367a4e6093eae8757acaaf61d1124834b905616de7829b0273426d?s=96&d=mm&r=g\",\"contentUrl\":\"https:\\\/\\\/secure.gravatar.com\\\/avatar\\\/3f79bc8336367a4e6093eae8757acaaf61d1124834b905616de7829b0273426d?s=96&d=mm&r=g\",\"caption\":\"Blanca\"},\"url\":\"https:\\\/\\\/redamlo.com\\\/index.php\\\/author\\\/blanca\\\/\"}]}<\/script>\n<!-- \/ Yoast SEO plugin. -->","yoast_head_json":{"title":"La tragedia del sargazo en Quintana Roo - NOTICIAS DE LA 4T","robots":{"index":"noindex","follow":"follow","max-snippet":"max-snippet:-1","max-image-preview":"max-image-preview:large","max-video-preview":"max-video-preview:-1"},"og_locale":"es_MX","og_type":"article","og_title":"La tragedia del sargazo en Quintana Roo - NOTICIAS DE LA 4T","og_description":"NEWS CDMX.-\u00a0 Quintana Roo Los efectos de la crisis por el sargazo en Quintana Roo...","og_url":"https:\/\/redamlo.com\/index.php\/2019\/07\/17\/la-tragedia-del-sargazo-en-quintana-roo\/","og_site_name":"NOTICIAS DE LA 4T","article_published_time":"2019-07-17T17:41:38+00:00","og_image":[{"width":750,"height":563,"url":"https:\/\/redamlo.com\/wp-content\/uploads\/2019\/07\/SARGAZO-EN-QUINTANA-ROO-2019.jpeg","type":"image\/jpeg"}],"author":"Blanca","twitter_card":"summary_large_image","twitter_misc":{"Escrito por":"Blanca","Tiempo de lectura":"3 minutos"},"schema":{"@context":"https:\/\/schema.org","@graph":[{"@type":"Article","@id":"https:\/\/redamlo.com\/index.php\/2019\/07\/17\/la-tragedia-del-sargazo-en-quintana-roo\/#article","isPartOf":{"@id":"https:\/\/redamlo.com\/index.php\/2019\/07\/17\/la-tragedia-del-sargazo-en-quintana-roo\/"},"author":{"name":"Blanca","@id":"https:\/\/redamlo.com\/#\/schema\/person\/7223a4375eb8f1a782fcae010a7115cf"},"headline":"La tragedia del sargazo en Quintana Roo","datePublished":"2019-07-17T17:41:38+00:00","mainEntityOfPage":{"@id":"https:\/\/redamlo.com\/index.php\/2019\/07\/17\/la-tragedia-del-sargazo-en-quintana-roo\/"},"wordCount":570,"commentCount":0,"publisher":{"@id":"https:\/\/redamlo.com\/#organization"},"image":{"@id":"https:\/\/redamlo.com\/index.php\/2019\/07\/17\/la-tragedia-del-sargazo-en-quintana-roo\/#primaryimage"},"thumbnailUrl":"https:\/\/redamlo.com\/wp-content\/uploads\/2019\/07\/SARGAZO-EN-QUINTANA-ROO-2019.jpeg","articleSection":["Uncategorized"],"inLanguage":"es","potentialAction":[{"@type":"CommentAction","name":"Comment","target":["https:\/\/redamlo.com\/index.php\/2019\/07\/17\/la-tragedia-del-sargazo-en-quintana-roo\/#respond"]}]},{"@type":"WebPage","@id":"https:\/\/redamlo.com\/index.php\/2019\/07\/17\/la-tragedia-del-sargazo-en-quintana-roo\/","url":"https:\/\/redamlo.com\/index.php\/2019\/07\/17\/la-tragedia-del-sargazo-en-quintana-roo\/","name":"La tragedia del sargazo en Quintana Roo - NOTICIAS DE LA 4T","isPartOf":{"@id":"https:\/\/redamlo.com\/#website"},"primaryImageOfPage":{"@id":"https:\/\/redamlo.com\/index.php\/2019\/07\/17\/la-tragedia-del-sargazo-en-quintana-roo\/#primaryimage"},"image":{"@id":"https:\/\/redamlo.com\/index.php\/2019\/07\/17\/la-tragedia-del-sargazo-en-quintana-roo\/#primaryimage"},"thumbnailUrl":"https:\/\/redamlo.com\/wp-content\/uploads\/2019\/07\/SARGAZO-EN-QUINTANA-ROO-2019.jpeg","datePublished":"2019-07-17T17:41:38+00:00","breadcrumb":{"@id":"https:\/\/redamlo.com\/index.php\/2019\/07\/17\/la-tragedia-del-sargazo-en-quintana-roo\/#breadcrumb"},"inLanguage":"es","potentialAction":[{"@type":"ReadAction","target":["https:\/\/redamlo.com\/index.php\/2019\/07\/17\/la-tragedia-del-sargazo-en-quintana-roo\/"]}]},{"@type":"ImageObject","inLanguage":"es","@id":"https:\/\/redamlo.com\/index.php\/2019\/07\/17\/la-tragedia-del-sargazo-en-quintana-roo\/#primaryimage","url":"https:\/\/redamlo.com\/wp-content\/uploads\/2019\/07\/SARGAZO-EN-QUINTANA-ROO-2019.jpeg","contentUrl":"https:\/\/redamlo.com\/wp-content\/uploads\/2019\/07\/SARGAZO-EN-QUINTANA-ROO-2019.jpeg","width":750,"height":563},{"@type":"BreadcrumbList","@id":"https:\/\/redamlo.com\/index.php\/2019\/07\/17\/la-tragedia-del-sargazo-en-quintana-roo\/#breadcrumb","itemListElement":[{"@type":"ListItem","position":1,"name":"Inicio","item":"https:\/\/redamlo.com\/"},{"@type":"ListItem","position":2,"name":"La tragedia del sargazo en Quintana Roo"}]},{"@type":"WebSite","@id":"https:\/\/redamlo.com\/#website","url":"https:\/\/redamlo.com\/","name":"NOTICIAS DE LA 4T","description":"","publisher":{"@id":"https:\/\/redamlo.com\/#organization"},"potentialAction":[{"@type":"SearchAction","target":{"@type":"EntryPoint","urlTemplate":"https:\/\/redamlo.com\/?s={search_term_string}"},"query-input":{"@type":"PropertyValueSpecification","valueRequired":true,"valueName":"search_term_string"}}],"inLanguage":"es"},{"@type":"Organization","@id":"https:\/\/redamlo.com\/#organization","name":"NOTICIAS DE LA 4T","url":"https:\/\/redamlo.com\/","logo":{"@type":"ImageObject","inLanguage":"es","@id":"https:\/\/redamlo.com\/#\/schema\/logo\/image\/","url":"https:\/\/redamlo.com\/wp-content\/uploads\/2024\/08\/cropped-RED-AMLO-logo-50.png","contentUrl":"https:\/\/redamlo.com\/wp-content\/uploads\/2024\/08\/cropped-RED-AMLO-logo-50.png","width":256,"height":256,"caption":"NOTICIAS DE LA 4T"},"image":{"@id":"https:\/\/redamlo.com\/#\/schema\/logo\/image\/"}},{"@type":"Person","@id":"https:\/\/redamlo.com\/#\/schema\/person\/7223a4375eb8f1a782fcae010a7115cf","name":"Blanca","image":{"@type":"ImageObject","inLanguage":"es","@id":"https:\/\/secure.gravatar.com\/avatar\/3f79bc8336367a4e6093eae8757acaaf61d1124834b905616de7829b0273426d?s=96&d=mm&r=g","url":"https:\/\/secure.gravatar.com\/avatar\/3f79bc8336367a4e6093eae8757acaaf61d1124834b905616de7829b0273426d?s=96&d=mm&r=g","contentUrl":"https:\/\/secure.gravatar.com\/avatar\/3f79bc8336367a4e6093eae8757acaaf61d1124834b905616de7829b0273426d?s=96&d=mm&r=g","caption":"Blanca"},"url":"https:\/\/redamlo.com\/index.php\/author\/blanca\/"}]}},"_links":{"self":[{"href":"https:\/\/redamlo.com\/index.php\/wp-json\/wp\/v2\/posts\/49","targetHints":{"allow":["GET"]}}],"collection":[{"href":"https:\/\/redamlo.com\/index.php\/wp-json\/wp\/v2\/posts"}],"about":[{"href":"https:\/\/redamlo.com\/index.php\/wp-json\/wp\/v2\/types\/post"}],"author":[{"embeddable":true,"href":"https:\/\/redamlo.com\/index.php\/wp-json\/wp\/v2\/users\/2"}],"replies":[{"embeddable":true,"href":"https:\/\/redamlo.com\/index.php\/wp-json\/wp\/v2\/comments?post=49"}],"version-history":[{"count":0,"href":"https:\/\/redamlo.com\/index.php\/wp-json\/wp\/v2\/posts\/49\/revisions"}],"wp:featuredmedia":[{"embeddable":true,"href":"https:\/\/redamlo.com\/index.php\/wp-json\/wp\/v2\/media\/51"}],"wp:attachment":[{"href":"https:\/\/redamlo.com\/index.php\/wp-json\/wp\/v2\/media?parent=49"}],"wp:term":[{"taxonomy":"category","embeddable":true,"href":"https:\/\/redamlo.com\/index.php\/wp-json\/wp\/v2\/categories?post=49"},{"taxonomy":"post_tag","embeddable":true,"href":"https:\/\/redamlo.com\/index.php\/wp-json\/wp\/v2\/tags?post=49"}],"curies":[{"name":"wp","href":"https:\/\/api.w.org\/{rel}","templated":true}]}}