{"id":4898,"date":"2021-07-12T18:27:01","date_gmt":"2021-07-12T18:27:01","guid":{"rendered":"https:\/\/redamlo.com\/?p=4898"},"modified":"2021-07-12T18:27:01","modified_gmt":"2021-07-12T18:27:01","slug":"amlo-critico-la-difusion-internacional-de-las-protestas-en-cuba-contra-la-dictadura-y-pidio-a-otros-gobiernos-no-intervenir","status":"publish","type":"post","link":"https:\/\/redamlo.com\/index.php\/2021\/07\/12\/amlo-critico-la-difusion-internacional-de-las-protestas-en-cuba-contra-la-dictadura-y-pidio-a-otros-gobiernos-no-intervenir\/","title":{"rendered":"AMLO critic\u00f3 la difusi\u00f3n internacional de las protestas en Cuba contra la dictadura y pidi\u00f3 a otros gobiernos no intervenir"},"content":{"rendered":"<p>El presidente de M\u00e9xico ofreci\u00f3 ayuda humanitaria a Cuba y pidi\u00f3 la resoluci\u00f3n pac\u00edfica de la crisis. Asegur\u00f3 que la cobertura medi\u00e1tica ha sido inusual y es promovida por los que no est\u00e1n de acuerdo con el r\u00e9gimen.<\/p>\n<p class=\"paragraph\">El presidente de M\u00e9xico,<b>\u00a0Andr\u00e9s Manuel L\u00f3pez Obrador<\/b>, se pronunci\u00f3 este lunes en su tradicional conferencia de prensa desde Palacio Nacional en la Ciudad de M\u00e9xico, sobre las\u00a0protestas del fin de semana en Cuba\u00a0<b>contra la dictadura<\/b><b>, en medio de una severa crisis sanitaria.<\/b><\/p>\n<p class=\"paragraph\">El mandatario mexicano evit\u00f3 pronunciarse sobre el\u00a0llamado de\u00a0<b>Miguel D\u00edaz-Canel<\/b>\u00a0para que los partidarios del r\u00e9gimen salieran a las calles, adem\u00e1s de las m\u00faltiples denuncias de represi\u00f3n. \u201cEs un asunto interno\u201d, dijo.<\/p>\n<p class=\"paragraph\">AMLO, como se le conoce en M\u00e9xico al presidente, pidi\u00f3 evitar el intervencionismo y critic\u00f3 la \u201cinusual\u201d cobertura internacional de las protestas contra la dictadura.<\/p>\n<p class=\"paragraph\"><b>\u201cQuiero expresar mi solidaridad con el pueblo cubano. Creo que debe buscarse una salida mediante el di\u00e1logo sin el uso de la fuerza, sin la confrontaci\u00f3n, sin la violencia. Y tienen que ser los cubanos los que decidan, porque Cuba es un pa\u00eds libre, independiente y soberano\u201d,<\/b>\u00a0expres\u00f3.<\/p>\n<p class=\"paragraph\"><b>\u201cNo debe haber intervencionismo. No debe utilizarse la situaci\u00f3n de salud del pueblo de Cuba con fines pol\u00edticos. Eso debe quedar de lado. Nada de politizaci\u00f3n, de campa\u00f1as medi\u00e1ticas, que ya se est\u00e1n dando a nivel mundial\u201d<\/b>, agreg\u00f3.<\/p>\n<p class=\"paragraph\">El presidente mexicano acus\u00f3 a la organizaci\u00f3n Art\u00edculo 19 de difundir una imagen falsa en Twitter de las protestas que el domingo generaron gestos de solidaridad internacional y del exilio cubano en Estados Unidos.<\/p>\n<p class=\"paragraph\"><b>\u201cLlama la atenci\u00f3n que ha habido un despliegue informativo inusual, desde luego promovido por quienes no est\u00e1n de acuerdo con las pol\u00edticas del gobierno de Cuba, es obvio\u201d,<\/b>\u00a0sentenci\u00f3.<\/p>\n<p class=\"paragraph\">El presidente ofreci\u00f3 ayuda humanitaria para la isla ante la escases de medicamentos y la escalada de contagios de COVID-19.<\/p>\n<p class=\"paragraph\"><b>\u201cM\u00e9xico siempre ha sido solidario con Cuba y con todos los pueblos del mundo, si el gobierno de Cuba lo considera necesario y su pueblo as\u00ed lo demanda , el gobierno de M\u00e9xico podr\u00eda ayudar con medicamentos, con vacunas, con lo que se requiera , y con comida, porque la salud y la alimentaci\u00f3n son derechos humanos fundamentales; sin el manejo pol\u00edtico intervencionista que se le esta queriendo dar a este asunto\u201d,<\/b> agreg\u00f3.<\/p>\n<p class=\"paragraph\">L\u00f3pez Obrador incluso sugiri\u00f3 el fin del bloqueo en contra de la dictadura cubana.<\/p>\n<p class=\"paragraph\"><b>\u201cLa verdad es que si se quisiera ayudar a Cuba, lo primero que se deber\u00eda de hacer es suspender el bloqueo a Cuba como lo est\u00e1n solicitando la mayor\u00eda de los pa\u00edses del mundo, eso seria un gesto verdaderamente humanitario , ning\u00fan pa\u00eds del mundo debe ser cercado , bloqueado , eso es lo m\u00e1s contrario que puede haber a los derechos humanos\u201d<\/b>, expres\u00f3 el mandatario mexicano.<\/p>\n<p class=\"paragraph\">\u201cNo se puede crear un cerco aislar a todo un pueblo por razones pol\u00edticas y por cualquier raz\u00f3n, nadie puede, nadie tiene derecho a tomar esas decisiones que afectan a los pueblos, vamos a esperar como se siguen presentando las cosas,\u00a0<b>le voy a pedir al secretario de Relaciones Exteriores, Marcelo Ebrard, que est\u00e9 pendiente<\/b>, que si es necesario que si lo solicita el gobierno de Cuba, que se busque una relaci\u00f3n, que se establezca una comunicaci\u00f3n, un puente para ayudar al pueblo de Cuba y respetuosamente exhortar a todos a que no se opte por el uso de la fuerza, por la violencia, que resuelvan lo cubanos estos asuntos por la v\u00eda pacifica\u201d, dijo el primer presidente de izquierda en la historia de M\u00e9xico.<\/p>\n","protected":false},"excerpt":{"rendered":"<p>El presidente de M\u00e9xico ofreci\u00f3 ayuda humanitaria a Cuba y pidi\u00f3 la resoluci\u00f3n pac\u00edfica de&#8230;<\/p>\n","protected":false},"author":2,"featured_media":4900,"comment_status":"open","ping_status":"closed","sticky":false,"template":"","format":"standard","meta":{"footnotes":""},"categories":[13,5],"tags":[1138,1139],"class_list":["post-4898","post","type-post","status-publish","format-standard","has-post-thumbnail","hentry","category-internacionales","category-politica","tag-amlo-critica-las-protestas-en-cuba","tag-amlo-mandara-ayuda-a-cuba"],"yoast_head":"<!-- This site is optimized with the Yoast SEO plugin v27.5 - https:\/\/yoast.com\/product\/yoast-seo-wordpress\/ -->\n<title>AMLO critic\u00f3 la difusi\u00f3n internacional de las protestas en Cuba contra la dictadura y pidi\u00f3 a otros gobiernos no intervenir - NOTICIAS DE LA 4T<\/title>\n<meta name=\"robots\" content=\"noindex, follow, max-snippet:-1, max-image-preview:large, max-video-preview:-1\" \/>\n<meta property=\"og:locale\" content=\"es_MX\" \/>\n<meta property=\"og:type\" content=\"article\" \/>\n<meta property=\"og:title\" content=\"AMLO critic\u00f3 la difusi\u00f3n internacional de las protestas en Cuba contra la dictadura y pidi\u00f3 a otros gobiernos no intervenir - NOTICIAS DE LA 4T\" \/>\n<meta property=\"og:description\" content=\"El presidente de M\u00e9xico ofreci\u00f3 ayuda humanitaria a Cuba y pidi\u00f3 la resoluci\u00f3n pac\u00edfica de...\" \/>\n<meta property=\"og:url\" content=\"https:\/\/redamlo.com\/index.php\/2021\/07\/12\/amlo-critico-la-difusion-internacional-de-las-protestas-en-cuba-contra-la-dictadura-y-pidio-a-otros-gobiernos-no-intervenir\/\" \/>\n<meta property=\"og:site_name\" content=\"NOTICIAS DE LA 4T\" \/>\n<meta property=\"article:published_time\" content=\"2021-07-12T18:27:01+00:00\" \/>\n<meta property=\"og:image\" content=\"https:\/\/redamlo.com\/wp-content\/uploads\/2021\/07\/amlo-12-julio.jpg\" \/>\n\t<meta property=\"og:image:width\" content=\"1500\" \/>\n\t<meta property=\"og:image:height\" content=\"1000\" \/>\n\t<meta property=\"og:image:type\" content=\"image\/jpeg\" \/>\n<meta name=\"author\" content=\"Blanca\" \/>\n<meta name=\"twitter:card\" content=\"summary_large_image\" \/>\n<meta name=\"twitter:label1\" content=\"Escrito por\" \/>\n\t<meta name=\"twitter:data1\" content=\"Blanca\" \/>\n\t<meta name=\"twitter:label2\" content=\"Tiempo de lectura\" \/>\n\t<meta name=\"twitter:data2\" content=\"3 minutos\" \/>\n<script type=\"application\/ld+json\" class=\"yoast-schema-graph\">{\"@context\":\"https:\\\/\\\/schema.org\",\"@graph\":[{\"@type\":\"Article\",\"@id\":\"https:\\\/\\\/redamlo.com\\\/index.php\\\/2021\\\/07\\\/12\\\/amlo-critico-la-difusion-internacional-de-las-protestas-en-cuba-contra-la-dictadura-y-pidio-a-otros-gobiernos-no-intervenir\\\/#article\",\"isPartOf\":{\"@id\":\"https:\\\/\\\/redamlo.com\\\/index.php\\\/2021\\\/07\\\/12\\\/amlo-critico-la-difusion-internacional-de-las-protestas-en-cuba-contra-la-dictadura-y-pidio-a-otros-gobiernos-no-intervenir\\\/\"},\"author\":{\"name\":\"Blanca\",\"@id\":\"https:\\\/\\\/redamlo.com\\\/#\\\/schema\\\/person\\\/7223a4375eb8f1a782fcae010a7115cf\"},\"headline\":\"AMLO critic\u00f3 la difusi\u00f3n internacional de las protestas en Cuba contra la dictadura y pidi\u00f3 a otros gobiernos no intervenir\",\"datePublished\":\"2021-07-12T18:27:01+00:00\",\"mainEntityOfPage\":{\"@id\":\"https:\\\/\\\/redamlo.com\\\/index.php\\\/2021\\\/07\\\/12\\\/amlo-critico-la-difusion-internacional-de-las-protestas-en-cuba-contra-la-dictadura-y-pidio-a-otros-gobiernos-no-intervenir\\\/\"},\"wordCount\":653,\"commentCount\":0,\"publisher\":{\"@id\":\"https:\\\/\\\/redamlo.com\\\/#organization\"},\"image\":{\"@id\":\"https:\\\/\\\/redamlo.com\\\/index.php\\\/2021\\\/07\\\/12\\\/amlo-critico-la-difusion-internacional-de-las-protestas-en-cuba-contra-la-dictadura-y-pidio-a-otros-gobiernos-no-intervenir\\\/#primaryimage\"},\"thumbnailUrl\":\"https:\\\/\\\/redamlo.com\\\/wp-content\\\/uploads\\\/2021\\\/07\\\/amlo-12-julio.jpg\",\"keywords\":[\"amlo critica las protestas en cuba\",\"amlo mandara ayuda a cuba\"],\"articleSection\":[\"Internacionales\",\"Pol\u00edtica\"],\"inLanguage\":\"es\",\"potentialAction\":[{\"@type\":\"CommentAction\",\"name\":\"Comment\",\"target\":[\"https:\\\/\\\/redamlo.com\\\/index.php\\\/2021\\\/07\\\/12\\\/amlo-critico-la-difusion-internacional-de-las-protestas-en-cuba-contra-la-dictadura-y-pidio-a-otros-gobiernos-no-intervenir\\\/#respond\"]}]},{\"@type\":\"WebPage\",\"@id\":\"https:\\\/\\\/redamlo.com\\\/index.php\\\/2021\\\/07\\\/12\\\/amlo-critico-la-difusion-internacional-de-las-protestas-en-cuba-contra-la-dictadura-y-pidio-a-otros-gobiernos-no-intervenir\\\/\",\"url\":\"https:\\\/\\\/redamlo.com\\\/index.php\\\/2021\\\/07\\\/12\\\/amlo-critico-la-difusion-internacional-de-las-protestas-en-cuba-contra-la-dictadura-y-pidio-a-otros-gobiernos-no-intervenir\\\/\",\"name\":\"AMLO critic\u00f3 la difusi\u00f3n internacional de las protestas en Cuba contra la dictadura y pidi\u00f3 a otros gobiernos no intervenir - NOTICIAS DE LA 4T\",\"isPartOf\":{\"@id\":\"https:\\\/\\\/redamlo.com\\\/#website\"},\"primaryImageOfPage\":{\"@id\":\"https:\\\/\\\/redamlo.com\\\/index.php\\\/2021\\\/07\\\/12\\\/amlo-critico-la-difusion-internacional-de-las-protestas-en-cuba-contra-la-dictadura-y-pidio-a-otros-gobiernos-no-intervenir\\\/#primaryimage\"},\"image\":{\"@id\":\"https:\\\/\\\/redamlo.com\\\/index.php\\\/2021\\\/07\\\/12\\\/amlo-critico-la-difusion-internacional-de-las-protestas-en-cuba-contra-la-dictadura-y-pidio-a-otros-gobiernos-no-intervenir\\\/#primaryimage\"},\"thumbnailUrl\":\"https:\\\/\\\/redamlo.com\\\/wp-content\\\/uploads\\\/2021\\\/07\\\/amlo-12-julio.jpg\",\"datePublished\":\"2021-07-12T18:27:01+00:00\",\"breadcrumb\":{\"@id\":\"https:\\\/\\\/redamlo.com\\\/index.php\\\/2021\\\/07\\\/12\\\/amlo-critico-la-difusion-internacional-de-las-protestas-en-cuba-contra-la-dictadura-y-pidio-a-otros-gobiernos-no-intervenir\\\/#breadcrumb\"},\"inLanguage\":\"es\",\"potentialAction\":[{\"@type\":\"ReadAction\",\"target\":[\"https:\\\/\\\/redamlo.com\\\/index.php\\\/2021\\\/07\\\/12\\\/amlo-critico-la-difusion-internacional-de-las-protestas-en-cuba-contra-la-dictadura-y-pidio-a-otros-gobiernos-no-intervenir\\\/\"]}]},{\"@type\":\"ImageObject\",\"inLanguage\":\"es\",\"@id\":\"https:\\\/\\\/redamlo.com\\\/index.php\\\/2021\\\/07\\\/12\\\/amlo-critico-la-difusion-internacional-de-las-protestas-en-cuba-contra-la-dictadura-y-pidio-a-otros-gobiernos-no-intervenir\\\/#primaryimage\",\"url\":\"https:\\\/\\\/redamlo.com\\\/wp-content\\\/uploads\\\/2021\\\/07\\\/amlo-12-julio.jpg\",\"contentUrl\":\"https:\\\/\\\/redamlo.com\\\/wp-content\\\/uploads\\\/2021\\\/07\\\/amlo-12-julio.jpg\",\"width\":1500,\"height\":1000},{\"@type\":\"BreadcrumbList\",\"@id\":\"https:\\\/\\\/redamlo.com\\\/index.php\\\/2021\\\/07\\\/12\\\/amlo-critico-la-difusion-internacional-de-las-protestas-en-cuba-contra-la-dictadura-y-pidio-a-otros-gobiernos-no-intervenir\\\/#breadcrumb\",\"itemListElement\":[{\"@type\":\"ListItem\",\"position\":1,\"name\":\"Inicio\",\"item\":\"https:\\\/\\\/redamlo.com\\\/\"},{\"@type\":\"ListItem\",\"position\":2,\"name\":\"AMLO critic\u00f3 la difusi\u00f3n internacional de las protestas en Cuba contra la dictadura y pidi\u00f3 a otros gobiernos no intervenir\"}]},{\"@type\":\"WebSite\",\"@id\":\"https:\\\/\\\/redamlo.com\\\/#website\",\"url\":\"https:\\\/\\\/redamlo.com\\\/\",\"name\":\"NOTICIAS DE LA 4T\",\"description\":\"\",\"publisher\":{\"@id\":\"https:\\\/\\\/redamlo.com\\\/#organization\"},\"potentialAction\":[{\"@type\":\"SearchAction\",\"target\":{\"@type\":\"EntryPoint\",\"urlTemplate\":\"https:\\\/\\\/redamlo.com\\\/?s={search_term_string}\"},\"query-input\":{\"@type\":\"PropertyValueSpecification\",\"valueRequired\":true,\"valueName\":\"search_term_string\"}}],\"inLanguage\":\"es\"},{\"@type\":\"Organization\",\"@id\":\"https:\\\/\\\/redamlo.com\\\/#organization\",\"name\":\"NOTICIAS DE LA 4T\",\"url\":\"https:\\\/\\\/redamlo.com\\\/\",\"logo\":{\"@type\":\"ImageObject\",\"inLanguage\":\"es\",\"@id\":\"https:\\\/\\\/redamlo.com\\\/#\\\/schema\\\/logo\\\/image\\\/\",\"url\":\"https:\\\/\\\/redamlo.com\\\/wp-content\\\/uploads\\\/2024\\\/08\\\/cropped-RED-AMLO-logo-50.png\",\"contentUrl\":\"https:\\\/\\\/redamlo.com\\\/wp-content\\\/uploads\\\/2024\\\/08\\\/cropped-RED-AMLO-logo-50.png\",\"width\":256,\"height\":256,\"caption\":\"NOTICIAS DE LA 4T\"},\"image\":{\"@id\":\"https:\\\/\\\/redamlo.com\\\/#\\\/schema\\\/logo\\\/image\\\/\"}},{\"@type\":\"Person\",\"@id\":\"https:\\\/\\\/redamlo.com\\\/#\\\/schema\\\/person\\\/7223a4375eb8f1a782fcae010a7115cf\",\"name\":\"Blanca\",\"image\":{\"@type\":\"ImageObject\",\"inLanguage\":\"es\",\"@id\":\"https:\\\/\\\/secure.gravatar.com\\\/avatar\\\/3f79bc8336367a4e6093eae8757acaaf61d1124834b905616de7829b0273426d?s=96&d=mm&r=g\",\"url\":\"https:\\\/\\\/secure.gravatar.com\\\/avatar\\\/3f79bc8336367a4e6093eae8757acaaf61d1124834b905616de7829b0273426d?s=96&d=mm&r=g\",\"contentUrl\":\"https:\\\/\\\/secure.gravatar.com\\\/avatar\\\/3f79bc8336367a4e6093eae8757acaaf61d1124834b905616de7829b0273426d?s=96&d=mm&r=g\",\"caption\":\"Blanca\"},\"url\":\"https:\\\/\\\/redamlo.com\\\/index.php\\\/author\\\/blanca\\\/\"}]}<\/script>\n<!-- \/ Yoast SEO plugin. -->","yoast_head_json":{"title":"AMLO critic\u00f3 la difusi\u00f3n internacional de las protestas en Cuba contra la dictadura y pidi\u00f3 a otros gobiernos no intervenir - NOTICIAS DE LA 4T","robots":{"index":"noindex","follow":"follow","max-snippet":"max-snippet:-1","max-image-preview":"max-image-preview:large","max-video-preview":"max-video-preview:-1"},"og_locale":"es_MX","og_type":"article","og_title":"AMLO critic\u00f3 la difusi\u00f3n internacional de las protestas en Cuba contra la dictadura y pidi\u00f3 a otros gobiernos no intervenir - NOTICIAS DE LA 4T","og_description":"El presidente de M\u00e9xico ofreci\u00f3 ayuda humanitaria a Cuba y pidi\u00f3 la resoluci\u00f3n pac\u00edfica de...","og_url":"https:\/\/redamlo.com\/index.php\/2021\/07\/12\/amlo-critico-la-difusion-internacional-de-las-protestas-en-cuba-contra-la-dictadura-y-pidio-a-otros-gobiernos-no-intervenir\/","og_site_name":"NOTICIAS DE LA 4T","article_published_time":"2021-07-12T18:27:01+00:00","og_image":[{"width":1500,"height":1000,"url":"https:\/\/redamlo.com\/wp-content\/uploads\/2021\/07\/amlo-12-julio.jpg","type":"image\/jpeg"}],"author":"Blanca","twitter_card":"summary_large_image","twitter_misc":{"Escrito por":"Blanca","Tiempo de lectura":"3 minutos"},"schema":{"@context":"https:\/\/schema.org","@graph":[{"@type":"Article","@id":"https:\/\/redamlo.com\/index.php\/2021\/07\/12\/amlo-critico-la-difusion-internacional-de-las-protestas-en-cuba-contra-la-dictadura-y-pidio-a-otros-gobiernos-no-intervenir\/#article","isPartOf":{"@id":"https:\/\/redamlo.com\/index.php\/2021\/07\/12\/amlo-critico-la-difusion-internacional-de-las-protestas-en-cuba-contra-la-dictadura-y-pidio-a-otros-gobiernos-no-intervenir\/"},"author":{"name":"Blanca","@id":"https:\/\/redamlo.com\/#\/schema\/person\/7223a4375eb8f1a782fcae010a7115cf"},"headline":"AMLO critic\u00f3 la difusi\u00f3n internacional de las protestas en Cuba contra la dictadura y pidi\u00f3 a otros gobiernos no intervenir","datePublished":"2021-07-12T18:27:01+00:00","mainEntityOfPage":{"@id":"https:\/\/redamlo.com\/index.php\/2021\/07\/12\/amlo-critico-la-difusion-internacional-de-las-protestas-en-cuba-contra-la-dictadura-y-pidio-a-otros-gobiernos-no-intervenir\/"},"wordCount":653,"commentCount":0,"publisher":{"@id":"https:\/\/redamlo.com\/#organization"},"image":{"@id":"https:\/\/redamlo.com\/index.php\/2021\/07\/12\/amlo-critico-la-difusion-internacional-de-las-protestas-en-cuba-contra-la-dictadura-y-pidio-a-otros-gobiernos-no-intervenir\/#primaryimage"},"thumbnailUrl":"https:\/\/redamlo.com\/wp-content\/uploads\/2021\/07\/amlo-12-julio.jpg","keywords":["amlo critica las protestas en cuba","amlo mandara ayuda a cuba"],"articleSection":["Internacionales","Pol\u00edtica"],"inLanguage":"es","potentialAction":[{"@type":"CommentAction","name":"Comment","target":["https:\/\/redamlo.com\/index.php\/2021\/07\/12\/amlo-critico-la-difusion-internacional-de-las-protestas-en-cuba-contra-la-dictadura-y-pidio-a-otros-gobiernos-no-intervenir\/#respond"]}]},{"@type":"WebPage","@id":"https:\/\/redamlo.com\/index.php\/2021\/07\/12\/amlo-critico-la-difusion-internacional-de-las-protestas-en-cuba-contra-la-dictadura-y-pidio-a-otros-gobiernos-no-intervenir\/","url":"https:\/\/redamlo.com\/index.php\/2021\/07\/12\/amlo-critico-la-difusion-internacional-de-las-protestas-en-cuba-contra-la-dictadura-y-pidio-a-otros-gobiernos-no-intervenir\/","name":"AMLO critic\u00f3 la difusi\u00f3n internacional de las protestas en Cuba contra la dictadura y pidi\u00f3 a otros gobiernos no intervenir - NOTICIAS DE LA 4T","isPartOf":{"@id":"https:\/\/redamlo.com\/#website"},"primaryImageOfPage":{"@id":"https:\/\/redamlo.com\/index.php\/2021\/07\/12\/amlo-critico-la-difusion-internacional-de-las-protestas-en-cuba-contra-la-dictadura-y-pidio-a-otros-gobiernos-no-intervenir\/#primaryimage"},"image":{"@id":"https:\/\/redamlo.com\/index.php\/2021\/07\/12\/amlo-critico-la-difusion-internacional-de-las-protestas-en-cuba-contra-la-dictadura-y-pidio-a-otros-gobiernos-no-intervenir\/#primaryimage"},"thumbnailUrl":"https:\/\/redamlo.com\/wp-content\/uploads\/2021\/07\/amlo-12-julio.jpg","datePublished":"2021-07-12T18:27:01+00:00","breadcrumb":{"@id":"https:\/\/redamlo.com\/index.php\/2021\/07\/12\/amlo-critico-la-difusion-internacional-de-las-protestas-en-cuba-contra-la-dictadura-y-pidio-a-otros-gobiernos-no-intervenir\/#breadcrumb"},"inLanguage":"es","potentialAction":[{"@type":"ReadAction","target":["https:\/\/redamlo.com\/index.php\/2021\/07\/12\/amlo-critico-la-difusion-internacional-de-las-protestas-en-cuba-contra-la-dictadura-y-pidio-a-otros-gobiernos-no-intervenir\/"]}]},{"@type":"ImageObject","inLanguage":"es","@id":"https:\/\/redamlo.com\/index.php\/2021\/07\/12\/amlo-critico-la-difusion-internacional-de-las-protestas-en-cuba-contra-la-dictadura-y-pidio-a-otros-gobiernos-no-intervenir\/#primaryimage","url":"https:\/\/redamlo.com\/wp-content\/uploads\/2021\/07\/amlo-12-julio.jpg","contentUrl":"https:\/\/redamlo.com\/wp-content\/uploads\/2021\/07\/amlo-12-julio.jpg","width":1500,"height":1000},{"@type":"BreadcrumbList","@id":"https:\/\/redamlo.com\/index.php\/2021\/07\/12\/amlo-critico-la-difusion-internacional-de-las-protestas-en-cuba-contra-la-dictadura-y-pidio-a-otros-gobiernos-no-intervenir\/#breadcrumb","itemListElement":[{"@type":"ListItem","position":1,"name":"Inicio","item":"https:\/\/redamlo.com\/"},{"@type":"ListItem","position":2,"name":"AMLO critic\u00f3 la difusi\u00f3n internacional de las protestas en Cuba contra la dictadura y pidi\u00f3 a otros gobiernos no intervenir"}]},{"@type":"WebSite","@id":"https:\/\/redamlo.com\/#website","url":"https:\/\/redamlo.com\/","name":"NOTICIAS DE LA 4T","description":"","publisher":{"@id":"https:\/\/redamlo.com\/#organization"},"potentialAction":[{"@type":"SearchAction","target":{"@type":"EntryPoint","urlTemplate":"https:\/\/redamlo.com\/?s={search_term_string}"},"query-input":{"@type":"PropertyValueSpecification","valueRequired":true,"valueName":"search_term_string"}}],"inLanguage":"es"},{"@type":"Organization","@id":"https:\/\/redamlo.com\/#organization","name":"NOTICIAS DE LA 4T","url":"https:\/\/redamlo.com\/","logo":{"@type":"ImageObject","inLanguage":"es","@id":"https:\/\/redamlo.com\/#\/schema\/logo\/image\/","url":"https:\/\/redamlo.com\/wp-content\/uploads\/2024\/08\/cropped-RED-AMLO-logo-50.png","contentUrl":"https:\/\/redamlo.com\/wp-content\/uploads\/2024\/08\/cropped-RED-AMLO-logo-50.png","width":256,"height":256,"caption":"NOTICIAS DE LA 4T"},"image":{"@id":"https:\/\/redamlo.com\/#\/schema\/logo\/image\/"}},{"@type":"Person","@id":"https:\/\/redamlo.com\/#\/schema\/person\/7223a4375eb8f1a782fcae010a7115cf","name":"Blanca","image":{"@type":"ImageObject","inLanguage":"es","@id":"https:\/\/secure.gravatar.com\/avatar\/3f79bc8336367a4e6093eae8757acaaf61d1124834b905616de7829b0273426d?s=96&d=mm&r=g","url":"https:\/\/secure.gravatar.com\/avatar\/3f79bc8336367a4e6093eae8757acaaf61d1124834b905616de7829b0273426d?s=96&d=mm&r=g","contentUrl":"https:\/\/secure.gravatar.com\/avatar\/3f79bc8336367a4e6093eae8757acaaf61d1124834b905616de7829b0273426d?s=96&d=mm&r=g","caption":"Blanca"},"url":"https:\/\/redamlo.com\/index.php\/author\/blanca\/"}]}},"_links":{"self":[{"href":"https:\/\/redamlo.com\/index.php\/wp-json\/wp\/v2\/posts\/4898","targetHints":{"allow":["GET"]}}],"collection":[{"href":"https:\/\/redamlo.com\/index.php\/wp-json\/wp\/v2\/posts"}],"about":[{"href":"https:\/\/redamlo.com\/index.php\/wp-json\/wp\/v2\/types\/post"}],"author":[{"embeddable":true,"href":"https:\/\/redamlo.com\/index.php\/wp-json\/wp\/v2\/users\/2"}],"replies":[{"embeddable":true,"href":"https:\/\/redamlo.com\/index.php\/wp-json\/wp\/v2\/comments?post=4898"}],"version-history":[{"count":0,"href":"https:\/\/redamlo.com\/index.php\/wp-json\/wp\/v2\/posts\/4898\/revisions"}],"wp:featuredmedia":[{"embeddable":true,"href":"https:\/\/redamlo.com\/index.php\/wp-json\/wp\/v2\/media\/4900"}],"wp:attachment":[{"href":"https:\/\/redamlo.com\/index.php\/wp-json\/wp\/v2\/media?parent=4898"}],"wp:term":[{"taxonomy":"category","embeddable":true,"href":"https:\/\/redamlo.com\/index.php\/wp-json\/wp\/v2\/categories?post=4898"},{"taxonomy":"post_tag","embeddable":true,"href":"https:\/\/redamlo.com\/index.php\/wp-json\/wp\/v2\/tags?post=4898"}],"curies":[{"name":"wp","href":"https:\/\/api.w.org\/{rel}","templated":true}]}}